{"id":5175,"date":"2021-02-15T05:44:30","date_gmt":"2021-02-15T04:44:30","guid":{"rendered":"https:\/\/radioleinewelle.de\/?p=5175"},"modified":"2021-02-15T05:44:30","modified_gmt":"2021-02-15T04:44:30","slug":"ein-ueberlastetes-hilfesystem-in-der-pandemie-wirkt-sich-der-mangel-an-frauenhaeusern-fatal-aus","status":"publish","type":"post","link":"https:\/\/radioleinewelle.de\/index.php\/2021\/02\/15\/ein-ueberlastetes-hilfesystem-in-der-pandemie-wirkt-sich-der-mangel-an-frauenhaeusern-fatal-aus\/","title":{"rendered":"Ein \u00fcberlastetes Hilfesystem: In der Pandemie wirkt sich der Mangel an Frauenh\u00e4usern fatal aus"},"content":{"rendered":"\n<p><em>Dutzende Frauenh\u00e4user waren seit Beginn der Corona-Pandemie \u00fcberf\u00fcllt, teilweise mussten sie hunderte Frauen und Kinder abweisen. Das zeigt eine Recherche von&nbsp;CORRECTIV.Lokal zusammen mit Radio Leinewelle und&nbsp;<\/em>Miriam Lenz, Andr\u00e9 Ricci, Jonathan Sachse.&nbsp;<\/p>\n\n\n\n<p><strong>Frauenh\u00e4user unter Druck durch die Corona-Pandemie<\/strong><br \/>Zehntausende Frauen suchten im vergangenen Jahr einen sicheren Platz in einem Frauenhaus. Sie flohen aus den unterschiedlichsten Formen von Gewalt in ihren Beziehungen. Vor pr\u00fcgelnden Partnern, psychischer Gewalt, teils massiver H\u00e4uslicher Gewalt oder Vergewaltigungen. In der Corona-Pandemie sind Frauenh\u00e4user noch wichtiger als in normalen Zeiten. Nicht nur weil es, wie es erste Studien nahelegen, w\u00e4hrend der Lockdown-Phasen h\u00e4ufiger zu H\u00e4uslicher Gewalt kommt. Auch deshalb, weil es f\u00fcr gewaltbetroffene Frauen und ihre Kinder in diesen Zeiten noch schwerer als sonst ist, andernorts, etwa in einer Pension oder bei Vertrauenspersonen, eine sichere Bleibe zu finden.&nbsp;<\/p>\n\n\n\n<p>Es gibt bundesweit rund 370 Frauenh\u00e4user. Doch dutzende dieser Einrichtungen waren 2020 \u00fcber Wochen und Monate voll belegt und konnten keine Frauen in Not mehr aufnehmen. Das ist das Ergebnis einer Auswertung von Belegungsdaten durch CORRECTIV.Lokal in Kooperation mit Radio Leinewelle.&nbsp;Mehr unter: <a href=\"http:\/\/correctiv.org\/haeusliche-gewalt\">correctiv.org\/haeusliche-gewalt<\/a>)&nbsp;<\/p>\n\n\n\n<p>Der Mangel an Schutzunterk\u00fcnften resultiert nicht in erster Linie daraus, dass manche Frauenh\u00e4user aufgrund der Corona-Regeln 2020 weniger Frauen und Kinder aufnehmen konnten als in anderen Jahren. Denn der Mangel ist viel \u00e4lter als die Pandemie. Der Europarat berechnete bereits 2006, dass ein Frauenhausplatz pro 7.500 gemeldete Personen bedarfsgerecht w\u00e4re. Davon ist Deutschland immer noch weit entfernt. Aktuell fehlen fast 3.900 Schutzpl\u00e4tze.&nbsp;<\/p>\n\n\n\n<p><\/p>\n\n\n\n<p><strong>Die Situation im s\u00fcdlichen Niedersachsen<\/strong><br \/>In S\u00fcdniedersachsen stellt sich die Situation wie folgt dar: im beobachteten Zeitraum waren die verschiedenen Einrichtungen im s\u00fcdlichenNiedersachsen zwischen 60 bis 83 % belegt. Dies sagt aber noch nichts \u00fcber die Problematik im Einzelfall aus. \u00dcberlastung Alleinerziehender, Homeschooling Probleme, erkrankte Kinder und Gro\u00dffamilien versch\u00e4rfen die Problematik unter Lockdownbedingungen. Der Beratungsbedarf nimmt zu und damit die zeitlichen Bindungen der MitarbeiterInnen.  \u201eDie staatlichen Unterst\u00fctzungssysteme greifen hier nicht\u201c, so die Einsch\u00e4tzung von Fachleuten.&nbsp;Als eine konkrete Ma\u00dfnahme zur Verbesserung der Situation an der Kreistag des Landkreises die Einrichtung einer Koordinationsstelle zur Bek\u00e4mpfung von Gewalt gegen Frauen und h\u00e4uslicher Gewalt beschlossen. Dies ist eine erste Konsequenz aus der Erkenntnis , dass es in der Region noch erheblichen Handlungsbedarf bez\u00fcglich der Umsetzung der Istanbul-Konvention gibt.<\/p>\n\n\n\n<p><\/p>\n\n\n\n<p><strong>Wie sieht es in den Bundesl\u00e4ndern aus?<\/strong><br \/>CORRECTIV.Lokal hat in den zust\u00e4ndigen Ministerien der Bundesl\u00e4nder die Angebote f\u00fcr das Jahr 2020 angefragt und sie mit der jeweiligen Bev\u00f6lkerungszahl verglichen. Ern\u00fcchterndes Ergebnis: Lediglich zwei von 16 Bundesl\u00e4ndern, die Stadtstaaten Bremen und Berlin, erf\u00fcllen die Vorgaben von Europarat und Istanbul-Konvention. \u00dcberall sonst herrscht Mangel. Sieben Bundesl\u00e4nder bieten sogar nur etwa halb so viele Pl\u00e4tze an wie gefordert.&nbsp;Hier in Niedersachsen fehlen nach dieser Berechnung \u00fcber 70 Pl\u00e4tze Pl\u00e4tze.&nbsp;<br \/><a href=\"https:\/\/cdn.correctiv.org\/correctivlokal\/haeusliche-gewalt\" data-type=\"URL\" data-id=\"https:\/\/cdn.correctiv.org\/correctivlokal\/haeusliche-gewalt\">Die Zahlen f\u00fcr ihr Bundesland finden sie hier:<\/a> <br \/>In der Pandemie droht das auf Kante gen\u00e4hte Hilfesystem endg\u00fcltig aus den Fugen zu geraten. Das ist fatal, denn Frauenh\u00e4user stellen gerade f\u00fcr besonders hilfsbed\u00fcrftige Opfer H\u00e4uslicher Gewalt manchmal buchst\u00e4blich lebensrettende Einrichtungen dar.&nbsp;<\/p>\n\n\n\n<p>Am Beispiel zweier Bundesl\u00e4nder wird deutlich, wie schwierig es in manchen Regionen f\u00fcr Frauen ist, in der Not schnell sicher unterzukommen. In Nordrhein-Westfalen (NRW) meldeten neun der 70 Frauenh\u00e4user, dass sie von November 2020 bis Ende Januar 2021 an keinem einzigen Tag neue Frauen und Kinder aufnehmen konnten. Auch die meisten restlichen H\u00e4user in NRW waren an der Belastungsgrenze. In Hessen gab es im selben Zeitraum elf Tage, an denen kein einziges Frauenhaus mehr freie Pl\u00e4tze meldete, darunter die Weihnachtsfeiertage.&nbsp;<\/p>\n\n\n\n<p>CORRECTIV.Lokal hat 92 Mitarbeiterinnen aus Frauenh\u00e4usern aus 14 Bundesl\u00e4ndern vertraulich zu ihren Erfahrungen w\u00e4hrend der Corona-Pandemie befragt. Mitarbeiterinnen berichten, dass sie Woche f\u00fcr Woche Frauen in Not abweisen m\u00fcssen. Manchmal k\u00f6nnen die Frauen erfolgreich in eine andere Einrichtung vermittelt werden. Manchmal verliert sich ihre Spur nach einem gescheiterten anonymen Erstkontakt am Telefon und niemand kann sagen, was aus den Frauen geworden ist.&nbsp;<\/p>\n\n\n\n<p>\u201eDer Platzmangel ist nur eine von vielen Baustellen, wo wir den Anforderungen der Istanbul-Konvention noch gar nicht gerecht werden\u201c, sagt Elisabeth Oberth\u00fcr vom Verein Frauenhauskoordinierung (FHK), der sich f\u00fcr die Interessen der Frauenh\u00e4user einsetzt. Es m\u00fcsse laut Istanbul-Konvention ein Gesamtkonzept geben, weil das \u00dcbereinkommen f\u00fcr Kommunen, Bundesl\u00e4nder und den Bund gelte. \u201eNoch ziehen auch nicht alle Ebenen im gleichen Ma\u00dfe mit\u201c, sagt die FHK-Sprecherin.&nbsp;<\/p>\n\n\n\n<p>Die Mitarbeiterinnen aus den Frauenh\u00e4usern berichten von weiteren Problemen, immer wieder geht es um die schwierige Finanzierung der Pl\u00e4tze. Eine Herausforderung sei auch, dass die durchschnittliche Verweildauer der Bewohnerinnen zunehme. Durch den vielerorts angespannte Mietmarkt ist es f\u00fcr viele Frauen schwierig, nach einem Aufenthalt eine bezahlbare Wohnung zu finden.&nbsp;<\/p>\n\n\n\n<p>Dass das Hilfesystem br\u00fcchig ist, hat inzwischen auch die Politik erkannt. Das Bundesfamilienministerium (BMFSFJ) plant, 120 Millionen Euro f\u00fcr die F\u00f6rderung von Hilfseinrichtungen bereitzustellen. Damit sollen auch neue Frauenh\u00e4user gebaut werden. Die ersten F\u00f6rdergelder seien vergangenes Jahr ausgezahlt worden, schreibt eine Ministeriumssprecherin auf Anfrage von CORRECTIV. Die Corona-Pandemie und die ausgewerteten Belegungsdaten f\u00fchren vor Augen, wie dringend dieses Geld ben\u00f6tigt wird.&nbsp;<\/p>\n\n\n\n<p><\/p>\n\n\n\n<figure class=\"wp-block-table is-style-stripes\"><table><tbody><tr><td>\u201eDiese Recherche ist Teil einer Kooperation von Radio Leinewelle mit CORRECTIV.Lokal, einem Netzwerk f\u00fcr Lokaljournalismus, das datengetriebene und investigative Recherchen gemeinsam mit Lokalredaktionen umsetzt. CORRECTIV.Lokal ist Teil des gemeinn\u00fctzigen Recherchezentrums CORRECTIV, das sich durch Spenden von B\u00fcrgern und Stiftungen finanziert. Mehr unter <a href=\"http:\/\/\u201eDiese Recherche ist Teil einer Kooperation von xxx mit CORRECTIV.Lokal, einem Netzwerk f\u00fcr Lokaljournalismus, das datengetriebene und investigative Recherchen gemeinsam mit Lokalredaktionen umsetzt. CORRECTIV.Lokal ist Teil des gemeinn\u00fctzigen Recherchezentrums CORRECTIV, das sich durch Spenden von B\u00fcrgern und Stiftungen finanziert. Mehr unter correctiv.org\/haeusliche-gewalt\u201c\">correctiv.org\/haeusliche-gewalt<\/a>\u201c&nbsp;<\/td><\/tr><\/tbody><\/table><\/figure>\n\n\n\n<p><\/p>\n","protected":false},"excerpt":{"rendered":"<p>Dutzende Frauenh\u00e4user waren seit Beginn der Corona-Pandemie \u00fcberf\u00fcllt, teilweise mussten sie hunderte Frauen und Kinder abweisen. Das zeigt eine Recherche von&nbsp;CORRECTIV.Lokal zusammen mit Radio Leinewelle und&nbsp;Miriam Lenz, Andr\u00e9 Ricci, Jonathan Sachse.&nbsp; Frauenh\u00e4user unter Druck durch die Corona-PandemieZehntausende Frauen suchten im vergangenen Jahr einen sicheren Platz in einem Frauenhaus. Sie flohen aus den unterschiedlichsten Formen von [&hellip;]<\/p>\n","protected":false},"author":1,"featured_media":5176,"comment_status":"closed","ping_status":"closed","sticky":false,"template":"","format":"standard","meta":{"saved_in_kubio":false,"footnotes":""},"categories":[53],"tags":[],"class_list":["post-5175","post","type-post","status-publish","format-standard","has-post-thumbnail","hentry","category-gesellschaft"],"yoast_head":"<!-- This site is optimized with the Yoast SEO plugin v27.5 - https:\/\/yoast.com\/product\/yoast-seo-wordpress\/ -->\n<title>Ein \u00fcberlastetes Hilfesystem: In der Pandemie wirkt sich der Mangel an Frauenh\u00e4usern fatal aus - Radio Leinewelle<\/title>\n<meta name=\"robots\" content=\"index, follow, max-snippet:-1, max-image-preview:large, max-video-preview:-1\" \/>\n<link rel=\"canonical\" href=\"https:\/\/radioleinewelle.de\/index.php\/2021\/02\/15\/ein-ueberlastetes-hilfesystem-in-der-pandemie-wirkt-sich-der-mangel-an-frauenhaeusern-fatal-aus\/\" \/>\n<meta property=\"og:locale\" content=\"de_DE\" \/>\n<meta property=\"og:type\" content=\"article\" \/>\n<meta property=\"og:title\" content=\"Ein \u00fcberlastetes Hilfesystem: In der Pandemie wirkt sich der Mangel an Frauenh\u00e4usern fatal aus - Radio Leinewelle\" \/>\n<meta property=\"og:description\" content=\"Dutzende Frauenh\u00e4user waren seit Beginn der Corona-Pandemie \u00fcberf\u00fcllt, teilweise mussten sie hunderte Frauen und Kinder abweisen. Das zeigt eine Recherche von&nbsp;CORRECTIV.Lokal zusammen mit Radio Leinewelle und&nbsp;Miriam Lenz, Andr\u00e9 Ricci, Jonathan Sachse.&nbsp; Frauenh\u00e4user unter Druck durch die Corona-PandemieZehntausende Frauen suchten im vergangenen Jahr einen sicheren Platz in einem Frauenhaus. Sie flohen aus den unterschiedlichsten Formen von [&hellip;]\" \/>\n<meta property=\"og:url\" content=\"https:\/\/radioleinewelle.de\/index.php\/2021\/02\/15\/ein-ueberlastetes-hilfesystem-in-der-pandemie-wirkt-sich-der-mangel-an-frauenhaeusern-fatal-aus\/\" \/>\n<meta property=\"og:site_name\" content=\"Radio Leinewelle\" \/>\n<meta property=\"article:publisher\" content=\"https:\/\/www.facebook.com\/radioleinewelle\" \/>\n<meta property=\"article:author\" content=\"https:\/\/www.facebook.com\/radioleinewelle\" \/>\n<meta property=\"article:published_time\" content=\"2021-02-15T04:44:30+00:00\" \/>\n<meta property=\"og:image\" content=\"https:\/\/radioleinewelle.de\/wp-content\/uploads\/2021\/02\/woman-5670734_640.jpg\" \/>\n\t<meta property=\"og:image:width\" content=\"640\" \/>\n\t<meta property=\"og:image:height\" content=\"427\" \/>\n\t<meta property=\"og:image:type\" content=\"image\/jpeg\" \/>\n<meta name=\"author\" content=\"Leinewelle\" \/>\n<meta name=\"twitter:card\" content=\"summary_large_image\" \/>\n<meta name=\"twitter:creator\" content=\"@https:\/\/twitter.com\/RLeinewelle?ref_src=twsrcgoogletwcampserptwgrauthor\" \/>\n<meta name=\"twitter:site\" content=\"@RLeinewelle\" \/>\n<meta name=\"twitter:label1\" content=\"Verfasst von\" \/>\n\t<meta name=\"twitter:data1\" content=\"Leinewelle\" \/>\n\t<meta name=\"twitter:label2\" content=\"Gesch\u00e4tzte Lesezeit\" \/>\n\t<meta name=\"twitter:data2\" content=\"5\u00a0Minuten\" \/>\n<script type=\"application\/ld+json\" class=\"yoast-schema-graph\">{\"@context\":\"https:\\\/\\\/schema.org\",\"@graph\":[{\"@type\":\"Article\",\"@id\":\"https:\\\/\\\/radioleinewelle.de\\\/index.php\\\/2021\\\/02\\\/15\\\/ein-ueberlastetes-hilfesystem-in-der-pandemie-wirkt-sich-der-mangel-an-frauenhaeusern-fatal-aus\\\/#article\",\"isPartOf\":{\"@id\":\"https:\\\/\\\/radioleinewelle.de\\\/index.php\\\/2021\\\/02\\\/15\\\/ein-ueberlastetes-hilfesystem-in-der-pandemie-wirkt-sich-der-mangel-an-frauenhaeusern-fatal-aus\\\/\"},\"author\":{\"name\":\"Leinewelle\",\"@id\":\"https:\\\/\\\/radioleinewelle.de\\\/#\\\/schema\\\/person\\\/45606f348637df637192dc1b68399a63\"},\"headline\":\"Ein \u00fcberlastetes Hilfesystem: In der Pandemie wirkt sich der Mangel an Frauenh\u00e4usern fatal aus\",\"datePublished\":\"2021-02-15T04:44:30+00:00\",\"mainEntityOfPage\":{\"@id\":\"https:\\\/\\\/radioleinewelle.de\\\/index.php\\\/2021\\\/02\\\/15\\\/ein-ueberlastetes-hilfesystem-in-der-pandemie-wirkt-sich-der-mangel-an-frauenhaeusern-fatal-aus\\\/\"},\"wordCount\":939,\"publisher\":{\"@id\":\"https:\\\/\\\/radioleinewelle.de\\\/#organization\"},\"image\":{\"@id\":\"https:\\\/\\\/radioleinewelle.de\\\/index.php\\\/2021\\\/02\\\/15\\\/ein-ueberlastetes-hilfesystem-in-der-pandemie-wirkt-sich-der-mangel-an-frauenhaeusern-fatal-aus\\\/#primaryimage\"},\"thumbnailUrl\":\"https:\\\/\\\/radioleinewelle.de\\\/wp-content\\\/uploads\\\/2021\\\/02\\\/woman-5670734_640.jpg\",\"articleSection\":[\"Gesellschaft\"],\"inLanguage\":\"de\"},{\"@type\":\"WebPage\",\"@id\":\"https:\\\/\\\/radioleinewelle.de\\\/index.php\\\/2021\\\/02\\\/15\\\/ein-ueberlastetes-hilfesystem-in-der-pandemie-wirkt-sich-der-mangel-an-frauenhaeusern-fatal-aus\\\/\",\"url\":\"https:\\\/\\\/radioleinewelle.de\\\/index.php\\\/2021\\\/02\\\/15\\\/ein-ueberlastetes-hilfesystem-in-der-pandemie-wirkt-sich-der-mangel-an-frauenhaeusern-fatal-aus\\\/\",\"name\":\"Ein \u00fcberlastetes Hilfesystem: In der Pandemie wirkt sich der Mangel an Frauenh\u00e4usern fatal aus - Radio Leinewelle\",\"isPartOf\":{\"@id\":\"https:\\\/\\\/radioleinewelle.de\\\/#website\"},\"primaryImageOfPage\":{\"@id\":\"https:\\\/\\\/radioleinewelle.de\\\/index.php\\\/2021\\\/02\\\/15\\\/ein-ueberlastetes-hilfesystem-in-der-pandemie-wirkt-sich-der-mangel-an-frauenhaeusern-fatal-aus\\\/#primaryimage\"},\"image\":{\"@id\":\"https:\\\/\\\/radioleinewelle.de\\\/index.php\\\/2021\\\/02\\\/15\\\/ein-ueberlastetes-hilfesystem-in-der-pandemie-wirkt-sich-der-mangel-an-frauenhaeusern-fatal-aus\\\/#primaryimage\"},\"thumbnailUrl\":\"https:\\\/\\\/radioleinewelle.de\\\/wp-content\\\/uploads\\\/2021\\\/02\\\/woman-5670734_640.jpg\",\"datePublished\":\"2021-02-15T04:44:30+00:00\",\"breadcrumb\":{\"@id\":\"https:\\\/\\\/radioleinewelle.de\\\/index.php\\\/2021\\\/02\\\/15\\\/ein-ueberlastetes-hilfesystem-in-der-pandemie-wirkt-sich-der-mangel-an-frauenhaeusern-fatal-aus\\\/#breadcrumb\"},\"inLanguage\":\"de\",\"potentialAction\":[{\"@type\":\"ReadAction\",\"target\":[\"https:\\\/\\\/radioleinewelle.de\\\/index.php\\\/2021\\\/02\\\/15\\\/ein-ueberlastetes-hilfesystem-in-der-pandemie-wirkt-sich-der-mangel-an-frauenhaeusern-fatal-aus\\\/\"]}]},{\"@type\":\"ImageObject\",\"inLanguage\":\"de\",\"@id\":\"https:\\\/\\\/radioleinewelle.de\\\/index.php\\\/2021\\\/02\\\/15\\\/ein-ueberlastetes-hilfesystem-in-der-pandemie-wirkt-sich-der-mangel-an-frauenhaeusern-fatal-aus\\\/#primaryimage\",\"url\":\"https:\\\/\\\/radioleinewelle.de\\\/wp-content\\\/uploads\\\/2021\\\/02\\\/woman-5670734_640.jpg\",\"contentUrl\":\"https:\\\/\\\/radioleinewelle.de\\\/wp-content\\\/uploads\\\/2021\\\/02\\\/woman-5670734_640.jpg\",\"width\":640,\"height\":427},{\"@type\":\"BreadcrumbList\",\"@id\":\"https:\\\/\\\/radioleinewelle.de\\\/index.php\\\/2021\\\/02\\\/15\\\/ein-ueberlastetes-hilfesystem-in-der-pandemie-wirkt-sich-der-mangel-an-frauenhaeusern-fatal-aus\\\/#breadcrumb\",\"itemListElement\":[{\"@type\":\"ListItem\",\"position\":1,\"name\":\"Startseite\",\"item\":\"https:\\\/\\\/radioleinewelle.de\\\/\"},{\"@type\":\"ListItem\",\"position\":2,\"name\":\"Ein \u00fcberlastetes Hilfesystem: In der Pandemie wirkt sich der Mangel an Frauenh\u00e4usern fatal aus\"}]},{\"@type\":\"WebSite\",\"@id\":\"https:\\\/\\\/radioleinewelle.de\\\/#website\",\"url\":\"https:\\\/\\\/radioleinewelle.de\\\/\",\"name\":\"Radio Leinewelle\",\"description\":\"\",\"publisher\":{\"@id\":\"https:\\\/\\\/radioleinewelle.de\\\/#organization\"},\"potentialAction\":[{\"@type\":\"SearchAction\",\"target\":{\"@type\":\"EntryPoint\",\"urlTemplate\":\"https:\\\/\\\/radioleinewelle.de\\\/?s={search_term_string}\"},\"query-input\":{\"@type\":\"PropertyValueSpecification\",\"valueRequired\":true,\"valueName\":\"search_term_string\"}}],\"inLanguage\":\"de\"},{\"@type\":\"Organization\",\"@id\":\"https:\\\/\\\/radioleinewelle.de\\\/#organization\",\"name\":\"Radio Leinewelle\",\"alternateName\":\"Mein Radio f\u00fcr S\u00fcdniedersachsen\",\"url\":\"https:\\\/\\\/radioleinewelle.de\\\/\",\"logo\":{\"@type\":\"ImageObject\",\"inLanguage\":\"de\",\"@id\":\"https:\\\/\\\/radioleinewelle.de\\\/#\\\/schema\\\/logo\\\/image\\\/\",\"url\":\"https:\\\/\\\/radioleinewelle.de\\\/wp-content\\\/uploads\\\/2023\\\/11\\\/cropped-Leinewelle_Logo_weiss.png\",\"contentUrl\":\"https:\\\/\\\/radioleinewelle.de\\\/wp-content\\\/uploads\\\/2023\\\/11\\\/cropped-Leinewelle_Logo_weiss.png\",\"width\":854,\"height\":260,\"caption\":\"Radio Leinewelle\"},\"image\":{\"@id\":\"https:\\\/\\\/radioleinewelle.de\\\/#\\\/schema\\\/logo\\\/image\\\/\"},\"sameAs\":[\"https:\\\/\\\/www.facebook.com\\\/radioleinewelle\",\"https:\\\/\\\/x.com\\\/RLeinewelle\",\"https:\\\/\\\/www.instagram.com\\\/radioleinewelle\\\/?hl=de\"]},{\"@type\":\"Person\",\"@id\":\"https:\\\/\\\/radioleinewelle.de\\\/#\\\/schema\\\/person\\\/45606f348637df637192dc1b68399a63\",\"name\":\"Leinewelle\",\"image\":{\"@type\":\"ImageObject\",\"inLanguage\":\"de\",\"@id\":\"https:\\\/\\\/secure.gravatar.com\\\/avatar\\\/05c9a17bc973052ee5d91549bd32fb4dd0dc85b7b85ae94b2e2b4943476bbea5?s=96&d=blank&r=g\",\"url\":\"https:\\\/\\\/secure.gravatar.com\\\/avatar\\\/05c9a17bc973052ee5d91549bd32fb4dd0dc85b7b85ae94b2e2b4943476bbea5?s=96&d=blank&r=g\",\"contentUrl\":\"https:\\\/\\\/secure.gravatar.com\\\/avatar\\\/05c9a17bc973052ee5d91549bd32fb4dd0dc85b7b85ae94b2e2b4943476bbea5?s=96&d=blank&r=g\",\"caption\":\"Leinewelle\"},\"sameAs\":[\"http:\\\/\\\/localhost\\\/radio%20leinewelle\\\/wordpress\",\"https:\\\/\\\/www.facebook.com\\\/radioleinewelle\",\"https:\\\/\\\/www.instagram.com\\\/radioleinewelle\",\"https:\\\/\\\/x.com\\\/https:\\\/\\\/twitter.com\\\/RLeinewelle?ref_src=twsrcgoogletwcampserptwgrauthor\",\"https:\\\/\\\/soundcloud.com\\\/foerderverein-lokalradio?utm_source=clipboard&utm_medium=text&utm_campaign=social_sharing\"],\"url\":\"https:\\\/\\\/radioleinewelle.de\\\/index.php\\\/author\\\/leinewelle\\\/\"}]}<\/script>\n<!-- \/ Yoast SEO plugin. -->","yoast_head_json":{"title":"Ein \u00fcberlastetes Hilfesystem: In der Pandemie wirkt sich der Mangel an Frauenh\u00e4usern fatal aus - Radio Leinewelle","robots":{"index":"index","follow":"follow","max-snippet":"max-snippet:-1","max-image-preview":"max-image-preview:large","max-video-preview":"max-video-preview:-1"},"canonical":"https:\/\/radioleinewelle.de\/index.php\/2021\/02\/15\/ein-ueberlastetes-hilfesystem-in-der-pandemie-wirkt-sich-der-mangel-an-frauenhaeusern-fatal-aus\/","og_locale":"de_DE","og_type":"article","og_title":"Ein \u00fcberlastetes Hilfesystem: In der Pandemie wirkt sich der Mangel an Frauenh\u00e4usern fatal aus - Radio Leinewelle","og_description":"Dutzende Frauenh\u00e4user waren seit Beginn der Corona-Pandemie \u00fcberf\u00fcllt, teilweise mussten sie hunderte Frauen und Kinder abweisen. Das zeigt eine Recherche von&nbsp;CORRECTIV.Lokal zusammen mit Radio Leinewelle und&nbsp;Miriam Lenz, Andr\u00e9 Ricci, Jonathan Sachse.&nbsp; Frauenh\u00e4user unter Druck durch die Corona-PandemieZehntausende Frauen suchten im vergangenen Jahr einen sicheren Platz in einem Frauenhaus. Sie flohen aus den unterschiedlichsten Formen von [&hellip;]","og_url":"https:\/\/radioleinewelle.de\/index.php\/2021\/02\/15\/ein-ueberlastetes-hilfesystem-in-der-pandemie-wirkt-sich-der-mangel-an-frauenhaeusern-fatal-aus\/","og_site_name":"Radio Leinewelle","article_publisher":"https:\/\/www.facebook.com\/radioleinewelle","article_author":"https:\/\/www.facebook.com\/radioleinewelle","article_published_time":"2021-02-15T04:44:30+00:00","og_image":[{"width":640,"height":427,"url":"https:\/\/radioleinewelle.de\/wp-content\/uploads\/2021\/02\/woman-5670734_640.jpg","type":"image\/jpeg"}],"author":"Leinewelle","twitter_card":"summary_large_image","twitter_creator":"@https:\/\/twitter.com\/RLeinewelle?ref_src=twsrcgoogletwcampserptwgrauthor","twitter_site":"@RLeinewelle","twitter_misc":{"Verfasst von":"Leinewelle","Gesch\u00e4tzte Lesezeit":"5\u00a0Minuten"},"schema":{"@context":"https:\/\/schema.org","@graph":[{"@type":"Article","@id":"https:\/\/radioleinewelle.de\/index.php\/2021\/02\/15\/ein-ueberlastetes-hilfesystem-in-der-pandemie-wirkt-sich-der-mangel-an-frauenhaeusern-fatal-aus\/#article","isPartOf":{"@id":"https:\/\/radioleinewelle.de\/index.php\/2021\/02\/15\/ein-ueberlastetes-hilfesystem-in-der-pandemie-wirkt-sich-der-mangel-an-frauenhaeusern-fatal-aus\/"},"author":{"name":"Leinewelle","@id":"https:\/\/radioleinewelle.de\/#\/schema\/person\/45606f348637df637192dc1b68399a63"},"headline":"Ein \u00fcberlastetes Hilfesystem: In der Pandemie wirkt sich der Mangel an Frauenh\u00e4usern fatal aus","datePublished":"2021-02-15T04:44:30+00:00","mainEntityOfPage":{"@id":"https:\/\/radioleinewelle.de\/index.php\/2021\/02\/15\/ein-ueberlastetes-hilfesystem-in-der-pandemie-wirkt-sich-der-mangel-an-frauenhaeusern-fatal-aus\/"},"wordCount":939,"publisher":{"@id":"https:\/\/radioleinewelle.de\/#organization"},"image":{"@id":"https:\/\/radioleinewelle.de\/index.php\/2021\/02\/15\/ein-ueberlastetes-hilfesystem-in-der-pandemie-wirkt-sich-der-mangel-an-frauenhaeusern-fatal-aus\/#primaryimage"},"thumbnailUrl":"https:\/\/radioleinewelle.de\/wp-content\/uploads\/2021\/02\/woman-5670734_640.jpg","articleSection":["Gesellschaft"],"inLanguage":"de"},{"@type":"WebPage","@id":"https:\/\/radioleinewelle.de\/index.php\/2021\/02\/15\/ein-ueberlastetes-hilfesystem-in-der-pandemie-wirkt-sich-der-mangel-an-frauenhaeusern-fatal-aus\/","url":"https:\/\/radioleinewelle.de\/index.php\/2021\/02\/15\/ein-ueberlastetes-hilfesystem-in-der-pandemie-wirkt-sich-der-mangel-an-frauenhaeusern-fatal-aus\/","name":"Ein \u00fcberlastetes Hilfesystem: In der Pandemie wirkt sich der Mangel an Frauenh\u00e4usern fatal aus - Radio Leinewelle","isPartOf":{"@id":"https:\/\/radioleinewelle.de\/#website"},"primaryImageOfPage":{"@id":"https:\/\/radioleinewelle.de\/index.php\/2021\/02\/15\/ein-ueberlastetes-hilfesystem-in-der-pandemie-wirkt-sich-der-mangel-an-frauenhaeusern-fatal-aus\/#primaryimage"},"image":{"@id":"https:\/\/radioleinewelle.de\/index.php\/2021\/02\/15\/ein-ueberlastetes-hilfesystem-in-der-pandemie-wirkt-sich-der-mangel-an-frauenhaeusern-fatal-aus\/#primaryimage"},"thumbnailUrl":"https:\/\/radioleinewelle.de\/wp-content\/uploads\/2021\/02\/woman-5670734_640.jpg","datePublished":"2021-02-15T04:44:30+00:00","breadcrumb":{"@id":"https:\/\/radioleinewelle.de\/index.php\/2021\/02\/15\/ein-ueberlastetes-hilfesystem-in-der-pandemie-wirkt-sich-der-mangel-an-frauenhaeusern-fatal-aus\/#breadcrumb"},"inLanguage":"de","potentialAction":[{"@type":"ReadAction","target":["https:\/\/radioleinewelle.de\/index.php\/2021\/02\/15\/ein-ueberlastetes-hilfesystem-in-der-pandemie-wirkt-sich-der-mangel-an-frauenhaeusern-fatal-aus\/"]}]},{"@type":"ImageObject","inLanguage":"de","@id":"https:\/\/radioleinewelle.de\/index.php\/2021\/02\/15\/ein-ueberlastetes-hilfesystem-in-der-pandemie-wirkt-sich-der-mangel-an-frauenhaeusern-fatal-aus\/#primaryimage","url":"https:\/\/radioleinewelle.de\/wp-content\/uploads\/2021\/02\/woman-5670734_640.jpg","contentUrl":"https:\/\/radioleinewelle.de\/wp-content\/uploads\/2021\/02\/woman-5670734_640.jpg","width":640,"height":427},{"@type":"BreadcrumbList","@id":"https:\/\/radioleinewelle.de\/index.php\/2021\/02\/15\/ein-ueberlastetes-hilfesystem-in-der-pandemie-wirkt-sich-der-mangel-an-frauenhaeusern-fatal-aus\/#breadcrumb","itemListElement":[{"@type":"ListItem","position":1,"name":"Startseite","item":"https:\/\/radioleinewelle.de\/"},{"@type":"ListItem","position":2,"name":"Ein \u00fcberlastetes Hilfesystem: In der Pandemie wirkt sich der Mangel an Frauenh\u00e4usern fatal aus"}]},{"@type":"WebSite","@id":"https:\/\/radioleinewelle.de\/#website","url":"https:\/\/radioleinewelle.de\/","name":"Radio Leinewelle","description":"","publisher":{"@id":"https:\/\/radioleinewelle.de\/#organization"},"potentialAction":[{"@type":"SearchAction","target":{"@type":"EntryPoint","urlTemplate":"https:\/\/radioleinewelle.de\/?s={search_term_string}"},"query-input":{"@type":"PropertyValueSpecification","valueRequired":true,"valueName":"search_term_string"}}],"inLanguage":"de"},{"@type":"Organization","@id":"https:\/\/radioleinewelle.de\/#organization","name":"Radio Leinewelle","alternateName":"Mein Radio f\u00fcr S\u00fcdniedersachsen","url":"https:\/\/radioleinewelle.de\/","logo":{"@type":"ImageObject","inLanguage":"de","@id":"https:\/\/radioleinewelle.de\/#\/schema\/logo\/image\/","url":"https:\/\/radioleinewelle.de\/wp-content\/uploads\/2023\/11\/cropped-Leinewelle_Logo_weiss.png","contentUrl":"https:\/\/radioleinewelle.de\/wp-content\/uploads\/2023\/11\/cropped-Leinewelle_Logo_weiss.png","width":854,"height":260,"caption":"Radio Leinewelle"},"image":{"@id":"https:\/\/radioleinewelle.de\/#\/schema\/logo\/image\/"},"sameAs":["https:\/\/www.facebook.com\/radioleinewelle","https:\/\/x.com\/RLeinewelle","https:\/\/www.instagram.com\/radioleinewelle\/?hl=de"]},{"@type":"Person","@id":"https:\/\/radioleinewelle.de\/#\/schema\/person\/45606f348637df637192dc1b68399a63","name":"Leinewelle","image":{"@type":"ImageObject","inLanguage":"de","@id":"https:\/\/secure.gravatar.com\/avatar\/05c9a17bc973052ee5d91549bd32fb4dd0dc85b7b85ae94b2e2b4943476bbea5?s=96&d=blank&r=g","url":"https:\/\/secure.gravatar.com\/avatar\/05c9a17bc973052ee5d91549bd32fb4dd0dc85b7b85ae94b2e2b4943476bbea5?s=96&d=blank&r=g","contentUrl":"https:\/\/secure.gravatar.com\/avatar\/05c9a17bc973052ee5d91549bd32fb4dd0dc85b7b85ae94b2e2b4943476bbea5?s=96&d=blank&r=g","caption":"Leinewelle"},"sameAs":["http:\/\/localhost\/radio%20leinewelle\/wordpress","https:\/\/www.facebook.com\/radioleinewelle","https:\/\/www.instagram.com\/radioleinewelle","https:\/\/x.com\/https:\/\/twitter.com\/RLeinewelle?ref_src=twsrcgoogletwcampserptwgrauthor","https:\/\/soundcloud.com\/foerderverein-lokalradio?utm_source=clipboard&utm_medium=text&utm_campaign=social_sharing"],"url":"https:\/\/radioleinewelle.de\/index.php\/author\/leinewelle\/"}]}},"_links":{"self":[{"href":"https:\/\/radioleinewelle.de\/index.php\/wp-json\/wp\/v2\/posts\/5175","targetHints":{"allow":["GET"]}}],"collection":[{"href":"https:\/\/radioleinewelle.de\/index.php\/wp-json\/wp\/v2\/posts"}],"about":[{"href":"https:\/\/radioleinewelle.de\/index.php\/wp-json\/wp\/v2\/types\/post"}],"author":[{"embeddable":true,"href":"https:\/\/radioleinewelle.de\/index.php\/wp-json\/wp\/v2\/users\/1"}],"replies":[{"embeddable":true,"href":"https:\/\/radioleinewelle.de\/index.php\/wp-json\/wp\/v2\/comments?post=5175"}],"version-history":[{"count":0,"href":"https:\/\/radioleinewelle.de\/index.php\/wp-json\/wp\/v2\/posts\/5175\/revisions"}],"wp:featuredmedia":[{"embeddable":true,"href":"https:\/\/radioleinewelle.de\/index.php\/wp-json\/wp\/v2\/media\/5176"}],"wp:attachment":[{"href":"https:\/\/radioleinewelle.de\/index.php\/wp-json\/wp\/v2\/media?parent=5175"}],"wp:term":[{"taxonomy":"category","embeddable":true,"href":"https:\/\/radioleinewelle.de\/index.php\/wp-json\/wp\/v2\/categories?post=5175"},{"taxonomy":"post_tag","embeddable":true,"href":"https:\/\/radioleinewelle.de\/index.php\/wp-json\/wp\/v2\/tags?post=5175"}],"curies":[{"name":"wp","href":"https:\/\/api.w.org\/{rel}","templated":true}]}}