{"id":5187,"date":"2021-02-12T12:17:29","date_gmt":"2021-02-12T11:17:29","guid":{"rendered":"https:\/\/radioleinewelle.de\/?p=5187"},"modified":"2021-02-12T12:17:29","modified_gmt":"2021-02-12T11:17:29","slug":"schnee-und-kaelte-lassen-kaefer-nicht-kalt","status":"publish","type":"post","link":"https:\/\/radioleinewelle.de\/index.php\/2021\/02\/12\/schnee-und-kaelte-lassen-kaefer-nicht-kalt\/","title":{"rendered":"Schnee und K\u00e4lte lassen K\u00e4fer nicht kalt"},"content":{"rendered":"\n<p><strong>L P D<\/strong>&nbsp;\u2013 \u201eDer niederschlagsreiche Januar und die jetzigen Schneef\u00e4lle im Februar sind f\u00fcr Niedersachsens Waldgebiete in Solling und Harz wichtig und gut. So k\u00f6nnen die Wasserspeicher aufgef\u00fcllt werden, denn sowohl der Dezember und vor allem der November waren viel zu trocken\u201c, freut sich Dr. Bernd von Garmissen von den Forstbetriebsgemeinschaften Solling und S\u00fcdhannover \u00fcber den Schneefall der vergangenen Tage. Der Wald habe mit diesem Winterwetter wenig Probleme, schlie\u00dflich sei Schnee auch Niederschlag und aufgrund der leichten Flocken seien in S\u00fcdniedersachsen keine gravierenden Schneebruchsch\u00e4den bekannt, erl\u00e4utert von Garmissen gegen\u00fcber dem Landvolk-Pressedienst.<\/p>\n\n\n\n<p>Der lebhafte Wind habe auch dazu beigetragen, dass sich keine gro\u00dfen Schneelasten auf den Nadelb\u00e4umen sammeln konnten, das Brechen der Baumkronen blieb \u00fcberwiegend aus. \u201eDie Waldbesitzer sind zudem froh, dass die W\u00e4lder bislang von starken St\u00fcrmen verschont geblieben sind. Im Januar 2007 w\u00fcteten die Orkantiefs \u201eKyrill\u201c und elf Jahre sp\u00e4ter \u201eFriederike\u201c. Beide richteten erheblichen Schaden an, unter denen die W\u00e4lder zu leiden hatten\u201c, berichtet von Garmissen. Der Vorsitzende der Forstbetriebsgemeinschaften hofft deshalb, dass St\u00fcrme, mit denen bis Ende M\u00e4rz zu rechnen ist, ausbleiben. \u201eDann haben Wald und Holzmarkt endlich eine Chance, sich zu erholen und zu entwickeln\u201c, sagt von Garmissen.<\/p>\n\n\n\n<p>Denn Schnee und K\u00e4lte sorgen daf\u00fcr, dass Sch\u00e4dlinge, wie der Borkenk\u00e4fer, angegriffen werden. \u201eMit trockener K\u00e4lte kommt der K\u00e4fer gut zurecht. Aber wechselnde Witterungsverh\u00e4ltnisse lassen uns Waldbesitzer hoffen, im Fr\u00fchjahr weniger K\u00e4fer zu haben. Sicher ist das aber nicht \u2013 wir sind oft \u00fcberrascht, was der K\u00e4fer aush\u00e4lt und wie geschickt er \u00fcberwintert. Erst im Fr\u00fchjahr werden wir schlauer sein\u201c, zeigt sich Bernd von Garmissen aufgrund der Anpassungsf\u00e4higkeit des Borkenk\u00e4fers an die Natur vorsichtig optimistisch.&nbsp;<\/p>\n\n\n\n<p>Nach wie vor haben die Waldbesitzer eine Katastrophenlage vor sich: Die Kombination aus Orkan, K\u00e4fer, Hitze und Trockenheit in den vergangenen Jahren hat das Wiederaufforsten erschwert. \u201eDas Ausschreiben der Forstpflanzungen braucht Zeit, es geht nicht so schnell voran, wie viele gehofft haben\u201c, erkl\u00e4rt von Garmissen zur Aufforstung des Waldes und lobt den unerm\u00fcdlichen Einsatz der Landwirtschaftskammer in dieser Ausnahme- und Katastrophensituation, bei der erst alles ineinandergreifen m\u00fcsse.&nbsp;<\/p>\n\n\n\n<p>Schlie\u00dflich soll nach bestimmten Kriterien aufgeforstet werden, damit sich ein strukturreicher und nachhaltiger Wald entwickeln kann, der den Auswirkungen des Klimawandels standh\u00e4lt. \u201eDen reinen Fichtenwald wird es nicht mehr geben. Nadelb\u00e4ume wie Douglasie, L\u00e4rche oder Wei\u00dftanne werden die Fichte ersetzen\u201c, sieht von Garmissen den Wald der Zukunft in Harz und Solling.<\/p>\n","protected":false},"excerpt":{"rendered":"<p>L P D&nbsp;\u2013 \u201eDer niederschlagsreiche Januar und die jetzigen Schneef\u00e4lle im Februar sind f\u00fcr Niedersachsens Waldgebiete in Solling und Harz wichtig und gut. So k\u00f6nnen die Wasserspeicher aufgef\u00fcllt werden, denn sowohl der Dezember und vor allem der November waren viel zu trocken\u201c, freut sich Dr. Bernd von Garmissen von den Forstbetriebsgemeinschaften Solling und S\u00fcdhannover \u00fcber [&hellip;]<\/p>\n","protected":false},"author":1,"featured_media":5188,"comment_status":"closed","ping_status":"closed","sticky":false,"template":"","format":"standard","meta":{"saved_in_kubio":false,"footnotes":""},"categories":[32],"tags":[],"class_list":["post-5187","post","type-post","status-publish","format-standard","has-post-thumbnail","hentry","category-natur-umwelt"],"yoast_head":"<!-- This site is optimized with the Yoast SEO plugin v27.5 - https:\/\/yoast.com\/product\/yoast-seo-wordpress\/ -->\n<title>Schnee und K\u00e4lte lassen K\u00e4fer nicht kalt - Radio Leinewelle<\/title>\n<meta name=\"robots\" content=\"index, follow, max-snippet:-1, max-image-preview:large, max-video-preview:-1\" \/>\n<link rel=\"canonical\" href=\"https:\/\/radioleinewelle.de\/index.php\/2021\/02\/12\/schnee-und-kaelte-lassen-kaefer-nicht-kalt\/\" \/>\n<meta property=\"og:locale\" content=\"de_DE\" \/>\n<meta property=\"og:type\" content=\"article\" \/>\n<meta property=\"og:title\" content=\"Schnee und K\u00e4lte lassen K\u00e4fer nicht kalt - Radio Leinewelle\" \/>\n<meta property=\"og:description\" content=\"L P D&nbsp;\u2013 \u201eDer niederschlagsreiche Januar und die jetzigen Schneef\u00e4lle im Februar sind f\u00fcr Niedersachsens Waldgebiete in Solling und Harz wichtig und gut. So k\u00f6nnen die Wasserspeicher aufgef\u00fcllt werden, denn sowohl der Dezember und vor allem der November waren viel zu trocken\u201c, freut sich Dr. Bernd von Garmissen von den Forstbetriebsgemeinschaften Solling und S\u00fcdhannover \u00fcber [&hellip;]\" \/>\n<meta property=\"og:url\" content=\"https:\/\/radioleinewelle.de\/index.php\/2021\/02\/12\/schnee-und-kaelte-lassen-kaefer-nicht-kalt\/\" \/>\n<meta property=\"og:site_name\" content=\"Radio Leinewelle\" \/>\n<meta property=\"article:publisher\" content=\"https:\/\/www.facebook.com\/radioleinewelle\" \/>\n<meta property=\"article:author\" content=\"https:\/\/www.facebook.com\/radioleinewelle\" \/>\n<meta property=\"article:published_time\" content=\"2021-02-12T11:17:29+00:00\" \/>\n<meta property=\"og:image\" content=\"https:\/\/radioleinewelle.de\/wp-content\/uploads\/2021\/02\/20210210-Winter-Solling_sbm-scaled-1-e1613128577574.jpg\" \/>\n\t<meta property=\"og:image:width\" content=\"600\" \/>\n\t<meta property=\"og:image:height\" content=\"397\" \/>\n\t<meta property=\"og:image:type\" content=\"image\/jpeg\" \/>\n<meta name=\"author\" content=\"Leinewelle\" \/>\n<meta name=\"twitter:card\" content=\"summary_large_image\" \/>\n<meta name=\"twitter:creator\" content=\"@https:\/\/twitter.com\/RLeinewelle?ref_src=twsrcgoogletwcampserptwgrauthor\" \/>\n<meta name=\"twitter:site\" content=\"@RLeinewelle\" \/>\n<meta name=\"twitter:label1\" content=\"Verfasst von\" \/>\n\t<meta name=\"twitter:data1\" content=\"Leinewelle\" \/>\n\t<meta name=\"twitter:label2\" content=\"Gesch\u00e4tzte Lesezeit\" \/>\n\t<meta name=\"twitter:data2\" content=\"2\u00a0Minuten\" \/>\n<script type=\"application\/ld+json\" class=\"yoast-schema-graph\">{\"@context\":\"https:\\\/\\\/schema.org\",\"@graph\":[{\"@type\":\"Article\",\"@id\":\"https:\\\/\\\/radioleinewelle.de\\\/index.php\\\/2021\\\/02\\\/12\\\/schnee-und-kaelte-lassen-kaefer-nicht-kalt\\\/#article\",\"isPartOf\":{\"@id\":\"https:\\\/\\\/radioleinewelle.de\\\/index.php\\\/2021\\\/02\\\/12\\\/schnee-und-kaelte-lassen-kaefer-nicht-kalt\\\/\"},\"author\":{\"name\":\"Leinewelle\",\"@id\":\"https:\\\/\\\/radioleinewelle.de\\\/#\\\/schema\\\/person\\\/45606f348637df637192dc1b68399a63\"},\"headline\":\"Schnee und K\u00e4lte lassen K\u00e4fer nicht kalt\",\"datePublished\":\"2021-02-12T11:17:29+00:00\",\"mainEntityOfPage\":{\"@id\":\"https:\\\/\\\/radioleinewelle.de\\\/index.php\\\/2021\\\/02\\\/12\\\/schnee-und-kaelte-lassen-kaefer-nicht-kalt\\\/\"},\"wordCount\":436,\"publisher\":{\"@id\":\"https:\\\/\\\/radioleinewelle.de\\\/#organization\"},\"image\":{\"@id\":\"https:\\\/\\\/radioleinewelle.de\\\/index.php\\\/2021\\\/02\\\/12\\\/schnee-und-kaelte-lassen-kaefer-nicht-kalt\\\/#primaryimage\"},\"thumbnailUrl\":\"https:\\\/\\\/radioleinewelle.de\\\/wp-content\\\/uploads\\\/2021\\\/02\\\/20210210-Winter-Solling_sbm-scaled-1-e1613128577574.jpg\",\"articleSection\":[\"Natur &amp; Umwelt\"],\"inLanguage\":\"de\"},{\"@type\":\"WebPage\",\"@id\":\"https:\\\/\\\/radioleinewelle.de\\\/index.php\\\/2021\\\/02\\\/12\\\/schnee-und-kaelte-lassen-kaefer-nicht-kalt\\\/\",\"url\":\"https:\\\/\\\/radioleinewelle.de\\\/index.php\\\/2021\\\/02\\\/12\\\/schnee-und-kaelte-lassen-kaefer-nicht-kalt\\\/\",\"name\":\"Schnee und K\u00e4lte lassen K\u00e4fer nicht kalt - Radio Leinewelle\",\"isPartOf\":{\"@id\":\"https:\\\/\\\/radioleinewelle.de\\\/#website\"},\"primaryImageOfPage\":{\"@id\":\"https:\\\/\\\/radioleinewelle.de\\\/index.php\\\/2021\\\/02\\\/12\\\/schnee-und-kaelte-lassen-kaefer-nicht-kalt\\\/#primaryimage\"},\"image\":{\"@id\":\"https:\\\/\\\/radioleinewelle.de\\\/index.php\\\/2021\\\/02\\\/12\\\/schnee-und-kaelte-lassen-kaefer-nicht-kalt\\\/#primaryimage\"},\"thumbnailUrl\":\"https:\\\/\\\/radioleinewelle.de\\\/wp-content\\\/uploads\\\/2021\\\/02\\\/20210210-Winter-Solling_sbm-scaled-1-e1613128577574.jpg\",\"datePublished\":\"2021-02-12T11:17:29+00:00\",\"breadcrumb\":{\"@id\":\"https:\\\/\\\/radioleinewelle.de\\\/index.php\\\/2021\\\/02\\\/12\\\/schnee-und-kaelte-lassen-kaefer-nicht-kalt\\\/#breadcrumb\"},\"inLanguage\":\"de\",\"potentialAction\":[{\"@type\":\"ReadAction\",\"target\":[\"https:\\\/\\\/radioleinewelle.de\\\/index.php\\\/2021\\\/02\\\/12\\\/schnee-und-kaelte-lassen-kaefer-nicht-kalt\\\/\"]}]},{\"@type\":\"ImageObject\",\"inLanguage\":\"de\",\"@id\":\"https:\\\/\\\/radioleinewelle.de\\\/index.php\\\/2021\\\/02\\\/12\\\/schnee-und-kaelte-lassen-kaefer-nicht-kalt\\\/#primaryimage\",\"url\":\"https:\\\/\\\/radioleinewelle.de\\\/wp-content\\\/uploads\\\/2021\\\/02\\\/20210210-Winter-Solling_sbm-scaled-1-e1613128577574.jpg\",\"contentUrl\":\"https:\\\/\\\/radioleinewelle.de\\\/wp-content\\\/uploads\\\/2021\\\/02\\\/20210210-Winter-Solling_sbm-scaled-1-e1613128577574.jpg\",\"width\":600,\"height\":397},{\"@type\":\"BreadcrumbList\",\"@id\":\"https:\\\/\\\/radioleinewelle.de\\\/index.php\\\/2021\\\/02\\\/12\\\/schnee-und-kaelte-lassen-kaefer-nicht-kalt\\\/#breadcrumb\",\"itemListElement\":[{\"@type\":\"ListItem\",\"position\":1,\"name\":\"Startseite\",\"item\":\"https:\\\/\\\/radioleinewelle.de\\\/\"},{\"@type\":\"ListItem\",\"position\":2,\"name\":\"Schnee und K\u00e4lte lassen K\u00e4fer nicht kalt\"}]},{\"@type\":\"WebSite\",\"@id\":\"https:\\\/\\\/radioleinewelle.de\\\/#website\",\"url\":\"https:\\\/\\\/radioleinewelle.de\\\/\",\"name\":\"Radio Leinewelle\",\"description\":\"\",\"publisher\":{\"@id\":\"https:\\\/\\\/radioleinewelle.de\\\/#organization\"},\"potentialAction\":[{\"@type\":\"SearchAction\",\"target\":{\"@type\":\"EntryPoint\",\"urlTemplate\":\"https:\\\/\\\/radioleinewelle.de\\\/?s={search_term_string}\"},\"query-input\":{\"@type\":\"PropertyValueSpecification\",\"valueRequired\":true,\"valueName\":\"search_term_string\"}}],\"inLanguage\":\"de\"},{\"@type\":\"Organization\",\"@id\":\"https:\\\/\\\/radioleinewelle.de\\\/#organization\",\"name\":\"Radio Leinewelle\",\"alternateName\":\"Mein Radio f\u00fcr S\u00fcdniedersachsen\",\"url\":\"https:\\\/\\\/radioleinewelle.de\\\/\",\"logo\":{\"@type\":\"ImageObject\",\"inLanguage\":\"de\",\"@id\":\"https:\\\/\\\/radioleinewelle.de\\\/#\\\/schema\\\/logo\\\/image\\\/\",\"url\":\"https:\\\/\\\/radioleinewelle.de\\\/wp-content\\\/uploads\\\/2023\\\/11\\\/cropped-Leinewelle_Logo_weiss.png\",\"contentUrl\":\"https:\\\/\\\/radioleinewelle.de\\\/wp-content\\\/uploads\\\/2023\\\/11\\\/cropped-Leinewelle_Logo_weiss.png\",\"width\":854,\"height\":260,\"caption\":\"Radio Leinewelle\"},\"image\":{\"@id\":\"https:\\\/\\\/radioleinewelle.de\\\/#\\\/schema\\\/logo\\\/image\\\/\"},\"sameAs\":[\"https:\\\/\\\/www.facebook.com\\\/radioleinewelle\",\"https:\\\/\\\/x.com\\\/RLeinewelle\",\"https:\\\/\\\/www.instagram.com\\\/radioleinewelle\\\/?hl=de\"]},{\"@type\":\"Person\",\"@id\":\"https:\\\/\\\/radioleinewelle.de\\\/#\\\/schema\\\/person\\\/45606f348637df637192dc1b68399a63\",\"name\":\"Leinewelle\",\"image\":{\"@type\":\"ImageObject\",\"inLanguage\":\"de\",\"@id\":\"https:\\\/\\\/secure.gravatar.com\\\/avatar\\\/05c9a17bc973052ee5d91549bd32fb4dd0dc85b7b85ae94b2e2b4943476bbea5?s=96&d=blank&r=g\",\"url\":\"https:\\\/\\\/secure.gravatar.com\\\/avatar\\\/05c9a17bc973052ee5d91549bd32fb4dd0dc85b7b85ae94b2e2b4943476bbea5?s=96&d=blank&r=g\",\"contentUrl\":\"https:\\\/\\\/secure.gravatar.com\\\/avatar\\\/05c9a17bc973052ee5d91549bd32fb4dd0dc85b7b85ae94b2e2b4943476bbea5?s=96&d=blank&r=g\",\"caption\":\"Leinewelle\"},\"sameAs\":[\"http:\\\/\\\/localhost\\\/radio%20leinewelle\\\/wordpress\",\"https:\\\/\\\/www.facebook.com\\\/radioleinewelle\",\"https:\\\/\\\/www.instagram.com\\\/radioleinewelle\",\"https:\\\/\\\/x.com\\\/https:\\\/\\\/twitter.com\\\/RLeinewelle?ref_src=twsrcgoogletwcampserptwgrauthor\",\"https:\\\/\\\/soundcloud.com\\\/foerderverein-lokalradio?utm_source=clipboard&utm_medium=text&utm_campaign=social_sharing\"],\"url\":\"https:\\\/\\\/radioleinewelle.de\\\/index.php\\\/author\\\/leinewelle\\\/\"}]}<\/script>\n<!-- \/ Yoast SEO plugin. -->","yoast_head_json":{"title":"Schnee und K\u00e4lte lassen K\u00e4fer nicht kalt - Radio Leinewelle","robots":{"index":"index","follow":"follow","max-snippet":"max-snippet:-1","max-image-preview":"max-image-preview:large","max-video-preview":"max-video-preview:-1"},"canonical":"https:\/\/radioleinewelle.de\/index.php\/2021\/02\/12\/schnee-und-kaelte-lassen-kaefer-nicht-kalt\/","og_locale":"de_DE","og_type":"article","og_title":"Schnee und K\u00e4lte lassen K\u00e4fer nicht kalt - Radio Leinewelle","og_description":"L P D&nbsp;\u2013 \u201eDer niederschlagsreiche Januar und die jetzigen Schneef\u00e4lle im Februar sind f\u00fcr Niedersachsens Waldgebiete in Solling und Harz wichtig und gut. So k\u00f6nnen die Wasserspeicher aufgef\u00fcllt werden, denn sowohl der Dezember und vor allem der November waren viel zu trocken\u201c, freut sich Dr. Bernd von Garmissen von den Forstbetriebsgemeinschaften Solling und S\u00fcdhannover \u00fcber [&hellip;]","og_url":"https:\/\/radioleinewelle.de\/index.php\/2021\/02\/12\/schnee-und-kaelte-lassen-kaefer-nicht-kalt\/","og_site_name":"Radio Leinewelle","article_publisher":"https:\/\/www.facebook.com\/radioleinewelle","article_author":"https:\/\/www.facebook.com\/radioleinewelle","article_published_time":"2021-02-12T11:17:29+00:00","og_image":[{"width":600,"height":397,"url":"https:\/\/radioleinewelle.de\/wp-content\/uploads\/2021\/02\/20210210-Winter-Solling_sbm-scaled-1-e1613128577574.jpg","type":"image\/jpeg"}],"author":"Leinewelle","twitter_card":"summary_large_image","twitter_creator":"@https:\/\/twitter.com\/RLeinewelle?ref_src=twsrcgoogletwcampserptwgrauthor","twitter_site":"@RLeinewelle","twitter_misc":{"Verfasst von":"Leinewelle","Gesch\u00e4tzte Lesezeit":"2\u00a0Minuten"},"schema":{"@context":"https:\/\/schema.org","@graph":[{"@type":"Article","@id":"https:\/\/radioleinewelle.de\/index.php\/2021\/02\/12\/schnee-und-kaelte-lassen-kaefer-nicht-kalt\/#article","isPartOf":{"@id":"https:\/\/radioleinewelle.de\/index.php\/2021\/02\/12\/schnee-und-kaelte-lassen-kaefer-nicht-kalt\/"},"author":{"name":"Leinewelle","@id":"https:\/\/radioleinewelle.de\/#\/schema\/person\/45606f348637df637192dc1b68399a63"},"headline":"Schnee und K\u00e4lte lassen K\u00e4fer nicht kalt","datePublished":"2021-02-12T11:17:29+00:00","mainEntityOfPage":{"@id":"https:\/\/radioleinewelle.de\/index.php\/2021\/02\/12\/schnee-und-kaelte-lassen-kaefer-nicht-kalt\/"},"wordCount":436,"publisher":{"@id":"https:\/\/radioleinewelle.de\/#organization"},"image":{"@id":"https:\/\/radioleinewelle.de\/index.php\/2021\/02\/12\/schnee-und-kaelte-lassen-kaefer-nicht-kalt\/#primaryimage"},"thumbnailUrl":"https:\/\/radioleinewelle.de\/wp-content\/uploads\/2021\/02\/20210210-Winter-Solling_sbm-scaled-1-e1613128577574.jpg","articleSection":["Natur &amp; Umwelt"],"inLanguage":"de"},{"@type":"WebPage","@id":"https:\/\/radioleinewelle.de\/index.php\/2021\/02\/12\/schnee-und-kaelte-lassen-kaefer-nicht-kalt\/","url":"https:\/\/radioleinewelle.de\/index.php\/2021\/02\/12\/schnee-und-kaelte-lassen-kaefer-nicht-kalt\/","name":"Schnee und K\u00e4lte lassen K\u00e4fer nicht kalt - Radio Leinewelle","isPartOf":{"@id":"https:\/\/radioleinewelle.de\/#website"},"primaryImageOfPage":{"@id":"https:\/\/radioleinewelle.de\/index.php\/2021\/02\/12\/schnee-und-kaelte-lassen-kaefer-nicht-kalt\/#primaryimage"},"image":{"@id":"https:\/\/radioleinewelle.de\/index.php\/2021\/02\/12\/schnee-und-kaelte-lassen-kaefer-nicht-kalt\/#primaryimage"},"thumbnailUrl":"https:\/\/radioleinewelle.de\/wp-content\/uploads\/2021\/02\/20210210-Winter-Solling_sbm-scaled-1-e1613128577574.jpg","datePublished":"2021-02-12T11:17:29+00:00","breadcrumb":{"@id":"https:\/\/radioleinewelle.de\/index.php\/2021\/02\/12\/schnee-und-kaelte-lassen-kaefer-nicht-kalt\/#breadcrumb"},"inLanguage":"de","potentialAction":[{"@type":"ReadAction","target":["https:\/\/radioleinewelle.de\/index.php\/2021\/02\/12\/schnee-und-kaelte-lassen-kaefer-nicht-kalt\/"]}]},{"@type":"ImageObject","inLanguage":"de","@id":"https:\/\/radioleinewelle.de\/index.php\/2021\/02\/12\/schnee-und-kaelte-lassen-kaefer-nicht-kalt\/#primaryimage","url":"https:\/\/radioleinewelle.de\/wp-content\/uploads\/2021\/02\/20210210-Winter-Solling_sbm-scaled-1-e1613128577574.jpg","contentUrl":"https:\/\/radioleinewelle.de\/wp-content\/uploads\/2021\/02\/20210210-Winter-Solling_sbm-scaled-1-e1613128577574.jpg","width":600,"height":397},{"@type":"BreadcrumbList","@id":"https:\/\/radioleinewelle.de\/index.php\/2021\/02\/12\/schnee-und-kaelte-lassen-kaefer-nicht-kalt\/#breadcrumb","itemListElement":[{"@type":"ListItem","position":1,"name":"Startseite","item":"https:\/\/radioleinewelle.de\/"},{"@type":"ListItem","position":2,"name":"Schnee und K\u00e4lte lassen K\u00e4fer nicht kalt"}]},{"@type":"WebSite","@id":"https:\/\/radioleinewelle.de\/#website","url":"https:\/\/radioleinewelle.de\/","name":"Radio Leinewelle","description":"","publisher":{"@id":"https:\/\/radioleinewelle.de\/#organization"},"potentialAction":[{"@type":"SearchAction","target":{"@type":"EntryPoint","urlTemplate":"https:\/\/radioleinewelle.de\/?s={search_term_string}"},"query-input":{"@type":"PropertyValueSpecification","valueRequired":true,"valueName":"search_term_string"}}],"inLanguage":"de"},{"@type":"Organization","@id":"https:\/\/radioleinewelle.de\/#organization","name":"Radio Leinewelle","alternateName":"Mein Radio f\u00fcr S\u00fcdniedersachsen","url":"https:\/\/radioleinewelle.de\/","logo":{"@type":"ImageObject","inLanguage":"de","@id":"https:\/\/radioleinewelle.de\/#\/schema\/logo\/image\/","url":"https:\/\/radioleinewelle.de\/wp-content\/uploads\/2023\/11\/cropped-Leinewelle_Logo_weiss.png","contentUrl":"https:\/\/radioleinewelle.de\/wp-content\/uploads\/2023\/11\/cropped-Leinewelle_Logo_weiss.png","width":854,"height":260,"caption":"Radio Leinewelle"},"image":{"@id":"https:\/\/radioleinewelle.de\/#\/schema\/logo\/image\/"},"sameAs":["https:\/\/www.facebook.com\/radioleinewelle","https:\/\/x.com\/RLeinewelle","https:\/\/www.instagram.com\/radioleinewelle\/?hl=de"]},{"@type":"Person","@id":"https:\/\/radioleinewelle.de\/#\/schema\/person\/45606f348637df637192dc1b68399a63","name":"Leinewelle","image":{"@type":"ImageObject","inLanguage":"de","@id":"https:\/\/secure.gravatar.com\/avatar\/05c9a17bc973052ee5d91549bd32fb4dd0dc85b7b85ae94b2e2b4943476bbea5?s=96&d=blank&r=g","url":"https:\/\/secure.gravatar.com\/avatar\/05c9a17bc973052ee5d91549bd32fb4dd0dc85b7b85ae94b2e2b4943476bbea5?s=96&d=blank&r=g","contentUrl":"https:\/\/secure.gravatar.com\/avatar\/05c9a17bc973052ee5d91549bd32fb4dd0dc85b7b85ae94b2e2b4943476bbea5?s=96&d=blank&r=g","caption":"Leinewelle"},"sameAs":["http:\/\/localhost\/radio%20leinewelle\/wordpress","https:\/\/www.facebook.com\/radioleinewelle","https:\/\/www.instagram.com\/radioleinewelle","https:\/\/x.com\/https:\/\/twitter.com\/RLeinewelle?ref_src=twsrcgoogletwcampserptwgrauthor","https:\/\/soundcloud.com\/foerderverein-lokalradio?utm_source=clipboard&utm_medium=text&utm_campaign=social_sharing"],"url":"https:\/\/radioleinewelle.de\/index.php\/author\/leinewelle\/"}]}},"_links":{"self":[{"href":"https:\/\/radioleinewelle.de\/index.php\/wp-json\/wp\/v2\/posts\/5187","targetHints":{"allow":["GET"]}}],"collection":[{"href":"https:\/\/radioleinewelle.de\/index.php\/wp-json\/wp\/v2\/posts"}],"about":[{"href":"https:\/\/radioleinewelle.de\/index.php\/wp-json\/wp\/v2\/types\/post"}],"author":[{"embeddable":true,"href":"https:\/\/radioleinewelle.de\/index.php\/wp-json\/wp\/v2\/users\/1"}],"replies":[{"embeddable":true,"href":"https:\/\/radioleinewelle.de\/index.php\/wp-json\/wp\/v2\/comments?post=5187"}],"version-history":[{"count":0,"href":"https:\/\/radioleinewelle.de\/index.php\/wp-json\/wp\/v2\/posts\/5187\/revisions"}],"wp:featuredmedia":[{"embeddable":true,"href":"https:\/\/radioleinewelle.de\/index.php\/wp-json\/wp\/v2\/media\/5188"}],"wp:attachment":[{"href":"https:\/\/radioleinewelle.de\/index.php\/wp-json\/wp\/v2\/media?parent=5187"}],"wp:term":[{"taxonomy":"category","embeddable":true,"href":"https:\/\/radioleinewelle.de\/index.php\/wp-json\/wp\/v2\/categories?post=5187"},{"taxonomy":"post_tag","embeddable":true,"href":"https:\/\/radioleinewelle.de\/index.php\/wp-json\/wp\/v2\/tags?post=5187"}],"curies":[{"name":"wp","href":"https:\/\/api.w.org\/{rel}","templated":true}]}}