{"id":5190,"date":"2021-02-12T17:58:54","date_gmt":"2021-02-12T16:58:54","guid":{"rendered":"https:\/\/radioleinewelle.de\/?p=5190"},"modified":"2021-02-12T17:58:54","modified_gmt":"2021-02-12T16:58:54","slug":"keine-oeffnungsperspektive-fuer-das-gaststaettengewerbe-bundesverband-dehoga-enttaeuscht","status":"publish","type":"post","link":"https:\/\/radioleinewelle.de\/index.php\/2021\/02\/12\/keine-oeffnungsperspektive-fuer-das-gaststaettengewerbe-bundesverband-dehoga-enttaeuscht\/","title":{"rendered":"Keine \u00d6ffnungsperspektive f\u00fcr das Gastst\u00e4ttengewerbe &#8211; Bundesverband DEHOGA entt\u00e4uscht"},"content":{"rendered":"\n<p><strong>(Berlin, 11. Februar 2021) Der Deutsche Hotel- und Gastst\u00e4ttenverband (DEHOGA Bundesverband) hat mit tiefer Entt\u00e4uschung und Verst\u00e4ndnislosigkeit auf die Entscheidungen der Bund-L\u00e4nder-Konferenz vom 10. Februar reagiert. \u201e<\/strong><strong>Dass Hotels und Restaurants in dem vorliegenden Beschluss mit keinem Wort erw\u00e4hnt werden, l\u00f6st in der Branche Frust und Verzweiflung aus\u201c, sagt Guido Z\u00f6llick, Pr\u00e4sident des DEHOGA Bundesverbandes. \u201eWir haben nicht mit einem konkreten \u00d6ffnungsdatum gerechnet, aber definitiv mit einer Aussage, wann, wie und unter welchen Voraussetzungen Hotels und Restaurants wieder G\u00e4ste empfangen d\u00fcrfen.\u201c Die Branche besitze h\u00f6chste Bedeutung f\u00fcr die Lebensqualit\u00e4t der Menschen sowie die Attraktivit\u00e4t der Innenst\u00e4dte und der Regionen. Seit 2. November befindet sich das Gastgewerbe erneut im Lockdown. \u201eEnde Februar werden unsere Betriebe inklusive der Zwangspause im Fr\u00fchjahr 2020 insgesamt sechs Monate geschlossen sein\u201c, macht Z\u00f6llick deutlich. \u201eUnsere Betriebe sind wieder diejenigen, die als erste geschlossen wurden und offensichtlich als letzte wieder \u00f6ffnen d\u00fcrfen. Das ist unseren Betrieben nicht vermittelbar. In erheblichen Umfang haben sie in Schutz- und Hygienekonzepte investiert.\u201c&nbsp;<\/strong><\/p>\n\n\n\n<p>Nach dem Corona-Jahr seien die Konten leer, die R\u00fccklagen aufgebraucht, die Betriebe st\u00fcnden mit dem R\u00fccken zur Wand. \u201eDrei Viertel der gastgewerblichen Unternehmen bangen laut einer DEHOGA-Umfrage von Anfang Januar um ihre Existenz\u201c, berichtet Z\u00f6llick. \u201eLage und Stimmung sind katastrophal\u201c. Die zugesagten Novemberhilfen seien bei vielen Betrieben, rund 30 bis 40 Prozent, immer noch nicht vollst\u00e4ndig zur Auszahlung gekommen. Gr\u00f6\u00dfere Unternehmen k\u00f6nnten noch nicht einmal einen Antrag stellen. \u201eIn dieser Situation den Gastgebern kein Konzept f\u00fcr eine Perspektive zu vermitteln, verkennt die existenziellen N\u00f6te sowie die Verzweiflung bei Unternehmern und Besch\u00e4ftigten\u201c, so Z\u00f6llick. Es sei nicht nachvollziehbar, dass die bei der Bund-L\u00e4nder-Konferenz am 19. Januar versprochene \u00d6ffnungsstrategie nicht vorgelegt wurde.<\/p>\n\n\n\n<p>Im Gegensatz dazu habe der DEHOGA detaillierte Leitlinien f\u00fcr ein verantwortungsvolles Wiederhochfahren des Gastgewerbes ausgearbeitet. Die Landesverb\u00e4nde h\u00e4tten Stufenpl\u00e4ne entwickelt. \u201eSp\u00e4testens zum n\u00e4chsten Bund-L\u00e4nder-Treffen am 3. M\u00e4rz erwarten wir eine klare \u00d6ffnungsperspektive mit klaren Eckwerten zum Re-Start des Gastgewerbes\u201c, sagt Z\u00f6llick.&nbsp;<\/p>\n\n\n\n<p>\u201eZusammen mit unseren G\u00e4sten hoffen wir, dass wir sp\u00e4testens eine Woche vor Ostern wieder aufmachen k\u00f6nnen, damit nicht ein zweites Mal das Ostergesch\u00e4ft ausf\u00e4llt.\u201c Dabei sei klar, dass die Gesundheit der G\u00e4ste, Mitarbeiter und Unternehmer h\u00f6chste Priorit\u00e4t habe. Z\u00f6llick: \u201eWir sind die Branche der Gastfreundschaft.\u201c Die Branche habe bewiesen, dass sie strenge Schutz- und Hygienekonzepte umsetzen kann. Das Gastgewerbe sei nachweislich kein Pandemietreiber. \u201eHotels und Restaurants werden auch zuk\u00fcnftig alle notwendigen Ma\u00dfnahmen zur Eind\u00e4mmung der Corona-Pandemie konsequent mittragen\u201c, sagt Z\u00f6llick. \u201eWir erwarten jedoch, dass diese gut begr\u00fcndet, nachvollziehbar und verh\u00e4ltnism\u00e4\u00dfig im Rechtssinne sind.\u201c Daf\u00fcr sei es elementar wichtig, dass seitens der Politik alle Ma\u00dfnahmen intensiviert werden, um die Infektionslage zu verbessern. So erwartet der DEHOGA deutlich mehr Tempo bei der erfolgreichen Umsetzung der Impfstrategie. Auch die Besch\u00e4ftigten in Gastronomie und Hotellerie seien in den Impf-Zeitplan aufzunehmen. Zudem sei das Angebot von Corona-Tests, im besten Fall kostenfrei, fl\u00e4chendeckend auszubauen, die k\u00f6nnten zum Beispiel bei Veranstaltungen, Kongressen oder auf Reisen die Sicherheit noch einmal erh\u00f6hen.<\/p>\n\n\n\n<p><\/p>\n\n\n\n<p><\/p>\n\n\n\n<p>Bild von&nbsp;<a href=\"https:\/\/pixabay.com\/de\/users\/bru-no-1161770\/?utm_source=link-attribution&amp;utm_medium=referral&amp;utm_campaign=image&amp;utm_content=3489377\">Bruno \/Germany<\/a>&nbsp;auf&nbsp;<a href=\"https:\/\/pixabay.com\/de\/?utm_source=link-attribution&amp;utm_medium=referral&amp;utm_campaign=image&amp;utm_content=3489377\">Pixabay<\/a><\/p>\n","protected":false},"excerpt":{"rendered":"<p>(Berlin, 11. Februar 2021) Der Deutsche Hotel- und Gastst\u00e4ttenverband (DEHOGA Bundesverband) hat mit tiefer Entt\u00e4uschung und Verst\u00e4ndnislosigkeit auf die Entscheidungen der Bund-L\u00e4nder-Konferenz vom 10. Februar reagiert. \u201eDass Hotels und Restaurants in dem vorliegenden Beschluss mit keinem Wort erw\u00e4hnt werden, l\u00f6st in der Branche Frust und Verzweiflung aus\u201c, sagt Guido Z\u00f6llick, Pr\u00e4sident des DEHOGA Bundesverbandes. \u201eWir [&hellip;]<\/p>\n","protected":false},"author":1,"featured_media":0,"comment_status":"closed","ping_status":"closed","sticky":false,"template":"","format":"standard","meta":{"saved_in_kubio":false,"footnotes":""},"categories":[38],"tags":[],"class_list":["post-5190","post","type-post","status-publish","format-standard","hentry","category-wirtschaft"],"yoast_head":"<!-- This site is optimized with the Yoast SEO plugin v27.5 - https:\/\/yoast.com\/product\/yoast-seo-wordpress\/ -->\n<title>Keine \u00d6ffnungsperspektive f\u00fcr das Gastst\u00e4ttengewerbe - Bundesverband DEHOGA entt\u00e4uscht - Radio Leinewelle<\/title>\n<meta name=\"robots\" content=\"index, follow, max-snippet:-1, max-image-preview:large, max-video-preview:-1\" \/>\n<link rel=\"canonical\" href=\"https:\/\/radioleinewelle.de\/index.php\/2021\/02\/12\/keine-oeffnungsperspektive-fuer-das-gaststaettengewerbe-bundesverband-dehoga-enttaeuscht\/\" \/>\n<meta property=\"og:locale\" content=\"de_DE\" \/>\n<meta property=\"og:type\" content=\"article\" \/>\n<meta property=\"og:title\" content=\"Keine \u00d6ffnungsperspektive f\u00fcr das Gastst\u00e4ttengewerbe - Bundesverband DEHOGA entt\u00e4uscht - Radio Leinewelle\" \/>\n<meta property=\"og:description\" content=\"(Berlin, 11. Februar 2021) Der Deutsche Hotel- und Gastst\u00e4ttenverband (DEHOGA Bundesverband) hat mit tiefer Entt\u00e4uschung und Verst\u00e4ndnislosigkeit auf die Entscheidungen der Bund-L\u00e4nder-Konferenz vom 10. Februar reagiert. \u201eDass Hotels und Restaurants in dem vorliegenden Beschluss mit keinem Wort erw\u00e4hnt werden, l\u00f6st in der Branche Frust und Verzweiflung aus\u201c, sagt Guido Z\u00f6llick, Pr\u00e4sident des DEHOGA Bundesverbandes. \u201eWir [&hellip;]\" \/>\n<meta property=\"og:url\" content=\"https:\/\/radioleinewelle.de\/index.php\/2021\/02\/12\/keine-oeffnungsperspektive-fuer-das-gaststaettengewerbe-bundesverband-dehoga-enttaeuscht\/\" \/>\n<meta property=\"og:site_name\" content=\"Radio Leinewelle\" \/>\n<meta property=\"article:publisher\" content=\"https:\/\/www.facebook.com\/radioleinewelle\" \/>\n<meta property=\"article:author\" content=\"https:\/\/www.facebook.com\/radioleinewelle\" \/>\n<meta property=\"article:published_time\" content=\"2021-02-12T16:58:54+00:00\" \/>\n<meta name=\"author\" content=\"Leinewelle\" \/>\n<meta name=\"twitter:card\" content=\"summary_large_image\" \/>\n<meta name=\"twitter:creator\" content=\"@https:\/\/twitter.com\/RLeinewelle?ref_src=twsrcgoogletwcampserptwgrauthor\" \/>\n<meta name=\"twitter:site\" content=\"@RLeinewelle\" \/>\n<meta name=\"twitter:label1\" content=\"Verfasst von\" \/>\n\t<meta name=\"twitter:data1\" content=\"Leinewelle\" \/>\n\t<meta name=\"twitter:label2\" content=\"Gesch\u00e4tzte Lesezeit\" \/>\n\t<meta name=\"twitter:data2\" content=\"3\u00a0Minuten\" \/>\n<script type=\"application\/ld+json\" class=\"yoast-schema-graph\">{\"@context\":\"https:\\\/\\\/schema.org\",\"@graph\":[{\"@type\":\"Article\",\"@id\":\"https:\\\/\\\/radioleinewelle.de\\\/index.php\\\/2021\\\/02\\\/12\\\/keine-oeffnungsperspektive-fuer-das-gaststaettengewerbe-bundesverband-dehoga-enttaeuscht\\\/#article\",\"isPartOf\":{\"@id\":\"https:\\\/\\\/radioleinewelle.de\\\/index.php\\\/2021\\\/02\\\/12\\\/keine-oeffnungsperspektive-fuer-das-gaststaettengewerbe-bundesverband-dehoga-enttaeuscht\\\/\"},\"author\":{\"name\":\"Leinewelle\",\"@id\":\"https:\\\/\\\/radioleinewelle.de\\\/#\\\/schema\\\/person\\\/45606f348637df637192dc1b68399a63\"},\"headline\":\"Keine \u00d6ffnungsperspektive f\u00fcr das Gastst\u00e4ttengewerbe &#8211; Bundesverband DEHOGA entt\u00e4uscht\",\"datePublished\":\"2021-02-12T16:58:54+00:00\",\"mainEntityOfPage\":{\"@id\":\"https:\\\/\\\/radioleinewelle.de\\\/index.php\\\/2021\\\/02\\\/12\\\/keine-oeffnungsperspektive-fuer-das-gaststaettengewerbe-bundesverband-dehoga-enttaeuscht\\\/\"},\"wordCount\":549,\"publisher\":{\"@id\":\"https:\\\/\\\/radioleinewelle.de\\\/#organization\"},\"articleSection\":[\"Wirtschaft\"],\"inLanguage\":\"de\"},{\"@type\":\"WebPage\",\"@id\":\"https:\\\/\\\/radioleinewelle.de\\\/index.php\\\/2021\\\/02\\\/12\\\/keine-oeffnungsperspektive-fuer-das-gaststaettengewerbe-bundesverband-dehoga-enttaeuscht\\\/\",\"url\":\"https:\\\/\\\/radioleinewelle.de\\\/index.php\\\/2021\\\/02\\\/12\\\/keine-oeffnungsperspektive-fuer-das-gaststaettengewerbe-bundesverband-dehoga-enttaeuscht\\\/\",\"name\":\"Keine \u00d6ffnungsperspektive f\u00fcr das Gastst\u00e4ttengewerbe - Bundesverband DEHOGA entt\u00e4uscht - Radio Leinewelle\",\"isPartOf\":{\"@id\":\"https:\\\/\\\/radioleinewelle.de\\\/#website\"},\"datePublished\":\"2021-02-12T16:58:54+00:00\",\"breadcrumb\":{\"@id\":\"https:\\\/\\\/radioleinewelle.de\\\/index.php\\\/2021\\\/02\\\/12\\\/keine-oeffnungsperspektive-fuer-das-gaststaettengewerbe-bundesverband-dehoga-enttaeuscht\\\/#breadcrumb\"},\"inLanguage\":\"de\",\"potentialAction\":[{\"@type\":\"ReadAction\",\"target\":[\"https:\\\/\\\/radioleinewelle.de\\\/index.php\\\/2021\\\/02\\\/12\\\/keine-oeffnungsperspektive-fuer-das-gaststaettengewerbe-bundesverband-dehoga-enttaeuscht\\\/\"]}]},{\"@type\":\"BreadcrumbList\",\"@id\":\"https:\\\/\\\/radioleinewelle.de\\\/index.php\\\/2021\\\/02\\\/12\\\/keine-oeffnungsperspektive-fuer-das-gaststaettengewerbe-bundesverband-dehoga-enttaeuscht\\\/#breadcrumb\",\"itemListElement\":[{\"@type\":\"ListItem\",\"position\":1,\"name\":\"Startseite\",\"item\":\"https:\\\/\\\/radioleinewelle.de\\\/\"},{\"@type\":\"ListItem\",\"position\":2,\"name\":\"Keine \u00d6ffnungsperspektive f\u00fcr das Gastst\u00e4ttengewerbe &#8211; Bundesverband DEHOGA entt\u00e4uscht\"}]},{\"@type\":\"WebSite\",\"@id\":\"https:\\\/\\\/radioleinewelle.de\\\/#website\",\"url\":\"https:\\\/\\\/radioleinewelle.de\\\/\",\"name\":\"Radio Leinewelle\",\"description\":\"\",\"publisher\":{\"@id\":\"https:\\\/\\\/radioleinewelle.de\\\/#organization\"},\"potentialAction\":[{\"@type\":\"SearchAction\",\"target\":{\"@type\":\"EntryPoint\",\"urlTemplate\":\"https:\\\/\\\/radioleinewelle.de\\\/?s={search_term_string}\"},\"query-input\":{\"@type\":\"PropertyValueSpecification\",\"valueRequired\":true,\"valueName\":\"search_term_string\"}}],\"inLanguage\":\"de\"},{\"@type\":\"Organization\",\"@id\":\"https:\\\/\\\/radioleinewelle.de\\\/#organization\",\"name\":\"Radio Leinewelle\",\"alternateName\":\"Mein Radio f\u00fcr S\u00fcdniedersachsen\",\"url\":\"https:\\\/\\\/radioleinewelle.de\\\/\",\"logo\":{\"@type\":\"ImageObject\",\"inLanguage\":\"de\",\"@id\":\"https:\\\/\\\/radioleinewelle.de\\\/#\\\/schema\\\/logo\\\/image\\\/\",\"url\":\"https:\\\/\\\/radioleinewelle.de\\\/wp-content\\\/uploads\\\/2023\\\/11\\\/cropped-Leinewelle_Logo_weiss.png\",\"contentUrl\":\"https:\\\/\\\/radioleinewelle.de\\\/wp-content\\\/uploads\\\/2023\\\/11\\\/cropped-Leinewelle_Logo_weiss.png\",\"width\":854,\"height\":260,\"caption\":\"Radio Leinewelle\"},\"image\":{\"@id\":\"https:\\\/\\\/radioleinewelle.de\\\/#\\\/schema\\\/logo\\\/image\\\/\"},\"sameAs\":[\"https:\\\/\\\/www.facebook.com\\\/radioleinewelle\",\"https:\\\/\\\/x.com\\\/RLeinewelle\",\"https:\\\/\\\/www.instagram.com\\\/radioleinewelle\\\/?hl=de\"]},{\"@type\":\"Person\",\"@id\":\"https:\\\/\\\/radioleinewelle.de\\\/#\\\/schema\\\/person\\\/45606f348637df637192dc1b68399a63\",\"name\":\"Leinewelle\",\"image\":{\"@type\":\"ImageObject\",\"inLanguage\":\"de\",\"@id\":\"https:\\\/\\\/secure.gravatar.com\\\/avatar\\\/05c9a17bc973052ee5d91549bd32fb4dd0dc85b7b85ae94b2e2b4943476bbea5?s=96&d=blank&r=g\",\"url\":\"https:\\\/\\\/secure.gravatar.com\\\/avatar\\\/05c9a17bc973052ee5d91549bd32fb4dd0dc85b7b85ae94b2e2b4943476bbea5?s=96&d=blank&r=g\",\"contentUrl\":\"https:\\\/\\\/secure.gravatar.com\\\/avatar\\\/05c9a17bc973052ee5d91549bd32fb4dd0dc85b7b85ae94b2e2b4943476bbea5?s=96&d=blank&r=g\",\"caption\":\"Leinewelle\"},\"sameAs\":[\"http:\\\/\\\/localhost\\\/radio%20leinewelle\\\/wordpress\",\"https:\\\/\\\/www.facebook.com\\\/radioleinewelle\",\"https:\\\/\\\/www.instagram.com\\\/radioleinewelle\",\"https:\\\/\\\/x.com\\\/https:\\\/\\\/twitter.com\\\/RLeinewelle?ref_src=twsrcgoogletwcampserptwgrauthor\",\"https:\\\/\\\/soundcloud.com\\\/foerderverein-lokalradio?utm_source=clipboard&utm_medium=text&utm_campaign=social_sharing\"],\"url\":\"https:\\\/\\\/radioleinewelle.de\\\/index.php\\\/author\\\/leinewelle\\\/\"}]}<\/script>\n<!-- \/ Yoast SEO plugin. -->","yoast_head_json":{"title":"Keine \u00d6ffnungsperspektive f\u00fcr das Gastst\u00e4ttengewerbe - Bundesverband DEHOGA entt\u00e4uscht - Radio Leinewelle","robots":{"index":"index","follow":"follow","max-snippet":"max-snippet:-1","max-image-preview":"max-image-preview:large","max-video-preview":"max-video-preview:-1"},"canonical":"https:\/\/radioleinewelle.de\/index.php\/2021\/02\/12\/keine-oeffnungsperspektive-fuer-das-gaststaettengewerbe-bundesverband-dehoga-enttaeuscht\/","og_locale":"de_DE","og_type":"article","og_title":"Keine \u00d6ffnungsperspektive f\u00fcr das Gastst\u00e4ttengewerbe - Bundesverband DEHOGA entt\u00e4uscht - Radio Leinewelle","og_description":"(Berlin, 11. Februar 2021) Der Deutsche Hotel- und Gastst\u00e4ttenverband (DEHOGA Bundesverband) hat mit tiefer Entt\u00e4uschung und Verst\u00e4ndnislosigkeit auf die Entscheidungen der Bund-L\u00e4nder-Konferenz vom 10. Februar reagiert. \u201eDass Hotels und Restaurants in dem vorliegenden Beschluss mit keinem Wort erw\u00e4hnt werden, l\u00f6st in der Branche Frust und Verzweiflung aus\u201c, sagt Guido Z\u00f6llick, Pr\u00e4sident des DEHOGA Bundesverbandes. \u201eWir [&hellip;]","og_url":"https:\/\/radioleinewelle.de\/index.php\/2021\/02\/12\/keine-oeffnungsperspektive-fuer-das-gaststaettengewerbe-bundesverband-dehoga-enttaeuscht\/","og_site_name":"Radio Leinewelle","article_publisher":"https:\/\/www.facebook.com\/radioleinewelle","article_author":"https:\/\/www.facebook.com\/radioleinewelle","article_published_time":"2021-02-12T16:58:54+00:00","author":"Leinewelle","twitter_card":"summary_large_image","twitter_creator":"@https:\/\/twitter.com\/RLeinewelle?ref_src=twsrcgoogletwcampserptwgrauthor","twitter_site":"@RLeinewelle","twitter_misc":{"Verfasst von":"Leinewelle","Gesch\u00e4tzte Lesezeit":"3\u00a0Minuten"},"schema":{"@context":"https:\/\/schema.org","@graph":[{"@type":"Article","@id":"https:\/\/radioleinewelle.de\/index.php\/2021\/02\/12\/keine-oeffnungsperspektive-fuer-das-gaststaettengewerbe-bundesverband-dehoga-enttaeuscht\/#article","isPartOf":{"@id":"https:\/\/radioleinewelle.de\/index.php\/2021\/02\/12\/keine-oeffnungsperspektive-fuer-das-gaststaettengewerbe-bundesverband-dehoga-enttaeuscht\/"},"author":{"name":"Leinewelle","@id":"https:\/\/radioleinewelle.de\/#\/schema\/person\/45606f348637df637192dc1b68399a63"},"headline":"Keine \u00d6ffnungsperspektive f\u00fcr das Gastst\u00e4ttengewerbe &#8211; Bundesverband DEHOGA entt\u00e4uscht","datePublished":"2021-02-12T16:58:54+00:00","mainEntityOfPage":{"@id":"https:\/\/radioleinewelle.de\/index.php\/2021\/02\/12\/keine-oeffnungsperspektive-fuer-das-gaststaettengewerbe-bundesverband-dehoga-enttaeuscht\/"},"wordCount":549,"publisher":{"@id":"https:\/\/radioleinewelle.de\/#organization"},"articleSection":["Wirtschaft"],"inLanguage":"de"},{"@type":"WebPage","@id":"https:\/\/radioleinewelle.de\/index.php\/2021\/02\/12\/keine-oeffnungsperspektive-fuer-das-gaststaettengewerbe-bundesverband-dehoga-enttaeuscht\/","url":"https:\/\/radioleinewelle.de\/index.php\/2021\/02\/12\/keine-oeffnungsperspektive-fuer-das-gaststaettengewerbe-bundesverband-dehoga-enttaeuscht\/","name":"Keine \u00d6ffnungsperspektive f\u00fcr das Gastst\u00e4ttengewerbe - Bundesverband DEHOGA entt\u00e4uscht - Radio Leinewelle","isPartOf":{"@id":"https:\/\/radioleinewelle.de\/#website"},"datePublished":"2021-02-12T16:58:54+00:00","breadcrumb":{"@id":"https:\/\/radioleinewelle.de\/index.php\/2021\/02\/12\/keine-oeffnungsperspektive-fuer-das-gaststaettengewerbe-bundesverband-dehoga-enttaeuscht\/#breadcrumb"},"inLanguage":"de","potentialAction":[{"@type":"ReadAction","target":["https:\/\/radioleinewelle.de\/index.php\/2021\/02\/12\/keine-oeffnungsperspektive-fuer-das-gaststaettengewerbe-bundesverband-dehoga-enttaeuscht\/"]}]},{"@type":"BreadcrumbList","@id":"https:\/\/radioleinewelle.de\/index.php\/2021\/02\/12\/keine-oeffnungsperspektive-fuer-das-gaststaettengewerbe-bundesverband-dehoga-enttaeuscht\/#breadcrumb","itemListElement":[{"@type":"ListItem","position":1,"name":"Startseite","item":"https:\/\/radioleinewelle.de\/"},{"@type":"ListItem","position":2,"name":"Keine \u00d6ffnungsperspektive f\u00fcr das Gastst\u00e4ttengewerbe &#8211; Bundesverband DEHOGA entt\u00e4uscht"}]},{"@type":"WebSite","@id":"https:\/\/radioleinewelle.de\/#website","url":"https:\/\/radioleinewelle.de\/","name":"Radio Leinewelle","description":"","publisher":{"@id":"https:\/\/radioleinewelle.de\/#organization"},"potentialAction":[{"@type":"SearchAction","target":{"@type":"EntryPoint","urlTemplate":"https:\/\/radioleinewelle.de\/?s={search_term_string}"},"query-input":{"@type":"PropertyValueSpecification","valueRequired":true,"valueName":"search_term_string"}}],"inLanguage":"de"},{"@type":"Organization","@id":"https:\/\/radioleinewelle.de\/#organization","name":"Radio Leinewelle","alternateName":"Mein Radio f\u00fcr S\u00fcdniedersachsen","url":"https:\/\/radioleinewelle.de\/","logo":{"@type":"ImageObject","inLanguage":"de","@id":"https:\/\/radioleinewelle.de\/#\/schema\/logo\/image\/","url":"https:\/\/radioleinewelle.de\/wp-content\/uploads\/2023\/11\/cropped-Leinewelle_Logo_weiss.png","contentUrl":"https:\/\/radioleinewelle.de\/wp-content\/uploads\/2023\/11\/cropped-Leinewelle_Logo_weiss.png","width":854,"height":260,"caption":"Radio Leinewelle"},"image":{"@id":"https:\/\/radioleinewelle.de\/#\/schema\/logo\/image\/"},"sameAs":["https:\/\/www.facebook.com\/radioleinewelle","https:\/\/x.com\/RLeinewelle","https:\/\/www.instagram.com\/radioleinewelle\/?hl=de"]},{"@type":"Person","@id":"https:\/\/radioleinewelle.de\/#\/schema\/person\/45606f348637df637192dc1b68399a63","name":"Leinewelle","image":{"@type":"ImageObject","inLanguage":"de","@id":"https:\/\/secure.gravatar.com\/avatar\/05c9a17bc973052ee5d91549bd32fb4dd0dc85b7b85ae94b2e2b4943476bbea5?s=96&d=blank&r=g","url":"https:\/\/secure.gravatar.com\/avatar\/05c9a17bc973052ee5d91549bd32fb4dd0dc85b7b85ae94b2e2b4943476bbea5?s=96&d=blank&r=g","contentUrl":"https:\/\/secure.gravatar.com\/avatar\/05c9a17bc973052ee5d91549bd32fb4dd0dc85b7b85ae94b2e2b4943476bbea5?s=96&d=blank&r=g","caption":"Leinewelle"},"sameAs":["http:\/\/localhost\/radio%20leinewelle\/wordpress","https:\/\/www.facebook.com\/radioleinewelle","https:\/\/www.instagram.com\/radioleinewelle","https:\/\/x.com\/https:\/\/twitter.com\/RLeinewelle?ref_src=twsrcgoogletwcampserptwgrauthor","https:\/\/soundcloud.com\/foerderverein-lokalradio?utm_source=clipboard&utm_medium=text&utm_campaign=social_sharing"],"url":"https:\/\/radioleinewelle.de\/index.php\/author\/leinewelle\/"}]}},"_links":{"self":[{"href":"https:\/\/radioleinewelle.de\/index.php\/wp-json\/wp\/v2\/posts\/5190","targetHints":{"allow":["GET"]}}],"collection":[{"href":"https:\/\/radioleinewelle.de\/index.php\/wp-json\/wp\/v2\/posts"}],"about":[{"href":"https:\/\/radioleinewelle.de\/index.php\/wp-json\/wp\/v2\/types\/post"}],"author":[{"embeddable":true,"href":"https:\/\/radioleinewelle.de\/index.php\/wp-json\/wp\/v2\/users\/1"}],"replies":[{"embeddable":true,"href":"https:\/\/radioleinewelle.de\/index.php\/wp-json\/wp\/v2\/comments?post=5190"}],"version-history":[{"count":0,"href":"https:\/\/radioleinewelle.de\/index.php\/wp-json\/wp\/v2\/posts\/5190\/revisions"}],"wp:attachment":[{"href":"https:\/\/radioleinewelle.de\/index.php\/wp-json\/wp\/v2\/media?parent=5190"}],"wp:term":[{"taxonomy":"category","embeddable":true,"href":"https:\/\/radioleinewelle.de\/index.php\/wp-json\/wp\/v2\/categories?post=5190"},{"taxonomy":"post_tag","embeddable":true,"href":"https:\/\/radioleinewelle.de\/index.php\/wp-json\/wp\/v2\/tags?post=5190"}],"curies":[{"name":"wp","href":"https:\/\/api.w.org\/{rel}","templated":true}]}}