{"id":5194,"date":"2021-02-13T05:06:00","date_gmt":"2021-02-13T04:06:00","guid":{"rendered":"https:\/\/radioleinewelle.de\/?p=5194"},"modified":"2021-02-13T05:06:00","modified_gmt":"2021-02-13T04:06:00","slug":"kultur-braucht-solidaritaet-ver-di-unterstuetzt-demonstration-und-kundgebung-am-14-02-2021-in-braunschweig","status":"publish","type":"post","link":"https:\/\/radioleinewelle.de\/index.php\/2021\/02\/13\/kultur-braucht-solidaritaet-ver-di-unterstuetzt-demonstration-und-kundgebung-am-14-02-2021-in-braunschweig\/","title":{"rendered":"Kultur braucht Solidarit\u00e4t &#8211; ver.di unterst\u00fctzt Demonstration und Kundgebung am 14.02.2021 in Braunschweig"},"content":{"rendered":"\n<p><a href=\"https:\/\/region-s-o-n.verdi.de\/++file++5f6c7660a0e1be80ebd4173e\/download\/H%C3%A4nde%20%28Pixabay_access-933142_Gerd%20Altmann%29.jpg\"><\/a><\/p>\n\n\n\n<p><strong>Der ver.di Bezirk S\u00fcd-Ost-Niedersachsen begr\u00fc\u00dft die Demonstration der Kulturveranstalter und der \u201eKulturgesichter\u201c am Sonntag in Braunschweig. Es sei gut, dass sich diese mit ihren vielen Besch\u00e4ftigten und viele K\u00fcnstlerinne und K\u00fcnstler zu Wort meldeten. So werde deutlich, dass Kultur mehr sei als die Leipziger Buchmesse, die Oper, das Theater, die gro\u00dfen Museen und die Kinos.<\/strong><\/p>\n\n\n\n<p>Sebastian Wertm\u00fcller, ver.di-Gesch\u00e4ftsf\u00fchrer in Braunschweig: \u201eFestivals und Konzerte, Ausstellungen, Partys und andere Events sind ohne professionelle Veranstalter mit ihrem Personal und ihrem Equipment nicht denkbar. Und die alle haben ja seit einem Jahr praktisch Sendepause. Das zehrt an den Menschen, an den Besch\u00e4ftigten und an den K\u00fcnstler*innen.\u201c<\/p>\n\n\n\n<p>Wertm\u00fcller sieht die Gefahr, dass die Gesellschaft sich an einen Zustand gew\u00f6hnen k\u00f6nne und dabei eine ganze Branche unterzugehen drohe.<\/p>\n\n\n\n<p>In ver.di gebe es einige Bereiche, die vom Lockdown besonders hart betroffen seien: Die Besch\u00e4ftigten in den Klinken und Pflegeeinrichtungen, die zum Teil jenseits der Belastungsgrenze arbeiteten, ebenso wie die Besch\u00e4ftigten im Non Food-Einzelhandel, die bei eh schon sehr wenig Gehalt jetzt von Kurzarbeitergeld leben m\u00fcssten. Dazu geh\u00f6rten eben auch die Besch\u00e4ftigten in der Kulturwirtschaft.<\/p>\n\n\n\n<p>Wertm\u00fcller: \u201eDer Blick auf die gesamte Breite der kulturellen Arbeit in Deutschland scheint nicht allen in der Politik gegeben zu sein. Da braucht es bessere Hilfestellungen jetzt und es braucht es eine Unterst\u00fctzung f\u00fcr einen \u201aNeustart\u2018, wenn der Lockdown endlich wieder vorbei sein sollte. Unsere Gesellschaft braucht die K\u00fcnstler*innen wie auch die Veranstalter*innen. Sie machen einen wichtigen Teil unseres sozialen, gesellschaftlichen und kulturellen Lebens aus.\u201c<br \/><br \/>Weiter Informationen&nbsp;zum Kulturzug Braunschweig am 14.02.2021 finden Sie hier:&nbsp;<a href=\"https:\/\/www.kulturzug.com\/\">www.kulturzug.com<\/a><\/p>\n\n\n\n<p>Start ist um 12:30 an der VW-Halle, Kundgebung um 14:30 Uhr auf dem Schlossplatz.<br \/><br \/>Bild von&nbsp;<a href=\"https:\/\/pixabay.com\/de\/users\/anemone123-2637160\/?utm_source=link-attribution&amp;utm_medium=referral&amp;utm_campaign=image&amp;utm_content=2447163\">Anemone123<\/a>&nbsp;auf&nbsp;<a href=\"https:\/\/pixabay.com\/de\/?utm_source=link-attribution&amp;utm_medium=referral&amp;utm_campaign=image&amp;utm_content=2447163\">Pixabay<\/a><\/p>\n","protected":false},"excerpt":{"rendered":"<p>Der ver.di Bezirk S\u00fcd-Ost-Niedersachsen begr\u00fc\u00dft die Demonstration der Kulturveranstalter und der \u201eKulturgesichter\u201c am Sonntag in Braunschweig. Es sei gut, dass sich diese mit ihren vielen Besch\u00e4ftigten und viele K\u00fcnstlerinne und K\u00fcnstler zu Wort meldeten. So werde deutlich, dass Kultur mehr sei als die Leipziger Buchmesse, die Oper, das Theater, die gro\u00dfen Museen und die Kinos. [&hellip;]<\/p>\n","protected":false},"author":1,"featured_media":0,"comment_status":"closed","ping_status":"closed","sticky":false,"template":"","format":"standard","meta":{"saved_in_kubio":false,"footnotes":""},"categories":[45],"tags":[],"class_list":["post-5194","post","type-post","status-publish","format-standard","hentry","category-kultur"],"yoast_head":"<!-- This site is optimized with the Yoast SEO plugin v27.5 - https:\/\/yoast.com\/product\/yoast-seo-wordpress\/ -->\n<title>Kultur braucht Solidarit\u00e4t - ver.di unterst\u00fctzt Demonstration und Kundgebung am 14.02.2021 in Braunschweig - Radio Leinewelle<\/title>\n<meta name=\"robots\" content=\"index, follow, max-snippet:-1, max-image-preview:large, max-video-preview:-1\" \/>\n<link rel=\"canonical\" href=\"https:\/\/radioleinewelle.de\/index.php\/2021\/02\/13\/kultur-braucht-solidaritaet-ver-di-unterstuetzt-demonstration-und-kundgebung-am-14-02-2021-in-braunschweig\/\" \/>\n<meta property=\"og:locale\" content=\"de_DE\" \/>\n<meta property=\"og:type\" content=\"article\" \/>\n<meta property=\"og:title\" content=\"Kultur braucht Solidarit\u00e4t - ver.di unterst\u00fctzt Demonstration und Kundgebung am 14.02.2021 in Braunschweig - Radio Leinewelle\" \/>\n<meta property=\"og:description\" content=\"Der ver.di Bezirk S\u00fcd-Ost-Niedersachsen begr\u00fc\u00dft die Demonstration der Kulturveranstalter und der \u201eKulturgesichter\u201c am Sonntag in Braunschweig. Es sei gut, dass sich diese mit ihren vielen Besch\u00e4ftigten und viele K\u00fcnstlerinne und K\u00fcnstler zu Wort meldeten. So werde deutlich, dass Kultur mehr sei als die Leipziger Buchmesse, die Oper, das Theater, die gro\u00dfen Museen und die Kinos. [&hellip;]\" \/>\n<meta property=\"og:url\" content=\"https:\/\/radioleinewelle.de\/index.php\/2021\/02\/13\/kultur-braucht-solidaritaet-ver-di-unterstuetzt-demonstration-und-kundgebung-am-14-02-2021-in-braunschweig\/\" \/>\n<meta property=\"og:site_name\" content=\"Radio Leinewelle\" \/>\n<meta property=\"article:publisher\" content=\"https:\/\/www.facebook.com\/radioleinewelle\" \/>\n<meta property=\"article:author\" content=\"https:\/\/www.facebook.com\/radioleinewelle\" \/>\n<meta property=\"article:published_time\" content=\"2021-02-13T04:06:00+00:00\" \/>\n<meta name=\"author\" content=\"Leinewelle\" \/>\n<meta name=\"twitter:card\" content=\"summary_large_image\" \/>\n<meta name=\"twitter:creator\" content=\"@https:\/\/twitter.com\/RLeinewelle?ref_src=twsrcgoogletwcampserptwgrauthor\" \/>\n<meta name=\"twitter:site\" content=\"@RLeinewelle\" \/>\n<meta name=\"twitter:label1\" content=\"Verfasst von\" \/>\n\t<meta name=\"twitter:data1\" content=\"Leinewelle\" \/>\n\t<meta name=\"twitter:label2\" content=\"Gesch\u00e4tzte Lesezeit\" \/>\n\t<meta name=\"twitter:data2\" content=\"2\u00a0Minuten\" \/>\n<script type=\"application\/ld+json\" class=\"yoast-schema-graph\">{\"@context\":\"https:\\\/\\\/schema.org\",\"@graph\":[{\"@type\":\"Article\",\"@id\":\"https:\\\/\\\/radioleinewelle.de\\\/index.php\\\/2021\\\/02\\\/13\\\/kultur-braucht-solidaritaet-ver-di-unterstuetzt-demonstration-und-kundgebung-am-14-02-2021-in-braunschweig\\\/#article\",\"isPartOf\":{\"@id\":\"https:\\\/\\\/radioleinewelle.de\\\/index.php\\\/2021\\\/02\\\/13\\\/kultur-braucht-solidaritaet-ver-di-unterstuetzt-demonstration-und-kundgebung-am-14-02-2021-in-braunschweig\\\/\"},\"author\":{\"name\":\"Leinewelle\",\"@id\":\"https:\\\/\\\/radioleinewelle.de\\\/#\\\/schema\\\/person\\\/45606f348637df637192dc1b68399a63\"},\"headline\":\"Kultur braucht Solidarit\u00e4t &#8211; ver.di unterst\u00fctzt Demonstration und Kundgebung am 14.02.2021 in Braunschweig\",\"datePublished\":\"2021-02-13T04:06:00+00:00\",\"mainEntityOfPage\":{\"@id\":\"https:\\\/\\\/radioleinewelle.de\\\/index.php\\\/2021\\\/02\\\/13\\\/kultur-braucht-solidaritaet-ver-di-unterstuetzt-demonstration-und-kundgebung-am-14-02-2021-in-braunschweig\\\/\"},\"wordCount\":320,\"publisher\":{\"@id\":\"https:\\\/\\\/radioleinewelle.de\\\/#organization\"},\"articleSection\":[\"Kultur\"],\"inLanguage\":\"de\"},{\"@type\":\"WebPage\",\"@id\":\"https:\\\/\\\/radioleinewelle.de\\\/index.php\\\/2021\\\/02\\\/13\\\/kultur-braucht-solidaritaet-ver-di-unterstuetzt-demonstration-und-kundgebung-am-14-02-2021-in-braunschweig\\\/\",\"url\":\"https:\\\/\\\/radioleinewelle.de\\\/index.php\\\/2021\\\/02\\\/13\\\/kultur-braucht-solidaritaet-ver-di-unterstuetzt-demonstration-und-kundgebung-am-14-02-2021-in-braunschweig\\\/\",\"name\":\"Kultur braucht Solidarit\u00e4t - ver.di unterst\u00fctzt Demonstration und Kundgebung am 14.02.2021 in Braunschweig - Radio Leinewelle\",\"isPartOf\":{\"@id\":\"https:\\\/\\\/radioleinewelle.de\\\/#website\"},\"datePublished\":\"2021-02-13T04:06:00+00:00\",\"breadcrumb\":{\"@id\":\"https:\\\/\\\/radioleinewelle.de\\\/index.php\\\/2021\\\/02\\\/13\\\/kultur-braucht-solidaritaet-ver-di-unterstuetzt-demonstration-und-kundgebung-am-14-02-2021-in-braunschweig\\\/#breadcrumb\"},\"inLanguage\":\"de\",\"potentialAction\":[{\"@type\":\"ReadAction\",\"target\":[\"https:\\\/\\\/radioleinewelle.de\\\/index.php\\\/2021\\\/02\\\/13\\\/kultur-braucht-solidaritaet-ver-di-unterstuetzt-demonstration-und-kundgebung-am-14-02-2021-in-braunschweig\\\/\"]}]},{\"@type\":\"BreadcrumbList\",\"@id\":\"https:\\\/\\\/radioleinewelle.de\\\/index.php\\\/2021\\\/02\\\/13\\\/kultur-braucht-solidaritaet-ver-di-unterstuetzt-demonstration-und-kundgebung-am-14-02-2021-in-braunschweig\\\/#breadcrumb\",\"itemListElement\":[{\"@type\":\"ListItem\",\"position\":1,\"name\":\"Startseite\",\"item\":\"https:\\\/\\\/radioleinewelle.de\\\/\"},{\"@type\":\"ListItem\",\"position\":2,\"name\":\"Kultur braucht Solidarit\u00e4t &#8211; ver.di unterst\u00fctzt Demonstration und Kundgebung am 14.02.2021 in Braunschweig\"}]},{\"@type\":\"WebSite\",\"@id\":\"https:\\\/\\\/radioleinewelle.de\\\/#website\",\"url\":\"https:\\\/\\\/radioleinewelle.de\\\/\",\"name\":\"Radio Leinewelle\",\"description\":\"\",\"publisher\":{\"@id\":\"https:\\\/\\\/radioleinewelle.de\\\/#organization\"},\"potentialAction\":[{\"@type\":\"SearchAction\",\"target\":{\"@type\":\"EntryPoint\",\"urlTemplate\":\"https:\\\/\\\/radioleinewelle.de\\\/?s={search_term_string}\"},\"query-input\":{\"@type\":\"PropertyValueSpecification\",\"valueRequired\":true,\"valueName\":\"search_term_string\"}}],\"inLanguage\":\"de\"},{\"@type\":\"Organization\",\"@id\":\"https:\\\/\\\/radioleinewelle.de\\\/#organization\",\"name\":\"Radio Leinewelle\",\"alternateName\":\"Mein Radio f\u00fcr S\u00fcdniedersachsen\",\"url\":\"https:\\\/\\\/radioleinewelle.de\\\/\",\"logo\":{\"@type\":\"ImageObject\",\"inLanguage\":\"de\",\"@id\":\"https:\\\/\\\/radioleinewelle.de\\\/#\\\/schema\\\/logo\\\/image\\\/\",\"url\":\"https:\\\/\\\/radioleinewelle.de\\\/wp-content\\\/uploads\\\/2023\\\/11\\\/cropped-Leinewelle_Logo_weiss.png\",\"contentUrl\":\"https:\\\/\\\/radioleinewelle.de\\\/wp-content\\\/uploads\\\/2023\\\/11\\\/cropped-Leinewelle_Logo_weiss.png\",\"width\":854,\"height\":260,\"caption\":\"Radio Leinewelle\"},\"image\":{\"@id\":\"https:\\\/\\\/radioleinewelle.de\\\/#\\\/schema\\\/logo\\\/image\\\/\"},\"sameAs\":[\"https:\\\/\\\/www.facebook.com\\\/radioleinewelle\",\"https:\\\/\\\/x.com\\\/RLeinewelle\",\"https:\\\/\\\/www.instagram.com\\\/radioleinewelle\\\/?hl=de\"]},{\"@type\":\"Person\",\"@id\":\"https:\\\/\\\/radioleinewelle.de\\\/#\\\/schema\\\/person\\\/45606f348637df637192dc1b68399a63\",\"name\":\"Leinewelle\",\"image\":{\"@type\":\"ImageObject\",\"inLanguage\":\"de\",\"@id\":\"https:\\\/\\\/secure.gravatar.com\\\/avatar\\\/05c9a17bc973052ee5d91549bd32fb4dd0dc85b7b85ae94b2e2b4943476bbea5?s=96&d=blank&r=g\",\"url\":\"https:\\\/\\\/secure.gravatar.com\\\/avatar\\\/05c9a17bc973052ee5d91549bd32fb4dd0dc85b7b85ae94b2e2b4943476bbea5?s=96&d=blank&r=g\",\"contentUrl\":\"https:\\\/\\\/secure.gravatar.com\\\/avatar\\\/05c9a17bc973052ee5d91549bd32fb4dd0dc85b7b85ae94b2e2b4943476bbea5?s=96&d=blank&r=g\",\"caption\":\"Leinewelle\"},\"sameAs\":[\"http:\\\/\\\/localhost\\\/radio%20leinewelle\\\/wordpress\",\"https:\\\/\\\/www.facebook.com\\\/radioleinewelle\",\"https:\\\/\\\/www.instagram.com\\\/radioleinewelle\",\"https:\\\/\\\/x.com\\\/https:\\\/\\\/twitter.com\\\/RLeinewelle?ref_src=twsrcgoogletwcampserptwgrauthor\",\"https:\\\/\\\/soundcloud.com\\\/foerderverein-lokalradio?utm_source=clipboard&utm_medium=text&utm_campaign=social_sharing\"],\"url\":\"https:\\\/\\\/radioleinewelle.de\\\/index.php\\\/author\\\/leinewelle\\\/\"}]}<\/script>\n<!-- \/ Yoast SEO plugin. -->","yoast_head_json":{"title":"Kultur braucht Solidarit\u00e4t - ver.di unterst\u00fctzt Demonstration und Kundgebung am 14.02.2021 in Braunschweig - Radio Leinewelle","robots":{"index":"index","follow":"follow","max-snippet":"max-snippet:-1","max-image-preview":"max-image-preview:large","max-video-preview":"max-video-preview:-1"},"canonical":"https:\/\/radioleinewelle.de\/index.php\/2021\/02\/13\/kultur-braucht-solidaritaet-ver-di-unterstuetzt-demonstration-und-kundgebung-am-14-02-2021-in-braunschweig\/","og_locale":"de_DE","og_type":"article","og_title":"Kultur braucht Solidarit\u00e4t - ver.di unterst\u00fctzt Demonstration und Kundgebung am 14.02.2021 in Braunschweig - Radio Leinewelle","og_description":"Der ver.di Bezirk S\u00fcd-Ost-Niedersachsen begr\u00fc\u00dft die Demonstration der Kulturveranstalter und der \u201eKulturgesichter\u201c am Sonntag in Braunschweig. Es sei gut, dass sich diese mit ihren vielen Besch\u00e4ftigten und viele K\u00fcnstlerinne und K\u00fcnstler zu Wort meldeten. So werde deutlich, dass Kultur mehr sei als die Leipziger Buchmesse, die Oper, das Theater, die gro\u00dfen Museen und die Kinos. [&hellip;]","og_url":"https:\/\/radioleinewelle.de\/index.php\/2021\/02\/13\/kultur-braucht-solidaritaet-ver-di-unterstuetzt-demonstration-und-kundgebung-am-14-02-2021-in-braunschweig\/","og_site_name":"Radio Leinewelle","article_publisher":"https:\/\/www.facebook.com\/radioleinewelle","article_author":"https:\/\/www.facebook.com\/radioleinewelle","article_published_time":"2021-02-13T04:06:00+00:00","author":"Leinewelle","twitter_card":"summary_large_image","twitter_creator":"@https:\/\/twitter.com\/RLeinewelle?ref_src=twsrcgoogletwcampserptwgrauthor","twitter_site":"@RLeinewelle","twitter_misc":{"Verfasst von":"Leinewelle","Gesch\u00e4tzte Lesezeit":"2\u00a0Minuten"},"schema":{"@context":"https:\/\/schema.org","@graph":[{"@type":"Article","@id":"https:\/\/radioleinewelle.de\/index.php\/2021\/02\/13\/kultur-braucht-solidaritaet-ver-di-unterstuetzt-demonstration-und-kundgebung-am-14-02-2021-in-braunschweig\/#article","isPartOf":{"@id":"https:\/\/radioleinewelle.de\/index.php\/2021\/02\/13\/kultur-braucht-solidaritaet-ver-di-unterstuetzt-demonstration-und-kundgebung-am-14-02-2021-in-braunschweig\/"},"author":{"name":"Leinewelle","@id":"https:\/\/radioleinewelle.de\/#\/schema\/person\/45606f348637df637192dc1b68399a63"},"headline":"Kultur braucht Solidarit\u00e4t &#8211; ver.di unterst\u00fctzt Demonstration und Kundgebung am 14.02.2021 in Braunschweig","datePublished":"2021-02-13T04:06:00+00:00","mainEntityOfPage":{"@id":"https:\/\/radioleinewelle.de\/index.php\/2021\/02\/13\/kultur-braucht-solidaritaet-ver-di-unterstuetzt-demonstration-und-kundgebung-am-14-02-2021-in-braunschweig\/"},"wordCount":320,"publisher":{"@id":"https:\/\/radioleinewelle.de\/#organization"},"articleSection":["Kultur"],"inLanguage":"de"},{"@type":"WebPage","@id":"https:\/\/radioleinewelle.de\/index.php\/2021\/02\/13\/kultur-braucht-solidaritaet-ver-di-unterstuetzt-demonstration-und-kundgebung-am-14-02-2021-in-braunschweig\/","url":"https:\/\/radioleinewelle.de\/index.php\/2021\/02\/13\/kultur-braucht-solidaritaet-ver-di-unterstuetzt-demonstration-und-kundgebung-am-14-02-2021-in-braunschweig\/","name":"Kultur braucht Solidarit\u00e4t - ver.di unterst\u00fctzt Demonstration und Kundgebung am 14.02.2021 in Braunschweig - Radio Leinewelle","isPartOf":{"@id":"https:\/\/radioleinewelle.de\/#website"},"datePublished":"2021-02-13T04:06:00+00:00","breadcrumb":{"@id":"https:\/\/radioleinewelle.de\/index.php\/2021\/02\/13\/kultur-braucht-solidaritaet-ver-di-unterstuetzt-demonstration-und-kundgebung-am-14-02-2021-in-braunschweig\/#breadcrumb"},"inLanguage":"de","potentialAction":[{"@type":"ReadAction","target":["https:\/\/radioleinewelle.de\/index.php\/2021\/02\/13\/kultur-braucht-solidaritaet-ver-di-unterstuetzt-demonstration-und-kundgebung-am-14-02-2021-in-braunschweig\/"]}]},{"@type":"BreadcrumbList","@id":"https:\/\/radioleinewelle.de\/index.php\/2021\/02\/13\/kultur-braucht-solidaritaet-ver-di-unterstuetzt-demonstration-und-kundgebung-am-14-02-2021-in-braunschweig\/#breadcrumb","itemListElement":[{"@type":"ListItem","position":1,"name":"Startseite","item":"https:\/\/radioleinewelle.de\/"},{"@type":"ListItem","position":2,"name":"Kultur braucht Solidarit\u00e4t &#8211; ver.di unterst\u00fctzt Demonstration und Kundgebung am 14.02.2021 in Braunschweig"}]},{"@type":"WebSite","@id":"https:\/\/radioleinewelle.de\/#website","url":"https:\/\/radioleinewelle.de\/","name":"Radio Leinewelle","description":"","publisher":{"@id":"https:\/\/radioleinewelle.de\/#organization"},"potentialAction":[{"@type":"SearchAction","target":{"@type":"EntryPoint","urlTemplate":"https:\/\/radioleinewelle.de\/?s={search_term_string}"},"query-input":{"@type":"PropertyValueSpecification","valueRequired":true,"valueName":"search_term_string"}}],"inLanguage":"de"},{"@type":"Organization","@id":"https:\/\/radioleinewelle.de\/#organization","name":"Radio Leinewelle","alternateName":"Mein Radio f\u00fcr S\u00fcdniedersachsen","url":"https:\/\/radioleinewelle.de\/","logo":{"@type":"ImageObject","inLanguage":"de","@id":"https:\/\/radioleinewelle.de\/#\/schema\/logo\/image\/","url":"https:\/\/radioleinewelle.de\/wp-content\/uploads\/2023\/11\/cropped-Leinewelle_Logo_weiss.png","contentUrl":"https:\/\/radioleinewelle.de\/wp-content\/uploads\/2023\/11\/cropped-Leinewelle_Logo_weiss.png","width":854,"height":260,"caption":"Radio Leinewelle"},"image":{"@id":"https:\/\/radioleinewelle.de\/#\/schema\/logo\/image\/"},"sameAs":["https:\/\/www.facebook.com\/radioleinewelle","https:\/\/x.com\/RLeinewelle","https:\/\/www.instagram.com\/radioleinewelle\/?hl=de"]},{"@type":"Person","@id":"https:\/\/radioleinewelle.de\/#\/schema\/person\/45606f348637df637192dc1b68399a63","name":"Leinewelle","image":{"@type":"ImageObject","inLanguage":"de","@id":"https:\/\/secure.gravatar.com\/avatar\/05c9a17bc973052ee5d91549bd32fb4dd0dc85b7b85ae94b2e2b4943476bbea5?s=96&d=blank&r=g","url":"https:\/\/secure.gravatar.com\/avatar\/05c9a17bc973052ee5d91549bd32fb4dd0dc85b7b85ae94b2e2b4943476bbea5?s=96&d=blank&r=g","contentUrl":"https:\/\/secure.gravatar.com\/avatar\/05c9a17bc973052ee5d91549bd32fb4dd0dc85b7b85ae94b2e2b4943476bbea5?s=96&d=blank&r=g","caption":"Leinewelle"},"sameAs":["http:\/\/localhost\/radio%20leinewelle\/wordpress","https:\/\/www.facebook.com\/radioleinewelle","https:\/\/www.instagram.com\/radioleinewelle","https:\/\/x.com\/https:\/\/twitter.com\/RLeinewelle?ref_src=twsrcgoogletwcampserptwgrauthor","https:\/\/soundcloud.com\/foerderverein-lokalradio?utm_source=clipboard&utm_medium=text&utm_campaign=social_sharing"],"url":"https:\/\/radioleinewelle.de\/index.php\/author\/leinewelle\/"}]}},"_links":{"self":[{"href":"https:\/\/radioleinewelle.de\/index.php\/wp-json\/wp\/v2\/posts\/5194","targetHints":{"allow":["GET"]}}],"collection":[{"href":"https:\/\/radioleinewelle.de\/index.php\/wp-json\/wp\/v2\/posts"}],"about":[{"href":"https:\/\/radioleinewelle.de\/index.php\/wp-json\/wp\/v2\/types\/post"}],"author":[{"embeddable":true,"href":"https:\/\/radioleinewelle.de\/index.php\/wp-json\/wp\/v2\/users\/1"}],"replies":[{"embeddable":true,"href":"https:\/\/radioleinewelle.de\/index.php\/wp-json\/wp\/v2\/comments?post=5194"}],"version-history":[{"count":0,"href":"https:\/\/radioleinewelle.de\/index.php\/wp-json\/wp\/v2\/posts\/5194\/revisions"}],"wp:attachment":[{"href":"https:\/\/radioleinewelle.de\/index.php\/wp-json\/wp\/v2\/media?parent=5194"}],"wp:term":[{"taxonomy":"category","embeddable":true,"href":"https:\/\/radioleinewelle.de\/index.php\/wp-json\/wp\/v2\/categories?post=5194"},{"taxonomy":"post_tag","embeddable":true,"href":"https:\/\/radioleinewelle.de\/index.php\/wp-json\/wp\/v2\/tags?post=5194"}],"curies":[{"name":"wp","href":"https:\/\/api.w.org\/{rel}","templated":true}]}}