{"id":5203,"date":"2021-02-13T05:45:00","date_gmt":"2021-02-13T04:45:00","guid":{"rendered":"https:\/\/radioleinewelle.de\/?p=5203"},"modified":"2021-02-13T05:45:00","modified_gmt":"2021-02-13T04:45:00","slug":"world-radio-day-2021-radio-schafft-vielfalt-und-verbindet-menschen","status":"publish","type":"post","link":"https:\/\/radioleinewelle.de\/index.php\/2021\/02\/13\/world-radio-day-2021-radio-schafft-vielfalt-und-verbindet-menschen\/","title":{"rendered":"World Radio Day 2021: Radio schafft Vielfalt und verbindet Menschen"},"content":{"rendered":"\n<p><strong>Der World Radio Day wird am 13. Februar bereits zum zehnten Mal von der UNESCO ausgerufen und verweist einmal mehr darauf, wie bedeutsam Radio f\u00fcr die Gesellschaft ist und warum es Menschen verbindet.<\/strong><\/p>\n\n\n\n<p>Zeit zu feiern: bereits zum zehnten Mal wird der World Radio Day von der UNESCO ausgerufen, in Deutschland ist Radio seit hundert Jahren der Alltagsbegleiter der Menschen und mehr denn je ist Radio das Medium der Stunde. Dieser Jubil\u00e4umsreigen liefert also viele gute Gr\u00fcnde, inne zu halten und zu fragen, was Radio f\u00fcr jeden Einzelnen, die Gesellschaft und die Welt bedeutet. Radio selbst macht keine Pause, sondern ist auf Sendung \u2013 jeden Tag und rund um die Uhr. Radio informiert, unterh\u00e4lt und bietet Vielfalt im Programm, in den Meinungen und in den Inhalten. Ganz selbstverst\u00e4ndlich \u2013 und doch so unverzichtbar \u2013 ist Radio im Gro\u00dfen und im Kleinen die so wichtige Stimme von Menschen und f\u00fcr Menschen.&nbsp;<\/p>\n\n\n\n<p><strong>Auf globaler Ebene bleibt Radio das am h\u00e4ufigsten konsumierten Medium<\/strong><\/p>\n\n\n\n<p>Die Welt ver\u00e4ndert sich rasant. Gesellschaftliche und politische Prozesse werden durch neue Technologien dynamischer, das Kommunikationsnetzwerk immer schneller und gr\u00f6\u00dfer sowie die Herausforderungen bedeutsamer. Radio bietet in diesen Prozessen nicht nur Vielfalt, Einordnung und Orientierung, sondern ist fester Bestandteil der Meinungsbildung, weil es die Plattform f\u00fcr den demokratischen Diskurs ist. Diese einzigartige F\u00e4higkeit, ein breites Publikum zu erreichen, bedeutet, dass Radio eine Gesellschaft durch Vielfalt pr\u00e4gen kann und der Ort f\u00fcr diejenigen ist, die sich zu Wort melden m\u00f6chten.&nbsp;<\/p>\n\n\n\n<p><strong>100 Jahre Radio in Deutschland<\/strong><\/p>\n\n\n\n<p>In Deutschland feiert das Medium f\u00fcr die Ohren und das Kopfkino in diesem Jahr das hundertj\u00e4hrige Jubil\u00e4um. Die Innovationskraft des Mediums und die \u00fcber die Jahrzehnte gewachsene Vertrauensbasis mit den H\u00f6rer*innen macht es m\u00f6glich, dass Radio mehr denn je das Medium der Stunde ist. Es ist das letzte Massenmedium und kann zugleich auf digitalem Weg jeden Einzelnen mit dem ganzen Angebotsspektrum erreichen. Radio ist auf Augenh\u00f6he mit den Menschen \u2013 und das sowohl inhaltlich als auch technisch. Denn so wie sich die Gesellschaft und der Alltag der Menschen stark ver\u00e4ndert haben, so \u00e4ndern sich auch die H\u00f6rgewohnheiten und -inhalte. Was aber bleibt, ist die gro\u00dfe Kunst, komplexe Themen in verst\u00e4ndliche Worte zu kleiden und Vielfalt eine Stimme zu geben.&nbsp;<\/p>\n\n\n\n<p>\u201eWir erleben heute, dass sich die Welt rasant ver\u00e4ndert. Wir stehen vor gro\u00dfen Herausforderungen, wenn ich beispielsweise an den Klimawandel, die aktuelle Corona-Pandemie oder Rassismus-Debatten denke. Hier ist die Aufgabe von Radio, zu informieren und einzuordnen. Auch den leisen T\u00f6nen Geh\u00f6r zu verschaffen und die Vielfalt der Meinungen abzubilden\u201c, sagt Grit Leith\u00e4user, Gesch\u00e4ftsf\u00fchrerin Radiozentrale. \u201eAber das allerwichtigste ist, auf Augenh\u00f6he mit den H\u00f6rer*innen zu agieren. Diese gewachsene Verbindung und das gegenseitige Vertrauen sind f\u00fcr beide Seiten etwas, dessen man sich bewusst sein sollte und dass es jeden Tag aufs Neue zu bewahren gilt. Dann wird auch in hundert Jahren Radio das Medium f\u00fcr die Menschen sein, die auf welchem technischen Ausspielungsweg auch immer, zuh\u00f6ren, um voneinander zu lernen und Vielfalt zu leben.\u201c&nbsp;<\/p>\n\n\n\n<p>Der World Radio Day wurde von der UNESCO erstmals 2012 ausgerufen und steht dieses Jahr unter dem Motto: \u201eNew World, New Radio\u201c. Die Generalkonferenz der UNESCO initiierte auf Anregung Spaniens den Welttag des Radios in Erinnerung an die Gr\u00fcndung des United Nations Radio am 13. Februar 1946. Ziel des Tages ist es, die \u00d6ffentlichkeit und die Medien st\u00e4rker f\u00fcr die Bedeutung des Radios zu sensibilisieren, die Entscheidungstr\u00e4ger zu ermutigen, Informationen \u00fcber das Radio zu etablieren und zug\u00e4nglich zu machen.&nbsp;<\/p>\n\n\n\n<p>Weitere Informationen zum World Radio Day finden Sie unter:&nbsp;<a target=\"_blank\" href=\"https:\/\/en.unesco.org\/commemorations\/worldradioday\" rel=\"noreferrer noopener\">https:\/\/en.unesco.org\/commemorations\/worldradioday<\/a><\/p>\n\n\n\n<p>Die Gattungs-Initiative&nbsp;<strong>Radiozentrale<\/strong>&nbsp;versteht sich als gemeinsame Plattform \u00f6ffentlich-rechtlicher und privater Radiostationen sowie der gattungsnahen Unternehmen der Radioindustrie. Die Radiozentrale hat sich die Positionierung des Mediums H\u00f6rfunk sowie die umfassende Information \u00fcber das (Werbe-)Medium Radio zum Ziel gesetzt. Mehr Infos:&nbsp;<a rel=\"noreferrer noopener\" target=\"_blank\" href=\"http:\/\/www.radiozentrale.de\/\">www.radiozentrale.de<\/a><\/p>\n\n\n\n<p>Bild von&nbsp;<a href=\"https:\/\/pixabay.com\/de\/users\/anncapictures-1564471\/?utm_source=link-attribution&amp;utm_medium=referral&amp;utm_campaign=image&amp;utm_content=1594819\">anncapictures<\/a>&nbsp;auf&nbsp;<a href=\"https:\/\/pixabay.com\/de\/?utm_source=link-attribution&amp;utm_medium=referral&amp;utm_campaign=image&amp;utm_content=1594819\">Pixabay<\/a>&nbsp;<\/p>\n","protected":false},"excerpt":{"rendered":"<p>Der World Radio Day wird am 13. Februar bereits zum zehnten Mal von der UNESCO ausgerufen und verweist einmal mehr darauf, wie bedeutsam Radio f\u00fcr die Gesellschaft ist und warum es Menschen verbindet. Zeit zu feiern: bereits zum zehnten Mal wird der World Radio Day von der UNESCO ausgerufen, in Deutschland ist Radio seit hundert [&hellip;]<\/p>\n","protected":false},"author":1,"featured_media":5207,"comment_status":"closed","ping_status":"closed","sticky":false,"template":"","format":"standard","meta":{"saved_in_kubio":false,"footnotes":""},"categories":[24],"tags":[],"class_list":["post-5203","post","type-post","status-publish","format-standard","has-post-thumbnail","hentry","category-news"],"yoast_head":"<!-- This site is optimized with the Yoast SEO plugin v27.5 - https:\/\/yoast.com\/product\/yoast-seo-wordpress\/ -->\n<title>World Radio Day 2021: Radio schafft Vielfalt und verbindet Menschen - Radio Leinewelle<\/title>\n<meta name=\"robots\" content=\"index, follow, max-snippet:-1, max-image-preview:large, max-video-preview:-1\" \/>\n<link rel=\"canonical\" href=\"https:\/\/radioleinewelle.de\/index.php\/2021\/02\/13\/world-radio-day-2021-radio-schafft-vielfalt-und-verbindet-menschen\/\" \/>\n<meta property=\"og:locale\" content=\"de_DE\" \/>\n<meta property=\"og:type\" content=\"article\" \/>\n<meta property=\"og:title\" content=\"World Radio Day 2021: Radio schafft Vielfalt und verbindet Menschen - Radio Leinewelle\" \/>\n<meta property=\"og:description\" content=\"Der World Radio Day wird am 13. Februar bereits zum zehnten Mal von der UNESCO ausgerufen und verweist einmal mehr darauf, wie bedeutsam Radio f\u00fcr die Gesellschaft ist und warum es Menschen verbindet. Zeit zu feiern: bereits zum zehnten Mal wird der World Radio Day von der UNESCO ausgerufen, in Deutschland ist Radio seit hundert [&hellip;]\" \/>\n<meta property=\"og:url\" content=\"https:\/\/radioleinewelle.de\/index.php\/2021\/02\/13\/world-radio-day-2021-radio-schafft-vielfalt-und-verbindet-menschen\/\" \/>\n<meta property=\"og:site_name\" content=\"Radio Leinewelle\" \/>\n<meta property=\"article:publisher\" content=\"https:\/\/www.facebook.com\/radioleinewelle\" \/>\n<meta property=\"article:author\" content=\"https:\/\/www.facebook.com\/radioleinewelle\" \/>\n<meta property=\"article:published_time\" content=\"2021-02-13T04:45:00+00:00\" \/>\n<meta property=\"og:image\" content=\"https:\/\/radioleinewelle.de\/wp-content\/uploads\/2021\/02\/radio-1594819_640.jpg\" \/>\n\t<meta property=\"og:image:width\" content=\"640\" \/>\n\t<meta property=\"og:image:height\" content=\"426\" \/>\n\t<meta property=\"og:image:type\" content=\"image\/jpeg\" \/>\n<meta name=\"author\" content=\"Leinewelle\" \/>\n<meta name=\"twitter:card\" content=\"summary_large_image\" \/>\n<meta name=\"twitter:creator\" content=\"@https:\/\/twitter.com\/RLeinewelle?ref_src=twsrcgoogletwcampserptwgrauthor\" \/>\n<meta name=\"twitter:site\" content=\"@RLeinewelle\" \/>\n<meta name=\"twitter:label1\" content=\"Verfasst von\" \/>\n\t<meta name=\"twitter:data1\" content=\"Leinewelle\" \/>\n\t<meta name=\"twitter:label2\" content=\"Gesch\u00e4tzte Lesezeit\" \/>\n\t<meta name=\"twitter:data2\" content=\"3\u00a0Minuten\" \/>\n<script type=\"application\/ld+json\" class=\"yoast-schema-graph\">{\"@context\":\"https:\\\/\\\/schema.org\",\"@graph\":[{\"@type\":\"Article\",\"@id\":\"https:\\\/\\\/radioleinewelle.de\\\/index.php\\\/2021\\\/02\\\/13\\\/world-radio-day-2021-radio-schafft-vielfalt-und-verbindet-menschen\\\/#article\",\"isPartOf\":{\"@id\":\"https:\\\/\\\/radioleinewelle.de\\\/index.php\\\/2021\\\/02\\\/13\\\/world-radio-day-2021-radio-schafft-vielfalt-und-verbindet-menschen\\\/\"},\"author\":{\"name\":\"Leinewelle\",\"@id\":\"https:\\\/\\\/radioleinewelle.de\\\/#\\\/schema\\\/person\\\/45606f348637df637192dc1b68399a63\"},\"headline\":\"World Radio Day 2021: Radio schafft Vielfalt und verbindet Menschen\",\"datePublished\":\"2021-02-13T04:45:00+00:00\",\"mainEntityOfPage\":{\"@id\":\"https:\\\/\\\/radioleinewelle.de\\\/index.php\\\/2021\\\/02\\\/13\\\/world-radio-day-2021-radio-schafft-vielfalt-und-verbindet-menschen\\\/\"},\"wordCount\":687,\"publisher\":{\"@id\":\"https:\\\/\\\/radioleinewelle.de\\\/#organization\"},\"image\":{\"@id\":\"https:\\\/\\\/radioleinewelle.de\\\/index.php\\\/2021\\\/02\\\/13\\\/world-radio-day-2021-radio-schafft-vielfalt-und-verbindet-menschen\\\/#primaryimage\"},\"thumbnailUrl\":\"https:\\\/\\\/radioleinewelle.de\\\/wp-content\\\/uploads\\\/2021\\\/02\\\/radio-1594819_640.jpg\",\"articleSection\":[\"Aktuelle Nachrichten\"],\"inLanguage\":\"de\"},{\"@type\":\"WebPage\",\"@id\":\"https:\\\/\\\/radioleinewelle.de\\\/index.php\\\/2021\\\/02\\\/13\\\/world-radio-day-2021-radio-schafft-vielfalt-und-verbindet-menschen\\\/\",\"url\":\"https:\\\/\\\/radioleinewelle.de\\\/index.php\\\/2021\\\/02\\\/13\\\/world-radio-day-2021-radio-schafft-vielfalt-und-verbindet-menschen\\\/\",\"name\":\"World Radio Day 2021: Radio schafft Vielfalt und verbindet Menschen - Radio Leinewelle\",\"isPartOf\":{\"@id\":\"https:\\\/\\\/radioleinewelle.de\\\/#website\"},\"primaryImageOfPage\":{\"@id\":\"https:\\\/\\\/radioleinewelle.de\\\/index.php\\\/2021\\\/02\\\/13\\\/world-radio-day-2021-radio-schafft-vielfalt-und-verbindet-menschen\\\/#primaryimage\"},\"image\":{\"@id\":\"https:\\\/\\\/radioleinewelle.de\\\/index.php\\\/2021\\\/02\\\/13\\\/world-radio-day-2021-radio-schafft-vielfalt-und-verbindet-menschen\\\/#primaryimage\"},\"thumbnailUrl\":\"https:\\\/\\\/radioleinewelle.de\\\/wp-content\\\/uploads\\\/2021\\\/02\\\/radio-1594819_640.jpg\",\"datePublished\":\"2021-02-13T04:45:00+00:00\",\"breadcrumb\":{\"@id\":\"https:\\\/\\\/radioleinewelle.de\\\/index.php\\\/2021\\\/02\\\/13\\\/world-radio-day-2021-radio-schafft-vielfalt-und-verbindet-menschen\\\/#breadcrumb\"},\"inLanguage\":\"de\",\"potentialAction\":[{\"@type\":\"ReadAction\",\"target\":[\"https:\\\/\\\/radioleinewelle.de\\\/index.php\\\/2021\\\/02\\\/13\\\/world-radio-day-2021-radio-schafft-vielfalt-und-verbindet-menschen\\\/\"]}]},{\"@type\":\"ImageObject\",\"inLanguage\":\"de\",\"@id\":\"https:\\\/\\\/radioleinewelle.de\\\/index.php\\\/2021\\\/02\\\/13\\\/world-radio-day-2021-radio-schafft-vielfalt-und-verbindet-menschen\\\/#primaryimage\",\"url\":\"https:\\\/\\\/radioleinewelle.de\\\/wp-content\\\/uploads\\\/2021\\\/02\\\/radio-1594819_640.jpg\",\"contentUrl\":\"https:\\\/\\\/radioleinewelle.de\\\/wp-content\\\/uploads\\\/2021\\\/02\\\/radio-1594819_640.jpg\",\"width\":640,\"height\":426},{\"@type\":\"BreadcrumbList\",\"@id\":\"https:\\\/\\\/radioleinewelle.de\\\/index.php\\\/2021\\\/02\\\/13\\\/world-radio-day-2021-radio-schafft-vielfalt-und-verbindet-menschen\\\/#breadcrumb\",\"itemListElement\":[{\"@type\":\"ListItem\",\"position\":1,\"name\":\"Startseite\",\"item\":\"https:\\\/\\\/radioleinewelle.de\\\/\"},{\"@type\":\"ListItem\",\"position\":2,\"name\":\"World Radio Day 2021: Radio schafft Vielfalt und verbindet Menschen\"}]},{\"@type\":\"WebSite\",\"@id\":\"https:\\\/\\\/radioleinewelle.de\\\/#website\",\"url\":\"https:\\\/\\\/radioleinewelle.de\\\/\",\"name\":\"Radio Leinewelle\",\"description\":\"\",\"publisher\":{\"@id\":\"https:\\\/\\\/radioleinewelle.de\\\/#organization\"},\"potentialAction\":[{\"@type\":\"SearchAction\",\"target\":{\"@type\":\"EntryPoint\",\"urlTemplate\":\"https:\\\/\\\/radioleinewelle.de\\\/?s={search_term_string}\"},\"query-input\":{\"@type\":\"PropertyValueSpecification\",\"valueRequired\":true,\"valueName\":\"search_term_string\"}}],\"inLanguage\":\"de\"},{\"@type\":\"Organization\",\"@id\":\"https:\\\/\\\/radioleinewelle.de\\\/#organization\",\"name\":\"Radio Leinewelle\",\"alternateName\":\"Mein Radio f\u00fcr S\u00fcdniedersachsen\",\"url\":\"https:\\\/\\\/radioleinewelle.de\\\/\",\"logo\":{\"@type\":\"ImageObject\",\"inLanguage\":\"de\",\"@id\":\"https:\\\/\\\/radioleinewelle.de\\\/#\\\/schema\\\/logo\\\/image\\\/\",\"url\":\"https:\\\/\\\/radioleinewelle.de\\\/wp-content\\\/uploads\\\/2023\\\/11\\\/cropped-Leinewelle_Logo_weiss.png\",\"contentUrl\":\"https:\\\/\\\/radioleinewelle.de\\\/wp-content\\\/uploads\\\/2023\\\/11\\\/cropped-Leinewelle_Logo_weiss.png\",\"width\":854,\"height\":260,\"caption\":\"Radio Leinewelle\"},\"image\":{\"@id\":\"https:\\\/\\\/radioleinewelle.de\\\/#\\\/schema\\\/logo\\\/image\\\/\"},\"sameAs\":[\"https:\\\/\\\/www.facebook.com\\\/radioleinewelle\",\"https:\\\/\\\/x.com\\\/RLeinewelle\",\"https:\\\/\\\/www.instagram.com\\\/radioleinewelle\\\/?hl=de\"]},{\"@type\":\"Person\",\"@id\":\"https:\\\/\\\/radioleinewelle.de\\\/#\\\/schema\\\/person\\\/45606f348637df637192dc1b68399a63\",\"name\":\"Leinewelle\",\"image\":{\"@type\":\"ImageObject\",\"inLanguage\":\"de\",\"@id\":\"https:\\\/\\\/secure.gravatar.com\\\/avatar\\\/05c9a17bc973052ee5d91549bd32fb4dd0dc85b7b85ae94b2e2b4943476bbea5?s=96&d=blank&r=g\",\"url\":\"https:\\\/\\\/secure.gravatar.com\\\/avatar\\\/05c9a17bc973052ee5d91549bd32fb4dd0dc85b7b85ae94b2e2b4943476bbea5?s=96&d=blank&r=g\",\"contentUrl\":\"https:\\\/\\\/secure.gravatar.com\\\/avatar\\\/05c9a17bc973052ee5d91549bd32fb4dd0dc85b7b85ae94b2e2b4943476bbea5?s=96&d=blank&r=g\",\"caption\":\"Leinewelle\"},\"sameAs\":[\"http:\\\/\\\/localhost\\\/radio%20leinewelle\\\/wordpress\",\"https:\\\/\\\/www.facebook.com\\\/radioleinewelle\",\"https:\\\/\\\/www.instagram.com\\\/radioleinewelle\",\"https:\\\/\\\/x.com\\\/https:\\\/\\\/twitter.com\\\/RLeinewelle?ref_src=twsrcgoogletwcampserptwgrauthor\",\"https:\\\/\\\/soundcloud.com\\\/foerderverein-lokalradio?utm_source=clipboard&utm_medium=text&utm_campaign=social_sharing\"],\"url\":\"https:\\\/\\\/radioleinewelle.de\\\/index.php\\\/author\\\/leinewelle\\\/\"}]}<\/script>\n<!-- \/ Yoast SEO plugin. -->","yoast_head_json":{"title":"World Radio Day 2021: Radio schafft Vielfalt und verbindet Menschen - Radio Leinewelle","robots":{"index":"index","follow":"follow","max-snippet":"max-snippet:-1","max-image-preview":"max-image-preview:large","max-video-preview":"max-video-preview:-1"},"canonical":"https:\/\/radioleinewelle.de\/index.php\/2021\/02\/13\/world-radio-day-2021-radio-schafft-vielfalt-und-verbindet-menschen\/","og_locale":"de_DE","og_type":"article","og_title":"World Radio Day 2021: Radio schafft Vielfalt und verbindet Menschen - Radio Leinewelle","og_description":"Der World Radio Day wird am 13. Februar bereits zum zehnten Mal von der UNESCO ausgerufen und verweist einmal mehr darauf, wie bedeutsam Radio f\u00fcr die Gesellschaft ist und warum es Menschen verbindet. Zeit zu feiern: bereits zum zehnten Mal wird der World Radio Day von der UNESCO ausgerufen, in Deutschland ist Radio seit hundert [&hellip;]","og_url":"https:\/\/radioleinewelle.de\/index.php\/2021\/02\/13\/world-radio-day-2021-radio-schafft-vielfalt-und-verbindet-menschen\/","og_site_name":"Radio Leinewelle","article_publisher":"https:\/\/www.facebook.com\/radioleinewelle","article_author":"https:\/\/www.facebook.com\/radioleinewelle","article_published_time":"2021-02-13T04:45:00+00:00","og_image":[{"width":640,"height":426,"url":"https:\/\/radioleinewelle.de\/wp-content\/uploads\/2021\/02\/radio-1594819_640.jpg","type":"image\/jpeg"}],"author":"Leinewelle","twitter_card":"summary_large_image","twitter_creator":"@https:\/\/twitter.com\/RLeinewelle?ref_src=twsrcgoogletwcampserptwgrauthor","twitter_site":"@RLeinewelle","twitter_misc":{"Verfasst von":"Leinewelle","Gesch\u00e4tzte Lesezeit":"3\u00a0Minuten"},"schema":{"@context":"https:\/\/schema.org","@graph":[{"@type":"Article","@id":"https:\/\/radioleinewelle.de\/index.php\/2021\/02\/13\/world-radio-day-2021-radio-schafft-vielfalt-und-verbindet-menschen\/#article","isPartOf":{"@id":"https:\/\/radioleinewelle.de\/index.php\/2021\/02\/13\/world-radio-day-2021-radio-schafft-vielfalt-und-verbindet-menschen\/"},"author":{"name":"Leinewelle","@id":"https:\/\/radioleinewelle.de\/#\/schema\/person\/45606f348637df637192dc1b68399a63"},"headline":"World Radio Day 2021: Radio schafft Vielfalt und verbindet Menschen","datePublished":"2021-02-13T04:45:00+00:00","mainEntityOfPage":{"@id":"https:\/\/radioleinewelle.de\/index.php\/2021\/02\/13\/world-radio-day-2021-radio-schafft-vielfalt-und-verbindet-menschen\/"},"wordCount":687,"publisher":{"@id":"https:\/\/radioleinewelle.de\/#organization"},"image":{"@id":"https:\/\/radioleinewelle.de\/index.php\/2021\/02\/13\/world-radio-day-2021-radio-schafft-vielfalt-und-verbindet-menschen\/#primaryimage"},"thumbnailUrl":"https:\/\/radioleinewelle.de\/wp-content\/uploads\/2021\/02\/radio-1594819_640.jpg","articleSection":["Aktuelle Nachrichten"],"inLanguage":"de"},{"@type":"WebPage","@id":"https:\/\/radioleinewelle.de\/index.php\/2021\/02\/13\/world-radio-day-2021-radio-schafft-vielfalt-und-verbindet-menschen\/","url":"https:\/\/radioleinewelle.de\/index.php\/2021\/02\/13\/world-radio-day-2021-radio-schafft-vielfalt-und-verbindet-menschen\/","name":"World Radio Day 2021: Radio schafft Vielfalt und verbindet Menschen - Radio Leinewelle","isPartOf":{"@id":"https:\/\/radioleinewelle.de\/#website"},"primaryImageOfPage":{"@id":"https:\/\/radioleinewelle.de\/index.php\/2021\/02\/13\/world-radio-day-2021-radio-schafft-vielfalt-und-verbindet-menschen\/#primaryimage"},"image":{"@id":"https:\/\/radioleinewelle.de\/index.php\/2021\/02\/13\/world-radio-day-2021-radio-schafft-vielfalt-und-verbindet-menschen\/#primaryimage"},"thumbnailUrl":"https:\/\/radioleinewelle.de\/wp-content\/uploads\/2021\/02\/radio-1594819_640.jpg","datePublished":"2021-02-13T04:45:00+00:00","breadcrumb":{"@id":"https:\/\/radioleinewelle.de\/index.php\/2021\/02\/13\/world-radio-day-2021-radio-schafft-vielfalt-und-verbindet-menschen\/#breadcrumb"},"inLanguage":"de","potentialAction":[{"@type":"ReadAction","target":["https:\/\/radioleinewelle.de\/index.php\/2021\/02\/13\/world-radio-day-2021-radio-schafft-vielfalt-und-verbindet-menschen\/"]}]},{"@type":"ImageObject","inLanguage":"de","@id":"https:\/\/radioleinewelle.de\/index.php\/2021\/02\/13\/world-radio-day-2021-radio-schafft-vielfalt-und-verbindet-menschen\/#primaryimage","url":"https:\/\/radioleinewelle.de\/wp-content\/uploads\/2021\/02\/radio-1594819_640.jpg","contentUrl":"https:\/\/radioleinewelle.de\/wp-content\/uploads\/2021\/02\/radio-1594819_640.jpg","width":640,"height":426},{"@type":"BreadcrumbList","@id":"https:\/\/radioleinewelle.de\/index.php\/2021\/02\/13\/world-radio-day-2021-radio-schafft-vielfalt-und-verbindet-menschen\/#breadcrumb","itemListElement":[{"@type":"ListItem","position":1,"name":"Startseite","item":"https:\/\/radioleinewelle.de\/"},{"@type":"ListItem","position":2,"name":"World Radio Day 2021: Radio schafft Vielfalt und verbindet Menschen"}]},{"@type":"WebSite","@id":"https:\/\/radioleinewelle.de\/#website","url":"https:\/\/radioleinewelle.de\/","name":"Radio Leinewelle","description":"","publisher":{"@id":"https:\/\/radioleinewelle.de\/#organization"},"potentialAction":[{"@type":"SearchAction","target":{"@type":"EntryPoint","urlTemplate":"https:\/\/radioleinewelle.de\/?s={search_term_string}"},"query-input":{"@type":"PropertyValueSpecification","valueRequired":true,"valueName":"search_term_string"}}],"inLanguage":"de"},{"@type":"Organization","@id":"https:\/\/radioleinewelle.de\/#organization","name":"Radio Leinewelle","alternateName":"Mein Radio f\u00fcr S\u00fcdniedersachsen","url":"https:\/\/radioleinewelle.de\/","logo":{"@type":"ImageObject","inLanguage":"de","@id":"https:\/\/radioleinewelle.de\/#\/schema\/logo\/image\/","url":"https:\/\/radioleinewelle.de\/wp-content\/uploads\/2023\/11\/cropped-Leinewelle_Logo_weiss.png","contentUrl":"https:\/\/radioleinewelle.de\/wp-content\/uploads\/2023\/11\/cropped-Leinewelle_Logo_weiss.png","width":854,"height":260,"caption":"Radio Leinewelle"},"image":{"@id":"https:\/\/radioleinewelle.de\/#\/schema\/logo\/image\/"},"sameAs":["https:\/\/www.facebook.com\/radioleinewelle","https:\/\/x.com\/RLeinewelle","https:\/\/www.instagram.com\/radioleinewelle\/?hl=de"]},{"@type":"Person","@id":"https:\/\/radioleinewelle.de\/#\/schema\/person\/45606f348637df637192dc1b68399a63","name":"Leinewelle","image":{"@type":"ImageObject","inLanguage":"de","@id":"https:\/\/secure.gravatar.com\/avatar\/05c9a17bc973052ee5d91549bd32fb4dd0dc85b7b85ae94b2e2b4943476bbea5?s=96&d=blank&r=g","url":"https:\/\/secure.gravatar.com\/avatar\/05c9a17bc973052ee5d91549bd32fb4dd0dc85b7b85ae94b2e2b4943476bbea5?s=96&d=blank&r=g","contentUrl":"https:\/\/secure.gravatar.com\/avatar\/05c9a17bc973052ee5d91549bd32fb4dd0dc85b7b85ae94b2e2b4943476bbea5?s=96&d=blank&r=g","caption":"Leinewelle"},"sameAs":["http:\/\/localhost\/radio%20leinewelle\/wordpress","https:\/\/www.facebook.com\/radioleinewelle","https:\/\/www.instagram.com\/radioleinewelle","https:\/\/x.com\/https:\/\/twitter.com\/RLeinewelle?ref_src=twsrcgoogletwcampserptwgrauthor","https:\/\/soundcloud.com\/foerderverein-lokalradio?utm_source=clipboard&utm_medium=text&utm_campaign=social_sharing"],"url":"https:\/\/radioleinewelle.de\/index.php\/author\/leinewelle\/"}]}},"_links":{"self":[{"href":"https:\/\/radioleinewelle.de\/index.php\/wp-json\/wp\/v2\/posts\/5203","targetHints":{"allow":["GET"]}}],"collection":[{"href":"https:\/\/radioleinewelle.de\/index.php\/wp-json\/wp\/v2\/posts"}],"about":[{"href":"https:\/\/radioleinewelle.de\/index.php\/wp-json\/wp\/v2\/types\/post"}],"author":[{"embeddable":true,"href":"https:\/\/radioleinewelle.de\/index.php\/wp-json\/wp\/v2\/users\/1"}],"replies":[{"embeddable":true,"href":"https:\/\/radioleinewelle.de\/index.php\/wp-json\/wp\/v2\/comments?post=5203"}],"version-history":[{"count":0,"href":"https:\/\/radioleinewelle.de\/index.php\/wp-json\/wp\/v2\/posts\/5203\/revisions"}],"wp:featuredmedia":[{"embeddable":true,"href":"https:\/\/radioleinewelle.de\/index.php\/wp-json\/wp\/v2\/media\/5207"}],"wp:attachment":[{"href":"https:\/\/radioleinewelle.de\/index.php\/wp-json\/wp\/v2\/media?parent=5203"}],"wp:term":[{"taxonomy":"category","embeddable":true,"href":"https:\/\/radioleinewelle.de\/index.php\/wp-json\/wp\/v2\/categories?post=5203"},{"taxonomy":"post_tag","embeddable":true,"href":"https:\/\/radioleinewelle.de\/index.php\/wp-json\/wp\/v2\/tags?post=5203"}],"curies":[{"name":"wp","href":"https:\/\/api.w.org\/{rel}","templated":true}]}}