{"id":5226,"date":"2021-02-14T18:16:46","date_gmt":"2021-02-14T17:16:46","guid":{"rendered":"https:\/\/radioleinewelle.de\/?p=5226"},"modified":"2021-02-14T18:16:46","modified_gmt":"2021-02-14T17:16:46","slug":"89-jaehriger-stirbt-nach-corona-impfung-obduktion-ergibt-natuerlichen-tod-als-ursache","status":"publish","type":"post","link":"https:\/\/radioleinewelle.de\/index.php\/2021\/02\/14\/89-jaehriger-stirbt-nach-corona-impfung-obduktion-ergibt-natuerlichen-tod-als-ursache\/","title":{"rendered":"89-J\u00e4hriger stirbt nach Corona-Impfung &#8211; Obduktion ergibt nat\u00fcrlichen Tod als Ursache"},"content":{"rendered":"\n<p>Der tragische Tod eines 89-J\u00e4hrigen nach einer Corona-Impfung ist aufgekl\u00e4rt. Die G\u00f6ttinger Polizei und Staatsanwaltschaft teilten am Sonntag Nachmittag folgendes mit:<\/p>\n\n\n\n<p><\/p>\n\n\n\n<p>Wie von der Stadt G\u00f6ttingen in Form einer Pressemitteilung berichtet (siehe&nbsp;<a rel=\"noreferrer noopener\" target=\"_blank\" href=\"https:\/\/www.goettingen.de\/aktuelles\/todesfall-nach-corona-impfung-2021-02-14.html\">https:\/\/www.goettingen.de\/aktuelles\/todesfall-nach-corona-impfung-2021-02-14.html<\/a>), ist es am Samstag (13.02.21) im Impfzentrum &#8222;Siekh\u00f6he&#8220; am Anna-Vandenhoeck-Ring zu einem Todesfall gekommen. Bei dem Verstorbenen handelt es sich um einen Mann aus G\u00f6ttingen.&nbsp;<\/p>\n\n\n\n<p>Der Leichnam des 89-J\u00e4hrigen war im Zuge der eingeleiteten Todesursachenermittlung von der hinzugezogenen Polizei beschlagnahmt worden. Noch am sp\u00e4ten Abend ordnete die Staatsanwaltschaft G\u00f6ttingen zur Kl\u00e4rung der Todesursache eine Obduktion an.&nbsp;<\/p>\n\n\n\n<p>Die am Sonntagvormittag (14.02.21) in der G\u00f6ttinger Rechtsmedizin vorgenommene Untersuchung stellte im Ergebnis fest, dass es keinen kausalen Zusammenhang zwischen der erfolgten Impfung und dem kurz danach eingetretenen Ableben des Mannes gibt.&nbsp;<\/p>\n\n\n\n<p>Als Todesursache wurde eine bei dem 89-J\u00e4hrigen bereits vorhanden gewesene Vorerkrankung diagnostiziert, deren Existenz erst durch die rechtsmedizinische Untersuchung \u00fcberhaupt bekannt wurde.&nbsp;<\/p>\n\n\n\n<p>Der pl\u00f6tzliche Tod des G\u00f6ttingers ist angesichts der vorliegenden Ermittlungsergebnisse auf eine tragische Verkettung von Umst\u00e4nden zur\u00fcckzuf\u00fchren. <br \/>G\u00d6TTNGEN (jk)<\/p>\n","protected":false},"excerpt":{"rendered":"<p>Der tragische Tod eines 89-J\u00e4hrigen nach einer Corona-Impfung ist aufgekl\u00e4rt. Die G\u00f6ttinger Polizei und Staatsanwaltschaft teilten am Sonntag Nachmittag folgendes mit: Wie von der Stadt G\u00f6ttingen in Form einer Pressemitteilung berichtet (siehe&nbsp;https:\/\/www.goettingen.de\/aktuelles\/todesfall-nach-corona-impfung-2021-02-14.html), ist es am Samstag (13.02.21) im Impfzentrum &#8222;Siekh\u00f6he&#8220; am Anna-Vandenhoeck-Ring zu einem Todesfall gekommen. Bei dem Verstorbenen handelt es sich um einen Mann [&hellip;]<\/p>\n","protected":false},"author":1,"featured_media":1766,"comment_status":"closed","ping_status":"closed","sticky":false,"template":"","format":"standard","meta":{"saved_in_kubio":false,"footnotes":""},"categories":[24],"tags":[],"class_list":["post-5226","post","type-post","status-publish","format-standard","has-post-thumbnail","hentry","category-news"],"yoast_head":"<!-- This site is optimized with the Yoast SEO plugin v27.5 - https:\/\/yoast.com\/product\/yoast-seo-wordpress\/ -->\n<title>89-J\u00e4hriger stirbt nach Corona-Impfung - Obduktion ergibt nat\u00fcrlichen Tod als Ursache - Radio Leinewelle<\/title>\n<meta name=\"robots\" content=\"index, follow, max-snippet:-1, max-image-preview:large, max-video-preview:-1\" \/>\n<link rel=\"canonical\" href=\"https:\/\/radioleinewelle.de\/index.php\/2021\/02\/14\/89-jaehriger-stirbt-nach-corona-impfung-obduktion-ergibt-natuerlichen-tod-als-ursache\/\" \/>\n<meta property=\"og:locale\" content=\"de_DE\" \/>\n<meta property=\"og:type\" content=\"article\" \/>\n<meta property=\"og:title\" content=\"89-J\u00e4hriger stirbt nach Corona-Impfung - Obduktion ergibt nat\u00fcrlichen Tod als Ursache - Radio Leinewelle\" \/>\n<meta property=\"og:description\" content=\"Der tragische Tod eines 89-J\u00e4hrigen nach einer Corona-Impfung ist aufgekl\u00e4rt. Die G\u00f6ttinger Polizei und Staatsanwaltschaft teilten am Sonntag Nachmittag folgendes mit: Wie von der Stadt G\u00f6ttingen in Form einer Pressemitteilung berichtet (siehe&nbsp;https:\/\/www.goettingen.de\/aktuelles\/todesfall-nach-corona-impfung-2021-02-14.html), ist es am Samstag (13.02.21) im Impfzentrum &#8222;Siekh\u00f6he&#8220; am Anna-Vandenhoeck-Ring zu einem Todesfall gekommen. Bei dem Verstorbenen handelt es sich um einen Mann [&hellip;]\" \/>\n<meta property=\"og:url\" content=\"https:\/\/radioleinewelle.de\/index.php\/2021\/02\/14\/89-jaehriger-stirbt-nach-corona-impfung-obduktion-ergibt-natuerlichen-tod-als-ursache\/\" \/>\n<meta property=\"og:site_name\" content=\"Radio Leinewelle\" \/>\n<meta property=\"article:publisher\" content=\"https:\/\/www.facebook.com\/radioleinewelle\" \/>\n<meta property=\"article:author\" content=\"https:\/\/www.facebook.com\/radioleinewelle\" \/>\n<meta property=\"article:published_time\" content=\"2021-02-14T17:16:46+00:00\" \/>\n<meta property=\"og:image\" content=\"https:\/\/radioleinewelle.de\/wp-content\/uploads\/2020\/09\/police-1530531_640.jpg\" \/>\n\t<meta property=\"og:image:width\" content=\"640\" \/>\n\t<meta property=\"og:image:height\" content=\"382\" \/>\n\t<meta property=\"og:image:type\" content=\"image\/jpeg\" \/>\n<meta name=\"author\" content=\"Leinewelle\" \/>\n<meta name=\"twitter:card\" content=\"summary_large_image\" \/>\n<meta name=\"twitter:creator\" content=\"@https:\/\/twitter.com\/RLeinewelle?ref_src=twsrcgoogletwcampserptwgrauthor\" \/>\n<meta name=\"twitter:site\" content=\"@RLeinewelle\" \/>\n<meta name=\"twitter:label1\" content=\"Verfasst von\" \/>\n\t<meta name=\"twitter:data1\" content=\"Leinewelle\" \/>\n\t<meta name=\"twitter:label2\" content=\"Gesch\u00e4tzte Lesezeit\" \/>\n\t<meta name=\"twitter:data2\" content=\"1\u00a0Minute\" \/>\n<script type=\"application\/ld+json\" class=\"yoast-schema-graph\">{\"@context\":\"https:\\\/\\\/schema.org\",\"@graph\":[{\"@type\":\"Article\",\"@id\":\"https:\\\/\\\/radioleinewelle.de\\\/index.php\\\/2021\\\/02\\\/14\\\/89-jaehriger-stirbt-nach-corona-impfung-obduktion-ergibt-natuerlichen-tod-als-ursache\\\/#article\",\"isPartOf\":{\"@id\":\"https:\\\/\\\/radioleinewelle.de\\\/index.php\\\/2021\\\/02\\\/14\\\/89-jaehriger-stirbt-nach-corona-impfung-obduktion-ergibt-natuerlichen-tod-als-ursache\\\/\"},\"author\":{\"name\":\"Leinewelle\",\"@id\":\"https:\\\/\\\/radioleinewelle.de\\\/#\\\/schema\\\/person\\\/45606f348637df637192dc1b68399a63\"},\"headline\":\"89-J\u00e4hriger stirbt nach Corona-Impfung &#8211; Obduktion ergibt nat\u00fcrlichen Tod als Ursache\",\"datePublished\":\"2021-02-14T17:16:46+00:00\",\"mainEntityOfPage\":{\"@id\":\"https:\\\/\\\/radioleinewelle.de\\\/index.php\\\/2021\\\/02\\\/14\\\/89-jaehriger-stirbt-nach-corona-impfung-obduktion-ergibt-natuerlichen-tod-als-ursache\\\/\"},\"wordCount\":204,\"publisher\":{\"@id\":\"https:\\\/\\\/radioleinewelle.de\\\/#organization\"},\"image\":{\"@id\":\"https:\\\/\\\/radioleinewelle.de\\\/index.php\\\/2021\\\/02\\\/14\\\/89-jaehriger-stirbt-nach-corona-impfung-obduktion-ergibt-natuerlichen-tod-als-ursache\\\/#primaryimage\"},\"thumbnailUrl\":\"https:\\\/\\\/radioleinewelle.de\\\/wp-content\\\/uploads\\\/2020\\\/09\\\/police-1530531_640.jpg\",\"articleSection\":[\"Aktuelle Nachrichten\"],\"inLanguage\":\"de\"},{\"@type\":\"WebPage\",\"@id\":\"https:\\\/\\\/radioleinewelle.de\\\/index.php\\\/2021\\\/02\\\/14\\\/89-jaehriger-stirbt-nach-corona-impfung-obduktion-ergibt-natuerlichen-tod-als-ursache\\\/\",\"url\":\"https:\\\/\\\/radioleinewelle.de\\\/index.php\\\/2021\\\/02\\\/14\\\/89-jaehriger-stirbt-nach-corona-impfung-obduktion-ergibt-natuerlichen-tod-als-ursache\\\/\",\"name\":\"89-J\u00e4hriger stirbt nach Corona-Impfung - Obduktion ergibt nat\u00fcrlichen Tod als Ursache - Radio Leinewelle\",\"isPartOf\":{\"@id\":\"https:\\\/\\\/radioleinewelle.de\\\/#website\"},\"primaryImageOfPage\":{\"@id\":\"https:\\\/\\\/radioleinewelle.de\\\/index.php\\\/2021\\\/02\\\/14\\\/89-jaehriger-stirbt-nach-corona-impfung-obduktion-ergibt-natuerlichen-tod-als-ursache\\\/#primaryimage\"},\"image\":{\"@id\":\"https:\\\/\\\/radioleinewelle.de\\\/index.php\\\/2021\\\/02\\\/14\\\/89-jaehriger-stirbt-nach-corona-impfung-obduktion-ergibt-natuerlichen-tod-als-ursache\\\/#primaryimage\"},\"thumbnailUrl\":\"https:\\\/\\\/radioleinewelle.de\\\/wp-content\\\/uploads\\\/2020\\\/09\\\/police-1530531_640.jpg\",\"datePublished\":\"2021-02-14T17:16:46+00:00\",\"breadcrumb\":{\"@id\":\"https:\\\/\\\/radioleinewelle.de\\\/index.php\\\/2021\\\/02\\\/14\\\/89-jaehriger-stirbt-nach-corona-impfung-obduktion-ergibt-natuerlichen-tod-als-ursache\\\/#breadcrumb\"},\"inLanguage\":\"de\",\"potentialAction\":[{\"@type\":\"ReadAction\",\"target\":[\"https:\\\/\\\/radioleinewelle.de\\\/index.php\\\/2021\\\/02\\\/14\\\/89-jaehriger-stirbt-nach-corona-impfung-obduktion-ergibt-natuerlichen-tod-als-ursache\\\/\"]}]},{\"@type\":\"ImageObject\",\"inLanguage\":\"de\",\"@id\":\"https:\\\/\\\/radioleinewelle.de\\\/index.php\\\/2021\\\/02\\\/14\\\/89-jaehriger-stirbt-nach-corona-impfung-obduktion-ergibt-natuerlichen-tod-als-ursache\\\/#primaryimage\",\"url\":\"https:\\\/\\\/radioleinewelle.de\\\/wp-content\\\/uploads\\\/2020\\\/09\\\/police-1530531_640.jpg\",\"contentUrl\":\"https:\\\/\\\/radioleinewelle.de\\\/wp-content\\\/uploads\\\/2020\\\/09\\\/police-1530531_640.jpg\",\"width\":640,\"height\":382},{\"@type\":\"BreadcrumbList\",\"@id\":\"https:\\\/\\\/radioleinewelle.de\\\/index.php\\\/2021\\\/02\\\/14\\\/89-jaehriger-stirbt-nach-corona-impfung-obduktion-ergibt-natuerlichen-tod-als-ursache\\\/#breadcrumb\",\"itemListElement\":[{\"@type\":\"ListItem\",\"position\":1,\"name\":\"Startseite\",\"item\":\"https:\\\/\\\/radioleinewelle.de\\\/\"},{\"@type\":\"ListItem\",\"position\":2,\"name\":\"89-J\u00e4hriger stirbt nach Corona-Impfung &#8211; Obduktion ergibt nat\u00fcrlichen Tod als Ursache\"}]},{\"@type\":\"WebSite\",\"@id\":\"https:\\\/\\\/radioleinewelle.de\\\/#website\",\"url\":\"https:\\\/\\\/radioleinewelle.de\\\/\",\"name\":\"Radio Leinewelle\",\"description\":\"\",\"publisher\":{\"@id\":\"https:\\\/\\\/radioleinewelle.de\\\/#organization\"},\"potentialAction\":[{\"@type\":\"SearchAction\",\"target\":{\"@type\":\"EntryPoint\",\"urlTemplate\":\"https:\\\/\\\/radioleinewelle.de\\\/?s={search_term_string}\"},\"query-input\":{\"@type\":\"PropertyValueSpecification\",\"valueRequired\":true,\"valueName\":\"search_term_string\"}}],\"inLanguage\":\"de\"},{\"@type\":\"Organization\",\"@id\":\"https:\\\/\\\/radioleinewelle.de\\\/#organization\",\"name\":\"Radio Leinewelle\",\"alternateName\":\"Mein Radio f\u00fcr S\u00fcdniedersachsen\",\"url\":\"https:\\\/\\\/radioleinewelle.de\\\/\",\"logo\":{\"@type\":\"ImageObject\",\"inLanguage\":\"de\",\"@id\":\"https:\\\/\\\/radioleinewelle.de\\\/#\\\/schema\\\/logo\\\/image\\\/\",\"url\":\"https:\\\/\\\/radioleinewelle.de\\\/wp-content\\\/uploads\\\/2023\\\/11\\\/cropped-Leinewelle_Logo_weiss.png\",\"contentUrl\":\"https:\\\/\\\/radioleinewelle.de\\\/wp-content\\\/uploads\\\/2023\\\/11\\\/cropped-Leinewelle_Logo_weiss.png\",\"width\":854,\"height\":260,\"caption\":\"Radio Leinewelle\"},\"image\":{\"@id\":\"https:\\\/\\\/radioleinewelle.de\\\/#\\\/schema\\\/logo\\\/image\\\/\"},\"sameAs\":[\"https:\\\/\\\/www.facebook.com\\\/radioleinewelle\",\"https:\\\/\\\/x.com\\\/RLeinewelle\",\"https:\\\/\\\/www.instagram.com\\\/radioleinewelle\\\/?hl=de\"]},{\"@type\":\"Person\",\"@id\":\"https:\\\/\\\/radioleinewelle.de\\\/#\\\/schema\\\/person\\\/45606f348637df637192dc1b68399a63\",\"name\":\"Leinewelle\",\"image\":{\"@type\":\"ImageObject\",\"inLanguage\":\"de\",\"@id\":\"https:\\\/\\\/secure.gravatar.com\\\/avatar\\\/05c9a17bc973052ee5d91549bd32fb4dd0dc85b7b85ae94b2e2b4943476bbea5?s=96&d=blank&r=g\",\"url\":\"https:\\\/\\\/secure.gravatar.com\\\/avatar\\\/05c9a17bc973052ee5d91549bd32fb4dd0dc85b7b85ae94b2e2b4943476bbea5?s=96&d=blank&r=g\",\"contentUrl\":\"https:\\\/\\\/secure.gravatar.com\\\/avatar\\\/05c9a17bc973052ee5d91549bd32fb4dd0dc85b7b85ae94b2e2b4943476bbea5?s=96&d=blank&r=g\",\"caption\":\"Leinewelle\"},\"sameAs\":[\"http:\\\/\\\/localhost\\\/radio%20leinewelle\\\/wordpress\",\"https:\\\/\\\/www.facebook.com\\\/radioleinewelle\",\"https:\\\/\\\/www.instagram.com\\\/radioleinewelle\",\"https:\\\/\\\/x.com\\\/https:\\\/\\\/twitter.com\\\/RLeinewelle?ref_src=twsrcgoogletwcampserptwgrauthor\",\"https:\\\/\\\/soundcloud.com\\\/foerderverein-lokalradio?utm_source=clipboard&utm_medium=text&utm_campaign=social_sharing\"],\"url\":\"https:\\\/\\\/radioleinewelle.de\\\/index.php\\\/author\\\/leinewelle\\\/\"}]}<\/script>\n<!-- \/ Yoast SEO plugin. -->","yoast_head_json":{"title":"89-J\u00e4hriger stirbt nach Corona-Impfung - Obduktion ergibt nat\u00fcrlichen Tod als Ursache - Radio Leinewelle","robots":{"index":"index","follow":"follow","max-snippet":"max-snippet:-1","max-image-preview":"max-image-preview:large","max-video-preview":"max-video-preview:-1"},"canonical":"https:\/\/radioleinewelle.de\/index.php\/2021\/02\/14\/89-jaehriger-stirbt-nach-corona-impfung-obduktion-ergibt-natuerlichen-tod-als-ursache\/","og_locale":"de_DE","og_type":"article","og_title":"89-J\u00e4hriger stirbt nach Corona-Impfung - Obduktion ergibt nat\u00fcrlichen Tod als Ursache - Radio Leinewelle","og_description":"Der tragische Tod eines 89-J\u00e4hrigen nach einer Corona-Impfung ist aufgekl\u00e4rt. Die G\u00f6ttinger Polizei und Staatsanwaltschaft teilten am Sonntag Nachmittag folgendes mit: Wie von der Stadt G\u00f6ttingen in Form einer Pressemitteilung berichtet (siehe&nbsp;https:\/\/www.goettingen.de\/aktuelles\/todesfall-nach-corona-impfung-2021-02-14.html), ist es am Samstag (13.02.21) im Impfzentrum &#8222;Siekh\u00f6he&#8220; am Anna-Vandenhoeck-Ring zu einem Todesfall gekommen. Bei dem Verstorbenen handelt es sich um einen Mann [&hellip;]","og_url":"https:\/\/radioleinewelle.de\/index.php\/2021\/02\/14\/89-jaehriger-stirbt-nach-corona-impfung-obduktion-ergibt-natuerlichen-tod-als-ursache\/","og_site_name":"Radio Leinewelle","article_publisher":"https:\/\/www.facebook.com\/radioleinewelle","article_author":"https:\/\/www.facebook.com\/radioleinewelle","article_published_time":"2021-02-14T17:16:46+00:00","og_image":[{"width":640,"height":382,"url":"https:\/\/radioleinewelle.de\/wp-content\/uploads\/2020\/09\/police-1530531_640.jpg","type":"image\/jpeg"}],"author":"Leinewelle","twitter_card":"summary_large_image","twitter_creator":"@https:\/\/twitter.com\/RLeinewelle?ref_src=twsrcgoogletwcampserptwgrauthor","twitter_site":"@RLeinewelle","twitter_misc":{"Verfasst von":"Leinewelle","Gesch\u00e4tzte Lesezeit":"1\u00a0Minute"},"schema":{"@context":"https:\/\/schema.org","@graph":[{"@type":"Article","@id":"https:\/\/radioleinewelle.de\/index.php\/2021\/02\/14\/89-jaehriger-stirbt-nach-corona-impfung-obduktion-ergibt-natuerlichen-tod-als-ursache\/#article","isPartOf":{"@id":"https:\/\/radioleinewelle.de\/index.php\/2021\/02\/14\/89-jaehriger-stirbt-nach-corona-impfung-obduktion-ergibt-natuerlichen-tod-als-ursache\/"},"author":{"name":"Leinewelle","@id":"https:\/\/radioleinewelle.de\/#\/schema\/person\/45606f348637df637192dc1b68399a63"},"headline":"89-J\u00e4hriger stirbt nach Corona-Impfung &#8211; Obduktion ergibt nat\u00fcrlichen Tod als Ursache","datePublished":"2021-02-14T17:16:46+00:00","mainEntityOfPage":{"@id":"https:\/\/radioleinewelle.de\/index.php\/2021\/02\/14\/89-jaehriger-stirbt-nach-corona-impfung-obduktion-ergibt-natuerlichen-tod-als-ursache\/"},"wordCount":204,"publisher":{"@id":"https:\/\/radioleinewelle.de\/#organization"},"image":{"@id":"https:\/\/radioleinewelle.de\/index.php\/2021\/02\/14\/89-jaehriger-stirbt-nach-corona-impfung-obduktion-ergibt-natuerlichen-tod-als-ursache\/#primaryimage"},"thumbnailUrl":"https:\/\/radioleinewelle.de\/wp-content\/uploads\/2020\/09\/police-1530531_640.jpg","articleSection":["Aktuelle Nachrichten"],"inLanguage":"de"},{"@type":"WebPage","@id":"https:\/\/radioleinewelle.de\/index.php\/2021\/02\/14\/89-jaehriger-stirbt-nach-corona-impfung-obduktion-ergibt-natuerlichen-tod-als-ursache\/","url":"https:\/\/radioleinewelle.de\/index.php\/2021\/02\/14\/89-jaehriger-stirbt-nach-corona-impfung-obduktion-ergibt-natuerlichen-tod-als-ursache\/","name":"89-J\u00e4hriger stirbt nach Corona-Impfung - Obduktion ergibt nat\u00fcrlichen Tod als Ursache - Radio Leinewelle","isPartOf":{"@id":"https:\/\/radioleinewelle.de\/#website"},"primaryImageOfPage":{"@id":"https:\/\/radioleinewelle.de\/index.php\/2021\/02\/14\/89-jaehriger-stirbt-nach-corona-impfung-obduktion-ergibt-natuerlichen-tod-als-ursache\/#primaryimage"},"image":{"@id":"https:\/\/radioleinewelle.de\/index.php\/2021\/02\/14\/89-jaehriger-stirbt-nach-corona-impfung-obduktion-ergibt-natuerlichen-tod-als-ursache\/#primaryimage"},"thumbnailUrl":"https:\/\/radioleinewelle.de\/wp-content\/uploads\/2020\/09\/police-1530531_640.jpg","datePublished":"2021-02-14T17:16:46+00:00","breadcrumb":{"@id":"https:\/\/radioleinewelle.de\/index.php\/2021\/02\/14\/89-jaehriger-stirbt-nach-corona-impfung-obduktion-ergibt-natuerlichen-tod-als-ursache\/#breadcrumb"},"inLanguage":"de","potentialAction":[{"@type":"ReadAction","target":["https:\/\/radioleinewelle.de\/index.php\/2021\/02\/14\/89-jaehriger-stirbt-nach-corona-impfung-obduktion-ergibt-natuerlichen-tod-als-ursache\/"]}]},{"@type":"ImageObject","inLanguage":"de","@id":"https:\/\/radioleinewelle.de\/index.php\/2021\/02\/14\/89-jaehriger-stirbt-nach-corona-impfung-obduktion-ergibt-natuerlichen-tod-als-ursache\/#primaryimage","url":"https:\/\/radioleinewelle.de\/wp-content\/uploads\/2020\/09\/police-1530531_640.jpg","contentUrl":"https:\/\/radioleinewelle.de\/wp-content\/uploads\/2020\/09\/police-1530531_640.jpg","width":640,"height":382},{"@type":"BreadcrumbList","@id":"https:\/\/radioleinewelle.de\/index.php\/2021\/02\/14\/89-jaehriger-stirbt-nach-corona-impfung-obduktion-ergibt-natuerlichen-tod-als-ursache\/#breadcrumb","itemListElement":[{"@type":"ListItem","position":1,"name":"Startseite","item":"https:\/\/radioleinewelle.de\/"},{"@type":"ListItem","position":2,"name":"89-J\u00e4hriger stirbt nach Corona-Impfung &#8211; Obduktion ergibt nat\u00fcrlichen Tod als Ursache"}]},{"@type":"WebSite","@id":"https:\/\/radioleinewelle.de\/#website","url":"https:\/\/radioleinewelle.de\/","name":"Radio Leinewelle","description":"","publisher":{"@id":"https:\/\/radioleinewelle.de\/#organization"},"potentialAction":[{"@type":"SearchAction","target":{"@type":"EntryPoint","urlTemplate":"https:\/\/radioleinewelle.de\/?s={search_term_string}"},"query-input":{"@type":"PropertyValueSpecification","valueRequired":true,"valueName":"search_term_string"}}],"inLanguage":"de"},{"@type":"Organization","@id":"https:\/\/radioleinewelle.de\/#organization","name":"Radio Leinewelle","alternateName":"Mein Radio f\u00fcr S\u00fcdniedersachsen","url":"https:\/\/radioleinewelle.de\/","logo":{"@type":"ImageObject","inLanguage":"de","@id":"https:\/\/radioleinewelle.de\/#\/schema\/logo\/image\/","url":"https:\/\/radioleinewelle.de\/wp-content\/uploads\/2023\/11\/cropped-Leinewelle_Logo_weiss.png","contentUrl":"https:\/\/radioleinewelle.de\/wp-content\/uploads\/2023\/11\/cropped-Leinewelle_Logo_weiss.png","width":854,"height":260,"caption":"Radio Leinewelle"},"image":{"@id":"https:\/\/radioleinewelle.de\/#\/schema\/logo\/image\/"},"sameAs":["https:\/\/www.facebook.com\/radioleinewelle","https:\/\/x.com\/RLeinewelle","https:\/\/www.instagram.com\/radioleinewelle\/?hl=de"]},{"@type":"Person","@id":"https:\/\/radioleinewelle.de\/#\/schema\/person\/45606f348637df637192dc1b68399a63","name":"Leinewelle","image":{"@type":"ImageObject","inLanguage":"de","@id":"https:\/\/secure.gravatar.com\/avatar\/05c9a17bc973052ee5d91549bd32fb4dd0dc85b7b85ae94b2e2b4943476bbea5?s=96&d=blank&r=g","url":"https:\/\/secure.gravatar.com\/avatar\/05c9a17bc973052ee5d91549bd32fb4dd0dc85b7b85ae94b2e2b4943476bbea5?s=96&d=blank&r=g","contentUrl":"https:\/\/secure.gravatar.com\/avatar\/05c9a17bc973052ee5d91549bd32fb4dd0dc85b7b85ae94b2e2b4943476bbea5?s=96&d=blank&r=g","caption":"Leinewelle"},"sameAs":["http:\/\/localhost\/radio%20leinewelle\/wordpress","https:\/\/www.facebook.com\/radioleinewelle","https:\/\/www.instagram.com\/radioleinewelle","https:\/\/x.com\/https:\/\/twitter.com\/RLeinewelle?ref_src=twsrcgoogletwcampserptwgrauthor","https:\/\/soundcloud.com\/foerderverein-lokalradio?utm_source=clipboard&utm_medium=text&utm_campaign=social_sharing"],"url":"https:\/\/radioleinewelle.de\/index.php\/author\/leinewelle\/"}]}},"_links":{"self":[{"href":"https:\/\/radioleinewelle.de\/index.php\/wp-json\/wp\/v2\/posts\/5226","targetHints":{"allow":["GET"]}}],"collection":[{"href":"https:\/\/radioleinewelle.de\/index.php\/wp-json\/wp\/v2\/posts"}],"about":[{"href":"https:\/\/radioleinewelle.de\/index.php\/wp-json\/wp\/v2\/types\/post"}],"author":[{"embeddable":true,"href":"https:\/\/radioleinewelle.de\/index.php\/wp-json\/wp\/v2\/users\/1"}],"replies":[{"embeddable":true,"href":"https:\/\/radioleinewelle.de\/index.php\/wp-json\/wp\/v2\/comments?post=5226"}],"version-history":[{"count":0,"href":"https:\/\/radioleinewelle.de\/index.php\/wp-json\/wp\/v2\/posts\/5226\/revisions"}],"wp:featuredmedia":[{"embeddable":true,"href":"https:\/\/radioleinewelle.de\/index.php\/wp-json\/wp\/v2\/media\/1766"}],"wp:attachment":[{"href":"https:\/\/radioleinewelle.de\/index.php\/wp-json\/wp\/v2\/media?parent=5226"}],"wp:term":[{"taxonomy":"category","embeddable":true,"href":"https:\/\/radioleinewelle.de\/index.php\/wp-json\/wp\/v2\/categories?post=5226"},{"taxonomy":"post_tag","embeddable":true,"href":"https:\/\/radioleinewelle.de\/index.php\/wp-json\/wp\/v2\/tags?post=5226"}],"curies":[{"name":"wp","href":"https:\/\/api.w.org\/{rel}","templated":true}]}}