{"id":5234,"date":"2021-02-15T05:20:00","date_gmt":"2021-02-15T04:20:00","guid":{"rendered":"https:\/\/radioleinewelle.de\/?p=5234"},"modified":"2021-02-15T05:20:00","modified_gmt":"2021-02-15T04:20:00","slug":"goettingen-abfallentsorgung-der-geb-startet-am-montag","status":"publish","type":"post","link":"https:\/\/radioleinewelle.de\/index.php\/2021\/02\/15\/goettingen-abfallentsorgung-der-geb-startet-am-montag\/","title":{"rendered":"G\u00f6ttingen: Abfallentsorgung der GEB startet am Montag"},"content":{"rendered":"\n<p>Die G\u00f6ttinger Entsorgungsbetriebe (GEB) werden heute, am Montag, 15. Februar 2021, die Abfallentsorgung wiederaufnehmen. Die Leerung der Beh\u00e4lter und die Sammlung der gelben S\u00e4cke erfolgt dann im angestammten Entsorgungsrhythmus. Ausgefallene Entsorgungstermine werden zwischenzeitlich nicht nachgeholt.&nbsp;<\/p>\n\n\n\n<p>Im Bereich der Abfallentsorgung k\u00f6nnen nur die Beh\u00e4lter geleert werden, die auch erreichbar sind. Die GEB setzen auf die Unterst\u00fctzung der G\u00f6ttinger Bev\u00f6lkerung, um diese Ausnahmesituation zu meistern. \u201eBefreien Sie die Beh\u00e4lter von Eis und Schnee, und bringen Sie diese ausnahmsweise an den Gehweg zum Stra\u00dfenrand\u201c, appelliert Maja Heindorf, Sprecherin der GEB, an alle.<\/p>\n\n\n\n<p>Die GEB appellieren auch an die Wohnungswirtschaften, ggf. verschneite Transportwege in schwer zug\u00e4nglichen Stra\u00dfen vom Schnee zu befreien und die Beh\u00e4lter zu einem geeigneten und von den Sammelfahrzeugen erreichbaren Sammelplatz zu bringen.<\/p>\n\n\n\n<p>Alle Eigent\u00fcmer*innen und die von ihnen beauftragten Verwaltungen und Hausmeisterdienste haben f\u00fcr eis- und schneefreie Beh\u00e4lterstandpl\u00e4tze und einen ausreichend breiten und sicheren Zugang zu den Beh\u00e4lterstandpl\u00e4tzen zu sorgen. Auch sind die Gehwege von Eis und Schnee zu befreien und bei Gl\u00e4tte abzustumpfen.<\/p>\n\n\n\n<p>Es d\u00fcrfen auch keine Schneeberge auf der Verbindung vom Gehweg zum Fahrbahnrand aufget\u00fcrmt werden. Ein barrierefreier Weg ist f\u00fcr den Beh\u00e4ltertransport notwendig. Am Gehwegrand und in Gossen aufget\u00fcrmte Schneemassen stellen mitunter un\u00fcberwindbare H\u00fcrden dar, ebenso auch Schneehaufen vor den Beh\u00e4lterstandpl\u00e4tzen bzw. direkt vor den Beh\u00e4ltern. Den GEB ist bewusst, dass es sich nicht vermeiden l\u00e4sst, dass R\u00e4umfahrzeuge erneut Schneew\u00e4lle verursachen k\u00f6nnen, aber auch diese sind von Anliegern zu entfernen.<\/p>\n\n\n\n<p>Weitere Informationen sind auf&nbsp;<a rel=\"noreferrer noopener\" href=\"https:\/\/www.geb-goettingen.de\/\" target=\"_blank\">www.geb-goettingen.de&nbsp;<\/a>&nbsp;zu finden.<\/p>\n\n\n\n<p>Bild von&nbsp;<a href=\"https:\/\/pixabay.com\/de\/users\/manfredrichter-4055600\/?utm_source=link-attribution&amp;utm_medium=referral&amp;utm_campaign=image&amp;utm_content=3979757\">Manfred Richter<\/a>&nbsp;auf&nbsp;<a href=\"https:\/\/pixabay.com\/de\/?utm_source=link-attribution&amp;utm_medium=referral&amp;utm_campaign=image&amp;utm_content=3979757\">Pixabay<\/a>&nbsp;<\/p>\n","protected":false},"excerpt":{"rendered":"<p>Die G\u00f6ttinger Entsorgungsbetriebe (GEB) werden heute, am Montag, 15. Februar 2021, die Abfallentsorgung wiederaufnehmen. Die Leerung der Beh\u00e4lter und die Sammlung der gelben S\u00e4cke erfolgt dann im angestammten Entsorgungsrhythmus. Ausgefallene Entsorgungstermine werden zwischenzeitlich nicht nachgeholt.&nbsp; Im Bereich der Abfallentsorgung k\u00f6nnen nur die Beh\u00e4lter geleert werden, die auch erreichbar sind. Die GEB setzen auf die Unterst\u00fctzung [&hellip;]<\/p>\n","protected":false},"author":1,"featured_media":0,"comment_status":"closed","ping_status":"closed","sticky":false,"template":"","format":"standard","meta":{"saved_in_kubio":false,"footnotes":""},"categories":[24],"tags":[],"class_list":["post-5234","post","type-post","status-publish","format-standard","hentry","category-news"],"yoast_head":"<!-- This site is optimized with the Yoast SEO plugin v27.5 - https:\/\/yoast.com\/product\/yoast-seo-wordpress\/ -->\n<title>G\u00f6ttingen: Abfallentsorgung der GEB startet am Montag - Radio Leinewelle<\/title>\n<meta name=\"robots\" content=\"index, follow, max-snippet:-1, max-image-preview:large, max-video-preview:-1\" \/>\n<link rel=\"canonical\" href=\"https:\/\/radioleinewelle.de\/index.php\/2021\/02\/15\/goettingen-abfallentsorgung-der-geb-startet-am-montag\/\" \/>\n<meta property=\"og:locale\" content=\"de_DE\" \/>\n<meta property=\"og:type\" content=\"article\" \/>\n<meta property=\"og:title\" content=\"G\u00f6ttingen: Abfallentsorgung der GEB startet am Montag - Radio Leinewelle\" \/>\n<meta property=\"og:description\" content=\"Die G\u00f6ttinger Entsorgungsbetriebe (GEB) werden heute, am Montag, 15. Februar 2021, die Abfallentsorgung wiederaufnehmen. Die Leerung der Beh\u00e4lter und die Sammlung der gelben S\u00e4cke erfolgt dann im angestammten Entsorgungsrhythmus. Ausgefallene Entsorgungstermine werden zwischenzeitlich nicht nachgeholt.&nbsp; Im Bereich der Abfallentsorgung k\u00f6nnen nur die Beh\u00e4lter geleert werden, die auch erreichbar sind. Die GEB setzen auf die Unterst\u00fctzung [&hellip;]\" \/>\n<meta property=\"og:url\" content=\"https:\/\/radioleinewelle.de\/index.php\/2021\/02\/15\/goettingen-abfallentsorgung-der-geb-startet-am-montag\/\" \/>\n<meta property=\"og:site_name\" content=\"Radio Leinewelle\" \/>\n<meta property=\"article:publisher\" content=\"https:\/\/www.facebook.com\/radioleinewelle\" \/>\n<meta property=\"article:author\" content=\"https:\/\/www.facebook.com\/radioleinewelle\" \/>\n<meta property=\"article:published_time\" content=\"2021-02-15T04:20:00+00:00\" \/>\n<meta name=\"author\" content=\"Leinewelle\" \/>\n<meta name=\"twitter:card\" content=\"summary_large_image\" \/>\n<meta name=\"twitter:creator\" content=\"@https:\/\/twitter.com\/RLeinewelle?ref_src=twsrcgoogletwcampserptwgrauthor\" \/>\n<meta name=\"twitter:site\" content=\"@RLeinewelle\" \/>\n<meta name=\"twitter:label1\" content=\"Verfasst von\" \/>\n\t<meta name=\"twitter:data1\" content=\"Leinewelle\" \/>\n\t<meta name=\"twitter:label2\" content=\"Gesch\u00e4tzte Lesezeit\" \/>\n\t<meta name=\"twitter:data2\" content=\"1\u00a0Minute\" \/>\n<script type=\"application\/ld+json\" class=\"yoast-schema-graph\">{\"@context\":\"https:\\\/\\\/schema.org\",\"@graph\":[{\"@type\":\"Article\",\"@id\":\"https:\\\/\\\/radioleinewelle.de\\\/index.php\\\/2021\\\/02\\\/15\\\/goettingen-abfallentsorgung-der-geb-startet-am-montag\\\/#article\",\"isPartOf\":{\"@id\":\"https:\\\/\\\/radioleinewelle.de\\\/index.php\\\/2021\\\/02\\\/15\\\/goettingen-abfallentsorgung-der-geb-startet-am-montag\\\/\"},\"author\":{\"name\":\"Leinewelle\",\"@id\":\"https:\\\/\\\/radioleinewelle.de\\\/#\\\/schema\\\/person\\\/45606f348637df637192dc1b68399a63\"},\"headline\":\"G\u00f6ttingen: Abfallentsorgung der GEB startet am Montag\",\"datePublished\":\"2021-02-15T04:20:00+00:00\",\"mainEntityOfPage\":{\"@id\":\"https:\\\/\\\/radioleinewelle.de\\\/index.php\\\/2021\\\/02\\\/15\\\/goettingen-abfallentsorgung-der-geb-startet-am-montag\\\/\"},\"wordCount\":296,\"publisher\":{\"@id\":\"https:\\\/\\\/radioleinewelle.de\\\/#organization\"},\"articleSection\":[\"Aktuelle Nachrichten\"],\"inLanguage\":\"de\"},{\"@type\":\"WebPage\",\"@id\":\"https:\\\/\\\/radioleinewelle.de\\\/index.php\\\/2021\\\/02\\\/15\\\/goettingen-abfallentsorgung-der-geb-startet-am-montag\\\/\",\"url\":\"https:\\\/\\\/radioleinewelle.de\\\/index.php\\\/2021\\\/02\\\/15\\\/goettingen-abfallentsorgung-der-geb-startet-am-montag\\\/\",\"name\":\"G\u00f6ttingen: Abfallentsorgung der GEB startet am Montag - Radio Leinewelle\",\"isPartOf\":{\"@id\":\"https:\\\/\\\/radioleinewelle.de\\\/#website\"},\"datePublished\":\"2021-02-15T04:20:00+00:00\",\"breadcrumb\":{\"@id\":\"https:\\\/\\\/radioleinewelle.de\\\/index.php\\\/2021\\\/02\\\/15\\\/goettingen-abfallentsorgung-der-geb-startet-am-montag\\\/#breadcrumb\"},\"inLanguage\":\"de\",\"potentialAction\":[{\"@type\":\"ReadAction\",\"target\":[\"https:\\\/\\\/radioleinewelle.de\\\/index.php\\\/2021\\\/02\\\/15\\\/goettingen-abfallentsorgung-der-geb-startet-am-montag\\\/\"]}]},{\"@type\":\"BreadcrumbList\",\"@id\":\"https:\\\/\\\/radioleinewelle.de\\\/index.php\\\/2021\\\/02\\\/15\\\/goettingen-abfallentsorgung-der-geb-startet-am-montag\\\/#breadcrumb\",\"itemListElement\":[{\"@type\":\"ListItem\",\"position\":1,\"name\":\"Startseite\",\"item\":\"https:\\\/\\\/radioleinewelle.de\\\/\"},{\"@type\":\"ListItem\",\"position\":2,\"name\":\"G\u00f6ttingen: Abfallentsorgung der GEB startet am Montag\"}]},{\"@type\":\"WebSite\",\"@id\":\"https:\\\/\\\/radioleinewelle.de\\\/#website\",\"url\":\"https:\\\/\\\/radioleinewelle.de\\\/\",\"name\":\"Radio Leinewelle\",\"description\":\"\",\"publisher\":{\"@id\":\"https:\\\/\\\/radioleinewelle.de\\\/#organization\"},\"potentialAction\":[{\"@type\":\"SearchAction\",\"target\":{\"@type\":\"EntryPoint\",\"urlTemplate\":\"https:\\\/\\\/radioleinewelle.de\\\/?s={search_term_string}\"},\"query-input\":{\"@type\":\"PropertyValueSpecification\",\"valueRequired\":true,\"valueName\":\"search_term_string\"}}],\"inLanguage\":\"de\"},{\"@type\":\"Organization\",\"@id\":\"https:\\\/\\\/radioleinewelle.de\\\/#organization\",\"name\":\"Radio Leinewelle\",\"alternateName\":\"Mein Radio f\u00fcr S\u00fcdniedersachsen\",\"url\":\"https:\\\/\\\/radioleinewelle.de\\\/\",\"logo\":{\"@type\":\"ImageObject\",\"inLanguage\":\"de\",\"@id\":\"https:\\\/\\\/radioleinewelle.de\\\/#\\\/schema\\\/logo\\\/image\\\/\",\"url\":\"https:\\\/\\\/radioleinewelle.de\\\/wp-content\\\/uploads\\\/2023\\\/11\\\/cropped-Leinewelle_Logo_weiss.png\",\"contentUrl\":\"https:\\\/\\\/radioleinewelle.de\\\/wp-content\\\/uploads\\\/2023\\\/11\\\/cropped-Leinewelle_Logo_weiss.png\",\"width\":854,\"height\":260,\"caption\":\"Radio Leinewelle\"},\"image\":{\"@id\":\"https:\\\/\\\/radioleinewelle.de\\\/#\\\/schema\\\/logo\\\/image\\\/\"},\"sameAs\":[\"https:\\\/\\\/www.facebook.com\\\/radioleinewelle\",\"https:\\\/\\\/x.com\\\/RLeinewelle\",\"https:\\\/\\\/www.instagram.com\\\/radioleinewelle\\\/?hl=de\"]},{\"@type\":\"Person\",\"@id\":\"https:\\\/\\\/radioleinewelle.de\\\/#\\\/schema\\\/person\\\/45606f348637df637192dc1b68399a63\",\"name\":\"Leinewelle\",\"image\":{\"@type\":\"ImageObject\",\"inLanguage\":\"de\",\"@id\":\"https:\\\/\\\/secure.gravatar.com\\\/avatar\\\/05c9a17bc973052ee5d91549bd32fb4dd0dc85b7b85ae94b2e2b4943476bbea5?s=96&d=blank&r=g\",\"url\":\"https:\\\/\\\/secure.gravatar.com\\\/avatar\\\/05c9a17bc973052ee5d91549bd32fb4dd0dc85b7b85ae94b2e2b4943476bbea5?s=96&d=blank&r=g\",\"contentUrl\":\"https:\\\/\\\/secure.gravatar.com\\\/avatar\\\/05c9a17bc973052ee5d91549bd32fb4dd0dc85b7b85ae94b2e2b4943476bbea5?s=96&d=blank&r=g\",\"caption\":\"Leinewelle\"},\"sameAs\":[\"http:\\\/\\\/localhost\\\/radio%20leinewelle\\\/wordpress\",\"https:\\\/\\\/www.facebook.com\\\/radioleinewelle\",\"https:\\\/\\\/www.instagram.com\\\/radioleinewelle\",\"https:\\\/\\\/x.com\\\/https:\\\/\\\/twitter.com\\\/RLeinewelle?ref_src=twsrcgoogletwcampserptwgrauthor\",\"https:\\\/\\\/soundcloud.com\\\/foerderverein-lokalradio?utm_source=clipboard&utm_medium=text&utm_campaign=social_sharing\"],\"url\":\"https:\\\/\\\/radioleinewelle.de\\\/index.php\\\/author\\\/leinewelle\\\/\"}]}<\/script>\n<!-- \/ Yoast SEO plugin. -->","yoast_head_json":{"title":"G\u00f6ttingen: Abfallentsorgung der GEB startet am Montag - Radio Leinewelle","robots":{"index":"index","follow":"follow","max-snippet":"max-snippet:-1","max-image-preview":"max-image-preview:large","max-video-preview":"max-video-preview:-1"},"canonical":"https:\/\/radioleinewelle.de\/index.php\/2021\/02\/15\/goettingen-abfallentsorgung-der-geb-startet-am-montag\/","og_locale":"de_DE","og_type":"article","og_title":"G\u00f6ttingen: Abfallentsorgung der GEB startet am Montag - Radio Leinewelle","og_description":"Die G\u00f6ttinger Entsorgungsbetriebe (GEB) werden heute, am Montag, 15. Februar 2021, die Abfallentsorgung wiederaufnehmen. Die Leerung der Beh\u00e4lter und die Sammlung der gelben S\u00e4cke erfolgt dann im angestammten Entsorgungsrhythmus. Ausgefallene Entsorgungstermine werden zwischenzeitlich nicht nachgeholt.&nbsp; Im Bereich der Abfallentsorgung k\u00f6nnen nur die Beh\u00e4lter geleert werden, die auch erreichbar sind. Die GEB setzen auf die Unterst\u00fctzung [&hellip;]","og_url":"https:\/\/radioleinewelle.de\/index.php\/2021\/02\/15\/goettingen-abfallentsorgung-der-geb-startet-am-montag\/","og_site_name":"Radio Leinewelle","article_publisher":"https:\/\/www.facebook.com\/radioleinewelle","article_author":"https:\/\/www.facebook.com\/radioleinewelle","article_published_time":"2021-02-15T04:20:00+00:00","author":"Leinewelle","twitter_card":"summary_large_image","twitter_creator":"@https:\/\/twitter.com\/RLeinewelle?ref_src=twsrcgoogletwcampserptwgrauthor","twitter_site":"@RLeinewelle","twitter_misc":{"Verfasst von":"Leinewelle","Gesch\u00e4tzte Lesezeit":"1\u00a0Minute"},"schema":{"@context":"https:\/\/schema.org","@graph":[{"@type":"Article","@id":"https:\/\/radioleinewelle.de\/index.php\/2021\/02\/15\/goettingen-abfallentsorgung-der-geb-startet-am-montag\/#article","isPartOf":{"@id":"https:\/\/radioleinewelle.de\/index.php\/2021\/02\/15\/goettingen-abfallentsorgung-der-geb-startet-am-montag\/"},"author":{"name":"Leinewelle","@id":"https:\/\/radioleinewelle.de\/#\/schema\/person\/45606f348637df637192dc1b68399a63"},"headline":"G\u00f6ttingen: Abfallentsorgung der GEB startet am Montag","datePublished":"2021-02-15T04:20:00+00:00","mainEntityOfPage":{"@id":"https:\/\/radioleinewelle.de\/index.php\/2021\/02\/15\/goettingen-abfallentsorgung-der-geb-startet-am-montag\/"},"wordCount":296,"publisher":{"@id":"https:\/\/radioleinewelle.de\/#organization"},"articleSection":["Aktuelle Nachrichten"],"inLanguage":"de"},{"@type":"WebPage","@id":"https:\/\/radioleinewelle.de\/index.php\/2021\/02\/15\/goettingen-abfallentsorgung-der-geb-startet-am-montag\/","url":"https:\/\/radioleinewelle.de\/index.php\/2021\/02\/15\/goettingen-abfallentsorgung-der-geb-startet-am-montag\/","name":"G\u00f6ttingen: Abfallentsorgung der GEB startet am Montag - Radio Leinewelle","isPartOf":{"@id":"https:\/\/radioleinewelle.de\/#website"},"datePublished":"2021-02-15T04:20:00+00:00","breadcrumb":{"@id":"https:\/\/radioleinewelle.de\/index.php\/2021\/02\/15\/goettingen-abfallentsorgung-der-geb-startet-am-montag\/#breadcrumb"},"inLanguage":"de","potentialAction":[{"@type":"ReadAction","target":["https:\/\/radioleinewelle.de\/index.php\/2021\/02\/15\/goettingen-abfallentsorgung-der-geb-startet-am-montag\/"]}]},{"@type":"BreadcrumbList","@id":"https:\/\/radioleinewelle.de\/index.php\/2021\/02\/15\/goettingen-abfallentsorgung-der-geb-startet-am-montag\/#breadcrumb","itemListElement":[{"@type":"ListItem","position":1,"name":"Startseite","item":"https:\/\/radioleinewelle.de\/"},{"@type":"ListItem","position":2,"name":"G\u00f6ttingen: Abfallentsorgung der GEB startet am Montag"}]},{"@type":"WebSite","@id":"https:\/\/radioleinewelle.de\/#website","url":"https:\/\/radioleinewelle.de\/","name":"Radio Leinewelle","description":"","publisher":{"@id":"https:\/\/radioleinewelle.de\/#organization"},"potentialAction":[{"@type":"SearchAction","target":{"@type":"EntryPoint","urlTemplate":"https:\/\/radioleinewelle.de\/?s={search_term_string}"},"query-input":{"@type":"PropertyValueSpecification","valueRequired":true,"valueName":"search_term_string"}}],"inLanguage":"de"},{"@type":"Organization","@id":"https:\/\/radioleinewelle.de\/#organization","name":"Radio Leinewelle","alternateName":"Mein Radio f\u00fcr S\u00fcdniedersachsen","url":"https:\/\/radioleinewelle.de\/","logo":{"@type":"ImageObject","inLanguage":"de","@id":"https:\/\/radioleinewelle.de\/#\/schema\/logo\/image\/","url":"https:\/\/radioleinewelle.de\/wp-content\/uploads\/2023\/11\/cropped-Leinewelle_Logo_weiss.png","contentUrl":"https:\/\/radioleinewelle.de\/wp-content\/uploads\/2023\/11\/cropped-Leinewelle_Logo_weiss.png","width":854,"height":260,"caption":"Radio Leinewelle"},"image":{"@id":"https:\/\/radioleinewelle.de\/#\/schema\/logo\/image\/"},"sameAs":["https:\/\/www.facebook.com\/radioleinewelle","https:\/\/x.com\/RLeinewelle","https:\/\/www.instagram.com\/radioleinewelle\/?hl=de"]},{"@type":"Person","@id":"https:\/\/radioleinewelle.de\/#\/schema\/person\/45606f348637df637192dc1b68399a63","name":"Leinewelle","image":{"@type":"ImageObject","inLanguage":"de","@id":"https:\/\/secure.gravatar.com\/avatar\/05c9a17bc973052ee5d91549bd32fb4dd0dc85b7b85ae94b2e2b4943476bbea5?s=96&d=blank&r=g","url":"https:\/\/secure.gravatar.com\/avatar\/05c9a17bc973052ee5d91549bd32fb4dd0dc85b7b85ae94b2e2b4943476bbea5?s=96&d=blank&r=g","contentUrl":"https:\/\/secure.gravatar.com\/avatar\/05c9a17bc973052ee5d91549bd32fb4dd0dc85b7b85ae94b2e2b4943476bbea5?s=96&d=blank&r=g","caption":"Leinewelle"},"sameAs":["http:\/\/localhost\/radio%20leinewelle\/wordpress","https:\/\/www.facebook.com\/radioleinewelle","https:\/\/www.instagram.com\/radioleinewelle","https:\/\/x.com\/https:\/\/twitter.com\/RLeinewelle?ref_src=twsrcgoogletwcampserptwgrauthor","https:\/\/soundcloud.com\/foerderverein-lokalradio?utm_source=clipboard&utm_medium=text&utm_campaign=social_sharing"],"url":"https:\/\/radioleinewelle.de\/index.php\/author\/leinewelle\/"}]}},"_links":{"self":[{"href":"https:\/\/radioleinewelle.de\/index.php\/wp-json\/wp\/v2\/posts\/5234","targetHints":{"allow":["GET"]}}],"collection":[{"href":"https:\/\/radioleinewelle.de\/index.php\/wp-json\/wp\/v2\/posts"}],"about":[{"href":"https:\/\/radioleinewelle.de\/index.php\/wp-json\/wp\/v2\/types\/post"}],"author":[{"embeddable":true,"href":"https:\/\/radioleinewelle.de\/index.php\/wp-json\/wp\/v2\/users\/1"}],"replies":[{"embeddable":true,"href":"https:\/\/radioleinewelle.de\/index.php\/wp-json\/wp\/v2\/comments?post=5234"}],"version-history":[{"count":0,"href":"https:\/\/radioleinewelle.de\/index.php\/wp-json\/wp\/v2\/posts\/5234\/revisions"}],"wp:attachment":[{"href":"https:\/\/radioleinewelle.de\/index.php\/wp-json\/wp\/v2\/media?parent=5234"}],"wp:term":[{"taxonomy":"category","embeddable":true,"href":"https:\/\/radioleinewelle.de\/index.php\/wp-json\/wp\/v2\/categories?post=5234"},{"taxonomy":"post_tag","embeddable":true,"href":"https:\/\/radioleinewelle.de\/index.php\/wp-json\/wp\/v2\/tags?post=5234"}],"curies":[{"name":"wp","href":"https:\/\/api.w.org\/{rel}","templated":true}]}}