{"id":5253,"date":"2021-02-15T05:15:00","date_gmt":"2021-02-15T04:15:00","guid":{"rendered":"https:\/\/radioleinewelle.de\/?p=5253"},"modified":"2021-02-15T05:15:00","modified_gmt":"2021-02-15T04:15:00","slug":"betriebsraetestaerkungsgesetz-dgb-verbaende-in-suedniedersachsen-appellieren-an-cdu-bundestagsabgeordnete-dr-roy-kuehne-und-fritz-guentzler","status":"publish","type":"post","link":"https:\/\/radioleinewelle.de\/index.php\/2021\/02\/15\/betriebsraetestaerkungsgesetz-dgb-verbaende-in-suedniedersachsen-appellieren-an-cdu-bundestagsabgeordnete-dr-roy-kuehne-und-fritz-guentzler\/","title":{"rendered":"Betriebsr\u00e4test\u00e4rkungsgesetz: DGB-Verb\u00e4nde in S\u00fcdniedersachsen appellieren an CDU Bundestagsabgeordnete Dr. Roy K\u00fchne und Fritz G\u00fcntzler"},"content":{"rendered":"\n<p>Der Deutsche Gewerkschaftsbund und seine Mitgliedsgewerkschaften fordern, das Betriebsr\u00e4test\u00e4rkungsgesetz schnellstm\u00f6glich und \u2013 wie im Referentenentwurf von Bundesminister Hubertus Heil vorgesehen \u2013 auf den Weg zu bringen. Die CDU-Bundestagsabgeordneten in S\u00fcdniedersachsen-Harz, Dr. Roy K\u00fchne und Fritz G\u00fcntzler, bekamen daher Post von DGB Kreisverb\u00e4nden: Mit der Nicht-Umsetzung des Betriebsr\u00e4test\u00e4rkungsgesetzes werde Menschen, die sich f\u00fcr ihre in der Verfassung garantierten Rechte einsetzen, der notwendige Schutz verwehrt, dr\u00e4ngen die Gewerkschafter*innen zum Einlenken.<\/p>\n\n\n\n<p>Dazu die Gesch\u00e4ftsf\u00fchrerin der DGB-Region S\u00fcdniedersachsen-Harz, Agnieszka Zimowska: \u201eEs sind mitbestimmte Betriebe und ihre Betriebsr\u00e4te, die in der Corona-Krise soziale Absicherung und demokratische Strukturen aufrecht erhalten. Die CDU leistet mit ihrer Blockadehaltung dem antidemokratischen Zeitgeist Vorschub. Wir brauchen mehr Mitbestimmung und nicht weniger!\u201c<\/p>\n\n\n\n<p>Die CDU\/CSU verhindert derzeit im Bundestag die St\u00e4rkung von Betriebsr\u00e4ten und Mitbestimmung. Sie lehnt einen Gesetzesentwurf ab, mit dem der K\u00fcndigungsschutz von Besch\u00e4ftigten gest\u00e4rkt werden soll, die sich f\u00fcr die Wahl eines Betriebsrates in ihrem Betrieb engagieren.<\/p>\n\n\n\n<p>&nbsp;Diesen Schutz braucht es dringend, denn aktuelle Studien der Hans-B\u00f6ckler-Stiftung zeigen, dass jede sechste Wahl in Betrieben, die noch keinen Betriebsrat hatten, mit illegalen Mitteln behindert wird. H\u00e4ufig wird Besch\u00e4ftigten, die einen Betriebsrat gr\u00fcnden wollen, gek\u00fcndigt. Damit wehren die Arbeitgeber Neugr\u00fcndungen bereits im Ansatz ab.<\/p>\n\n\n\n<p>Bild von&nbsp;<a href=\"https:\/\/pixabay.com\/de\/users\/foto-rabe-715168\/?utm_source=link-attribution&amp;utm_medium=referral&amp;utm_campaign=image&amp;utm_content=970163\">Foto-Rabe<\/a>&nbsp;auf&nbsp;<a href=\"https:\/\/pixabay.com\/de\/?utm_source=link-attribution&amp;utm_medium=referral&amp;utm_campaign=image&amp;utm_content=970163\">Pixabay<\/a><\/p>\n","protected":false},"excerpt":{"rendered":"<p>Der Deutsche Gewerkschaftsbund und seine Mitgliedsgewerkschaften fordern, das Betriebsr\u00e4test\u00e4rkungsgesetz schnellstm\u00f6glich und \u2013 wie im Referentenentwurf von Bundesminister Hubertus Heil vorgesehen \u2013 auf den Weg zu bringen. Die CDU-Bundestagsabgeordneten in S\u00fcdniedersachsen-Harz, Dr. Roy K\u00fchne und Fritz G\u00fcntzler, bekamen daher Post von DGB Kreisverb\u00e4nden: Mit der Nicht-Umsetzung des Betriebsr\u00e4test\u00e4rkungsgesetzes werde Menschen, die sich f\u00fcr ihre in der [&hellip;]<\/p>\n","protected":false},"author":1,"featured_media":0,"comment_status":"closed","ping_status":"closed","sticky":false,"template":"","format":"standard","meta":{"saved_in_kubio":false,"footnotes":""},"categories":[50],"tags":[],"class_list":["post-5253","post","type-post","status-publish","format-standard","hentry","category-arbeitswelt"],"yoast_head":"<!-- This site is optimized with the Yoast SEO plugin v27.5 - https:\/\/yoast.com\/product\/yoast-seo-wordpress\/ -->\n<title>Betriebsr\u00e4test\u00e4rkungsgesetz: DGB-Verb\u00e4nde in S\u00fcdniedersachsen appellieren an CDU Bundestagsabgeordnete Dr. Roy K\u00fchne und Fritz G\u00fcntzler - Radio Leinewelle<\/title>\n<meta name=\"robots\" content=\"index, follow, max-snippet:-1, max-image-preview:large, max-video-preview:-1\" \/>\n<link rel=\"canonical\" href=\"https:\/\/radioleinewelle.de\/index.php\/2021\/02\/15\/betriebsraetestaerkungsgesetz-dgb-verbaende-in-suedniedersachsen-appellieren-an-cdu-bundestagsabgeordnete-dr-roy-kuehne-und-fritz-guentzler\/\" \/>\n<meta property=\"og:locale\" content=\"de_DE\" \/>\n<meta property=\"og:type\" content=\"article\" \/>\n<meta property=\"og:title\" content=\"Betriebsr\u00e4test\u00e4rkungsgesetz: DGB-Verb\u00e4nde in S\u00fcdniedersachsen appellieren an CDU Bundestagsabgeordnete Dr. Roy K\u00fchne und Fritz G\u00fcntzler - Radio Leinewelle\" \/>\n<meta property=\"og:description\" content=\"Der Deutsche Gewerkschaftsbund und seine Mitgliedsgewerkschaften fordern, das Betriebsr\u00e4test\u00e4rkungsgesetz schnellstm\u00f6glich und \u2013 wie im Referentenentwurf von Bundesminister Hubertus Heil vorgesehen \u2013 auf den Weg zu bringen. Die CDU-Bundestagsabgeordneten in S\u00fcdniedersachsen-Harz, Dr. Roy K\u00fchne und Fritz G\u00fcntzler, bekamen daher Post von DGB Kreisverb\u00e4nden: Mit der Nicht-Umsetzung des Betriebsr\u00e4test\u00e4rkungsgesetzes werde Menschen, die sich f\u00fcr ihre in der [&hellip;]\" \/>\n<meta property=\"og:url\" content=\"https:\/\/radioleinewelle.de\/index.php\/2021\/02\/15\/betriebsraetestaerkungsgesetz-dgb-verbaende-in-suedniedersachsen-appellieren-an-cdu-bundestagsabgeordnete-dr-roy-kuehne-und-fritz-guentzler\/\" \/>\n<meta property=\"og:site_name\" content=\"Radio Leinewelle\" \/>\n<meta property=\"article:publisher\" content=\"https:\/\/www.facebook.com\/radioleinewelle\" \/>\n<meta property=\"article:author\" content=\"https:\/\/www.facebook.com\/radioleinewelle\" \/>\n<meta property=\"article:published_time\" content=\"2021-02-15T04:15:00+00:00\" \/>\n<meta name=\"author\" content=\"Leinewelle\" \/>\n<meta name=\"twitter:card\" content=\"summary_large_image\" \/>\n<meta name=\"twitter:creator\" content=\"@https:\/\/twitter.com\/RLeinewelle?ref_src=twsrcgoogletwcampserptwgrauthor\" \/>\n<meta name=\"twitter:site\" content=\"@RLeinewelle\" \/>\n<meta name=\"twitter:label1\" content=\"Verfasst von\" \/>\n\t<meta name=\"twitter:data1\" content=\"Leinewelle\" \/>\n\t<meta name=\"twitter:label2\" content=\"Gesch\u00e4tzte Lesezeit\" \/>\n\t<meta name=\"twitter:data2\" content=\"1\u00a0Minute\" \/>\n<script type=\"application\/ld+json\" class=\"yoast-schema-graph\">{\"@context\":\"https:\\\/\\\/schema.org\",\"@graph\":[{\"@type\":\"Article\",\"@id\":\"https:\\\/\\\/radioleinewelle.de\\\/index.php\\\/2021\\\/02\\\/15\\\/betriebsraetestaerkungsgesetz-dgb-verbaende-in-suedniedersachsen-appellieren-an-cdu-bundestagsabgeordnete-dr-roy-kuehne-und-fritz-guentzler\\\/#article\",\"isPartOf\":{\"@id\":\"https:\\\/\\\/radioleinewelle.de\\\/index.php\\\/2021\\\/02\\\/15\\\/betriebsraetestaerkungsgesetz-dgb-verbaende-in-suedniedersachsen-appellieren-an-cdu-bundestagsabgeordnete-dr-roy-kuehne-und-fritz-guentzler\\\/\"},\"author\":{\"name\":\"Leinewelle\",\"@id\":\"https:\\\/\\\/radioleinewelle.de\\\/#\\\/schema\\\/person\\\/45606f348637df637192dc1b68399a63\"},\"headline\":\"Betriebsr\u00e4test\u00e4rkungsgesetz: DGB-Verb\u00e4nde in S\u00fcdniedersachsen appellieren an CDU Bundestagsabgeordnete Dr. Roy K\u00fchne und Fritz G\u00fcntzler\",\"datePublished\":\"2021-02-15T04:15:00+00:00\",\"mainEntityOfPage\":{\"@id\":\"https:\\\/\\\/radioleinewelle.de\\\/index.php\\\/2021\\\/02\\\/15\\\/betriebsraetestaerkungsgesetz-dgb-verbaende-in-suedniedersachsen-appellieren-an-cdu-bundestagsabgeordnete-dr-roy-kuehne-und-fritz-guentzler\\\/\"},\"wordCount\":249,\"publisher\":{\"@id\":\"https:\\\/\\\/radioleinewelle.de\\\/#organization\"},\"articleSection\":[\"Arbeitswelt\"],\"inLanguage\":\"de\"},{\"@type\":\"WebPage\",\"@id\":\"https:\\\/\\\/radioleinewelle.de\\\/index.php\\\/2021\\\/02\\\/15\\\/betriebsraetestaerkungsgesetz-dgb-verbaende-in-suedniedersachsen-appellieren-an-cdu-bundestagsabgeordnete-dr-roy-kuehne-und-fritz-guentzler\\\/\",\"url\":\"https:\\\/\\\/radioleinewelle.de\\\/index.php\\\/2021\\\/02\\\/15\\\/betriebsraetestaerkungsgesetz-dgb-verbaende-in-suedniedersachsen-appellieren-an-cdu-bundestagsabgeordnete-dr-roy-kuehne-und-fritz-guentzler\\\/\",\"name\":\"Betriebsr\u00e4test\u00e4rkungsgesetz: DGB-Verb\u00e4nde in S\u00fcdniedersachsen appellieren an CDU Bundestagsabgeordnete Dr. Roy K\u00fchne und Fritz G\u00fcntzler - Radio Leinewelle\",\"isPartOf\":{\"@id\":\"https:\\\/\\\/radioleinewelle.de\\\/#website\"},\"datePublished\":\"2021-02-15T04:15:00+00:00\",\"breadcrumb\":{\"@id\":\"https:\\\/\\\/radioleinewelle.de\\\/index.php\\\/2021\\\/02\\\/15\\\/betriebsraetestaerkungsgesetz-dgb-verbaende-in-suedniedersachsen-appellieren-an-cdu-bundestagsabgeordnete-dr-roy-kuehne-und-fritz-guentzler\\\/#breadcrumb\"},\"inLanguage\":\"de\",\"potentialAction\":[{\"@type\":\"ReadAction\",\"target\":[\"https:\\\/\\\/radioleinewelle.de\\\/index.php\\\/2021\\\/02\\\/15\\\/betriebsraetestaerkungsgesetz-dgb-verbaende-in-suedniedersachsen-appellieren-an-cdu-bundestagsabgeordnete-dr-roy-kuehne-und-fritz-guentzler\\\/\"]}]},{\"@type\":\"BreadcrumbList\",\"@id\":\"https:\\\/\\\/radioleinewelle.de\\\/index.php\\\/2021\\\/02\\\/15\\\/betriebsraetestaerkungsgesetz-dgb-verbaende-in-suedniedersachsen-appellieren-an-cdu-bundestagsabgeordnete-dr-roy-kuehne-und-fritz-guentzler\\\/#breadcrumb\",\"itemListElement\":[{\"@type\":\"ListItem\",\"position\":1,\"name\":\"Startseite\",\"item\":\"https:\\\/\\\/radioleinewelle.de\\\/\"},{\"@type\":\"ListItem\",\"position\":2,\"name\":\"Betriebsr\u00e4test\u00e4rkungsgesetz: DGB-Verb\u00e4nde in S\u00fcdniedersachsen appellieren an CDU Bundestagsabgeordnete Dr. Roy K\u00fchne und Fritz G\u00fcntzler\"}]},{\"@type\":\"WebSite\",\"@id\":\"https:\\\/\\\/radioleinewelle.de\\\/#website\",\"url\":\"https:\\\/\\\/radioleinewelle.de\\\/\",\"name\":\"Radio Leinewelle\",\"description\":\"\",\"publisher\":{\"@id\":\"https:\\\/\\\/radioleinewelle.de\\\/#organization\"},\"potentialAction\":[{\"@type\":\"SearchAction\",\"target\":{\"@type\":\"EntryPoint\",\"urlTemplate\":\"https:\\\/\\\/radioleinewelle.de\\\/?s={search_term_string}\"},\"query-input\":{\"@type\":\"PropertyValueSpecification\",\"valueRequired\":true,\"valueName\":\"search_term_string\"}}],\"inLanguage\":\"de\"},{\"@type\":\"Organization\",\"@id\":\"https:\\\/\\\/radioleinewelle.de\\\/#organization\",\"name\":\"Radio Leinewelle\",\"alternateName\":\"Mein Radio f\u00fcr S\u00fcdniedersachsen\",\"url\":\"https:\\\/\\\/radioleinewelle.de\\\/\",\"logo\":{\"@type\":\"ImageObject\",\"inLanguage\":\"de\",\"@id\":\"https:\\\/\\\/radioleinewelle.de\\\/#\\\/schema\\\/logo\\\/image\\\/\",\"url\":\"https:\\\/\\\/radioleinewelle.de\\\/wp-content\\\/uploads\\\/2023\\\/11\\\/cropped-Leinewelle_Logo_weiss.png\",\"contentUrl\":\"https:\\\/\\\/radioleinewelle.de\\\/wp-content\\\/uploads\\\/2023\\\/11\\\/cropped-Leinewelle_Logo_weiss.png\",\"width\":854,\"height\":260,\"caption\":\"Radio Leinewelle\"},\"image\":{\"@id\":\"https:\\\/\\\/radioleinewelle.de\\\/#\\\/schema\\\/logo\\\/image\\\/\"},\"sameAs\":[\"https:\\\/\\\/www.facebook.com\\\/radioleinewelle\",\"https:\\\/\\\/x.com\\\/RLeinewelle\",\"https:\\\/\\\/www.instagram.com\\\/radioleinewelle\\\/?hl=de\"]},{\"@type\":\"Person\",\"@id\":\"https:\\\/\\\/radioleinewelle.de\\\/#\\\/schema\\\/person\\\/45606f348637df637192dc1b68399a63\",\"name\":\"Leinewelle\",\"image\":{\"@type\":\"ImageObject\",\"inLanguage\":\"de\",\"@id\":\"https:\\\/\\\/secure.gravatar.com\\\/avatar\\\/05c9a17bc973052ee5d91549bd32fb4dd0dc85b7b85ae94b2e2b4943476bbea5?s=96&d=blank&r=g\",\"url\":\"https:\\\/\\\/secure.gravatar.com\\\/avatar\\\/05c9a17bc973052ee5d91549bd32fb4dd0dc85b7b85ae94b2e2b4943476bbea5?s=96&d=blank&r=g\",\"contentUrl\":\"https:\\\/\\\/secure.gravatar.com\\\/avatar\\\/05c9a17bc973052ee5d91549bd32fb4dd0dc85b7b85ae94b2e2b4943476bbea5?s=96&d=blank&r=g\",\"caption\":\"Leinewelle\"},\"sameAs\":[\"http:\\\/\\\/localhost\\\/radio%20leinewelle\\\/wordpress\",\"https:\\\/\\\/www.facebook.com\\\/radioleinewelle\",\"https:\\\/\\\/www.instagram.com\\\/radioleinewelle\",\"https:\\\/\\\/x.com\\\/https:\\\/\\\/twitter.com\\\/RLeinewelle?ref_src=twsrcgoogletwcampserptwgrauthor\",\"https:\\\/\\\/soundcloud.com\\\/foerderverein-lokalradio?utm_source=clipboard&utm_medium=text&utm_campaign=social_sharing\"],\"url\":\"https:\\\/\\\/radioleinewelle.de\\\/index.php\\\/author\\\/leinewelle\\\/\"}]}<\/script>\n<!-- \/ Yoast SEO plugin. -->","yoast_head_json":{"title":"Betriebsr\u00e4test\u00e4rkungsgesetz: DGB-Verb\u00e4nde in S\u00fcdniedersachsen appellieren an CDU Bundestagsabgeordnete Dr. Roy K\u00fchne und Fritz G\u00fcntzler - Radio Leinewelle","robots":{"index":"index","follow":"follow","max-snippet":"max-snippet:-1","max-image-preview":"max-image-preview:large","max-video-preview":"max-video-preview:-1"},"canonical":"https:\/\/radioleinewelle.de\/index.php\/2021\/02\/15\/betriebsraetestaerkungsgesetz-dgb-verbaende-in-suedniedersachsen-appellieren-an-cdu-bundestagsabgeordnete-dr-roy-kuehne-und-fritz-guentzler\/","og_locale":"de_DE","og_type":"article","og_title":"Betriebsr\u00e4test\u00e4rkungsgesetz: DGB-Verb\u00e4nde in S\u00fcdniedersachsen appellieren an CDU Bundestagsabgeordnete Dr. Roy K\u00fchne und Fritz G\u00fcntzler - Radio Leinewelle","og_description":"Der Deutsche Gewerkschaftsbund und seine Mitgliedsgewerkschaften fordern, das Betriebsr\u00e4test\u00e4rkungsgesetz schnellstm\u00f6glich und \u2013 wie im Referentenentwurf von Bundesminister Hubertus Heil vorgesehen \u2013 auf den Weg zu bringen. Die CDU-Bundestagsabgeordneten in S\u00fcdniedersachsen-Harz, Dr. Roy K\u00fchne und Fritz G\u00fcntzler, bekamen daher Post von DGB Kreisverb\u00e4nden: Mit der Nicht-Umsetzung des Betriebsr\u00e4test\u00e4rkungsgesetzes werde Menschen, die sich f\u00fcr ihre in der [&hellip;]","og_url":"https:\/\/radioleinewelle.de\/index.php\/2021\/02\/15\/betriebsraetestaerkungsgesetz-dgb-verbaende-in-suedniedersachsen-appellieren-an-cdu-bundestagsabgeordnete-dr-roy-kuehne-und-fritz-guentzler\/","og_site_name":"Radio Leinewelle","article_publisher":"https:\/\/www.facebook.com\/radioleinewelle","article_author":"https:\/\/www.facebook.com\/radioleinewelle","article_published_time":"2021-02-15T04:15:00+00:00","author":"Leinewelle","twitter_card":"summary_large_image","twitter_creator":"@https:\/\/twitter.com\/RLeinewelle?ref_src=twsrcgoogletwcampserptwgrauthor","twitter_site":"@RLeinewelle","twitter_misc":{"Verfasst von":"Leinewelle","Gesch\u00e4tzte Lesezeit":"1\u00a0Minute"},"schema":{"@context":"https:\/\/schema.org","@graph":[{"@type":"Article","@id":"https:\/\/radioleinewelle.de\/index.php\/2021\/02\/15\/betriebsraetestaerkungsgesetz-dgb-verbaende-in-suedniedersachsen-appellieren-an-cdu-bundestagsabgeordnete-dr-roy-kuehne-und-fritz-guentzler\/#article","isPartOf":{"@id":"https:\/\/radioleinewelle.de\/index.php\/2021\/02\/15\/betriebsraetestaerkungsgesetz-dgb-verbaende-in-suedniedersachsen-appellieren-an-cdu-bundestagsabgeordnete-dr-roy-kuehne-und-fritz-guentzler\/"},"author":{"name":"Leinewelle","@id":"https:\/\/radioleinewelle.de\/#\/schema\/person\/45606f348637df637192dc1b68399a63"},"headline":"Betriebsr\u00e4test\u00e4rkungsgesetz: DGB-Verb\u00e4nde in S\u00fcdniedersachsen appellieren an CDU Bundestagsabgeordnete Dr. Roy K\u00fchne und Fritz G\u00fcntzler","datePublished":"2021-02-15T04:15:00+00:00","mainEntityOfPage":{"@id":"https:\/\/radioleinewelle.de\/index.php\/2021\/02\/15\/betriebsraetestaerkungsgesetz-dgb-verbaende-in-suedniedersachsen-appellieren-an-cdu-bundestagsabgeordnete-dr-roy-kuehne-und-fritz-guentzler\/"},"wordCount":249,"publisher":{"@id":"https:\/\/radioleinewelle.de\/#organization"},"articleSection":["Arbeitswelt"],"inLanguage":"de"},{"@type":"WebPage","@id":"https:\/\/radioleinewelle.de\/index.php\/2021\/02\/15\/betriebsraetestaerkungsgesetz-dgb-verbaende-in-suedniedersachsen-appellieren-an-cdu-bundestagsabgeordnete-dr-roy-kuehne-und-fritz-guentzler\/","url":"https:\/\/radioleinewelle.de\/index.php\/2021\/02\/15\/betriebsraetestaerkungsgesetz-dgb-verbaende-in-suedniedersachsen-appellieren-an-cdu-bundestagsabgeordnete-dr-roy-kuehne-und-fritz-guentzler\/","name":"Betriebsr\u00e4test\u00e4rkungsgesetz: DGB-Verb\u00e4nde in S\u00fcdniedersachsen appellieren an CDU Bundestagsabgeordnete Dr. Roy K\u00fchne und Fritz G\u00fcntzler - Radio Leinewelle","isPartOf":{"@id":"https:\/\/radioleinewelle.de\/#website"},"datePublished":"2021-02-15T04:15:00+00:00","breadcrumb":{"@id":"https:\/\/radioleinewelle.de\/index.php\/2021\/02\/15\/betriebsraetestaerkungsgesetz-dgb-verbaende-in-suedniedersachsen-appellieren-an-cdu-bundestagsabgeordnete-dr-roy-kuehne-und-fritz-guentzler\/#breadcrumb"},"inLanguage":"de","potentialAction":[{"@type":"ReadAction","target":["https:\/\/radioleinewelle.de\/index.php\/2021\/02\/15\/betriebsraetestaerkungsgesetz-dgb-verbaende-in-suedniedersachsen-appellieren-an-cdu-bundestagsabgeordnete-dr-roy-kuehne-und-fritz-guentzler\/"]}]},{"@type":"BreadcrumbList","@id":"https:\/\/radioleinewelle.de\/index.php\/2021\/02\/15\/betriebsraetestaerkungsgesetz-dgb-verbaende-in-suedniedersachsen-appellieren-an-cdu-bundestagsabgeordnete-dr-roy-kuehne-und-fritz-guentzler\/#breadcrumb","itemListElement":[{"@type":"ListItem","position":1,"name":"Startseite","item":"https:\/\/radioleinewelle.de\/"},{"@type":"ListItem","position":2,"name":"Betriebsr\u00e4test\u00e4rkungsgesetz: DGB-Verb\u00e4nde in S\u00fcdniedersachsen appellieren an CDU Bundestagsabgeordnete Dr. Roy K\u00fchne und Fritz G\u00fcntzler"}]},{"@type":"WebSite","@id":"https:\/\/radioleinewelle.de\/#website","url":"https:\/\/radioleinewelle.de\/","name":"Radio Leinewelle","description":"","publisher":{"@id":"https:\/\/radioleinewelle.de\/#organization"},"potentialAction":[{"@type":"SearchAction","target":{"@type":"EntryPoint","urlTemplate":"https:\/\/radioleinewelle.de\/?s={search_term_string}"},"query-input":{"@type":"PropertyValueSpecification","valueRequired":true,"valueName":"search_term_string"}}],"inLanguage":"de"},{"@type":"Organization","@id":"https:\/\/radioleinewelle.de\/#organization","name":"Radio Leinewelle","alternateName":"Mein Radio f\u00fcr S\u00fcdniedersachsen","url":"https:\/\/radioleinewelle.de\/","logo":{"@type":"ImageObject","inLanguage":"de","@id":"https:\/\/radioleinewelle.de\/#\/schema\/logo\/image\/","url":"https:\/\/radioleinewelle.de\/wp-content\/uploads\/2023\/11\/cropped-Leinewelle_Logo_weiss.png","contentUrl":"https:\/\/radioleinewelle.de\/wp-content\/uploads\/2023\/11\/cropped-Leinewelle_Logo_weiss.png","width":854,"height":260,"caption":"Radio Leinewelle"},"image":{"@id":"https:\/\/radioleinewelle.de\/#\/schema\/logo\/image\/"},"sameAs":["https:\/\/www.facebook.com\/radioleinewelle","https:\/\/x.com\/RLeinewelle","https:\/\/www.instagram.com\/radioleinewelle\/?hl=de"]},{"@type":"Person","@id":"https:\/\/radioleinewelle.de\/#\/schema\/person\/45606f348637df637192dc1b68399a63","name":"Leinewelle","image":{"@type":"ImageObject","inLanguage":"de","@id":"https:\/\/secure.gravatar.com\/avatar\/05c9a17bc973052ee5d91549bd32fb4dd0dc85b7b85ae94b2e2b4943476bbea5?s=96&d=blank&r=g","url":"https:\/\/secure.gravatar.com\/avatar\/05c9a17bc973052ee5d91549bd32fb4dd0dc85b7b85ae94b2e2b4943476bbea5?s=96&d=blank&r=g","contentUrl":"https:\/\/secure.gravatar.com\/avatar\/05c9a17bc973052ee5d91549bd32fb4dd0dc85b7b85ae94b2e2b4943476bbea5?s=96&d=blank&r=g","caption":"Leinewelle"},"sameAs":["http:\/\/localhost\/radio%20leinewelle\/wordpress","https:\/\/www.facebook.com\/radioleinewelle","https:\/\/www.instagram.com\/radioleinewelle","https:\/\/x.com\/https:\/\/twitter.com\/RLeinewelle?ref_src=twsrcgoogletwcampserptwgrauthor","https:\/\/soundcloud.com\/foerderverein-lokalradio?utm_source=clipboard&utm_medium=text&utm_campaign=social_sharing"],"url":"https:\/\/radioleinewelle.de\/index.php\/author\/leinewelle\/"}]}},"_links":{"self":[{"href":"https:\/\/radioleinewelle.de\/index.php\/wp-json\/wp\/v2\/posts\/5253","targetHints":{"allow":["GET"]}}],"collection":[{"href":"https:\/\/radioleinewelle.de\/index.php\/wp-json\/wp\/v2\/posts"}],"about":[{"href":"https:\/\/radioleinewelle.de\/index.php\/wp-json\/wp\/v2\/types\/post"}],"author":[{"embeddable":true,"href":"https:\/\/radioleinewelle.de\/index.php\/wp-json\/wp\/v2\/users\/1"}],"replies":[{"embeddable":true,"href":"https:\/\/radioleinewelle.de\/index.php\/wp-json\/wp\/v2\/comments?post=5253"}],"version-history":[{"count":0,"href":"https:\/\/radioleinewelle.de\/index.php\/wp-json\/wp\/v2\/posts\/5253\/revisions"}],"wp:attachment":[{"href":"https:\/\/radioleinewelle.de\/index.php\/wp-json\/wp\/v2\/media?parent=5253"}],"wp:term":[{"taxonomy":"category","embeddable":true,"href":"https:\/\/radioleinewelle.de\/index.php\/wp-json\/wp\/v2\/categories?post=5253"},{"taxonomy":"post_tag","embeddable":true,"href":"https:\/\/radioleinewelle.de\/index.php\/wp-json\/wp\/v2\/tags?post=5253"}],"curies":[{"name":"wp","href":"https:\/\/api.w.org\/{rel}","templated":true}]}}