{"id":5266,"date":"2021-02-16T05:10:00","date_gmt":"2021-02-16T04:10:00","guid":{"rendered":"https:\/\/radioleinewelle.de\/?p=5266"},"modified":"2021-02-16T05:10:00","modified_gmt":"2021-02-16T04:10:00","slug":"mit-bewegung-und-wirkstoff-gegen-alzheimer","status":"publish","type":"post","link":"https:\/\/radioleinewelle.de\/index.php\/2021\/02\/16\/mit-bewegung-und-wirkstoff-gegen-alzheimer\/","title":{"rendered":"Mit Bewegung und Wirkstoff gegen Alzheimer"},"content":{"rendered":"\n<p>(umg) K\u00f6rperliche Aktivit\u00e4t gilt als wichtiger Baustein zur Vorbeugung der Alzheimer-Krankheit. Aber auch Menschen mit der Alzheimer-Krankheit profitieren von regelm\u00e4\u00dfiger Bewegung. Prof. Dr. Oliver Wirths aus der Klinik f\u00fcr Psychiatrie und Psychotherapie der Universit\u00e4tsmedizin G\u00f6ttingen (UMG) m\u00f6chte nun herausfinden, ob sich die positiven Effekte durch die Verabreichung eines Wirkstoffs verst\u00e4rken lassen. Gef\u00f6rdert wird das dreij\u00e4hrige Forschungsprojekt von der gemeinn\u00fctzigen Alzheimer Forschung Initiative e.V. (AFI) mit 120.000 Euro.<\/p>\n\n\n\n<p>Prof. Wirths hat es dabei besonders auf Hitzeschockproteine abgesehen. Diese kommen unter anderem ins Spiel, wenn Zellen einer erh\u00f6hten Temperatur ausgesetzt sind, so wie beim Sport. Hitzeschockproteine greifen stabilisierend ein und sorgen so daf\u00fcr, dass sich Proteine korrekt falten. Das ist im Zusammenhang mit der Alzheimer-Krankheit von gro\u00dfer Bedeutung: Wenn Proteine sich nicht richtig falten, lagern sie sich zusammen und verklumpen. Auf diese Weise bilden sich die f\u00fcr Alzheimer typischen Plaques aus Beta-Amyloid.<\/p>\n\n\n\n<p>Die Hitzeschockproteine werden an Alzheimer-M\u00e4usen untersucht. Einer Gruppe steht ein \u201eenriched environment\u201c, also ein K\u00e4fig mit vielen Spiel- und Bewegungsm\u00f6glichkeiten, zur Verf\u00fcgung. Eine weitere Gruppe bekommt zus\u00e4tzlich zu diesem Bewegungsangebot noch einen Wirkstoff \u00fcber das Trinkwasser verabreicht, der die Wirkung der Hitzeschockproteine verst\u00e4rken soll. Eine Kontrollgruppe lebt in einer Standardbehausung ohne erweiterte Bewegungsm\u00f6glichkeit und Wirkstoff.<\/p>\n\n\n\n<p>Prof. Wirths m\u00f6chte herausfinden, welche Auswirkungen die Umgebung und die Verabreichung des Wirkstoffs auf die Hitzeschockproteine haben. Wenn das Lernverhalten der Nager verbessert und ihr Nervenzellverlust reduziert werden kann, k\u00f6nnte ein neuer Ansatz zur Pr\u00e4vention und Therapie der Alzheimer-Krankheit entstehen.<\/p>\n\n\n\n<p><strong>\u00dcber die Alzheimer Forschung&nbsp; Initiative e.V.<\/strong><\/p>\n\n\n\n<p><em>Die Alzheimer Forschung Initiative e.V. (AFI) ist ein gemeinn\u00fctziger Verein, der das Spendenzertifikat des Deutschen Spendenrats e.V. tr\u00e4gt. Seit 1995 f\u00f6rdert die AFI mit Spendengeldern Forschungsprojekte engagierter Alzheimer-Forscher und stellt kostenloses Informationsmaterial f\u00fcr die \u00d6ffentlichkeit bereit. Bis heute konnte die AFI 312 Forschungsaktivit\u00e4ten mit \u00fcber 12,2 Millionen Euro unterst\u00fctzen und rund 880.000 Ratgeber und Brosch\u00fcren verteilen. Interessierte und Betroffene k\u00f6nnen sich auf&nbsp;<a rel=\"noreferrer noopener\" href=\"http:\/\/www.alzheimer-forschung.de\/\" target=\"_blank\">www.alzheimer-forschung.de<\/a>&nbsp;fundiert \u00fcber die Alzheimer-Krankheit informieren und Aufkl\u00e4rungsmaterial anfordern.<\/em><\/p>\n\n\n\n<p>Bild von&nbsp;<a href=\"https:\/\/pixabay.com\/de\/users\/tillburmann-3471390\/?utm_source=link-attribution&amp;utm_medium=referral&amp;utm_campaign=image&amp;utm_content=3649958\">tillburmann<\/a>&nbsp;auf&nbsp;<a href=\"https:\/\/pixabay.com\/de\/?utm_source=link-attribution&amp;utm_medium=referral&amp;utm_campaign=image&amp;utm_content=3649958\">Pixabay<\/a><\/p>\n","protected":false},"excerpt":{"rendered":"<p>(umg) K\u00f6rperliche Aktivit\u00e4t gilt als wichtiger Baustein zur Vorbeugung der Alzheimer-Krankheit. Aber auch Menschen mit der Alzheimer-Krankheit profitieren von regelm\u00e4\u00dfiger Bewegung. Prof. Dr. Oliver Wirths aus der Klinik f\u00fcr Psychiatrie und Psychotherapie der Universit\u00e4tsmedizin G\u00f6ttingen (UMG) m\u00f6chte nun herausfinden, ob sich die positiven Effekte durch die Verabreichung eines Wirkstoffs verst\u00e4rken lassen. Gef\u00f6rdert wird das dreij\u00e4hrige [&hellip;]<\/p>\n","protected":false},"author":1,"featured_media":0,"comment_status":"closed","ping_status":"closed","sticky":false,"template":"","format":"standard","meta":{"saved_in_kubio":false,"footnotes":""},"categories":[40,35],"tags":[],"class_list":["post-5266","post","type-post","status-publish","format-standard","hentry","category-gesundheit","category-universitaet"],"yoast_head":"<!-- This site is optimized with the Yoast SEO plugin v27.5 - https:\/\/yoast.com\/product\/yoast-seo-wordpress\/ -->\n<title>Mit Bewegung und Wirkstoff gegen Alzheimer - Radio Leinewelle<\/title>\n<meta name=\"robots\" content=\"index, follow, max-snippet:-1, max-image-preview:large, max-video-preview:-1\" \/>\n<link rel=\"canonical\" href=\"https:\/\/radioleinewelle.de\/index.php\/2021\/02\/16\/mit-bewegung-und-wirkstoff-gegen-alzheimer\/\" \/>\n<meta property=\"og:locale\" content=\"de_DE\" \/>\n<meta property=\"og:type\" content=\"article\" \/>\n<meta property=\"og:title\" content=\"Mit Bewegung und Wirkstoff gegen Alzheimer - Radio Leinewelle\" \/>\n<meta property=\"og:description\" content=\"(umg) K\u00f6rperliche Aktivit\u00e4t gilt als wichtiger Baustein zur Vorbeugung der Alzheimer-Krankheit. Aber auch Menschen mit der Alzheimer-Krankheit profitieren von regelm\u00e4\u00dfiger Bewegung. Prof. Dr. Oliver Wirths aus der Klinik f\u00fcr Psychiatrie und Psychotherapie der Universit\u00e4tsmedizin G\u00f6ttingen (UMG) m\u00f6chte nun herausfinden, ob sich die positiven Effekte durch die Verabreichung eines Wirkstoffs verst\u00e4rken lassen. Gef\u00f6rdert wird das dreij\u00e4hrige [&hellip;]\" \/>\n<meta property=\"og:url\" content=\"https:\/\/radioleinewelle.de\/index.php\/2021\/02\/16\/mit-bewegung-und-wirkstoff-gegen-alzheimer\/\" \/>\n<meta property=\"og:site_name\" content=\"Radio Leinewelle\" \/>\n<meta property=\"article:publisher\" content=\"https:\/\/www.facebook.com\/radioleinewelle\" \/>\n<meta property=\"article:author\" content=\"https:\/\/www.facebook.com\/radioleinewelle\" \/>\n<meta property=\"article:published_time\" content=\"2021-02-16T04:10:00+00:00\" \/>\n<meta name=\"author\" content=\"Leinewelle\" \/>\n<meta name=\"twitter:card\" content=\"summary_large_image\" \/>\n<meta name=\"twitter:creator\" content=\"@https:\/\/twitter.com\/RLeinewelle?ref_src=twsrcgoogletwcampserptwgrauthor\" \/>\n<meta name=\"twitter:site\" content=\"@RLeinewelle\" \/>\n<meta name=\"twitter:label1\" content=\"Verfasst von\" \/>\n\t<meta name=\"twitter:data1\" content=\"Leinewelle\" \/>\n\t<meta name=\"twitter:label2\" content=\"Gesch\u00e4tzte Lesezeit\" \/>\n\t<meta name=\"twitter:data2\" content=\"2\u00a0Minuten\" \/>\n<script type=\"application\/ld+json\" class=\"yoast-schema-graph\">{\"@context\":\"https:\\\/\\\/schema.org\",\"@graph\":[{\"@type\":\"Article\",\"@id\":\"https:\\\/\\\/radioleinewelle.de\\\/index.php\\\/2021\\\/02\\\/16\\\/mit-bewegung-und-wirkstoff-gegen-alzheimer\\\/#article\",\"isPartOf\":{\"@id\":\"https:\\\/\\\/radioleinewelle.de\\\/index.php\\\/2021\\\/02\\\/16\\\/mit-bewegung-und-wirkstoff-gegen-alzheimer\\\/\"},\"author\":{\"name\":\"Leinewelle\",\"@id\":\"https:\\\/\\\/radioleinewelle.de\\\/#\\\/schema\\\/person\\\/45606f348637df637192dc1b68399a63\"},\"headline\":\"Mit Bewegung und Wirkstoff gegen Alzheimer\",\"datePublished\":\"2021-02-16T04:10:00+00:00\",\"mainEntityOfPage\":{\"@id\":\"https:\\\/\\\/radioleinewelle.de\\\/index.php\\\/2021\\\/02\\\/16\\\/mit-bewegung-und-wirkstoff-gegen-alzheimer\\\/\"},\"wordCount\":364,\"publisher\":{\"@id\":\"https:\\\/\\\/radioleinewelle.de\\\/#organization\"},\"articleSection\":[\"Gesundheit\",\"Universit\u00e4t\"],\"inLanguage\":\"de\"},{\"@type\":\"WebPage\",\"@id\":\"https:\\\/\\\/radioleinewelle.de\\\/index.php\\\/2021\\\/02\\\/16\\\/mit-bewegung-und-wirkstoff-gegen-alzheimer\\\/\",\"url\":\"https:\\\/\\\/radioleinewelle.de\\\/index.php\\\/2021\\\/02\\\/16\\\/mit-bewegung-und-wirkstoff-gegen-alzheimer\\\/\",\"name\":\"Mit Bewegung und Wirkstoff gegen Alzheimer - Radio Leinewelle\",\"isPartOf\":{\"@id\":\"https:\\\/\\\/radioleinewelle.de\\\/#website\"},\"datePublished\":\"2021-02-16T04:10:00+00:00\",\"breadcrumb\":{\"@id\":\"https:\\\/\\\/radioleinewelle.de\\\/index.php\\\/2021\\\/02\\\/16\\\/mit-bewegung-und-wirkstoff-gegen-alzheimer\\\/#breadcrumb\"},\"inLanguage\":\"de\",\"potentialAction\":[{\"@type\":\"ReadAction\",\"target\":[\"https:\\\/\\\/radioleinewelle.de\\\/index.php\\\/2021\\\/02\\\/16\\\/mit-bewegung-und-wirkstoff-gegen-alzheimer\\\/\"]}]},{\"@type\":\"BreadcrumbList\",\"@id\":\"https:\\\/\\\/radioleinewelle.de\\\/index.php\\\/2021\\\/02\\\/16\\\/mit-bewegung-und-wirkstoff-gegen-alzheimer\\\/#breadcrumb\",\"itemListElement\":[{\"@type\":\"ListItem\",\"position\":1,\"name\":\"Startseite\",\"item\":\"https:\\\/\\\/radioleinewelle.de\\\/\"},{\"@type\":\"ListItem\",\"position\":2,\"name\":\"Mit Bewegung und Wirkstoff gegen Alzheimer\"}]},{\"@type\":\"WebSite\",\"@id\":\"https:\\\/\\\/radioleinewelle.de\\\/#website\",\"url\":\"https:\\\/\\\/radioleinewelle.de\\\/\",\"name\":\"Radio Leinewelle\",\"description\":\"\",\"publisher\":{\"@id\":\"https:\\\/\\\/radioleinewelle.de\\\/#organization\"},\"potentialAction\":[{\"@type\":\"SearchAction\",\"target\":{\"@type\":\"EntryPoint\",\"urlTemplate\":\"https:\\\/\\\/radioleinewelle.de\\\/?s={search_term_string}\"},\"query-input\":{\"@type\":\"PropertyValueSpecification\",\"valueRequired\":true,\"valueName\":\"search_term_string\"}}],\"inLanguage\":\"de\"},{\"@type\":\"Organization\",\"@id\":\"https:\\\/\\\/radioleinewelle.de\\\/#organization\",\"name\":\"Radio Leinewelle\",\"alternateName\":\"Mein Radio f\u00fcr S\u00fcdniedersachsen\",\"url\":\"https:\\\/\\\/radioleinewelle.de\\\/\",\"logo\":{\"@type\":\"ImageObject\",\"inLanguage\":\"de\",\"@id\":\"https:\\\/\\\/radioleinewelle.de\\\/#\\\/schema\\\/logo\\\/image\\\/\",\"url\":\"https:\\\/\\\/radioleinewelle.de\\\/wp-content\\\/uploads\\\/2023\\\/11\\\/cropped-Leinewelle_Logo_weiss.png\",\"contentUrl\":\"https:\\\/\\\/radioleinewelle.de\\\/wp-content\\\/uploads\\\/2023\\\/11\\\/cropped-Leinewelle_Logo_weiss.png\",\"width\":854,\"height\":260,\"caption\":\"Radio Leinewelle\"},\"image\":{\"@id\":\"https:\\\/\\\/radioleinewelle.de\\\/#\\\/schema\\\/logo\\\/image\\\/\"},\"sameAs\":[\"https:\\\/\\\/www.facebook.com\\\/radioleinewelle\",\"https:\\\/\\\/x.com\\\/RLeinewelle\",\"https:\\\/\\\/www.instagram.com\\\/radioleinewelle\\\/?hl=de\"]},{\"@type\":\"Person\",\"@id\":\"https:\\\/\\\/radioleinewelle.de\\\/#\\\/schema\\\/person\\\/45606f348637df637192dc1b68399a63\",\"name\":\"Leinewelle\",\"image\":{\"@type\":\"ImageObject\",\"inLanguage\":\"de\",\"@id\":\"https:\\\/\\\/secure.gravatar.com\\\/avatar\\\/05c9a17bc973052ee5d91549bd32fb4dd0dc85b7b85ae94b2e2b4943476bbea5?s=96&d=blank&r=g\",\"url\":\"https:\\\/\\\/secure.gravatar.com\\\/avatar\\\/05c9a17bc973052ee5d91549bd32fb4dd0dc85b7b85ae94b2e2b4943476bbea5?s=96&d=blank&r=g\",\"contentUrl\":\"https:\\\/\\\/secure.gravatar.com\\\/avatar\\\/05c9a17bc973052ee5d91549bd32fb4dd0dc85b7b85ae94b2e2b4943476bbea5?s=96&d=blank&r=g\",\"caption\":\"Leinewelle\"},\"sameAs\":[\"http:\\\/\\\/localhost\\\/radio%20leinewelle\\\/wordpress\",\"https:\\\/\\\/www.facebook.com\\\/radioleinewelle\",\"https:\\\/\\\/www.instagram.com\\\/radioleinewelle\",\"https:\\\/\\\/x.com\\\/https:\\\/\\\/twitter.com\\\/RLeinewelle?ref_src=twsrcgoogletwcampserptwgrauthor\",\"https:\\\/\\\/soundcloud.com\\\/foerderverein-lokalradio?utm_source=clipboard&utm_medium=text&utm_campaign=social_sharing\"],\"url\":\"https:\\\/\\\/radioleinewelle.de\\\/index.php\\\/author\\\/leinewelle\\\/\"}]}<\/script>\n<!-- \/ Yoast SEO plugin. -->","yoast_head_json":{"title":"Mit Bewegung und Wirkstoff gegen Alzheimer - Radio Leinewelle","robots":{"index":"index","follow":"follow","max-snippet":"max-snippet:-1","max-image-preview":"max-image-preview:large","max-video-preview":"max-video-preview:-1"},"canonical":"https:\/\/radioleinewelle.de\/index.php\/2021\/02\/16\/mit-bewegung-und-wirkstoff-gegen-alzheimer\/","og_locale":"de_DE","og_type":"article","og_title":"Mit Bewegung und Wirkstoff gegen Alzheimer - Radio Leinewelle","og_description":"(umg) K\u00f6rperliche Aktivit\u00e4t gilt als wichtiger Baustein zur Vorbeugung der Alzheimer-Krankheit. Aber auch Menschen mit der Alzheimer-Krankheit profitieren von regelm\u00e4\u00dfiger Bewegung. Prof. Dr. Oliver Wirths aus der Klinik f\u00fcr Psychiatrie und Psychotherapie der Universit\u00e4tsmedizin G\u00f6ttingen (UMG) m\u00f6chte nun herausfinden, ob sich die positiven Effekte durch die Verabreichung eines Wirkstoffs verst\u00e4rken lassen. Gef\u00f6rdert wird das dreij\u00e4hrige [&hellip;]","og_url":"https:\/\/radioleinewelle.de\/index.php\/2021\/02\/16\/mit-bewegung-und-wirkstoff-gegen-alzheimer\/","og_site_name":"Radio Leinewelle","article_publisher":"https:\/\/www.facebook.com\/radioleinewelle","article_author":"https:\/\/www.facebook.com\/radioleinewelle","article_published_time":"2021-02-16T04:10:00+00:00","author":"Leinewelle","twitter_card":"summary_large_image","twitter_creator":"@https:\/\/twitter.com\/RLeinewelle?ref_src=twsrcgoogletwcampserptwgrauthor","twitter_site":"@RLeinewelle","twitter_misc":{"Verfasst von":"Leinewelle","Gesch\u00e4tzte Lesezeit":"2\u00a0Minuten"},"schema":{"@context":"https:\/\/schema.org","@graph":[{"@type":"Article","@id":"https:\/\/radioleinewelle.de\/index.php\/2021\/02\/16\/mit-bewegung-und-wirkstoff-gegen-alzheimer\/#article","isPartOf":{"@id":"https:\/\/radioleinewelle.de\/index.php\/2021\/02\/16\/mit-bewegung-und-wirkstoff-gegen-alzheimer\/"},"author":{"name":"Leinewelle","@id":"https:\/\/radioleinewelle.de\/#\/schema\/person\/45606f348637df637192dc1b68399a63"},"headline":"Mit Bewegung und Wirkstoff gegen Alzheimer","datePublished":"2021-02-16T04:10:00+00:00","mainEntityOfPage":{"@id":"https:\/\/radioleinewelle.de\/index.php\/2021\/02\/16\/mit-bewegung-und-wirkstoff-gegen-alzheimer\/"},"wordCount":364,"publisher":{"@id":"https:\/\/radioleinewelle.de\/#organization"},"articleSection":["Gesundheit","Universit\u00e4t"],"inLanguage":"de"},{"@type":"WebPage","@id":"https:\/\/radioleinewelle.de\/index.php\/2021\/02\/16\/mit-bewegung-und-wirkstoff-gegen-alzheimer\/","url":"https:\/\/radioleinewelle.de\/index.php\/2021\/02\/16\/mit-bewegung-und-wirkstoff-gegen-alzheimer\/","name":"Mit Bewegung und Wirkstoff gegen Alzheimer - Radio Leinewelle","isPartOf":{"@id":"https:\/\/radioleinewelle.de\/#website"},"datePublished":"2021-02-16T04:10:00+00:00","breadcrumb":{"@id":"https:\/\/radioleinewelle.de\/index.php\/2021\/02\/16\/mit-bewegung-und-wirkstoff-gegen-alzheimer\/#breadcrumb"},"inLanguage":"de","potentialAction":[{"@type":"ReadAction","target":["https:\/\/radioleinewelle.de\/index.php\/2021\/02\/16\/mit-bewegung-und-wirkstoff-gegen-alzheimer\/"]}]},{"@type":"BreadcrumbList","@id":"https:\/\/radioleinewelle.de\/index.php\/2021\/02\/16\/mit-bewegung-und-wirkstoff-gegen-alzheimer\/#breadcrumb","itemListElement":[{"@type":"ListItem","position":1,"name":"Startseite","item":"https:\/\/radioleinewelle.de\/"},{"@type":"ListItem","position":2,"name":"Mit Bewegung und Wirkstoff gegen Alzheimer"}]},{"@type":"WebSite","@id":"https:\/\/radioleinewelle.de\/#website","url":"https:\/\/radioleinewelle.de\/","name":"Radio Leinewelle","description":"","publisher":{"@id":"https:\/\/radioleinewelle.de\/#organization"},"potentialAction":[{"@type":"SearchAction","target":{"@type":"EntryPoint","urlTemplate":"https:\/\/radioleinewelle.de\/?s={search_term_string}"},"query-input":{"@type":"PropertyValueSpecification","valueRequired":true,"valueName":"search_term_string"}}],"inLanguage":"de"},{"@type":"Organization","@id":"https:\/\/radioleinewelle.de\/#organization","name":"Radio Leinewelle","alternateName":"Mein Radio f\u00fcr S\u00fcdniedersachsen","url":"https:\/\/radioleinewelle.de\/","logo":{"@type":"ImageObject","inLanguage":"de","@id":"https:\/\/radioleinewelle.de\/#\/schema\/logo\/image\/","url":"https:\/\/radioleinewelle.de\/wp-content\/uploads\/2023\/11\/cropped-Leinewelle_Logo_weiss.png","contentUrl":"https:\/\/radioleinewelle.de\/wp-content\/uploads\/2023\/11\/cropped-Leinewelle_Logo_weiss.png","width":854,"height":260,"caption":"Radio Leinewelle"},"image":{"@id":"https:\/\/radioleinewelle.de\/#\/schema\/logo\/image\/"},"sameAs":["https:\/\/www.facebook.com\/radioleinewelle","https:\/\/x.com\/RLeinewelle","https:\/\/www.instagram.com\/radioleinewelle\/?hl=de"]},{"@type":"Person","@id":"https:\/\/radioleinewelle.de\/#\/schema\/person\/45606f348637df637192dc1b68399a63","name":"Leinewelle","image":{"@type":"ImageObject","inLanguage":"de","@id":"https:\/\/secure.gravatar.com\/avatar\/05c9a17bc973052ee5d91549bd32fb4dd0dc85b7b85ae94b2e2b4943476bbea5?s=96&d=blank&r=g","url":"https:\/\/secure.gravatar.com\/avatar\/05c9a17bc973052ee5d91549bd32fb4dd0dc85b7b85ae94b2e2b4943476bbea5?s=96&d=blank&r=g","contentUrl":"https:\/\/secure.gravatar.com\/avatar\/05c9a17bc973052ee5d91549bd32fb4dd0dc85b7b85ae94b2e2b4943476bbea5?s=96&d=blank&r=g","caption":"Leinewelle"},"sameAs":["http:\/\/localhost\/radio%20leinewelle\/wordpress","https:\/\/www.facebook.com\/radioleinewelle","https:\/\/www.instagram.com\/radioleinewelle","https:\/\/x.com\/https:\/\/twitter.com\/RLeinewelle?ref_src=twsrcgoogletwcampserptwgrauthor","https:\/\/soundcloud.com\/foerderverein-lokalradio?utm_source=clipboard&utm_medium=text&utm_campaign=social_sharing"],"url":"https:\/\/radioleinewelle.de\/index.php\/author\/leinewelle\/"}]}},"_links":{"self":[{"href":"https:\/\/radioleinewelle.de\/index.php\/wp-json\/wp\/v2\/posts\/5266","targetHints":{"allow":["GET"]}}],"collection":[{"href":"https:\/\/radioleinewelle.de\/index.php\/wp-json\/wp\/v2\/posts"}],"about":[{"href":"https:\/\/radioleinewelle.de\/index.php\/wp-json\/wp\/v2\/types\/post"}],"author":[{"embeddable":true,"href":"https:\/\/radioleinewelle.de\/index.php\/wp-json\/wp\/v2\/users\/1"}],"replies":[{"embeddable":true,"href":"https:\/\/radioleinewelle.de\/index.php\/wp-json\/wp\/v2\/comments?post=5266"}],"version-history":[{"count":0,"href":"https:\/\/radioleinewelle.de\/index.php\/wp-json\/wp\/v2\/posts\/5266\/revisions"}],"wp:attachment":[{"href":"https:\/\/radioleinewelle.de\/index.php\/wp-json\/wp\/v2\/media?parent=5266"}],"wp:term":[{"taxonomy":"category","embeddable":true,"href":"https:\/\/radioleinewelle.de\/index.php\/wp-json\/wp\/v2\/categories?post=5266"},{"taxonomy":"post_tag","embeddable":true,"href":"https:\/\/radioleinewelle.de\/index.php\/wp-json\/wp\/v2\/tags?post=5266"}],"curies":[{"name":"wp","href":"https:\/\/api.w.org\/{rel}","templated":true}]}}