{"id":5270,"date":"2021-02-16T04:11:00","date_gmt":"2021-02-16T03:11:00","guid":{"rendered":"https:\/\/radioleinewelle.de\/?p=5270"},"modified":"2021-02-16T04:11:00","modified_gmt":"2021-02-16T03:11:00","slug":"neue-wort-bild-marke-der-stadt-einbeck","status":"publish","type":"post","link":"https:\/\/radioleinewelle.de\/index.php\/2021\/02\/16\/neue-wort-bild-marke-der-stadt-einbeck\/","title":{"rendered":"Neue Wort-Bild-Marke der Stadt Einbeck"},"content":{"rendered":"\n<p>Vieles hat sich in den letzten Jahren in Einbeck ver\u00e4ndert. Vieles zeichnet die Stadt heute aus: der Blaudruck, die regionale Senfherstellung in der Senfm\u00fchle, die Einbecker Kaffeer\u00f6sterei, Einbecker Jung oder auch die Street-Art-Meile. Nicht&nbsp;zu vergessen der PS.SPEICHER mit seinen Depots als gr\u00f6\u00dfte Oldtimerausstellung Europas. Der Slogan \u201eStadt der Brau- und Fachwerkkunst\u201c reichte nicht mehr aus. Daher begann am 22.Oktober des vergangenen Jahres der Markenbildungsprozess Einbeck mit einem ersten Treffen im Alten Rathauses. Mit Repr\u00e4sentanten aus Wirtschaft, Industrie, Kultur, Handel, Gastronomie und der Einbecker Vereinslandschaft wurde bei diesem Kickoff-Meeting und in den folgenden Monaten intensiv zusammengearbeitet.<\/p>\n\n\n\n<p>Die Wort-Bild-Marke umfasst, ganz bildlich gesprochen, ein \u201eE\u201c, einen dynamischen Bogenschweif und das Wort \u201eEinbeck\u201c. Das \u201eE\u201c setzt sich aus verschieden Assoziationen zusammen. Es ist eine Anlehnung an den Kleeblattbogen des Einbecker Stadtwappens im oberen Teil sowie &#8211; im unteren Teil \u2013 die Assoziation zu einem Herz, dem Blick von oben auf ein Glass, Fass und Teller und nat\u00fcrlich als Gesamtkonstrukt, ein Wiederaufgreifen des \u201eE\u201c aus dem Namen unserer Stadt. Der unten dargestellte Bogenschweif steht als eine perspektivische Darstellung f\u00fcr ein Rad bzw. Reifen und l\u00e4sst ein L\u00e4cheln erahnen. Die Typografie des Schriftzugs \u201eEinbeck\u201c steht f\u00fcr Kraft, Tradition und Handwerk.<\/p>\n\n\n\n<p>Somit umfasst die neue Marke Oldtimer, Fachwerk und Bier. Spielt mit Genuss und Tradition und bewegt sich dabei trotzdem in die Moderne. Nach einem knappen Jahr harter Arbeit und dem Abschluss mit einer neuen \u201eMarke Einbeck\u201c ist es gelungen, eine Br\u00fccke von der nostalgischen Tradition hin zu Neugier, Leichtigkeit, Offenheit und Genuss zu schlagen, ohne aber dabei Authentizit\u00e4t einzub\u00fc\u00dfen und Traditionen weiterhin zu pflegen.<\/p>\n\n\n\n<p>Bild von&nbsp;<a href=\"https:\/\/pixabay.com\/de\/users\/olleaugust-4857856\/?utm_source=link-attribution&amp;utm_medium=referral&amp;utm_campaign=image&amp;utm_content=5010968\">Olle August<\/a>&nbsp;auf&nbsp;<a href=\"https:\/\/pixabay.com\/de\/?utm_source=link-attribution&amp;utm_medium=referral&amp;utm_campaign=image&amp;utm_content=5010968\">Pixabay<\/a><\/p>\n","protected":false},"excerpt":{"rendered":"<p>Vieles hat sich in den letzten Jahren in Einbeck ver\u00e4ndert. Vieles zeichnet die Stadt heute aus: der Blaudruck, die regionale Senfherstellung in der Senfm\u00fchle, die Einbecker Kaffeer\u00f6sterei, Einbecker Jung oder auch die Street-Art-Meile. Nicht&nbsp;zu vergessen der PS.SPEICHER mit seinen Depots als gr\u00f6\u00dfte Oldtimerausstellung Europas. Der Slogan \u201eStadt der Brau- und Fachwerkkunst\u201c reichte nicht mehr aus. [&hellip;]<\/p>\n","protected":false},"author":1,"featured_media":0,"comment_status":"closed","ping_status":"closed","sticky":false,"template":"","format":"standard","meta":{"saved_in_kubio":false,"footnotes":""},"categories":[42],"tags":[],"class_list":["post-5270","post","type-post","status-publish","format-standard","hentry","category-regionaler-tourismus"],"yoast_head":"<!-- This site is optimized with the Yoast SEO plugin v27.5 - https:\/\/yoast.com\/product\/yoast-seo-wordpress\/ -->\n<title>Neue Wort-Bild-Marke der Stadt Einbeck - Radio Leinewelle<\/title>\n<meta name=\"robots\" content=\"index, follow, max-snippet:-1, max-image-preview:large, max-video-preview:-1\" \/>\n<link rel=\"canonical\" href=\"https:\/\/radioleinewelle.de\/index.php\/2021\/02\/16\/neue-wort-bild-marke-der-stadt-einbeck\/\" \/>\n<meta property=\"og:locale\" content=\"de_DE\" \/>\n<meta property=\"og:type\" content=\"article\" \/>\n<meta property=\"og:title\" content=\"Neue Wort-Bild-Marke der Stadt Einbeck - Radio Leinewelle\" \/>\n<meta property=\"og:description\" content=\"Vieles hat sich in den letzten Jahren in Einbeck ver\u00e4ndert. Vieles zeichnet die Stadt heute aus: der Blaudruck, die regionale Senfherstellung in der Senfm\u00fchle, die Einbecker Kaffeer\u00f6sterei, Einbecker Jung oder auch die Street-Art-Meile. Nicht&nbsp;zu vergessen der PS.SPEICHER mit seinen Depots als gr\u00f6\u00dfte Oldtimerausstellung Europas. Der Slogan \u201eStadt der Brau- und Fachwerkkunst\u201c reichte nicht mehr aus. [&hellip;]\" \/>\n<meta property=\"og:url\" content=\"https:\/\/radioleinewelle.de\/index.php\/2021\/02\/16\/neue-wort-bild-marke-der-stadt-einbeck\/\" \/>\n<meta property=\"og:site_name\" content=\"Radio Leinewelle\" \/>\n<meta property=\"article:publisher\" content=\"https:\/\/www.facebook.com\/radioleinewelle\" \/>\n<meta property=\"article:author\" content=\"https:\/\/www.facebook.com\/radioleinewelle\" \/>\n<meta property=\"article:published_time\" content=\"2021-02-16T03:11:00+00:00\" \/>\n<meta name=\"author\" content=\"Leinewelle\" \/>\n<meta name=\"twitter:card\" content=\"summary_large_image\" \/>\n<meta name=\"twitter:creator\" content=\"@https:\/\/twitter.com\/RLeinewelle?ref_src=twsrcgoogletwcampserptwgrauthor\" \/>\n<meta name=\"twitter:site\" content=\"@RLeinewelle\" \/>\n<meta name=\"twitter:label1\" content=\"Verfasst von\" \/>\n\t<meta name=\"twitter:data1\" content=\"Leinewelle\" \/>\n\t<meta name=\"twitter:label2\" content=\"Gesch\u00e4tzte Lesezeit\" \/>\n\t<meta name=\"twitter:data2\" content=\"1\u00a0Minute\" \/>\n<script type=\"application\/ld+json\" class=\"yoast-schema-graph\">{\"@context\":\"https:\\\/\\\/schema.org\",\"@graph\":[{\"@type\":\"Article\",\"@id\":\"https:\\\/\\\/radioleinewelle.de\\\/index.php\\\/2021\\\/02\\\/16\\\/neue-wort-bild-marke-der-stadt-einbeck\\\/#article\",\"isPartOf\":{\"@id\":\"https:\\\/\\\/radioleinewelle.de\\\/index.php\\\/2021\\\/02\\\/16\\\/neue-wort-bild-marke-der-stadt-einbeck\\\/\"},\"author\":{\"name\":\"Leinewelle\",\"@id\":\"https:\\\/\\\/radioleinewelle.de\\\/#\\\/schema\\\/person\\\/45606f348637df637192dc1b68399a63\"},\"headline\":\"Neue Wort-Bild-Marke der Stadt Einbeck\",\"datePublished\":\"2021-02-16T03:11:00+00:00\",\"mainEntityOfPage\":{\"@id\":\"https:\\\/\\\/radioleinewelle.de\\\/index.php\\\/2021\\\/02\\\/16\\\/neue-wort-bild-marke-der-stadt-einbeck\\\/\"},\"wordCount\":288,\"publisher\":{\"@id\":\"https:\\\/\\\/radioleinewelle.de\\\/#organization\"},\"articleSection\":[\"Regionaler Tourismus\"],\"inLanguage\":\"de\"},{\"@type\":\"WebPage\",\"@id\":\"https:\\\/\\\/radioleinewelle.de\\\/index.php\\\/2021\\\/02\\\/16\\\/neue-wort-bild-marke-der-stadt-einbeck\\\/\",\"url\":\"https:\\\/\\\/radioleinewelle.de\\\/index.php\\\/2021\\\/02\\\/16\\\/neue-wort-bild-marke-der-stadt-einbeck\\\/\",\"name\":\"Neue Wort-Bild-Marke der Stadt Einbeck - Radio Leinewelle\",\"isPartOf\":{\"@id\":\"https:\\\/\\\/radioleinewelle.de\\\/#website\"},\"datePublished\":\"2021-02-16T03:11:00+00:00\",\"breadcrumb\":{\"@id\":\"https:\\\/\\\/radioleinewelle.de\\\/index.php\\\/2021\\\/02\\\/16\\\/neue-wort-bild-marke-der-stadt-einbeck\\\/#breadcrumb\"},\"inLanguage\":\"de\",\"potentialAction\":[{\"@type\":\"ReadAction\",\"target\":[\"https:\\\/\\\/radioleinewelle.de\\\/index.php\\\/2021\\\/02\\\/16\\\/neue-wort-bild-marke-der-stadt-einbeck\\\/\"]}]},{\"@type\":\"BreadcrumbList\",\"@id\":\"https:\\\/\\\/radioleinewelle.de\\\/index.php\\\/2021\\\/02\\\/16\\\/neue-wort-bild-marke-der-stadt-einbeck\\\/#breadcrumb\",\"itemListElement\":[{\"@type\":\"ListItem\",\"position\":1,\"name\":\"Startseite\",\"item\":\"https:\\\/\\\/radioleinewelle.de\\\/\"},{\"@type\":\"ListItem\",\"position\":2,\"name\":\"Neue Wort-Bild-Marke der Stadt Einbeck\"}]},{\"@type\":\"WebSite\",\"@id\":\"https:\\\/\\\/radioleinewelle.de\\\/#website\",\"url\":\"https:\\\/\\\/radioleinewelle.de\\\/\",\"name\":\"Radio Leinewelle\",\"description\":\"\",\"publisher\":{\"@id\":\"https:\\\/\\\/radioleinewelle.de\\\/#organization\"},\"potentialAction\":[{\"@type\":\"SearchAction\",\"target\":{\"@type\":\"EntryPoint\",\"urlTemplate\":\"https:\\\/\\\/radioleinewelle.de\\\/?s={search_term_string}\"},\"query-input\":{\"@type\":\"PropertyValueSpecification\",\"valueRequired\":true,\"valueName\":\"search_term_string\"}}],\"inLanguage\":\"de\"},{\"@type\":\"Organization\",\"@id\":\"https:\\\/\\\/radioleinewelle.de\\\/#organization\",\"name\":\"Radio Leinewelle\",\"alternateName\":\"Mein Radio f\u00fcr S\u00fcdniedersachsen\",\"url\":\"https:\\\/\\\/radioleinewelle.de\\\/\",\"logo\":{\"@type\":\"ImageObject\",\"inLanguage\":\"de\",\"@id\":\"https:\\\/\\\/radioleinewelle.de\\\/#\\\/schema\\\/logo\\\/image\\\/\",\"url\":\"https:\\\/\\\/radioleinewelle.de\\\/wp-content\\\/uploads\\\/2023\\\/11\\\/cropped-Leinewelle_Logo_weiss.png\",\"contentUrl\":\"https:\\\/\\\/radioleinewelle.de\\\/wp-content\\\/uploads\\\/2023\\\/11\\\/cropped-Leinewelle_Logo_weiss.png\",\"width\":854,\"height\":260,\"caption\":\"Radio Leinewelle\"},\"image\":{\"@id\":\"https:\\\/\\\/radioleinewelle.de\\\/#\\\/schema\\\/logo\\\/image\\\/\"},\"sameAs\":[\"https:\\\/\\\/www.facebook.com\\\/radioleinewelle\",\"https:\\\/\\\/x.com\\\/RLeinewelle\",\"https:\\\/\\\/www.instagram.com\\\/radioleinewelle\\\/?hl=de\"]},{\"@type\":\"Person\",\"@id\":\"https:\\\/\\\/radioleinewelle.de\\\/#\\\/schema\\\/person\\\/45606f348637df637192dc1b68399a63\",\"name\":\"Leinewelle\",\"image\":{\"@type\":\"ImageObject\",\"inLanguage\":\"de\",\"@id\":\"https:\\\/\\\/secure.gravatar.com\\\/avatar\\\/05c9a17bc973052ee5d91549bd32fb4dd0dc85b7b85ae94b2e2b4943476bbea5?s=96&d=blank&r=g\",\"url\":\"https:\\\/\\\/secure.gravatar.com\\\/avatar\\\/05c9a17bc973052ee5d91549bd32fb4dd0dc85b7b85ae94b2e2b4943476bbea5?s=96&d=blank&r=g\",\"contentUrl\":\"https:\\\/\\\/secure.gravatar.com\\\/avatar\\\/05c9a17bc973052ee5d91549bd32fb4dd0dc85b7b85ae94b2e2b4943476bbea5?s=96&d=blank&r=g\",\"caption\":\"Leinewelle\"},\"sameAs\":[\"http:\\\/\\\/localhost\\\/radio%20leinewelle\\\/wordpress\",\"https:\\\/\\\/www.facebook.com\\\/radioleinewelle\",\"https:\\\/\\\/www.instagram.com\\\/radioleinewelle\",\"https:\\\/\\\/x.com\\\/https:\\\/\\\/twitter.com\\\/RLeinewelle?ref_src=twsrcgoogletwcampserptwgrauthor\",\"https:\\\/\\\/soundcloud.com\\\/foerderverein-lokalradio?utm_source=clipboard&utm_medium=text&utm_campaign=social_sharing\"],\"url\":\"https:\\\/\\\/radioleinewelle.de\\\/index.php\\\/author\\\/leinewelle\\\/\"}]}<\/script>\n<!-- \/ Yoast SEO plugin. -->","yoast_head_json":{"title":"Neue Wort-Bild-Marke der Stadt Einbeck - Radio Leinewelle","robots":{"index":"index","follow":"follow","max-snippet":"max-snippet:-1","max-image-preview":"max-image-preview:large","max-video-preview":"max-video-preview:-1"},"canonical":"https:\/\/radioleinewelle.de\/index.php\/2021\/02\/16\/neue-wort-bild-marke-der-stadt-einbeck\/","og_locale":"de_DE","og_type":"article","og_title":"Neue Wort-Bild-Marke der Stadt Einbeck - Radio Leinewelle","og_description":"Vieles hat sich in den letzten Jahren in Einbeck ver\u00e4ndert. Vieles zeichnet die Stadt heute aus: der Blaudruck, die regionale Senfherstellung in der Senfm\u00fchle, die Einbecker Kaffeer\u00f6sterei, Einbecker Jung oder auch die Street-Art-Meile. Nicht&nbsp;zu vergessen der PS.SPEICHER mit seinen Depots als gr\u00f6\u00dfte Oldtimerausstellung Europas. Der Slogan \u201eStadt der Brau- und Fachwerkkunst\u201c reichte nicht mehr aus. [&hellip;]","og_url":"https:\/\/radioleinewelle.de\/index.php\/2021\/02\/16\/neue-wort-bild-marke-der-stadt-einbeck\/","og_site_name":"Radio Leinewelle","article_publisher":"https:\/\/www.facebook.com\/radioleinewelle","article_author":"https:\/\/www.facebook.com\/radioleinewelle","article_published_time":"2021-02-16T03:11:00+00:00","author":"Leinewelle","twitter_card":"summary_large_image","twitter_creator":"@https:\/\/twitter.com\/RLeinewelle?ref_src=twsrcgoogletwcampserptwgrauthor","twitter_site":"@RLeinewelle","twitter_misc":{"Verfasst von":"Leinewelle","Gesch\u00e4tzte Lesezeit":"1\u00a0Minute"},"schema":{"@context":"https:\/\/schema.org","@graph":[{"@type":"Article","@id":"https:\/\/radioleinewelle.de\/index.php\/2021\/02\/16\/neue-wort-bild-marke-der-stadt-einbeck\/#article","isPartOf":{"@id":"https:\/\/radioleinewelle.de\/index.php\/2021\/02\/16\/neue-wort-bild-marke-der-stadt-einbeck\/"},"author":{"name":"Leinewelle","@id":"https:\/\/radioleinewelle.de\/#\/schema\/person\/45606f348637df637192dc1b68399a63"},"headline":"Neue Wort-Bild-Marke der Stadt Einbeck","datePublished":"2021-02-16T03:11:00+00:00","mainEntityOfPage":{"@id":"https:\/\/radioleinewelle.de\/index.php\/2021\/02\/16\/neue-wort-bild-marke-der-stadt-einbeck\/"},"wordCount":288,"publisher":{"@id":"https:\/\/radioleinewelle.de\/#organization"},"articleSection":["Regionaler Tourismus"],"inLanguage":"de"},{"@type":"WebPage","@id":"https:\/\/radioleinewelle.de\/index.php\/2021\/02\/16\/neue-wort-bild-marke-der-stadt-einbeck\/","url":"https:\/\/radioleinewelle.de\/index.php\/2021\/02\/16\/neue-wort-bild-marke-der-stadt-einbeck\/","name":"Neue Wort-Bild-Marke der Stadt Einbeck - Radio Leinewelle","isPartOf":{"@id":"https:\/\/radioleinewelle.de\/#website"},"datePublished":"2021-02-16T03:11:00+00:00","breadcrumb":{"@id":"https:\/\/radioleinewelle.de\/index.php\/2021\/02\/16\/neue-wort-bild-marke-der-stadt-einbeck\/#breadcrumb"},"inLanguage":"de","potentialAction":[{"@type":"ReadAction","target":["https:\/\/radioleinewelle.de\/index.php\/2021\/02\/16\/neue-wort-bild-marke-der-stadt-einbeck\/"]}]},{"@type":"BreadcrumbList","@id":"https:\/\/radioleinewelle.de\/index.php\/2021\/02\/16\/neue-wort-bild-marke-der-stadt-einbeck\/#breadcrumb","itemListElement":[{"@type":"ListItem","position":1,"name":"Startseite","item":"https:\/\/radioleinewelle.de\/"},{"@type":"ListItem","position":2,"name":"Neue Wort-Bild-Marke der Stadt Einbeck"}]},{"@type":"WebSite","@id":"https:\/\/radioleinewelle.de\/#website","url":"https:\/\/radioleinewelle.de\/","name":"Radio Leinewelle","description":"","publisher":{"@id":"https:\/\/radioleinewelle.de\/#organization"},"potentialAction":[{"@type":"SearchAction","target":{"@type":"EntryPoint","urlTemplate":"https:\/\/radioleinewelle.de\/?s={search_term_string}"},"query-input":{"@type":"PropertyValueSpecification","valueRequired":true,"valueName":"search_term_string"}}],"inLanguage":"de"},{"@type":"Organization","@id":"https:\/\/radioleinewelle.de\/#organization","name":"Radio Leinewelle","alternateName":"Mein Radio f\u00fcr S\u00fcdniedersachsen","url":"https:\/\/radioleinewelle.de\/","logo":{"@type":"ImageObject","inLanguage":"de","@id":"https:\/\/radioleinewelle.de\/#\/schema\/logo\/image\/","url":"https:\/\/radioleinewelle.de\/wp-content\/uploads\/2023\/11\/cropped-Leinewelle_Logo_weiss.png","contentUrl":"https:\/\/radioleinewelle.de\/wp-content\/uploads\/2023\/11\/cropped-Leinewelle_Logo_weiss.png","width":854,"height":260,"caption":"Radio Leinewelle"},"image":{"@id":"https:\/\/radioleinewelle.de\/#\/schema\/logo\/image\/"},"sameAs":["https:\/\/www.facebook.com\/radioleinewelle","https:\/\/x.com\/RLeinewelle","https:\/\/www.instagram.com\/radioleinewelle\/?hl=de"]},{"@type":"Person","@id":"https:\/\/radioleinewelle.de\/#\/schema\/person\/45606f348637df637192dc1b68399a63","name":"Leinewelle","image":{"@type":"ImageObject","inLanguage":"de","@id":"https:\/\/secure.gravatar.com\/avatar\/05c9a17bc973052ee5d91549bd32fb4dd0dc85b7b85ae94b2e2b4943476bbea5?s=96&d=blank&r=g","url":"https:\/\/secure.gravatar.com\/avatar\/05c9a17bc973052ee5d91549bd32fb4dd0dc85b7b85ae94b2e2b4943476bbea5?s=96&d=blank&r=g","contentUrl":"https:\/\/secure.gravatar.com\/avatar\/05c9a17bc973052ee5d91549bd32fb4dd0dc85b7b85ae94b2e2b4943476bbea5?s=96&d=blank&r=g","caption":"Leinewelle"},"sameAs":["http:\/\/localhost\/radio%20leinewelle\/wordpress","https:\/\/www.facebook.com\/radioleinewelle","https:\/\/www.instagram.com\/radioleinewelle","https:\/\/x.com\/https:\/\/twitter.com\/RLeinewelle?ref_src=twsrcgoogletwcampserptwgrauthor","https:\/\/soundcloud.com\/foerderverein-lokalradio?utm_source=clipboard&utm_medium=text&utm_campaign=social_sharing"],"url":"https:\/\/radioleinewelle.de\/index.php\/author\/leinewelle\/"}]}},"_links":{"self":[{"href":"https:\/\/radioleinewelle.de\/index.php\/wp-json\/wp\/v2\/posts\/5270","targetHints":{"allow":["GET"]}}],"collection":[{"href":"https:\/\/radioleinewelle.de\/index.php\/wp-json\/wp\/v2\/posts"}],"about":[{"href":"https:\/\/radioleinewelle.de\/index.php\/wp-json\/wp\/v2\/types\/post"}],"author":[{"embeddable":true,"href":"https:\/\/radioleinewelle.de\/index.php\/wp-json\/wp\/v2\/users\/1"}],"replies":[{"embeddable":true,"href":"https:\/\/radioleinewelle.de\/index.php\/wp-json\/wp\/v2\/comments?post=5270"}],"version-history":[{"count":0,"href":"https:\/\/radioleinewelle.de\/index.php\/wp-json\/wp\/v2\/posts\/5270\/revisions"}],"wp:attachment":[{"href":"https:\/\/radioleinewelle.de\/index.php\/wp-json\/wp\/v2\/media?parent=5270"}],"wp:term":[{"taxonomy":"category","embeddable":true,"href":"https:\/\/radioleinewelle.de\/index.php\/wp-json\/wp\/v2\/categories?post=5270"},{"taxonomy":"post_tag","embeddable":true,"href":"https:\/\/radioleinewelle.de\/index.php\/wp-json\/wp\/v2\/tags?post=5270"}],"curies":[{"name":"wp","href":"https:\/\/api.w.org\/{rel}","templated":true}]}}