{"id":5276,"date":"2021-02-16T05:15:00","date_gmt":"2021-02-16T04:15:00","guid":{"rendered":"https:\/\/radioleinewelle.de\/?p=5276"},"modified":"2021-02-16T05:15:00","modified_gmt":"2021-02-16T04:15:00","slug":"corona-stundung-von-krediten-bereitet-verbrauchern-probleme","status":"publish","type":"post","link":"https:\/\/radioleinewelle.de\/index.php\/2021\/02\/16\/corona-stundung-von-krediten-bereitet-verbrauchern-probleme\/","title":{"rendered":"Corona: Stundung von Krediten bereitet Verbrauchern Probleme"},"content":{"rendered":"\n<p>Die M\u00f6glichkeit, f\u00fcr drei Monate ihre Kredite zu stunden, hat Verbraucherinnen und Verbrauchern im vergangenen Corona-Jahr finanzielle Entlastung gebracht. Viele klagen jedoch \u00fcber wenig entgegenkommendes Verhalten der Kreditinstitute. Die Verbraucherzentrale Hessen ber\u00e4t jetzt speziell zu Fragen rund um die Corona-Stundungen.<\/p>\n\n\n\n<p>Durch die Corona-Pandemie haben viele Menschen Einkommenseinbu\u00dfen erlitten. Wer deswegen seine Kredite nicht mehr bedienen konnte, sollte nicht unverschuldet in eine finanzielle Notlage kommen. Im Fr\u00fchjahr 2020 beschloss der Bundestag deshalb ein Gesetz zur Abmilderung der Covid-19-Folgen. Verbraucher hatten damit einen Anspruch auf Stundung ihrer Darlehensraten in der Zeit vom 1. April &nbsp;bis zum 30. Juni 2020 \u2013 vorausgesetzt, sie kamen durch die Folgen der Pandemie in Zahlungsschwierigkeiten.<\/p>\n\n\n\n<h5 class=\"wp-block-heading\">Banken oftmals wenig kooperativ<\/h5>\n\n\n\n<p>\u201eInzwischen bestehen Banken aber auf R\u00fcckzahlung der Kreditschulden, obwohl noch immer viele Menschen wegen der Pandemie in Kurzarbeit oder sogar arbeitslos sind\u201c, berichtet Philipp Wendt, Vorstand der Verbraucherzentrale Hessen. Zudem wenden sich Verbraucherinnen und Verbraucher an die Verbraucherzentrale, weil ihre Bank auch w\u00e4hrend der Stundung Zinsen forderte, weil man sie verpflichten wollte, ihren Disporahmen zu erh\u00f6hen oder Geb\u00fchren f\u00fcr die \u00c4nderung des Ratenplans f\u00e4llig werden sollten.<br \/>\u201eWir wollen denjenigen, die sich durch die Pandemie sowieso in einer angespannten finanziellen Lage befinden, ein kosteng\u00fcnstiges Beratungsangebot machen und sie unterst\u00fctzen, mit ihrem Kreditinstitut zu einer guten L\u00f6sung zu kommen\u201c, sagt Philipp Wendt. Verbraucher k\u00f6nnen sich jetzt rund um die Corona-Kreditstundungen per Video oder per E-Mail beraten lassen. Die Beratung kostet 10 Euro und kann vorerst bis 31.3.2021 gebucht werden.&nbsp;<\/p>\n\n\n\n<p>Bild von&nbsp;<a href=\"https:\/\/pixabay.com\/de\/users\/photomix-company-1546875\/?utm_source=link-attribution&amp;utm_medium=referral&amp;utm_campaign=image&amp;utm_content=1557431\">Photo Mix<\/a>&nbsp;auf&nbsp;<a href=\"https:\/\/pixabay.com\/de\/?utm_source=link-attribution&amp;utm_medium=referral&amp;utm_campaign=image&amp;utm_content=1557431\">Pixabay<\/a><\/p>\n","protected":false},"excerpt":{"rendered":"<p>Die M\u00f6glichkeit, f\u00fcr drei Monate ihre Kredite zu stunden, hat Verbraucherinnen und Verbrauchern im vergangenen Corona-Jahr finanzielle Entlastung gebracht. Viele klagen jedoch \u00fcber wenig entgegenkommendes Verhalten der Kreditinstitute. Die Verbraucherzentrale Hessen ber\u00e4t jetzt speziell zu Fragen rund um die Corona-Stundungen. Durch die Corona-Pandemie haben viele Menschen Einkommenseinbu\u00dfen erlitten. Wer deswegen seine Kredite nicht mehr bedienen [&hellip;]<\/p>\n","protected":false},"author":1,"featured_media":5279,"comment_status":"closed","ping_status":"closed","sticky":false,"template":"","format":"standard","meta":{"saved_in_kubio":false,"footnotes":""},"categories":[55],"tags":[],"class_list":["post-5276","post","type-post","status-publish","format-standard","has-post-thumbnail","hentry","category-verbrauchertipps"],"yoast_head":"<!-- This site is optimized with the Yoast SEO plugin v27.5 - https:\/\/yoast.com\/product\/yoast-seo-wordpress\/ -->\n<title>Corona: Stundung von Krediten bereitet Verbrauchern Probleme - Radio Leinewelle<\/title>\n<meta name=\"robots\" content=\"index, follow, max-snippet:-1, max-image-preview:large, max-video-preview:-1\" \/>\n<link rel=\"canonical\" href=\"https:\/\/radioleinewelle.de\/index.php\/2021\/02\/16\/corona-stundung-von-krediten-bereitet-verbrauchern-probleme\/\" \/>\n<meta property=\"og:locale\" content=\"de_DE\" \/>\n<meta property=\"og:type\" content=\"article\" \/>\n<meta property=\"og:title\" content=\"Corona: Stundung von Krediten bereitet Verbrauchern Probleme - Radio Leinewelle\" \/>\n<meta property=\"og:description\" content=\"Die M\u00f6glichkeit, f\u00fcr drei Monate ihre Kredite zu stunden, hat Verbraucherinnen und Verbrauchern im vergangenen Corona-Jahr finanzielle Entlastung gebracht. Viele klagen jedoch \u00fcber wenig entgegenkommendes Verhalten der Kreditinstitute. Die Verbraucherzentrale Hessen ber\u00e4t jetzt speziell zu Fragen rund um die Corona-Stundungen. Durch die Corona-Pandemie haben viele Menschen Einkommenseinbu\u00dfen erlitten. Wer deswegen seine Kredite nicht mehr bedienen [&hellip;]\" \/>\n<meta property=\"og:url\" content=\"https:\/\/radioleinewelle.de\/index.php\/2021\/02\/16\/corona-stundung-von-krediten-bereitet-verbrauchern-probleme\/\" \/>\n<meta property=\"og:site_name\" content=\"Radio Leinewelle\" \/>\n<meta property=\"article:publisher\" content=\"https:\/\/www.facebook.com\/radioleinewelle\" \/>\n<meta property=\"article:author\" content=\"https:\/\/www.facebook.com\/radioleinewelle\" \/>\n<meta property=\"article:published_time\" content=\"2021-02-16T04:15:00+00:00\" \/>\n<meta property=\"og:image\" content=\"https:\/\/radioleinewelle.de\/wp-content\/uploads\/2021\/02\/euro-1557431_640.jpg\" \/>\n\t<meta property=\"og:image:width\" content=\"640\" \/>\n\t<meta property=\"og:image:height\" content=\"427\" \/>\n\t<meta property=\"og:image:type\" content=\"image\/jpeg\" \/>\n<meta name=\"author\" content=\"Leinewelle\" \/>\n<meta name=\"twitter:card\" content=\"summary_large_image\" \/>\n<meta name=\"twitter:creator\" content=\"@https:\/\/twitter.com\/RLeinewelle?ref_src=twsrcgoogletwcampserptwgrauthor\" \/>\n<meta name=\"twitter:site\" content=\"@RLeinewelle\" \/>\n<meta name=\"twitter:label1\" content=\"Verfasst von\" \/>\n\t<meta name=\"twitter:data1\" content=\"Leinewelle\" \/>\n\t<meta name=\"twitter:label2\" content=\"Gesch\u00e4tzte Lesezeit\" \/>\n\t<meta name=\"twitter:data2\" content=\"1\u00a0Minute\" \/>\n<script type=\"application\/ld+json\" class=\"yoast-schema-graph\">{\"@context\":\"https:\\\/\\\/schema.org\",\"@graph\":[{\"@type\":\"Article\",\"@id\":\"https:\\\/\\\/radioleinewelle.de\\\/index.php\\\/2021\\\/02\\\/16\\\/corona-stundung-von-krediten-bereitet-verbrauchern-probleme\\\/#article\",\"isPartOf\":{\"@id\":\"https:\\\/\\\/radioleinewelle.de\\\/index.php\\\/2021\\\/02\\\/16\\\/corona-stundung-von-krediten-bereitet-verbrauchern-probleme\\\/\"},\"author\":{\"name\":\"Leinewelle\",\"@id\":\"https:\\\/\\\/radioleinewelle.de\\\/#\\\/schema\\\/person\\\/45606f348637df637192dc1b68399a63\"},\"headline\":\"Corona: Stundung von Krediten bereitet Verbrauchern Probleme\",\"datePublished\":\"2021-02-16T04:15:00+00:00\",\"mainEntityOfPage\":{\"@id\":\"https:\\\/\\\/radioleinewelle.de\\\/index.php\\\/2021\\\/02\\\/16\\\/corona-stundung-von-krediten-bereitet-verbrauchern-probleme\\\/\"},\"wordCount\":266,\"publisher\":{\"@id\":\"https:\\\/\\\/radioleinewelle.de\\\/#organization\"},\"image\":{\"@id\":\"https:\\\/\\\/radioleinewelle.de\\\/index.php\\\/2021\\\/02\\\/16\\\/corona-stundung-von-krediten-bereitet-verbrauchern-probleme\\\/#primaryimage\"},\"thumbnailUrl\":\"https:\\\/\\\/radioleinewelle.de\\\/wp-content\\\/uploads\\\/2021\\\/02\\\/euro-1557431_640.jpg\",\"articleSection\":[\"Verbrauchertipps\"],\"inLanguage\":\"de\"},{\"@type\":\"WebPage\",\"@id\":\"https:\\\/\\\/radioleinewelle.de\\\/index.php\\\/2021\\\/02\\\/16\\\/corona-stundung-von-krediten-bereitet-verbrauchern-probleme\\\/\",\"url\":\"https:\\\/\\\/radioleinewelle.de\\\/index.php\\\/2021\\\/02\\\/16\\\/corona-stundung-von-krediten-bereitet-verbrauchern-probleme\\\/\",\"name\":\"Corona: Stundung von Krediten bereitet Verbrauchern Probleme - Radio Leinewelle\",\"isPartOf\":{\"@id\":\"https:\\\/\\\/radioleinewelle.de\\\/#website\"},\"primaryImageOfPage\":{\"@id\":\"https:\\\/\\\/radioleinewelle.de\\\/index.php\\\/2021\\\/02\\\/16\\\/corona-stundung-von-krediten-bereitet-verbrauchern-probleme\\\/#primaryimage\"},\"image\":{\"@id\":\"https:\\\/\\\/radioleinewelle.de\\\/index.php\\\/2021\\\/02\\\/16\\\/corona-stundung-von-krediten-bereitet-verbrauchern-probleme\\\/#primaryimage\"},\"thumbnailUrl\":\"https:\\\/\\\/radioleinewelle.de\\\/wp-content\\\/uploads\\\/2021\\\/02\\\/euro-1557431_640.jpg\",\"datePublished\":\"2021-02-16T04:15:00+00:00\",\"breadcrumb\":{\"@id\":\"https:\\\/\\\/radioleinewelle.de\\\/index.php\\\/2021\\\/02\\\/16\\\/corona-stundung-von-krediten-bereitet-verbrauchern-probleme\\\/#breadcrumb\"},\"inLanguage\":\"de\",\"potentialAction\":[{\"@type\":\"ReadAction\",\"target\":[\"https:\\\/\\\/radioleinewelle.de\\\/index.php\\\/2021\\\/02\\\/16\\\/corona-stundung-von-krediten-bereitet-verbrauchern-probleme\\\/\"]}]},{\"@type\":\"ImageObject\",\"inLanguage\":\"de\",\"@id\":\"https:\\\/\\\/radioleinewelle.de\\\/index.php\\\/2021\\\/02\\\/16\\\/corona-stundung-von-krediten-bereitet-verbrauchern-probleme\\\/#primaryimage\",\"url\":\"https:\\\/\\\/radioleinewelle.de\\\/wp-content\\\/uploads\\\/2021\\\/02\\\/euro-1557431_640.jpg\",\"contentUrl\":\"https:\\\/\\\/radioleinewelle.de\\\/wp-content\\\/uploads\\\/2021\\\/02\\\/euro-1557431_640.jpg\",\"width\":640,\"height\":427},{\"@type\":\"BreadcrumbList\",\"@id\":\"https:\\\/\\\/radioleinewelle.de\\\/index.php\\\/2021\\\/02\\\/16\\\/corona-stundung-von-krediten-bereitet-verbrauchern-probleme\\\/#breadcrumb\",\"itemListElement\":[{\"@type\":\"ListItem\",\"position\":1,\"name\":\"Startseite\",\"item\":\"https:\\\/\\\/radioleinewelle.de\\\/\"},{\"@type\":\"ListItem\",\"position\":2,\"name\":\"Corona: Stundung von Krediten bereitet Verbrauchern Probleme\"}]},{\"@type\":\"WebSite\",\"@id\":\"https:\\\/\\\/radioleinewelle.de\\\/#website\",\"url\":\"https:\\\/\\\/radioleinewelle.de\\\/\",\"name\":\"Radio Leinewelle\",\"description\":\"\",\"publisher\":{\"@id\":\"https:\\\/\\\/radioleinewelle.de\\\/#organization\"},\"potentialAction\":[{\"@type\":\"SearchAction\",\"target\":{\"@type\":\"EntryPoint\",\"urlTemplate\":\"https:\\\/\\\/radioleinewelle.de\\\/?s={search_term_string}\"},\"query-input\":{\"@type\":\"PropertyValueSpecification\",\"valueRequired\":true,\"valueName\":\"search_term_string\"}}],\"inLanguage\":\"de\"},{\"@type\":\"Organization\",\"@id\":\"https:\\\/\\\/radioleinewelle.de\\\/#organization\",\"name\":\"Radio Leinewelle\",\"alternateName\":\"Mein Radio f\u00fcr S\u00fcdniedersachsen\",\"url\":\"https:\\\/\\\/radioleinewelle.de\\\/\",\"logo\":{\"@type\":\"ImageObject\",\"inLanguage\":\"de\",\"@id\":\"https:\\\/\\\/radioleinewelle.de\\\/#\\\/schema\\\/logo\\\/image\\\/\",\"url\":\"https:\\\/\\\/radioleinewelle.de\\\/wp-content\\\/uploads\\\/2023\\\/11\\\/cropped-Leinewelle_Logo_weiss.png\",\"contentUrl\":\"https:\\\/\\\/radioleinewelle.de\\\/wp-content\\\/uploads\\\/2023\\\/11\\\/cropped-Leinewelle_Logo_weiss.png\",\"width\":854,\"height\":260,\"caption\":\"Radio Leinewelle\"},\"image\":{\"@id\":\"https:\\\/\\\/radioleinewelle.de\\\/#\\\/schema\\\/logo\\\/image\\\/\"},\"sameAs\":[\"https:\\\/\\\/www.facebook.com\\\/radioleinewelle\",\"https:\\\/\\\/x.com\\\/RLeinewelle\",\"https:\\\/\\\/www.instagram.com\\\/radioleinewelle\\\/?hl=de\"]},{\"@type\":\"Person\",\"@id\":\"https:\\\/\\\/radioleinewelle.de\\\/#\\\/schema\\\/person\\\/45606f348637df637192dc1b68399a63\",\"name\":\"Leinewelle\",\"image\":{\"@type\":\"ImageObject\",\"inLanguage\":\"de\",\"@id\":\"https:\\\/\\\/secure.gravatar.com\\\/avatar\\\/05c9a17bc973052ee5d91549bd32fb4dd0dc85b7b85ae94b2e2b4943476bbea5?s=96&d=blank&r=g\",\"url\":\"https:\\\/\\\/secure.gravatar.com\\\/avatar\\\/05c9a17bc973052ee5d91549bd32fb4dd0dc85b7b85ae94b2e2b4943476bbea5?s=96&d=blank&r=g\",\"contentUrl\":\"https:\\\/\\\/secure.gravatar.com\\\/avatar\\\/05c9a17bc973052ee5d91549bd32fb4dd0dc85b7b85ae94b2e2b4943476bbea5?s=96&d=blank&r=g\",\"caption\":\"Leinewelle\"},\"sameAs\":[\"http:\\\/\\\/localhost\\\/radio%20leinewelle\\\/wordpress\",\"https:\\\/\\\/www.facebook.com\\\/radioleinewelle\",\"https:\\\/\\\/www.instagram.com\\\/radioleinewelle\",\"https:\\\/\\\/x.com\\\/https:\\\/\\\/twitter.com\\\/RLeinewelle?ref_src=twsrcgoogletwcampserptwgrauthor\",\"https:\\\/\\\/soundcloud.com\\\/foerderverein-lokalradio?utm_source=clipboard&utm_medium=text&utm_campaign=social_sharing\"],\"url\":\"https:\\\/\\\/radioleinewelle.de\\\/index.php\\\/author\\\/leinewelle\\\/\"}]}<\/script>\n<!-- \/ Yoast SEO plugin. -->","yoast_head_json":{"title":"Corona: Stundung von Krediten bereitet Verbrauchern Probleme - Radio Leinewelle","robots":{"index":"index","follow":"follow","max-snippet":"max-snippet:-1","max-image-preview":"max-image-preview:large","max-video-preview":"max-video-preview:-1"},"canonical":"https:\/\/radioleinewelle.de\/index.php\/2021\/02\/16\/corona-stundung-von-krediten-bereitet-verbrauchern-probleme\/","og_locale":"de_DE","og_type":"article","og_title":"Corona: Stundung von Krediten bereitet Verbrauchern Probleme - Radio Leinewelle","og_description":"Die M\u00f6glichkeit, f\u00fcr drei Monate ihre Kredite zu stunden, hat Verbraucherinnen und Verbrauchern im vergangenen Corona-Jahr finanzielle Entlastung gebracht. Viele klagen jedoch \u00fcber wenig entgegenkommendes Verhalten der Kreditinstitute. Die Verbraucherzentrale Hessen ber\u00e4t jetzt speziell zu Fragen rund um die Corona-Stundungen. Durch die Corona-Pandemie haben viele Menschen Einkommenseinbu\u00dfen erlitten. Wer deswegen seine Kredite nicht mehr bedienen [&hellip;]","og_url":"https:\/\/radioleinewelle.de\/index.php\/2021\/02\/16\/corona-stundung-von-krediten-bereitet-verbrauchern-probleme\/","og_site_name":"Radio Leinewelle","article_publisher":"https:\/\/www.facebook.com\/radioleinewelle","article_author":"https:\/\/www.facebook.com\/radioleinewelle","article_published_time":"2021-02-16T04:15:00+00:00","og_image":[{"width":640,"height":427,"url":"https:\/\/radioleinewelle.de\/wp-content\/uploads\/2021\/02\/euro-1557431_640.jpg","type":"image\/jpeg"}],"author":"Leinewelle","twitter_card":"summary_large_image","twitter_creator":"@https:\/\/twitter.com\/RLeinewelle?ref_src=twsrcgoogletwcampserptwgrauthor","twitter_site":"@RLeinewelle","twitter_misc":{"Verfasst von":"Leinewelle","Gesch\u00e4tzte Lesezeit":"1\u00a0Minute"},"schema":{"@context":"https:\/\/schema.org","@graph":[{"@type":"Article","@id":"https:\/\/radioleinewelle.de\/index.php\/2021\/02\/16\/corona-stundung-von-krediten-bereitet-verbrauchern-probleme\/#article","isPartOf":{"@id":"https:\/\/radioleinewelle.de\/index.php\/2021\/02\/16\/corona-stundung-von-krediten-bereitet-verbrauchern-probleme\/"},"author":{"name":"Leinewelle","@id":"https:\/\/radioleinewelle.de\/#\/schema\/person\/45606f348637df637192dc1b68399a63"},"headline":"Corona: Stundung von Krediten bereitet Verbrauchern Probleme","datePublished":"2021-02-16T04:15:00+00:00","mainEntityOfPage":{"@id":"https:\/\/radioleinewelle.de\/index.php\/2021\/02\/16\/corona-stundung-von-krediten-bereitet-verbrauchern-probleme\/"},"wordCount":266,"publisher":{"@id":"https:\/\/radioleinewelle.de\/#organization"},"image":{"@id":"https:\/\/radioleinewelle.de\/index.php\/2021\/02\/16\/corona-stundung-von-krediten-bereitet-verbrauchern-probleme\/#primaryimage"},"thumbnailUrl":"https:\/\/radioleinewelle.de\/wp-content\/uploads\/2021\/02\/euro-1557431_640.jpg","articleSection":["Verbrauchertipps"],"inLanguage":"de"},{"@type":"WebPage","@id":"https:\/\/radioleinewelle.de\/index.php\/2021\/02\/16\/corona-stundung-von-krediten-bereitet-verbrauchern-probleme\/","url":"https:\/\/radioleinewelle.de\/index.php\/2021\/02\/16\/corona-stundung-von-krediten-bereitet-verbrauchern-probleme\/","name":"Corona: Stundung von Krediten bereitet Verbrauchern Probleme - Radio Leinewelle","isPartOf":{"@id":"https:\/\/radioleinewelle.de\/#website"},"primaryImageOfPage":{"@id":"https:\/\/radioleinewelle.de\/index.php\/2021\/02\/16\/corona-stundung-von-krediten-bereitet-verbrauchern-probleme\/#primaryimage"},"image":{"@id":"https:\/\/radioleinewelle.de\/index.php\/2021\/02\/16\/corona-stundung-von-krediten-bereitet-verbrauchern-probleme\/#primaryimage"},"thumbnailUrl":"https:\/\/radioleinewelle.de\/wp-content\/uploads\/2021\/02\/euro-1557431_640.jpg","datePublished":"2021-02-16T04:15:00+00:00","breadcrumb":{"@id":"https:\/\/radioleinewelle.de\/index.php\/2021\/02\/16\/corona-stundung-von-krediten-bereitet-verbrauchern-probleme\/#breadcrumb"},"inLanguage":"de","potentialAction":[{"@type":"ReadAction","target":["https:\/\/radioleinewelle.de\/index.php\/2021\/02\/16\/corona-stundung-von-krediten-bereitet-verbrauchern-probleme\/"]}]},{"@type":"ImageObject","inLanguage":"de","@id":"https:\/\/radioleinewelle.de\/index.php\/2021\/02\/16\/corona-stundung-von-krediten-bereitet-verbrauchern-probleme\/#primaryimage","url":"https:\/\/radioleinewelle.de\/wp-content\/uploads\/2021\/02\/euro-1557431_640.jpg","contentUrl":"https:\/\/radioleinewelle.de\/wp-content\/uploads\/2021\/02\/euro-1557431_640.jpg","width":640,"height":427},{"@type":"BreadcrumbList","@id":"https:\/\/radioleinewelle.de\/index.php\/2021\/02\/16\/corona-stundung-von-krediten-bereitet-verbrauchern-probleme\/#breadcrumb","itemListElement":[{"@type":"ListItem","position":1,"name":"Startseite","item":"https:\/\/radioleinewelle.de\/"},{"@type":"ListItem","position":2,"name":"Corona: Stundung von Krediten bereitet Verbrauchern Probleme"}]},{"@type":"WebSite","@id":"https:\/\/radioleinewelle.de\/#website","url":"https:\/\/radioleinewelle.de\/","name":"Radio Leinewelle","description":"","publisher":{"@id":"https:\/\/radioleinewelle.de\/#organization"},"potentialAction":[{"@type":"SearchAction","target":{"@type":"EntryPoint","urlTemplate":"https:\/\/radioleinewelle.de\/?s={search_term_string}"},"query-input":{"@type":"PropertyValueSpecification","valueRequired":true,"valueName":"search_term_string"}}],"inLanguage":"de"},{"@type":"Organization","@id":"https:\/\/radioleinewelle.de\/#organization","name":"Radio Leinewelle","alternateName":"Mein Radio f\u00fcr S\u00fcdniedersachsen","url":"https:\/\/radioleinewelle.de\/","logo":{"@type":"ImageObject","inLanguage":"de","@id":"https:\/\/radioleinewelle.de\/#\/schema\/logo\/image\/","url":"https:\/\/radioleinewelle.de\/wp-content\/uploads\/2023\/11\/cropped-Leinewelle_Logo_weiss.png","contentUrl":"https:\/\/radioleinewelle.de\/wp-content\/uploads\/2023\/11\/cropped-Leinewelle_Logo_weiss.png","width":854,"height":260,"caption":"Radio Leinewelle"},"image":{"@id":"https:\/\/radioleinewelle.de\/#\/schema\/logo\/image\/"},"sameAs":["https:\/\/www.facebook.com\/radioleinewelle","https:\/\/x.com\/RLeinewelle","https:\/\/www.instagram.com\/radioleinewelle\/?hl=de"]},{"@type":"Person","@id":"https:\/\/radioleinewelle.de\/#\/schema\/person\/45606f348637df637192dc1b68399a63","name":"Leinewelle","image":{"@type":"ImageObject","inLanguage":"de","@id":"https:\/\/secure.gravatar.com\/avatar\/05c9a17bc973052ee5d91549bd32fb4dd0dc85b7b85ae94b2e2b4943476bbea5?s=96&d=blank&r=g","url":"https:\/\/secure.gravatar.com\/avatar\/05c9a17bc973052ee5d91549bd32fb4dd0dc85b7b85ae94b2e2b4943476bbea5?s=96&d=blank&r=g","contentUrl":"https:\/\/secure.gravatar.com\/avatar\/05c9a17bc973052ee5d91549bd32fb4dd0dc85b7b85ae94b2e2b4943476bbea5?s=96&d=blank&r=g","caption":"Leinewelle"},"sameAs":["http:\/\/localhost\/radio%20leinewelle\/wordpress","https:\/\/www.facebook.com\/radioleinewelle","https:\/\/www.instagram.com\/radioleinewelle","https:\/\/x.com\/https:\/\/twitter.com\/RLeinewelle?ref_src=twsrcgoogletwcampserptwgrauthor","https:\/\/soundcloud.com\/foerderverein-lokalradio?utm_source=clipboard&utm_medium=text&utm_campaign=social_sharing"],"url":"https:\/\/radioleinewelle.de\/index.php\/author\/leinewelle\/"}]}},"_links":{"self":[{"href":"https:\/\/radioleinewelle.de\/index.php\/wp-json\/wp\/v2\/posts\/5276","targetHints":{"allow":["GET"]}}],"collection":[{"href":"https:\/\/radioleinewelle.de\/index.php\/wp-json\/wp\/v2\/posts"}],"about":[{"href":"https:\/\/radioleinewelle.de\/index.php\/wp-json\/wp\/v2\/types\/post"}],"author":[{"embeddable":true,"href":"https:\/\/radioleinewelle.de\/index.php\/wp-json\/wp\/v2\/users\/1"}],"replies":[{"embeddable":true,"href":"https:\/\/radioleinewelle.de\/index.php\/wp-json\/wp\/v2\/comments?post=5276"}],"version-history":[{"count":0,"href":"https:\/\/radioleinewelle.de\/index.php\/wp-json\/wp\/v2\/posts\/5276\/revisions"}],"wp:featuredmedia":[{"embeddable":true,"href":"https:\/\/radioleinewelle.de\/index.php\/wp-json\/wp\/v2\/media\/5279"}],"wp:attachment":[{"href":"https:\/\/radioleinewelle.de\/index.php\/wp-json\/wp\/v2\/media?parent=5276"}],"wp:term":[{"taxonomy":"category","embeddable":true,"href":"https:\/\/radioleinewelle.de\/index.php\/wp-json\/wp\/v2\/categories?post=5276"},{"taxonomy":"post_tag","embeddable":true,"href":"https:\/\/radioleinewelle.de\/index.php\/wp-json\/wp\/v2\/tags?post=5276"}],"curies":[{"name":"wp","href":"https:\/\/api.w.org\/{rel}","templated":true}]}}