{"id":5298,"date":"2021-02-17T05:00:00","date_gmt":"2021-02-17T04:00:00","guid":{"rendered":"https:\/\/radioleinewelle.de\/?p=5298"},"modified":"2021-02-17T05:00:00","modified_gmt":"2021-02-17T04:00:00","slug":"ohne-fuehrerschein-und-mit-geklautem-pkw-zum-raub-polizei-nimmt-tatverdaechtigen-vorlaeufig-fest","status":"publish","type":"post","link":"https:\/\/radioleinewelle.de\/index.php\/2021\/02\/17\/ohne-fuehrerschein-und-mit-geklautem-pkw-zum-raub-polizei-nimmt-tatverdaechtigen-vorlaeufig-fest\/","title":{"rendered":"Ohne F\u00fchrerschein und mit geklautem Pkw zum Raub &#8211; Polizei nimmt Tatverd\u00e4chtigen vorl\u00e4ufig fest"},"content":{"rendered":"\n<p>RHUMSPRINGE (mb) &#8211; Nach einem Raub auf einen Supermarkt am Montagabend (15.02.2021) in der Bahnhofstra\u00dfe in Rhumspringe konnte die Polizei den Tatverd\u00e4chtigen in Duderstadt festnehmen.&nbsp;<\/p>\n\n\n\n<p>Nach dem gegenw\u00e4rtigen Stand der Ermittlungen betrat der Mann kurz vor Ladenschluss den Supermarkt und begab sich anschlie\u00dfend mit Waren zur Kasse. Unmittelbar vor dem Bezahlvorgang zog er pl\u00f6tzlich ein Pfefferspray aus seiner Tasche, hielt es dem 19-j\u00e4hrigen Angestellten vor das Gesicht und verlangte, ohne die Waren zu bezahlen den Markt verlassen zu d\u00fcrfen. In der Folge spr\u00fchte er dem Angestellten das Pfefferspray ins Gesicht, verlie\u00df den Markt, ohne seinen Einkauf zu bezahlen und fuhr mit seinem Auto in Richtung Duderstadt davon. Der 19-J\u00e4hrige wurde hierbei leicht verletzt.&nbsp;<\/p>\n\n\n\n<p>Eine Zeugin alarmierte umgehend die Polizei, welche den T\u00e4ter durch die zuvor abgegebene Personen- und Fahrzeugbeschreibung nur kurze Zeit sp\u00e4ter in der Kurmainzer Stra\u00dfe in Duderstadt anhalten konnten. Bei der anschlie\u00dfenden Kontrolle gab der 32-J\u00e4hrige die zuvor begangene Tat zu. Weiterhin stellten die Beamten bei der Kontrolle fest, dass der aus dem Landkreis Leipzig stammende Mann unter dem Einfluss von Alkohol und Drogen am Steuer gesessen hat und nicht im Besitz einer g\u00fcltigen Fahrerlaubnis ist. Zudem waren auch der Pkw und die daran angebrachten Kennzeichen gestohlen.&nbsp;<\/p>\n\n\n\n<p>F\u00fcr den Mann ging es im Anschluss zur Polizeidienststelle in Duderstadt, wo ihm eine Blutprobe entnommen wurde. Er verbrachte dort die Nacht im Polizeigewahrsam.<\/p>\n","protected":false},"excerpt":{"rendered":"<p>RHUMSPRINGE (mb) &#8211; Nach einem Raub auf einen Supermarkt am Montagabend (15.02.2021) in der Bahnhofstra\u00dfe in Rhumspringe konnte die Polizei den Tatverd\u00e4chtigen in Duderstadt festnehmen.&nbsp; Nach dem gegenw\u00e4rtigen Stand der Ermittlungen betrat der Mann kurz vor Ladenschluss den Supermarkt und begab sich anschlie\u00dfend mit Waren zur Kasse. Unmittelbar vor dem Bezahlvorgang zog er pl\u00f6tzlich ein [&hellip;]<\/p>\n","protected":false},"author":1,"featured_media":0,"comment_status":"closed","ping_status":"closed","sticky":false,"template":"","format":"standard","meta":{"saved_in_kubio":false,"footnotes":""},"categories":[24],"tags":[],"class_list":["post-5298","post","type-post","status-publish","format-standard","hentry","category-news"],"yoast_head":"<!-- This site is optimized with the Yoast SEO plugin v27.5 - https:\/\/yoast.com\/product\/yoast-seo-wordpress\/ -->\n<title>Ohne F\u00fchrerschein und mit geklautem Pkw zum Raub - Polizei nimmt Tatverd\u00e4chtigen vorl\u00e4ufig fest - Radio Leinewelle<\/title>\n<meta name=\"robots\" content=\"index, follow, max-snippet:-1, max-image-preview:large, max-video-preview:-1\" \/>\n<link rel=\"canonical\" href=\"https:\/\/radioleinewelle.de\/index.php\/2021\/02\/17\/ohne-fuehrerschein-und-mit-geklautem-pkw-zum-raub-polizei-nimmt-tatverdaechtigen-vorlaeufig-fest\/\" \/>\n<meta property=\"og:locale\" content=\"de_DE\" \/>\n<meta property=\"og:type\" content=\"article\" \/>\n<meta property=\"og:title\" content=\"Ohne F\u00fchrerschein und mit geklautem Pkw zum Raub - Polizei nimmt Tatverd\u00e4chtigen vorl\u00e4ufig fest - Radio Leinewelle\" \/>\n<meta property=\"og:description\" content=\"RHUMSPRINGE (mb) &#8211; Nach einem Raub auf einen Supermarkt am Montagabend (15.02.2021) in der Bahnhofstra\u00dfe in Rhumspringe konnte die Polizei den Tatverd\u00e4chtigen in Duderstadt festnehmen.&nbsp; Nach dem gegenw\u00e4rtigen Stand der Ermittlungen betrat der Mann kurz vor Ladenschluss den Supermarkt und begab sich anschlie\u00dfend mit Waren zur Kasse. Unmittelbar vor dem Bezahlvorgang zog er pl\u00f6tzlich ein [&hellip;]\" \/>\n<meta property=\"og:url\" content=\"https:\/\/radioleinewelle.de\/index.php\/2021\/02\/17\/ohne-fuehrerschein-und-mit-geklautem-pkw-zum-raub-polizei-nimmt-tatverdaechtigen-vorlaeufig-fest\/\" \/>\n<meta property=\"og:site_name\" content=\"Radio Leinewelle\" \/>\n<meta property=\"article:publisher\" content=\"https:\/\/www.facebook.com\/radioleinewelle\" \/>\n<meta property=\"article:author\" content=\"https:\/\/www.facebook.com\/radioleinewelle\" \/>\n<meta property=\"article:published_time\" content=\"2021-02-17T04:00:00+00:00\" \/>\n<meta name=\"author\" content=\"Leinewelle\" \/>\n<meta name=\"twitter:card\" content=\"summary_large_image\" \/>\n<meta name=\"twitter:creator\" content=\"@https:\/\/twitter.com\/RLeinewelle?ref_src=twsrcgoogletwcampserptwgrauthor\" \/>\n<meta name=\"twitter:site\" content=\"@RLeinewelle\" \/>\n<meta name=\"twitter:label1\" content=\"Verfasst von\" \/>\n\t<meta name=\"twitter:data1\" content=\"Leinewelle\" \/>\n\t<meta name=\"twitter:label2\" content=\"Gesch\u00e4tzte Lesezeit\" \/>\n\t<meta name=\"twitter:data2\" content=\"1\u00a0Minute\" \/>\n<script type=\"application\/ld+json\" class=\"yoast-schema-graph\">{\"@context\":\"https:\\\/\\\/schema.org\",\"@graph\":[{\"@type\":\"Article\",\"@id\":\"https:\\\/\\\/radioleinewelle.de\\\/index.php\\\/2021\\\/02\\\/17\\\/ohne-fuehrerschein-und-mit-geklautem-pkw-zum-raub-polizei-nimmt-tatverdaechtigen-vorlaeufig-fest\\\/#article\",\"isPartOf\":{\"@id\":\"https:\\\/\\\/radioleinewelle.de\\\/index.php\\\/2021\\\/02\\\/17\\\/ohne-fuehrerschein-und-mit-geklautem-pkw-zum-raub-polizei-nimmt-tatverdaechtigen-vorlaeufig-fest\\\/\"},\"author\":{\"name\":\"Leinewelle\",\"@id\":\"https:\\\/\\\/radioleinewelle.de\\\/#\\\/schema\\\/person\\\/45606f348637df637192dc1b68399a63\"},\"headline\":\"Ohne F\u00fchrerschein und mit geklautem Pkw zum Raub &#8211; Polizei nimmt Tatverd\u00e4chtigen vorl\u00e4ufig fest\",\"datePublished\":\"2021-02-17T04:00:00+00:00\",\"mainEntityOfPage\":{\"@id\":\"https:\\\/\\\/radioleinewelle.de\\\/index.php\\\/2021\\\/02\\\/17\\\/ohne-fuehrerschein-und-mit-geklautem-pkw-zum-raub-polizei-nimmt-tatverdaechtigen-vorlaeufig-fest\\\/\"},\"wordCount\":258,\"publisher\":{\"@id\":\"https:\\\/\\\/radioleinewelle.de\\\/#organization\"},\"articleSection\":[\"Aktuelle Nachrichten\"],\"inLanguage\":\"de\"},{\"@type\":\"WebPage\",\"@id\":\"https:\\\/\\\/radioleinewelle.de\\\/index.php\\\/2021\\\/02\\\/17\\\/ohne-fuehrerschein-und-mit-geklautem-pkw-zum-raub-polizei-nimmt-tatverdaechtigen-vorlaeufig-fest\\\/\",\"url\":\"https:\\\/\\\/radioleinewelle.de\\\/index.php\\\/2021\\\/02\\\/17\\\/ohne-fuehrerschein-und-mit-geklautem-pkw-zum-raub-polizei-nimmt-tatverdaechtigen-vorlaeufig-fest\\\/\",\"name\":\"Ohne F\u00fchrerschein und mit geklautem Pkw zum Raub - Polizei nimmt Tatverd\u00e4chtigen vorl\u00e4ufig fest - Radio Leinewelle\",\"isPartOf\":{\"@id\":\"https:\\\/\\\/radioleinewelle.de\\\/#website\"},\"datePublished\":\"2021-02-17T04:00:00+00:00\",\"breadcrumb\":{\"@id\":\"https:\\\/\\\/radioleinewelle.de\\\/index.php\\\/2021\\\/02\\\/17\\\/ohne-fuehrerschein-und-mit-geklautem-pkw-zum-raub-polizei-nimmt-tatverdaechtigen-vorlaeufig-fest\\\/#breadcrumb\"},\"inLanguage\":\"de\",\"potentialAction\":[{\"@type\":\"ReadAction\",\"target\":[\"https:\\\/\\\/radioleinewelle.de\\\/index.php\\\/2021\\\/02\\\/17\\\/ohne-fuehrerschein-und-mit-geklautem-pkw-zum-raub-polizei-nimmt-tatverdaechtigen-vorlaeufig-fest\\\/\"]}]},{\"@type\":\"BreadcrumbList\",\"@id\":\"https:\\\/\\\/radioleinewelle.de\\\/index.php\\\/2021\\\/02\\\/17\\\/ohne-fuehrerschein-und-mit-geklautem-pkw-zum-raub-polizei-nimmt-tatverdaechtigen-vorlaeufig-fest\\\/#breadcrumb\",\"itemListElement\":[{\"@type\":\"ListItem\",\"position\":1,\"name\":\"Startseite\",\"item\":\"https:\\\/\\\/radioleinewelle.de\\\/\"},{\"@type\":\"ListItem\",\"position\":2,\"name\":\"Ohne F\u00fchrerschein und mit geklautem Pkw zum Raub &#8211; Polizei nimmt Tatverd\u00e4chtigen vorl\u00e4ufig fest\"}]},{\"@type\":\"WebSite\",\"@id\":\"https:\\\/\\\/radioleinewelle.de\\\/#website\",\"url\":\"https:\\\/\\\/radioleinewelle.de\\\/\",\"name\":\"Radio Leinewelle\",\"description\":\"\",\"publisher\":{\"@id\":\"https:\\\/\\\/radioleinewelle.de\\\/#organization\"},\"potentialAction\":[{\"@type\":\"SearchAction\",\"target\":{\"@type\":\"EntryPoint\",\"urlTemplate\":\"https:\\\/\\\/radioleinewelle.de\\\/?s={search_term_string}\"},\"query-input\":{\"@type\":\"PropertyValueSpecification\",\"valueRequired\":true,\"valueName\":\"search_term_string\"}}],\"inLanguage\":\"de\"},{\"@type\":\"Organization\",\"@id\":\"https:\\\/\\\/radioleinewelle.de\\\/#organization\",\"name\":\"Radio Leinewelle\",\"alternateName\":\"Mein Radio f\u00fcr S\u00fcdniedersachsen\",\"url\":\"https:\\\/\\\/radioleinewelle.de\\\/\",\"logo\":{\"@type\":\"ImageObject\",\"inLanguage\":\"de\",\"@id\":\"https:\\\/\\\/radioleinewelle.de\\\/#\\\/schema\\\/logo\\\/image\\\/\",\"url\":\"https:\\\/\\\/radioleinewelle.de\\\/wp-content\\\/uploads\\\/2023\\\/11\\\/cropped-Leinewelle_Logo_weiss.png\",\"contentUrl\":\"https:\\\/\\\/radioleinewelle.de\\\/wp-content\\\/uploads\\\/2023\\\/11\\\/cropped-Leinewelle_Logo_weiss.png\",\"width\":854,\"height\":260,\"caption\":\"Radio Leinewelle\"},\"image\":{\"@id\":\"https:\\\/\\\/radioleinewelle.de\\\/#\\\/schema\\\/logo\\\/image\\\/\"},\"sameAs\":[\"https:\\\/\\\/www.facebook.com\\\/radioleinewelle\",\"https:\\\/\\\/x.com\\\/RLeinewelle\",\"https:\\\/\\\/www.instagram.com\\\/radioleinewelle\\\/?hl=de\"]},{\"@type\":\"Person\",\"@id\":\"https:\\\/\\\/radioleinewelle.de\\\/#\\\/schema\\\/person\\\/45606f348637df637192dc1b68399a63\",\"name\":\"Leinewelle\",\"image\":{\"@type\":\"ImageObject\",\"inLanguage\":\"de\",\"@id\":\"https:\\\/\\\/secure.gravatar.com\\\/avatar\\\/05c9a17bc973052ee5d91549bd32fb4dd0dc85b7b85ae94b2e2b4943476bbea5?s=96&d=blank&r=g\",\"url\":\"https:\\\/\\\/secure.gravatar.com\\\/avatar\\\/05c9a17bc973052ee5d91549bd32fb4dd0dc85b7b85ae94b2e2b4943476bbea5?s=96&d=blank&r=g\",\"contentUrl\":\"https:\\\/\\\/secure.gravatar.com\\\/avatar\\\/05c9a17bc973052ee5d91549bd32fb4dd0dc85b7b85ae94b2e2b4943476bbea5?s=96&d=blank&r=g\",\"caption\":\"Leinewelle\"},\"sameAs\":[\"http:\\\/\\\/localhost\\\/radio%20leinewelle\\\/wordpress\",\"https:\\\/\\\/www.facebook.com\\\/radioleinewelle\",\"https:\\\/\\\/www.instagram.com\\\/radioleinewelle\",\"https:\\\/\\\/x.com\\\/https:\\\/\\\/twitter.com\\\/RLeinewelle?ref_src=twsrcgoogletwcampserptwgrauthor\",\"https:\\\/\\\/soundcloud.com\\\/foerderverein-lokalradio?utm_source=clipboard&utm_medium=text&utm_campaign=social_sharing\"],\"url\":\"https:\\\/\\\/radioleinewelle.de\\\/index.php\\\/author\\\/leinewelle\\\/\"}]}<\/script>\n<!-- \/ Yoast SEO plugin. -->","yoast_head_json":{"title":"Ohne F\u00fchrerschein und mit geklautem Pkw zum Raub - Polizei nimmt Tatverd\u00e4chtigen vorl\u00e4ufig fest - Radio Leinewelle","robots":{"index":"index","follow":"follow","max-snippet":"max-snippet:-1","max-image-preview":"max-image-preview:large","max-video-preview":"max-video-preview:-1"},"canonical":"https:\/\/radioleinewelle.de\/index.php\/2021\/02\/17\/ohne-fuehrerschein-und-mit-geklautem-pkw-zum-raub-polizei-nimmt-tatverdaechtigen-vorlaeufig-fest\/","og_locale":"de_DE","og_type":"article","og_title":"Ohne F\u00fchrerschein und mit geklautem Pkw zum Raub - Polizei nimmt Tatverd\u00e4chtigen vorl\u00e4ufig fest - Radio Leinewelle","og_description":"RHUMSPRINGE (mb) &#8211; Nach einem Raub auf einen Supermarkt am Montagabend (15.02.2021) in der Bahnhofstra\u00dfe in Rhumspringe konnte die Polizei den Tatverd\u00e4chtigen in Duderstadt festnehmen.&nbsp; Nach dem gegenw\u00e4rtigen Stand der Ermittlungen betrat der Mann kurz vor Ladenschluss den Supermarkt und begab sich anschlie\u00dfend mit Waren zur Kasse. Unmittelbar vor dem Bezahlvorgang zog er pl\u00f6tzlich ein [&hellip;]","og_url":"https:\/\/radioleinewelle.de\/index.php\/2021\/02\/17\/ohne-fuehrerschein-und-mit-geklautem-pkw-zum-raub-polizei-nimmt-tatverdaechtigen-vorlaeufig-fest\/","og_site_name":"Radio Leinewelle","article_publisher":"https:\/\/www.facebook.com\/radioleinewelle","article_author":"https:\/\/www.facebook.com\/radioleinewelle","article_published_time":"2021-02-17T04:00:00+00:00","author":"Leinewelle","twitter_card":"summary_large_image","twitter_creator":"@https:\/\/twitter.com\/RLeinewelle?ref_src=twsrcgoogletwcampserptwgrauthor","twitter_site":"@RLeinewelle","twitter_misc":{"Verfasst von":"Leinewelle","Gesch\u00e4tzte Lesezeit":"1\u00a0Minute"},"schema":{"@context":"https:\/\/schema.org","@graph":[{"@type":"Article","@id":"https:\/\/radioleinewelle.de\/index.php\/2021\/02\/17\/ohne-fuehrerschein-und-mit-geklautem-pkw-zum-raub-polizei-nimmt-tatverdaechtigen-vorlaeufig-fest\/#article","isPartOf":{"@id":"https:\/\/radioleinewelle.de\/index.php\/2021\/02\/17\/ohne-fuehrerschein-und-mit-geklautem-pkw-zum-raub-polizei-nimmt-tatverdaechtigen-vorlaeufig-fest\/"},"author":{"name":"Leinewelle","@id":"https:\/\/radioleinewelle.de\/#\/schema\/person\/45606f348637df637192dc1b68399a63"},"headline":"Ohne F\u00fchrerschein und mit geklautem Pkw zum Raub &#8211; Polizei nimmt Tatverd\u00e4chtigen vorl\u00e4ufig fest","datePublished":"2021-02-17T04:00:00+00:00","mainEntityOfPage":{"@id":"https:\/\/radioleinewelle.de\/index.php\/2021\/02\/17\/ohne-fuehrerschein-und-mit-geklautem-pkw-zum-raub-polizei-nimmt-tatverdaechtigen-vorlaeufig-fest\/"},"wordCount":258,"publisher":{"@id":"https:\/\/radioleinewelle.de\/#organization"},"articleSection":["Aktuelle Nachrichten"],"inLanguage":"de"},{"@type":"WebPage","@id":"https:\/\/radioleinewelle.de\/index.php\/2021\/02\/17\/ohne-fuehrerschein-und-mit-geklautem-pkw-zum-raub-polizei-nimmt-tatverdaechtigen-vorlaeufig-fest\/","url":"https:\/\/radioleinewelle.de\/index.php\/2021\/02\/17\/ohne-fuehrerschein-und-mit-geklautem-pkw-zum-raub-polizei-nimmt-tatverdaechtigen-vorlaeufig-fest\/","name":"Ohne F\u00fchrerschein und mit geklautem Pkw zum Raub - Polizei nimmt Tatverd\u00e4chtigen vorl\u00e4ufig fest - Radio Leinewelle","isPartOf":{"@id":"https:\/\/radioleinewelle.de\/#website"},"datePublished":"2021-02-17T04:00:00+00:00","breadcrumb":{"@id":"https:\/\/radioleinewelle.de\/index.php\/2021\/02\/17\/ohne-fuehrerschein-und-mit-geklautem-pkw-zum-raub-polizei-nimmt-tatverdaechtigen-vorlaeufig-fest\/#breadcrumb"},"inLanguage":"de","potentialAction":[{"@type":"ReadAction","target":["https:\/\/radioleinewelle.de\/index.php\/2021\/02\/17\/ohne-fuehrerschein-und-mit-geklautem-pkw-zum-raub-polizei-nimmt-tatverdaechtigen-vorlaeufig-fest\/"]}]},{"@type":"BreadcrumbList","@id":"https:\/\/radioleinewelle.de\/index.php\/2021\/02\/17\/ohne-fuehrerschein-und-mit-geklautem-pkw-zum-raub-polizei-nimmt-tatverdaechtigen-vorlaeufig-fest\/#breadcrumb","itemListElement":[{"@type":"ListItem","position":1,"name":"Startseite","item":"https:\/\/radioleinewelle.de\/"},{"@type":"ListItem","position":2,"name":"Ohne F\u00fchrerschein und mit geklautem Pkw zum Raub &#8211; Polizei nimmt Tatverd\u00e4chtigen vorl\u00e4ufig fest"}]},{"@type":"WebSite","@id":"https:\/\/radioleinewelle.de\/#website","url":"https:\/\/radioleinewelle.de\/","name":"Radio Leinewelle","description":"","publisher":{"@id":"https:\/\/radioleinewelle.de\/#organization"},"potentialAction":[{"@type":"SearchAction","target":{"@type":"EntryPoint","urlTemplate":"https:\/\/radioleinewelle.de\/?s={search_term_string}"},"query-input":{"@type":"PropertyValueSpecification","valueRequired":true,"valueName":"search_term_string"}}],"inLanguage":"de"},{"@type":"Organization","@id":"https:\/\/radioleinewelle.de\/#organization","name":"Radio Leinewelle","alternateName":"Mein Radio f\u00fcr S\u00fcdniedersachsen","url":"https:\/\/radioleinewelle.de\/","logo":{"@type":"ImageObject","inLanguage":"de","@id":"https:\/\/radioleinewelle.de\/#\/schema\/logo\/image\/","url":"https:\/\/radioleinewelle.de\/wp-content\/uploads\/2023\/11\/cropped-Leinewelle_Logo_weiss.png","contentUrl":"https:\/\/radioleinewelle.de\/wp-content\/uploads\/2023\/11\/cropped-Leinewelle_Logo_weiss.png","width":854,"height":260,"caption":"Radio Leinewelle"},"image":{"@id":"https:\/\/radioleinewelle.de\/#\/schema\/logo\/image\/"},"sameAs":["https:\/\/www.facebook.com\/radioleinewelle","https:\/\/x.com\/RLeinewelle","https:\/\/www.instagram.com\/radioleinewelle\/?hl=de"]},{"@type":"Person","@id":"https:\/\/radioleinewelle.de\/#\/schema\/person\/45606f348637df637192dc1b68399a63","name":"Leinewelle","image":{"@type":"ImageObject","inLanguage":"de","@id":"https:\/\/secure.gravatar.com\/avatar\/05c9a17bc973052ee5d91549bd32fb4dd0dc85b7b85ae94b2e2b4943476bbea5?s=96&d=blank&r=g","url":"https:\/\/secure.gravatar.com\/avatar\/05c9a17bc973052ee5d91549bd32fb4dd0dc85b7b85ae94b2e2b4943476bbea5?s=96&d=blank&r=g","contentUrl":"https:\/\/secure.gravatar.com\/avatar\/05c9a17bc973052ee5d91549bd32fb4dd0dc85b7b85ae94b2e2b4943476bbea5?s=96&d=blank&r=g","caption":"Leinewelle"},"sameAs":["http:\/\/localhost\/radio%20leinewelle\/wordpress","https:\/\/www.facebook.com\/radioleinewelle","https:\/\/www.instagram.com\/radioleinewelle","https:\/\/x.com\/https:\/\/twitter.com\/RLeinewelle?ref_src=twsrcgoogletwcampserptwgrauthor","https:\/\/soundcloud.com\/foerderverein-lokalradio?utm_source=clipboard&utm_medium=text&utm_campaign=social_sharing"],"url":"https:\/\/radioleinewelle.de\/index.php\/author\/leinewelle\/"}]}},"_links":{"self":[{"href":"https:\/\/radioleinewelle.de\/index.php\/wp-json\/wp\/v2\/posts\/5298","targetHints":{"allow":["GET"]}}],"collection":[{"href":"https:\/\/radioleinewelle.de\/index.php\/wp-json\/wp\/v2\/posts"}],"about":[{"href":"https:\/\/radioleinewelle.de\/index.php\/wp-json\/wp\/v2\/types\/post"}],"author":[{"embeddable":true,"href":"https:\/\/radioleinewelle.de\/index.php\/wp-json\/wp\/v2\/users\/1"}],"replies":[{"embeddable":true,"href":"https:\/\/radioleinewelle.de\/index.php\/wp-json\/wp\/v2\/comments?post=5298"}],"version-history":[{"count":0,"href":"https:\/\/radioleinewelle.de\/index.php\/wp-json\/wp\/v2\/posts\/5298\/revisions"}],"wp:attachment":[{"href":"https:\/\/radioleinewelle.de\/index.php\/wp-json\/wp\/v2\/media?parent=5298"}],"wp:term":[{"taxonomy":"category","embeddable":true,"href":"https:\/\/radioleinewelle.de\/index.php\/wp-json\/wp\/v2\/categories?post=5298"},{"taxonomy":"post_tag","embeddable":true,"href":"https:\/\/radioleinewelle.de\/index.php\/wp-json\/wp\/v2\/tags?post=5298"}],"curies":[{"name":"wp","href":"https:\/\/api.w.org\/{rel}","templated":true}]}}