{"id":5309,"date":"2021-02-17T05:08:00","date_gmt":"2021-02-17T04:08:00","guid":{"rendered":"https:\/\/radioleinewelle.de\/?p=5309"},"modified":"2021-02-17T05:08:00","modified_gmt":"2021-02-17T04:08:00","slug":"neuausrichtung-des-stadt-marketings-in-northeim-buergerinnen-und-buerger-kommen-zu-wort","status":"publish","type":"post","link":"https:\/\/radioleinewelle.de\/index.php\/2021\/02\/17\/neuausrichtung-des-stadt-marketings-in-northeim-buergerinnen-und-buerger-kommen-zu-wort\/","title":{"rendered":"Neuausrichtung des (Stadt-)Marketings in Northeim: B\u00fcrgerinnen und B\u00fcrger kommen zu Wort"},"content":{"rendered":"\n<p>Northeim will sein Stadtmarketing sowie die Touristik und damit das gesamtst\u00e4dtische Marketing neu ausrichten. B\u00fcrgerinnen und B\u00fcrger der Stadt Northeim, G\u00e4ste sowie Einwohnerinnen und Einwohner aus dem Umland haben ab jetzt die Chance, sich \u00fcber eine Befragung zum (Stadt-)Marketing einzubringen. Unter den Teilnehmenden werden 15 Northeimer Stadtgutscheine im Wert von je 20 \u20ac verlost.&nbsp;<a href=\"http:\/\/www.befragung-northeim.de\/\" target=\"_blank\" rel=\"noreferrer noopener\">www.befragung-northeim.de<\/a><\/p>\n\n\n\n<p>Die Stadt Northeim, der Stadtmarketing Northeim e.V. und der Northeim Touristik e.V. haben sich auf den Weg gemacht, das (Stadt-)Marketing Northeim auf ein neues, starkes Fundament zu stellen. Dazu sollen sowohl die inhaltliche Ausrichtung wie auch die Organisations- und Finanzierungsstruktur des Marketings neu aufgestellt und Ziele und Ma\u00dfnahmen \u00fcberarbeitet und klar formuliert werden. Am Ende des Prozesses soll feststehen, wof\u00fcr Northeim steht, welche Ziele das (Stadt-)Marketing zuk\u00fcnftig verfolgt und wer mit welchen personellen und finanziellen Ressourcen die Marketing-Ma\u00dfnahmen umsetzen soll. So soll das (Stadt-)Marketing bef\u00e4higt werden, die Stellung Northeims im Wettbewerb der St\u00e4dte um Einwohner, Unternehmen und G\u00e4ste langfristig zu st\u00e4rken.<\/p>\n\n\n\n<p>Das Kommunalberatungsunternehmen&nbsp;<a href=\"http:\/\/www.cima.de\/\" target=\"_blank\" rel=\"noreferrer noopener\">CIMA Beratung + Management GmbH<\/a>&nbsp;wurde damit beauftragt, die Stadt sowie die beiden Vereine bei der Neuorganisation des (Stadt-)Marketings zu unterst\u00fctzen und ein entsprechendes Konzept zu erarbeiten.<\/p>\n\n\n\n<p>Auch die breite Beteiligung der Northeimerinnen und Northeimern ist Teil des Prozesses. Starten soll der Prozess mit einer B\u00fcrger- und Umlandbefragung: Was macht Northeim besonders? Mit welchem Alleinstellungsmerkmal kann die Stadt punkten? Dies k\u00f6nnen am besten die Northeimerinnen und Northeimer selbst beantworten sowie alle, die im nahen Umfeld der Stadt wohnen. Die Teilnahme ist ab sofort online unter&nbsp;<a href=\"http:\/\/www.befragung-northeim.de\/\" target=\"_blank\" rel=\"noreferrer noopener\">www.befragung-northeim.de<\/a>&nbsp;m\u00f6glich. Die Stadt Northeim, der Stadtmarketing Northeim e.V. und der Northeim Touristik e.V. bedanken sich bereits jetzt f\u00fcr die rege Teilnahme.<\/p>\n\n\n\n<p>Wer mag, kann sich am Ende des Fragebogens auch f\u00fcr die Teilnahme an einer Verlosung von insgesamt 15 Northeimer Stadtgutscheinen im Wert von jeweils 20 \u20ac registrieren. Die Gutscheine werden von der Stadt Northeim, dem Stadtmarketing Northeim e.V. und dem Northeim Touristik e.V. zur Verf\u00fcgung gestellt und k\u00f6nnen bei vielen H\u00e4ndlern, Gastronomen und Dienstleistern in Northeim eingel\u00f6st werden.<\/p>\n\n\n\n<p>Neben der Befragung sind zudem Gespr\u00e4che und ein Workshop mit Akteuren der Stadt Northeim aus Verwaltung, Politik, Tourismus, Kultur und Wirtschaft geplant. Der Stadtmarketingprozess soll im Sommer 2021 abgeschlossen werden.<\/p>\n\n\n\n<p>Informationen zur CIMA Beratung &amp; Management GmbH<\/p>\n\n\n\n<p>Die CIMA Beratung + Management GmbH ist ein interdisziplin\u00e4res Team von Experten mit langj\u00e4hriger Beratungserfahrung im gewerblichen, kommunalen und regionalen Marketing mit Sitz in M\u00fcnchen, Stuttgart, Forchheim, K\u00f6ln, Leipzig, L\u00fcbeck, Hannover, Berlin und Ried (A). Die cima geh\u00f6rt zu den renommiertesten Beratungsgesellschaften f\u00fcr Einzelhandels- und Standortentwicklung und Marketing im \u00f6ffentlichen Sektor in Deutschland und \u00d6sterreich. Mehr Informationen finden Sie unter&nbsp;<a href=\"\/Users\/Unger\/AppData\/Local\/Microsoft\/Windows\/INetCache\/Content.Outlook\/I4EZ1AYX\/www.cima.de\" target=\"_blank\" rel=\"noreferrer noopener\">www.cima.de<\/a>.<\/p>\n","protected":false},"excerpt":{"rendered":"<p>Northeim will sein Stadtmarketing sowie die Touristik und damit das gesamtst\u00e4dtische Marketing neu ausrichten. B\u00fcrgerinnen und B\u00fcrger der Stadt Northeim, G\u00e4ste sowie Einwohnerinnen und Einwohner aus dem Umland haben ab jetzt die Chance, sich \u00fcber eine Befragung zum (Stadt-)Marketing einzubringen. Unter den Teilnehmenden werden 15 Northeimer Stadtgutscheine im Wert von je 20 \u20ac verlost.&nbsp;www.befragung-northeim.de Die [&hellip;]<\/p>\n","protected":false},"author":1,"featured_media":0,"comment_status":"closed","ping_status":"closed","sticky":false,"template":"","format":"standard","meta":{"saved_in_kubio":false,"footnotes":""},"categories":[38],"tags":[],"class_list":["post-5309","post","type-post","status-publish","format-standard","hentry","category-wirtschaft"],"yoast_head":"<!-- This site is optimized with the Yoast SEO plugin v27.5 - https:\/\/yoast.com\/product\/yoast-seo-wordpress\/ -->\n<title>Neuausrichtung des (Stadt-)Marketings in Northeim: B\u00fcrgerinnen und B\u00fcrger kommen zu Wort - Radio Leinewelle<\/title>\n<meta name=\"robots\" content=\"index, follow, max-snippet:-1, max-image-preview:large, max-video-preview:-1\" \/>\n<link rel=\"canonical\" href=\"https:\/\/radioleinewelle.de\/index.php\/2021\/02\/17\/neuausrichtung-des-stadt-marketings-in-northeim-buergerinnen-und-buerger-kommen-zu-wort\/\" \/>\n<meta property=\"og:locale\" content=\"de_DE\" \/>\n<meta property=\"og:type\" content=\"article\" \/>\n<meta property=\"og:title\" content=\"Neuausrichtung des (Stadt-)Marketings in Northeim: B\u00fcrgerinnen und B\u00fcrger kommen zu Wort - Radio Leinewelle\" \/>\n<meta property=\"og:description\" content=\"Northeim will sein Stadtmarketing sowie die Touristik und damit das gesamtst\u00e4dtische Marketing neu ausrichten. B\u00fcrgerinnen und B\u00fcrger der Stadt Northeim, G\u00e4ste sowie Einwohnerinnen und Einwohner aus dem Umland haben ab jetzt die Chance, sich \u00fcber eine Befragung zum (Stadt-)Marketing einzubringen. Unter den Teilnehmenden werden 15 Northeimer Stadtgutscheine im Wert von je 20 \u20ac verlost.&nbsp;www.befragung-northeim.de Die [&hellip;]\" \/>\n<meta property=\"og:url\" content=\"https:\/\/radioleinewelle.de\/index.php\/2021\/02\/17\/neuausrichtung-des-stadt-marketings-in-northeim-buergerinnen-und-buerger-kommen-zu-wort\/\" \/>\n<meta property=\"og:site_name\" content=\"Radio Leinewelle\" \/>\n<meta property=\"article:publisher\" content=\"https:\/\/www.facebook.com\/radioleinewelle\" \/>\n<meta property=\"article:author\" content=\"https:\/\/www.facebook.com\/radioleinewelle\" \/>\n<meta property=\"article:published_time\" content=\"2021-02-17T04:08:00+00:00\" \/>\n<meta name=\"author\" content=\"Leinewelle\" \/>\n<meta name=\"twitter:card\" content=\"summary_large_image\" \/>\n<meta name=\"twitter:creator\" content=\"@https:\/\/twitter.com\/RLeinewelle?ref_src=twsrcgoogletwcampserptwgrauthor\" \/>\n<meta name=\"twitter:site\" content=\"@RLeinewelle\" \/>\n<meta name=\"twitter:label1\" content=\"Verfasst von\" \/>\n\t<meta name=\"twitter:data1\" content=\"Leinewelle\" \/>\n\t<meta name=\"twitter:label2\" content=\"Gesch\u00e4tzte Lesezeit\" \/>\n\t<meta name=\"twitter:data2\" content=\"2\u00a0Minuten\" \/>\n<script type=\"application\/ld+json\" class=\"yoast-schema-graph\">{\"@context\":\"https:\\\/\\\/schema.org\",\"@graph\":[{\"@type\":\"Article\",\"@id\":\"https:\\\/\\\/radioleinewelle.de\\\/index.php\\\/2021\\\/02\\\/17\\\/neuausrichtung-des-stadt-marketings-in-northeim-buergerinnen-und-buerger-kommen-zu-wort\\\/#article\",\"isPartOf\":{\"@id\":\"https:\\\/\\\/radioleinewelle.de\\\/index.php\\\/2021\\\/02\\\/17\\\/neuausrichtung-des-stadt-marketings-in-northeim-buergerinnen-und-buerger-kommen-zu-wort\\\/\"},\"author\":{\"name\":\"Leinewelle\",\"@id\":\"https:\\\/\\\/radioleinewelle.de\\\/#\\\/schema\\\/person\\\/45606f348637df637192dc1b68399a63\"},\"headline\":\"Neuausrichtung des (Stadt-)Marketings in Northeim: B\u00fcrgerinnen und B\u00fcrger kommen zu Wort\",\"datePublished\":\"2021-02-17T04:08:00+00:00\",\"mainEntityOfPage\":{\"@id\":\"https:\\\/\\\/radioleinewelle.de\\\/index.php\\\/2021\\\/02\\\/17\\\/neuausrichtung-des-stadt-marketings-in-northeim-buergerinnen-und-buerger-kommen-zu-wort\\\/\"},\"wordCount\":479,\"publisher\":{\"@id\":\"https:\\\/\\\/radioleinewelle.de\\\/#organization\"},\"articleSection\":[\"Wirtschaft\"],\"inLanguage\":\"de\"},{\"@type\":\"WebPage\",\"@id\":\"https:\\\/\\\/radioleinewelle.de\\\/index.php\\\/2021\\\/02\\\/17\\\/neuausrichtung-des-stadt-marketings-in-northeim-buergerinnen-und-buerger-kommen-zu-wort\\\/\",\"url\":\"https:\\\/\\\/radioleinewelle.de\\\/index.php\\\/2021\\\/02\\\/17\\\/neuausrichtung-des-stadt-marketings-in-northeim-buergerinnen-und-buerger-kommen-zu-wort\\\/\",\"name\":\"Neuausrichtung des (Stadt-)Marketings in Northeim: B\u00fcrgerinnen und B\u00fcrger kommen zu Wort - Radio Leinewelle\",\"isPartOf\":{\"@id\":\"https:\\\/\\\/radioleinewelle.de\\\/#website\"},\"datePublished\":\"2021-02-17T04:08:00+00:00\",\"breadcrumb\":{\"@id\":\"https:\\\/\\\/radioleinewelle.de\\\/index.php\\\/2021\\\/02\\\/17\\\/neuausrichtung-des-stadt-marketings-in-northeim-buergerinnen-und-buerger-kommen-zu-wort\\\/#breadcrumb\"},\"inLanguage\":\"de\",\"potentialAction\":[{\"@type\":\"ReadAction\",\"target\":[\"https:\\\/\\\/radioleinewelle.de\\\/index.php\\\/2021\\\/02\\\/17\\\/neuausrichtung-des-stadt-marketings-in-northeim-buergerinnen-und-buerger-kommen-zu-wort\\\/\"]}]},{\"@type\":\"BreadcrumbList\",\"@id\":\"https:\\\/\\\/radioleinewelle.de\\\/index.php\\\/2021\\\/02\\\/17\\\/neuausrichtung-des-stadt-marketings-in-northeim-buergerinnen-und-buerger-kommen-zu-wort\\\/#breadcrumb\",\"itemListElement\":[{\"@type\":\"ListItem\",\"position\":1,\"name\":\"Startseite\",\"item\":\"https:\\\/\\\/radioleinewelle.de\\\/\"},{\"@type\":\"ListItem\",\"position\":2,\"name\":\"Neuausrichtung des (Stadt-)Marketings in Northeim: B\u00fcrgerinnen und B\u00fcrger kommen zu Wort\"}]},{\"@type\":\"WebSite\",\"@id\":\"https:\\\/\\\/radioleinewelle.de\\\/#website\",\"url\":\"https:\\\/\\\/radioleinewelle.de\\\/\",\"name\":\"Radio Leinewelle\",\"description\":\"\",\"publisher\":{\"@id\":\"https:\\\/\\\/radioleinewelle.de\\\/#organization\"},\"potentialAction\":[{\"@type\":\"SearchAction\",\"target\":{\"@type\":\"EntryPoint\",\"urlTemplate\":\"https:\\\/\\\/radioleinewelle.de\\\/?s={search_term_string}\"},\"query-input\":{\"@type\":\"PropertyValueSpecification\",\"valueRequired\":true,\"valueName\":\"search_term_string\"}}],\"inLanguage\":\"de\"},{\"@type\":\"Organization\",\"@id\":\"https:\\\/\\\/radioleinewelle.de\\\/#organization\",\"name\":\"Radio Leinewelle\",\"alternateName\":\"Mein Radio f\u00fcr S\u00fcdniedersachsen\",\"url\":\"https:\\\/\\\/radioleinewelle.de\\\/\",\"logo\":{\"@type\":\"ImageObject\",\"inLanguage\":\"de\",\"@id\":\"https:\\\/\\\/radioleinewelle.de\\\/#\\\/schema\\\/logo\\\/image\\\/\",\"url\":\"https:\\\/\\\/radioleinewelle.de\\\/wp-content\\\/uploads\\\/2023\\\/11\\\/cropped-Leinewelle_Logo_weiss.png\",\"contentUrl\":\"https:\\\/\\\/radioleinewelle.de\\\/wp-content\\\/uploads\\\/2023\\\/11\\\/cropped-Leinewelle_Logo_weiss.png\",\"width\":854,\"height\":260,\"caption\":\"Radio Leinewelle\"},\"image\":{\"@id\":\"https:\\\/\\\/radioleinewelle.de\\\/#\\\/schema\\\/logo\\\/image\\\/\"},\"sameAs\":[\"https:\\\/\\\/www.facebook.com\\\/radioleinewelle\",\"https:\\\/\\\/x.com\\\/RLeinewelle\",\"https:\\\/\\\/www.instagram.com\\\/radioleinewelle\\\/?hl=de\"]},{\"@type\":\"Person\",\"@id\":\"https:\\\/\\\/radioleinewelle.de\\\/#\\\/schema\\\/person\\\/45606f348637df637192dc1b68399a63\",\"name\":\"Leinewelle\",\"image\":{\"@type\":\"ImageObject\",\"inLanguage\":\"de\",\"@id\":\"https:\\\/\\\/secure.gravatar.com\\\/avatar\\\/05c9a17bc973052ee5d91549bd32fb4dd0dc85b7b85ae94b2e2b4943476bbea5?s=96&d=blank&r=g\",\"url\":\"https:\\\/\\\/secure.gravatar.com\\\/avatar\\\/05c9a17bc973052ee5d91549bd32fb4dd0dc85b7b85ae94b2e2b4943476bbea5?s=96&d=blank&r=g\",\"contentUrl\":\"https:\\\/\\\/secure.gravatar.com\\\/avatar\\\/05c9a17bc973052ee5d91549bd32fb4dd0dc85b7b85ae94b2e2b4943476bbea5?s=96&d=blank&r=g\",\"caption\":\"Leinewelle\"},\"sameAs\":[\"http:\\\/\\\/localhost\\\/radio%20leinewelle\\\/wordpress\",\"https:\\\/\\\/www.facebook.com\\\/radioleinewelle\",\"https:\\\/\\\/www.instagram.com\\\/radioleinewelle\",\"https:\\\/\\\/x.com\\\/https:\\\/\\\/twitter.com\\\/RLeinewelle?ref_src=twsrcgoogletwcampserptwgrauthor\",\"https:\\\/\\\/soundcloud.com\\\/foerderverein-lokalradio?utm_source=clipboard&utm_medium=text&utm_campaign=social_sharing\"],\"url\":\"https:\\\/\\\/radioleinewelle.de\\\/index.php\\\/author\\\/leinewelle\\\/\"}]}<\/script>\n<!-- \/ Yoast SEO plugin. -->","yoast_head_json":{"title":"Neuausrichtung des (Stadt-)Marketings in Northeim: B\u00fcrgerinnen und B\u00fcrger kommen zu Wort - Radio Leinewelle","robots":{"index":"index","follow":"follow","max-snippet":"max-snippet:-1","max-image-preview":"max-image-preview:large","max-video-preview":"max-video-preview:-1"},"canonical":"https:\/\/radioleinewelle.de\/index.php\/2021\/02\/17\/neuausrichtung-des-stadt-marketings-in-northeim-buergerinnen-und-buerger-kommen-zu-wort\/","og_locale":"de_DE","og_type":"article","og_title":"Neuausrichtung des (Stadt-)Marketings in Northeim: B\u00fcrgerinnen und B\u00fcrger kommen zu Wort - Radio Leinewelle","og_description":"Northeim will sein Stadtmarketing sowie die Touristik und damit das gesamtst\u00e4dtische Marketing neu ausrichten. B\u00fcrgerinnen und B\u00fcrger der Stadt Northeim, G\u00e4ste sowie Einwohnerinnen und Einwohner aus dem Umland haben ab jetzt die Chance, sich \u00fcber eine Befragung zum (Stadt-)Marketing einzubringen. Unter den Teilnehmenden werden 15 Northeimer Stadtgutscheine im Wert von je 20 \u20ac verlost.&nbsp;www.befragung-northeim.de Die [&hellip;]","og_url":"https:\/\/radioleinewelle.de\/index.php\/2021\/02\/17\/neuausrichtung-des-stadt-marketings-in-northeim-buergerinnen-und-buerger-kommen-zu-wort\/","og_site_name":"Radio Leinewelle","article_publisher":"https:\/\/www.facebook.com\/radioleinewelle","article_author":"https:\/\/www.facebook.com\/radioleinewelle","article_published_time":"2021-02-17T04:08:00+00:00","author":"Leinewelle","twitter_card":"summary_large_image","twitter_creator":"@https:\/\/twitter.com\/RLeinewelle?ref_src=twsrcgoogletwcampserptwgrauthor","twitter_site":"@RLeinewelle","twitter_misc":{"Verfasst von":"Leinewelle","Gesch\u00e4tzte Lesezeit":"2\u00a0Minuten"},"schema":{"@context":"https:\/\/schema.org","@graph":[{"@type":"Article","@id":"https:\/\/radioleinewelle.de\/index.php\/2021\/02\/17\/neuausrichtung-des-stadt-marketings-in-northeim-buergerinnen-und-buerger-kommen-zu-wort\/#article","isPartOf":{"@id":"https:\/\/radioleinewelle.de\/index.php\/2021\/02\/17\/neuausrichtung-des-stadt-marketings-in-northeim-buergerinnen-und-buerger-kommen-zu-wort\/"},"author":{"name":"Leinewelle","@id":"https:\/\/radioleinewelle.de\/#\/schema\/person\/45606f348637df637192dc1b68399a63"},"headline":"Neuausrichtung des (Stadt-)Marketings in Northeim: B\u00fcrgerinnen und B\u00fcrger kommen zu Wort","datePublished":"2021-02-17T04:08:00+00:00","mainEntityOfPage":{"@id":"https:\/\/radioleinewelle.de\/index.php\/2021\/02\/17\/neuausrichtung-des-stadt-marketings-in-northeim-buergerinnen-und-buerger-kommen-zu-wort\/"},"wordCount":479,"publisher":{"@id":"https:\/\/radioleinewelle.de\/#organization"},"articleSection":["Wirtschaft"],"inLanguage":"de"},{"@type":"WebPage","@id":"https:\/\/radioleinewelle.de\/index.php\/2021\/02\/17\/neuausrichtung-des-stadt-marketings-in-northeim-buergerinnen-und-buerger-kommen-zu-wort\/","url":"https:\/\/radioleinewelle.de\/index.php\/2021\/02\/17\/neuausrichtung-des-stadt-marketings-in-northeim-buergerinnen-und-buerger-kommen-zu-wort\/","name":"Neuausrichtung des (Stadt-)Marketings in Northeim: B\u00fcrgerinnen und B\u00fcrger kommen zu Wort - Radio Leinewelle","isPartOf":{"@id":"https:\/\/radioleinewelle.de\/#website"},"datePublished":"2021-02-17T04:08:00+00:00","breadcrumb":{"@id":"https:\/\/radioleinewelle.de\/index.php\/2021\/02\/17\/neuausrichtung-des-stadt-marketings-in-northeim-buergerinnen-und-buerger-kommen-zu-wort\/#breadcrumb"},"inLanguage":"de","potentialAction":[{"@type":"ReadAction","target":["https:\/\/radioleinewelle.de\/index.php\/2021\/02\/17\/neuausrichtung-des-stadt-marketings-in-northeim-buergerinnen-und-buerger-kommen-zu-wort\/"]}]},{"@type":"BreadcrumbList","@id":"https:\/\/radioleinewelle.de\/index.php\/2021\/02\/17\/neuausrichtung-des-stadt-marketings-in-northeim-buergerinnen-und-buerger-kommen-zu-wort\/#breadcrumb","itemListElement":[{"@type":"ListItem","position":1,"name":"Startseite","item":"https:\/\/radioleinewelle.de\/"},{"@type":"ListItem","position":2,"name":"Neuausrichtung des (Stadt-)Marketings in Northeim: B\u00fcrgerinnen und B\u00fcrger kommen zu Wort"}]},{"@type":"WebSite","@id":"https:\/\/radioleinewelle.de\/#website","url":"https:\/\/radioleinewelle.de\/","name":"Radio Leinewelle","description":"","publisher":{"@id":"https:\/\/radioleinewelle.de\/#organization"},"potentialAction":[{"@type":"SearchAction","target":{"@type":"EntryPoint","urlTemplate":"https:\/\/radioleinewelle.de\/?s={search_term_string}"},"query-input":{"@type":"PropertyValueSpecification","valueRequired":true,"valueName":"search_term_string"}}],"inLanguage":"de"},{"@type":"Organization","@id":"https:\/\/radioleinewelle.de\/#organization","name":"Radio Leinewelle","alternateName":"Mein Radio f\u00fcr S\u00fcdniedersachsen","url":"https:\/\/radioleinewelle.de\/","logo":{"@type":"ImageObject","inLanguage":"de","@id":"https:\/\/radioleinewelle.de\/#\/schema\/logo\/image\/","url":"https:\/\/radioleinewelle.de\/wp-content\/uploads\/2023\/11\/cropped-Leinewelle_Logo_weiss.png","contentUrl":"https:\/\/radioleinewelle.de\/wp-content\/uploads\/2023\/11\/cropped-Leinewelle_Logo_weiss.png","width":854,"height":260,"caption":"Radio Leinewelle"},"image":{"@id":"https:\/\/radioleinewelle.de\/#\/schema\/logo\/image\/"},"sameAs":["https:\/\/www.facebook.com\/radioleinewelle","https:\/\/x.com\/RLeinewelle","https:\/\/www.instagram.com\/radioleinewelle\/?hl=de"]},{"@type":"Person","@id":"https:\/\/radioleinewelle.de\/#\/schema\/person\/45606f348637df637192dc1b68399a63","name":"Leinewelle","image":{"@type":"ImageObject","inLanguage":"de","@id":"https:\/\/secure.gravatar.com\/avatar\/05c9a17bc973052ee5d91549bd32fb4dd0dc85b7b85ae94b2e2b4943476bbea5?s=96&d=blank&r=g","url":"https:\/\/secure.gravatar.com\/avatar\/05c9a17bc973052ee5d91549bd32fb4dd0dc85b7b85ae94b2e2b4943476bbea5?s=96&d=blank&r=g","contentUrl":"https:\/\/secure.gravatar.com\/avatar\/05c9a17bc973052ee5d91549bd32fb4dd0dc85b7b85ae94b2e2b4943476bbea5?s=96&d=blank&r=g","caption":"Leinewelle"},"sameAs":["http:\/\/localhost\/radio%20leinewelle\/wordpress","https:\/\/www.facebook.com\/radioleinewelle","https:\/\/www.instagram.com\/radioleinewelle","https:\/\/x.com\/https:\/\/twitter.com\/RLeinewelle?ref_src=twsrcgoogletwcampserptwgrauthor","https:\/\/soundcloud.com\/foerderverein-lokalradio?utm_source=clipboard&utm_medium=text&utm_campaign=social_sharing"],"url":"https:\/\/radioleinewelle.de\/index.php\/author\/leinewelle\/"}]}},"_links":{"self":[{"href":"https:\/\/radioleinewelle.de\/index.php\/wp-json\/wp\/v2\/posts\/5309","targetHints":{"allow":["GET"]}}],"collection":[{"href":"https:\/\/radioleinewelle.de\/index.php\/wp-json\/wp\/v2\/posts"}],"about":[{"href":"https:\/\/radioleinewelle.de\/index.php\/wp-json\/wp\/v2\/types\/post"}],"author":[{"embeddable":true,"href":"https:\/\/radioleinewelle.de\/index.php\/wp-json\/wp\/v2\/users\/1"}],"replies":[{"embeddable":true,"href":"https:\/\/radioleinewelle.de\/index.php\/wp-json\/wp\/v2\/comments?post=5309"}],"version-history":[{"count":0,"href":"https:\/\/radioleinewelle.de\/index.php\/wp-json\/wp\/v2\/posts\/5309\/revisions"}],"wp:attachment":[{"href":"https:\/\/radioleinewelle.de\/index.php\/wp-json\/wp\/v2\/media?parent=5309"}],"wp:term":[{"taxonomy":"category","embeddable":true,"href":"https:\/\/radioleinewelle.de\/index.php\/wp-json\/wp\/v2\/categories?post=5309"},{"taxonomy":"post_tag","embeddable":true,"href":"https:\/\/radioleinewelle.de\/index.php\/wp-json\/wp\/v2\/tags?post=5309"}],"curies":[{"name":"wp","href":"https:\/\/api.w.org\/{rel}","templated":true}]}}