{"id":5332,"date":"2021-02-18T05:00:00","date_gmt":"2021-02-18T04:00:00","guid":{"rendered":"https:\/\/radioleinewelle.de\/?p=5332"},"modified":"2021-02-18T05:00:00","modified_gmt":"2021-02-18T04:00:00","slug":"direktflug-aus-lesbos-bereits-als-schutzberechtigt-anerkannte-landen-erneut-in-hannover","status":"publish","type":"post","link":"https:\/\/radioleinewelle.de\/index.php\/2021\/02\/18\/direktflug-aus-lesbos-bereits-als-schutzberechtigt-anerkannte-landen-erneut-in-hannover\/","title":{"rendered":"Direktflug aus Lesbos: Bereits als schutzberechtigt Anerkannte landen erneut in Hannover"},"content":{"rendered":"\n<p>Gestern landeten erneut Gefl\u00fcchtete aus Griechenland in Hannover-Langenhagen. An Bord der Maschine, die erstmals direkt von der Insel Lesbos gestartet war, waren insgesamt 116 M\u00e4nner, Frauen und Kinder, die bereits in Griechenland internationalen Schutz zuerkannt bekommen haben. Sie werden in den n\u00e4chsten Wochen zun\u00e4chst zentral im Grenzdurchgangslager Friedland der Landesaufnahmebeh\u00f6rde Niedersachsen aufgenommen, bevor sie auf mehrere Bundesl\u00e4nder verteilt werden. In Niedersachsen finden davon 20 Personen aus Afghanistan und dem Irak ihr neues Zuhause.<\/p>\n\n\n\n<p>\u201eAngesichts der nach wie vor prek\u00e4ren Lage insbesondere auf Lesbos ist diese Aufnahme aus Griechenland wichtig und richtig. Bei diesen eisigen Temperaturen in provisorischen Lagern auszuharren, ist keinem zuzumuten\u201c, so Niedersachsens Innenminister Boris Pistorius. \u201eIch danke allen beteiligten Beh\u00f6rden von Bund und L\u00e4ndern f\u00fcr das inzwischen sehr gut eingespielte Engagement.\u201c<\/p>\n\n\n\n<p>Nach dem Brand des Fl\u00fcchtlingslagers Moria auf der griechischen Insel Lesbos im Herbst vergangenen Jahres hatte die Bundesregierung zugesagt, 1553 bereits in Griechenland als schutzberechtigt anerkannte Fl\u00fcchtlinge in Deutschland aufzunehmen. Niedersachsen wird nach einem zwischen Bund und L\u00e4ndern abgestimmten Verteilkonzept insgesamt 209 Personen aus diesem Kontingent aufnehmen, die dann auf nieders\u00e4chsische Kommunen aufgeteilt werden.<\/p>\n\n\n\n<p>Seit dem Fr\u00fchjahr 2020 hatte Deutschland in enger Absprache mit den Bundesl\u00e4ndern sowie den internationalen und europ\u00e4ischen Institutionen (IOM, UNHCR, EASO) unbegleitete Minderj\u00e4hrige, dann behandlungsbed\u00fcrftige Kinder mit ihren Familienangeh\u00f6rigen aus dem griechischen Fl\u00fcchtlingslagern nach Deutschland ausgeflogen, damit diese hier ihr Asylverfahren durchlaufen k\u00f6nnen. Zentraler Ausgangspunkt hierf\u00fcr ist ein Besuch der Insel Lesbos und dortigen Fl\u00fcchtlingslagers von Minister Pistorius im Herbst 2019. Seitdem setzt sich der Nieders\u00e4chsische Innenminister insbesondere f\u00fcr die Aufnahme besonders schutzbed\u00fcrftiger Kinder ein. Im M\u00e4rz 2020 hatte dann die Bundesregierung beschlossen, sich im Rahmen einer europ\u00e4ischen Koalition bei der Aufnahme von Fl\u00fcchtlingskindern von den griechischen Inseln zu engagieren.<\/p>\n\n\n\n<p>Bild von&nbsp;<a href=\"https:\/\/pixabay.com\/de\/users\/ajel-676477\/?utm_source=link-attribution&amp;utm_medium=referral&amp;utm_campaign=image&amp;utm_content=941942\">Edward Lich<\/a>&nbsp;auf&nbsp;<a href=\"https:\/\/pixabay.com\/de\/?utm_source=link-attribution&amp;utm_medium=referral&amp;utm_campaign=image&amp;utm_content=941942\">Pixabay<\/a><\/p>\n\n\n\n<p>Nach dem Brand von Moria hatte die Bundesregierung entschieden, in einem dritten Schritt ein Kontingent von bereits in Griechenland als schutzbed\u00fcrftig anerkannten Personen in Deutschland aufnehmen. Anders als bei den unbegleiteten Minderj\u00e4hrigen und den behandlungsbed\u00fcrftigen Kindern mit ihren Familienangeh\u00f6rigen sind hier die Asylverfahren bereits abgeschlossen und die Personen erhalten unmittelbar eine Aufenthaltserlaubnis.<\/p>\n","protected":false},"excerpt":{"rendered":"<p>Gestern landeten erneut Gefl\u00fcchtete aus Griechenland in Hannover-Langenhagen. An Bord der Maschine, die erstmals direkt von der Insel Lesbos gestartet war, waren insgesamt 116 M\u00e4nner, Frauen und Kinder, die bereits in Griechenland internationalen Schutz zuerkannt bekommen haben. Sie werden in den n\u00e4chsten Wochen zun\u00e4chst zentral im Grenzdurchgangslager Friedland der Landesaufnahmebeh\u00f6rde Niedersachsen aufgenommen, bevor sie auf [&hellip;]<\/p>\n","protected":false},"author":1,"featured_media":0,"comment_status":"closed","ping_status":"closed","sticky":false,"template":"","format":"standard","meta":{"saved_in_kubio":false,"footnotes":""},"categories":[43],"tags":[],"class_list":["post-5332","post","type-post","status-publish","format-standard","hentry","category-migration"],"yoast_head":"<!-- This site is optimized with the Yoast SEO plugin v27.5 - https:\/\/yoast.com\/product\/yoast-seo-wordpress\/ -->\n<title>Direktflug aus Lesbos: Bereits als schutzberechtigt Anerkannte landen erneut in Hannover - Radio Leinewelle<\/title>\n<meta name=\"robots\" content=\"index, follow, max-snippet:-1, max-image-preview:large, max-video-preview:-1\" \/>\n<link rel=\"canonical\" href=\"https:\/\/radioleinewelle.de\/index.php\/2021\/02\/18\/direktflug-aus-lesbos-bereits-als-schutzberechtigt-anerkannte-landen-erneut-in-hannover\/\" \/>\n<meta property=\"og:locale\" content=\"de_DE\" \/>\n<meta property=\"og:type\" content=\"article\" \/>\n<meta property=\"og:title\" content=\"Direktflug aus Lesbos: Bereits als schutzberechtigt Anerkannte landen erneut in Hannover - Radio Leinewelle\" \/>\n<meta property=\"og:description\" content=\"Gestern landeten erneut Gefl\u00fcchtete aus Griechenland in Hannover-Langenhagen. An Bord der Maschine, die erstmals direkt von der Insel Lesbos gestartet war, waren insgesamt 116 M\u00e4nner, Frauen und Kinder, die bereits in Griechenland internationalen Schutz zuerkannt bekommen haben. Sie werden in den n\u00e4chsten Wochen zun\u00e4chst zentral im Grenzdurchgangslager Friedland der Landesaufnahmebeh\u00f6rde Niedersachsen aufgenommen, bevor sie auf [&hellip;]\" \/>\n<meta property=\"og:url\" content=\"https:\/\/radioleinewelle.de\/index.php\/2021\/02\/18\/direktflug-aus-lesbos-bereits-als-schutzberechtigt-anerkannte-landen-erneut-in-hannover\/\" \/>\n<meta property=\"og:site_name\" content=\"Radio Leinewelle\" \/>\n<meta property=\"article:publisher\" content=\"https:\/\/www.facebook.com\/radioleinewelle\" \/>\n<meta property=\"article:author\" content=\"https:\/\/www.facebook.com\/radioleinewelle\" \/>\n<meta property=\"article:published_time\" content=\"2021-02-18T04:00:00+00:00\" \/>\n<meta name=\"author\" content=\"Leinewelle\" \/>\n<meta name=\"twitter:card\" content=\"summary_large_image\" \/>\n<meta name=\"twitter:creator\" content=\"@https:\/\/twitter.com\/RLeinewelle?ref_src=twsrcgoogletwcampserptwgrauthor\" \/>\n<meta name=\"twitter:site\" content=\"@RLeinewelle\" \/>\n<meta name=\"twitter:label1\" content=\"Verfasst von\" \/>\n\t<meta name=\"twitter:data1\" content=\"Leinewelle\" \/>\n\t<meta name=\"twitter:label2\" content=\"Gesch\u00e4tzte Lesezeit\" \/>\n\t<meta name=\"twitter:data2\" content=\"2\u00a0Minuten\" \/>\n<script type=\"application\/ld+json\" class=\"yoast-schema-graph\">{\"@context\":\"https:\\\/\\\/schema.org\",\"@graph\":[{\"@type\":\"Article\",\"@id\":\"https:\\\/\\\/radioleinewelle.de\\\/index.php\\\/2021\\\/02\\\/18\\\/direktflug-aus-lesbos-bereits-als-schutzberechtigt-anerkannte-landen-erneut-in-hannover\\\/#article\",\"isPartOf\":{\"@id\":\"https:\\\/\\\/radioleinewelle.de\\\/index.php\\\/2021\\\/02\\\/18\\\/direktflug-aus-lesbos-bereits-als-schutzberechtigt-anerkannte-landen-erneut-in-hannover\\\/\"},\"author\":{\"name\":\"Leinewelle\",\"@id\":\"https:\\\/\\\/radioleinewelle.de\\\/#\\\/schema\\\/person\\\/45606f348637df637192dc1b68399a63\"},\"headline\":\"Direktflug aus Lesbos: Bereits als schutzberechtigt Anerkannte landen erneut in Hannover\",\"datePublished\":\"2021-02-18T04:00:00+00:00\",\"mainEntityOfPage\":{\"@id\":\"https:\\\/\\\/radioleinewelle.de\\\/index.php\\\/2021\\\/02\\\/18\\\/direktflug-aus-lesbos-bereits-als-schutzberechtigt-anerkannte-landen-erneut-in-hannover\\\/\"},\"wordCount\":376,\"publisher\":{\"@id\":\"https:\\\/\\\/radioleinewelle.de\\\/#organization\"},\"articleSection\":[\"Migration\"],\"inLanguage\":\"de\"},{\"@type\":\"WebPage\",\"@id\":\"https:\\\/\\\/radioleinewelle.de\\\/index.php\\\/2021\\\/02\\\/18\\\/direktflug-aus-lesbos-bereits-als-schutzberechtigt-anerkannte-landen-erneut-in-hannover\\\/\",\"url\":\"https:\\\/\\\/radioleinewelle.de\\\/index.php\\\/2021\\\/02\\\/18\\\/direktflug-aus-lesbos-bereits-als-schutzberechtigt-anerkannte-landen-erneut-in-hannover\\\/\",\"name\":\"Direktflug aus Lesbos: Bereits als schutzberechtigt Anerkannte landen erneut in Hannover - Radio Leinewelle\",\"isPartOf\":{\"@id\":\"https:\\\/\\\/radioleinewelle.de\\\/#website\"},\"datePublished\":\"2021-02-18T04:00:00+00:00\",\"breadcrumb\":{\"@id\":\"https:\\\/\\\/radioleinewelle.de\\\/index.php\\\/2021\\\/02\\\/18\\\/direktflug-aus-lesbos-bereits-als-schutzberechtigt-anerkannte-landen-erneut-in-hannover\\\/#breadcrumb\"},\"inLanguage\":\"de\",\"potentialAction\":[{\"@type\":\"ReadAction\",\"target\":[\"https:\\\/\\\/radioleinewelle.de\\\/index.php\\\/2021\\\/02\\\/18\\\/direktflug-aus-lesbos-bereits-als-schutzberechtigt-anerkannte-landen-erneut-in-hannover\\\/\"]}]},{\"@type\":\"BreadcrumbList\",\"@id\":\"https:\\\/\\\/radioleinewelle.de\\\/index.php\\\/2021\\\/02\\\/18\\\/direktflug-aus-lesbos-bereits-als-schutzberechtigt-anerkannte-landen-erneut-in-hannover\\\/#breadcrumb\",\"itemListElement\":[{\"@type\":\"ListItem\",\"position\":1,\"name\":\"Startseite\",\"item\":\"https:\\\/\\\/radioleinewelle.de\\\/\"},{\"@type\":\"ListItem\",\"position\":2,\"name\":\"Direktflug aus Lesbos: Bereits als schutzberechtigt Anerkannte landen erneut in Hannover\"}]},{\"@type\":\"WebSite\",\"@id\":\"https:\\\/\\\/radioleinewelle.de\\\/#website\",\"url\":\"https:\\\/\\\/radioleinewelle.de\\\/\",\"name\":\"Radio Leinewelle\",\"description\":\"\",\"publisher\":{\"@id\":\"https:\\\/\\\/radioleinewelle.de\\\/#organization\"},\"potentialAction\":[{\"@type\":\"SearchAction\",\"target\":{\"@type\":\"EntryPoint\",\"urlTemplate\":\"https:\\\/\\\/radioleinewelle.de\\\/?s={search_term_string}\"},\"query-input\":{\"@type\":\"PropertyValueSpecification\",\"valueRequired\":true,\"valueName\":\"search_term_string\"}}],\"inLanguage\":\"de\"},{\"@type\":\"Organization\",\"@id\":\"https:\\\/\\\/radioleinewelle.de\\\/#organization\",\"name\":\"Radio Leinewelle\",\"alternateName\":\"Mein Radio f\u00fcr S\u00fcdniedersachsen\",\"url\":\"https:\\\/\\\/radioleinewelle.de\\\/\",\"logo\":{\"@type\":\"ImageObject\",\"inLanguage\":\"de\",\"@id\":\"https:\\\/\\\/radioleinewelle.de\\\/#\\\/schema\\\/logo\\\/image\\\/\",\"url\":\"https:\\\/\\\/radioleinewelle.de\\\/wp-content\\\/uploads\\\/2023\\\/11\\\/cropped-Leinewelle_Logo_weiss.png\",\"contentUrl\":\"https:\\\/\\\/radioleinewelle.de\\\/wp-content\\\/uploads\\\/2023\\\/11\\\/cropped-Leinewelle_Logo_weiss.png\",\"width\":854,\"height\":260,\"caption\":\"Radio Leinewelle\"},\"image\":{\"@id\":\"https:\\\/\\\/radioleinewelle.de\\\/#\\\/schema\\\/logo\\\/image\\\/\"},\"sameAs\":[\"https:\\\/\\\/www.facebook.com\\\/radioleinewelle\",\"https:\\\/\\\/x.com\\\/RLeinewelle\",\"https:\\\/\\\/www.instagram.com\\\/radioleinewelle\\\/?hl=de\"]},{\"@type\":\"Person\",\"@id\":\"https:\\\/\\\/radioleinewelle.de\\\/#\\\/schema\\\/person\\\/45606f348637df637192dc1b68399a63\",\"name\":\"Leinewelle\",\"image\":{\"@type\":\"ImageObject\",\"inLanguage\":\"de\",\"@id\":\"https:\\\/\\\/secure.gravatar.com\\\/avatar\\\/05c9a17bc973052ee5d91549bd32fb4dd0dc85b7b85ae94b2e2b4943476bbea5?s=96&d=blank&r=g\",\"url\":\"https:\\\/\\\/secure.gravatar.com\\\/avatar\\\/05c9a17bc973052ee5d91549bd32fb4dd0dc85b7b85ae94b2e2b4943476bbea5?s=96&d=blank&r=g\",\"contentUrl\":\"https:\\\/\\\/secure.gravatar.com\\\/avatar\\\/05c9a17bc973052ee5d91549bd32fb4dd0dc85b7b85ae94b2e2b4943476bbea5?s=96&d=blank&r=g\",\"caption\":\"Leinewelle\"},\"sameAs\":[\"http:\\\/\\\/localhost\\\/radio%20leinewelle\\\/wordpress\",\"https:\\\/\\\/www.facebook.com\\\/radioleinewelle\",\"https:\\\/\\\/www.instagram.com\\\/radioleinewelle\",\"https:\\\/\\\/x.com\\\/https:\\\/\\\/twitter.com\\\/RLeinewelle?ref_src=twsrcgoogletwcampserptwgrauthor\",\"https:\\\/\\\/soundcloud.com\\\/foerderverein-lokalradio?utm_source=clipboard&utm_medium=text&utm_campaign=social_sharing\"],\"url\":\"https:\\\/\\\/radioleinewelle.de\\\/index.php\\\/author\\\/leinewelle\\\/\"}]}<\/script>\n<!-- \/ Yoast SEO plugin. -->","yoast_head_json":{"title":"Direktflug aus Lesbos: Bereits als schutzberechtigt Anerkannte landen erneut in Hannover - Radio Leinewelle","robots":{"index":"index","follow":"follow","max-snippet":"max-snippet:-1","max-image-preview":"max-image-preview:large","max-video-preview":"max-video-preview:-1"},"canonical":"https:\/\/radioleinewelle.de\/index.php\/2021\/02\/18\/direktflug-aus-lesbos-bereits-als-schutzberechtigt-anerkannte-landen-erneut-in-hannover\/","og_locale":"de_DE","og_type":"article","og_title":"Direktflug aus Lesbos: Bereits als schutzberechtigt Anerkannte landen erneut in Hannover - Radio Leinewelle","og_description":"Gestern landeten erneut Gefl\u00fcchtete aus Griechenland in Hannover-Langenhagen. An Bord der Maschine, die erstmals direkt von der Insel Lesbos gestartet war, waren insgesamt 116 M\u00e4nner, Frauen und Kinder, die bereits in Griechenland internationalen Schutz zuerkannt bekommen haben. Sie werden in den n\u00e4chsten Wochen zun\u00e4chst zentral im Grenzdurchgangslager Friedland der Landesaufnahmebeh\u00f6rde Niedersachsen aufgenommen, bevor sie auf [&hellip;]","og_url":"https:\/\/radioleinewelle.de\/index.php\/2021\/02\/18\/direktflug-aus-lesbos-bereits-als-schutzberechtigt-anerkannte-landen-erneut-in-hannover\/","og_site_name":"Radio Leinewelle","article_publisher":"https:\/\/www.facebook.com\/radioleinewelle","article_author":"https:\/\/www.facebook.com\/radioleinewelle","article_published_time":"2021-02-18T04:00:00+00:00","author":"Leinewelle","twitter_card":"summary_large_image","twitter_creator":"@https:\/\/twitter.com\/RLeinewelle?ref_src=twsrcgoogletwcampserptwgrauthor","twitter_site":"@RLeinewelle","twitter_misc":{"Verfasst von":"Leinewelle","Gesch\u00e4tzte Lesezeit":"2\u00a0Minuten"},"schema":{"@context":"https:\/\/schema.org","@graph":[{"@type":"Article","@id":"https:\/\/radioleinewelle.de\/index.php\/2021\/02\/18\/direktflug-aus-lesbos-bereits-als-schutzberechtigt-anerkannte-landen-erneut-in-hannover\/#article","isPartOf":{"@id":"https:\/\/radioleinewelle.de\/index.php\/2021\/02\/18\/direktflug-aus-lesbos-bereits-als-schutzberechtigt-anerkannte-landen-erneut-in-hannover\/"},"author":{"name":"Leinewelle","@id":"https:\/\/radioleinewelle.de\/#\/schema\/person\/45606f348637df637192dc1b68399a63"},"headline":"Direktflug aus Lesbos: Bereits als schutzberechtigt Anerkannte landen erneut in Hannover","datePublished":"2021-02-18T04:00:00+00:00","mainEntityOfPage":{"@id":"https:\/\/radioleinewelle.de\/index.php\/2021\/02\/18\/direktflug-aus-lesbos-bereits-als-schutzberechtigt-anerkannte-landen-erneut-in-hannover\/"},"wordCount":376,"publisher":{"@id":"https:\/\/radioleinewelle.de\/#organization"},"articleSection":["Migration"],"inLanguage":"de"},{"@type":"WebPage","@id":"https:\/\/radioleinewelle.de\/index.php\/2021\/02\/18\/direktflug-aus-lesbos-bereits-als-schutzberechtigt-anerkannte-landen-erneut-in-hannover\/","url":"https:\/\/radioleinewelle.de\/index.php\/2021\/02\/18\/direktflug-aus-lesbos-bereits-als-schutzberechtigt-anerkannte-landen-erneut-in-hannover\/","name":"Direktflug aus Lesbos: Bereits als schutzberechtigt Anerkannte landen erneut in Hannover - Radio Leinewelle","isPartOf":{"@id":"https:\/\/radioleinewelle.de\/#website"},"datePublished":"2021-02-18T04:00:00+00:00","breadcrumb":{"@id":"https:\/\/radioleinewelle.de\/index.php\/2021\/02\/18\/direktflug-aus-lesbos-bereits-als-schutzberechtigt-anerkannte-landen-erneut-in-hannover\/#breadcrumb"},"inLanguage":"de","potentialAction":[{"@type":"ReadAction","target":["https:\/\/radioleinewelle.de\/index.php\/2021\/02\/18\/direktflug-aus-lesbos-bereits-als-schutzberechtigt-anerkannte-landen-erneut-in-hannover\/"]}]},{"@type":"BreadcrumbList","@id":"https:\/\/radioleinewelle.de\/index.php\/2021\/02\/18\/direktflug-aus-lesbos-bereits-als-schutzberechtigt-anerkannte-landen-erneut-in-hannover\/#breadcrumb","itemListElement":[{"@type":"ListItem","position":1,"name":"Startseite","item":"https:\/\/radioleinewelle.de\/"},{"@type":"ListItem","position":2,"name":"Direktflug aus Lesbos: Bereits als schutzberechtigt Anerkannte landen erneut in Hannover"}]},{"@type":"WebSite","@id":"https:\/\/radioleinewelle.de\/#website","url":"https:\/\/radioleinewelle.de\/","name":"Radio Leinewelle","description":"","publisher":{"@id":"https:\/\/radioleinewelle.de\/#organization"},"potentialAction":[{"@type":"SearchAction","target":{"@type":"EntryPoint","urlTemplate":"https:\/\/radioleinewelle.de\/?s={search_term_string}"},"query-input":{"@type":"PropertyValueSpecification","valueRequired":true,"valueName":"search_term_string"}}],"inLanguage":"de"},{"@type":"Organization","@id":"https:\/\/radioleinewelle.de\/#organization","name":"Radio Leinewelle","alternateName":"Mein Radio f\u00fcr S\u00fcdniedersachsen","url":"https:\/\/radioleinewelle.de\/","logo":{"@type":"ImageObject","inLanguage":"de","@id":"https:\/\/radioleinewelle.de\/#\/schema\/logo\/image\/","url":"https:\/\/radioleinewelle.de\/wp-content\/uploads\/2023\/11\/cropped-Leinewelle_Logo_weiss.png","contentUrl":"https:\/\/radioleinewelle.de\/wp-content\/uploads\/2023\/11\/cropped-Leinewelle_Logo_weiss.png","width":854,"height":260,"caption":"Radio Leinewelle"},"image":{"@id":"https:\/\/radioleinewelle.de\/#\/schema\/logo\/image\/"},"sameAs":["https:\/\/www.facebook.com\/radioleinewelle","https:\/\/x.com\/RLeinewelle","https:\/\/www.instagram.com\/radioleinewelle\/?hl=de"]},{"@type":"Person","@id":"https:\/\/radioleinewelle.de\/#\/schema\/person\/45606f348637df637192dc1b68399a63","name":"Leinewelle","image":{"@type":"ImageObject","inLanguage":"de","@id":"https:\/\/secure.gravatar.com\/avatar\/05c9a17bc973052ee5d91549bd32fb4dd0dc85b7b85ae94b2e2b4943476bbea5?s=96&d=blank&r=g","url":"https:\/\/secure.gravatar.com\/avatar\/05c9a17bc973052ee5d91549bd32fb4dd0dc85b7b85ae94b2e2b4943476bbea5?s=96&d=blank&r=g","contentUrl":"https:\/\/secure.gravatar.com\/avatar\/05c9a17bc973052ee5d91549bd32fb4dd0dc85b7b85ae94b2e2b4943476bbea5?s=96&d=blank&r=g","caption":"Leinewelle"},"sameAs":["http:\/\/localhost\/radio%20leinewelle\/wordpress","https:\/\/www.facebook.com\/radioleinewelle","https:\/\/www.instagram.com\/radioleinewelle","https:\/\/x.com\/https:\/\/twitter.com\/RLeinewelle?ref_src=twsrcgoogletwcampserptwgrauthor","https:\/\/soundcloud.com\/foerderverein-lokalradio?utm_source=clipboard&utm_medium=text&utm_campaign=social_sharing"],"url":"https:\/\/radioleinewelle.de\/index.php\/author\/leinewelle\/"}]}},"_links":{"self":[{"href":"https:\/\/radioleinewelle.de\/index.php\/wp-json\/wp\/v2\/posts\/5332","targetHints":{"allow":["GET"]}}],"collection":[{"href":"https:\/\/radioleinewelle.de\/index.php\/wp-json\/wp\/v2\/posts"}],"about":[{"href":"https:\/\/radioleinewelle.de\/index.php\/wp-json\/wp\/v2\/types\/post"}],"author":[{"embeddable":true,"href":"https:\/\/radioleinewelle.de\/index.php\/wp-json\/wp\/v2\/users\/1"}],"replies":[{"embeddable":true,"href":"https:\/\/radioleinewelle.de\/index.php\/wp-json\/wp\/v2\/comments?post=5332"}],"version-history":[{"count":0,"href":"https:\/\/radioleinewelle.de\/index.php\/wp-json\/wp\/v2\/posts\/5332\/revisions"}],"wp:attachment":[{"href":"https:\/\/radioleinewelle.de\/index.php\/wp-json\/wp\/v2\/media?parent=5332"}],"wp:term":[{"taxonomy":"category","embeddable":true,"href":"https:\/\/radioleinewelle.de\/index.php\/wp-json\/wp\/v2\/categories?post=5332"},{"taxonomy":"post_tag","embeddable":true,"href":"https:\/\/radioleinewelle.de\/index.php\/wp-json\/wp\/v2\/tags?post=5332"}],"curies":[{"name":"wp","href":"https:\/\/api.w.org\/{rel}","templated":true}]}}