{"id":5336,"date":"2021-02-18T05:02:00","date_gmt":"2021-02-18T04:02:00","guid":{"rendered":"https:\/\/radioleinewelle.de\/?p=5336"},"modified":"2021-02-18T05:02:00","modified_gmt":"2021-02-18T04:02:00","slug":"goettingen-neuer-service-personalausweis-und-pass-per-kurier","status":"publish","type":"post","link":"https:\/\/radioleinewelle.de\/index.php\/2021\/02\/18\/goettingen-neuer-service-personalausweis-und-pass-per-kurier\/","title":{"rendered":"G\u00f6ttingen: Neuer Service &#8211; Personalausweis und Pass per Kurier"},"content":{"rendered":"\n<p>G\u00f6ttinger*innen k\u00f6nnen sich ihren neuen Personalausweis oder Pass nun auch per Kurierdienst liefern lassen. Der neue Service startete am Montag, 15. Februar 2021.<\/p>\n\n\n\n<p>Wer ab dem 15. Februar einen Personalausweis oder Pass bei der Stadt beantragt, wird dabei auf den neuen Service hingewiesen. Die Firma&nbsp;<a href=\"http:\/\/www.kuriersysteme.de\/\" target=\"_blank\" rel=\"noreferrer noopener\">GKS Kurier Systeme e. K.&nbsp;<\/a>&nbsp;\u00fcbernimmt die Zustellung per Fahrrad oder E-Fahrzeug. Der Service spart den Kund*innen Zeit, vermindert aktuell Ansteckungsgefahren und die Auslieferung erfolgt CO2-neutral. Das Formular daf\u00fcr gibt es bei der Beantragung des Ausweisdokuments in der Einwohnermeldehalle&nbsp;oder zum Herunterladen auf der Firmenwebseite&nbsp;<a href=\"http:\/\/www.kuriersysteme.de\/\" target=\"_blank\" rel=\"noreferrer noopener\">www.kuriersysteme.de&nbsp;<\/a>. Wer m\u00f6chte, kann das&nbsp;<a href=\"https:\/\/www.goettingen.de\/pics\/medien\/1_1613126525\/Auslieferungsformular.pdf\" target=\"_blank\" rel=\"noreferrer noopener\">Formular<\/a><a href=\"https:\/\/www.goettingen.de\/pics\/medien\/1_1613126525\/Auslieferungsformular.pdf\" target=\"_blank\" rel=\"noreferrer noopener\"><\/a>&nbsp;\u00fcber die Buchung bei GKS gleich in der Einwohnermeldehalle ausf\u00fcllen&nbsp;und abgeben oder auch per E-Mail unter&nbsp;<a href=\"mailto:info@kuriersysteme.de\">info@kuriersysteme.de<\/a>&nbsp;an den Kurierdienst schicken.<\/p>\n\n\n\n<h5 class=\"wp-block-heading\">Zeitsparend und umweltfreundlich<\/h5>\n\n\n\n<p>So geht es dann weiter: Die Stadt informiert den Kurierdienst, sobald das Ausweisdokument von der Bundesdruckerei eintrifft. GKS vereinbart einen Liefertermin mit dem oder der Kund*in und stellt das Dokument entsprechend zu, und zwar ausschlie\u00dflich an den oder die Ausweisinhaber*in. Er oder sie muss sich gegen\u00fcber dem Kurier ausweisen &#8211; mit dem alten Dokument. Eine Zustellung an andere Personen oder per Briefkasten ist nicht zul\u00e4ssig, sie wird mit Angabe von Datum, Uhrzeit und Empf\u00e4nger*in protokolliert. B\u00fcrger*innen k\u00f6nnen den Ausweis oder Pass auch selbst bei GKS abholen. Im Verlauf der Zustellung gelten verschiedene Sicherheitsstandards, beispielsweise um die Unversehrtheit des Briefes der Bundesdruckerei sicherzustellen; oder falls erforderlich werden die Dokumente bei GKS kurzzeitig im Tresor gelagert.<\/p>\n\n\n\n<h5 class=\"wp-block-heading\">Zustellung im Stadtgebiet und den Ortsteilen<\/h5>\n\n\n\n<p>Die&nbsp;<a href=\"https:\/\/www.goettingen.de\/pics\/medien\/1_1613126525\/Auslieferungsformular.pdf\" target=\"_blank\" rel=\"noreferrer noopener\">Zustellung kostet<\/a><a href=\"https:\/\/www.goettingen.de\/pics\/medien\/1_1613126525\/Auslieferungsformular.pdf\" target=\"_blank\" rel=\"noreferrer noopener\"><\/a>&nbsp;im Stadtgebiet 8 Euro, wenn kein Zeitfenster vereinbart wird. Mit Zeitfenster sind es 12 Euro. Zweite Zustellversuche kosten extra. In den Ortsteilen Herberhausen, Nikolausberg, Roringen, Gro\u00df Ellershausen, Elliehausen, Knutb\u00fchren, Esebeck und Hetjershausen wird au\u00dferdem ein Aufschlag von 3 Euro f\u00e4llig. Die Abholung direkt bei GKS ist kostenlos.<\/p>\n\n\n\n<p>Der Kurier-Service f\u00fcr Ausweisdokumente wurde vom Rat der Stadt G\u00f6ttingen beschlossen.&nbsp;<\/p>\n\n\n\n<p>Alle&nbsp;<a rel=\"noreferrer noopener\" href=\"https:\/\/www.goettingen.de\/pics\/medien\/1_1613126541\/Informationen_zum_Kurier-Service.pdf\" target=\"_blank\">Informationen zum Kurier-Service<\/a><a rel=\"noreferrer noopener\" href=\"https:\/\/www.goettingen.de\/pics\/medien\/1_1613126541\/Informationen_zum_Kurier-Service.pdf\" target=\"_blank\"><\/a>&nbsp;liegen im Neuen Rathaus und in den Au\u00dfenstellen der Stadtverwaltung aus.<\/p>\n\n\n\n<p>Bild von&nbsp;<a href=\"https:\/\/pixabay.com\/de\/users\/webandi-1460261\/?utm_source=link-attribution&amp;utm_medium=referral&amp;utm_campaign=image&amp;utm_content=1051697\">Andreas Lischka<\/a>&nbsp;auf&nbsp;<a href=\"https:\/\/pixabay.com\/de\/?utm_source=link-attribution&amp;utm_medium=referral&amp;utm_campaign=image&amp;utm_content=1051697\">Pixabay<\/a><\/p>\n","protected":false},"excerpt":{"rendered":"<p>G\u00f6ttinger*innen k\u00f6nnen sich ihren neuen Personalausweis oder Pass nun auch per Kurierdienst liefern lassen. Der neue Service startete am Montag, 15. Februar 2021. Wer ab dem 15. Februar einen Personalausweis oder Pass bei der Stadt beantragt, wird dabei auf den neuen Service hingewiesen. Die Firma&nbsp;GKS Kurier Systeme e. K.&nbsp;&nbsp;\u00fcbernimmt die Zustellung per Fahrrad oder E-Fahrzeug. [&hellip;]<\/p>\n","protected":false},"author":1,"featured_media":5338,"comment_status":"closed","ping_status":"closed","sticky":false,"template":"","format":"standard","meta":{"saved_in_kubio":false,"footnotes":""},"categories":[24],"tags":[],"class_list":["post-5336","post","type-post","status-publish","format-standard","has-post-thumbnail","hentry","category-news"],"yoast_head":"<!-- This site is optimized with the Yoast SEO plugin v27.5 - https:\/\/yoast.com\/product\/yoast-seo-wordpress\/ -->\n<title>G\u00f6ttingen: Neuer Service - Personalausweis und Pass per Kurier - Radio Leinewelle<\/title>\n<meta name=\"robots\" content=\"index, follow, max-snippet:-1, max-image-preview:large, max-video-preview:-1\" \/>\n<link rel=\"canonical\" href=\"https:\/\/radioleinewelle.de\/index.php\/2021\/02\/18\/goettingen-neuer-service-personalausweis-und-pass-per-kurier\/\" \/>\n<meta property=\"og:locale\" content=\"de_DE\" \/>\n<meta property=\"og:type\" content=\"article\" \/>\n<meta property=\"og:title\" content=\"G\u00f6ttingen: Neuer Service - Personalausweis und Pass per Kurier - Radio Leinewelle\" \/>\n<meta property=\"og:description\" content=\"G\u00f6ttinger*innen k\u00f6nnen sich ihren neuen Personalausweis oder Pass nun auch per Kurierdienst liefern lassen. Der neue Service startete am Montag, 15. Februar 2021. Wer ab dem 15. Februar einen Personalausweis oder Pass bei der Stadt beantragt, wird dabei auf den neuen Service hingewiesen. Die Firma&nbsp;GKS Kurier Systeme e. K.&nbsp;&nbsp;\u00fcbernimmt die Zustellung per Fahrrad oder E-Fahrzeug. [&hellip;]\" \/>\n<meta property=\"og:url\" content=\"https:\/\/radioleinewelle.de\/index.php\/2021\/02\/18\/goettingen-neuer-service-personalausweis-und-pass-per-kurier\/\" \/>\n<meta property=\"og:site_name\" content=\"Radio Leinewelle\" \/>\n<meta property=\"article:publisher\" content=\"https:\/\/www.facebook.com\/radioleinewelle\" \/>\n<meta property=\"article:author\" content=\"https:\/\/www.facebook.com\/radioleinewelle\" \/>\n<meta property=\"article:published_time\" content=\"2021-02-18T04:02:00+00:00\" \/>\n<meta property=\"og:image\" content=\"https:\/\/radioleinewelle.de\/wp-content\/uploads\/2021\/02\/passport-1051697_640.jpg\" \/>\n\t<meta property=\"og:image:width\" content=\"640\" \/>\n\t<meta property=\"og:image:height\" content=\"426\" \/>\n\t<meta property=\"og:image:type\" content=\"image\/jpeg\" \/>\n<meta name=\"author\" content=\"Leinewelle\" \/>\n<meta name=\"twitter:card\" content=\"summary_large_image\" \/>\n<meta name=\"twitter:creator\" content=\"@https:\/\/twitter.com\/RLeinewelle?ref_src=twsrcgoogletwcampserptwgrauthor\" \/>\n<meta name=\"twitter:site\" content=\"@RLeinewelle\" \/>\n<meta name=\"twitter:label1\" content=\"Verfasst von\" \/>\n\t<meta name=\"twitter:data1\" content=\"Leinewelle\" \/>\n\t<meta name=\"twitter:label2\" content=\"Gesch\u00e4tzte Lesezeit\" \/>\n\t<meta name=\"twitter:data2\" content=\"2\u00a0Minuten\" \/>\n<script type=\"application\/ld+json\" class=\"yoast-schema-graph\">{\"@context\":\"https:\\\/\\\/schema.org\",\"@graph\":[{\"@type\":\"Article\",\"@id\":\"https:\\\/\\\/radioleinewelle.de\\\/index.php\\\/2021\\\/02\\\/18\\\/goettingen-neuer-service-personalausweis-und-pass-per-kurier\\\/#article\",\"isPartOf\":{\"@id\":\"https:\\\/\\\/radioleinewelle.de\\\/index.php\\\/2021\\\/02\\\/18\\\/goettingen-neuer-service-personalausweis-und-pass-per-kurier\\\/\"},\"author\":{\"name\":\"Leinewelle\",\"@id\":\"https:\\\/\\\/radioleinewelle.de\\\/#\\\/schema\\\/person\\\/45606f348637df637192dc1b68399a63\"},\"headline\":\"G\u00f6ttingen: Neuer Service &#8211; Personalausweis und Pass per Kurier\",\"datePublished\":\"2021-02-18T04:02:00+00:00\",\"mainEntityOfPage\":{\"@id\":\"https:\\\/\\\/radioleinewelle.de\\\/index.php\\\/2021\\\/02\\\/18\\\/goettingen-neuer-service-personalausweis-und-pass-per-kurier\\\/\"},\"wordCount\":374,\"publisher\":{\"@id\":\"https:\\\/\\\/radioleinewelle.de\\\/#organization\"},\"image\":{\"@id\":\"https:\\\/\\\/radioleinewelle.de\\\/index.php\\\/2021\\\/02\\\/18\\\/goettingen-neuer-service-personalausweis-und-pass-per-kurier\\\/#primaryimage\"},\"thumbnailUrl\":\"https:\\\/\\\/radioleinewelle.de\\\/wp-content\\\/uploads\\\/2021\\\/02\\\/passport-1051697_640.jpg\",\"articleSection\":[\"Aktuelle Nachrichten\"],\"inLanguage\":\"de\"},{\"@type\":\"WebPage\",\"@id\":\"https:\\\/\\\/radioleinewelle.de\\\/index.php\\\/2021\\\/02\\\/18\\\/goettingen-neuer-service-personalausweis-und-pass-per-kurier\\\/\",\"url\":\"https:\\\/\\\/radioleinewelle.de\\\/index.php\\\/2021\\\/02\\\/18\\\/goettingen-neuer-service-personalausweis-und-pass-per-kurier\\\/\",\"name\":\"G\u00f6ttingen: Neuer Service - Personalausweis und Pass per Kurier - Radio Leinewelle\",\"isPartOf\":{\"@id\":\"https:\\\/\\\/radioleinewelle.de\\\/#website\"},\"primaryImageOfPage\":{\"@id\":\"https:\\\/\\\/radioleinewelle.de\\\/index.php\\\/2021\\\/02\\\/18\\\/goettingen-neuer-service-personalausweis-und-pass-per-kurier\\\/#primaryimage\"},\"image\":{\"@id\":\"https:\\\/\\\/radioleinewelle.de\\\/index.php\\\/2021\\\/02\\\/18\\\/goettingen-neuer-service-personalausweis-und-pass-per-kurier\\\/#primaryimage\"},\"thumbnailUrl\":\"https:\\\/\\\/radioleinewelle.de\\\/wp-content\\\/uploads\\\/2021\\\/02\\\/passport-1051697_640.jpg\",\"datePublished\":\"2021-02-18T04:02:00+00:00\",\"breadcrumb\":{\"@id\":\"https:\\\/\\\/radioleinewelle.de\\\/index.php\\\/2021\\\/02\\\/18\\\/goettingen-neuer-service-personalausweis-und-pass-per-kurier\\\/#breadcrumb\"},\"inLanguage\":\"de\",\"potentialAction\":[{\"@type\":\"ReadAction\",\"target\":[\"https:\\\/\\\/radioleinewelle.de\\\/index.php\\\/2021\\\/02\\\/18\\\/goettingen-neuer-service-personalausweis-und-pass-per-kurier\\\/\"]}]},{\"@type\":\"ImageObject\",\"inLanguage\":\"de\",\"@id\":\"https:\\\/\\\/radioleinewelle.de\\\/index.php\\\/2021\\\/02\\\/18\\\/goettingen-neuer-service-personalausweis-und-pass-per-kurier\\\/#primaryimage\",\"url\":\"https:\\\/\\\/radioleinewelle.de\\\/wp-content\\\/uploads\\\/2021\\\/02\\\/passport-1051697_640.jpg\",\"contentUrl\":\"https:\\\/\\\/radioleinewelle.de\\\/wp-content\\\/uploads\\\/2021\\\/02\\\/passport-1051697_640.jpg\",\"width\":640,\"height\":426},{\"@type\":\"BreadcrumbList\",\"@id\":\"https:\\\/\\\/radioleinewelle.de\\\/index.php\\\/2021\\\/02\\\/18\\\/goettingen-neuer-service-personalausweis-und-pass-per-kurier\\\/#breadcrumb\",\"itemListElement\":[{\"@type\":\"ListItem\",\"position\":1,\"name\":\"Startseite\",\"item\":\"https:\\\/\\\/radioleinewelle.de\\\/\"},{\"@type\":\"ListItem\",\"position\":2,\"name\":\"G\u00f6ttingen: Neuer Service &#8211; Personalausweis und Pass per Kurier\"}]},{\"@type\":\"WebSite\",\"@id\":\"https:\\\/\\\/radioleinewelle.de\\\/#website\",\"url\":\"https:\\\/\\\/radioleinewelle.de\\\/\",\"name\":\"Radio Leinewelle\",\"description\":\"\",\"publisher\":{\"@id\":\"https:\\\/\\\/radioleinewelle.de\\\/#organization\"},\"potentialAction\":[{\"@type\":\"SearchAction\",\"target\":{\"@type\":\"EntryPoint\",\"urlTemplate\":\"https:\\\/\\\/radioleinewelle.de\\\/?s={search_term_string}\"},\"query-input\":{\"@type\":\"PropertyValueSpecification\",\"valueRequired\":true,\"valueName\":\"search_term_string\"}}],\"inLanguage\":\"de\"},{\"@type\":\"Organization\",\"@id\":\"https:\\\/\\\/radioleinewelle.de\\\/#organization\",\"name\":\"Radio Leinewelle\",\"alternateName\":\"Mein Radio f\u00fcr S\u00fcdniedersachsen\",\"url\":\"https:\\\/\\\/radioleinewelle.de\\\/\",\"logo\":{\"@type\":\"ImageObject\",\"inLanguage\":\"de\",\"@id\":\"https:\\\/\\\/radioleinewelle.de\\\/#\\\/schema\\\/logo\\\/image\\\/\",\"url\":\"https:\\\/\\\/radioleinewelle.de\\\/wp-content\\\/uploads\\\/2023\\\/11\\\/cropped-Leinewelle_Logo_weiss.png\",\"contentUrl\":\"https:\\\/\\\/radioleinewelle.de\\\/wp-content\\\/uploads\\\/2023\\\/11\\\/cropped-Leinewelle_Logo_weiss.png\",\"width\":854,\"height\":260,\"caption\":\"Radio Leinewelle\"},\"image\":{\"@id\":\"https:\\\/\\\/radioleinewelle.de\\\/#\\\/schema\\\/logo\\\/image\\\/\"},\"sameAs\":[\"https:\\\/\\\/www.facebook.com\\\/radioleinewelle\",\"https:\\\/\\\/x.com\\\/RLeinewelle\",\"https:\\\/\\\/www.instagram.com\\\/radioleinewelle\\\/?hl=de\"]},{\"@type\":\"Person\",\"@id\":\"https:\\\/\\\/radioleinewelle.de\\\/#\\\/schema\\\/person\\\/45606f348637df637192dc1b68399a63\",\"name\":\"Leinewelle\",\"image\":{\"@type\":\"ImageObject\",\"inLanguage\":\"de\",\"@id\":\"https:\\\/\\\/secure.gravatar.com\\\/avatar\\\/05c9a17bc973052ee5d91549bd32fb4dd0dc85b7b85ae94b2e2b4943476bbea5?s=96&d=blank&r=g\",\"url\":\"https:\\\/\\\/secure.gravatar.com\\\/avatar\\\/05c9a17bc973052ee5d91549bd32fb4dd0dc85b7b85ae94b2e2b4943476bbea5?s=96&d=blank&r=g\",\"contentUrl\":\"https:\\\/\\\/secure.gravatar.com\\\/avatar\\\/05c9a17bc973052ee5d91549bd32fb4dd0dc85b7b85ae94b2e2b4943476bbea5?s=96&d=blank&r=g\",\"caption\":\"Leinewelle\"},\"sameAs\":[\"http:\\\/\\\/localhost\\\/radio%20leinewelle\\\/wordpress\",\"https:\\\/\\\/www.facebook.com\\\/radioleinewelle\",\"https:\\\/\\\/www.instagram.com\\\/radioleinewelle\",\"https:\\\/\\\/x.com\\\/https:\\\/\\\/twitter.com\\\/RLeinewelle?ref_src=twsrcgoogletwcampserptwgrauthor\",\"https:\\\/\\\/soundcloud.com\\\/foerderverein-lokalradio?utm_source=clipboard&utm_medium=text&utm_campaign=social_sharing\"],\"url\":\"https:\\\/\\\/radioleinewelle.de\\\/index.php\\\/author\\\/leinewelle\\\/\"}]}<\/script>\n<!-- \/ Yoast SEO plugin. -->","yoast_head_json":{"title":"G\u00f6ttingen: Neuer Service - Personalausweis und Pass per Kurier - Radio Leinewelle","robots":{"index":"index","follow":"follow","max-snippet":"max-snippet:-1","max-image-preview":"max-image-preview:large","max-video-preview":"max-video-preview:-1"},"canonical":"https:\/\/radioleinewelle.de\/index.php\/2021\/02\/18\/goettingen-neuer-service-personalausweis-und-pass-per-kurier\/","og_locale":"de_DE","og_type":"article","og_title":"G\u00f6ttingen: Neuer Service - Personalausweis und Pass per Kurier - Radio Leinewelle","og_description":"G\u00f6ttinger*innen k\u00f6nnen sich ihren neuen Personalausweis oder Pass nun auch per Kurierdienst liefern lassen. Der neue Service startete am Montag, 15. Februar 2021. Wer ab dem 15. Februar einen Personalausweis oder Pass bei der Stadt beantragt, wird dabei auf den neuen Service hingewiesen. Die Firma&nbsp;GKS Kurier Systeme e. K.&nbsp;&nbsp;\u00fcbernimmt die Zustellung per Fahrrad oder E-Fahrzeug. [&hellip;]","og_url":"https:\/\/radioleinewelle.de\/index.php\/2021\/02\/18\/goettingen-neuer-service-personalausweis-und-pass-per-kurier\/","og_site_name":"Radio Leinewelle","article_publisher":"https:\/\/www.facebook.com\/radioleinewelle","article_author":"https:\/\/www.facebook.com\/radioleinewelle","article_published_time":"2021-02-18T04:02:00+00:00","og_image":[{"width":640,"height":426,"url":"https:\/\/radioleinewelle.de\/wp-content\/uploads\/2021\/02\/passport-1051697_640.jpg","type":"image\/jpeg"}],"author":"Leinewelle","twitter_card":"summary_large_image","twitter_creator":"@https:\/\/twitter.com\/RLeinewelle?ref_src=twsrcgoogletwcampserptwgrauthor","twitter_site":"@RLeinewelle","twitter_misc":{"Verfasst von":"Leinewelle","Gesch\u00e4tzte Lesezeit":"2\u00a0Minuten"},"schema":{"@context":"https:\/\/schema.org","@graph":[{"@type":"Article","@id":"https:\/\/radioleinewelle.de\/index.php\/2021\/02\/18\/goettingen-neuer-service-personalausweis-und-pass-per-kurier\/#article","isPartOf":{"@id":"https:\/\/radioleinewelle.de\/index.php\/2021\/02\/18\/goettingen-neuer-service-personalausweis-und-pass-per-kurier\/"},"author":{"name":"Leinewelle","@id":"https:\/\/radioleinewelle.de\/#\/schema\/person\/45606f348637df637192dc1b68399a63"},"headline":"G\u00f6ttingen: Neuer Service &#8211; Personalausweis und Pass per Kurier","datePublished":"2021-02-18T04:02:00+00:00","mainEntityOfPage":{"@id":"https:\/\/radioleinewelle.de\/index.php\/2021\/02\/18\/goettingen-neuer-service-personalausweis-und-pass-per-kurier\/"},"wordCount":374,"publisher":{"@id":"https:\/\/radioleinewelle.de\/#organization"},"image":{"@id":"https:\/\/radioleinewelle.de\/index.php\/2021\/02\/18\/goettingen-neuer-service-personalausweis-und-pass-per-kurier\/#primaryimage"},"thumbnailUrl":"https:\/\/radioleinewelle.de\/wp-content\/uploads\/2021\/02\/passport-1051697_640.jpg","articleSection":["Aktuelle Nachrichten"],"inLanguage":"de"},{"@type":"WebPage","@id":"https:\/\/radioleinewelle.de\/index.php\/2021\/02\/18\/goettingen-neuer-service-personalausweis-und-pass-per-kurier\/","url":"https:\/\/radioleinewelle.de\/index.php\/2021\/02\/18\/goettingen-neuer-service-personalausweis-und-pass-per-kurier\/","name":"G\u00f6ttingen: Neuer Service - Personalausweis und Pass per Kurier - Radio Leinewelle","isPartOf":{"@id":"https:\/\/radioleinewelle.de\/#website"},"primaryImageOfPage":{"@id":"https:\/\/radioleinewelle.de\/index.php\/2021\/02\/18\/goettingen-neuer-service-personalausweis-und-pass-per-kurier\/#primaryimage"},"image":{"@id":"https:\/\/radioleinewelle.de\/index.php\/2021\/02\/18\/goettingen-neuer-service-personalausweis-und-pass-per-kurier\/#primaryimage"},"thumbnailUrl":"https:\/\/radioleinewelle.de\/wp-content\/uploads\/2021\/02\/passport-1051697_640.jpg","datePublished":"2021-02-18T04:02:00+00:00","breadcrumb":{"@id":"https:\/\/radioleinewelle.de\/index.php\/2021\/02\/18\/goettingen-neuer-service-personalausweis-und-pass-per-kurier\/#breadcrumb"},"inLanguage":"de","potentialAction":[{"@type":"ReadAction","target":["https:\/\/radioleinewelle.de\/index.php\/2021\/02\/18\/goettingen-neuer-service-personalausweis-und-pass-per-kurier\/"]}]},{"@type":"ImageObject","inLanguage":"de","@id":"https:\/\/radioleinewelle.de\/index.php\/2021\/02\/18\/goettingen-neuer-service-personalausweis-und-pass-per-kurier\/#primaryimage","url":"https:\/\/radioleinewelle.de\/wp-content\/uploads\/2021\/02\/passport-1051697_640.jpg","contentUrl":"https:\/\/radioleinewelle.de\/wp-content\/uploads\/2021\/02\/passport-1051697_640.jpg","width":640,"height":426},{"@type":"BreadcrumbList","@id":"https:\/\/radioleinewelle.de\/index.php\/2021\/02\/18\/goettingen-neuer-service-personalausweis-und-pass-per-kurier\/#breadcrumb","itemListElement":[{"@type":"ListItem","position":1,"name":"Startseite","item":"https:\/\/radioleinewelle.de\/"},{"@type":"ListItem","position":2,"name":"G\u00f6ttingen: Neuer Service &#8211; Personalausweis und Pass per Kurier"}]},{"@type":"WebSite","@id":"https:\/\/radioleinewelle.de\/#website","url":"https:\/\/radioleinewelle.de\/","name":"Radio Leinewelle","description":"","publisher":{"@id":"https:\/\/radioleinewelle.de\/#organization"},"potentialAction":[{"@type":"SearchAction","target":{"@type":"EntryPoint","urlTemplate":"https:\/\/radioleinewelle.de\/?s={search_term_string}"},"query-input":{"@type":"PropertyValueSpecification","valueRequired":true,"valueName":"search_term_string"}}],"inLanguage":"de"},{"@type":"Organization","@id":"https:\/\/radioleinewelle.de\/#organization","name":"Radio Leinewelle","alternateName":"Mein Radio f\u00fcr S\u00fcdniedersachsen","url":"https:\/\/radioleinewelle.de\/","logo":{"@type":"ImageObject","inLanguage":"de","@id":"https:\/\/radioleinewelle.de\/#\/schema\/logo\/image\/","url":"https:\/\/radioleinewelle.de\/wp-content\/uploads\/2023\/11\/cropped-Leinewelle_Logo_weiss.png","contentUrl":"https:\/\/radioleinewelle.de\/wp-content\/uploads\/2023\/11\/cropped-Leinewelle_Logo_weiss.png","width":854,"height":260,"caption":"Radio Leinewelle"},"image":{"@id":"https:\/\/radioleinewelle.de\/#\/schema\/logo\/image\/"},"sameAs":["https:\/\/www.facebook.com\/radioleinewelle","https:\/\/x.com\/RLeinewelle","https:\/\/www.instagram.com\/radioleinewelle\/?hl=de"]},{"@type":"Person","@id":"https:\/\/radioleinewelle.de\/#\/schema\/person\/45606f348637df637192dc1b68399a63","name":"Leinewelle","image":{"@type":"ImageObject","inLanguage":"de","@id":"https:\/\/secure.gravatar.com\/avatar\/05c9a17bc973052ee5d91549bd32fb4dd0dc85b7b85ae94b2e2b4943476bbea5?s=96&d=blank&r=g","url":"https:\/\/secure.gravatar.com\/avatar\/05c9a17bc973052ee5d91549bd32fb4dd0dc85b7b85ae94b2e2b4943476bbea5?s=96&d=blank&r=g","contentUrl":"https:\/\/secure.gravatar.com\/avatar\/05c9a17bc973052ee5d91549bd32fb4dd0dc85b7b85ae94b2e2b4943476bbea5?s=96&d=blank&r=g","caption":"Leinewelle"},"sameAs":["http:\/\/localhost\/radio%20leinewelle\/wordpress","https:\/\/www.facebook.com\/radioleinewelle","https:\/\/www.instagram.com\/radioleinewelle","https:\/\/x.com\/https:\/\/twitter.com\/RLeinewelle?ref_src=twsrcgoogletwcampserptwgrauthor","https:\/\/soundcloud.com\/foerderverein-lokalradio?utm_source=clipboard&utm_medium=text&utm_campaign=social_sharing"],"url":"https:\/\/radioleinewelle.de\/index.php\/author\/leinewelle\/"}]}},"_links":{"self":[{"href":"https:\/\/radioleinewelle.de\/index.php\/wp-json\/wp\/v2\/posts\/5336","targetHints":{"allow":["GET"]}}],"collection":[{"href":"https:\/\/radioleinewelle.de\/index.php\/wp-json\/wp\/v2\/posts"}],"about":[{"href":"https:\/\/radioleinewelle.de\/index.php\/wp-json\/wp\/v2\/types\/post"}],"author":[{"embeddable":true,"href":"https:\/\/radioleinewelle.de\/index.php\/wp-json\/wp\/v2\/users\/1"}],"replies":[{"embeddable":true,"href":"https:\/\/radioleinewelle.de\/index.php\/wp-json\/wp\/v2\/comments?post=5336"}],"version-history":[{"count":0,"href":"https:\/\/radioleinewelle.de\/index.php\/wp-json\/wp\/v2\/posts\/5336\/revisions"}],"wp:featuredmedia":[{"embeddable":true,"href":"https:\/\/radioleinewelle.de\/index.php\/wp-json\/wp\/v2\/media\/5338"}],"wp:attachment":[{"href":"https:\/\/radioleinewelle.de\/index.php\/wp-json\/wp\/v2\/media?parent=5336"}],"wp:term":[{"taxonomy":"category","embeddable":true,"href":"https:\/\/radioleinewelle.de\/index.php\/wp-json\/wp\/v2\/categories?post=5336"},{"taxonomy":"post_tag","embeddable":true,"href":"https:\/\/radioleinewelle.de\/index.php\/wp-json\/wp\/v2\/tags?post=5336"}],"curies":[{"name":"wp","href":"https:\/\/api.w.org\/{rel}","templated":true}]}}