{"id":5347,"date":"2021-02-18T06:27:56","date_gmt":"2021-02-18T05:27:56","guid":{"rendered":"https:\/\/radioleinewelle.de\/?p=5347"},"modified":"2021-02-18T06:27:56","modified_gmt":"2021-02-18T05:27:56","slug":"corona-langeweile-bei-ihren-kindern-bloss-nicht","status":"publish","type":"post","link":"https:\/\/radioleinewelle.de\/index.php\/2021\/02\/18\/corona-langeweile-bei-ihren-kindern-bloss-nicht\/","title":{"rendered":"Corona-Langeweile bei Ihren Kindern? Blo\u00df nicht!"},"content":{"rendered":"\n<p><br \/><strong><u>Wie im M\u00e4rchen &#8211; abenteuerliche Kurzgeschichten f\u00fcr Kinder zum Vorlesen<\/u>&nbsp;<\/strong>(jede Woche neu)<br \/><br \/>Die Schauspieler und Autoren Christoph Buchfink und Andy Clapp haben gemeinsam die Shutdown-Auszeit des Theaters genutzt, um ihre besten Kurzgeschichten aufzuschreiben, zu illustrieren und in diesem Jahr noch als Sammelband herauszugeben. Und das Beste: Diese neuen M\u00e4rchen sind aus Ideen der Kinder selbst entstanden!&nbsp;In vielen hundert Auftritten mit ihrem Improvisationstheater \u201eDie Ideenf\u00e4nger\u201c haben sie aus den Ideen und Vorschl\u00e4gen der Kinder im Publikum neue Geschichten und M\u00e4rchen erfunden und live auf der B\u00fchne gespielt.&nbsp;<br \/>Oft wurden sie nach der Auff\u00fchrung gefragt: &#8222;Gibt&#8217;s das auch als Buch?&#8220;&nbsp;<br \/>Die Antwort musste jedesmal lauten: &#8222;Leider nein, diese Geschichte gab es nur dieses eine Mal.&#8220;&nbsp;Aber manche dieser Abenteuer waren doch so sch\u00f6n, witzig oder spannend, dass sie unbedingt aufgeschrieben werden mussten.&nbsp;<br \/>Nun sind 14 Kurzgeschichten und Neue M\u00e4rchen fertig gestellt und sollen bald in einem Sammelband mit dem Titel &#8222;Wie im M\u00e4rchen&#8220; herausgegeben werden.<\/p>\n\n\n\n<p>Ab heute&nbsp;<strong>gibt es w\u00f6chentlich eine neue Geschichte zum kostenlosen Download<\/strong>&nbsp;auf ihrer Webseite:&nbsp;<a href=\"https:\/\/www.wie-im-maerchen.de\/\">https:\/\/www.wie-im-maerchen.de\/<\/a><br \/>Eltern von gelangweilten und Corona-gestressten Kindern haben also w\u00f6chentlich neuen Lesestoff zum Vorlesen (oder heimlich selbst unter der Bettdecke schm\u00f6kern).<br \/><br \/>Das erste Abenteuer in dieser Woche (passend zum Wetter):<br \/><strong>&#8222;Schnee im Sommer&#8220;<\/strong><em><br \/>Mitten im August ist alles meterhoch mit Schnee bedeckt. Die Kaninchen kommen nicht mehr an Salat und M\u00f6hren, die Wildschweine nicht mehr an Tr\u00fcffel und Wurzeln und alles scheint falsch. Also muss sich Kaninchenmama Molly auf den Weg machen, um herauszufinden, was da los ist. Wildschwein Herbert passt solange auf die Kaninchenkinder auf &#8230; Aber wer steckt hinter all dem Schnee?<\/em> <br \/>Danach folgen die neuen M\u00e4rchen &#8222;Percy Maus&#8220;, &#8222;Wachtmeister Behrens&#8220;, &#8222;Feelicitas und Spiff&#8220;, &#8222;Der Fluch der Unken&#8220;, &#8222;Graf Nebel&#8220; &#8230; usw.<\/p>\n\n\n\n<p>Illustration: Christoph Buchfink<\/p>\n","protected":false},"excerpt":{"rendered":"<p>Wie im M\u00e4rchen &#8211; abenteuerliche Kurzgeschichten f\u00fcr Kinder zum Vorlesen&nbsp;(jede Woche neu) Die Schauspieler und Autoren Christoph Buchfink und Andy Clapp haben gemeinsam die Shutdown-Auszeit des Theaters genutzt, um ihre besten Kurzgeschichten aufzuschreiben, zu illustrieren und in diesem Jahr noch als Sammelband herauszugeben. Und das Beste: Diese neuen M\u00e4rchen sind aus Ideen der Kinder selbst [&hellip;]<\/p>\n","protected":false},"author":1,"featured_media":0,"comment_status":"closed","ping_status":"closed","sticky":false,"template":"","format":"standard","meta":{"saved_in_kubio":false,"footnotes":""},"categories":[45],"tags":[],"class_list":["post-5347","post","type-post","status-publish","format-standard","hentry","category-kultur"],"yoast_head":"<!-- This site is optimized with the Yoast SEO plugin v27.5 - https:\/\/yoast.com\/product\/yoast-seo-wordpress\/ -->\n<title>Corona-Langeweile bei Ihren Kindern? Blo\u00df nicht! - Radio Leinewelle<\/title>\n<meta name=\"robots\" content=\"index, follow, max-snippet:-1, max-image-preview:large, max-video-preview:-1\" \/>\n<link rel=\"canonical\" href=\"https:\/\/radioleinewelle.de\/index.php\/2021\/02\/18\/corona-langeweile-bei-ihren-kindern-bloss-nicht\/\" \/>\n<meta property=\"og:locale\" content=\"de_DE\" \/>\n<meta property=\"og:type\" content=\"article\" \/>\n<meta property=\"og:title\" content=\"Corona-Langeweile bei Ihren Kindern? Blo\u00df nicht! - Radio Leinewelle\" \/>\n<meta property=\"og:description\" content=\"Wie im M\u00e4rchen &#8211; abenteuerliche Kurzgeschichten f\u00fcr Kinder zum Vorlesen&nbsp;(jede Woche neu) Die Schauspieler und Autoren Christoph Buchfink und Andy Clapp haben gemeinsam die Shutdown-Auszeit des Theaters genutzt, um ihre besten Kurzgeschichten aufzuschreiben, zu illustrieren und in diesem Jahr noch als Sammelband herauszugeben. Und das Beste: Diese neuen M\u00e4rchen sind aus Ideen der Kinder selbst [&hellip;]\" \/>\n<meta property=\"og:url\" content=\"https:\/\/radioleinewelle.de\/index.php\/2021\/02\/18\/corona-langeweile-bei-ihren-kindern-bloss-nicht\/\" \/>\n<meta property=\"og:site_name\" content=\"Radio Leinewelle\" \/>\n<meta property=\"article:publisher\" content=\"https:\/\/www.facebook.com\/radioleinewelle\" \/>\n<meta property=\"article:author\" content=\"https:\/\/www.facebook.com\/radioleinewelle\" \/>\n<meta property=\"article:published_time\" content=\"2021-02-18T05:27:56+00:00\" \/>\n<meta name=\"author\" content=\"Leinewelle\" \/>\n<meta name=\"twitter:card\" content=\"summary_large_image\" \/>\n<meta name=\"twitter:creator\" content=\"@https:\/\/twitter.com\/RLeinewelle?ref_src=twsrcgoogletwcampserptwgrauthor\" \/>\n<meta name=\"twitter:site\" content=\"@RLeinewelle\" \/>\n<meta name=\"twitter:label1\" content=\"Verfasst von\" \/>\n\t<meta name=\"twitter:data1\" content=\"Leinewelle\" \/>\n\t<meta name=\"twitter:label2\" content=\"Gesch\u00e4tzte Lesezeit\" \/>\n\t<meta name=\"twitter:data2\" content=\"2\u00a0Minuten\" \/>\n<script type=\"application\/ld+json\" class=\"yoast-schema-graph\">{\"@context\":\"https:\\\/\\\/schema.org\",\"@graph\":[{\"@type\":\"Article\",\"@id\":\"https:\\\/\\\/radioleinewelle.de\\\/index.php\\\/2021\\\/02\\\/18\\\/corona-langeweile-bei-ihren-kindern-bloss-nicht\\\/#article\",\"isPartOf\":{\"@id\":\"https:\\\/\\\/radioleinewelle.de\\\/index.php\\\/2021\\\/02\\\/18\\\/corona-langeweile-bei-ihren-kindern-bloss-nicht\\\/\"},\"author\":{\"name\":\"Leinewelle\",\"@id\":\"https:\\\/\\\/radioleinewelle.de\\\/#\\\/schema\\\/person\\\/45606f348637df637192dc1b68399a63\"},\"headline\":\"Corona-Langeweile bei Ihren Kindern? Blo\u00df nicht!\",\"datePublished\":\"2021-02-18T05:27:56+00:00\",\"mainEntityOfPage\":{\"@id\":\"https:\\\/\\\/radioleinewelle.de\\\/index.php\\\/2021\\\/02\\\/18\\\/corona-langeweile-bei-ihren-kindern-bloss-nicht\\\/\"},\"wordCount\":319,\"publisher\":{\"@id\":\"https:\\\/\\\/radioleinewelle.de\\\/#organization\"},\"articleSection\":[\"Kultur\"],\"inLanguage\":\"de\"},{\"@type\":\"WebPage\",\"@id\":\"https:\\\/\\\/radioleinewelle.de\\\/index.php\\\/2021\\\/02\\\/18\\\/corona-langeweile-bei-ihren-kindern-bloss-nicht\\\/\",\"url\":\"https:\\\/\\\/radioleinewelle.de\\\/index.php\\\/2021\\\/02\\\/18\\\/corona-langeweile-bei-ihren-kindern-bloss-nicht\\\/\",\"name\":\"Corona-Langeweile bei Ihren Kindern? Blo\u00df nicht! - Radio Leinewelle\",\"isPartOf\":{\"@id\":\"https:\\\/\\\/radioleinewelle.de\\\/#website\"},\"datePublished\":\"2021-02-18T05:27:56+00:00\",\"breadcrumb\":{\"@id\":\"https:\\\/\\\/radioleinewelle.de\\\/index.php\\\/2021\\\/02\\\/18\\\/corona-langeweile-bei-ihren-kindern-bloss-nicht\\\/#breadcrumb\"},\"inLanguage\":\"de\",\"potentialAction\":[{\"@type\":\"ReadAction\",\"target\":[\"https:\\\/\\\/radioleinewelle.de\\\/index.php\\\/2021\\\/02\\\/18\\\/corona-langeweile-bei-ihren-kindern-bloss-nicht\\\/\"]}]},{\"@type\":\"BreadcrumbList\",\"@id\":\"https:\\\/\\\/radioleinewelle.de\\\/index.php\\\/2021\\\/02\\\/18\\\/corona-langeweile-bei-ihren-kindern-bloss-nicht\\\/#breadcrumb\",\"itemListElement\":[{\"@type\":\"ListItem\",\"position\":1,\"name\":\"Startseite\",\"item\":\"https:\\\/\\\/radioleinewelle.de\\\/\"},{\"@type\":\"ListItem\",\"position\":2,\"name\":\"Corona-Langeweile bei Ihren Kindern? Blo\u00df nicht!\"}]},{\"@type\":\"WebSite\",\"@id\":\"https:\\\/\\\/radioleinewelle.de\\\/#website\",\"url\":\"https:\\\/\\\/radioleinewelle.de\\\/\",\"name\":\"Radio Leinewelle\",\"description\":\"\",\"publisher\":{\"@id\":\"https:\\\/\\\/radioleinewelle.de\\\/#organization\"},\"potentialAction\":[{\"@type\":\"SearchAction\",\"target\":{\"@type\":\"EntryPoint\",\"urlTemplate\":\"https:\\\/\\\/radioleinewelle.de\\\/?s={search_term_string}\"},\"query-input\":{\"@type\":\"PropertyValueSpecification\",\"valueRequired\":true,\"valueName\":\"search_term_string\"}}],\"inLanguage\":\"de\"},{\"@type\":\"Organization\",\"@id\":\"https:\\\/\\\/radioleinewelle.de\\\/#organization\",\"name\":\"Radio Leinewelle\",\"alternateName\":\"Mein Radio f\u00fcr S\u00fcdniedersachsen\",\"url\":\"https:\\\/\\\/radioleinewelle.de\\\/\",\"logo\":{\"@type\":\"ImageObject\",\"inLanguage\":\"de\",\"@id\":\"https:\\\/\\\/radioleinewelle.de\\\/#\\\/schema\\\/logo\\\/image\\\/\",\"url\":\"https:\\\/\\\/radioleinewelle.de\\\/wp-content\\\/uploads\\\/2023\\\/11\\\/cropped-Leinewelle_Logo_weiss.png\",\"contentUrl\":\"https:\\\/\\\/radioleinewelle.de\\\/wp-content\\\/uploads\\\/2023\\\/11\\\/cropped-Leinewelle_Logo_weiss.png\",\"width\":854,\"height\":260,\"caption\":\"Radio Leinewelle\"},\"image\":{\"@id\":\"https:\\\/\\\/radioleinewelle.de\\\/#\\\/schema\\\/logo\\\/image\\\/\"},\"sameAs\":[\"https:\\\/\\\/www.facebook.com\\\/radioleinewelle\",\"https:\\\/\\\/x.com\\\/RLeinewelle\",\"https:\\\/\\\/www.instagram.com\\\/radioleinewelle\\\/?hl=de\"]},{\"@type\":\"Person\",\"@id\":\"https:\\\/\\\/radioleinewelle.de\\\/#\\\/schema\\\/person\\\/45606f348637df637192dc1b68399a63\",\"name\":\"Leinewelle\",\"image\":{\"@type\":\"ImageObject\",\"inLanguage\":\"de\",\"@id\":\"https:\\\/\\\/secure.gravatar.com\\\/avatar\\\/05c9a17bc973052ee5d91549bd32fb4dd0dc85b7b85ae94b2e2b4943476bbea5?s=96&d=blank&r=g\",\"url\":\"https:\\\/\\\/secure.gravatar.com\\\/avatar\\\/05c9a17bc973052ee5d91549bd32fb4dd0dc85b7b85ae94b2e2b4943476bbea5?s=96&d=blank&r=g\",\"contentUrl\":\"https:\\\/\\\/secure.gravatar.com\\\/avatar\\\/05c9a17bc973052ee5d91549bd32fb4dd0dc85b7b85ae94b2e2b4943476bbea5?s=96&d=blank&r=g\",\"caption\":\"Leinewelle\"},\"sameAs\":[\"http:\\\/\\\/localhost\\\/radio%20leinewelle\\\/wordpress\",\"https:\\\/\\\/www.facebook.com\\\/radioleinewelle\",\"https:\\\/\\\/www.instagram.com\\\/radioleinewelle\",\"https:\\\/\\\/x.com\\\/https:\\\/\\\/twitter.com\\\/RLeinewelle?ref_src=twsrcgoogletwcampserptwgrauthor\",\"https:\\\/\\\/soundcloud.com\\\/foerderverein-lokalradio?utm_source=clipboard&utm_medium=text&utm_campaign=social_sharing\"],\"url\":\"https:\\\/\\\/radioleinewelle.de\\\/index.php\\\/author\\\/leinewelle\\\/\"}]}<\/script>\n<!-- \/ Yoast SEO plugin. -->","yoast_head_json":{"title":"Corona-Langeweile bei Ihren Kindern? Blo\u00df nicht! - Radio Leinewelle","robots":{"index":"index","follow":"follow","max-snippet":"max-snippet:-1","max-image-preview":"max-image-preview:large","max-video-preview":"max-video-preview:-1"},"canonical":"https:\/\/radioleinewelle.de\/index.php\/2021\/02\/18\/corona-langeweile-bei-ihren-kindern-bloss-nicht\/","og_locale":"de_DE","og_type":"article","og_title":"Corona-Langeweile bei Ihren Kindern? Blo\u00df nicht! - Radio Leinewelle","og_description":"Wie im M\u00e4rchen &#8211; abenteuerliche Kurzgeschichten f\u00fcr Kinder zum Vorlesen&nbsp;(jede Woche neu) Die Schauspieler und Autoren Christoph Buchfink und Andy Clapp haben gemeinsam die Shutdown-Auszeit des Theaters genutzt, um ihre besten Kurzgeschichten aufzuschreiben, zu illustrieren und in diesem Jahr noch als Sammelband herauszugeben. Und das Beste: Diese neuen M\u00e4rchen sind aus Ideen der Kinder selbst [&hellip;]","og_url":"https:\/\/radioleinewelle.de\/index.php\/2021\/02\/18\/corona-langeweile-bei-ihren-kindern-bloss-nicht\/","og_site_name":"Radio Leinewelle","article_publisher":"https:\/\/www.facebook.com\/radioleinewelle","article_author":"https:\/\/www.facebook.com\/radioleinewelle","article_published_time":"2021-02-18T05:27:56+00:00","author":"Leinewelle","twitter_card":"summary_large_image","twitter_creator":"@https:\/\/twitter.com\/RLeinewelle?ref_src=twsrcgoogletwcampserptwgrauthor","twitter_site":"@RLeinewelle","twitter_misc":{"Verfasst von":"Leinewelle","Gesch\u00e4tzte Lesezeit":"2\u00a0Minuten"},"schema":{"@context":"https:\/\/schema.org","@graph":[{"@type":"Article","@id":"https:\/\/radioleinewelle.de\/index.php\/2021\/02\/18\/corona-langeweile-bei-ihren-kindern-bloss-nicht\/#article","isPartOf":{"@id":"https:\/\/radioleinewelle.de\/index.php\/2021\/02\/18\/corona-langeweile-bei-ihren-kindern-bloss-nicht\/"},"author":{"name":"Leinewelle","@id":"https:\/\/radioleinewelle.de\/#\/schema\/person\/45606f348637df637192dc1b68399a63"},"headline":"Corona-Langeweile bei Ihren Kindern? Blo\u00df nicht!","datePublished":"2021-02-18T05:27:56+00:00","mainEntityOfPage":{"@id":"https:\/\/radioleinewelle.de\/index.php\/2021\/02\/18\/corona-langeweile-bei-ihren-kindern-bloss-nicht\/"},"wordCount":319,"publisher":{"@id":"https:\/\/radioleinewelle.de\/#organization"},"articleSection":["Kultur"],"inLanguage":"de"},{"@type":"WebPage","@id":"https:\/\/radioleinewelle.de\/index.php\/2021\/02\/18\/corona-langeweile-bei-ihren-kindern-bloss-nicht\/","url":"https:\/\/radioleinewelle.de\/index.php\/2021\/02\/18\/corona-langeweile-bei-ihren-kindern-bloss-nicht\/","name":"Corona-Langeweile bei Ihren Kindern? Blo\u00df nicht! - Radio Leinewelle","isPartOf":{"@id":"https:\/\/radioleinewelle.de\/#website"},"datePublished":"2021-02-18T05:27:56+00:00","breadcrumb":{"@id":"https:\/\/radioleinewelle.de\/index.php\/2021\/02\/18\/corona-langeweile-bei-ihren-kindern-bloss-nicht\/#breadcrumb"},"inLanguage":"de","potentialAction":[{"@type":"ReadAction","target":["https:\/\/radioleinewelle.de\/index.php\/2021\/02\/18\/corona-langeweile-bei-ihren-kindern-bloss-nicht\/"]}]},{"@type":"BreadcrumbList","@id":"https:\/\/radioleinewelle.de\/index.php\/2021\/02\/18\/corona-langeweile-bei-ihren-kindern-bloss-nicht\/#breadcrumb","itemListElement":[{"@type":"ListItem","position":1,"name":"Startseite","item":"https:\/\/radioleinewelle.de\/"},{"@type":"ListItem","position":2,"name":"Corona-Langeweile bei Ihren Kindern? Blo\u00df nicht!"}]},{"@type":"WebSite","@id":"https:\/\/radioleinewelle.de\/#website","url":"https:\/\/radioleinewelle.de\/","name":"Radio Leinewelle","description":"","publisher":{"@id":"https:\/\/radioleinewelle.de\/#organization"},"potentialAction":[{"@type":"SearchAction","target":{"@type":"EntryPoint","urlTemplate":"https:\/\/radioleinewelle.de\/?s={search_term_string}"},"query-input":{"@type":"PropertyValueSpecification","valueRequired":true,"valueName":"search_term_string"}}],"inLanguage":"de"},{"@type":"Organization","@id":"https:\/\/radioleinewelle.de\/#organization","name":"Radio Leinewelle","alternateName":"Mein Radio f\u00fcr S\u00fcdniedersachsen","url":"https:\/\/radioleinewelle.de\/","logo":{"@type":"ImageObject","inLanguage":"de","@id":"https:\/\/radioleinewelle.de\/#\/schema\/logo\/image\/","url":"https:\/\/radioleinewelle.de\/wp-content\/uploads\/2023\/11\/cropped-Leinewelle_Logo_weiss.png","contentUrl":"https:\/\/radioleinewelle.de\/wp-content\/uploads\/2023\/11\/cropped-Leinewelle_Logo_weiss.png","width":854,"height":260,"caption":"Radio Leinewelle"},"image":{"@id":"https:\/\/radioleinewelle.de\/#\/schema\/logo\/image\/"},"sameAs":["https:\/\/www.facebook.com\/radioleinewelle","https:\/\/x.com\/RLeinewelle","https:\/\/www.instagram.com\/radioleinewelle\/?hl=de"]},{"@type":"Person","@id":"https:\/\/radioleinewelle.de\/#\/schema\/person\/45606f348637df637192dc1b68399a63","name":"Leinewelle","image":{"@type":"ImageObject","inLanguage":"de","@id":"https:\/\/secure.gravatar.com\/avatar\/05c9a17bc973052ee5d91549bd32fb4dd0dc85b7b85ae94b2e2b4943476bbea5?s=96&d=blank&r=g","url":"https:\/\/secure.gravatar.com\/avatar\/05c9a17bc973052ee5d91549bd32fb4dd0dc85b7b85ae94b2e2b4943476bbea5?s=96&d=blank&r=g","contentUrl":"https:\/\/secure.gravatar.com\/avatar\/05c9a17bc973052ee5d91549bd32fb4dd0dc85b7b85ae94b2e2b4943476bbea5?s=96&d=blank&r=g","caption":"Leinewelle"},"sameAs":["http:\/\/localhost\/radio%20leinewelle\/wordpress","https:\/\/www.facebook.com\/radioleinewelle","https:\/\/www.instagram.com\/radioleinewelle","https:\/\/x.com\/https:\/\/twitter.com\/RLeinewelle?ref_src=twsrcgoogletwcampserptwgrauthor","https:\/\/soundcloud.com\/foerderverein-lokalradio?utm_source=clipboard&utm_medium=text&utm_campaign=social_sharing"],"url":"https:\/\/radioleinewelle.de\/index.php\/author\/leinewelle\/"}]}},"_links":{"self":[{"href":"https:\/\/radioleinewelle.de\/index.php\/wp-json\/wp\/v2\/posts\/5347","targetHints":{"allow":["GET"]}}],"collection":[{"href":"https:\/\/radioleinewelle.de\/index.php\/wp-json\/wp\/v2\/posts"}],"about":[{"href":"https:\/\/radioleinewelle.de\/index.php\/wp-json\/wp\/v2\/types\/post"}],"author":[{"embeddable":true,"href":"https:\/\/radioleinewelle.de\/index.php\/wp-json\/wp\/v2\/users\/1"}],"replies":[{"embeddable":true,"href":"https:\/\/radioleinewelle.de\/index.php\/wp-json\/wp\/v2\/comments?post=5347"}],"version-history":[{"count":0,"href":"https:\/\/radioleinewelle.de\/index.php\/wp-json\/wp\/v2\/posts\/5347\/revisions"}],"wp:attachment":[{"href":"https:\/\/radioleinewelle.de\/index.php\/wp-json\/wp\/v2\/media?parent=5347"}],"wp:term":[{"taxonomy":"category","embeddable":true,"href":"https:\/\/radioleinewelle.de\/index.php\/wp-json\/wp\/v2\/categories?post=5347"},{"taxonomy":"post_tag","embeddable":true,"href":"https:\/\/radioleinewelle.de\/index.php\/wp-json\/wp\/v2\/tags?post=5347"}],"curies":[{"name":"wp","href":"https:\/\/api.w.org\/{rel}","templated":true}]}}