{"id":5354,"date":"2021-02-18T06:46:25","date_gmt":"2021-02-18T05:46:25","guid":{"rendered":"https:\/\/radioleinewelle.de\/?p=5354"},"modified":"2021-02-18T06:46:25","modified_gmt":"2021-02-18T05:46:25","slug":"ende-februar-beginnt-die-kroetenwanderung-landkreis-sucht-helfer-fuer-die-kroetenzaeune","status":"publish","type":"post","link":"https:\/\/radioleinewelle.de\/index.php\/2021\/02\/18\/ende-februar-beginnt-die-kroetenwanderung-landkreis-sucht-helfer-fuer-die-kroetenzaeune\/","title":{"rendered":"Ende Februar beginnt die Kr\u00f6tenwanderung &#8211; Landkreis sucht Helfer f\u00fcr die Kr\u00f6tenz\u00e4une"},"content":{"rendered":"\n<p>Zum Schutz der Amphibien, die zu ihren Laichgew\u00e4ssern ziehen, werden von ehrenamtlichen Helfern ab Ende Februar sogenannte Kr\u00f6tenz\u00e4une aufgestellt. Diese werden an besonders stark bewanderten Stra\u00dfen aufgebaut, um Kr\u00f6ten und andere Amphibien auf ihrer Wanderung zu den Laichgew\u00e4ssern zu sch\u00fctzen. F\u00fcr den Aufbau und die Betreuung der Kr\u00f6tenz\u00e4une werden von Naturschutzgruppen freiwillige Helfer gesucht. Informationen f\u00fcr Naturfreunde, welche die diesj\u00e4hrigen Ma\u00dfnahmen zum Amphibienschutz unterst\u00fctzen wollen, gibt es bei der unteren Naturschutzbeh\u00f6rde, erreichbar per Telefon 0551 525-2342 oder per E-Mailnaturschutz@landkreisgoettingen.de.<\/p>\n\n\n\n<p>Bei den Z\u00e4unen handelt sich meist um etwa 50 cm hohe, undurchsichtige Kunststofffolien, die parallel zur Stra\u00dfe aufgebaut werden. Auf der Anwanderungsseite sind in regelm\u00e4\u00dfigen Abst\u00e4nden Fangeimer ebenerdig eingegraben. Der Kr\u00f6tenzaun wird von den wandernden Amphibien als Wanderhindernis wahrgenommen. Beim Versuch das vermeintliche Hindernis zu umgehen, fallen die Amphibien in die Fangeimer. Die gefangenen Amphibien werden gez\u00e4hlt und auf der gegen\u00fcberliegenden Stra\u00dfenseite wieder ausgesetzt. Zur Betreuung eines Kr\u00f6tenzauns ist mindestens einmal t\u00e4glich eine Kontrolle mit Leerung der Fangeimer notwendig. In Zeiten starker Wanderaktivit\u00e4t k\u00f6nnen sogar mehrmalige Leerungen notwendig sein.<\/p>\n\n\n\n<p>Hintergrund: <br \/>Sobald die Temperaturen \u00fcber 5\u00b0 C steigen, setzt bei ausreichend feuchtem Wetter die Wanderung von Erdkr\u00f6ten, Grasfr\u00f6schen, Molchen und anderen Amphibien ein. Die Hauptwanderzeit erstreckt sich von 19:00 bis 24:00 Uhr. Die \u00dcberquerung von Stra\u00dfen endet f\u00fcr die Tiere dabei h\u00e4ufig t\u00f6dlich, da Amphibien etwa f\u00fcnf Minuten zur Querung ben\u00f6tigen. Werden sie vom Scheinwerferlicht angestrahlt, nehmen sie zudem eine Schreckstellung ein. Eine Vielzahl von Tieren wird so \u00fcberfahren.<\/p>\n\n\n\n<p>Bild von&nbsp;<a href=\"https:\/\/pixabay.com\/de\/users\/nikodemus777-8022577\/?utm_source=link-attribution&amp;utm_medium=referral&amp;utm_campaign=image&amp;utm_content=3149746\">Nikodemus777<\/a>&nbsp;auf&nbsp;<a href=\"https:\/\/pixabay.com\/de\/?utm_source=link-attribution&amp;utm_medium=referral&amp;utm_campaign=image&amp;utm_content=3149746\">Pixabay<\/a>&nbsp;<\/p>\n","protected":false},"excerpt":{"rendered":"<p>Zum Schutz der Amphibien, die zu ihren Laichgew\u00e4ssern ziehen, werden von ehrenamtlichen Helfern ab Ende Februar sogenannte Kr\u00f6tenz\u00e4une aufgestellt. Diese werden an besonders stark bewanderten Stra\u00dfen aufgebaut, um Kr\u00f6ten und andere Amphibien auf ihrer Wanderung zu den Laichgew\u00e4ssern zu sch\u00fctzen. F\u00fcr den Aufbau und die Betreuung der Kr\u00f6tenz\u00e4une werden von Naturschutzgruppen freiwillige Helfer gesucht. Informationen [&hellip;]<\/p>\n","protected":false},"author":1,"featured_media":0,"comment_status":"closed","ping_status":"closed","sticky":false,"template":"","format":"standard","meta":{"saved_in_kubio":false,"footnotes":""},"categories":[32],"tags":[],"class_list":["post-5354","post","type-post","status-publish","format-standard","hentry","category-natur-umwelt"],"yoast_head":"<!-- This site is optimized with the Yoast SEO plugin v27.5 - https:\/\/yoast.com\/product\/yoast-seo-wordpress\/ -->\n<title>Ende Februar beginnt die Kr\u00f6tenwanderung - Landkreis sucht Helfer f\u00fcr die Kr\u00f6tenz\u00e4une - Radio Leinewelle<\/title>\n<meta name=\"robots\" content=\"index, follow, max-snippet:-1, max-image-preview:large, max-video-preview:-1\" \/>\n<link rel=\"canonical\" href=\"https:\/\/radioleinewelle.de\/index.php\/2021\/02\/18\/ende-februar-beginnt-die-kroetenwanderung-landkreis-sucht-helfer-fuer-die-kroetenzaeune\/\" \/>\n<meta property=\"og:locale\" content=\"de_DE\" \/>\n<meta property=\"og:type\" content=\"article\" \/>\n<meta property=\"og:title\" content=\"Ende Februar beginnt die Kr\u00f6tenwanderung - Landkreis sucht Helfer f\u00fcr die Kr\u00f6tenz\u00e4une - Radio Leinewelle\" \/>\n<meta property=\"og:description\" content=\"Zum Schutz der Amphibien, die zu ihren Laichgew\u00e4ssern ziehen, werden von ehrenamtlichen Helfern ab Ende Februar sogenannte Kr\u00f6tenz\u00e4une aufgestellt. Diese werden an besonders stark bewanderten Stra\u00dfen aufgebaut, um Kr\u00f6ten und andere Amphibien auf ihrer Wanderung zu den Laichgew\u00e4ssern zu sch\u00fctzen. F\u00fcr den Aufbau und die Betreuung der Kr\u00f6tenz\u00e4une werden von Naturschutzgruppen freiwillige Helfer gesucht. Informationen [&hellip;]\" \/>\n<meta property=\"og:url\" content=\"https:\/\/radioleinewelle.de\/index.php\/2021\/02\/18\/ende-februar-beginnt-die-kroetenwanderung-landkreis-sucht-helfer-fuer-die-kroetenzaeune\/\" \/>\n<meta property=\"og:site_name\" content=\"Radio Leinewelle\" \/>\n<meta property=\"article:publisher\" content=\"https:\/\/www.facebook.com\/radioleinewelle\" \/>\n<meta property=\"article:author\" content=\"https:\/\/www.facebook.com\/radioleinewelle\" \/>\n<meta property=\"article:published_time\" content=\"2021-02-18T05:46:25+00:00\" \/>\n<meta name=\"author\" content=\"Leinewelle\" \/>\n<meta name=\"twitter:card\" content=\"summary_large_image\" \/>\n<meta name=\"twitter:creator\" content=\"@https:\/\/twitter.com\/RLeinewelle?ref_src=twsrcgoogletwcampserptwgrauthor\" \/>\n<meta name=\"twitter:site\" content=\"@RLeinewelle\" \/>\n<meta name=\"twitter:label1\" content=\"Verfasst von\" \/>\n\t<meta name=\"twitter:data1\" content=\"Leinewelle\" \/>\n\t<meta name=\"twitter:label2\" content=\"Gesch\u00e4tzte Lesezeit\" \/>\n\t<meta name=\"twitter:data2\" content=\"1\u00a0Minute\" \/>\n<script type=\"application\/ld+json\" class=\"yoast-schema-graph\">{\"@context\":\"https:\\\/\\\/schema.org\",\"@graph\":[{\"@type\":\"Article\",\"@id\":\"https:\\\/\\\/radioleinewelle.de\\\/index.php\\\/2021\\\/02\\\/18\\\/ende-februar-beginnt-die-kroetenwanderung-landkreis-sucht-helfer-fuer-die-kroetenzaeune\\\/#article\",\"isPartOf\":{\"@id\":\"https:\\\/\\\/radioleinewelle.de\\\/index.php\\\/2021\\\/02\\\/18\\\/ende-februar-beginnt-die-kroetenwanderung-landkreis-sucht-helfer-fuer-die-kroetenzaeune\\\/\"},\"author\":{\"name\":\"Leinewelle\",\"@id\":\"https:\\\/\\\/radioleinewelle.de\\\/#\\\/schema\\\/person\\\/45606f348637df637192dc1b68399a63\"},\"headline\":\"Ende Februar beginnt die Kr\u00f6tenwanderung &#8211; Landkreis sucht Helfer f\u00fcr die Kr\u00f6tenz\u00e4une\",\"datePublished\":\"2021-02-18T05:46:25+00:00\",\"mainEntityOfPage\":{\"@id\":\"https:\\\/\\\/radioleinewelle.de\\\/index.php\\\/2021\\\/02\\\/18\\\/ende-februar-beginnt-die-kroetenwanderung-landkreis-sucht-helfer-fuer-die-kroetenzaeune\\\/\"},\"wordCount\":294,\"publisher\":{\"@id\":\"https:\\\/\\\/radioleinewelle.de\\\/#organization\"},\"articleSection\":[\"Natur &amp; Umwelt\"],\"inLanguage\":\"de\"},{\"@type\":\"WebPage\",\"@id\":\"https:\\\/\\\/radioleinewelle.de\\\/index.php\\\/2021\\\/02\\\/18\\\/ende-februar-beginnt-die-kroetenwanderung-landkreis-sucht-helfer-fuer-die-kroetenzaeune\\\/\",\"url\":\"https:\\\/\\\/radioleinewelle.de\\\/index.php\\\/2021\\\/02\\\/18\\\/ende-februar-beginnt-die-kroetenwanderung-landkreis-sucht-helfer-fuer-die-kroetenzaeune\\\/\",\"name\":\"Ende Februar beginnt die Kr\u00f6tenwanderung - Landkreis sucht Helfer f\u00fcr die Kr\u00f6tenz\u00e4une - Radio Leinewelle\",\"isPartOf\":{\"@id\":\"https:\\\/\\\/radioleinewelle.de\\\/#website\"},\"datePublished\":\"2021-02-18T05:46:25+00:00\",\"breadcrumb\":{\"@id\":\"https:\\\/\\\/radioleinewelle.de\\\/index.php\\\/2021\\\/02\\\/18\\\/ende-februar-beginnt-die-kroetenwanderung-landkreis-sucht-helfer-fuer-die-kroetenzaeune\\\/#breadcrumb\"},\"inLanguage\":\"de\",\"potentialAction\":[{\"@type\":\"ReadAction\",\"target\":[\"https:\\\/\\\/radioleinewelle.de\\\/index.php\\\/2021\\\/02\\\/18\\\/ende-februar-beginnt-die-kroetenwanderung-landkreis-sucht-helfer-fuer-die-kroetenzaeune\\\/\"]}]},{\"@type\":\"BreadcrumbList\",\"@id\":\"https:\\\/\\\/radioleinewelle.de\\\/index.php\\\/2021\\\/02\\\/18\\\/ende-februar-beginnt-die-kroetenwanderung-landkreis-sucht-helfer-fuer-die-kroetenzaeune\\\/#breadcrumb\",\"itemListElement\":[{\"@type\":\"ListItem\",\"position\":1,\"name\":\"Startseite\",\"item\":\"https:\\\/\\\/radioleinewelle.de\\\/\"},{\"@type\":\"ListItem\",\"position\":2,\"name\":\"Ende Februar beginnt die Kr\u00f6tenwanderung &#8211; Landkreis sucht Helfer f\u00fcr die Kr\u00f6tenz\u00e4une\"}]},{\"@type\":\"WebSite\",\"@id\":\"https:\\\/\\\/radioleinewelle.de\\\/#website\",\"url\":\"https:\\\/\\\/radioleinewelle.de\\\/\",\"name\":\"Radio Leinewelle\",\"description\":\"\",\"publisher\":{\"@id\":\"https:\\\/\\\/radioleinewelle.de\\\/#organization\"},\"potentialAction\":[{\"@type\":\"SearchAction\",\"target\":{\"@type\":\"EntryPoint\",\"urlTemplate\":\"https:\\\/\\\/radioleinewelle.de\\\/?s={search_term_string}\"},\"query-input\":{\"@type\":\"PropertyValueSpecification\",\"valueRequired\":true,\"valueName\":\"search_term_string\"}}],\"inLanguage\":\"de\"},{\"@type\":\"Organization\",\"@id\":\"https:\\\/\\\/radioleinewelle.de\\\/#organization\",\"name\":\"Radio Leinewelle\",\"alternateName\":\"Mein Radio f\u00fcr S\u00fcdniedersachsen\",\"url\":\"https:\\\/\\\/radioleinewelle.de\\\/\",\"logo\":{\"@type\":\"ImageObject\",\"inLanguage\":\"de\",\"@id\":\"https:\\\/\\\/radioleinewelle.de\\\/#\\\/schema\\\/logo\\\/image\\\/\",\"url\":\"https:\\\/\\\/radioleinewelle.de\\\/wp-content\\\/uploads\\\/2023\\\/11\\\/cropped-Leinewelle_Logo_weiss.png\",\"contentUrl\":\"https:\\\/\\\/radioleinewelle.de\\\/wp-content\\\/uploads\\\/2023\\\/11\\\/cropped-Leinewelle_Logo_weiss.png\",\"width\":854,\"height\":260,\"caption\":\"Radio Leinewelle\"},\"image\":{\"@id\":\"https:\\\/\\\/radioleinewelle.de\\\/#\\\/schema\\\/logo\\\/image\\\/\"},\"sameAs\":[\"https:\\\/\\\/www.facebook.com\\\/radioleinewelle\",\"https:\\\/\\\/x.com\\\/RLeinewelle\",\"https:\\\/\\\/www.instagram.com\\\/radioleinewelle\\\/?hl=de\"]},{\"@type\":\"Person\",\"@id\":\"https:\\\/\\\/radioleinewelle.de\\\/#\\\/schema\\\/person\\\/45606f348637df637192dc1b68399a63\",\"name\":\"Leinewelle\",\"image\":{\"@type\":\"ImageObject\",\"inLanguage\":\"de\",\"@id\":\"https:\\\/\\\/secure.gravatar.com\\\/avatar\\\/05c9a17bc973052ee5d91549bd32fb4dd0dc85b7b85ae94b2e2b4943476bbea5?s=96&d=blank&r=g\",\"url\":\"https:\\\/\\\/secure.gravatar.com\\\/avatar\\\/05c9a17bc973052ee5d91549bd32fb4dd0dc85b7b85ae94b2e2b4943476bbea5?s=96&d=blank&r=g\",\"contentUrl\":\"https:\\\/\\\/secure.gravatar.com\\\/avatar\\\/05c9a17bc973052ee5d91549bd32fb4dd0dc85b7b85ae94b2e2b4943476bbea5?s=96&d=blank&r=g\",\"caption\":\"Leinewelle\"},\"sameAs\":[\"http:\\\/\\\/localhost\\\/radio%20leinewelle\\\/wordpress\",\"https:\\\/\\\/www.facebook.com\\\/radioleinewelle\",\"https:\\\/\\\/www.instagram.com\\\/radioleinewelle\",\"https:\\\/\\\/x.com\\\/https:\\\/\\\/twitter.com\\\/RLeinewelle?ref_src=twsrcgoogletwcampserptwgrauthor\",\"https:\\\/\\\/soundcloud.com\\\/foerderverein-lokalradio?utm_source=clipboard&utm_medium=text&utm_campaign=social_sharing\"],\"url\":\"https:\\\/\\\/radioleinewelle.de\\\/index.php\\\/author\\\/leinewelle\\\/\"}]}<\/script>\n<!-- \/ Yoast SEO plugin. -->","yoast_head_json":{"title":"Ende Februar beginnt die Kr\u00f6tenwanderung - Landkreis sucht Helfer f\u00fcr die Kr\u00f6tenz\u00e4une - Radio Leinewelle","robots":{"index":"index","follow":"follow","max-snippet":"max-snippet:-1","max-image-preview":"max-image-preview:large","max-video-preview":"max-video-preview:-1"},"canonical":"https:\/\/radioleinewelle.de\/index.php\/2021\/02\/18\/ende-februar-beginnt-die-kroetenwanderung-landkreis-sucht-helfer-fuer-die-kroetenzaeune\/","og_locale":"de_DE","og_type":"article","og_title":"Ende Februar beginnt die Kr\u00f6tenwanderung - Landkreis sucht Helfer f\u00fcr die Kr\u00f6tenz\u00e4une - Radio Leinewelle","og_description":"Zum Schutz der Amphibien, die zu ihren Laichgew\u00e4ssern ziehen, werden von ehrenamtlichen Helfern ab Ende Februar sogenannte Kr\u00f6tenz\u00e4une aufgestellt. Diese werden an besonders stark bewanderten Stra\u00dfen aufgebaut, um Kr\u00f6ten und andere Amphibien auf ihrer Wanderung zu den Laichgew\u00e4ssern zu sch\u00fctzen. F\u00fcr den Aufbau und die Betreuung der Kr\u00f6tenz\u00e4une werden von Naturschutzgruppen freiwillige Helfer gesucht. Informationen [&hellip;]","og_url":"https:\/\/radioleinewelle.de\/index.php\/2021\/02\/18\/ende-februar-beginnt-die-kroetenwanderung-landkreis-sucht-helfer-fuer-die-kroetenzaeune\/","og_site_name":"Radio Leinewelle","article_publisher":"https:\/\/www.facebook.com\/radioleinewelle","article_author":"https:\/\/www.facebook.com\/radioleinewelle","article_published_time":"2021-02-18T05:46:25+00:00","author":"Leinewelle","twitter_card":"summary_large_image","twitter_creator":"@https:\/\/twitter.com\/RLeinewelle?ref_src=twsrcgoogletwcampserptwgrauthor","twitter_site":"@RLeinewelle","twitter_misc":{"Verfasst von":"Leinewelle","Gesch\u00e4tzte Lesezeit":"1\u00a0Minute"},"schema":{"@context":"https:\/\/schema.org","@graph":[{"@type":"Article","@id":"https:\/\/radioleinewelle.de\/index.php\/2021\/02\/18\/ende-februar-beginnt-die-kroetenwanderung-landkreis-sucht-helfer-fuer-die-kroetenzaeune\/#article","isPartOf":{"@id":"https:\/\/radioleinewelle.de\/index.php\/2021\/02\/18\/ende-februar-beginnt-die-kroetenwanderung-landkreis-sucht-helfer-fuer-die-kroetenzaeune\/"},"author":{"name":"Leinewelle","@id":"https:\/\/radioleinewelle.de\/#\/schema\/person\/45606f348637df637192dc1b68399a63"},"headline":"Ende Februar beginnt die Kr\u00f6tenwanderung &#8211; Landkreis sucht Helfer f\u00fcr die Kr\u00f6tenz\u00e4une","datePublished":"2021-02-18T05:46:25+00:00","mainEntityOfPage":{"@id":"https:\/\/radioleinewelle.de\/index.php\/2021\/02\/18\/ende-februar-beginnt-die-kroetenwanderung-landkreis-sucht-helfer-fuer-die-kroetenzaeune\/"},"wordCount":294,"publisher":{"@id":"https:\/\/radioleinewelle.de\/#organization"},"articleSection":["Natur &amp; Umwelt"],"inLanguage":"de"},{"@type":"WebPage","@id":"https:\/\/radioleinewelle.de\/index.php\/2021\/02\/18\/ende-februar-beginnt-die-kroetenwanderung-landkreis-sucht-helfer-fuer-die-kroetenzaeune\/","url":"https:\/\/radioleinewelle.de\/index.php\/2021\/02\/18\/ende-februar-beginnt-die-kroetenwanderung-landkreis-sucht-helfer-fuer-die-kroetenzaeune\/","name":"Ende Februar beginnt die Kr\u00f6tenwanderung - Landkreis sucht Helfer f\u00fcr die Kr\u00f6tenz\u00e4une - Radio Leinewelle","isPartOf":{"@id":"https:\/\/radioleinewelle.de\/#website"},"datePublished":"2021-02-18T05:46:25+00:00","breadcrumb":{"@id":"https:\/\/radioleinewelle.de\/index.php\/2021\/02\/18\/ende-februar-beginnt-die-kroetenwanderung-landkreis-sucht-helfer-fuer-die-kroetenzaeune\/#breadcrumb"},"inLanguage":"de","potentialAction":[{"@type":"ReadAction","target":["https:\/\/radioleinewelle.de\/index.php\/2021\/02\/18\/ende-februar-beginnt-die-kroetenwanderung-landkreis-sucht-helfer-fuer-die-kroetenzaeune\/"]}]},{"@type":"BreadcrumbList","@id":"https:\/\/radioleinewelle.de\/index.php\/2021\/02\/18\/ende-februar-beginnt-die-kroetenwanderung-landkreis-sucht-helfer-fuer-die-kroetenzaeune\/#breadcrumb","itemListElement":[{"@type":"ListItem","position":1,"name":"Startseite","item":"https:\/\/radioleinewelle.de\/"},{"@type":"ListItem","position":2,"name":"Ende Februar beginnt die Kr\u00f6tenwanderung &#8211; Landkreis sucht Helfer f\u00fcr die Kr\u00f6tenz\u00e4une"}]},{"@type":"WebSite","@id":"https:\/\/radioleinewelle.de\/#website","url":"https:\/\/radioleinewelle.de\/","name":"Radio Leinewelle","description":"","publisher":{"@id":"https:\/\/radioleinewelle.de\/#organization"},"potentialAction":[{"@type":"SearchAction","target":{"@type":"EntryPoint","urlTemplate":"https:\/\/radioleinewelle.de\/?s={search_term_string}"},"query-input":{"@type":"PropertyValueSpecification","valueRequired":true,"valueName":"search_term_string"}}],"inLanguage":"de"},{"@type":"Organization","@id":"https:\/\/radioleinewelle.de\/#organization","name":"Radio Leinewelle","alternateName":"Mein Radio f\u00fcr S\u00fcdniedersachsen","url":"https:\/\/radioleinewelle.de\/","logo":{"@type":"ImageObject","inLanguage":"de","@id":"https:\/\/radioleinewelle.de\/#\/schema\/logo\/image\/","url":"https:\/\/radioleinewelle.de\/wp-content\/uploads\/2023\/11\/cropped-Leinewelle_Logo_weiss.png","contentUrl":"https:\/\/radioleinewelle.de\/wp-content\/uploads\/2023\/11\/cropped-Leinewelle_Logo_weiss.png","width":854,"height":260,"caption":"Radio Leinewelle"},"image":{"@id":"https:\/\/radioleinewelle.de\/#\/schema\/logo\/image\/"},"sameAs":["https:\/\/www.facebook.com\/radioleinewelle","https:\/\/x.com\/RLeinewelle","https:\/\/www.instagram.com\/radioleinewelle\/?hl=de"]},{"@type":"Person","@id":"https:\/\/radioleinewelle.de\/#\/schema\/person\/45606f348637df637192dc1b68399a63","name":"Leinewelle","image":{"@type":"ImageObject","inLanguage":"de","@id":"https:\/\/secure.gravatar.com\/avatar\/05c9a17bc973052ee5d91549bd32fb4dd0dc85b7b85ae94b2e2b4943476bbea5?s=96&d=blank&r=g","url":"https:\/\/secure.gravatar.com\/avatar\/05c9a17bc973052ee5d91549bd32fb4dd0dc85b7b85ae94b2e2b4943476bbea5?s=96&d=blank&r=g","contentUrl":"https:\/\/secure.gravatar.com\/avatar\/05c9a17bc973052ee5d91549bd32fb4dd0dc85b7b85ae94b2e2b4943476bbea5?s=96&d=blank&r=g","caption":"Leinewelle"},"sameAs":["http:\/\/localhost\/radio%20leinewelle\/wordpress","https:\/\/www.facebook.com\/radioleinewelle","https:\/\/www.instagram.com\/radioleinewelle","https:\/\/x.com\/https:\/\/twitter.com\/RLeinewelle?ref_src=twsrcgoogletwcampserptwgrauthor","https:\/\/soundcloud.com\/foerderverein-lokalradio?utm_source=clipboard&utm_medium=text&utm_campaign=social_sharing"],"url":"https:\/\/radioleinewelle.de\/index.php\/author\/leinewelle\/"}]}},"_links":{"self":[{"href":"https:\/\/radioleinewelle.de\/index.php\/wp-json\/wp\/v2\/posts\/5354","targetHints":{"allow":["GET"]}}],"collection":[{"href":"https:\/\/radioleinewelle.de\/index.php\/wp-json\/wp\/v2\/posts"}],"about":[{"href":"https:\/\/radioleinewelle.de\/index.php\/wp-json\/wp\/v2\/types\/post"}],"author":[{"embeddable":true,"href":"https:\/\/radioleinewelle.de\/index.php\/wp-json\/wp\/v2\/users\/1"}],"replies":[{"embeddable":true,"href":"https:\/\/radioleinewelle.de\/index.php\/wp-json\/wp\/v2\/comments?post=5354"}],"version-history":[{"count":0,"href":"https:\/\/radioleinewelle.de\/index.php\/wp-json\/wp\/v2\/posts\/5354\/revisions"}],"wp:attachment":[{"href":"https:\/\/radioleinewelle.de\/index.php\/wp-json\/wp\/v2\/media?parent=5354"}],"wp:term":[{"taxonomy":"category","embeddable":true,"href":"https:\/\/radioleinewelle.de\/index.php\/wp-json\/wp\/v2\/categories?post=5354"},{"taxonomy":"post_tag","embeddable":true,"href":"https:\/\/radioleinewelle.de\/index.php\/wp-json\/wp\/v2\/tags?post=5354"}],"curies":[{"name":"wp","href":"https:\/\/api.w.org\/{rel}","templated":true}]}}