{"id":5368,"date":"2021-02-18T17:30:34","date_gmt":"2021-02-18T16:30:34","guid":{"rendered":"https:\/\/radioleinewelle.de\/?p=5368"},"modified":"2021-02-18T17:30:34","modified_gmt":"2021-02-18T16:30:34","slug":"vier-menschen-bei-glaetteunfaellen-im-raum-friedland-leicht-verletzt","status":"publish","type":"post","link":"https:\/\/radioleinewelle.de\/index.php\/2021\/02\/18\/vier-menschen-bei-glaetteunfaellen-im-raum-friedland-leicht-verletzt\/","title":{"rendered":"Vier Menschen bei Gl\u00e4tteunf\u00e4llen im Raum Friedland leicht verletzt"},"content":{"rendered":"\n<p>GLEICHEN (jk) &#8211; Bei zwei Gl\u00e4tteunf\u00e4llen mit insgesamt drei beteiligen Fahrzeugen sind am fr\u00fchen Donnerstagmorgen (18.02.21) auf der L 568 in der Gemeinde Gleichen (Landkreis G\u00f6ttingen) vier Menschen leicht verletzt worden. Die H\u00f6he des entstandenen Gesamtschadens ist noch offen.&nbsp;<\/p>\n\n\n\n<p>Zun\u00e4chst kam gegen 06.10 Uhr eine 33 Jahre alte Autofahrerin aus dem Landkreis Eichsfeld (Th\u00fcringen) w\u00e4hrend der Fahrt in Richtung Reinhausen vermutlich aufgrund von Stra\u00dfengl\u00e4tte nach rechts von der Fahrbahn ab. Der Opel der Frau \u00fcberschlug sich, prallte gegen einen Baum und blieb anschlie\u00dfend auf dem Dach liegen. Wie durch ein Wunder erlitt die 33-J\u00e4hrige nach Angaben der Polizei Friedland bei dem Unfall nur leichte Verletzungen. An ihrem Auto entstand wirtschaftlicher Totalschaden.&nbsp;<\/p>\n\n\n\n<p>Beim Zusammensto\u00df zweier Fahrzeuge trugen drei weitere Personen gegen 06.55 Uhr ebenfalls leichte Verletzungen davon. Nach vorliegenden Informationen geriet der BMW eines 24 Jahre alten Mannes aus Rosdorf (Landkreis G\u00f6ttingen) auf der glatten Fahrbahn aus noch ungekl\u00e4rter Ursache zun\u00e4chst ins Schlingern und dann auf den Gegenfahrstreifen. Hier stie\u00df das Auto mit einem in Richtung Stockhausen fahrenden Transporter zusammen. Bei der Kollision wurden der 24-j\u00e4hrige BMW-Fahrer, sein 22-Jahre alter Beifahrer und auch der 35 Jahre alte Fahrer des VW Transporters leicht verletzt. Ein weiterer Insasse kam mit dem Schrecken davon.<\/p>\n","protected":false},"excerpt":{"rendered":"<p>GLEICHEN (jk) &#8211; Bei zwei Gl\u00e4tteunf\u00e4llen mit insgesamt drei beteiligen Fahrzeugen sind am fr\u00fchen Donnerstagmorgen (18.02.21) auf der L 568 in der Gemeinde Gleichen (Landkreis G\u00f6ttingen) vier Menschen leicht verletzt worden. Die H\u00f6he des entstandenen Gesamtschadens ist noch offen.&nbsp; Zun\u00e4chst kam gegen 06.10 Uhr eine 33 Jahre alte Autofahrerin aus dem Landkreis Eichsfeld (Th\u00fcringen) w\u00e4hrend [&hellip;]<\/p>\n","protected":false},"author":1,"featured_media":0,"comment_status":"closed","ping_status":"closed","sticky":false,"template":"","format":"standard","meta":{"saved_in_kubio":false,"footnotes":""},"categories":[24],"tags":[],"class_list":["post-5368","post","type-post","status-publish","format-standard","hentry","category-news"],"yoast_head":"<!-- This site is optimized with the Yoast SEO plugin v27.5 - https:\/\/yoast.com\/product\/yoast-seo-wordpress\/ -->\n<title>Vier Menschen bei Gl\u00e4tteunf\u00e4llen im Raum Friedland leicht verletzt - Radio Leinewelle<\/title>\n<meta name=\"robots\" content=\"index, follow, max-snippet:-1, max-image-preview:large, max-video-preview:-1\" \/>\n<link rel=\"canonical\" href=\"https:\/\/radioleinewelle.de\/index.php\/2021\/02\/18\/vier-menschen-bei-glaetteunfaellen-im-raum-friedland-leicht-verletzt\/\" \/>\n<meta property=\"og:locale\" content=\"de_DE\" \/>\n<meta property=\"og:type\" content=\"article\" \/>\n<meta property=\"og:title\" content=\"Vier Menschen bei Gl\u00e4tteunf\u00e4llen im Raum Friedland leicht verletzt - Radio Leinewelle\" \/>\n<meta property=\"og:description\" content=\"GLEICHEN (jk) &#8211; Bei zwei Gl\u00e4tteunf\u00e4llen mit insgesamt drei beteiligen Fahrzeugen sind am fr\u00fchen Donnerstagmorgen (18.02.21) auf der L 568 in der Gemeinde Gleichen (Landkreis G\u00f6ttingen) vier Menschen leicht verletzt worden. Die H\u00f6he des entstandenen Gesamtschadens ist noch offen.&nbsp; Zun\u00e4chst kam gegen 06.10 Uhr eine 33 Jahre alte Autofahrerin aus dem Landkreis Eichsfeld (Th\u00fcringen) w\u00e4hrend [&hellip;]\" \/>\n<meta property=\"og:url\" content=\"https:\/\/radioleinewelle.de\/index.php\/2021\/02\/18\/vier-menschen-bei-glaetteunfaellen-im-raum-friedland-leicht-verletzt\/\" \/>\n<meta property=\"og:site_name\" content=\"Radio Leinewelle\" \/>\n<meta property=\"article:publisher\" content=\"https:\/\/www.facebook.com\/radioleinewelle\" \/>\n<meta property=\"article:author\" content=\"https:\/\/www.facebook.com\/radioleinewelle\" \/>\n<meta property=\"article:published_time\" content=\"2021-02-18T16:30:34+00:00\" \/>\n<meta name=\"author\" content=\"Leinewelle\" \/>\n<meta name=\"twitter:card\" content=\"summary_large_image\" \/>\n<meta name=\"twitter:creator\" content=\"@https:\/\/twitter.com\/RLeinewelle?ref_src=twsrcgoogletwcampserptwgrauthor\" \/>\n<meta name=\"twitter:site\" content=\"@RLeinewelle\" \/>\n<meta name=\"twitter:label1\" content=\"Verfasst von\" \/>\n\t<meta name=\"twitter:data1\" content=\"Leinewelle\" \/>\n\t<meta name=\"twitter:label2\" content=\"Gesch\u00e4tzte Lesezeit\" \/>\n\t<meta name=\"twitter:data2\" content=\"1\u00a0Minute\" \/>\n<script type=\"application\/ld+json\" class=\"yoast-schema-graph\">{\"@context\":\"https:\\\/\\\/schema.org\",\"@graph\":[{\"@type\":\"Article\",\"@id\":\"https:\\\/\\\/radioleinewelle.de\\\/index.php\\\/2021\\\/02\\\/18\\\/vier-menschen-bei-glaetteunfaellen-im-raum-friedland-leicht-verletzt\\\/#article\",\"isPartOf\":{\"@id\":\"https:\\\/\\\/radioleinewelle.de\\\/index.php\\\/2021\\\/02\\\/18\\\/vier-menschen-bei-glaetteunfaellen-im-raum-friedland-leicht-verletzt\\\/\"},\"author\":{\"name\":\"Leinewelle\",\"@id\":\"https:\\\/\\\/radioleinewelle.de\\\/#\\\/schema\\\/person\\\/45606f348637df637192dc1b68399a63\"},\"headline\":\"Vier Menschen bei Gl\u00e4tteunf\u00e4llen im Raum Friedland leicht verletzt\",\"datePublished\":\"2021-02-18T16:30:34+00:00\",\"mainEntityOfPage\":{\"@id\":\"https:\\\/\\\/radioleinewelle.de\\\/index.php\\\/2021\\\/02\\\/18\\\/vier-menschen-bei-glaetteunfaellen-im-raum-friedland-leicht-verletzt\\\/\"},\"wordCount\":222,\"publisher\":{\"@id\":\"https:\\\/\\\/radioleinewelle.de\\\/#organization\"},\"articleSection\":[\"Aktuelle Nachrichten\"],\"inLanguage\":\"de\"},{\"@type\":\"WebPage\",\"@id\":\"https:\\\/\\\/radioleinewelle.de\\\/index.php\\\/2021\\\/02\\\/18\\\/vier-menschen-bei-glaetteunfaellen-im-raum-friedland-leicht-verletzt\\\/\",\"url\":\"https:\\\/\\\/radioleinewelle.de\\\/index.php\\\/2021\\\/02\\\/18\\\/vier-menschen-bei-glaetteunfaellen-im-raum-friedland-leicht-verletzt\\\/\",\"name\":\"Vier Menschen bei Gl\u00e4tteunf\u00e4llen im Raum Friedland leicht verletzt - Radio Leinewelle\",\"isPartOf\":{\"@id\":\"https:\\\/\\\/radioleinewelle.de\\\/#website\"},\"datePublished\":\"2021-02-18T16:30:34+00:00\",\"breadcrumb\":{\"@id\":\"https:\\\/\\\/radioleinewelle.de\\\/index.php\\\/2021\\\/02\\\/18\\\/vier-menschen-bei-glaetteunfaellen-im-raum-friedland-leicht-verletzt\\\/#breadcrumb\"},\"inLanguage\":\"de\",\"potentialAction\":[{\"@type\":\"ReadAction\",\"target\":[\"https:\\\/\\\/radioleinewelle.de\\\/index.php\\\/2021\\\/02\\\/18\\\/vier-menschen-bei-glaetteunfaellen-im-raum-friedland-leicht-verletzt\\\/\"]}]},{\"@type\":\"BreadcrumbList\",\"@id\":\"https:\\\/\\\/radioleinewelle.de\\\/index.php\\\/2021\\\/02\\\/18\\\/vier-menschen-bei-glaetteunfaellen-im-raum-friedland-leicht-verletzt\\\/#breadcrumb\",\"itemListElement\":[{\"@type\":\"ListItem\",\"position\":1,\"name\":\"Startseite\",\"item\":\"https:\\\/\\\/radioleinewelle.de\\\/\"},{\"@type\":\"ListItem\",\"position\":2,\"name\":\"Vier Menschen bei Gl\u00e4tteunf\u00e4llen im Raum Friedland leicht verletzt\"}]},{\"@type\":\"WebSite\",\"@id\":\"https:\\\/\\\/radioleinewelle.de\\\/#website\",\"url\":\"https:\\\/\\\/radioleinewelle.de\\\/\",\"name\":\"Radio Leinewelle\",\"description\":\"\",\"publisher\":{\"@id\":\"https:\\\/\\\/radioleinewelle.de\\\/#organization\"},\"potentialAction\":[{\"@type\":\"SearchAction\",\"target\":{\"@type\":\"EntryPoint\",\"urlTemplate\":\"https:\\\/\\\/radioleinewelle.de\\\/?s={search_term_string}\"},\"query-input\":{\"@type\":\"PropertyValueSpecification\",\"valueRequired\":true,\"valueName\":\"search_term_string\"}}],\"inLanguage\":\"de\"},{\"@type\":\"Organization\",\"@id\":\"https:\\\/\\\/radioleinewelle.de\\\/#organization\",\"name\":\"Radio Leinewelle\",\"alternateName\":\"Mein Radio f\u00fcr S\u00fcdniedersachsen\",\"url\":\"https:\\\/\\\/radioleinewelle.de\\\/\",\"logo\":{\"@type\":\"ImageObject\",\"inLanguage\":\"de\",\"@id\":\"https:\\\/\\\/radioleinewelle.de\\\/#\\\/schema\\\/logo\\\/image\\\/\",\"url\":\"https:\\\/\\\/radioleinewelle.de\\\/wp-content\\\/uploads\\\/2023\\\/11\\\/cropped-Leinewelle_Logo_weiss.png\",\"contentUrl\":\"https:\\\/\\\/radioleinewelle.de\\\/wp-content\\\/uploads\\\/2023\\\/11\\\/cropped-Leinewelle_Logo_weiss.png\",\"width\":854,\"height\":260,\"caption\":\"Radio Leinewelle\"},\"image\":{\"@id\":\"https:\\\/\\\/radioleinewelle.de\\\/#\\\/schema\\\/logo\\\/image\\\/\"},\"sameAs\":[\"https:\\\/\\\/www.facebook.com\\\/radioleinewelle\",\"https:\\\/\\\/x.com\\\/RLeinewelle\",\"https:\\\/\\\/www.instagram.com\\\/radioleinewelle\\\/?hl=de\"]},{\"@type\":\"Person\",\"@id\":\"https:\\\/\\\/radioleinewelle.de\\\/#\\\/schema\\\/person\\\/45606f348637df637192dc1b68399a63\",\"name\":\"Leinewelle\",\"image\":{\"@type\":\"ImageObject\",\"inLanguage\":\"de\",\"@id\":\"https:\\\/\\\/secure.gravatar.com\\\/avatar\\\/05c9a17bc973052ee5d91549bd32fb4dd0dc85b7b85ae94b2e2b4943476bbea5?s=96&d=blank&r=g\",\"url\":\"https:\\\/\\\/secure.gravatar.com\\\/avatar\\\/05c9a17bc973052ee5d91549bd32fb4dd0dc85b7b85ae94b2e2b4943476bbea5?s=96&d=blank&r=g\",\"contentUrl\":\"https:\\\/\\\/secure.gravatar.com\\\/avatar\\\/05c9a17bc973052ee5d91549bd32fb4dd0dc85b7b85ae94b2e2b4943476bbea5?s=96&d=blank&r=g\",\"caption\":\"Leinewelle\"},\"sameAs\":[\"http:\\\/\\\/localhost\\\/radio%20leinewelle\\\/wordpress\",\"https:\\\/\\\/www.facebook.com\\\/radioleinewelle\",\"https:\\\/\\\/www.instagram.com\\\/radioleinewelle\",\"https:\\\/\\\/x.com\\\/https:\\\/\\\/twitter.com\\\/RLeinewelle?ref_src=twsrcgoogletwcampserptwgrauthor\",\"https:\\\/\\\/soundcloud.com\\\/foerderverein-lokalradio?utm_source=clipboard&utm_medium=text&utm_campaign=social_sharing\"],\"url\":\"https:\\\/\\\/radioleinewelle.de\\\/index.php\\\/author\\\/leinewelle\\\/\"}]}<\/script>\n<!-- \/ Yoast SEO plugin. -->","yoast_head_json":{"title":"Vier Menschen bei Gl\u00e4tteunf\u00e4llen im Raum Friedland leicht verletzt - Radio Leinewelle","robots":{"index":"index","follow":"follow","max-snippet":"max-snippet:-1","max-image-preview":"max-image-preview:large","max-video-preview":"max-video-preview:-1"},"canonical":"https:\/\/radioleinewelle.de\/index.php\/2021\/02\/18\/vier-menschen-bei-glaetteunfaellen-im-raum-friedland-leicht-verletzt\/","og_locale":"de_DE","og_type":"article","og_title":"Vier Menschen bei Gl\u00e4tteunf\u00e4llen im Raum Friedland leicht verletzt - Radio Leinewelle","og_description":"GLEICHEN (jk) &#8211; Bei zwei Gl\u00e4tteunf\u00e4llen mit insgesamt drei beteiligen Fahrzeugen sind am fr\u00fchen Donnerstagmorgen (18.02.21) auf der L 568 in der Gemeinde Gleichen (Landkreis G\u00f6ttingen) vier Menschen leicht verletzt worden. Die H\u00f6he des entstandenen Gesamtschadens ist noch offen.&nbsp; Zun\u00e4chst kam gegen 06.10 Uhr eine 33 Jahre alte Autofahrerin aus dem Landkreis Eichsfeld (Th\u00fcringen) w\u00e4hrend [&hellip;]","og_url":"https:\/\/radioleinewelle.de\/index.php\/2021\/02\/18\/vier-menschen-bei-glaetteunfaellen-im-raum-friedland-leicht-verletzt\/","og_site_name":"Radio Leinewelle","article_publisher":"https:\/\/www.facebook.com\/radioleinewelle","article_author":"https:\/\/www.facebook.com\/radioleinewelle","article_published_time":"2021-02-18T16:30:34+00:00","author":"Leinewelle","twitter_card":"summary_large_image","twitter_creator":"@https:\/\/twitter.com\/RLeinewelle?ref_src=twsrcgoogletwcampserptwgrauthor","twitter_site":"@RLeinewelle","twitter_misc":{"Verfasst von":"Leinewelle","Gesch\u00e4tzte Lesezeit":"1\u00a0Minute"},"schema":{"@context":"https:\/\/schema.org","@graph":[{"@type":"Article","@id":"https:\/\/radioleinewelle.de\/index.php\/2021\/02\/18\/vier-menschen-bei-glaetteunfaellen-im-raum-friedland-leicht-verletzt\/#article","isPartOf":{"@id":"https:\/\/radioleinewelle.de\/index.php\/2021\/02\/18\/vier-menschen-bei-glaetteunfaellen-im-raum-friedland-leicht-verletzt\/"},"author":{"name":"Leinewelle","@id":"https:\/\/radioleinewelle.de\/#\/schema\/person\/45606f348637df637192dc1b68399a63"},"headline":"Vier Menschen bei Gl\u00e4tteunf\u00e4llen im Raum Friedland leicht verletzt","datePublished":"2021-02-18T16:30:34+00:00","mainEntityOfPage":{"@id":"https:\/\/radioleinewelle.de\/index.php\/2021\/02\/18\/vier-menschen-bei-glaetteunfaellen-im-raum-friedland-leicht-verletzt\/"},"wordCount":222,"publisher":{"@id":"https:\/\/radioleinewelle.de\/#organization"},"articleSection":["Aktuelle Nachrichten"],"inLanguage":"de"},{"@type":"WebPage","@id":"https:\/\/radioleinewelle.de\/index.php\/2021\/02\/18\/vier-menschen-bei-glaetteunfaellen-im-raum-friedland-leicht-verletzt\/","url":"https:\/\/radioleinewelle.de\/index.php\/2021\/02\/18\/vier-menschen-bei-glaetteunfaellen-im-raum-friedland-leicht-verletzt\/","name":"Vier Menschen bei Gl\u00e4tteunf\u00e4llen im Raum Friedland leicht verletzt - Radio Leinewelle","isPartOf":{"@id":"https:\/\/radioleinewelle.de\/#website"},"datePublished":"2021-02-18T16:30:34+00:00","breadcrumb":{"@id":"https:\/\/radioleinewelle.de\/index.php\/2021\/02\/18\/vier-menschen-bei-glaetteunfaellen-im-raum-friedland-leicht-verletzt\/#breadcrumb"},"inLanguage":"de","potentialAction":[{"@type":"ReadAction","target":["https:\/\/radioleinewelle.de\/index.php\/2021\/02\/18\/vier-menschen-bei-glaetteunfaellen-im-raum-friedland-leicht-verletzt\/"]}]},{"@type":"BreadcrumbList","@id":"https:\/\/radioleinewelle.de\/index.php\/2021\/02\/18\/vier-menschen-bei-glaetteunfaellen-im-raum-friedland-leicht-verletzt\/#breadcrumb","itemListElement":[{"@type":"ListItem","position":1,"name":"Startseite","item":"https:\/\/radioleinewelle.de\/"},{"@type":"ListItem","position":2,"name":"Vier Menschen bei Gl\u00e4tteunf\u00e4llen im Raum Friedland leicht verletzt"}]},{"@type":"WebSite","@id":"https:\/\/radioleinewelle.de\/#website","url":"https:\/\/radioleinewelle.de\/","name":"Radio Leinewelle","description":"","publisher":{"@id":"https:\/\/radioleinewelle.de\/#organization"},"potentialAction":[{"@type":"SearchAction","target":{"@type":"EntryPoint","urlTemplate":"https:\/\/radioleinewelle.de\/?s={search_term_string}"},"query-input":{"@type":"PropertyValueSpecification","valueRequired":true,"valueName":"search_term_string"}}],"inLanguage":"de"},{"@type":"Organization","@id":"https:\/\/radioleinewelle.de\/#organization","name":"Radio Leinewelle","alternateName":"Mein Radio f\u00fcr S\u00fcdniedersachsen","url":"https:\/\/radioleinewelle.de\/","logo":{"@type":"ImageObject","inLanguage":"de","@id":"https:\/\/radioleinewelle.de\/#\/schema\/logo\/image\/","url":"https:\/\/radioleinewelle.de\/wp-content\/uploads\/2023\/11\/cropped-Leinewelle_Logo_weiss.png","contentUrl":"https:\/\/radioleinewelle.de\/wp-content\/uploads\/2023\/11\/cropped-Leinewelle_Logo_weiss.png","width":854,"height":260,"caption":"Radio Leinewelle"},"image":{"@id":"https:\/\/radioleinewelle.de\/#\/schema\/logo\/image\/"},"sameAs":["https:\/\/www.facebook.com\/radioleinewelle","https:\/\/x.com\/RLeinewelle","https:\/\/www.instagram.com\/radioleinewelle\/?hl=de"]},{"@type":"Person","@id":"https:\/\/radioleinewelle.de\/#\/schema\/person\/45606f348637df637192dc1b68399a63","name":"Leinewelle","image":{"@type":"ImageObject","inLanguage":"de","@id":"https:\/\/secure.gravatar.com\/avatar\/05c9a17bc973052ee5d91549bd32fb4dd0dc85b7b85ae94b2e2b4943476bbea5?s=96&d=blank&r=g","url":"https:\/\/secure.gravatar.com\/avatar\/05c9a17bc973052ee5d91549bd32fb4dd0dc85b7b85ae94b2e2b4943476bbea5?s=96&d=blank&r=g","contentUrl":"https:\/\/secure.gravatar.com\/avatar\/05c9a17bc973052ee5d91549bd32fb4dd0dc85b7b85ae94b2e2b4943476bbea5?s=96&d=blank&r=g","caption":"Leinewelle"},"sameAs":["http:\/\/localhost\/radio%20leinewelle\/wordpress","https:\/\/www.facebook.com\/radioleinewelle","https:\/\/www.instagram.com\/radioleinewelle","https:\/\/x.com\/https:\/\/twitter.com\/RLeinewelle?ref_src=twsrcgoogletwcampserptwgrauthor","https:\/\/soundcloud.com\/foerderverein-lokalradio?utm_source=clipboard&utm_medium=text&utm_campaign=social_sharing"],"url":"https:\/\/radioleinewelle.de\/index.php\/author\/leinewelle\/"}]}},"_links":{"self":[{"href":"https:\/\/radioleinewelle.de\/index.php\/wp-json\/wp\/v2\/posts\/5368","targetHints":{"allow":["GET"]}}],"collection":[{"href":"https:\/\/radioleinewelle.de\/index.php\/wp-json\/wp\/v2\/posts"}],"about":[{"href":"https:\/\/radioleinewelle.de\/index.php\/wp-json\/wp\/v2\/types\/post"}],"author":[{"embeddable":true,"href":"https:\/\/radioleinewelle.de\/index.php\/wp-json\/wp\/v2\/users\/1"}],"replies":[{"embeddable":true,"href":"https:\/\/radioleinewelle.de\/index.php\/wp-json\/wp\/v2\/comments?post=5368"}],"version-history":[{"count":0,"href":"https:\/\/radioleinewelle.de\/index.php\/wp-json\/wp\/v2\/posts\/5368\/revisions"}],"wp:attachment":[{"href":"https:\/\/radioleinewelle.de\/index.php\/wp-json\/wp\/v2\/media?parent=5368"}],"wp:term":[{"taxonomy":"category","embeddable":true,"href":"https:\/\/radioleinewelle.de\/index.php\/wp-json\/wp\/v2\/categories?post=5368"},{"taxonomy":"post_tag","embeddable":true,"href":"https:\/\/radioleinewelle.de\/index.php\/wp-json\/wp\/v2\/tags?post=5368"}],"curies":[{"name":"wp","href":"https:\/\/api.w.org\/{rel}","templated":true}]}}