{"id":5373,"date":"2021-02-19T07:17:00","date_gmt":"2021-02-19T06:17:00","guid":{"rendered":"https:\/\/radioleinewelle.de\/?p=5373"},"modified":"2021-02-19T07:17:00","modified_gmt":"2021-02-19T06:17:00","slug":"der-muellberg-waechst-und-waechst-durch-die-corona-pandemie-faellt-laut-goettinger-abfallwirtschaft-mehr-muell-an","status":"publish","type":"post","link":"https:\/\/radioleinewelle.de\/index.php\/2021\/02\/19\/der-muellberg-waechst-und-waechst-durch-die-corona-pandemie-faellt-laut-goettinger-abfallwirtschaft-mehr-muell-an\/","title":{"rendered":"Der M\u00fcllberg w\u00e4chst und w\u00e4chst &#8211; durch die Corona-Pandemie f\u00e4llt laut G\u00f6ttinger Abfallwirtschaft mehr M\u00fcll an"},"content":{"rendered":"\n<p>Seit Monaten nutzt sie jeder von uns mehrmals t\u00e4glich und wirft sie nach kurzer Nutzungsdauer weg: Die Rede ist von Corona-Schutzausr\u00fcstung wie Masken und Handschuhen. Sie wurden weltweit in riesigen St\u00fcckzahlen produziert und landen jetzt massenhaft im M\u00fcll. Der Abfallzweckverband S\u00fcdniedersachsen sch\u00e4tzt, dass die Menge coronabedingter Abf\u00e4lle, wie Masken und Handschuhen aus Test- und Impfzentren, Heimen oder Krankenh\u00e4usern mit rund 30 Tonnen anzugeben ist.<\/p>\n\n\n\n<p>Kann man die Schutzausr\u00fcstung gegen Corona eigentlich Recyceln oder wohin entsorgt man sie? Einmalhandschuhe sind aus Kunststoff. Also in den gelben Sack damit? Einmal-Masken f\u00fchlen sich hingegen papier\u00e4hnlich an. Sind sie also im Papierm\u00fcll zu entsorgen? Eines steht fest, man soll die Sachen nur einmal verwenden.\u201eMasken und Einweghandschuhe sind ein Fall f\u00fcr den Restabfallbeh\u00e4lter\u201c, erkl\u00e4ren die G\u00f6ttinger Entsorgungsbetriebe (GEB). Wenn davon ausgegangen werden kann, dass es sich um infizierte Abf\u00e4lle handelt, muss beides zuvor noch zus\u00e4tzlich verpackt werden.In der anfallenden Gesamt-Abfallmenge von Stadt und Landkreis spiele der Masken-M\u00fcll aber tats\u00e4chlich nur eine untergeordnete Rolle. Die Abfallwirtschaft G\u00f6ttingen registrierte im Corona-Jahr f\u00fcr den Bereich des Altkreises G\u00f6ttingen einen Anstieg von 422 Tonnen M\u00fcll.<\/p>\n\n\n\n<p>Der Grund liege eher darin, dass die Menschen aufgrund der Kontaktbeschr\u00e4nkungen und Infektionsschutzma\u00dfnahmen mehr Zeit zu Hause verbringen und dadurch auch mehr Abfall anf\u00e4llt.&nbsp;<\/p>\n\n\n\n<p>Bild von&nbsp;<a href=\"https:\/\/pixabay.com\/de\/users\/bluebudgie-4333174\/?utm_source=link-attribution&amp;utm_medium=referral&amp;utm_campaign=image&amp;utm_content=2270582\">bluebudgie<\/a>&nbsp;auf&nbsp;<a href=\"https:\/\/pixabay.com\/de\/?utm_source=link-attribution&amp;utm_medium=referral&amp;utm_campaign=image&amp;utm_content=2270582\">Pixabay<\/a><\/p>\n","protected":false},"excerpt":{"rendered":"<p>Seit Monaten nutzt sie jeder von uns mehrmals t\u00e4glich und wirft sie nach kurzer Nutzungsdauer weg: Die Rede ist von Corona-Schutzausr\u00fcstung wie Masken und Handschuhen. Sie wurden weltweit in riesigen St\u00fcckzahlen produziert und landen jetzt massenhaft im M\u00fcll. Der Abfallzweckverband S\u00fcdniedersachsen sch\u00e4tzt, dass die Menge coronabedingter Abf\u00e4lle, wie Masken und Handschuhen aus Test- und Impfzentren, [&hellip;]<\/p>\n","protected":false},"author":1,"featured_media":5374,"comment_status":"closed","ping_status":"closed","sticky":false,"template":"","format":"standard","meta":{"saved_in_kubio":false,"footnotes":""},"categories":[24],"tags":[],"class_list":["post-5373","post","type-post","status-publish","format-standard","has-post-thumbnail","hentry","category-news"],"yoast_head":"<!-- This site is optimized with the Yoast SEO plugin v27.5 - https:\/\/yoast.com\/product\/yoast-seo-wordpress\/ -->\n<title>Der M\u00fcllberg w\u00e4chst und w\u00e4chst - durch die Corona-Pandemie f\u00e4llt laut G\u00f6ttinger Abfallwirtschaft mehr M\u00fcll an - Radio Leinewelle<\/title>\n<meta name=\"robots\" content=\"index, follow, max-snippet:-1, max-image-preview:large, max-video-preview:-1\" \/>\n<link rel=\"canonical\" href=\"https:\/\/radioleinewelle.de\/index.php\/2021\/02\/19\/der-muellberg-waechst-und-waechst-durch-die-corona-pandemie-faellt-laut-goettinger-abfallwirtschaft-mehr-muell-an\/\" \/>\n<meta property=\"og:locale\" content=\"de_DE\" \/>\n<meta property=\"og:type\" content=\"article\" \/>\n<meta property=\"og:title\" content=\"Der M\u00fcllberg w\u00e4chst und w\u00e4chst - durch die Corona-Pandemie f\u00e4llt laut G\u00f6ttinger Abfallwirtschaft mehr M\u00fcll an - Radio Leinewelle\" \/>\n<meta property=\"og:description\" content=\"Seit Monaten nutzt sie jeder von uns mehrmals t\u00e4glich und wirft sie nach kurzer Nutzungsdauer weg: Die Rede ist von Corona-Schutzausr\u00fcstung wie Masken und Handschuhen. Sie wurden weltweit in riesigen St\u00fcckzahlen produziert und landen jetzt massenhaft im M\u00fcll. Der Abfallzweckverband S\u00fcdniedersachsen sch\u00e4tzt, dass die Menge coronabedingter Abf\u00e4lle, wie Masken und Handschuhen aus Test- und Impfzentren, [&hellip;]\" \/>\n<meta property=\"og:url\" content=\"https:\/\/radioleinewelle.de\/index.php\/2021\/02\/19\/der-muellberg-waechst-und-waechst-durch-die-corona-pandemie-faellt-laut-goettinger-abfallwirtschaft-mehr-muell-an\/\" \/>\n<meta property=\"og:site_name\" content=\"Radio Leinewelle\" \/>\n<meta property=\"article:publisher\" content=\"https:\/\/www.facebook.com\/radioleinewelle\" \/>\n<meta property=\"article:author\" content=\"https:\/\/www.facebook.com\/radioleinewelle\" \/>\n<meta property=\"article:published_time\" content=\"2021-02-19T06:17:00+00:00\" \/>\n<meta property=\"og:image\" content=\"https:\/\/radioleinewelle.de\/wp-content\/uploads\/2021\/02\/wheelie-bin-2270582_640.jpg\" \/>\n\t<meta property=\"og:image:width\" content=\"640\" \/>\n\t<meta property=\"og:image:height\" content=\"426\" \/>\n\t<meta property=\"og:image:type\" content=\"image\/jpeg\" \/>\n<meta name=\"author\" content=\"Leinewelle\" \/>\n<meta name=\"twitter:card\" content=\"summary_large_image\" \/>\n<meta name=\"twitter:creator\" content=\"@https:\/\/twitter.com\/RLeinewelle?ref_src=twsrcgoogletwcampserptwgrauthor\" \/>\n<meta name=\"twitter:site\" content=\"@RLeinewelle\" \/>\n<meta name=\"twitter:label1\" content=\"Verfasst von\" \/>\n\t<meta name=\"twitter:data1\" content=\"Leinewelle\" \/>\n\t<meta name=\"twitter:label2\" content=\"Gesch\u00e4tzte Lesezeit\" \/>\n\t<meta name=\"twitter:data2\" content=\"1\u00a0Minute\" \/>\n<script type=\"application\/ld+json\" class=\"yoast-schema-graph\">{\"@context\":\"https:\\\/\\\/schema.org\",\"@graph\":[{\"@type\":\"Article\",\"@id\":\"https:\\\/\\\/radioleinewelle.de\\\/index.php\\\/2021\\\/02\\\/19\\\/der-muellberg-waechst-und-waechst-durch-die-corona-pandemie-faellt-laut-goettinger-abfallwirtschaft-mehr-muell-an\\\/#article\",\"isPartOf\":{\"@id\":\"https:\\\/\\\/radioleinewelle.de\\\/index.php\\\/2021\\\/02\\\/19\\\/der-muellberg-waechst-und-waechst-durch-die-corona-pandemie-faellt-laut-goettinger-abfallwirtschaft-mehr-muell-an\\\/\"},\"author\":{\"name\":\"Leinewelle\",\"@id\":\"https:\\\/\\\/radioleinewelle.de\\\/#\\\/schema\\\/person\\\/45606f348637df637192dc1b68399a63\"},\"headline\":\"Der M\u00fcllberg w\u00e4chst und w\u00e4chst &#8211; durch die Corona-Pandemie f\u00e4llt laut G\u00f6ttinger Abfallwirtschaft mehr M\u00fcll an\",\"datePublished\":\"2021-02-19T06:17:00+00:00\",\"mainEntityOfPage\":{\"@id\":\"https:\\\/\\\/radioleinewelle.de\\\/index.php\\\/2021\\\/02\\\/19\\\/der-muellberg-waechst-und-waechst-durch-die-corona-pandemie-faellt-laut-goettinger-abfallwirtschaft-mehr-muell-an\\\/\"},\"wordCount\":258,\"publisher\":{\"@id\":\"https:\\\/\\\/radioleinewelle.de\\\/#organization\"},\"image\":{\"@id\":\"https:\\\/\\\/radioleinewelle.de\\\/index.php\\\/2021\\\/02\\\/19\\\/der-muellberg-waechst-und-waechst-durch-die-corona-pandemie-faellt-laut-goettinger-abfallwirtschaft-mehr-muell-an\\\/#primaryimage\"},\"thumbnailUrl\":\"https:\\\/\\\/radioleinewelle.de\\\/wp-content\\\/uploads\\\/2021\\\/02\\\/wheelie-bin-2270582_640.jpg\",\"articleSection\":[\"Aktuelle Nachrichten\"],\"inLanguage\":\"de\"},{\"@type\":\"WebPage\",\"@id\":\"https:\\\/\\\/radioleinewelle.de\\\/index.php\\\/2021\\\/02\\\/19\\\/der-muellberg-waechst-und-waechst-durch-die-corona-pandemie-faellt-laut-goettinger-abfallwirtschaft-mehr-muell-an\\\/\",\"url\":\"https:\\\/\\\/radioleinewelle.de\\\/index.php\\\/2021\\\/02\\\/19\\\/der-muellberg-waechst-und-waechst-durch-die-corona-pandemie-faellt-laut-goettinger-abfallwirtschaft-mehr-muell-an\\\/\",\"name\":\"Der M\u00fcllberg w\u00e4chst und w\u00e4chst - durch die Corona-Pandemie f\u00e4llt laut G\u00f6ttinger Abfallwirtschaft mehr M\u00fcll an - Radio Leinewelle\",\"isPartOf\":{\"@id\":\"https:\\\/\\\/radioleinewelle.de\\\/#website\"},\"primaryImageOfPage\":{\"@id\":\"https:\\\/\\\/radioleinewelle.de\\\/index.php\\\/2021\\\/02\\\/19\\\/der-muellberg-waechst-und-waechst-durch-die-corona-pandemie-faellt-laut-goettinger-abfallwirtschaft-mehr-muell-an\\\/#primaryimage\"},\"image\":{\"@id\":\"https:\\\/\\\/radioleinewelle.de\\\/index.php\\\/2021\\\/02\\\/19\\\/der-muellberg-waechst-und-waechst-durch-die-corona-pandemie-faellt-laut-goettinger-abfallwirtschaft-mehr-muell-an\\\/#primaryimage\"},\"thumbnailUrl\":\"https:\\\/\\\/radioleinewelle.de\\\/wp-content\\\/uploads\\\/2021\\\/02\\\/wheelie-bin-2270582_640.jpg\",\"datePublished\":\"2021-02-19T06:17:00+00:00\",\"breadcrumb\":{\"@id\":\"https:\\\/\\\/radioleinewelle.de\\\/index.php\\\/2021\\\/02\\\/19\\\/der-muellberg-waechst-und-waechst-durch-die-corona-pandemie-faellt-laut-goettinger-abfallwirtschaft-mehr-muell-an\\\/#breadcrumb\"},\"inLanguage\":\"de\",\"potentialAction\":[{\"@type\":\"ReadAction\",\"target\":[\"https:\\\/\\\/radioleinewelle.de\\\/index.php\\\/2021\\\/02\\\/19\\\/der-muellberg-waechst-und-waechst-durch-die-corona-pandemie-faellt-laut-goettinger-abfallwirtschaft-mehr-muell-an\\\/\"]}]},{\"@type\":\"ImageObject\",\"inLanguage\":\"de\",\"@id\":\"https:\\\/\\\/radioleinewelle.de\\\/index.php\\\/2021\\\/02\\\/19\\\/der-muellberg-waechst-und-waechst-durch-die-corona-pandemie-faellt-laut-goettinger-abfallwirtschaft-mehr-muell-an\\\/#primaryimage\",\"url\":\"https:\\\/\\\/radioleinewelle.de\\\/wp-content\\\/uploads\\\/2021\\\/02\\\/wheelie-bin-2270582_640.jpg\",\"contentUrl\":\"https:\\\/\\\/radioleinewelle.de\\\/wp-content\\\/uploads\\\/2021\\\/02\\\/wheelie-bin-2270582_640.jpg\",\"width\":640,\"height\":426},{\"@type\":\"BreadcrumbList\",\"@id\":\"https:\\\/\\\/radioleinewelle.de\\\/index.php\\\/2021\\\/02\\\/19\\\/der-muellberg-waechst-und-waechst-durch-die-corona-pandemie-faellt-laut-goettinger-abfallwirtschaft-mehr-muell-an\\\/#breadcrumb\",\"itemListElement\":[{\"@type\":\"ListItem\",\"position\":1,\"name\":\"Startseite\",\"item\":\"https:\\\/\\\/radioleinewelle.de\\\/\"},{\"@type\":\"ListItem\",\"position\":2,\"name\":\"Der M\u00fcllberg w\u00e4chst und w\u00e4chst &#8211; durch die Corona-Pandemie f\u00e4llt laut G\u00f6ttinger Abfallwirtschaft mehr M\u00fcll an\"}]},{\"@type\":\"WebSite\",\"@id\":\"https:\\\/\\\/radioleinewelle.de\\\/#website\",\"url\":\"https:\\\/\\\/radioleinewelle.de\\\/\",\"name\":\"Radio Leinewelle\",\"description\":\"\",\"publisher\":{\"@id\":\"https:\\\/\\\/radioleinewelle.de\\\/#organization\"},\"potentialAction\":[{\"@type\":\"SearchAction\",\"target\":{\"@type\":\"EntryPoint\",\"urlTemplate\":\"https:\\\/\\\/radioleinewelle.de\\\/?s={search_term_string}\"},\"query-input\":{\"@type\":\"PropertyValueSpecification\",\"valueRequired\":true,\"valueName\":\"search_term_string\"}}],\"inLanguage\":\"de\"},{\"@type\":\"Organization\",\"@id\":\"https:\\\/\\\/radioleinewelle.de\\\/#organization\",\"name\":\"Radio Leinewelle\",\"alternateName\":\"Mein Radio f\u00fcr S\u00fcdniedersachsen\",\"url\":\"https:\\\/\\\/radioleinewelle.de\\\/\",\"logo\":{\"@type\":\"ImageObject\",\"inLanguage\":\"de\",\"@id\":\"https:\\\/\\\/radioleinewelle.de\\\/#\\\/schema\\\/logo\\\/image\\\/\",\"url\":\"https:\\\/\\\/radioleinewelle.de\\\/wp-content\\\/uploads\\\/2023\\\/11\\\/cropped-Leinewelle_Logo_weiss.png\",\"contentUrl\":\"https:\\\/\\\/radioleinewelle.de\\\/wp-content\\\/uploads\\\/2023\\\/11\\\/cropped-Leinewelle_Logo_weiss.png\",\"width\":854,\"height\":260,\"caption\":\"Radio Leinewelle\"},\"image\":{\"@id\":\"https:\\\/\\\/radioleinewelle.de\\\/#\\\/schema\\\/logo\\\/image\\\/\"},\"sameAs\":[\"https:\\\/\\\/www.facebook.com\\\/radioleinewelle\",\"https:\\\/\\\/x.com\\\/RLeinewelle\",\"https:\\\/\\\/www.instagram.com\\\/radioleinewelle\\\/?hl=de\"]},{\"@type\":\"Person\",\"@id\":\"https:\\\/\\\/radioleinewelle.de\\\/#\\\/schema\\\/person\\\/45606f348637df637192dc1b68399a63\",\"name\":\"Leinewelle\",\"image\":{\"@type\":\"ImageObject\",\"inLanguage\":\"de\",\"@id\":\"https:\\\/\\\/secure.gravatar.com\\\/avatar\\\/05c9a17bc973052ee5d91549bd32fb4dd0dc85b7b85ae94b2e2b4943476bbea5?s=96&d=blank&r=g\",\"url\":\"https:\\\/\\\/secure.gravatar.com\\\/avatar\\\/05c9a17bc973052ee5d91549bd32fb4dd0dc85b7b85ae94b2e2b4943476bbea5?s=96&d=blank&r=g\",\"contentUrl\":\"https:\\\/\\\/secure.gravatar.com\\\/avatar\\\/05c9a17bc973052ee5d91549bd32fb4dd0dc85b7b85ae94b2e2b4943476bbea5?s=96&d=blank&r=g\",\"caption\":\"Leinewelle\"},\"sameAs\":[\"http:\\\/\\\/localhost\\\/radio%20leinewelle\\\/wordpress\",\"https:\\\/\\\/www.facebook.com\\\/radioleinewelle\",\"https:\\\/\\\/www.instagram.com\\\/radioleinewelle\",\"https:\\\/\\\/x.com\\\/https:\\\/\\\/twitter.com\\\/RLeinewelle?ref_src=twsrcgoogletwcampserptwgrauthor\",\"https:\\\/\\\/soundcloud.com\\\/foerderverein-lokalradio?utm_source=clipboard&utm_medium=text&utm_campaign=social_sharing\"],\"url\":\"https:\\\/\\\/radioleinewelle.de\\\/index.php\\\/author\\\/leinewelle\\\/\"}]}<\/script>\n<!-- \/ Yoast SEO plugin. -->","yoast_head_json":{"title":"Der M\u00fcllberg w\u00e4chst und w\u00e4chst - durch die Corona-Pandemie f\u00e4llt laut G\u00f6ttinger Abfallwirtschaft mehr M\u00fcll an - Radio Leinewelle","robots":{"index":"index","follow":"follow","max-snippet":"max-snippet:-1","max-image-preview":"max-image-preview:large","max-video-preview":"max-video-preview:-1"},"canonical":"https:\/\/radioleinewelle.de\/index.php\/2021\/02\/19\/der-muellberg-waechst-und-waechst-durch-die-corona-pandemie-faellt-laut-goettinger-abfallwirtschaft-mehr-muell-an\/","og_locale":"de_DE","og_type":"article","og_title":"Der M\u00fcllberg w\u00e4chst und w\u00e4chst - durch die Corona-Pandemie f\u00e4llt laut G\u00f6ttinger Abfallwirtschaft mehr M\u00fcll an - Radio Leinewelle","og_description":"Seit Monaten nutzt sie jeder von uns mehrmals t\u00e4glich und wirft sie nach kurzer Nutzungsdauer weg: Die Rede ist von Corona-Schutzausr\u00fcstung wie Masken und Handschuhen. Sie wurden weltweit in riesigen St\u00fcckzahlen produziert und landen jetzt massenhaft im M\u00fcll. Der Abfallzweckverband S\u00fcdniedersachsen sch\u00e4tzt, dass die Menge coronabedingter Abf\u00e4lle, wie Masken und Handschuhen aus Test- und Impfzentren, [&hellip;]","og_url":"https:\/\/radioleinewelle.de\/index.php\/2021\/02\/19\/der-muellberg-waechst-und-waechst-durch-die-corona-pandemie-faellt-laut-goettinger-abfallwirtschaft-mehr-muell-an\/","og_site_name":"Radio Leinewelle","article_publisher":"https:\/\/www.facebook.com\/radioleinewelle","article_author":"https:\/\/www.facebook.com\/radioleinewelle","article_published_time":"2021-02-19T06:17:00+00:00","og_image":[{"width":640,"height":426,"url":"https:\/\/radioleinewelle.de\/wp-content\/uploads\/2021\/02\/wheelie-bin-2270582_640.jpg","type":"image\/jpeg"}],"author":"Leinewelle","twitter_card":"summary_large_image","twitter_creator":"@https:\/\/twitter.com\/RLeinewelle?ref_src=twsrcgoogletwcampserptwgrauthor","twitter_site":"@RLeinewelle","twitter_misc":{"Verfasst von":"Leinewelle","Gesch\u00e4tzte Lesezeit":"1\u00a0Minute"},"schema":{"@context":"https:\/\/schema.org","@graph":[{"@type":"Article","@id":"https:\/\/radioleinewelle.de\/index.php\/2021\/02\/19\/der-muellberg-waechst-und-waechst-durch-die-corona-pandemie-faellt-laut-goettinger-abfallwirtschaft-mehr-muell-an\/#article","isPartOf":{"@id":"https:\/\/radioleinewelle.de\/index.php\/2021\/02\/19\/der-muellberg-waechst-und-waechst-durch-die-corona-pandemie-faellt-laut-goettinger-abfallwirtschaft-mehr-muell-an\/"},"author":{"name":"Leinewelle","@id":"https:\/\/radioleinewelle.de\/#\/schema\/person\/45606f348637df637192dc1b68399a63"},"headline":"Der M\u00fcllberg w\u00e4chst und w\u00e4chst &#8211; durch die Corona-Pandemie f\u00e4llt laut G\u00f6ttinger Abfallwirtschaft mehr M\u00fcll an","datePublished":"2021-02-19T06:17:00+00:00","mainEntityOfPage":{"@id":"https:\/\/radioleinewelle.de\/index.php\/2021\/02\/19\/der-muellberg-waechst-und-waechst-durch-die-corona-pandemie-faellt-laut-goettinger-abfallwirtschaft-mehr-muell-an\/"},"wordCount":258,"publisher":{"@id":"https:\/\/radioleinewelle.de\/#organization"},"image":{"@id":"https:\/\/radioleinewelle.de\/index.php\/2021\/02\/19\/der-muellberg-waechst-und-waechst-durch-die-corona-pandemie-faellt-laut-goettinger-abfallwirtschaft-mehr-muell-an\/#primaryimage"},"thumbnailUrl":"https:\/\/radioleinewelle.de\/wp-content\/uploads\/2021\/02\/wheelie-bin-2270582_640.jpg","articleSection":["Aktuelle Nachrichten"],"inLanguage":"de"},{"@type":"WebPage","@id":"https:\/\/radioleinewelle.de\/index.php\/2021\/02\/19\/der-muellberg-waechst-und-waechst-durch-die-corona-pandemie-faellt-laut-goettinger-abfallwirtschaft-mehr-muell-an\/","url":"https:\/\/radioleinewelle.de\/index.php\/2021\/02\/19\/der-muellberg-waechst-und-waechst-durch-die-corona-pandemie-faellt-laut-goettinger-abfallwirtschaft-mehr-muell-an\/","name":"Der M\u00fcllberg w\u00e4chst und w\u00e4chst - durch die Corona-Pandemie f\u00e4llt laut G\u00f6ttinger Abfallwirtschaft mehr M\u00fcll an - Radio Leinewelle","isPartOf":{"@id":"https:\/\/radioleinewelle.de\/#website"},"primaryImageOfPage":{"@id":"https:\/\/radioleinewelle.de\/index.php\/2021\/02\/19\/der-muellberg-waechst-und-waechst-durch-die-corona-pandemie-faellt-laut-goettinger-abfallwirtschaft-mehr-muell-an\/#primaryimage"},"image":{"@id":"https:\/\/radioleinewelle.de\/index.php\/2021\/02\/19\/der-muellberg-waechst-und-waechst-durch-die-corona-pandemie-faellt-laut-goettinger-abfallwirtschaft-mehr-muell-an\/#primaryimage"},"thumbnailUrl":"https:\/\/radioleinewelle.de\/wp-content\/uploads\/2021\/02\/wheelie-bin-2270582_640.jpg","datePublished":"2021-02-19T06:17:00+00:00","breadcrumb":{"@id":"https:\/\/radioleinewelle.de\/index.php\/2021\/02\/19\/der-muellberg-waechst-und-waechst-durch-die-corona-pandemie-faellt-laut-goettinger-abfallwirtschaft-mehr-muell-an\/#breadcrumb"},"inLanguage":"de","potentialAction":[{"@type":"ReadAction","target":["https:\/\/radioleinewelle.de\/index.php\/2021\/02\/19\/der-muellberg-waechst-und-waechst-durch-die-corona-pandemie-faellt-laut-goettinger-abfallwirtschaft-mehr-muell-an\/"]}]},{"@type":"ImageObject","inLanguage":"de","@id":"https:\/\/radioleinewelle.de\/index.php\/2021\/02\/19\/der-muellberg-waechst-und-waechst-durch-die-corona-pandemie-faellt-laut-goettinger-abfallwirtschaft-mehr-muell-an\/#primaryimage","url":"https:\/\/radioleinewelle.de\/wp-content\/uploads\/2021\/02\/wheelie-bin-2270582_640.jpg","contentUrl":"https:\/\/radioleinewelle.de\/wp-content\/uploads\/2021\/02\/wheelie-bin-2270582_640.jpg","width":640,"height":426},{"@type":"BreadcrumbList","@id":"https:\/\/radioleinewelle.de\/index.php\/2021\/02\/19\/der-muellberg-waechst-und-waechst-durch-die-corona-pandemie-faellt-laut-goettinger-abfallwirtschaft-mehr-muell-an\/#breadcrumb","itemListElement":[{"@type":"ListItem","position":1,"name":"Startseite","item":"https:\/\/radioleinewelle.de\/"},{"@type":"ListItem","position":2,"name":"Der M\u00fcllberg w\u00e4chst und w\u00e4chst &#8211; durch die Corona-Pandemie f\u00e4llt laut G\u00f6ttinger Abfallwirtschaft mehr M\u00fcll an"}]},{"@type":"WebSite","@id":"https:\/\/radioleinewelle.de\/#website","url":"https:\/\/radioleinewelle.de\/","name":"Radio Leinewelle","description":"","publisher":{"@id":"https:\/\/radioleinewelle.de\/#organization"},"potentialAction":[{"@type":"SearchAction","target":{"@type":"EntryPoint","urlTemplate":"https:\/\/radioleinewelle.de\/?s={search_term_string}"},"query-input":{"@type":"PropertyValueSpecification","valueRequired":true,"valueName":"search_term_string"}}],"inLanguage":"de"},{"@type":"Organization","@id":"https:\/\/radioleinewelle.de\/#organization","name":"Radio Leinewelle","alternateName":"Mein Radio f\u00fcr S\u00fcdniedersachsen","url":"https:\/\/radioleinewelle.de\/","logo":{"@type":"ImageObject","inLanguage":"de","@id":"https:\/\/radioleinewelle.de\/#\/schema\/logo\/image\/","url":"https:\/\/radioleinewelle.de\/wp-content\/uploads\/2023\/11\/cropped-Leinewelle_Logo_weiss.png","contentUrl":"https:\/\/radioleinewelle.de\/wp-content\/uploads\/2023\/11\/cropped-Leinewelle_Logo_weiss.png","width":854,"height":260,"caption":"Radio Leinewelle"},"image":{"@id":"https:\/\/radioleinewelle.de\/#\/schema\/logo\/image\/"},"sameAs":["https:\/\/www.facebook.com\/radioleinewelle","https:\/\/x.com\/RLeinewelle","https:\/\/www.instagram.com\/radioleinewelle\/?hl=de"]},{"@type":"Person","@id":"https:\/\/radioleinewelle.de\/#\/schema\/person\/45606f348637df637192dc1b68399a63","name":"Leinewelle","image":{"@type":"ImageObject","inLanguage":"de","@id":"https:\/\/secure.gravatar.com\/avatar\/05c9a17bc973052ee5d91549bd32fb4dd0dc85b7b85ae94b2e2b4943476bbea5?s=96&d=blank&r=g","url":"https:\/\/secure.gravatar.com\/avatar\/05c9a17bc973052ee5d91549bd32fb4dd0dc85b7b85ae94b2e2b4943476bbea5?s=96&d=blank&r=g","contentUrl":"https:\/\/secure.gravatar.com\/avatar\/05c9a17bc973052ee5d91549bd32fb4dd0dc85b7b85ae94b2e2b4943476bbea5?s=96&d=blank&r=g","caption":"Leinewelle"},"sameAs":["http:\/\/localhost\/radio%20leinewelle\/wordpress","https:\/\/www.facebook.com\/radioleinewelle","https:\/\/www.instagram.com\/radioleinewelle","https:\/\/x.com\/https:\/\/twitter.com\/RLeinewelle?ref_src=twsrcgoogletwcampserptwgrauthor","https:\/\/soundcloud.com\/foerderverein-lokalradio?utm_source=clipboard&utm_medium=text&utm_campaign=social_sharing"],"url":"https:\/\/radioleinewelle.de\/index.php\/author\/leinewelle\/"}]}},"_links":{"self":[{"href":"https:\/\/radioleinewelle.de\/index.php\/wp-json\/wp\/v2\/posts\/5373","targetHints":{"allow":["GET"]}}],"collection":[{"href":"https:\/\/radioleinewelle.de\/index.php\/wp-json\/wp\/v2\/posts"}],"about":[{"href":"https:\/\/radioleinewelle.de\/index.php\/wp-json\/wp\/v2\/types\/post"}],"author":[{"embeddable":true,"href":"https:\/\/radioleinewelle.de\/index.php\/wp-json\/wp\/v2\/users\/1"}],"replies":[{"embeddable":true,"href":"https:\/\/radioleinewelle.de\/index.php\/wp-json\/wp\/v2\/comments?post=5373"}],"version-history":[{"count":0,"href":"https:\/\/radioleinewelle.de\/index.php\/wp-json\/wp\/v2\/posts\/5373\/revisions"}],"wp:featuredmedia":[{"embeddable":true,"href":"https:\/\/radioleinewelle.de\/index.php\/wp-json\/wp\/v2\/media\/5374"}],"wp:attachment":[{"href":"https:\/\/radioleinewelle.de\/index.php\/wp-json\/wp\/v2\/media?parent=5373"}],"wp:term":[{"taxonomy":"category","embeddable":true,"href":"https:\/\/radioleinewelle.de\/index.php\/wp-json\/wp\/v2\/categories?post=5373"},{"taxonomy":"post_tag","embeddable":true,"href":"https:\/\/radioleinewelle.de\/index.php\/wp-json\/wp\/v2\/tags?post=5373"}],"curies":[{"name":"wp","href":"https:\/\/api.w.org\/{rel}","templated":true}]}}