{"id":5375,"date":"2021-02-19T07:20:00","date_gmt":"2021-02-19T06:20:00","guid":{"rendered":"https:\/\/radioleinewelle.de\/?p=5375"},"modified":"2021-02-19T07:20:00","modified_gmt":"2021-02-19T06:20:00","slug":"neues-impfzentrum-des-landes-niedersachsen-wird-jetzt-die-universitaetsmedizin-goettingen","status":"publish","type":"post","link":"https:\/\/radioleinewelle.de\/index.php\/2021\/02\/19\/neues-impfzentrum-des-landes-niedersachsen-wird-jetzt-die-universitaetsmedizin-goettingen\/","title":{"rendered":"Neues Impfzentrum des Landes Niedersachsen wird jetzt die Universit\u00e4tsmedizin G\u00f6ttingen"},"content":{"rendered":"\n<p><\/p>\n\n\n\n<p>Am Dienstagabend  kam&nbsp; die Best\u00e4tigung zum Erlass des Landes, dass die UMG als Impfzentren aufgenommen werde. Die daf\u00fcr erforderliche technische Ausstattung ist bereits bestellt, die Lieferung steht aber noch aus. Letzte Details \u2013 auch dazu, ab wann die UMG als IZ starten kann \u2013 werden gerade noch gekl\u00e4rt.<\/p>\n\n\n\n<p>Die Genehmigung erm\u00f6glicht dem Klinik-Impfzentrum nun ein effektiveres Vorgehen \u2013 auch beim Impfen der eigenen Belegschaft, wo selbst in sensiblen Bereichen wie der Onkologie an der UMG nach Aussage des Direktors Prof. Lorenz Tr\u00fcmper noch nicht alle Mitarbeiter \u2013 im Gegensatz zu Uni-Kliniken in anderen Bundesl\u00e4ndern \u2013 geimpft worden seien.<\/p>\n\n\n\n<p>Auch UMG-Vorstandssprecher Prof. Wolfgang Br\u00fcck hatte sich mit Kr\u00e4ften f\u00fcr eine Anerkennung seines Hauses als Impfzentrum eingesetzt. Es ginge auch darum die Mitarbeiter und somit die Versorgung der Menschen in der Region zu sichern. Deshalb m\u00fcsse z\u00fcgig weitergeimpft werden. Zudem kann nun in der UMG-Apotheke, die mit Tiefstk\u00fchlschr\u00e4nken ausgestattet ist, auch der Impfstoff f\u00fcr das Impfzentrum der Stadt G\u00f6ttingen auf der Siekh\u00f6he gelagert werden, wo nur zus\u00e4tzliche Behelfsk\u00fchleinrichtungen zur Verf\u00fcgung stehen.<\/p>\n","protected":false},"excerpt":{"rendered":"<p>Am Dienstagabend kam&nbsp; die Best\u00e4tigung zum Erlass des Landes, dass die UMG als Impfzentren aufgenommen werde. Die daf\u00fcr erforderliche technische Ausstattung ist bereits bestellt, die Lieferung steht aber noch aus. Letzte Details \u2013 auch dazu, ab wann die UMG als IZ starten kann \u2013 werden gerade noch gekl\u00e4rt. Die Genehmigung erm\u00f6glicht dem Klinik-Impfzentrum nun ein [&hellip;]<\/p>\n","protected":false},"author":1,"featured_media":0,"comment_status":"closed","ping_status":"closed","sticky":false,"template":"","format":"standard","meta":{"saved_in_kubio":false,"footnotes":""},"categories":[23],"tags":[],"class_list":["post-5375","post","type-post","status-publish","format-standard","hentry","category-corona"],"yoast_head":"<!-- This site is optimized with the Yoast SEO plugin v27.5 - https:\/\/yoast.com\/product\/yoast-seo-wordpress\/ -->\n<title>Neues Impfzentrum des Landes Niedersachsen wird jetzt die Universit\u00e4tsmedizin G\u00f6ttingen - Radio Leinewelle<\/title>\n<meta name=\"robots\" content=\"index, follow, max-snippet:-1, max-image-preview:large, max-video-preview:-1\" \/>\n<link rel=\"canonical\" href=\"https:\/\/radioleinewelle.de\/index.php\/2021\/02\/19\/neues-impfzentrum-des-landes-niedersachsen-wird-jetzt-die-universitaetsmedizin-goettingen\/\" \/>\n<meta property=\"og:locale\" content=\"de_DE\" \/>\n<meta property=\"og:type\" content=\"article\" \/>\n<meta property=\"og:title\" content=\"Neues Impfzentrum des Landes Niedersachsen wird jetzt die Universit\u00e4tsmedizin G\u00f6ttingen - Radio Leinewelle\" \/>\n<meta property=\"og:description\" content=\"Am Dienstagabend kam&nbsp; die Best\u00e4tigung zum Erlass des Landes, dass die UMG als Impfzentren aufgenommen werde. Die daf\u00fcr erforderliche technische Ausstattung ist bereits bestellt, die Lieferung steht aber noch aus. Letzte Details \u2013 auch dazu, ab wann die UMG als IZ starten kann \u2013 werden gerade noch gekl\u00e4rt. Die Genehmigung erm\u00f6glicht dem Klinik-Impfzentrum nun ein [&hellip;]\" \/>\n<meta property=\"og:url\" content=\"https:\/\/radioleinewelle.de\/index.php\/2021\/02\/19\/neues-impfzentrum-des-landes-niedersachsen-wird-jetzt-die-universitaetsmedizin-goettingen\/\" \/>\n<meta property=\"og:site_name\" content=\"Radio Leinewelle\" \/>\n<meta property=\"article:publisher\" content=\"https:\/\/www.facebook.com\/radioleinewelle\" \/>\n<meta property=\"article:author\" content=\"https:\/\/www.facebook.com\/radioleinewelle\" \/>\n<meta property=\"article:published_time\" content=\"2021-02-19T06:20:00+00:00\" \/>\n<meta name=\"author\" content=\"Leinewelle\" \/>\n<meta name=\"twitter:card\" content=\"summary_large_image\" \/>\n<meta name=\"twitter:creator\" content=\"@https:\/\/twitter.com\/RLeinewelle?ref_src=twsrcgoogletwcampserptwgrauthor\" \/>\n<meta name=\"twitter:site\" content=\"@RLeinewelle\" \/>\n<meta name=\"twitter:label1\" content=\"Verfasst von\" \/>\n\t<meta name=\"twitter:data1\" content=\"Leinewelle\" \/>\n\t<meta name=\"twitter:label2\" content=\"Gesch\u00e4tzte Lesezeit\" \/>\n\t<meta name=\"twitter:data2\" content=\"1\u00a0Minute\" \/>\n<script type=\"application\/ld+json\" class=\"yoast-schema-graph\">{\"@context\":\"https:\\\/\\\/schema.org\",\"@graph\":[{\"@type\":\"Article\",\"@id\":\"https:\\\/\\\/radioleinewelle.de\\\/index.php\\\/2021\\\/02\\\/19\\\/neues-impfzentrum-des-landes-niedersachsen-wird-jetzt-die-universitaetsmedizin-goettingen\\\/#article\",\"isPartOf\":{\"@id\":\"https:\\\/\\\/radioleinewelle.de\\\/index.php\\\/2021\\\/02\\\/19\\\/neues-impfzentrum-des-landes-niedersachsen-wird-jetzt-die-universitaetsmedizin-goettingen\\\/\"},\"author\":{\"name\":\"Leinewelle\",\"@id\":\"https:\\\/\\\/radioleinewelle.de\\\/#\\\/schema\\\/person\\\/45606f348637df637192dc1b68399a63\"},\"headline\":\"Neues Impfzentrum des Landes Niedersachsen wird jetzt die Universit\u00e4tsmedizin G\u00f6ttingen\",\"datePublished\":\"2021-02-19T06:20:00+00:00\",\"mainEntityOfPage\":{\"@id\":\"https:\\\/\\\/radioleinewelle.de\\\/index.php\\\/2021\\\/02\\\/19\\\/neues-impfzentrum-des-landes-niedersachsen-wird-jetzt-die-universitaetsmedizin-goettingen\\\/\"},\"wordCount\":196,\"publisher\":{\"@id\":\"https:\\\/\\\/radioleinewelle.de\\\/#organization\"},\"articleSection\":[\"Corona\"],\"inLanguage\":\"de\"},{\"@type\":\"WebPage\",\"@id\":\"https:\\\/\\\/radioleinewelle.de\\\/index.php\\\/2021\\\/02\\\/19\\\/neues-impfzentrum-des-landes-niedersachsen-wird-jetzt-die-universitaetsmedizin-goettingen\\\/\",\"url\":\"https:\\\/\\\/radioleinewelle.de\\\/index.php\\\/2021\\\/02\\\/19\\\/neues-impfzentrum-des-landes-niedersachsen-wird-jetzt-die-universitaetsmedizin-goettingen\\\/\",\"name\":\"Neues Impfzentrum des Landes Niedersachsen wird jetzt die Universit\u00e4tsmedizin G\u00f6ttingen - Radio Leinewelle\",\"isPartOf\":{\"@id\":\"https:\\\/\\\/radioleinewelle.de\\\/#website\"},\"datePublished\":\"2021-02-19T06:20:00+00:00\",\"breadcrumb\":{\"@id\":\"https:\\\/\\\/radioleinewelle.de\\\/index.php\\\/2021\\\/02\\\/19\\\/neues-impfzentrum-des-landes-niedersachsen-wird-jetzt-die-universitaetsmedizin-goettingen\\\/#breadcrumb\"},\"inLanguage\":\"de\",\"potentialAction\":[{\"@type\":\"ReadAction\",\"target\":[\"https:\\\/\\\/radioleinewelle.de\\\/index.php\\\/2021\\\/02\\\/19\\\/neues-impfzentrum-des-landes-niedersachsen-wird-jetzt-die-universitaetsmedizin-goettingen\\\/\"]}]},{\"@type\":\"BreadcrumbList\",\"@id\":\"https:\\\/\\\/radioleinewelle.de\\\/index.php\\\/2021\\\/02\\\/19\\\/neues-impfzentrum-des-landes-niedersachsen-wird-jetzt-die-universitaetsmedizin-goettingen\\\/#breadcrumb\",\"itemListElement\":[{\"@type\":\"ListItem\",\"position\":1,\"name\":\"Startseite\",\"item\":\"https:\\\/\\\/radioleinewelle.de\\\/\"},{\"@type\":\"ListItem\",\"position\":2,\"name\":\"Neues Impfzentrum des Landes Niedersachsen wird jetzt die Universit\u00e4tsmedizin G\u00f6ttingen\"}]},{\"@type\":\"WebSite\",\"@id\":\"https:\\\/\\\/radioleinewelle.de\\\/#website\",\"url\":\"https:\\\/\\\/radioleinewelle.de\\\/\",\"name\":\"Radio Leinewelle\",\"description\":\"\",\"publisher\":{\"@id\":\"https:\\\/\\\/radioleinewelle.de\\\/#organization\"},\"potentialAction\":[{\"@type\":\"SearchAction\",\"target\":{\"@type\":\"EntryPoint\",\"urlTemplate\":\"https:\\\/\\\/radioleinewelle.de\\\/?s={search_term_string}\"},\"query-input\":{\"@type\":\"PropertyValueSpecification\",\"valueRequired\":true,\"valueName\":\"search_term_string\"}}],\"inLanguage\":\"de\"},{\"@type\":\"Organization\",\"@id\":\"https:\\\/\\\/radioleinewelle.de\\\/#organization\",\"name\":\"Radio Leinewelle\",\"alternateName\":\"Mein Radio f\u00fcr S\u00fcdniedersachsen\",\"url\":\"https:\\\/\\\/radioleinewelle.de\\\/\",\"logo\":{\"@type\":\"ImageObject\",\"inLanguage\":\"de\",\"@id\":\"https:\\\/\\\/radioleinewelle.de\\\/#\\\/schema\\\/logo\\\/image\\\/\",\"url\":\"https:\\\/\\\/radioleinewelle.de\\\/wp-content\\\/uploads\\\/2023\\\/11\\\/cropped-Leinewelle_Logo_weiss.png\",\"contentUrl\":\"https:\\\/\\\/radioleinewelle.de\\\/wp-content\\\/uploads\\\/2023\\\/11\\\/cropped-Leinewelle_Logo_weiss.png\",\"width\":854,\"height\":260,\"caption\":\"Radio Leinewelle\"},\"image\":{\"@id\":\"https:\\\/\\\/radioleinewelle.de\\\/#\\\/schema\\\/logo\\\/image\\\/\"},\"sameAs\":[\"https:\\\/\\\/www.facebook.com\\\/radioleinewelle\",\"https:\\\/\\\/x.com\\\/RLeinewelle\",\"https:\\\/\\\/www.instagram.com\\\/radioleinewelle\\\/?hl=de\"]},{\"@type\":\"Person\",\"@id\":\"https:\\\/\\\/radioleinewelle.de\\\/#\\\/schema\\\/person\\\/45606f348637df637192dc1b68399a63\",\"name\":\"Leinewelle\",\"image\":{\"@type\":\"ImageObject\",\"inLanguage\":\"de\",\"@id\":\"https:\\\/\\\/secure.gravatar.com\\\/avatar\\\/05c9a17bc973052ee5d91549bd32fb4dd0dc85b7b85ae94b2e2b4943476bbea5?s=96&d=blank&r=g\",\"url\":\"https:\\\/\\\/secure.gravatar.com\\\/avatar\\\/05c9a17bc973052ee5d91549bd32fb4dd0dc85b7b85ae94b2e2b4943476bbea5?s=96&d=blank&r=g\",\"contentUrl\":\"https:\\\/\\\/secure.gravatar.com\\\/avatar\\\/05c9a17bc973052ee5d91549bd32fb4dd0dc85b7b85ae94b2e2b4943476bbea5?s=96&d=blank&r=g\",\"caption\":\"Leinewelle\"},\"sameAs\":[\"http:\\\/\\\/localhost\\\/radio%20leinewelle\\\/wordpress\",\"https:\\\/\\\/www.facebook.com\\\/radioleinewelle\",\"https:\\\/\\\/www.instagram.com\\\/radioleinewelle\",\"https:\\\/\\\/x.com\\\/https:\\\/\\\/twitter.com\\\/RLeinewelle?ref_src=twsrcgoogletwcampserptwgrauthor\",\"https:\\\/\\\/soundcloud.com\\\/foerderverein-lokalradio?utm_source=clipboard&utm_medium=text&utm_campaign=social_sharing\"],\"url\":\"https:\\\/\\\/radioleinewelle.de\\\/index.php\\\/author\\\/leinewelle\\\/\"}]}<\/script>\n<!-- \/ Yoast SEO plugin. -->","yoast_head_json":{"title":"Neues Impfzentrum des Landes Niedersachsen wird jetzt die Universit\u00e4tsmedizin G\u00f6ttingen - Radio Leinewelle","robots":{"index":"index","follow":"follow","max-snippet":"max-snippet:-1","max-image-preview":"max-image-preview:large","max-video-preview":"max-video-preview:-1"},"canonical":"https:\/\/radioleinewelle.de\/index.php\/2021\/02\/19\/neues-impfzentrum-des-landes-niedersachsen-wird-jetzt-die-universitaetsmedizin-goettingen\/","og_locale":"de_DE","og_type":"article","og_title":"Neues Impfzentrum des Landes Niedersachsen wird jetzt die Universit\u00e4tsmedizin G\u00f6ttingen - Radio Leinewelle","og_description":"Am Dienstagabend kam&nbsp; die Best\u00e4tigung zum Erlass des Landes, dass die UMG als Impfzentren aufgenommen werde. Die daf\u00fcr erforderliche technische Ausstattung ist bereits bestellt, die Lieferung steht aber noch aus. Letzte Details \u2013 auch dazu, ab wann die UMG als IZ starten kann \u2013 werden gerade noch gekl\u00e4rt. Die Genehmigung erm\u00f6glicht dem Klinik-Impfzentrum nun ein [&hellip;]","og_url":"https:\/\/radioleinewelle.de\/index.php\/2021\/02\/19\/neues-impfzentrum-des-landes-niedersachsen-wird-jetzt-die-universitaetsmedizin-goettingen\/","og_site_name":"Radio Leinewelle","article_publisher":"https:\/\/www.facebook.com\/radioleinewelle","article_author":"https:\/\/www.facebook.com\/radioleinewelle","article_published_time":"2021-02-19T06:20:00+00:00","author":"Leinewelle","twitter_card":"summary_large_image","twitter_creator":"@https:\/\/twitter.com\/RLeinewelle?ref_src=twsrcgoogletwcampserptwgrauthor","twitter_site":"@RLeinewelle","twitter_misc":{"Verfasst von":"Leinewelle","Gesch\u00e4tzte Lesezeit":"1\u00a0Minute"},"schema":{"@context":"https:\/\/schema.org","@graph":[{"@type":"Article","@id":"https:\/\/radioleinewelle.de\/index.php\/2021\/02\/19\/neues-impfzentrum-des-landes-niedersachsen-wird-jetzt-die-universitaetsmedizin-goettingen\/#article","isPartOf":{"@id":"https:\/\/radioleinewelle.de\/index.php\/2021\/02\/19\/neues-impfzentrum-des-landes-niedersachsen-wird-jetzt-die-universitaetsmedizin-goettingen\/"},"author":{"name":"Leinewelle","@id":"https:\/\/radioleinewelle.de\/#\/schema\/person\/45606f348637df637192dc1b68399a63"},"headline":"Neues Impfzentrum des Landes Niedersachsen wird jetzt die Universit\u00e4tsmedizin G\u00f6ttingen","datePublished":"2021-02-19T06:20:00+00:00","mainEntityOfPage":{"@id":"https:\/\/radioleinewelle.de\/index.php\/2021\/02\/19\/neues-impfzentrum-des-landes-niedersachsen-wird-jetzt-die-universitaetsmedizin-goettingen\/"},"wordCount":196,"publisher":{"@id":"https:\/\/radioleinewelle.de\/#organization"},"articleSection":["Corona"],"inLanguage":"de"},{"@type":"WebPage","@id":"https:\/\/radioleinewelle.de\/index.php\/2021\/02\/19\/neues-impfzentrum-des-landes-niedersachsen-wird-jetzt-die-universitaetsmedizin-goettingen\/","url":"https:\/\/radioleinewelle.de\/index.php\/2021\/02\/19\/neues-impfzentrum-des-landes-niedersachsen-wird-jetzt-die-universitaetsmedizin-goettingen\/","name":"Neues Impfzentrum des Landes Niedersachsen wird jetzt die Universit\u00e4tsmedizin G\u00f6ttingen - Radio Leinewelle","isPartOf":{"@id":"https:\/\/radioleinewelle.de\/#website"},"datePublished":"2021-02-19T06:20:00+00:00","breadcrumb":{"@id":"https:\/\/radioleinewelle.de\/index.php\/2021\/02\/19\/neues-impfzentrum-des-landes-niedersachsen-wird-jetzt-die-universitaetsmedizin-goettingen\/#breadcrumb"},"inLanguage":"de","potentialAction":[{"@type":"ReadAction","target":["https:\/\/radioleinewelle.de\/index.php\/2021\/02\/19\/neues-impfzentrum-des-landes-niedersachsen-wird-jetzt-die-universitaetsmedizin-goettingen\/"]}]},{"@type":"BreadcrumbList","@id":"https:\/\/radioleinewelle.de\/index.php\/2021\/02\/19\/neues-impfzentrum-des-landes-niedersachsen-wird-jetzt-die-universitaetsmedizin-goettingen\/#breadcrumb","itemListElement":[{"@type":"ListItem","position":1,"name":"Startseite","item":"https:\/\/radioleinewelle.de\/"},{"@type":"ListItem","position":2,"name":"Neues Impfzentrum des Landes Niedersachsen wird jetzt die Universit\u00e4tsmedizin G\u00f6ttingen"}]},{"@type":"WebSite","@id":"https:\/\/radioleinewelle.de\/#website","url":"https:\/\/radioleinewelle.de\/","name":"Radio Leinewelle","description":"","publisher":{"@id":"https:\/\/radioleinewelle.de\/#organization"},"potentialAction":[{"@type":"SearchAction","target":{"@type":"EntryPoint","urlTemplate":"https:\/\/radioleinewelle.de\/?s={search_term_string}"},"query-input":{"@type":"PropertyValueSpecification","valueRequired":true,"valueName":"search_term_string"}}],"inLanguage":"de"},{"@type":"Organization","@id":"https:\/\/radioleinewelle.de\/#organization","name":"Radio Leinewelle","alternateName":"Mein Radio f\u00fcr S\u00fcdniedersachsen","url":"https:\/\/radioleinewelle.de\/","logo":{"@type":"ImageObject","inLanguage":"de","@id":"https:\/\/radioleinewelle.de\/#\/schema\/logo\/image\/","url":"https:\/\/radioleinewelle.de\/wp-content\/uploads\/2023\/11\/cropped-Leinewelle_Logo_weiss.png","contentUrl":"https:\/\/radioleinewelle.de\/wp-content\/uploads\/2023\/11\/cropped-Leinewelle_Logo_weiss.png","width":854,"height":260,"caption":"Radio Leinewelle"},"image":{"@id":"https:\/\/radioleinewelle.de\/#\/schema\/logo\/image\/"},"sameAs":["https:\/\/www.facebook.com\/radioleinewelle","https:\/\/x.com\/RLeinewelle","https:\/\/www.instagram.com\/radioleinewelle\/?hl=de"]},{"@type":"Person","@id":"https:\/\/radioleinewelle.de\/#\/schema\/person\/45606f348637df637192dc1b68399a63","name":"Leinewelle","image":{"@type":"ImageObject","inLanguage":"de","@id":"https:\/\/secure.gravatar.com\/avatar\/05c9a17bc973052ee5d91549bd32fb4dd0dc85b7b85ae94b2e2b4943476bbea5?s=96&d=blank&r=g","url":"https:\/\/secure.gravatar.com\/avatar\/05c9a17bc973052ee5d91549bd32fb4dd0dc85b7b85ae94b2e2b4943476bbea5?s=96&d=blank&r=g","contentUrl":"https:\/\/secure.gravatar.com\/avatar\/05c9a17bc973052ee5d91549bd32fb4dd0dc85b7b85ae94b2e2b4943476bbea5?s=96&d=blank&r=g","caption":"Leinewelle"},"sameAs":["http:\/\/localhost\/radio%20leinewelle\/wordpress","https:\/\/www.facebook.com\/radioleinewelle","https:\/\/www.instagram.com\/radioleinewelle","https:\/\/x.com\/https:\/\/twitter.com\/RLeinewelle?ref_src=twsrcgoogletwcampserptwgrauthor","https:\/\/soundcloud.com\/foerderverein-lokalradio?utm_source=clipboard&utm_medium=text&utm_campaign=social_sharing"],"url":"https:\/\/radioleinewelle.de\/index.php\/author\/leinewelle\/"}]}},"_links":{"self":[{"href":"https:\/\/radioleinewelle.de\/index.php\/wp-json\/wp\/v2\/posts\/5375","targetHints":{"allow":["GET"]}}],"collection":[{"href":"https:\/\/radioleinewelle.de\/index.php\/wp-json\/wp\/v2\/posts"}],"about":[{"href":"https:\/\/radioleinewelle.de\/index.php\/wp-json\/wp\/v2\/types\/post"}],"author":[{"embeddable":true,"href":"https:\/\/radioleinewelle.de\/index.php\/wp-json\/wp\/v2\/users\/1"}],"replies":[{"embeddable":true,"href":"https:\/\/radioleinewelle.de\/index.php\/wp-json\/wp\/v2\/comments?post=5375"}],"version-history":[{"count":0,"href":"https:\/\/radioleinewelle.de\/index.php\/wp-json\/wp\/v2\/posts\/5375\/revisions"}],"wp:attachment":[{"href":"https:\/\/radioleinewelle.de\/index.php\/wp-json\/wp\/v2\/media?parent=5375"}],"wp:term":[{"taxonomy":"category","embeddable":true,"href":"https:\/\/radioleinewelle.de\/index.php\/wp-json\/wp\/v2\/categories?post=5375"},{"taxonomy":"post_tag","embeddable":true,"href":"https:\/\/radioleinewelle.de\/index.php\/wp-json\/wp\/v2\/tags?post=5375"}],"curies":[{"name":"wp","href":"https:\/\/api.w.org\/{rel}","templated":true}]}}