{"id":5377,"date":"2021-02-19T05:26:00","date_gmt":"2021-02-19T04:26:00","guid":{"rendered":"https:\/\/radioleinewelle.de\/?p=5377"},"modified":"2021-02-19T05:26:00","modified_gmt":"2021-02-19T04:26:00","slug":"ein-jahr-nach-dem-anschlag-in-hanau-gruene-goettingen-gedenken-den-opfern-rechter-gewalt","status":"publish","type":"post","link":"https:\/\/radioleinewelle.de\/index.php\/2021\/02\/19\/ein-jahr-nach-dem-anschlag-in-hanau-gruene-goettingen-gedenken-den-opfern-rechter-gewalt\/","title":{"rendered":"Ein Jahr nach dem Anschlag in Hanau &#8211; GR\u00dcNE G\u00f6ttingen gedenken den Opfern rechter Gewalt"},"content":{"rendered":"\n<h2 class=\"wp-block-heading\"><\/h2>\n\n\n\n<p>Heute am Freitag, den 19.02.2021, j\u00e4hrt sich der rassistische Anschlag in Hanau, bei dem ein rechtsextremer Terrorist 10 Menschen ermordete. Auch in G\u00f6ttingen werden Gedenkveranstaltungen stattfinden.<\/p>\n\n\n\n<p>Dazu Christina Urlaub vom Stadtvorstand der GR\u00dcNEN G\u00f6ttingen: <br \/>&#8222;Wir m\u00fcssen vor allem die Opfer rassistischer Anschl\u00e4ge in Erinnerung behalten. In Hanau waren das: Ferhat Unvar, Hamza Kurtovi\u0107, Said Nesar Hashemi, Vili Viorel P\u0103un, Mercedes Kierpacz, Kaloyan Velkov, Fatih Sara\u00e7o\u011flu, Sedat G\u00fcrb\u00fcz und G\u00f6khan G\u00fcltekin. Wir GR\u00dcNEN G\u00f6ttingen rufen deshalb dazu auf, die in G\u00f6ttingen stattfindenden Gedenkveranstaltungen, nat\u00fcrlich unter Einhaltung der Corona-Schutzma\u00dfnahmen, zu besuchen. Dort kommen diejenigen zu Wort, die auch hier in G\u00f6ttingen von Rassismus betroffen sind. Es ist unbedingt notwendig, ihnen zuzuh\u00f6ren und ihnen unsere Solidarit\u00e4t zu zeigen. Denn rassistischen Diskriminierungen wird noch immer nicht entschieden genug entgegen getreten &#8211; auf der pers\u00f6nlichen Ebene, aber auch auf der strukturellen und institutionellen Ebene. Trotz der bitteren Erfahrungen der letzten Jahre wird die Verbreitung von Rassismus immer noch untersch\u00e4tzt.&#8220;<\/p>\n\n\n\n<p>Gregor Kreuzer aus dem Kreisvorstand der G\u00f6ttinger GR\u00dcNEN erg\u00e4nzt: &#8222;Rechter Terror ist eines der gr\u00f6\u00dften Sicherheitsrisiken f\u00fcr alle, die nicht den Vorstellungen der Mehrheitsgesellschaft entsprechen. Insbesondere gegen Menschen mit Migrationsgeschichte und Menschen, die nicht als Deutsch gelesen werden, richtet sich Hass. Der Staat muss jedem Verdacht auf rechte Umtriebe mit aller Konsequenz nachgehen. Wir als Stadtgesellschaft stellen uns sch\u00fctzend vor alle B\u00fcrgerinnen und B\u00fcrger, egal woher sie kommen, wen sie lieben und wie sie aussehen. In unserer Vielfalt liegt unsere St\u00e4rke.&#8220;<\/p>\n","protected":false},"excerpt":{"rendered":"<p>Heute am Freitag, den 19.02.2021, j\u00e4hrt sich der rassistische Anschlag in Hanau, bei dem ein rechtsextremer Terrorist 10 Menschen ermordete. Auch in G\u00f6ttingen werden Gedenkveranstaltungen stattfinden. Dazu Christina Urlaub vom Stadtvorstand der GR\u00dcNEN G\u00f6ttingen: &#8222;Wir m\u00fcssen vor allem die Opfer rassistischer Anschl\u00e4ge in Erinnerung behalten. In Hanau waren das: Ferhat Unvar, Hamza Kurtovi\u0107, Said Nesar [&hellip;]<\/p>\n","protected":false},"author":1,"featured_media":5380,"comment_status":"closed","ping_status":"closed","sticky":false,"template":"","format":"standard","meta":{"saved_in_kubio":false,"footnotes":""},"categories":[24],"tags":[],"class_list":["post-5377","post","type-post","status-publish","format-standard","has-post-thumbnail","hentry","category-news"],"yoast_head":"<!-- This site is optimized with the Yoast SEO plugin v27.5 - https:\/\/yoast.com\/product\/yoast-seo-wordpress\/ -->\n<title>Ein Jahr nach dem Anschlag in Hanau - GR\u00dcNE G\u00f6ttingen gedenken den Opfern rechter Gewalt - Radio Leinewelle<\/title>\n<meta name=\"robots\" content=\"index, follow, max-snippet:-1, max-image-preview:large, max-video-preview:-1\" \/>\n<link rel=\"canonical\" href=\"https:\/\/radioleinewelle.de\/index.php\/2021\/02\/19\/ein-jahr-nach-dem-anschlag-in-hanau-gruene-goettingen-gedenken-den-opfern-rechter-gewalt\/\" \/>\n<meta property=\"og:locale\" content=\"de_DE\" \/>\n<meta property=\"og:type\" content=\"article\" \/>\n<meta property=\"og:title\" content=\"Ein Jahr nach dem Anschlag in Hanau - GR\u00dcNE G\u00f6ttingen gedenken den Opfern rechter Gewalt - Radio Leinewelle\" \/>\n<meta property=\"og:description\" content=\"Heute am Freitag, den 19.02.2021, j\u00e4hrt sich der rassistische Anschlag in Hanau, bei dem ein rechtsextremer Terrorist 10 Menschen ermordete. Auch in G\u00f6ttingen werden Gedenkveranstaltungen stattfinden. Dazu Christina Urlaub vom Stadtvorstand der GR\u00dcNEN G\u00f6ttingen: &#8222;Wir m\u00fcssen vor allem die Opfer rassistischer Anschl\u00e4ge in Erinnerung behalten. In Hanau waren das: Ferhat Unvar, Hamza Kurtovi\u0107, Said Nesar [&hellip;]\" \/>\n<meta property=\"og:url\" content=\"https:\/\/radioleinewelle.de\/index.php\/2021\/02\/19\/ein-jahr-nach-dem-anschlag-in-hanau-gruene-goettingen-gedenken-den-opfern-rechter-gewalt\/\" \/>\n<meta property=\"og:site_name\" content=\"Radio Leinewelle\" \/>\n<meta property=\"article:publisher\" content=\"https:\/\/www.facebook.com\/radioleinewelle\" \/>\n<meta property=\"article:author\" content=\"https:\/\/www.facebook.com\/radioleinewelle\" \/>\n<meta property=\"article:published_time\" content=\"2021-02-19T04:26:00+00:00\" \/>\n<meta property=\"og:image\" content=\"https:\/\/radioleinewelle.de\/wp-content\/uploads\/2021\/02\/csm_gedenken-an-die-opfer-von-hana_03_c8a78e4b34.jpg\" \/>\n\t<meta property=\"og:image:width\" content=\"800\" \/>\n\t<meta property=\"og:image:height\" content=\"453\" \/>\n\t<meta property=\"og:image:type\" content=\"image\/jpeg\" \/>\n<meta name=\"author\" content=\"Leinewelle\" \/>\n<meta name=\"twitter:card\" content=\"summary_large_image\" \/>\n<meta name=\"twitter:creator\" content=\"@https:\/\/twitter.com\/RLeinewelle?ref_src=twsrcgoogletwcampserptwgrauthor\" \/>\n<meta name=\"twitter:site\" content=\"@RLeinewelle\" \/>\n<meta name=\"twitter:label1\" content=\"Verfasst von\" \/>\n\t<meta name=\"twitter:data1\" content=\"Leinewelle\" \/>\n\t<meta name=\"twitter:label2\" content=\"Gesch\u00e4tzte Lesezeit\" \/>\n\t<meta name=\"twitter:data2\" content=\"1\u00a0Minute\" \/>\n<script type=\"application\/ld+json\" class=\"yoast-schema-graph\">{\"@context\":\"https:\\\/\\\/schema.org\",\"@graph\":[{\"@type\":\"Article\",\"@id\":\"https:\\\/\\\/radioleinewelle.de\\\/index.php\\\/2021\\\/02\\\/19\\\/ein-jahr-nach-dem-anschlag-in-hanau-gruene-goettingen-gedenken-den-opfern-rechter-gewalt\\\/#article\",\"isPartOf\":{\"@id\":\"https:\\\/\\\/radioleinewelle.de\\\/index.php\\\/2021\\\/02\\\/19\\\/ein-jahr-nach-dem-anschlag-in-hanau-gruene-goettingen-gedenken-den-opfern-rechter-gewalt\\\/\"},\"author\":{\"name\":\"Leinewelle\",\"@id\":\"https:\\\/\\\/radioleinewelle.de\\\/#\\\/schema\\\/person\\\/45606f348637df637192dc1b68399a63\"},\"headline\":\"Ein Jahr nach dem Anschlag in Hanau &#8211; GR\u00dcNE G\u00f6ttingen gedenken den Opfern rechter Gewalt\",\"datePublished\":\"2021-02-19T04:26:00+00:00\",\"mainEntityOfPage\":{\"@id\":\"https:\\\/\\\/radioleinewelle.de\\\/index.php\\\/2021\\\/02\\\/19\\\/ein-jahr-nach-dem-anschlag-in-hanau-gruene-goettingen-gedenken-den-opfern-rechter-gewalt\\\/\"},\"wordCount\":282,\"publisher\":{\"@id\":\"https:\\\/\\\/radioleinewelle.de\\\/#organization\"},\"image\":{\"@id\":\"https:\\\/\\\/radioleinewelle.de\\\/index.php\\\/2021\\\/02\\\/19\\\/ein-jahr-nach-dem-anschlag-in-hanau-gruene-goettingen-gedenken-den-opfern-rechter-gewalt\\\/#primaryimage\"},\"thumbnailUrl\":\"https:\\\/\\\/radioleinewelle.de\\\/wp-content\\\/uploads\\\/2021\\\/02\\\/csm_gedenken-an-die-opfer-von-hana_03_c8a78e4b34.jpg\",\"articleSection\":[\"Aktuelle Nachrichten\"],\"inLanguage\":\"de\"},{\"@type\":\"WebPage\",\"@id\":\"https:\\\/\\\/radioleinewelle.de\\\/index.php\\\/2021\\\/02\\\/19\\\/ein-jahr-nach-dem-anschlag-in-hanau-gruene-goettingen-gedenken-den-opfern-rechter-gewalt\\\/\",\"url\":\"https:\\\/\\\/radioleinewelle.de\\\/index.php\\\/2021\\\/02\\\/19\\\/ein-jahr-nach-dem-anschlag-in-hanau-gruene-goettingen-gedenken-den-opfern-rechter-gewalt\\\/\",\"name\":\"Ein Jahr nach dem Anschlag in Hanau - GR\u00dcNE G\u00f6ttingen gedenken den Opfern rechter Gewalt - Radio Leinewelle\",\"isPartOf\":{\"@id\":\"https:\\\/\\\/radioleinewelle.de\\\/#website\"},\"primaryImageOfPage\":{\"@id\":\"https:\\\/\\\/radioleinewelle.de\\\/index.php\\\/2021\\\/02\\\/19\\\/ein-jahr-nach-dem-anschlag-in-hanau-gruene-goettingen-gedenken-den-opfern-rechter-gewalt\\\/#primaryimage\"},\"image\":{\"@id\":\"https:\\\/\\\/radioleinewelle.de\\\/index.php\\\/2021\\\/02\\\/19\\\/ein-jahr-nach-dem-anschlag-in-hanau-gruene-goettingen-gedenken-den-opfern-rechter-gewalt\\\/#primaryimage\"},\"thumbnailUrl\":\"https:\\\/\\\/radioleinewelle.de\\\/wp-content\\\/uploads\\\/2021\\\/02\\\/csm_gedenken-an-die-opfer-von-hana_03_c8a78e4b34.jpg\",\"datePublished\":\"2021-02-19T04:26:00+00:00\",\"breadcrumb\":{\"@id\":\"https:\\\/\\\/radioleinewelle.de\\\/index.php\\\/2021\\\/02\\\/19\\\/ein-jahr-nach-dem-anschlag-in-hanau-gruene-goettingen-gedenken-den-opfern-rechter-gewalt\\\/#breadcrumb\"},\"inLanguage\":\"de\",\"potentialAction\":[{\"@type\":\"ReadAction\",\"target\":[\"https:\\\/\\\/radioleinewelle.de\\\/index.php\\\/2021\\\/02\\\/19\\\/ein-jahr-nach-dem-anschlag-in-hanau-gruene-goettingen-gedenken-den-opfern-rechter-gewalt\\\/\"]}]},{\"@type\":\"ImageObject\",\"inLanguage\":\"de\",\"@id\":\"https:\\\/\\\/radioleinewelle.de\\\/index.php\\\/2021\\\/02\\\/19\\\/ein-jahr-nach-dem-anschlag-in-hanau-gruene-goettingen-gedenken-den-opfern-rechter-gewalt\\\/#primaryimage\",\"url\":\"https:\\\/\\\/radioleinewelle.de\\\/wp-content\\\/uploads\\\/2021\\\/02\\\/csm_gedenken-an-die-opfer-von-hana_03_c8a78e4b34.jpg\",\"contentUrl\":\"https:\\\/\\\/radioleinewelle.de\\\/wp-content\\\/uploads\\\/2021\\\/02\\\/csm_gedenken-an-die-opfer-von-hana_03_c8a78e4b34.jpg\",\"width\":800,\"height\":453},{\"@type\":\"BreadcrumbList\",\"@id\":\"https:\\\/\\\/radioleinewelle.de\\\/index.php\\\/2021\\\/02\\\/19\\\/ein-jahr-nach-dem-anschlag-in-hanau-gruene-goettingen-gedenken-den-opfern-rechter-gewalt\\\/#breadcrumb\",\"itemListElement\":[{\"@type\":\"ListItem\",\"position\":1,\"name\":\"Startseite\",\"item\":\"https:\\\/\\\/radioleinewelle.de\\\/\"},{\"@type\":\"ListItem\",\"position\":2,\"name\":\"Ein Jahr nach dem Anschlag in Hanau &#8211; GR\u00dcNE G\u00f6ttingen gedenken den Opfern rechter Gewalt\"}]},{\"@type\":\"WebSite\",\"@id\":\"https:\\\/\\\/radioleinewelle.de\\\/#website\",\"url\":\"https:\\\/\\\/radioleinewelle.de\\\/\",\"name\":\"Radio Leinewelle\",\"description\":\"\",\"publisher\":{\"@id\":\"https:\\\/\\\/radioleinewelle.de\\\/#organization\"},\"potentialAction\":[{\"@type\":\"SearchAction\",\"target\":{\"@type\":\"EntryPoint\",\"urlTemplate\":\"https:\\\/\\\/radioleinewelle.de\\\/?s={search_term_string}\"},\"query-input\":{\"@type\":\"PropertyValueSpecification\",\"valueRequired\":true,\"valueName\":\"search_term_string\"}}],\"inLanguage\":\"de\"},{\"@type\":\"Organization\",\"@id\":\"https:\\\/\\\/radioleinewelle.de\\\/#organization\",\"name\":\"Radio Leinewelle\",\"alternateName\":\"Mein Radio f\u00fcr S\u00fcdniedersachsen\",\"url\":\"https:\\\/\\\/radioleinewelle.de\\\/\",\"logo\":{\"@type\":\"ImageObject\",\"inLanguage\":\"de\",\"@id\":\"https:\\\/\\\/radioleinewelle.de\\\/#\\\/schema\\\/logo\\\/image\\\/\",\"url\":\"https:\\\/\\\/radioleinewelle.de\\\/wp-content\\\/uploads\\\/2023\\\/11\\\/cropped-Leinewelle_Logo_weiss.png\",\"contentUrl\":\"https:\\\/\\\/radioleinewelle.de\\\/wp-content\\\/uploads\\\/2023\\\/11\\\/cropped-Leinewelle_Logo_weiss.png\",\"width\":854,\"height\":260,\"caption\":\"Radio Leinewelle\"},\"image\":{\"@id\":\"https:\\\/\\\/radioleinewelle.de\\\/#\\\/schema\\\/logo\\\/image\\\/\"},\"sameAs\":[\"https:\\\/\\\/www.facebook.com\\\/radioleinewelle\",\"https:\\\/\\\/x.com\\\/RLeinewelle\",\"https:\\\/\\\/www.instagram.com\\\/radioleinewelle\\\/?hl=de\"]},{\"@type\":\"Person\",\"@id\":\"https:\\\/\\\/radioleinewelle.de\\\/#\\\/schema\\\/person\\\/45606f348637df637192dc1b68399a63\",\"name\":\"Leinewelle\",\"image\":{\"@type\":\"ImageObject\",\"inLanguage\":\"de\",\"@id\":\"https:\\\/\\\/secure.gravatar.com\\\/avatar\\\/05c9a17bc973052ee5d91549bd32fb4dd0dc85b7b85ae94b2e2b4943476bbea5?s=96&d=blank&r=g\",\"url\":\"https:\\\/\\\/secure.gravatar.com\\\/avatar\\\/05c9a17bc973052ee5d91549bd32fb4dd0dc85b7b85ae94b2e2b4943476bbea5?s=96&d=blank&r=g\",\"contentUrl\":\"https:\\\/\\\/secure.gravatar.com\\\/avatar\\\/05c9a17bc973052ee5d91549bd32fb4dd0dc85b7b85ae94b2e2b4943476bbea5?s=96&d=blank&r=g\",\"caption\":\"Leinewelle\"},\"sameAs\":[\"http:\\\/\\\/localhost\\\/radio%20leinewelle\\\/wordpress\",\"https:\\\/\\\/www.facebook.com\\\/radioleinewelle\",\"https:\\\/\\\/www.instagram.com\\\/radioleinewelle\",\"https:\\\/\\\/x.com\\\/https:\\\/\\\/twitter.com\\\/RLeinewelle?ref_src=twsrcgoogletwcampserptwgrauthor\",\"https:\\\/\\\/soundcloud.com\\\/foerderverein-lokalradio?utm_source=clipboard&utm_medium=text&utm_campaign=social_sharing\"],\"url\":\"https:\\\/\\\/radioleinewelle.de\\\/index.php\\\/author\\\/leinewelle\\\/\"}]}<\/script>\n<!-- \/ Yoast SEO plugin. -->","yoast_head_json":{"title":"Ein Jahr nach dem Anschlag in Hanau - GR\u00dcNE G\u00f6ttingen gedenken den Opfern rechter Gewalt - Radio Leinewelle","robots":{"index":"index","follow":"follow","max-snippet":"max-snippet:-1","max-image-preview":"max-image-preview:large","max-video-preview":"max-video-preview:-1"},"canonical":"https:\/\/radioleinewelle.de\/index.php\/2021\/02\/19\/ein-jahr-nach-dem-anschlag-in-hanau-gruene-goettingen-gedenken-den-opfern-rechter-gewalt\/","og_locale":"de_DE","og_type":"article","og_title":"Ein Jahr nach dem Anschlag in Hanau - GR\u00dcNE G\u00f6ttingen gedenken den Opfern rechter Gewalt - Radio Leinewelle","og_description":"Heute am Freitag, den 19.02.2021, j\u00e4hrt sich der rassistische Anschlag in Hanau, bei dem ein rechtsextremer Terrorist 10 Menschen ermordete. Auch in G\u00f6ttingen werden Gedenkveranstaltungen stattfinden. Dazu Christina Urlaub vom Stadtvorstand der GR\u00dcNEN G\u00f6ttingen: &#8222;Wir m\u00fcssen vor allem die Opfer rassistischer Anschl\u00e4ge in Erinnerung behalten. In Hanau waren das: Ferhat Unvar, Hamza Kurtovi\u0107, Said Nesar [&hellip;]","og_url":"https:\/\/radioleinewelle.de\/index.php\/2021\/02\/19\/ein-jahr-nach-dem-anschlag-in-hanau-gruene-goettingen-gedenken-den-opfern-rechter-gewalt\/","og_site_name":"Radio Leinewelle","article_publisher":"https:\/\/www.facebook.com\/radioleinewelle","article_author":"https:\/\/www.facebook.com\/radioleinewelle","article_published_time":"2021-02-19T04:26:00+00:00","og_image":[{"width":800,"height":453,"url":"https:\/\/radioleinewelle.de\/wp-content\/uploads\/2021\/02\/csm_gedenken-an-die-opfer-von-hana_03_c8a78e4b34.jpg","type":"image\/jpeg"}],"author":"Leinewelle","twitter_card":"summary_large_image","twitter_creator":"@https:\/\/twitter.com\/RLeinewelle?ref_src=twsrcgoogletwcampserptwgrauthor","twitter_site":"@RLeinewelle","twitter_misc":{"Verfasst von":"Leinewelle","Gesch\u00e4tzte Lesezeit":"1\u00a0Minute"},"schema":{"@context":"https:\/\/schema.org","@graph":[{"@type":"Article","@id":"https:\/\/radioleinewelle.de\/index.php\/2021\/02\/19\/ein-jahr-nach-dem-anschlag-in-hanau-gruene-goettingen-gedenken-den-opfern-rechter-gewalt\/#article","isPartOf":{"@id":"https:\/\/radioleinewelle.de\/index.php\/2021\/02\/19\/ein-jahr-nach-dem-anschlag-in-hanau-gruene-goettingen-gedenken-den-opfern-rechter-gewalt\/"},"author":{"name":"Leinewelle","@id":"https:\/\/radioleinewelle.de\/#\/schema\/person\/45606f348637df637192dc1b68399a63"},"headline":"Ein Jahr nach dem Anschlag in Hanau &#8211; GR\u00dcNE G\u00f6ttingen gedenken den Opfern rechter Gewalt","datePublished":"2021-02-19T04:26:00+00:00","mainEntityOfPage":{"@id":"https:\/\/radioleinewelle.de\/index.php\/2021\/02\/19\/ein-jahr-nach-dem-anschlag-in-hanau-gruene-goettingen-gedenken-den-opfern-rechter-gewalt\/"},"wordCount":282,"publisher":{"@id":"https:\/\/radioleinewelle.de\/#organization"},"image":{"@id":"https:\/\/radioleinewelle.de\/index.php\/2021\/02\/19\/ein-jahr-nach-dem-anschlag-in-hanau-gruene-goettingen-gedenken-den-opfern-rechter-gewalt\/#primaryimage"},"thumbnailUrl":"https:\/\/radioleinewelle.de\/wp-content\/uploads\/2021\/02\/csm_gedenken-an-die-opfer-von-hana_03_c8a78e4b34.jpg","articleSection":["Aktuelle Nachrichten"],"inLanguage":"de"},{"@type":"WebPage","@id":"https:\/\/radioleinewelle.de\/index.php\/2021\/02\/19\/ein-jahr-nach-dem-anschlag-in-hanau-gruene-goettingen-gedenken-den-opfern-rechter-gewalt\/","url":"https:\/\/radioleinewelle.de\/index.php\/2021\/02\/19\/ein-jahr-nach-dem-anschlag-in-hanau-gruene-goettingen-gedenken-den-opfern-rechter-gewalt\/","name":"Ein Jahr nach dem Anschlag in Hanau - GR\u00dcNE G\u00f6ttingen gedenken den Opfern rechter Gewalt - Radio Leinewelle","isPartOf":{"@id":"https:\/\/radioleinewelle.de\/#website"},"primaryImageOfPage":{"@id":"https:\/\/radioleinewelle.de\/index.php\/2021\/02\/19\/ein-jahr-nach-dem-anschlag-in-hanau-gruene-goettingen-gedenken-den-opfern-rechter-gewalt\/#primaryimage"},"image":{"@id":"https:\/\/radioleinewelle.de\/index.php\/2021\/02\/19\/ein-jahr-nach-dem-anschlag-in-hanau-gruene-goettingen-gedenken-den-opfern-rechter-gewalt\/#primaryimage"},"thumbnailUrl":"https:\/\/radioleinewelle.de\/wp-content\/uploads\/2021\/02\/csm_gedenken-an-die-opfer-von-hana_03_c8a78e4b34.jpg","datePublished":"2021-02-19T04:26:00+00:00","breadcrumb":{"@id":"https:\/\/radioleinewelle.de\/index.php\/2021\/02\/19\/ein-jahr-nach-dem-anschlag-in-hanau-gruene-goettingen-gedenken-den-opfern-rechter-gewalt\/#breadcrumb"},"inLanguage":"de","potentialAction":[{"@type":"ReadAction","target":["https:\/\/radioleinewelle.de\/index.php\/2021\/02\/19\/ein-jahr-nach-dem-anschlag-in-hanau-gruene-goettingen-gedenken-den-opfern-rechter-gewalt\/"]}]},{"@type":"ImageObject","inLanguage":"de","@id":"https:\/\/radioleinewelle.de\/index.php\/2021\/02\/19\/ein-jahr-nach-dem-anschlag-in-hanau-gruene-goettingen-gedenken-den-opfern-rechter-gewalt\/#primaryimage","url":"https:\/\/radioleinewelle.de\/wp-content\/uploads\/2021\/02\/csm_gedenken-an-die-opfer-von-hana_03_c8a78e4b34.jpg","contentUrl":"https:\/\/radioleinewelle.de\/wp-content\/uploads\/2021\/02\/csm_gedenken-an-die-opfer-von-hana_03_c8a78e4b34.jpg","width":800,"height":453},{"@type":"BreadcrumbList","@id":"https:\/\/radioleinewelle.de\/index.php\/2021\/02\/19\/ein-jahr-nach-dem-anschlag-in-hanau-gruene-goettingen-gedenken-den-opfern-rechter-gewalt\/#breadcrumb","itemListElement":[{"@type":"ListItem","position":1,"name":"Startseite","item":"https:\/\/radioleinewelle.de\/"},{"@type":"ListItem","position":2,"name":"Ein Jahr nach dem Anschlag in Hanau &#8211; GR\u00dcNE G\u00f6ttingen gedenken den Opfern rechter Gewalt"}]},{"@type":"WebSite","@id":"https:\/\/radioleinewelle.de\/#website","url":"https:\/\/radioleinewelle.de\/","name":"Radio Leinewelle","description":"","publisher":{"@id":"https:\/\/radioleinewelle.de\/#organization"},"potentialAction":[{"@type":"SearchAction","target":{"@type":"EntryPoint","urlTemplate":"https:\/\/radioleinewelle.de\/?s={search_term_string}"},"query-input":{"@type":"PropertyValueSpecification","valueRequired":true,"valueName":"search_term_string"}}],"inLanguage":"de"},{"@type":"Organization","@id":"https:\/\/radioleinewelle.de\/#organization","name":"Radio Leinewelle","alternateName":"Mein Radio f\u00fcr S\u00fcdniedersachsen","url":"https:\/\/radioleinewelle.de\/","logo":{"@type":"ImageObject","inLanguage":"de","@id":"https:\/\/radioleinewelle.de\/#\/schema\/logo\/image\/","url":"https:\/\/radioleinewelle.de\/wp-content\/uploads\/2023\/11\/cropped-Leinewelle_Logo_weiss.png","contentUrl":"https:\/\/radioleinewelle.de\/wp-content\/uploads\/2023\/11\/cropped-Leinewelle_Logo_weiss.png","width":854,"height":260,"caption":"Radio Leinewelle"},"image":{"@id":"https:\/\/radioleinewelle.de\/#\/schema\/logo\/image\/"},"sameAs":["https:\/\/www.facebook.com\/radioleinewelle","https:\/\/x.com\/RLeinewelle","https:\/\/www.instagram.com\/radioleinewelle\/?hl=de"]},{"@type":"Person","@id":"https:\/\/radioleinewelle.de\/#\/schema\/person\/45606f348637df637192dc1b68399a63","name":"Leinewelle","image":{"@type":"ImageObject","inLanguage":"de","@id":"https:\/\/secure.gravatar.com\/avatar\/05c9a17bc973052ee5d91549bd32fb4dd0dc85b7b85ae94b2e2b4943476bbea5?s=96&d=blank&r=g","url":"https:\/\/secure.gravatar.com\/avatar\/05c9a17bc973052ee5d91549bd32fb4dd0dc85b7b85ae94b2e2b4943476bbea5?s=96&d=blank&r=g","contentUrl":"https:\/\/secure.gravatar.com\/avatar\/05c9a17bc973052ee5d91549bd32fb4dd0dc85b7b85ae94b2e2b4943476bbea5?s=96&d=blank&r=g","caption":"Leinewelle"},"sameAs":["http:\/\/localhost\/radio%20leinewelle\/wordpress","https:\/\/www.facebook.com\/radioleinewelle","https:\/\/www.instagram.com\/radioleinewelle","https:\/\/x.com\/https:\/\/twitter.com\/RLeinewelle?ref_src=twsrcgoogletwcampserptwgrauthor","https:\/\/soundcloud.com\/foerderverein-lokalradio?utm_source=clipboard&utm_medium=text&utm_campaign=social_sharing"],"url":"https:\/\/radioleinewelle.de\/index.php\/author\/leinewelle\/"}]}},"_links":{"self":[{"href":"https:\/\/radioleinewelle.de\/index.php\/wp-json\/wp\/v2\/posts\/5377","targetHints":{"allow":["GET"]}}],"collection":[{"href":"https:\/\/radioleinewelle.de\/index.php\/wp-json\/wp\/v2\/posts"}],"about":[{"href":"https:\/\/radioleinewelle.de\/index.php\/wp-json\/wp\/v2\/types\/post"}],"author":[{"embeddable":true,"href":"https:\/\/radioleinewelle.de\/index.php\/wp-json\/wp\/v2\/users\/1"}],"replies":[{"embeddable":true,"href":"https:\/\/radioleinewelle.de\/index.php\/wp-json\/wp\/v2\/comments?post=5377"}],"version-history":[{"count":0,"href":"https:\/\/radioleinewelle.de\/index.php\/wp-json\/wp\/v2\/posts\/5377\/revisions"}],"wp:featuredmedia":[{"embeddable":true,"href":"https:\/\/radioleinewelle.de\/index.php\/wp-json\/wp\/v2\/media\/5380"}],"wp:attachment":[{"href":"https:\/\/radioleinewelle.de\/index.php\/wp-json\/wp\/v2\/media?parent=5377"}],"wp:term":[{"taxonomy":"category","embeddable":true,"href":"https:\/\/radioleinewelle.de\/index.php\/wp-json\/wp\/v2\/categories?post=5377"},{"taxonomy":"post_tag","embeddable":true,"href":"https:\/\/radioleinewelle.de\/index.php\/wp-json\/wp\/v2\/tags?post=5377"}],"curies":[{"name":"wp","href":"https:\/\/api.w.org\/{rel}","templated":true}]}}