{"id":5407,"date":"2021-02-19T11:49:59","date_gmt":"2021-02-19T10:49:59","guid":{"rendered":"https:\/\/radioleinewelle.de\/?p=5407"},"modified":"2021-02-19T11:49:59","modified_gmt":"2021-02-19T10:49:59","slug":"polizei-northeim-stellt-weiterhin-verstoesse-gegen-die-niedersaechsische-corona-verordnung-fest","status":"publish","type":"post","link":"https:\/\/radioleinewelle.de\/index.php\/2021\/02\/19\/polizei-northeim-stellt-weiterhin-verstoesse-gegen-die-niedersaechsische-corona-verordnung-fest\/","title":{"rendered":"Polizei Northeim stellt weiterhin Verst\u00f6\u00dfe gegen die Nieders\u00e4chsische Corona-Verordnung fest"},"content":{"rendered":"\n<p>LANDKREIS NORTHEIM (TH) &#8211; Auch in dieser Woche wurden durch Beamte der Northeimer Polizei wieder mehrere Verst\u00f6\u00dfe gegen die Nieders\u00e4chsische Corona-Verordnung festgestellt. Sowohl nach Hinweisen aus der Bev\u00f6lkerung, als auch durch eigene Feststellungen der Polizeibeamten sind insgesamt zehn Ordnungswidrigkeitenanzeigen im Laufe der Woche eingeleitet worden.&nbsp;<\/p>\n\n\n\n<p>Am Sonntag, 14.02.2021, gegen 16:15 Uhr, betrat ein 58-j\u00e4hr. Mann aus Einbeck den Innenraum einer Northeimer Tankstelle ohne den erforderlichen Mund-Nasen-Schutz.&nbsp;<\/p>\n\n\n\n<p>In der Nacht von Sonntag auf Montag, 15.02.2021, gegen 01:50 Uhr, konnte auf dem Parkplatz des Mc&#8216; Donalds Restaurants in N\u00f6rten-Hardenberg ein Treffen von drei heranwachsende Personen aus drei unterschiedlichen Haushalten festgestellt werden.&nbsp;<\/p>\n\n\n\n<p>Am Mittwochabend, 17.02.2021, gegen 18:15 Uhr, konnten in einer Wohnung in Northeim drei Personen aus drei unterschiedlichen Haushalten angetroffen werden. Ebenfalls drei Personen aus drei verschiedenen Haushalten wurden nach einem Hinweis aus der Nachbarschaft am Donnerstagabend, 18.02.2021, gegen 22:15 Uhr, einer Wohnung in N\u00f6rten-Hardenberg angetroffen.&nbsp;<\/p>\n\n\n\n<p>In s\u00e4mtlichen F\u00e4llen wurden entsprechende Ordnungswidrigkeitenanzeigen gefertigt und ermahnende Gespr\u00e4che gef\u00fchrt.&nbsp;<\/p>\n\n\n\n<p>Ein Appell zur Einhaltung der aktuellen Regelungen der Nieders\u00e4chsischen Corona-Verordnung ergeht in diesem Zusammenhang an die B\u00fcrgerinnen und B\u00fcrger des Landkreises Northeim. Trotz der sinkenden Inzidenzzahlen im Landkreis Northeim gilt es weiterhin, die bestehenden Regelungen einzuhalten, um ein erneutes Ansteigen der Inzidenzzahlen zu verhindern.<\/p>\n","protected":false},"excerpt":{"rendered":"<p>LANDKREIS NORTHEIM (TH) &#8211; Auch in dieser Woche wurden durch Beamte der Northeimer Polizei wieder mehrere Verst\u00f6\u00dfe gegen die Nieders\u00e4chsische Corona-Verordnung festgestellt. Sowohl nach Hinweisen aus der Bev\u00f6lkerung, als auch durch eigene Feststellungen der Polizeibeamten sind insgesamt zehn Ordnungswidrigkeitenanzeigen im Laufe der Woche eingeleitet worden.&nbsp; Am Sonntag, 14.02.2021, gegen 16:15 Uhr, betrat ein 58-j\u00e4hr. Mann [&hellip;]<\/p>\n","protected":false},"author":1,"featured_media":1766,"comment_status":"closed","ping_status":"closed","sticky":false,"template":"","format":"standard","meta":{"saved_in_kubio":false,"footnotes":""},"categories":[23],"tags":[],"class_list":["post-5407","post","type-post","status-publish","format-standard","has-post-thumbnail","hentry","category-corona"],"yoast_head":"<!-- This site is optimized with the Yoast SEO plugin v27.5 - https:\/\/yoast.com\/product\/yoast-seo-wordpress\/ -->\n<title>Polizei Northeim stellt weiterhin Verst\u00f6\u00dfe gegen die Nieders\u00e4chsische Corona-Verordnung fest - Radio Leinewelle<\/title>\n<meta name=\"robots\" content=\"index, follow, max-snippet:-1, max-image-preview:large, max-video-preview:-1\" \/>\n<link rel=\"canonical\" href=\"https:\/\/radioleinewelle.de\/index.php\/2021\/02\/19\/polizei-northeim-stellt-weiterhin-verstoesse-gegen-die-niedersaechsische-corona-verordnung-fest\/\" \/>\n<meta property=\"og:locale\" content=\"de_DE\" \/>\n<meta property=\"og:type\" content=\"article\" \/>\n<meta property=\"og:title\" content=\"Polizei Northeim stellt weiterhin Verst\u00f6\u00dfe gegen die Nieders\u00e4chsische Corona-Verordnung fest - Radio Leinewelle\" \/>\n<meta property=\"og:description\" content=\"LANDKREIS NORTHEIM (TH) &#8211; Auch in dieser Woche wurden durch Beamte der Northeimer Polizei wieder mehrere Verst\u00f6\u00dfe gegen die Nieders\u00e4chsische Corona-Verordnung festgestellt. Sowohl nach Hinweisen aus der Bev\u00f6lkerung, als auch durch eigene Feststellungen der Polizeibeamten sind insgesamt zehn Ordnungswidrigkeitenanzeigen im Laufe der Woche eingeleitet worden.&nbsp; Am Sonntag, 14.02.2021, gegen 16:15 Uhr, betrat ein 58-j\u00e4hr. Mann [&hellip;]\" \/>\n<meta property=\"og:url\" content=\"https:\/\/radioleinewelle.de\/index.php\/2021\/02\/19\/polizei-northeim-stellt-weiterhin-verstoesse-gegen-die-niedersaechsische-corona-verordnung-fest\/\" \/>\n<meta property=\"og:site_name\" content=\"Radio Leinewelle\" \/>\n<meta property=\"article:publisher\" content=\"https:\/\/www.facebook.com\/radioleinewelle\" \/>\n<meta property=\"article:author\" content=\"https:\/\/www.facebook.com\/radioleinewelle\" \/>\n<meta property=\"article:published_time\" content=\"2021-02-19T10:49:59+00:00\" \/>\n<meta property=\"og:image\" content=\"https:\/\/radioleinewelle.de\/wp-content\/uploads\/2020\/09\/police-1530531_640.jpg\" \/>\n\t<meta property=\"og:image:width\" content=\"640\" \/>\n\t<meta property=\"og:image:height\" content=\"382\" \/>\n\t<meta property=\"og:image:type\" content=\"image\/jpeg\" \/>\n<meta name=\"author\" content=\"Leinewelle\" \/>\n<meta name=\"twitter:card\" content=\"summary_large_image\" \/>\n<meta name=\"twitter:creator\" content=\"@https:\/\/twitter.com\/RLeinewelle?ref_src=twsrcgoogletwcampserptwgrauthor\" \/>\n<meta name=\"twitter:site\" content=\"@RLeinewelle\" \/>\n<meta name=\"twitter:label1\" content=\"Verfasst von\" \/>\n\t<meta name=\"twitter:data1\" content=\"Leinewelle\" \/>\n\t<meta name=\"twitter:label2\" content=\"Gesch\u00e4tzte Lesezeit\" \/>\n\t<meta name=\"twitter:data2\" content=\"1\u00a0Minute\" \/>\n<script type=\"application\/ld+json\" class=\"yoast-schema-graph\">{\"@context\":\"https:\\\/\\\/schema.org\",\"@graph\":[{\"@type\":\"Article\",\"@id\":\"https:\\\/\\\/radioleinewelle.de\\\/index.php\\\/2021\\\/02\\\/19\\\/polizei-northeim-stellt-weiterhin-verstoesse-gegen-die-niedersaechsische-corona-verordnung-fest\\\/#article\",\"isPartOf\":{\"@id\":\"https:\\\/\\\/radioleinewelle.de\\\/index.php\\\/2021\\\/02\\\/19\\\/polizei-northeim-stellt-weiterhin-verstoesse-gegen-die-niedersaechsische-corona-verordnung-fest\\\/\"},\"author\":{\"name\":\"Leinewelle\",\"@id\":\"https:\\\/\\\/radioleinewelle.de\\\/#\\\/schema\\\/person\\\/45606f348637df637192dc1b68399a63\"},\"headline\":\"Polizei Northeim stellt weiterhin Verst\u00f6\u00dfe gegen die Nieders\u00e4chsische Corona-Verordnung fest\",\"datePublished\":\"2021-02-19T10:49:59+00:00\",\"mainEntityOfPage\":{\"@id\":\"https:\\\/\\\/radioleinewelle.de\\\/index.php\\\/2021\\\/02\\\/19\\\/polizei-northeim-stellt-weiterhin-verstoesse-gegen-die-niedersaechsische-corona-verordnung-fest\\\/\"},\"wordCount\":221,\"publisher\":{\"@id\":\"https:\\\/\\\/radioleinewelle.de\\\/#organization\"},\"image\":{\"@id\":\"https:\\\/\\\/radioleinewelle.de\\\/index.php\\\/2021\\\/02\\\/19\\\/polizei-northeim-stellt-weiterhin-verstoesse-gegen-die-niedersaechsische-corona-verordnung-fest\\\/#primaryimage\"},\"thumbnailUrl\":\"https:\\\/\\\/radioleinewelle.de\\\/wp-content\\\/uploads\\\/2020\\\/09\\\/police-1530531_640.jpg\",\"articleSection\":[\"Corona\"],\"inLanguage\":\"de\"},{\"@type\":\"WebPage\",\"@id\":\"https:\\\/\\\/radioleinewelle.de\\\/index.php\\\/2021\\\/02\\\/19\\\/polizei-northeim-stellt-weiterhin-verstoesse-gegen-die-niedersaechsische-corona-verordnung-fest\\\/\",\"url\":\"https:\\\/\\\/radioleinewelle.de\\\/index.php\\\/2021\\\/02\\\/19\\\/polizei-northeim-stellt-weiterhin-verstoesse-gegen-die-niedersaechsische-corona-verordnung-fest\\\/\",\"name\":\"Polizei Northeim stellt weiterhin Verst\u00f6\u00dfe gegen die Nieders\u00e4chsische Corona-Verordnung fest - Radio Leinewelle\",\"isPartOf\":{\"@id\":\"https:\\\/\\\/radioleinewelle.de\\\/#website\"},\"primaryImageOfPage\":{\"@id\":\"https:\\\/\\\/radioleinewelle.de\\\/index.php\\\/2021\\\/02\\\/19\\\/polizei-northeim-stellt-weiterhin-verstoesse-gegen-die-niedersaechsische-corona-verordnung-fest\\\/#primaryimage\"},\"image\":{\"@id\":\"https:\\\/\\\/radioleinewelle.de\\\/index.php\\\/2021\\\/02\\\/19\\\/polizei-northeim-stellt-weiterhin-verstoesse-gegen-die-niedersaechsische-corona-verordnung-fest\\\/#primaryimage\"},\"thumbnailUrl\":\"https:\\\/\\\/radioleinewelle.de\\\/wp-content\\\/uploads\\\/2020\\\/09\\\/police-1530531_640.jpg\",\"datePublished\":\"2021-02-19T10:49:59+00:00\",\"breadcrumb\":{\"@id\":\"https:\\\/\\\/radioleinewelle.de\\\/index.php\\\/2021\\\/02\\\/19\\\/polizei-northeim-stellt-weiterhin-verstoesse-gegen-die-niedersaechsische-corona-verordnung-fest\\\/#breadcrumb\"},\"inLanguage\":\"de\",\"potentialAction\":[{\"@type\":\"ReadAction\",\"target\":[\"https:\\\/\\\/radioleinewelle.de\\\/index.php\\\/2021\\\/02\\\/19\\\/polizei-northeim-stellt-weiterhin-verstoesse-gegen-die-niedersaechsische-corona-verordnung-fest\\\/\"]}]},{\"@type\":\"ImageObject\",\"inLanguage\":\"de\",\"@id\":\"https:\\\/\\\/radioleinewelle.de\\\/index.php\\\/2021\\\/02\\\/19\\\/polizei-northeim-stellt-weiterhin-verstoesse-gegen-die-niedersaechsische-corona-verordnung-fest\\\/#primaryimage\",\"url\":\"https:\\\/\\\/radioleinewelle.de\\\/wp-content\\\/uploads\\\/2020\\\/09\\\/police-1530531_640.jpg\",\"contentUrl\":\"https:\\\/\\\/radioleinewelle.de\\\/wp-content\\\/uploads\\\/2020\\\/09\\\/police-1530531_640.jpg\",\"width\":640,\"height\":382},{\"@type\":\"BreadcrumbList\",\"@id\":\"https:\\\/\\\/radioleinewelle.de\\\/index.php\\\/2021\\\/02\\\/19\\\/polizei-northeim-stellt-weiterhin-verstoesse-gegen-die-niedersaechsische-corona-verordnung-fest\\\/#breadcrumb\",\"itemListElement\":[{\"@type\":\"ListItem\",\"position\":1,\"name\":\"Startseite\",\"item\":\"https:\\\/\\\/radioleinewelle.de\\\/\"},{\"@type\":\"ListItem\",\"position\":2,\"name\":\"Polizei Northeim stellt weiterhin Verst\u00f6\u00dfe gegen die Nieders\u00e4chsische Corona-Verordnung fest\"}]},{\"@type\":\"WebSite\",\"@id\":\"https:\\\/\\\/radioleinewelle.de\\\/#website\",\"url\":\"https:\\\/\\\/radioleinewelle.de\\\/\",\"name\":\"Radio Leinewelle\",\"description\":\"\",\"publisher\":{\"@id\":\"https:\\\/\\\/radioleinewelle.de\\\/#organization\"},\"potentialAction\":[{\"@type\":\"SearchAction\",\"target\":{\"@type\":\"EntryPoint\",\"urlTemplate\":\"https:\\\/\\\/radioleinewelle.de\\\/?s={search_term_string}\"},\"query-input\":{\"@type\":\"PropertyValueSpecification\",\"valueRequired\":true,\"valueName\":\"search_term_string\"}}],\"inLanguage\":\"de\"},{\"@type\":\"Organization\",\"@id\":\"https:\\\/\\\/radioleinewelle.de\\\/#organization\",\"name\":\"Radio Leinewelle\",\"alternateName\":\"Mein Radio f\u00fcr S\u00fcdniedersachsen\",\"url\":\"https:\\\/\\\/radioleinewelle.de\\\/\",\"logo\":{\"@type\":\"ImageObject\",\"inLanguage\":\"de\",\"@id\":\"https:\\\/\\\/radioleinewelle.de\\\/#\\\/schema\\\/logo\\\/image\\\/\",\"url\":\"https:\\\/\\\/radioleinewelle.de\\\/wp-content\\\/uploads\\\/2023\\\/11\\\/cropped-Leinewelle_Logo_weiss.png\",\"contentUrl\":\"https:\\\/\\\/radioleinewelle.de\\\/wp-content\\\/uploads\\\/2023\\\/11\\\/cropped-Leinewelle_Logo_weiss.png\",\"width\":854,\"height\":260,\"caption\":\"Radio Leinewelle\"},\"image\":{\"@id\":\"https:\\\/\\\/radioleinewelle.de\\\/#\\\/schema\\\/logo\\\/image\\\/\"},\"sameAs\":[\"https:\\\/\\\/www.facebook.com\\\/radioleinewelle\",\"https:\\\/\\\/x.com\\\/RLeinewelle\",\"https:\\\/\\\/www.instagram.com\\\/radioleinewelle\\\/?hl=de\"]},{\"@type\":\"Person\",\"@id\":\"https:\\\/\\\/radioleinewelle.de\\\/#\\\/schema\\\/person\\\/45606f348637df637192dc1b68399a63\",\"name\":\"Leinewelle\",\"image\":{\"@type\":\"ImageObject\",\"inLanguage\":\"de\",\"@id\":\"https:\\\/\\\/secure.gravatar.com\\\/avatar\\\/05c9a17bc973052ee5d91549bd32fb4dd0dc85b7b85ae94b2e2b4943476bbea5?s=96&d=blank&r=g\",\"url\":\"https:\\\/\\\/secure.gravatar.com\\\/avatar\\\/05c9a17bc973052ee5d91549bd32fb4dd0dc85b7b85ae94b2e2b4943476bbea5?s=96&d=blank&r=g\",\"contentUrl\":\"https:\\\/\\\/secure.gravatar.com\\\/avatar\\\/05c9a17bc973052ee5d91549bd32fb4dd0dc85b7b85ae94b2e2b4943476bbea5?s=96&d=blank&r=g\",\"caption\":\"Leinewelle\"},\"sameAs\":[\"http:\\\/\\\/localhost\\\/radio%20leinewelle\\\/wordpress\",\"https:\\\/\\\/www.facebook.com\\\/radioleinewelle\",\"https:\\\/\\\/www.instagram.com\\\/radioleinewelle\",\"https:\\\/\\\/x.com\\\/https:\\\/\\\/twitter.com\\\/RLeinewelle?ref_src=twsrcgoogletwcampserptwgrauthor\",\"https:\\\/\\\/soundcloud.com\\\/foerderverein-lokalradio?utm_source=clipboard&utm_medium=text&utm_campaign=social_sharing\"],\"url\":\"https:\\\/\\\/radioleinewelle.de\\\/index.php\\\/author\\\/leinewelle\\\/\"}]}<\/script>\n<!-- \/ Yoast SEO plugin. -->","yoast_head_json":{"title":"Polizei Northeim stellt weiterhin Verst\u00f6\u00dfe gegen die Nieders\u00e4chsische Corona-Verordnung fest - Radio Leinewelle","robots":{"index":"index","follow":"follow","max-snippet":"max-snippet:-1","max-image-preview":"max-image-preview:large","max-video-preview":"max-video-preview:-1"},"canonical":"https:\/\/radioleinewelle.de\/index.php\/2021\/02\/19\/polizei-northeim-stellt-weiterhin-verstoesse-gegen-die-niedersaechsische-corona-verordnung-fest\/","og_locale":"de_DE","og_type":"article","og_title":"Polizei Northeim stellt weiterhin Verst\u00f6\u00dfe gegen die Nieders\u00e4chsische Corona-Verordnung fest - Radio Leinewelle","og_description":"LANDKREIS NORTHEIM (TH) &#8211; Auch in dieser Woche wurden durch Beamte der Northeimer Polizei wieder mehrere Verst\u00f6\u00dfe gegen die Nieders\u00e4chsische Corona-Verordnung festgestellt. Sowohl nach Hinweisen aus der Bev\u00f6lkerung, als auch durch eigene Feststellungen der Polizeibeamten sind insgesamt zehn Ordnungswidrigkeitenanzeigen im Laufe der Woche eingeleitet worden.&nbsp; Am Sonntag, 14.02.2021, gegen 16:15 Uhr, betrat ein 58-j\u00e4hr. Mann [&hellip;]","og_url":"https:\/\/radioleinewelle.de\/index.php\/2021\/02\/19\/polizei-northeim-stellt-weiterhin-verstoesse-gegen-die-niedersaechsische-corona-verordnung-fest\/","og_site_name":"Radio Leinewelle","article_publisher":"https:\/\/www.facebook.com\/radioleinewelle","article_author":"https:\/\/www.facebook.com\/radioleinewelle","article_published_time":"2021-02-19T10:49:59+00:00","og_image":[{"width":640,"height":382,"url":"https:\/\/radioleinewelle.de\/wp-content\/uploads\/2020\/09\/police-1530531_640.jpg","type":"image\/jpeg"}],"author":"Leinewelle","twitter_card":"summary_large_image","twitter_creator":"@https:\/\/twitter.com\/RLeinewelle?ref_src=twsrcgoogletwcampserptwgrauthor","twitter_site":"@RLeinewelle","twitter_misc":{"Verfasst von":"Leinewelle","Gesch\u00e4tzte Lesezeit":"1\u00a0Minute"},"schema":{"@context":"https:\/\/schema.org","@graph":[{"@type":"Article","@id":"https:\/\/radioleinewelle.de\/index.php\/2021\/02\/19\/polizei-northeim-stellt-weiterhin-verstoesse-gegen-die-niedersaechsische-corona-verordnung-fest\/#article","isPartOf":{"@id":"https:\/\/radioleinewelle.de\/index.php\/2021\/02\/19\/polizei-northeim-stellt-weiterhin-verstoesse-gegen-die-niedersaechsische-corona-verordnung-fest\/"},"author":{"name":"Leinewelle","@id":"https:\/\/radioleinewelle.de\/#\/schema\/person\/45606f348637df637192dc1b68399a63"},"headline":"Polizei Northeim stellt weiterhin Verst\u00f6\u00dfe gegen die Nieders\u00e4chsische Corona-Verordnung fest","datePublished":"2021-02-19T10:49:59+00:00","mainEntityOfPage":{"@id":"https:\/\/radioleinewelle.de\/index.php\/2021\/02\/19\/polizei-northeim-stellt-weiterhin-verstoesse-gegen-die-niedersaechsische-corona-verordnung-fest\/"},"wordCount":221,"publisher":{"@id":"https:\/\/radioleinewelle.de\/#organization"},"image":{"@id":"https:\/\/radioleinewelle.de\/index.php\/2021\/02\/19\/polizei-northeim-stellt-weiterhin-verstoesse-gegen-die-niedersaechsische-corona-verordnung-fest\/#primaryimage"},"thumbnailUrl":"https:\/\/radioleinewelle.de\/wp-content\/uploads\/2020\/09\/police-1530531_640.jpg","articleSection":["Corona"],"inLanguage":"de"},{"@type":"WebPage","@id":"https:\/\/radioleinewelle.de\/index.php\/2021\/02\/19\/polizei-northeim-stellt-weiterhin-verstoesse-gegen-die-niedersaechsische-corona-verordnung-fest\/","url":"https:\/\/radioleinewelle.de\/index.php\/2021\/02\/19\/polizei-northeim-stellt-weiterhin-verstoesse-gegen-die-niedersaechsische-corona-verordnung-fest\/","name":"Polizei Northeim stellt weiterhin Verst\u00f6\u00dfe gegen die Nieders\u00e4chsische Corona-Verordnung fest - Radio Leinewelle","isPartOf":{"@id":"https:\/\/radioleinewelle.de\/#website"},"primaryImageOfPage":{"@id":"https:\/\/radioleinewelle.de\/index.php\/2021\/02\/19\/polizei-northeim-stellt-weiterhin-verstoesse-gegen-die-niedersaechsische-corona-verordnung-fest\/#primaryimage"},"image":{"@id":"https:\/\/radioleinewelle.de\/index.php\/2021\/02\/19\/polizei-northeim-stellt-weiterhin-verstoesse-gegen-die-niedersaechsische-corona-verordnung-fest\/#primaryimage"},"thumbnailUrl":"https:\/\/radioleinewelle.de\/wp-content\/uploads\/2020\/09\/police-1530531_640.jpg","datePublished":"2021-02-19T10:49:59+00:00","breadcrumb":{"@id":"https:\/\/radioleinewelle.de\/index.php\/2021\/02\/19\/polizei-northeim-stellt-weiterhin-verstoesse-gegen-die-niedersaechsische-corona-verordnung-fest\/#breadcrumb"},"inLanguage":"de","potentialAction":[{"@type":"ReadAction","target":["https:\/\/radioleinewelle.de\/index.php\/2021\/02\/19\/polizei-northeim-stellt-weiterhin-verstoesse-gegen-die-niedersaechsische-corona-verordnung-fest\/"]}]},{"@type":"ImageObject","inLanguage":"de","@id":"https:\/\/radioleinewelle.de\/index.php\/2021\/02\/19\/polizei-northeim-stellt-weiterhin-verstoesse-gegen-die-niedersaechsische-corona-verordnung-fest\/#primaryimage","url":"https:\/\/radioleinewelle.de\/wp-content\/uploads\/2020\/09\/police-1530531_640.jpg","contentUrl":"https:\/\/radioleinewelle.de\/wp-content\/uploads\/2020\/09\/police-1530531_640.jpg","width":640,"height":382},{"@type":"BreadcrumbList","@id":"https:\/\/radioleinewelle.de\/index.php\/2021\/02\/19\/polizei-northeim-stellt-weiterhin-verstoesse-gegen-die-niedersaechsische-corona-verordnung-fest\/#breadcrumb","itemListElement":[{"@type":"ListItem","position":1,"name":"Startseite","item":"https:\/\/radioleinewelle.de\/"},{"@type":"ListItem","position":2,"name":"Polizei Northeim stellt weiterhin Verst\u00f6\u00dfe gegen die Nieders\u00e4chsische Corona-Verordnung fest"}]},{"@type":"WebSite","@id":"https:\/\/radioleinewelle.de\/#website","url":"https:\/\/radioleinewelle.de\/","name":"Radio Leinewelle","description":"","publisher":{"@id":"https:\/\/radioleinewelle.de\/#organization"},"potentialAction":[{"@type":"SearchAction","target":{"@type":"EntryPoint","urlTemplate":"https:\/\/radioleinewelle.de\/?s={search_term_string}"},"query-input":{"@type":"PropertyValueSpecification","valueRequired":true,"valueName":"search_term_string"}}],"inLanguage":"de"},{"@type":"Organization","@id":"https:\/\/radioleinewelle.de\/#organization","name":"Radio Leinewelle","alternateName":"Mein Radio f\u00fcr S\u00fcdniedersachsen","url":"https:\/\/radioleinewelle.de\/","logo":{"@type":"ImageObject","inLanguage":"de","@id":"https:\/\/radioleinewelle.de\/#\/schema\/logo\/image\/","url":"https:\/\/radioleinewelle.de\/wp-content\/uploads\/2023\/11\/cropped-Leinewelle_Logo_weiss.png","contentUrl":"https:\/\/radioleinewelle.de\/wp-content\/uploads\/2023\/11\/cropped-Leinewelle_Logo_weiss.png","width":854,"height":260,"caption":"Radio Leinewelle"},"image":{"@id":"https:\/\/radioleinewelle.de\/#\/schema\/logo\/image\/"},"sameAs":["https:\/\/www.facebook.com\/radioleinewelle","https:\/\/x.com\/RLeinewelle","https:\/\/www.instagram.com\/radioleinewelle\/?hl=de"]},{"@type":"Person","@id":"https:\/\/radioleinewelle.de\/#\/schema\/person\/45606f348637df637192dc1b68399a63","name":"Leinewelle","image":{"@type":"ImageObject","inLanguage":"de","@id":"https:\/\/secure.gravatar.com\/avatar\/05c9a17bc973052ee5d91549bd32fb4dd0dc85b7b85ae94b2e2b4943476bbea5?s=96&d=blank&r=g","url":"https:\/\/secure.gravatar.com\/avatar\/05c9a17bc973052ee5d91549bd32fb4dd0dc85b7b85ae94b2e2b4943476bbea5?s=96&d=blank&r=g","contentUrl":"https:\/\/secure.gravatar.com\/avatar\/05c9a17bc973052ee5d91549bd32fb4dd0dc85b7b85ae94b2e2b4943476bbea5?s=96&d=blank&r=g","caption":"Leinewelle"},"sameAs":["http:\/\/localhost\/radio%20leinewelle\/wordpress","https:\/\/www.facebook.com\/radioleinewelle","https:\/\/www.instagram.com\/radioleinewelle","https:\/\/x.com\/https:\/\/twitter.com\/RLeinewelle?ref_src=twsrcgoogletwcampserptwgrauthor","https:\/\/soundcloud.com\/foerderverein-lokalradio?utm_source=clipboard&utm_medium=text&utm_campaign=social_sharing"],"url":"https:\/\/radioleinewelle.de\/index.php\/author\/leinewelle\/"}]}},"_links":{"self":[{"href":"https:\/\/radioleinewelle.de\/index.php\/wp-json\/wp\/v2\/posts\/5407","targetHints":{"allow":["GET"]}}],"collection":[{"href":"https:\/\/radioleinewelle.de\/index.php\/wp-json\/wp\/v2\/posts"}],"about":[{"href":"https:\/\/radioleinewelle.de\/index.php\/wp-json\/wp\/v2\/types\/post"}],"author":[{"embeddable":true,"href":"https:\/\/radioleinewelle.de\/index.php\/wp-json\/wp\/v2\/users\/1"}],"replies":[{"embeddable":true,"href":"https:\/\/radioleinewelle.de\/index.php\/wp-json\/wp\/v2\/comments?post=5407"}],"version-history":[{"count":0,"href":"https:\/\/radioleinewelle.de\/index.php\/wp-json\/wp\/v2\/posts\/5407\/revisions"}],"wp:featuredmedia":[{"embeddable":true,"href":"https:\/\/radioleinewelle.de\/index.php\/wp-json\/wp\/v2\/media\/1766"}],"wp:attachment":[{"href":"https:\/\/radioleinewelle.de\/index.php\/wp-json\/wp\/v2\/media?parent=5407"}],"wp:term":[{"taxonomy":"category","embeddable":true,"href":"https:\/\/radioleinewelle.de\/index.php\/wp-json\/wp\/v2\/categories?post=5407"},{"taxonomy":"post_tag","embeddable":true,"href":"https:\/\/radioleinewelle.de\/index.php\/wp-json\/wp\/v2\/tags?post=5407"}],"curies":[{"name":"wp","href":"https:\/\/api.w.org\/{rel}","templated":true}]}}