{"id":5423,"date":"2021-02-20T08:44:32","date_gmt":"2021-02-20T07:44:32","guid":{"rendered":"https:\/\/radioleinewelle.de\/?p=5423"},"modified":"2021-02-20T08:44:32","modified_gmt":"2021-02-20T07:44:32","slug":"phoenix-startet-am-sonntag-einen-ganzjaehrigen-schwerpunkt-zu-1700-jahre-juedisches-leben-in-deutschland","status":"publish","type":"post","link":"https:\/\/radioleinewelle.de\/index.php\/2021\/02\/20\/phoenix-startet-am-sonntag-einen-ganzjaehrigen-schwerpunkt-zu-1700-jahre-juedisches-leben-in-deutschland\/","title":{"rendered":"phoenix startet am Sonntag einen ganzj\u00e4hrigen Schwerpunkt zu &#8222;1700 Jahre j\u00fcdisches Leben in Deutschland&#8220;"},"content":{"rendered":"\n<p>Seit mindestens 1700 Jahre leben Juden nachweislich in dem Gebiet des heutigen Deutschlands. Darauf weist ein Dekret des r\u00f6mischen Kaisers Konstantin aus dem Jahr 321 hin, das es Juden erlaubte, in \u00c4mter der Kurie und von Stadtverwaltungen berufen zu werden. Aus diesem Anlass haben Pers\u00f6nlichkeiten des \u00f6ffentlichen Lebens und wichtige Institutionen 2021 zum Festjahr &#8222;1.700 Jahre j\u00fcdisches Leben in Deutschland&#8220; ausgerufen. Ziel des Festjahres unter Schirmherrschaft des Bundespr\u00e4sidenten ist es, mit Konzerten, Ausstellungen und diversen weiteren Veranstaltungen j\u00fcdisches Leben sichtbarer und erlebbar zu machen und dem erstarkenden Antisemitismus etwas entgegenzusetzen.&nbsp;Den Auftakt dieses Festjahres bildet am Sonntag, 21. Februar 2021 ein Festakt in der K\u00f6lner Synagoge.<\/p>\n\n\n\n<p><strong>Dokumentationen \u00fcber j\u00fcdisches Leben in Deutschland<\/strong><\/p>\n\n\n\n<p>Im Vorfeld und im Anschluss an die Live-\u00dcbertragung zeigt <strong>phoenix ab 14.00 Uhr <\/strong>im Rahmen eines&nbsp;<em>phoenix history<\/em>-Schwerpunktes mehrere Dokumentationen \u00fcber j\u00fcdische Kultur und j\u00fcdisches Leben in Deutschland, darunter auch solche Filme, die das Leid der Juden w\u00e4hrend der Nazi-Herrschaft thematisieren. Den Auftakt bildet die Dokumentation&nbsp;<em>Exodus? Eine Geschichte der Juden in Europa,&nbsp;<\/em>von Gero von Boehm, Peter Hartl und Susanne Utzt. Im Anschluss folgt die Dokumentation&nbsp;<em>Ein deutscher Held &#8211; Fredy Hirsch und die Kinder von Auschwitz&nbsp;<\/em>von Winfried Laasch und Stefan Mausbach. Den Abschluss bildet der Film&nbsp;<em>Von Chuzpe und Schmonzes &#8211; J\u00fcdischer Witz als Waffe der Wehrlosen?<\/em>&nbsp;von Christoph Wittmann. Im Anschluss an den Festakt steht die phoenix-Dokumentation&nbsp;<em>Die Akte Oppenheimer &#8211; Das dunkle Erbe antisemitischer Fake News<\/em>&nbsp;(17.30 Uhr) von Ina Knobloch auf dem Programm.&nbsp;<\/p>\n\n\n\n<p><strong>Reportagereihe &#8222;7 aus 1700&#8220;<\/strong><\/p>\n\n\n\n<p>Die Dokumentationen und die \u00dcbertragung des Festaktes in K\u00f6ln bilden f\u00fcr phoenix den Auftakt eines umfassenderen Schwerpunktes zum Thema &#8222;1700 Jahre j\u00fcdisches Leben in Deutschland&#8220;. Phoenix wird au\u00dferdem eine siebenteilige Reportage-Reihe mit dem Titel &#8222;7 aus 1700&#8220; produzieren. Darin erz\u00e4hlen sieben j\u00fcdische Kinder unterschiedlichen Alters Geschichten aus dem j\u00fcdischen Leben in Deutschland. Die jeweilige Geschichte wird durch Illustrationen des namhaften Zeichners Matthias Lehmann als Graphic Novel bildlich in Szene gesetzt. Die einzelnen Folgen werden jeweils anl\u00e4sslich eines j\u00fcdischen Feiertags das ganze Jahr \u00fcber ausgestrahlt, die erste Folge zum Pessach am Sonntag, 27. M\u00e4rz 2021.&nbsp;<\/p>\n\n\n\n<p><strong>Umfangreiches Online-Dossier auf phoenix.de<\/strong><\/p>\n\n\n\n<p>Dar\u00fcber hinaus findet sich auf pheonix.de ein umfangreiches&nbsp;<a target=\"_blank\" rel=\"noreferrer noopener\" href=\"https:\/\/phoenix.de\/s\/gx\">Online-Dossier<\/a>&nbsp;zum Thema. Das Dossier bietet eine Vielzahl an Hintergrundinformationen zum j\u00fcdischen Leben in Deutschland, einzigartige Zeitzeugengespr\u00e4che, vertiefende Dokumentationen und zahlreiche weitere Programmsch\u00e4tze. Das Dossier wird das ganze Jahr \u00fcber durch neue Inhalte erg\u00e4nzt und aktualisiert. Link:&nbsp;<a target=\"_blank\" rel=\"noreferrer noopener\" href=\"https:\/\/phoenix.de\/s\/gx\">https:\/\/phoenix.de\/s\/gx<\/a><\/p>\n","protected":false},"excerpt":{"rendered":"<p>Seit mindestens 1700 Jahre leben Juden nachweislich in dem Gebiet des heutigen Deutschlands. Darauf weist ein Dekret des r\u00f6mischen Kaisers Konstantin aus dem Jahr 321 hin, das es Juden erlaubte, in \u00c4mter der Kurie und von Stadtverwaltungen berufen zu werden. Aus diesem Anlass haben Pers\u00f6nlichkeiten des \u00f6ffentlichen Lebens und wichtige Institutionen 2021 zum Festjahr &#8222;1.700 [&hellip;]<\/p>\n","protected":false},"author":1,"featured_media":5425,"comment_status":"closed","ping_status":"closed","sticky":false,"template":"","format":"standard","meta":{"saved_in_kubio":false,"footnotes":""},"categories":[53],"tags":[],"class_list":["post-5423","post","type-post","status-publish","format-standard","has-post-thumbnail","hentry","category-gesellschaft"],"yoast_head":"<!-- This site is optimized with the Yoast SEO plugin v27.5 - https:\/\/yoast.com\/product\/yoast-seo-wordpress\/ -->\n<title>phoenix startet am Sonntag einen ganzj\u00e4hrigen Schwerpunkt zu &quot;1700 Jahre j\u00fcdisches Leben in Deutschland&quot; - Radio Leinewelle<\/title>\n<meta name=\"robots\" content=\"index, follow, max-snippet:-1, max-image-preview:large, max-video-preview:-1\" \/>\n<link rel=\"canonical\" href=\"https:\/\/radioleinewelle.de\/index.php\/2021\/02\/20\/phoenix-startet-am-sonntag-einen-ganzjaehrigen-schwerpunkt-zu-1700-jahre-juedisches-leben-in-deutschland\/\" \/>\n<meta property=\"og:locale\" content=\"de_DE\" \/>\n<meta property=\"og:type\" content=\"article\" \/>\n<meta property=\"og:title\" content=\"phoenix startet am Sonntag einen ganzj\u00e4hrigen Schwerpunkt zu &quot;1700 Jahre j\u00fcdisches Leben in Deutschland&quot; - Radio Leinewelle\" \/>\n<meta property=\"og:description\" content=\"Seit mindestens 1700 Jahre leben Juden nachweislich in dem Gebiet des heutigen Deutschlands. Darauf weist ein Dekret des r\u00f6mischen Kaisers Konstantin aus dem Jahr 321 hin, das es Juden erlaubte, in \u00c4mter der Kurie und von Stadtverwaltungen berufen zu werden. Aus diesem Anlass haben Pers\u00f6nlichkeiten des \u00f6ffentlichen Lebens und wichtige Institutionen 2021 zum Festjahr &#8222;1.700 [&hellip;]\" \/>\n<meta property=\"og:url\" content=\"https:\/\/radioleinewelle.de\/index.php\/2021\/02\/20\/phoenix-startet-am-sonntag-einen-ganzjaehrigen-schwerpunkt-zu-1700-jahre-juedisches-leben-in-deutschland\/\" \/>\n<meta property=\"og:site_name\" content=\"Radio Leinewelle\" \/>\n<meta property=\"article:publisher\" content=\"https:\/\/www.facebook.com\/radioleinewelle\" \/>\n<meta property=\"article:author\" content=\"https:\/\/www.facebook.com\/radioleinewelle\" \/>\n<meta property=\"article:published_time\" content=\"2021-02-20T07:44:32+00:00\" \/>\n<meta property=\"og:image\" content=\"https:\/\/radioleinewelle.de\/wp-content\/uploads\/2021\/02\/synagogue-904527_640.jpg\" \/>\n\t<meta property=\"og:image:width\" content=\"640\" \/>\n\t<meta property=\"og:image:height\" content=\"360\" \/>\n\t<meta property=\"og:image:type\" content=\"image\/jpeg\" \/>\n<meta name=\"author\" content=\"Leinewelle\" \/>\n<meta name=\"twitter:card\" content=\"summary_large_image\" \/>\n<meta name=\"twitter:creator\" content=\"@https:\/\/twitter.com\/RLeinewelle?ref_src=twsrcgoogletwcampserptwgrauthor\" \/>\n<meta name=\"twitter:site\" content=\"@RLeinewelle\" \/>\n<meta name=\"twitter:label1\" content=\"Verfasst von\" \/>\n\t<meta name=\"twitter:data1\" content=\"Leinewelle\" \/>\n\t<meta name=\"twitter:label2\" content=\"Gesch\u00e4tzte Lesezeit\" \/>\n\t<meta name=\"twitter:data2\" content=\"2\u00a0Minuten\" \/>\n<script type=\"application\/ld+json\" class=\"yoast-schema-graph\">{\"@context\":\"https:\\\/\\\/schema.org\",\"@graph\":[{\"@type\":\"Article\",\"@id\":\"https:\\\/\\\/radioleinewelle.de\\\/index.php\\\/2021\\\/02\\\/20\\\/phoenix-startet-am-sonntag-einen-ganzjaehrigen-schwerpunkt-zu-1700-jahre-juedisches-leben-in-deutschland\\\/#article\",\"isPartOf\":{\"@id\":\"https:\\\/\\\/radioleinewelle.de\\\/index.php\\\/2021\\\/02\\\/20\\\/phoenix-startet-am-sonntag-einen-ganzjaehrigen-schwerpunkt-zu-1700-jahre-juedisches-leben-in-deutschland\\\/\"},\"author\":{\"name\":\"Leinewelle\",\"@id\":\"https:\\\/\\\/radioleinewelle.de\\\/#\\\/schema\\\/person\\\/45606f348637df637192dc1b68399a63\"},\"headline\":\"phoenix startet am Sonntag einen ganzj\u00e4hrigen Schwerpunkt zu &#8222;1700 Jahre j\u00fcdisches Leben in Deutschland&#8220;\",\"datePublished\":\"2021-02-20T07:44:32+00:00\",\"mainEntityOfPage\":{\"@id\":\"https:\\\/\\\/radioleinewelle.de\\\/index.php\\\/2021\\\/02\\\/20\\\/phoenix-startet-am-sonntag-einen-ganzjaehrigen-schwerpunkt-zu-1700-jahre-juedisches-leben-in-deutschland\\\/\"},\"wordCount\":437,\"publisher\":{\"@id\":\"https:\\\/\\\/radioleinewelle.de\\\/#organization\"},\"image\":{\"@id\":\"https:\\\/\\\/radioleinewelle.de\\\/index.php\\\/2021\\\/02\\\/20\\\/phoenix-startet-am-sonntag-einen-ganzjaehrigen-schwerpunkt-zu-1700-jahre-juedisches-leben-in-deutschland\\\/#primaryimage\"},\"thumbnailUrl\":\"https:\\\/\\\/radioleinewelle.de\\\/wp-content\\\/uploads\\\/2021\\\/02\\\/synagogue-904527_640.jpg\",\"articleSection\":[\"Gesellschaft\"],\"inLanguage\":\"de\"},{\"@type\":\"WebPage\",\"@id\":\"https:\\\/\\\/radioleinewelle.de\\\/index.php\\\/2021\\\/02\\\/20\\\/phoenix-startet-am-sonntag-einen-ganzjaehrigen-schwerpunkt-zu-1700-jahre-juedisches-leben-in-deutschland\\\/\",\"url\":\"https:\\\/\\\/radioleinewelle.de\\\/index.php\\\/2021\\\/02\\\/20\\\/phoenix-startet-am-sonntag-einen-ganzjaehrigen-schwerpunkt-zu-1700-jahre-juedisches-leben-in-deutschland\\\/\",\"name\":\"phoenix startet am Sonntag einen ganzj\u00e4hrigen Schwerpunkt zu \\\"1700 Jahre j\u00fcdisches Leben in Deutschland\\\" - Radio Leinewelle\",\"isPartOf\":{\"@id\":\"https:\\\/\\\/radioleinewelle.de\\\/#website\"},\"primaryImageOfPage\":{\"@id\":\"https:\\\/\\\/radioleinewelle.de\\\/index.php\\\/2021\\\/02\\\/20\\\/phoenix-startet-am-sonntag-einen-ganzjaehrigen-schwerpunkt-zu-1700-jahre-juedisches-leben-in-deutschland\\\/#primaryimage\"},\"image\":{\"@id\":\"https:\\\/\\\/radioleinewelle.de\\\/index.php\\\/2021\\\/02\\\/20\\\/phoenix-startet-am-sonntag-einen-ganzjaehrigen-schwerpunkt-zu-1700-jahre-juedisches-leben-in-deutschland\\\/#primaryimage\"},\"thumbnailUrl\":\"https:\\\/\\\/radioleinewelle.de\\\/wp-content\\\/uploads\\\/2021\\\/02\\\/synagogue-904527_640.jpg\",\"datePublished\":\"2021-02-20T07:44:32+00:00\",\"breadcrumb\":{\"@id\":\"https:\\\/\\\/radioleinewelle.de\\\/index.php\\\/2021\\\/02\\\/20\\\/phoenix-startet-am-sonntag-einen-ganzjaehrigen-schwerpunkt-zu-1700-jahre-juedisches-leben-in-deutschland\\\/#breadcrumb\"},\"inLanguage\":\"de\",\"potentialAction\":[{\"@type\":\"ReadAction\",\"target\":[\"https:\\\/\\\/radioleinewelle.de\\\/index.php\\\/2021\\\/02\\\/20\\\/phoenix-startet-am-sonntag-einen-ganzjaehrigen-schwerpunkt-zu-1700-jahre-juedisches-leben-in-deutschland\\\/\"]}]},{\"@type\":\"ImageObject\",\"inLanguage\":\"de\",\"@id\":\"https:\\\/\\\/radioleinewelle.de\\\/index.php\\\/2021\\\/02\\\/20\\\/phoenix-startet-am-sonntag-einen-ganzjaehrigen-schwerpunkt-zu-1700-jahre-juedisches-leben-in-deutschland\\\/#primaryimage\",\"url\":\"https:\\\/\\\/radioleinewelle.de\\\/wp-content\\\/uploads\\\/2021\\\/02\\\/synagogue-904527_640.jpg\",\"contentUrl\":\"https:\\\/\\\/radioleinewelle.de\\\/wp-content\\\/uploads\\\/2021\\\/02\\\/synagogue-904527_640.jpg\",\"width\":640,\"height\":360},{\"@type\":\"BreadcrumbList\",\"@id\":\"https:\\\/\\\/radioleinewelle.de\\\/index.php\\\/2021\\\/02\\\/20\\\/phoenix-startet-am-sonntag-einen-ganzjaehrigen-schwerpunkt-zu-1700-jahre-juedisches-leben-in-deutschland\\\/#breadcrumb\",\"itemListElement\":[{\"@type\":\"ListItem\",\"position\":1,\"name\":\"Startseite\",\"item\":\"https:\\\/\\\/radioleinewelle.de\\\/\"},{\"@type\":\"ListItem\",\"position\":2,\"name\":\"phoenix startet am Sonntag einen ganzj\u00e4hrigen Schwerpunkt zu &#8222;1700 Jahre j\u00fcdisches Leben in Deutschland&#8220;\"}]},{\"@type\":\"WebSite\",\"@id\":\"https:\\\/\\\/radioleinewelle.de\\\/#website\",\"url\":\"https:\\\/\\\/radioleinewelle.de\\\/\",\"name\":\"Radio Leinewelle\",\"description\":\"\",\"publisher\":{\"@id\":\"https:\\\/\\\/radioleinewelle.de\\\/#organization\"},\"potentialAction\":[{\"@type\":\"SearchAction\",\"target\":{\"@type\":\"EntryPoint\",\"urlTemplate\":\"https:\\\/\\\/radioleinewelle.de\\\/?s={search_term_string}\"},\"query-input\":{\"@type\":\"PropertyValueSpecification\",\"valueRequired\":true,\"valueName\":\"search_term_string\"}}],\"inLanguage\":\"de\"},{\"@type\":\"Organization\",\"@id\":\"https:\\\/\\\/radioleinewelle.de\\\/#organization\",\"name\":\"Radio Leinewelle\",\"alternateName\":\"Mein Radio f\u00fcr S\u00fcdniedersachsen\",\"url\":\"https:\\\/\\\/radioleinewelle.de\\\/\",\"logo\":{\"@type\":\"ImageObject\",\"inLanguage\":\"de\",\"@id\":\"https:\\\/\\\/radioleinewelle.de\\\/#\\\/schema\\\/logo\\\/image\\\/\",\"url\":\"https:\\\/\\\/radioleinewelle.de\\\/wp-content\\\/uploads\\\/2023\\\/11\\\/cropped-Leinewelle_Logo_weiss.png\",\"contentUrl\":\"https:\\\/\\\/radioleinewelle.de\\\/wp-content\\\/uploads\\\/2023\\\/11\\\/cropped-Leinewelle_Logo_weiss.png\",\"width\":854,\"height\":260,\"caption\":\"Radio Leinewelle\"},\"image\":{\"@id\":\"https:\\\/\\\/radioleinewelle.de\\\/#\\\/schema\\\/logo\\\/image\\\/\"},\"sameAs\":[\"https:\\\/\\\/www.facebook.com\\\/radioleinewelle\",\"https:\\\/\\\/x.com\\\/RLeinewelle\",\"https:\\\/\\\/www.instagram.com\\\/radioleinewelle\\\/?hl=de\"]},{\"@type\":\"Person\",\"@id\":\"https:\\\/\\\/radioleinewelle.de\\\/#\\\/schema\\\/person\\\/45606f348637df637192dc1b68399a63\",\"name\":\"Leinewelle\",\"image\":{\"@type\":\"ImageObject\",\"inLanguage\":\"de\",\"@id\":\"https:\\\/\\\/secure.gravatar.com\\\/avatar\\\/05c9a17bc973052ee5d91549bd32fb4dd0dc85b7b85ae94b2e2b4943476bbea5?s=96&d=blank&r=g\",\"url\":\"https:\\\/\\\/secure.gravatar.com\\\/avatar\\\/05c9a17bc973052ee5d91549bd32fb4dd0dc85b7b85ae94b2e2b4943476bbea5?s=96&d=blank&r=g\",\"contentUrl\":\"https:\\\/\\\/secure.gravatar.com\\\/avatar\\\/05c9a17bc973052ee5d91549bd32fb4dd0dc85b7b85ae94b2e2b4943476bbea5?s=96&d=blank&r=g\",\"caption\":\"Leinewelle\"},\"sameAs\":[\"http:\\\/\\\/localhost\\\/radio%20leinewelle\\\/wordpress\",\"https:\\\/\\\/www.facebook.com\\\/radioleinewelle\",\"https:\\\/\\\/www.instagram.com\\\/radioleinewelle\",\"https:\\\/\\\/x.com\\\/https:\\\/\\\/twitter.com\\\/RLeinewelle?ref_src=twsrcgoogletwcampserptwgrauthor\",\"https:\\\/\\\/soundcloud.com\\\/foerderverein-lokalradio?utm_source=clipboard&utm_medium=text&utm_campaign=social_sharing\"],\"url\":\"https:\\\/\\\/radioleinewelle.de\\\/index.php\\\/author\\\/leinewelle\\\/\"}]}<\/script>\n<!-- \/ Yoast SEO plugin. -->","yoast_head_json":{"title":"phoenix startet am Sonntag einen ganzj\u00e4hrigen Schwerpunkt zu \"1700 Jahre j\u00fcdisches Leben in Deutschland\" - Radio Leinewelle","robots":{"index":"index","follow":"follow","max-snippet":"max-snippet:-1","max-image-preview":"max-image-preview:large","max-video-preview":"max-video-preview:-1"},"canonical":"https:\/\/radioleinewelle.de\/index.php\/2021\/02\/20\/phoenix-startet-am-sonntag-einen-ganzjaehrigen-schwerpunkt-zu-1700-jahre-juedisches-leben-in-deutschland\/","og_locale":"de_DE","og_type":"article","og_title":"phoenix startet am Sonntag einen ganzj\u00e4hrigen Schwerpunkt zu \"1700 Jahre j\u00fcdisches Leben in Deutschland\" - Radio Leinewelle","og_description":"Seit mindestens 1700 Jahre leben Juden nachweislich in dem Gebiet des heutigen Deutschlands. Darauf weist ein Dekret des r\u00f6mischen Kaisers Konstantin aus dem Jahr 321 hin, das es Juden erlaubte, in \u00c4mter der Kurie und von Stadtverwaltungen berufen zu werden. Aus diesem Anlass haben Pers\u00f6nlichkeiten des \u00f6ffentlichen Lebens und wichtige Institutionen 2021 zum Festjahr &#8222;1.700 [&hellip;]","og_url":"https:\/\/radioleinewelle.de\/index.php\/2021\/02\/20\/phoenix-startet-am-sonntag-einen-ganzjaehrigen-schwerpunkt-zu-1700-jahre-juedisches-leben-in-deutschland\/","og_site_name":"Radio Leinewelle","article_publisher":"https:\/\/www.facebook.com\/radioleinewelle","article_author":"https:\/\/www.facebook.com\/radioleinewelle","article_published_time":"2021-02-20T07:44:32+00:00","og_image":[{"width":640,"height":360,"url":"https:\/\/radioleinewelle.de\/wp-content\/uploads\/2021\/02\/synagogue-904527_640.jpg","type":"image\/jpeg"}],"author":"Leinewelle","twitter_card":"summary_large_image","twitter_creator":"@https:\/\/twitter.com\/RLeinewelle?ref_src=twsrcgoogletwcampserptwgrauthor","twitter_site":"@RLeinewelle","twitter_misc":{"Verfasst von":"Leinewelle","Gesch\u00e4tzte Lesezeit":"2\u00a0Minuten"},"schema":{"@context":"https:\/\/schema.org","@graph":[{"@type":"Article","@id":"https:\/\/radioleinewelle.de\/index.php\/2021\/02\/20\/phoenix-startet-am-sonntag-einen-ganzjaehrigen-schwerpunkt-zu-1700-jahre-juedisches-leben-in-deutschland\/#article","isPartOf":{"@id":"https:\/\/radioleinewelle.de\/index.php\/2021\/02\/20\/phoenix-startet-am-sonntag-einen-ganzjaehrigen-schwerpunkt-zu-1700-jahre-juedisches-leben-in-deutschland\/"},"author":{"name":"Leinewelle","@id":"https:\/\/radioleinewelle.de\/#\/schema\/person\/45606f348637df637192dc1b68399a63"},"headline":"phoenix startet am Sonntag einen ganzj\u00e4hrigen Schwerpunkt zu &#8222;1700 Jahre j\u00fcdisches Leben in Deutschland&#8220;","datePublished":"2021-02-20T07:44:32+00:00","mainEntityOfPage":{"@id":"https:\/\/radioleinewelle.de\/index.php\/2021\/02\/20\/phoenix-startet-am-sonntag-einen-ganzjaehrigen-schwerpunkt-zu-1700-jahre-juedisches-leben-in-deutschland\/"},"wordCount":437,"publisher":{"@id":"https:\/\/radioleinewelle.de\/#organization"},"image":{"@id":"https:\/\/radioleinewelle.de\/index.php\/2021\/02\/20\/phoenix-startet-am-sonntag-einen-ganzjaehrigen-schwerpunkt-zu-1700-jahre-juedisches-leben-in-deutschland\/#primaryimage"},"thumbnailUrl":"https:\/\/radioleinewelle.de\/wp-content\/uploads\/2021\/02\/synagogue-904527_640.jpg","articleSection":["Gesellschaft"],"inLanguage":"de"},{"@type":"WebPage","@id":"https:\/\/radioleinewelle.de\/index.php\/2021\/02\/20\/phoenix-startet-am-sonntag-einen-ganzjaehrigen-schwerpunkt-zu-1700-jahre-juedisches-leben-in-deutschland\/","url":"https:\/\/radioleinewelle.de\/index.php\/2021\/02\/20\/phoenix-startet-am-sonntag-einen-ganzjaehrigen-schwerpunkt-zu-1700-jahre-juedisches-leben-in-deutschland\/","name":"phoenix startet am Sonntag einen ganzj\u00e4hrigen Schwerpunkt zu \"1700 Jahre j\u00fcdisches Leben in Deutschland\" - Radio Leinewelle","isPartOf":{"@id":"https:\/\/radioleinewelle.de\/#website"},"primaryImageOfPage":{"@id":"https:\/\/radioleinewelle.de\/index.php\/2021\/02\/20\/phoenix-startet-am-sonntag-einen-ganzjaehrigen-schwerpunkt-zu-1700-jahre-juedisches-leben-in-deutschland\/#primaryimage"},"image":{"@id":"https:\/\/radioleinewelle.de\/index.php\/2021\/02\/20\/phoenix-startet-am-sonntag-einen-ganzjaehrigen-schwerpunkt-zu-1700-jahre-juedisches-leben-in-deutschland\/#primaryimage"},"thumbnailUrl":"https:\/\/radioleinewelle.de\/wp-content\/uploads\/2021\/02\/synagogue-904527_640.jpg","datePublished":"2021-02-20T07:44:32+00:00","breadcrumb":{"@id":"https:\/\/radioleinewelle.de\/index.php\/2021\/02\/20\/phoenix-startet-am-sonntag-einen-ganzjaehrigen-schwerpunkt-zu-1700-jahre-juedisches-leben-in-deutschland\/#breadcrumb"},"inLanguage":"de","potentialAction":[{"@type":"ReadAction","target":["https:\/\/radioleinewelle.de\/index.php\/2021\/02\/20\/phoenix-startet-am-sonntag-einen-ganzjaehrigen-schwerpunkt-zu-1700-jahre-juedisches-leben-in-deutschland\/"]}]},{"@type":"ImageObject","inLanguage":"de","@id":"https:\/\/radioleinewelle.de\/index.php\/2021\/02\/20\/phoenix-startet-am-sonntag-einen-ganzjaehrigen-schwerpunkt-zu-1700-jahre-juedisches-leben-in-deutschland\/#primaryimage","url":"https:\/\/radioleinewelle.de\/wp-content\/uploads\/2021\/02\/synagogue-904527_640.jpg","contentUrl":"https:\/\/radioleinewelle.de\/wp-content\/uploads\/2021\/02\/synagogue-904527_640.jpg","width":640,"height":360},{"@type":"BreadcrumbList","@id":"https:\/\/radioleinewelle.de\/index.php\/2021\/02\/20\/phoenix-startet-am-sonntag-einen-ganzjaehrigen-schwerpunkt-zu-1700-jahre-juedisches-leben-in-deutschland\/#breadcrumb","itemListElement":[{"@type":"ListItem","position":1,"name":"Startseite","item":"https:\/\/radioleinewelle.de\/"},{"@type":"ListItem","position":2,"name":"phoenix startet am Sonntag einen ganzj\u00e4hrigen Schwerpunkt zu &#8222;1700 Jahre j\u00fcdisches Leben in Deutschland&#8220;"}]},{"@type":"WebSite","@id":"https:\/\/radioleinewelle.de\/#website","url":"https:\/\/radioleinewelle.de\/","name":"Radio Leinewelle","description":"","publisher":{"@id":"https:\/\/radioleinewelle.de\/#organization"},"potentialAction":[{"@type":"SearchAction","target":{"@type":"EntryPoint","urlTemplate":"https:\/\/radioleinewelle.de\/?s={search_term_string}"},"query-input":{"@type":"PropertyValueSpecification","valueRequired":true,"valueName":"search_term_string"}}],"inLanguage":"de"},{"@type":"Organization","@id":"https:\/\/radioleinewelle.de\/#organization","name":"Radio Leinewelle","alternateName":"Mein Radio f\u00fcr S\u00fcdniedersachsen","url":"https:\/\/radioleinewelle.de\/","logo":{"@type":"ImageObject","inLanguage":"de","@id":"https:\/\/radioleinewelle.de\/#\/schema\/logo\/image\/","url":"https:\/\/radioleinewelle.de\/wp-content\/uploads\/2023\/11\/cropped-Leinewelle_Logo_weiss.png","contentUrl":"https:\/\/radioleinewelle.de\/wp-content\/uploads\/2023\/11\/cropped-Leinewelle_Logo_weiss.png","width":854,"height":260,"caption":"Radio Leinewelle"},"image":{"@id":"https:\/\/radioleinewelle.de\/#\/schema\/logo\/image\/"},"sameAs":["https:\/\/www.facebook.com\/radioleinewelle","https:\/\/x.com\/RLeinewelle","https:\/\/www.instagram.com\/radioleinewelle\/?hl=de"]},{"@type":"Person","@id":"https:\/\/radioleinewelle.de\/#\/schema\/person\/45606f348637df637192dc1b68399a63","name":"Leinewelle","image":{"@type":"ImageObject","inLanguage":"de","@id":"https:\/\/secure.gravatar.com\/avatar\/05c9a17bc973052ee5d91549bd32fb4dd0dc85b7b85ae94b2e2b4943476bbea5?s=96&d=blank&r=g","url":"https:\/\/secure.gravatar.com\/avatar\/05c9a17bc973052ee5d91549bd32fb4dd0dc85b7b85ae94b2e2b4943476bbea5?s=96&d=blank&r=g","contentUrl":"https:\/\/secure.gravatar.com\/avatar\/05c9a17bc973052ee5d91549bd32fb4dd0dc85b7b85ae94b2e2b4943476bbea5?s=96&d=blank&r=g","caption":"Leinewelle"},"sameAs":["http:\/\/localhost\/radio%20leinewelle\/wordpress","https:\/\/www.facebook.com\/radioleinewelle","https:\/\/www.instagram.com\/radioleinewelle","https:\/\/x.com\/https:\/\/twitter.com\/RLeinewelle?ref_src=twsrcgoogletwcampserptwgrauthor","https:\/\/soundcloud.com\/foerderverein-lokalradio?utm_source=clipboard&utm_medium=text&utm_campaign=social_sharing"],"url":"https:\/\/radioleinewelle.de\/index.php\/author\/leinewelle\/"}]}},"_links":{"self":[{"href":"https:\/\/radioleinewelle.de\/index.php\/wp-json\/wp\/v2\/posts\/5423","targetHints":{"allow":["GET"]}}],"collection":[{"href":"https:\/\/radioleinewelle.de\/index.php\/wp-json\/wp\/v2\/posts"}],"about":[{"href":"https:\/\/radioleinewelle.de\/index.php\/wp-json\/wp\/v2\/types\/post"}],"author":[{"embeddable":true,"href":"https:\/\/radioleinewelle.de\/index.php\/wp-json\/wp\/v2\/users\/1"}],"replies":[{"embeddable":true,"href":"https:\/\/radioleinewelle.de\/index.php\/wp-json\/wp\/v2\/comments?post=5423"}],"version-history":[{"count":0,"href":"https:\/\/radioleinewelle.de\/index.php\/wp-json\/wp\/v2\/posts\/5423\/revisions"}],"wp:featuredmedia":[{"embeddable":true,"href":"https:\/\/radioleinewelle.de\/index.php\/wp-json\/wp\/v2\/media\/5425"}],"wp:attachment":[{"href":"https:\/\/radioleinewelle.de\/index.php\/wp-json\/wp\/v2\/media?parent=5423"}],"wp:term":[{"taxonomy":"category","embeddable":true,"href":"https:\/\/radioleinewelle.de\/index.php\/wp-json\/wp\/v2\/categories?post=5423"},{"taxonomy":"post_tag","embeddable":true,"href":"https:\/\/radioleinewelle.de\/index.php\/wp-json\/wp\/v2\/tags?post=5423"}],"curies":[{"name":"wp","href":"https:\/\/api.w.org\/{rel}","templated":true}]}}