{"id":5440,"date":"2021-02-21T09:54:56","date_gmt":"2021-02-21T08:54:56","guid":{"rendered":"https:\/\/radioleinewelle.de\/?p=5440"},"modified":"2021-02-21T09:54:56","modified_gmt":"2021-02-21T08:54:56","slug":"osterode-ehrenamtliche-impfpatinnen-und-impfpaten-stehen-fuer-hilfe-bereit","status":"publish","type":"post","link":"https:\/\/radioleinewelle.de\/index.php\/2021\/02\/21\/osterode-ehrenamtliche-impfpatinnen-und-impfpaten-stehen-fuer-hilfe-bereit\/","title":{"rendered":"Osterode: Ehrenamtliche \u201eImpfpatinnen\u201c und \u201eImpfpaten\u201c stehen f\u00fcr Hilfe bereit"},"content":{"rendered":"\n<p>Hilfesuchende B\u00fcrgerinnen und B\u00fcrger k\u00f6nnen sich an das B\u00fcrgerb\u00fcro der Stadt Osterode am Harz wenden. Nicht immer gibt es Angeh\u00f6rige oder Nachbarn, die \u00e4ltere Mitb\u00fcrgerinnen und Mitb\u00fcrger dabei unterst\u00fctzen k\u00f6nnen, Termine f\u00fcr die Impfung gegen das Corona-Virus zu erhalten. Auch die Fahrt zum Impfzentrum kann f\u00fcr Einige eine ungeahnte H\u00fcrde bedeuten. Osterodes B\u00fcrgermeister Jens Augat hat daher vor Kurzem dazu aufgerufen, sich zur Unterst\u00fctzung von Hilfebed\u00fcrftigen zur Verf\u00fcgung zu stellen. \u201eBereits nach kurzer Zeit haben sich B\u00fcrgerinnen und B\u00fcrger gefunden, die bereit sind, zu helfen\u201c freut sich der B\u00fcrgermeister.&nbsp;<\/p>\n\n\n\n<p>Hilfesuchende B\u00fcrgerinnen und B\u00fcrger k\u00f6nnen sich daher ab sofort telefonisch, unter den Telefonnummern&nbsp;05522\/318-262; 05522\/318-263; 05522\/318-264&nbsp;an das B\u00fcrgerb\u00fcro wenden. Dieses vermittelt dann den Kontakt zwischen \u201eImpfpatinnen\u201c und \u201eImpfpaten\u201c<\/p>\n\n\n\n<p>Die Stadt Osterode am Harz sucht weitere \u201eImpfpatinnen\u201c oder \u201eImpfpaten\u201c Wer sich engagieren m\u00f6chte, findet ein Online-Formular auf&nbsp;<a href=\"http:\/\/www.osterode.de\/\">www.osterode.de<\/a>\/impfpate. Dort finden sich auch alle weiteren Informationen. Nat\u00fcrlich geht das auch telefonisch unter den oben erw\u00e4hnten Telefonnummern.<\/p>\n\n\n\n<p>Bild von&nbsp;<a href=\"https:\/\/pixabay.com\/de\/users\/kitzd66-2035940\/?utm_source=link-attribution&amp;utm_medium=referral&amp;utm_campaign=image&amp;utm_content=5884502\">DoroT Schenk<\/a>&nbsp;auf&nbsp;<a href=\"https:\/\/pixabay.com\/de\/?utm_source=link-attribution&amp;utm_medium=referral&amp;utm_campaign=image&amp;utm_content=5884502\">Pixabay<\/a><\/p>\n","protected":false},"excerpt":{"rendered":"<p>Hilfesuchende B\u00fcrgerinnen und B\u00fcrger k\u00f6nnen sich an das B\u00fcrgerb\u00fcro der Stadt Osterode am Harz wenden. Nicht immer gibt es Angeh\u00f6rige oder Nachbarn, die \u00e4ltere Mitb\u00fcrgerinnen und Mitb\u00fcrger dabei unterst\u00fctzen k\u00f6nnen, Termine f\u00fcr die Impfung gegen das Corona-Virus zu erhalten. Auch die Fahrt zum Impfzentrum kann f\u00fcr Einige eine ungeahnte H\u00fcrde bedeuten. Osterodes B\u00fcrgermeister Jens Augat [&hellip;]<\/p>\n","protected":false},"author":1,"featured_media":0,"comment_status":"closed","ping_status":"closed","sticky":false,"template":"","format":"standard","meta":{"saved_in_kubio":false,"footnotes":""},"categories":[23],"tags":[],"class_list":["post-5440","post","type-post","status-publish","format-standard","hentry","category-corona"],"yoast_head":"<!-- This site is optimized with the Yoast SEO plugin v27.5 - https:\/\/yoast.com\/product\/yoast-seo-wordpress\/ -->\n<title>Osterode: Ehrenamtliche \u201eImpfpatinnen\u201c und \u201eImpfpaten\u201c stehen f\u00fcr Hilfe bereit - Radio Leinewelle<\/title>\n<meta name=\"robots\" content=\"index, follow, max-snippet:-1, max-image-preview:large, max-video-preview:-1\" \/>\n<link rel=\"canonical\" href=\"https:\/\/radioleinewelle.de\/index.php\/2021\/02\/21\/osterode-ehrenamtliche-impfpatinnen-und-impfpaten-stehen-fuer-hilfe-bereit\/\" \/>\n<meta property=\"og:locale\" content=\"de_DE\" \/>\n<meta property=\"og:type\" content=\"article\" \/>\n<meta property=\"og:title\" content=\"Osterode: Ehrenamtliche \u201eImpfpatinnen\u201c und \u201eImpfpaten\u201c stehen f\u00fcr Hilfe bereit - Radio Leinewelle\" \/>\n<meta property=\"og:description\" content=\"Hilfesuchende B\u00fcrgerinnen und B\u00fcrger k\u00f6nnen sich an das B\u00fcrgerb\u00fcro der Stadt Osterode am Harz wenden. Nicht immer gibt es Angeh\u00f6rige oder Nachbarn, die \u00e4ltere Mitb\u00fcrgerinnen und Mitb\u00fcrger dabei unterst\u00fctzen k\u00f6nnen, Termine f\u00fcr die Impfung gegen das Corona-Virus zu erhalten. Auch die Fahrt zum Impfzentrum kann f\u00fcr Einige eine ungeahnte H\u00fcrde bedeuten. Osterodes B\u00fcrgermeister Jens Augat [&hellip;]\" \/>\n<meta property=\"og:url\" content=\"https:\/\/radioleinewelle.de\/index.php\/2021\/02\/21\/osterode-ehrenamtliche-impfpatinnen-und-impfpaten-stehen-fuer-hilfe-bereit\/\" \/>\n<meta property=\"og:site_name\" content=\"Radio Leinewelle\" \/>\n<meta property=\"article:publisher\" content=\"https:\/\/www.facebook.com\/radioleinewelle\" \/>\n<meta property=\"article:author\" content=\"https:\/\/www.facebook.com\/radioleinewelle\" \/>\n<meta property=\"article:published_time\" content=\"2021-02-21T08:54:56+00:00\" \/>\n<meta name=\"author\" content=\"Leinewelle\" \/>\n<meta name=\"twitter:card\" content=\"summary_large_image\" \/>\n<meta name=\"twitter:creator\" content=\"@https:\/\/twitter.com\/RLeinewelle?ref_src=twsrcgoogletwcampserptwgrauthor\" \/>\n<meta name=\"twitter:site\" content=\"@RLeinewelle\" \/>\n<meta name=\"twitter:label1\" content=\"Verfasst von\" \/>\n\t<meta name=\"twitter:data1\" content=\"Leinewelle\" \/>\n\t<meta name=\"twitter:label2\" content=\"Gesch\u00e4tzte Lesezeit\" \/>\n\t<meta name=\"twitter:data2\" content=\"1\u00a0Minute\" \/>\n<script type=\"application\/ld+json\" class=\"yoast-schema-graph\">{\"@context\":\"https:\\\/\\\/schema.org\",\"@graph\":[{\"@type\":\"Article\",\"@id\":\"https:\\\/\\\/radioleinewelle.de\\\/index.php\\\/2021\\\/02\\\/21\\\/osterode-ehrenamtliche-impfpatinnen-und-impfpaten-stehen-fuer-hilfe-bereit\\\/#article\",\"isPartOf\":{\"@id\":\"https:\\\/\\\/radioleinewelle.de\\\/index.php\\\/2021\\\/02\\\/21\\\/osterode-ehrenamtliche-impfpatinnen-und-impfpaten-stehen-fuer-hilfe-bereit\\\/\"},\"author\":{\"name\":\"Leinewelle\",\"@id\":\"https:\\\/\\\/radioleinewelle.de\\\/#\\\/schema\\\/person\\\/45606f348637df637192dc1b68399a63\"},\"headline\":\"Osterode: Ehrenamtliche \u201eImpfpatinnen\u201c und \u201eImpfpaten\u201c stehen f\u00fcr Hilfe bereit\",\"datePublished\":\"2021-02-21T08:54:56+00:00\",\"mainEntityOfPage\":{\"@id\":\"https:\\\/\\\/radioleinewelle.de\\\/index.php\\\/2021\\\/02\\\/21\\\/osterode-ehrenamtliche-impfpatinnen-und-impfpaten-stehen-fuer-hilfe-bereit\\\/\"},\"wordCount\":208,\"publisher\":{\"@id\":\"https:\\\/\\\/radioleinewelle.de\\\/#organization\"},\"articleSection\":[\"Corona\"],\"inLanguage\":\"de\"},{\"@type\":\"WebPage\",\"@id\":\"https:\\\/\\\/radioleinewelle.de\\\/index.php\\\/2021\\\/02\\\/21\\\/osterode-ehrenamtliche-impfpatinnen-und-impfpaten-stehen-fuer-hilfe-bereit\\\/\",\"url\":\"https:\\\/\\\/radioleinewelle.de\\\/index.php\\\/2021\\\/02\\\/21\\\/osterode-ehrenamtliche-impfpatinnen-und-impfpaten-stehen-fuer-hilfe-bereit\\\/\",\"name\":\"Osterode: Ehrenamtliche \u201eImpfpatinnen\u201c und \u201eImpfpaten\u201c stehen f\u00fcr Hilfe bereit - Radio Leinewelle\",\"isPartOf\":{\"@id\":\"https:\\\/\\\/radioleinewelle.de\\\/#website\"},\"datePublished\":\"2021-02-21T08:54:56+00:00\",\"breadcrumb\":{\"@id\":\"https:\\\/\\\/radioleinewelle.de\\\/index.php\\\/2021\\\/02\\\/21\\\/osterode-ehrenamtliche-impfpatinnen-und-impfpaten-stehen-fuer-hilfe-bereit\\\/#breadcrumb\"},\"inLanguage\":\"de\",\"potentialAction\":[{\"@type\":\"ReadAction\",\"target\":[\"https:\\\/\\\/radioleinewelle.de\\\/index.php\\\/2021\\\/02\\\/21\\\/osterode-ehrenamtliche-impfpatinnen-und-impfpaten-stehen-fuer-hilfe-bereit\\\/\"]}]},{\"@type\":\"BreadcrumbList\",\"@id\":\"https:\\\/\\\/radioleinewelle.de\\\/index.php\\\/2021\\\/02\\\/21\\\/osterode-ehrenamtliche-impfpatinnen-und-impfpaten-stehen-fuer-hilfe-bereit\\\/#breadcrumb\",\"itemListElement\":[{\"@type\":\"ListItem\",\"position\":1,\"name\":\"Startseite\",\"item\":\"https:\\\/\\\/radioleinewelle.de\\\/\"},{\"@type\":\"ListItem\",\"position\":2,\"name\":\"Osterode: Ehrenamtliche \u201eImpfpatinnen\u201c und \u201eImpfpaten\u201c stehen f\u00fcr Hilfe bereit\"}]},{\"@type\":\"WebSite\",\"@id\":\"https:\\\/\\\/radioleinewelle.de\\\/#website\",\"url\":\"https:\\\/\\\/radioleinewelle.de\\\/\",\"name\":\"Radio Leinewelle\",\"description\":\"\",\"publisher\":{\"@id\":\"https:\\\/\\\/radioleinewelle.de\\\/#organization\"},\"potentialAction\":[{\"@type\":\"SearchAction\",\"target\":{\"@type\":\"EntryPoint\",\"urlTemplate\":\"https:\\\/\\\/radioleinewelle.de\\\/?s={search_term_string}\"},\"query-input\":{\"@type\":\"PropertyValueSpecification\",\"valueRequired\":true,\"valueName\":\"search_term_string\"}}],\"inLanguage\":\"de\"},{\"@type\":\"Organization\",\"@id\":\"https:\\\/\\\/radioleinewelle.de\\\/#organization\",\"name\":\"Radio Leinewelle\",\"alternateName\":\"Mein Radio f\u00fcr S\u00fcdniedersachsen\",\"url\":\"https:\\\/\\\/radioleinewelle.de\\\/\",\"logo\":{\"@type\":\"ImageObject\",\"inLanguage\":\"de\",\"@id\":\"https:\\\/\\\/radioleinewelle.de\\\/#\\\/schema\\\/logo\\\/image\\\/\",\"url\":\"https:\\\/\\\/radioleinewelle.de\\\/wp-content\\\/uploads\\\/2023\\\/11\\\/cropped-Leinewelle_Logo_weiss.png\",\"contentUrl\":\"https:\\\/\\\/radioleinewelle.de\\\/wp-content\\\/uploads\\\/2023\\\/11\\\/cropped-Leinewelle_Logo_weiss.png\",\"width\":854,\"height\":260,\"caption\":\"Radio Leinewelle\"},\"image\":{\"@id\":\"https:\\\/\\\/radioleinewelle.de\\\/#\\\/schema\\\/logo\\\/image\\\/\"},\"sameAs\":[\"https:\\\/\\\/www.facebook.com\\\/radioleinewelle\",\"https:\\\/\\\/x.com\\\/RLeinewelle\",\"https:\\\/\\\/www.instagram.com\\\/radioleinewelle\\\/?hl=de\"]},{\"@type\":\"Person\",\"@id\":\"https:\\\/\\\/radioleinewelle.de\\\/#\\\/schema\\\/person\\\/45606f348637df637192dc1b68399a63\",\"name\":\"Leinewelle\",\"image\":{\"@type\":\"ImageObject\",\"inLanguage\":\"de\",\"@id\":\"https:\\\/\\\/secure.gravatar.com\\\/avatar\\\/05c9a17bc973052ee5d91549bd32fb4dd0dc85b7b85ae94b2e2b4943476bbea5?s=96&d=blank&r=g\",\"url\":\"https:\\\/\\\/secure.gravatar.com\\\/avatar\\\/05c9a17bc973052ee5d91549bd32fb4dd0dc85b7b85ae94b2e2b4943476bbea5?s=96&d=blank&r=g\",\"contentUrl\":\"https:\\\/\\\/secure.gravatar.com\\\/avatar\\\/05c9a17bc973052ee5d91549bd32fb4dd0dc85b7b85ae94b2e2b4943476bbea5?s=96&d=blank&r=g\",\"caption\":\"Leinewelle\"},\"sameAs\":[\"http:\\\/\\\/localhost\\\/radio%20leinewelle\\\/wordpress\",\"https:\\\/\\\/www.facebook.com\\\/radioleinewelle\",\"https:\\\/\\\/www.instagram.com\\\/radioleinewelle\",\"https:\\\/\\\/x.com\\\/https:\\\/\\\/twitter.com\\\/RLeinewelle?ref_src=twsrcgoogletwcampserptwgrauthor\",\"https:\\\/\\\/soundcloud.com\\\/foerderverein-lokalradio?utm_source=clipboard&utm_medium=text&utm_campaign=social_sharing\"],\"url\":\"https:\\\/\\\/radioleinewelle.de\\\/index.php\\\/author\\\/leinewelle\\\/\"}]}<\/script>\n<!-- \/ Yoast SEO plugin. -->","yoast_head_json":{"title":"Osterode: Ehrenamtliche \u201eImpfpatinnen\u201c und \u201eImpfpaten\u201c stehen f\u00fcr Hilfe bereit - Radio Leinewelle","robots":{"index":"index","follow":"follow","max-snippet":"max-snippet:-1","max-image-preview":"max-image-preview:large","max-video-preview":"max-video-preview:-1"},"canonical":"https:\/\/radioleinewelle.de\/index.php\/2021\/02\/21\/osterode-ehrenamtliche-impfpatinnen-und-impfpaten-stehen-fuer-hilfe-bereit\/","og_locale":"de_DE","og_type":"article","og_title":"Osterode: Ehrenamtliche \u201eImpfpatinnen\u201c und \u201eImpfpaten\u201c stehen f\u00fcr Hilfe bereit - Radio Leinewelle","og_description":"Hilfesuchende B\u00fcrgerinnen und B\u00fcrger k\u00f6nnen sich an das B\u00fcrgerb\u00fcro der Stadt Osterode am Harz wenden. Nicht immer gibt es Angeh\u00f6rige oder Nachbarn, die \u00e4ltere Mitb\u00fcrgerinnen und Mitb\u00fcrger dabei unterst\u00fctzen k\u00f6nnen, Termine f\u00fcr die Impfung gegen das Corona-Virus zu erhalten. Auch die Fahrt zum Impfzentrum kann f\u00fcr Einige eine ungeahnte H\u00fcrde bedeuten. Osterodes B\u00fcrgermeister Jens Augat [&hellip;]","og_url":"https:\/\/radioleinewelle.de\/index.php\/2021\/02\/21\/osterode-ehrenamtliche-impfpatinnen-und-impfpaten-stehen-fuer-hilfe-bereit\/","og_site_name":"Radio Leinewelle","article_publisher":"https:\/\/www.facebook.com\/radioleinewelle","article_author":"https:\/\/www.facebook.com\/radioleinewelle","article_published_time":"2021-02-21T08:54:56+00:00","author":"Leinewelle","twitter_card":"summary_large_image","twitter_creator":"@https:\/\/twitter.com\/RLeinewelle?ref_src=twsrcgoogletwcampserptwgrauthor","twitter_site":"@RLeinewelle","twitter_misc":{"Verfasst von":"Leinewelle","Gesch\u00e4tzte Lesezeit":"1\u00a0Minute"},"schema":{"@context":"https:\/\/schema.org","@graph":[{"@type":"Article","@id":"https:\/\/radioleinewelle.de\/index.php\/2021\/02\/21\/osterode-ehrenamtliche-impfpatinnen-und-impfpaten-stehen-fuer-hilfe-bereit\/#article","isPartOf":{"@id":"https:\/\/radioleinewelle.de\/index.php\/2021\/02\/21\/osterode-ehrenamtliche-impfpatinnen-und-impfpaten-stehen-fuer-hilfe-bereit\/"},"author":{"name":"Leinewelle","@id":"https:\/\/radioleinewelle.de\/#\/schema\/person\/45606f348637df637192dc1b68399a63"},"headline":"Osterode: Ehrenamtliche \u201eImpfpatinnen\u201c und \u201eImpfpaten\u201c stehen f\u00fcr Hilfe bereit","datePublished":"2021-02-21T08:54:56+00:00","mainEntityOfPage":{"@id":"https:\/\/radioleinewelle.de\/index.php\/2021\/02\/21\/osterode-ehrenamtliche-impfpatinnen-und-impfpaten-stehen-fuer-hilfe-bereit\/"},"wordCount":208,"publisher":{"@id":"https:\/\/radioleinewelle.de\/#organization"},"articleSection":["Corona"],"inLanguage":"de"},{"@type":"WebPage","@id":"https:\/\/radioleinewelle.de\/index.php\/2021\/02\/21\/osterode-ehrenamtliche-impfpatinnen-und-impfpaten-stehen-fuer-hilfe-bereit\/","url":"https:\/\/radioleinewelle.de\/index.php\/2021\/02\/21\/osterode-ehrenamtliche-impfpatinnen-und-impfpaten-stehen-fuer-hilfe-bereit\/","name":"Osterode: Ehrenamtliche \u201eImpfpatinnen\u201c und \u201eImpfpaten\u201c stehen f\u00fcr Hilfe bereit - Radio Leinewelle","isPartOf":{"@id":"https:\/\/radioleinewelle.de\/#website"},"datePublished":"2021-02-21T08:54:56+00:00","breadcrumb":{"@id":"https:\/\/radioleinewelle.de\/index.php\/2021\/02\/21\/osterode-ehrenamtliche-impfpatinnen-und-impfpaten-stehen-fuer-hilfe-bereit\/#breadcrumb"},"inLanguage":"de","potentialAction":[{"@type":"ReadAction","target":["https:\/\/radioleinewelle.de\/index.php\/2021\/02\/21\/osterode-ehrenamtliche-impfpatinnen-und-impfpaten-stehen-fuer-hilfe-bereit\/"]}]},{"@type":"BreadcrumbList","@id":"https:\/\/radioleinewelle.de\/index.php\/2021\/02\/21\/osterode-ehrenamtliche-impfpatinnen-und-impfpaten-stehen-fuer-hilfe-bereit\/#breadcrumb","itemListElement":[{"@type":"ListItem","position":1,"name":"Startseite","item":"https:\/\/radioleinewelle.de\/"},{"@type":"ListItem","position":2,"name":"Osterode: Ehrenamtliche \u201eImpfpatinnen\u201c und \u201eImpfpaten\u201c stehen f\u00fcr Hilfe bereit"}]},{"@type":"WebSite","@id":"https:\/\/radioleinewelle.de\/#website","url":"https:\/\/radioleinewelle.de\/","name":"Radio Leinewelle","description":"","publisher":{"@id":"https:\/\/radioleinewelle.de\/#organization"},"potentialAction":[{"@type":"SearchAction","target":{"@type":"EntryPoint","urlTemplate":"https:\/\/radioleinewelle.de\/?s={search_term_string}"},"query-input":{"@type":"PropertyValueSpecification","valueRequired":true,"valueName":"search_term_string"}}],"inLanguage":"de"},{"@type":"Organization","@id":"https:\/\/radioleinewelle.de\/#organization","name":"Radio Leinewelle","alternateName":"Mein Radio f\u00fcr S\u00fcdniedersachsen","url":"https:\/\/radioleinewelle.de\/","logo":{"@type":"ImageObject","inLanguage":"de","@id":"https:\/\/radioleinewelle.de\/#\/schema\/logo\/image\/","url":"https:\/\/radioleinewelle.de\/wp-content\/uploads\/2023\/11\/cropped-Leinewelle_Logo_weiss.png","contentUrl":"https:\/\/radioleinewelle.de\/wp-content\/uploads\/2023\/11\/cropped-Leinewelle_Logo_weiss.png","width":854,"height":260,"caption":"Radio Leinewelle"},"image":{"@id":"https:\/\/radioleinewelle.de\/#\/schema\/logo\/image\/"},"sameAs":["https:\/\/www.facebook.com\/radioleinewelle","https:\/\/x.com\/RLeinewelle","https:\/\/www.instagram.com\/radioleinewelle\/?hl=de"]},{"@type":"Person","@id":"https:\/\/radioleinewelle.de\/#\/schema\/person\/45606f348637df637192dc1b68399a63","name":"Leinewelle","image":{"@type":"ImageObject","inLanguage":"de","@id":"https:\/\/secure.gravatar.com\/avatar\/05c9a17bc973052ee5d91549bd32fb4dd0dc85b7b85ae94b2e2b4943476bbea5?s=96&d=blank&r=g","url":"https:\/\/secure.gravatar.com\/avatar\/05c9a17bc973052ee5d91549bd32fb4dd0dc85b7b85ae94b2e2b4943476bbea5?s=96&d=blank&r=g","contentUrl":"https:\/\/secure.gravatar.com\/avatar\/05c9a17bc973052ee5d91549bd32fb4dd0dc85b7b85ae94b2e2b4943476bbea5?s=96&d=blank&r=g","caption":"Leinewelle"},"sameAs":["http:\/\/localhost\/radio%20leinewelle\/wordpress","https:\/\/www.facebook.com\/radioleinewelle","https:\/\/www.instagram.com\/radioleinewelle","https:\/\/x.com\/https:\/\/twitter.com\/RLeinewelle?ref_src=twsrcgoogletwcampserptwgrauthor","https:\/\/soundcloud.com\/foerderverein-lokalradio?utm_source=clipboard&utm_medium=text&utm_campaign=social_sharing"],"url":"https:\/\/radioleinewelle.de\/index.php\/author\/leinewelle\/"}]}},"_links":{"self":[{"href":"https:\/\/radioleinewelle.de\/index.php\/wp-json\/wp\/v2\/posts\/5440","targetHints":{"allow":["GET"]}}],"collection":[{"href":"https:\/\/radioleinewelle.de\/index.php\/wp-json\/wp\/v2\/posts"}],"about":[{"href":"https:\/\/radioleinewelle.de\/index.php\/wp-json\/wp\/v2\/types\/post"}],"author":[{"embeddable":true,"href":"https:\/\/radioleinewelle.de\/index.php\/wp-json\/wp\/v2\/users\/1"}],"replies":[{"embeddable":true,"href":"https:\/\/radioleinewelle.de\/index.php\/wp-json\/wp\/v2\/comments?post=5440"}],"version-history":[{"count":0,"href":"https:\/\/radioleinewelle.de\/index.php\/wp-json\/wp\/v2\/posts\/5440\/revisions"}],"wp:attachment":[{"href":"https:\/\/radioleinewelle.de\/index.php\/wp-json\/wp\/v2\/media?parent=5440"}],"wp:term":[{"taxonomy":"category","embeddable":true,"href":"https:\/\/radioleinewelle.de\/index.php\/wp-json\/wp\/v2\/categories?post=5440"},{"taxonomy":"post_tag","embeddable":true,"href":"https:\/\/radioleinewelle.de\/index.php\/wp-json\/wp\/v2\/tags?post=5440"}],"curies":[{"name":"wp","href":"https:\/\/api.w.org\/{rel}","templated":true}]}}