{"id":5464,"date":"2021-02-22T06:15:30","date_gmt":"2021-02-22T05:15:30","guid":{"rendered":"https:\/\/radioleinewelle.de\/?p=5464"},"modified":"2021-02-22T06:15:30","modified_gmt":"2021-02-22T05:15:30","slug":"die-volksbank-kassel-goettingen-will-in-der-krise-helfen","status":"publish","type":"post","link":"https:\/\/radioleinewelle.de\/index.php\/2021\/02\/22\/die-volksbank-kassel-goettingen-will-in-der-krise-helfen\/","title":{"rendered":"Die Volksbank Kassel G\u00f6ttingen will in der Krise helfen"},"content":{"rendered":"\n<p>Die Volksbank m\u00f6chte f\u00fcr 50 Projekte je 1000 Euro vergeben und will damit einen Beitrag zur Unterst\u00fctzung der zahlreichen Initiativen leisten, die sich in der Krise engagieren. Die Corona-Pandemie geht ja an keinem von uns spurlos vorbei und schr\u00e4nkt unser t\u00e4gliches Leben stark ein. Daher ist Zusammenhalt gefragt meint der Vorstandsvorsitzende der Volksbank Wolfgang Osse und nennt dazu auch Beispiele. Viele Menschen engagieren sich mit hohen pers\u00f6nlichen Einsatz. Wir unterst\u00fctzen Ideen aus den Bereichen Kultur, Sport, Tierschutz, Nachbarschaftshilfe, Kinder- und Jugendhilfe und Vieles mehr. Die Bank ist nun auf die Bewerbungen gespannt. Osse sagte in einem Interview: \u201cNur gemeinsam k\u00f6nnen wir die aktuellen Herausforderungen bew\u00e4ltigen.\u201c \u00dcber die Internetseite der Bank <a href=\"https:\/\/www.volksbank-kassel-goettingen.de\/kampagnen\/vrnw\/spendenanfrage-corona-aktion-gemeinsam.html\" data-type=\"URL\" data-id=\"https:\/\/www.volksbank-kassel-goettingen.de\/kampagnen\/vrnw\/spendenanfrage-corona-aktion-gemeinsam.html\">vobakg.d<\/a><a href=\"http:\/\/Die Volksbank Kassel G\u00f6ttingen will in der Krise helfen - Wie erfahrt ihr bei uns (Jingle)  Die Volksbank m\u00f6chte f\u00fcr 50 Projekte je 1000 Euro vergeben und will damit einen Beitrag zur Unterst\u00fctzung der zahlreichen Initiativen leisten, die sich in der Krise engagieren. Die Corona-Pandemie geht ja an keinem von uns spurlos vorbei und schr\u00e4nkt unser t\u00e4gliches Leben stark ein. Daher ist Zusammenhalt gefragt meint der Vorstandsvorsitzende der Volksbank Wolfgang Osse und nennt dazu auch Beispiele. Viele Menschen engagieren sich mit hohen pers\u00f6nlichen Einsatz. Wir unterst\u00fctzen Ideen aus den Bereichen Kultur, Sport, Tierschutz, Nachbarschaftshilfe, Kinder- und Jugendhilfe und Vieles mehr. Die Bank ist nun auf die Bewerbungen gespannt. Osse sagte in einem Interview: \u201cNur gemeinsam k\u00f6nnen wir die aktuellen Herausforderungen bew\u00e4ltigen.\u201c \u00dcber die Internetseite der Bank vobakg.de k\u00f6nnen bis zum 12. M\u00e4rz die Bewerbungen samt Projektbeschreibungen eingereicht werden.\">e<\/a> k\u00f6nnen bis zum 12. M\u00e4rz die Bewerbungen samt Projektbeschreibungen eingereicht werden.<\/p>\n","protected":false},"excerpt":{"rendered":"<p>Die Volksbank m\u00f6chte f\u00fcr 50 Projekte je 1000 Euro vergeben und will damit einen Beitrag zur Unterst\u00fctzung der zahlreichen Initiativen leisten, die sich in der Krise engagieren. Die Corona-Pandemie geht ja an keinem von uns spurlos vorbei und schr\u00e4nkt unser t\u00e4gliches Leben stark ein. Daher ist Zusammenhalt gefragt meint der Vorstandsvorsitzende der Volksbank Wolfgang Osse [&hellip;]<\/p>\n","protected":false},"author":1,"featured_media":3635,"comment_status":"closed","ping_status":"closed","sticky":false,"template":"","format":"standard","meta":{"saved_in_kubio":false,"footnotes":""},"categories":[38],"tags":[],"class_list":["post-5464","post","type-post","status-publish","format-standard","has-post-thumbnail","hentry","category-wirtschaft"],"yoast_head":"<!-- This site is optimized with the Yoast SEO plugin v27.5 - https:\/\/yoast.com\/product\/yoast-seo-wordpress\/ -->\n<title>Die Volksbank Kassel G\u00f6ttingen will in der Krise helfen - Radio Leinewelle<\/title>\n<meta name=\"robots\" content=\"index, follow, max-snippet:-1, max-image-preview:large, max-video-preview:-1\" \/>\n<link rel=\"canonical\" href=\"https:\/\/radioleinewelle.de\/index.php\/2021\/02\/22\/die-volksbank-kassel-goettingen-will-in-der-krise-helfen\/\" \/>\n<meta property=\"og:locale\" content=\"de_DE\" \/>\n<meta property=\"og:type\" content=\"article\" \/>\n<meta property=\"og:title\" content=\"Die Volksbank Kassel G\u00f6ttingen will in der Krise helfen - Radio Leinewelle\" \/>\n<meta property=\"og:description\" content=\"Die Volksbank m\u00f6chte f\u00fcr 50 Projekte je 1000 Euro vergeben und will damit einen Beitrag zur Unterst\u00fctzung der zahlreichen Initiativen leisten, die sich in der Krise engagieren. Die Corona-Pandemie geht ja an keinem von uns spurlos vorbei und schr\u00e4nkt unser t\u00e4gliches Leben stark ein. Daher ist Zusammenhalt gefragt meint der Vorstandsvorsitzende der Volksbank Wolfgang Osse [&hellip;]\" \/>\n<meta property=\"og:url\" content=\"https:\/\/radioleinewelle.de\/index.php\/2021\/02\/22\/die-volksbank-kassel-goettingen-will-in-der-krise-helfen\/\" \/>\n<meta property=\"og:site_name\" content=\"Radio Leinewelle\" \/>\n<meta property=\"article:publisher\" content=\"https:\/\/www.facebook.com\/radioleinewelle\" \/>\n<meta property=\"article:author\" content=\"https:\/\/www.facebook.com\/radioleinewelle\" \/>\n<meta property=\"article:published_time\" content=\"2021-02-22T05:15:30+00:00\" \/>\n<meta property=\"og:image\" content=\"https:\/\/radioleinewelle.de\/wp-content\/uploads\/2020\/12\/background-2321_640.jpg\" \/>\n\t<meta property=\"og:image:width\" content=\"640\" \/>\n\t<meta property=\"og:image:height\" content=\"426\" \/>\n\t<meta property=\"og:image:type\" content=\"image\/jpeg\" \/>\n<meta name=\"author\" content=\"Leinewelle\" \/>\n<meta name=\"twitter:card\" content=\"summary_large_image\" \/>\n<meta name=\"twitter:creator\" content=\"@https:\/\/twitter.com\/RLeinewelle?ref_src=twsrcgoogletwcampserptwgrauthor\" \/>\n<meta name=\"twitter:site\" content=\"@RLeinewelle\" \/>\n<meta name=\"twitter:label1\" content=\"Verfasst von\" \/>\n\t<meta name=\"twitter:data1\" content=\"Leinewelle\" \/>\n\t<meta name=\"twitter:label2\" content=\"Gesch\u00e4tzte Lesezeit\" \/>\n\t<meta name=\"twitter:data2\" content=\"1\u00a0Minute\" \/>\n<script type=\"application\/ld+json\" class=\"yoast-schema-graph\">{\"@context\":\"https:\\\/\\\/schema.org\",\"@graph\":[{\"@type\":\"Article\",\"@id\":\"https:\\\/\\\/radioleinewelle.de\\\/index.php\\\/2021\\\/02\\\/22\\\/die-volksbank-kassel-goettingen-will-in-der-krise-helfen\\\/#article\",\"isPartOf\":{\"@id\":\"https:\\\/\\\/radioleinewelle.de\\\/index.php\\\/2021\\\/02\\\/22\\\/die-volksbank-kassel-goettingen-will-in-der-krise-helfen\\\/\"},\"author\":{\"name\":\"Leinewelle\",\"@id\":\"https:\\\/\\\/radioleinewelle.de\\\/#\\\/schema\\\/person\\\/45606f348637df637192dc1b68399a63\"},\"headline\":\"Die Volksbank Kassel G\u00f6ttingen will in der Krise helfen\",\"datePublished\":\"2021-02-22T05:15:30+00:00\",\"mainEntityOfPage\":{\"@id\":\"https:\\\/\\\/radioleinewelle.de\\\/index.php\\\/2021\\\/02\\\/22\\\/die-volksbank-kassel-goettingen-will-in-der-krise-helfen\\\/\"},\"wordCount\":142,\"publisher\":{\"@id\":\"https:\\\/\\\/radioleinewelle.de\\\/#organization\"},\"image\":{\"@id\":\"https:\\\/\\\/radioleinewelle.de\\\/index.php\\\/2021\\\/02\\\/22\\\/die-volksbank-kassel-goettingen-will-in-der-krise-helfen\\\/#primaryimage\"},\"thumbnailUrl\":\"https:\\\/\\\/radioleinewelle.de\\\/wp-content\\\/uploads\\\/2020\\\/12\\\/background-2321_640.jpg\",\"articleSection\":[\"Wirtschaft\"],\"inLanguage\":\"de\"},{\"@type\":\"WebPage\",\"@id\":\"https:\\\/\\\/radioleinewelle.de\\\/index.php\\\/2021\\\/02\\\/22\\\/die-volksbank-kassel-goettingen-will-in-der-krise-helfen\\\/\",\"url\":\"https:\\\/\\\/radioleinewelle.de\\\/index.php\\\/2021\\\/02\\\/22\\\/die-volksbank-kassel-goettingen-will-in-der-krise-helfen\\\/\",\"name\":\"Die Volksbank Kassel G\u00f6ttingen will in der Krise helfen - Radio Leinewelle\",\"isPartOf\":{\"@id\":\"https:\\\/\\\/radioleinewelle.de\\\/#website\"},\"primaryImageOfPage\":{\"@id\":\"https:\\\/\\\/radioleinewelle.de\\\/index.php\\\/2021\\\/02\\\/22\\\/die-volksbank-kassel-goettingen-will-in-der-krise-helfen\\\/#primaryimage\"},\"image\":{\"@id\":\"https:\\\/\\\/radioleinewelle.de\\\/index.php\\\/2021\\\/02\\\/22\\\/die-volksbank-kassel-goettingen-will-in-der-krise-helfen\\\/#primaryimage\"},\"thumbnailUrl\":\"https:\\\/\\\/radioleinewelle.de\\\/wp-content\\\/uploads\\\/2020\\\/12\\\/background-2321_640.jpg\",\"datePublished\":\"2021-02-22T05:15:30+00:00\",\"breadcrumb\":{\"@id\":\"https:\\\/\\\/radioleinewelle.de\\\/index.php\\\/2021\\\/02\\\/22\\\/die-volksbank-kassel-goettingen-will-in-der-krise-helfen\\\/#breadcrumb\"},\"inLanguage\":\"de\",\"potentialAction\":[{\"@type\":\"ReadAction\",\"target\":[\"https:\\\/\\\/radioleinewelle.de\\\/index.php\\\/2021\\\/02\\\/22\\\/die-volksbank-kassel-goettingen-will-in-der-krise-helfen\\\/\"]}]},{\"@type\":\"ImageObject\",\"inLanguage\":\"de\",\"@id\":\"https:\\\/\\\/radioleinewelle.de\\\/index.php\\\/2021\\\/02\\\/22\\\/die-volksbank-kassel-goettingen-will-in-der-krise-helfen\\\/#primaryimage\",\"url\":\"https:\\\/\\\/radioleinewelle.de\\\/wp-content\\\/uploads\\\/2020\\\/12\\\/background-2321_640.jpg\",\"contentUrl\":\"https:\\\/\\\/radioleinewelle.de\\\/wp-content\\\/uploads\\\/2020\\\/12\\\/background-2321_640.jpg\",\"width\":640,\"height\":426},{\"@type\":\"BreadcrumbList\",\"@id\":\"https:\\\/\\\/radioleinewelle.de\\\/index.php\\\/2021\\\/02\\\/22\\\/die-volksbank-kassel-goettingen-will-in-der-krise-helfen\\\/#breadcrumb\",\"itemListElement\":[{\"@type\":\"ListItem\",\"position\":1,\"name\":\"Startseite\",\"item\":\"https:\\\/\\\/radioleinewelle.de\\\/\"},{\"@type\":\"ListItem\",\"position\":2,\"name\":\"Die Volksbank Kassel G\u00f6ttingen will in der Krise helfen\"}]},{\"@type\":\"WebSite\",\"@id\":\"https:\\\/\\\/radioleinewelle.de\\\/#website\",\"url\":\"https:\\\/\\\/radioleinewelle.de\\\/\",\"name\":\"Radio Leinewelle\",\"description\":\"\",\"publisher\":{\"@id\":\"https:\\\/\\\/radioleinewelle.de\\\/#organization\"},\"potentialAction\":[{\"@type\":\"SearchAction\",\"target\":{\"@type\":\"EntryPoint\",\"urlTemplate\":\"https:\\\/\\\/radioleinewelle.de\\\/?s={search_term_string}\"},\"query-input\":{\"@type\":\"PropertyValueSpecification\",\"valueRequired\":true,\"valueName\":\"search_term_string\"}}],\"inLanguage\":\"de\"},{\"@type\":\"Organization\",\"@id\":\"https:\\\/\\\/radioleinewelle.de\\\/#organization\",\"name\":\"Radio Leinewelle\",\"alternateName\":\"Mein Radio f\u00fcr S\u00fcdniedersachsen\",\"url\":\"https:\\\/\\\/radioleinewelle.de\\\/\",\"logo\":{\"@type\":\"ImageObject\",\"inLanguage\":\"de\",\"@id\":\"https:\\\/\\\/radioleinewelle.de\\\/#\\\/schema\\\/logo\\\/image\\\/\",\"url\":\"https:\\\/\\\/radioleinewelle.de\\\/wp-content\\\/uploads\\\/2023\\\/11\\\/cropped-Leinewelle_Logo_weiss.png\",\"contentUrl\":\"https:\\\/\\\/radioleinewelle.de\\\/wp-content\\\/uploads\\\/2023\\\/11\\\/cropped-Leinewelle_Logo_weiss.png\",\"width\":854,\"height\":260,\"caption\":\"Radio Leinewelle\"},\"image\":{\"@id\":\"https:\\\/\\\/radioleinewelle.de\\\/#\\\/schema\\\/logo\\\/image\\\/\"},\"sameAs\":[\"https:\\\/\\\/www.facebook.com\\\/radioleinewelle\",\"https:\\\/\\\/x.com\\\/RLeinewelle\",\"https:\\\/\\\/www.instagram.com\\\/radioleinewelle\\\/?hl=de\"]},{\"@type\":\"Person\",\"@id\":\"https:\\\/\\\/radioleinewelle.de\\\/#\\\/schema\\\/person\\\/45606f348637df637192dc1b68399a63\",\"name\":\"Leinewelle\",\"image\":{\"@type\":\"ImageObject\",\"inLanguage\":\"de\",\"@id\":\"https:\\\/\\\/secure.gravatar.com\\\/avatar\\\/05c9a17bc973052ee5d91549bd32fb4dd0dc85b7b85ae94b2e2b4943476bbea5?s=96&d=blank&r=g\",\"url\":\"https:\\\/\\\/secure.gravatar.com\\\/avatar\\\/05c9a17bc973052ee5d91549bd32fb4dd0dc85b7b85ae94b2e2b4943476bbea5?s=96&d=blank&r=g\",\"contentUrl\":\"https:\\\/\\\/secure.gravatar.com\\\/avatar\\\/05c9a17bc973052ee5d91549bd32fb4dd0dc85b7b85ae94b2e2b4943476bbea5?s=96&d=blank&r=g\",\"caption\":\"Leinewelle\"},\"sameAs\":[\"http:\\\/\\\/localhost\\\/radio%20leinewelle\\\/wordpress\",\"https:\\\/\\\/www.facebook.com\\\/radioleinewelle\",\"https:\\\/\\\/www.instagram.com\\\/radioleinewelle\",\"https:\\\/\\\/x.com\\\/https:\\\/\\\/twitter.com\\\/RLeinewelle?ref_src=twsrcgoogletwcampserptwgrauthor\",\"https:\\\/\\\/soundcloud.com\\\/foerderverein-lokalradio?utm_source=clipboard&utm_medium=text&utm_campaign=social_sharing\"],\"url\":\"https:\\\/\\\/radioleinewelle.de\\\/index.php\\\/author\\\/leinewelle\\\/\"}]}<\/script>\n<!-- \/ Yoast SEO plugin. -->","yoast_head_json":{"title":"Die Volksbank Kassel G\u00f6ttingen will in der Krise helfen - Radio Leinewelle","robots":{"index":"index","follow":"follow","max-snippet":"max-snippet:-1","max-image-preview":"max-image-preview:large","max-video-preview":"max-video-preview:-1"},"canonical":"https:\/\/radioleinewelle.de\/index.php\/2021\/02\/22\/die-volksbank-kassel-goettingen-will-in-der-krise-helfen\/","og_locale":"de_DE","og_type":"article","og_title":"Die Volksbank Kassel G\u00f6ttingen will in der Krise helfen - Radio Leinewelle","og_description":"Die Volksbank m\u00f6chte f\u00fcr 50 Projekte je 1000 Euro vergeben und will damit einen Beitrag zur Unterst\u00fctzung der zahlreichen Initiativen leisten, die sich in der Krise engagieren. Die Corona-Pandemie geht ja an keinem von uns spurlos vorbei und schr\u00e4nkt unser t\u00e4gliches Leben stark ein. Daher ist Zusammenhalt gefragt meint der Vorstandsvorsitzende der Volksbank Wolfgang Osse [&hellip;]","og_url":"https:\/\/radioleinewelle.de\/index.php\/2021\/02\/22\/die-volksbank-kassel-goettingen-will-in-der-krise-helfen\/","og_site_name":"Radio Leinewelle","article_publisher":"https:\/\/www.facebook.com\/radioleinewelle","article_author":"https:\/\/www.facebook.com\/radioleinewelle","article_published_time":"2021-02-22T05:15:30+00:00","og_image":[{"width":640,"height":426,"url":"https:\/\/radioleinewelle.de\/wp-content\/uploads\/2020\/12\/background-2321_640.jpg","type":"image\/jpeg"}],"author":"Leinewelle","twitter_card":"summary_large_image","twitter_creator":"@https:\/\/twitter.com\/RLeinewelle?ref_src=twsrcgoogletwcampserptwgrauthor","twitter_site":"@RLeinewelle","twitter_misc":{"Verfasst von":"Leinewelle","Gesch\u00e4tzte Lesezeit":"1\u00a0Minute"},"schema":{"@context":"https:\/\/schema.org","@graph":[{"@type":"Article","@id":"https:\/\/radioleinewelle.de\/index.php\/2021\/02\/22\/die-volksbank-kassel-goettingen-will-in-der-krise-helfen\/#article","isPartOf":{"@id":"https:\/\/radioleinewelle.de\/index.php\/2021\/02\/22\/die-volksbank-kassel-goettingen-will-in-der-krise-helfen\/"},"author":{"name":"Leinewelle","@id":"https:\/\/radioleinewelle.de\/#\/schema\/person\/45606f348637df637192dc1b68399a63"},"headline":"Die Volksbank Kassel G\u00f6ttingen will in der Krise helfen","datePublished":"2021-02-22T05:15:30+00:00","mainEntityOfPage":{"@id":"https:\/\/radioleinewelle.de\/index.php\/2021\/02\/22\/die-volksbank-kassel-goettingen-will-in-der-krise-helfen\/"},"wordCount":142,"publisher":{"@id":"https:\/\/radioleinewelle.de\/#organization"},"image":{"@id":"https:\/\/radioleinewelle.de\/index.php\/2021\/02\/22\/die-volksbank-kassel-goettingen-will-in-der-krise-helfen\/#primaryimage"},"thumbnailUrl":"https:\/\/radioleinewelle.de\/wp-content\/uploads\/2020\/12\/background-2321_640.jpg","articleSection":["Wirtschaft"],"inLanguage":"de"},{"@type":"WebPage","@id":"https:\/\/radioleinewelle.de\/index.php\/2021\/02\/22\/die-volksbank-kassel-goettingen-will-in-der-krise-helfen\/","url":"https:\/\/radioleinewelle.de\/index.php\/2021\/02\/22\/die-volksbank-kassel-goettingen-will-in-der-krise-helfen\/","name":"Die Volksbank Kassel G\u00f6ttingen will in der Krise helfen - Radio Leinewelle","isPartOf":{"@id":"https:\/\/radioleinewelle.de\/#website"},"primaryImageOfPage":{"@id":"https:\/\/radioleinewelle.de\/index.php\/2021\/02\/22\/die-volksbank-kassel-goettingen-will-in-der-krise-helfen\/#primaryimage"},"image":{"@id":"https:\/\/radioleinewelle.de\/index.php\/2021\/02\/22\/die-volksbank-kassel-goettingen-will-in-der-krise-helfen\/#primaryimage"},"thumbnailUrl":"https:\/\/radioleinewelle.de\/wp-content\/uploads\/2020\/12\/background-2321_640.jpg","datePublished":"2021-02-22T05:15:30+00:00","breadcrumb":{"@id":"https:\/\/radioleinewelle.de\/index.php\/2021\/02\/22\/die-volksbank-kassel-goettingen-will-in-der-krise-helfen\/#breadcrumb"},"inLanguage":"de","potentialAction":[{"@type":"ReadAction","target":["https:\/\/radioleinewelle.de\/index.php\/2021\/02\/22\/die-volksbank-kassel-goettingen-will-in-der-krise-helfen\/"]}]},{"@type":"ImageObject","inLanguage":"de","@id":"https:\/\/radioleinewelle.de\/index.php\/2021\/02\/22\/die-volksbank-kassel-goettingen-will-in-der-krise-helfen\/#primaryimage","url":"https:\/\/radioleinewelle.de\/wp-content\/uploads\/2020\/12\/background-2321_640.jpg","contentUrl":"https:\/\/radioleinewelle.de\/wp-content\/uploads\/2020\/12\/background-2321_640.jpg","width":640,"height":426},{"@type":"BreadcrumbList","@id":"https:\/\/radioleinewelle.de\/index.php\/2021\/02\/22\/die-volksbank-kassel-goettingen-will-in-der-krise-helfen\/#breadcrumb","itemListElement":[{"@type":"ListItem","position":1,"name":"Startseite","item":"https:\/\/radioleinewelle.de\/"},{"@type":"ListItem","position":2,"name":"Die Volksbank Kassel G\u00f6ttingen will in der Krise helfen"}]},{"@type":"WebSite","@id":"https:\/\/radioleinewelle.de\/#website","url":"https:\/\/radioleinewelle.de\/","name":"Radio Leinewelle","description":"","publisher":{"@id":"https:\/\/radioleinewelle.de\/#organization"},"potentialAction":[{"@type":"SearchAction","target":{"@type":"EntryPoint","urlTemplate":"https:\/\/radioleinewelle.de\/?s={search_term_string}"},"query-input":{"@type":"PropertyValueSpecification","valueRequired":true,"valueName":"search_term_string"}}],"inLanguage":"de"},{"@type":"Organization","@id":"https:\/\/radioleinewelle.de\/#organization","name":"Radio Leinewelle","alternateName":"Mein Radio f\u00fcr S\u00fcdniedersachsen","url":"https:\/\/radioleinewelle.de\/","logo":{"@type":"ImageObject","inLanguage":"de","@id":"https:\/\/radioleinewelle.de\/#\/schema\/logo\/image\/","url":"https:\/\/radioleinewelle.de\/wp-content\/uploads\/2023\/11\/cropped-Leinewelle_Logo_weiss.png","contentUrl":"https:\/\/radioleinewelle.de\/wp-content\/uploads\/2023\/11\/cropped-Leinewelle_Logo_weiss.png","width":854,"height":260,"caption":"Radio Leinewelle"},"image":{"@id":"https:\/\/radioleinewelle.de\/#\/schema\/logo\/image\/"},"sameAs":["https:\/\/www.facebook.com\/radioleinewelle","https:\/\/x.com\/RLeinewelle","https:\/\/www.instagram.com\/radioleinewelle\/?hl=de"]},{"@type":"Person","@id":"https:\/\/radioleinewelle.de\/#\/schema\/person\/45606f348637df637192dc1b68399a63","name":"Leinewelle","image":{"@type":"ImageObject","inLanguage":"de","@id":"https:\/\/secure.gravatar.com\/avatar\/05c9a17bc973052ee5d91549bd32fb4dd0dc85b7b85ae94b2e2b4943476bbea5?s=96&d=blank&r=g","url":"https:\/\/secure.gravatar.com\/avatar\/05c9a17bc973052ee5d91549bd32fb4dd0dc85b7b85ae94b2e2b4943476bbea5?s=96&d=blank&r=g","contentUrl":"https:\/\/secure.gravatar.com\/avatar\/05c9a17bc973052ee5d91549bd32fb4dd0dc85b7b85ae94b2e2b4943476bbea5?s=96&d=blank&r=g","caption":"Leinewelle"},"sameAs":["http:\/\/localhost\/radio%20leinewelle\/wordpress","https:\/\/www.facebook.com\/radioleinewelle","https:\/\/www.instagram.com\/radioleinewelle","https:\/\/x.com\/https:\/\/twitter.com\/RLeinewelle?ref_src=twsrcgoogletwcampserptwgrauthor","https:\/\/soundcloud.com\/foerderverein-lokalradio?utm_source=clipboard&utm_medium=text&utm_campaign=social_sharing"],"url":"https:\/\/radioleinewelle.de\/index.php\/author\/leinewelle\/"}]}},"_links":{"self":[{"href":"https:\/\/radioleinewelle.de\/index.php\/wp-json\/wp\/v2\/posts\/5464","targetHints":{"allow":["GET"]}}],"collection":[{"href":"https:\/\/radioleinewelle.de\/index.php\/wp-json\/wp\/v2\/posts"}],"about":[{"href":"https:\/\/radioleinewelle.de\/index.php\/wp-json\/wp\/v2\/types\/post"}],"author":[{"embeddable":true,"href":"https:\/\/radioleinewelle.de\/index.php\/wp-json\/wp\/v2\/users\/1"}],"replies":[{"embeddable":true,"href":"https:\/\/radioleinewelle.de\/index.php\/wp-json\/wp\/v2\/comments?post=5464"}],"version-history":[{"count":0,"href":"https:\/\/radioleinewelle.de\/index.php\/wp-json\/wp\/v2\/posts\/5464\/revisions"}],"wp:featuredmedia":[{"embeddable":true,"href":"https:\/\/radioleinewelle.de\/index.php\/wp-json\/wp\/v2\/media\/3635"}],"wp:attachment":[{"href":"https:\/\/radioleinewelle.de\/index.php\/wp-json\/wp\/v2\/media?parent=5464"}],"wp:term":[{"taxonomy":"category","embeddable":true,"href":"https:\/\/radioleinewelle.de\/index.php\/wp-json\/wp\/v2\/categories?post=5464"},{"taxonomy":"post_tag","embeddable":true,"href":"https:\/\/radioleinewelle.de\/index.php\/wp-json\/wp\/v2\/tags?post=5464"}],"curies":[{"name":"wp","href":"https:\/\/api.w.org\/{rel}","templated":true}]}}