{"id":5471,"date":"2021-02-22T10:53:20","date_gmt":"2021-02-22T09:53:20","guid":{"rendered":"https:\/\/radioleinewelle.de\/?p=5471"},"modified":"2021-02-22T10:53:20","modified_gmt":"2021-02-22T09:53:20","slug":"northeim-verhinderte-sachbeschaedigung-endet-in-einer-koerperverletzung","status":"publish","type":"post","link":"https:\/\/radioleinewelle.de\/index.php\/2021\/02\/22\/northeim-verhinderte-sachbeschaedigung-endet-in-einer-koerperverletzung\/","title":{"rendered":"Northeim: Verhinderte Sachbesch\u00e4digung endet in einer K\u00f6rperverletzung"},"content":{"rendered":"\n<p>NORTHEIM (k\u00f6h) &#8211; Ein 55-j\u00e4hriger Northeimer war am Sonntagabend in Begriff, den Scheibenwischerarm des Pkw Opel zu verbiegen und wurde dabei von dem Fahrzeughalter erwischt.&nbsp;<\/p>\n\n\n\n<p>Der 54- j\u00e4hrige Fahrzeughalter aus Northeim konnte den Beschuldigten noch an seiner Handlung hindern. Jedoch bekam er bei einer anschlie\u00dfenden Rangelei einen Faustschlag des Beschuldigten in sein Gesicht. Durch die Hilferufe ihres Vaters wurde die 19-j\u00e4hrige Tochter des Opfers auf die Situation aufmerksam und bat in der naheliegenden Polizeidienststelle um Hilfe.&nbsp;<\/p>\n\n\n\n<p>Der 55-J\u00e4hrige hatte eine Atemalkoholkonzentration von 2,9 Promille und verbrachte aufgrund seiner andauernden Drohungen gegen das Opfer die Nacht in der Gewahrsamszelle der Polizei Northeim. Gegen ihn wurde ein Strafverfahren wegen K\u00f6rperverletzung eingeleitet.<\/p>\n","protected":false},"excerpt":{"rendered":"<p>NORTHEIM (k\u00f6h) &#8211; Ein 55-j\u00e4hriger Northeimer war am Sonntagabend in Begriff, den Scheibenwischerarm des Pkw Opel zu verbiegen und wurde dabei von dem Fahrzeughalter erwischt.&nbsp; Der 54- j\u00e4hrige Fahrzeughalter aus Northeim konnte den Beschuldigten noch an seiner Handlung hindern. Jedoch bekam er bei einer anschlie\u00dfenden Rangelei einen Faustschlag des Beschuldigten in sein Gesicht. Durch die [&hellip;]<\/p>\n","protected":false},"author":1,"featured_media":0,"comment_status":"closed","ping_status":"closed","sticky":false,"template":"","format":"standard","meta":{"saved_in_kubio":false,"footnotes":""},"categories":[24],"tags":[],"class_list":["post-5471","post","type-post","status-publish","format-standard","hentry","category-news"],"yoast_head":"<!-- This site is optimized with the Yoast SEO plugin v27.5 - https:\/\/yoast.com\/product\/yoast-seo-wordpress\/ -->\n<title>Northeim: Verhinderte Sachbesch\u00e4digung endet in einer K\u00f6rperverletzung - Radio Leinewelle<\/title>\n<meta name=\"robots\" content=\"index, follow, max-snippet:-1, max-image-preview:large, max-video-preview:-1\" \/>\n<link rel=\"canonical\" href=\"https:\/\/radioleinewelle.de\/index.php\/2021\/02\/22\/northeim-verhinderte-sachbeschaedigung-endet-in-einer-koerperverletzung\/\" \/>\n<meta property=\"og:locale\" content=\"de_DE\" \/>\n<meta property=\"og:type\" content=\"article\" \/>\n<meta property=\"og:title\" content=\"Northeim: Verhinderte Sachbesch\u00e4digung endet in einer K\u00f6rperverletzung - Radio Leinewelle\" \/>\n<meta property=\"og:description\" content=\"NORTHEIM (k\u00f6h) &#8211; Ein 55-j\u00e4hriger Northeimer war am Sonntagabend in Begriff, den Scheibenwischerarm des Pkw Opel zu verbiegen und wurde dabei von dem Fahrzeughalter erwischt.&nbsp; Der 54- j\u00e4hrige Fahrzeughalter aus Northeim konnte den Beschuldigten noch an seiner Handlung hindern. Jedoch bekam er bei einer anschlie\u00dfenden Rangelei einen Faustschlag des Beschuldigten in sein Gesicht. Durch die [&hellip;]\" \/>\n<meta property=\"og:url\" content=\"https:\/\/radioleinewelle.de\/index.php\/2021\/02\/22\/northeim-verhinderte-sachbeschaedigung-endet-in-einer-koerperverletzung\/\" \/>\n<meta property=\"og:site_name\" content=\"Radio Leinewelle\" \/>\n<meta property=\"article:publisher\" content=\"https:\/\/www.facebook.com\/radioleinewelle\" \/>\n<meta property=\"article:author\" content=\"https:\/\/www.facebook.com\/radioleinewelle\" \/>\n<meta property=\"article:published_time\" content=\"2021-02-22T09:53:20+00:00\" \/>\n<meta name=\"author\" content=\"Leinewelle\" \/>\n<meta name=\"twitter:card\" content=\"summary_large_image\" \/>\n<meta name=\"twitter:creator\" content=\"@https:\/\/twitter.com\/RLeinewelle?ref_src=twsrcgoogletwcampserptwgrauthor\" \/>\n<meta name=\"twitter:site\" content=\"@RLeinewelle\" \/>\n<meta name=\"twitter:label1\" content=\"Verfasst von\" \/>\n\t<meta name=\"twitter:data1\" content=\"Leinewelle\" \/>\n\t<meta name=\"twitter:label2\" content=\"Gesch\u00e4tzte Lesezeit\" \/>\n\t<meta name=\"twitter:data2\" content=\"1\u00a0Minute\" \/>\n<script type=\"application\/ld+json\" class=\"yoast-schema-graph\">{\"@context\":\"https:\\\/\\\/schema.org\",\"@graph\":[{\"@type\":\"Article\",\"@id\":\"https:\\\/\\\/radioleinewelle.de\\\/index.php\\\/2021\\\/02\\\/22\\\/northeim-verhinderte-sachbeschaedigung-endet-in-einer-koerperverletzung\\\/#article\",\"isPartOf\":{\"@id\":\"https:\\\/\\\/radioleinewelle.de\\\/index.php\\\/2021\\\/02\\\/22\\\/northeim-verhinderte-sachbeschaedigung-endet-in-einer-koerperverletzung\\\/\"},\"author\":{\"name\":\"Leinewelle\",\"@id\":\"https:\\\/\\\/radioleinewelle.de\\\/#\\\/schema\\\/person\\\/45606f348637df637192dc1b68399a63\"},\"headline\":\"Northeim: Verhinderte Sachbesch\u00e4digung endet in einer K\u00f6rperverletzung\",\"datePublished\":\"2021-02-22T09:53:20+00:00\",\"mainEntityOfPage\":{\"@id\":\"https:\\\/\\\/radioleinewelle.de\\\/index.php\\\/2021\\\/02\\\/22\\\/northeim-verhinderte-sachbeschaedigung-endet-in-einer-koerperverletzung\\\/\"},\"wordCount\":126,\"publisher\":{\"@id\":\"https:\\\/\\\/radioleinewelle.de\\\/#organization\"},\"articleSection\":[\"Aktuelle Nachrichten\"],\"inLanguage\":\"de\"},{\"@type\":\"WebPage\",\"@id\":\"https:\\\/\\\/radioleinewelle.de\\\/index.php\\\/2021\\\/02\\\/22\\\/northeim-verhinderte-sachbeschaedigung-endet-in-einer-koerperverletzung\\\/\",\"url\":\"https:\\\/\\\/radioleinewelle.de\\\/index.php\\\/2021\\\/02\\\/22\\\/northeim-verhinderte-sachbeschaedigung-endet-in-einer-koerperverletzung\\\/\",\"name\":\"Northeim: Verhinderte Sachbesch\u00e4digung endet in einer K\u00f6rperverletzung - Radio Leinewelle\",\"isPartOf\":{\"@id\":\"https:\\\/\\\/radioleinewelle.de\\\/#website\"},\"datePublished\":\"2021-02-22T09:53:20+00:00\",\"breadcrumb\":{\"@id\":\"https:\\\/\\\/radioleinewelle.de\\\/index.php\\\/2021\\\/02\\\/22\\\/northeim-verhinderte-sachbeschaedigung-endet-in-einer-koerperverletzung\\\/#breadcrumb\"},\"inLanguage\":\"de\",\"potentialAction\":[{\"@type\":\"ReadAction\",\"target\":[\"https:\\\/\\\/radioleinewelle.de\\\/index.php\\\/2021\\\/02\\\/22\\\/northeim-verhinderte-sachbeschaedigung-endet-in-einer-koerperverletzung\\\/\"]}]},{\"@type\":\"BreadcrumbList\",\"@id\":\"https:\\\/\\\/radioleinewelle.de\\\/index.php\\\/2021\\\/02\\\/22\\\/northeim-verhinderte-sachbeschaedigung-endet-in-einer-koerperverletzung\\\/#breadcrumb\",\"itemListElement\":[{\"@type\":\"ListItem\",\"position\":1,\"name\":\"Startseite\",\"item\":\"https:\\\/\\\/radioleinewelle.de\\\/\"},{\"@type\":\"ListItem\",\"position\":2,\"name\":\"Northeim: Verhinderte Sachbesch\u00e4digung endet in einer K\u00f6rperverletzung\"}]},{\"@type\":\"WebSite\",\"@id\":\"https:\\\/\\\/radioleinewelle.de\\\/#website\",\"url\":\"https:\\\/\\\/radioleinewelle.de\\\/\",\"name\":\"Radio Leinewelle\",\"description\":\"\",\"publisher\":{\"@id\":\"https:\\\/\\\/radioleinewelle.de\\\/#organization\"},\"potentialAction\":[{\"@type\":\"SearchAction\",\"target\":{\"@type\":\"EntryPoint\",\"urlTemplate\":\"https:\\\/\\\/radioleinewelle.de\\\/?s={search_term_string}\"},\"query-input\":{\"@type\":\"PropertyValueSpecification\",\"valueRequired\":true,\"valueName\":\"search_term_string\"}}],\"inLanguage\":\"de\"},{\"@type\":\"Organization\",\"@id\":\"https:\\\/\\\/radioleinewelle.de\\\/#organization\",\"name\":\"Radio Leinewelle\",\"alternateName\":\"Mein Radio f\u00fcr S\u00fcdniedersachsen\",\"url\":\"https:\\\/\\\/radioleinewelle.de\\\/\",\"logo\":{\"@type\":\"ImageObject\",\"inLanguage\":\"de\",\"@id\":\"https:\\\/\\\/radioleinewelle.de\\\/#\\\/schema\\\/logo\\\/image\\\/\",\"url\":\"https:\\\/\\\/radioleinewelle.de\\\/wp-content\\\/uploads\\\/2023\\\/11\\\/cropped-Leinewelle_Logo_weiss.png\",\"contentUrl\":\"https:\\\/\\\/radioleinewelle.de\\\/wp-content\\\/uploads\\\/2023\\\/11\\\/cropped-Leinewelle_Logo_weiss.png\",\"width\":854,\"height\":260,\"caption\":\"Radio Leinewelle\"},\"image\":{\"@id\":\"https:\\\/\\\/radioleinewelle.de\\\/#\\\/schema\\\/logo\\\/image\\\/\"},\"sameAs\":[\"https:\\\/\\\/www.facebook.com\\\/radioleinewelle\",\"https:\\\/\\\/x.com\\\/RLeinewelle\",\"https:\\\/\\\/www.instagram.com\\\/radioleinewelle\\\/?hl=de\"]},{\"@type\":\"Person\",\"@id\":\"https:\\\/\\\/radioleinewelle.de\\\/#\\\/schema\\\/person\\\/45606f348637df637192dc1b68399a63\",\"name\":\"Leinewelle\",\"image\":{\"@type\":\"ImageObject\",\"inLanguage\":\"de\",\"@id\":\"https:\\\/\\\/secure.gravatar.com\\\/avatar\\\/05c9a17bc973052ee5d91549bd32fb4dd0dc85b7b85ae94b2e2b4943476bbea5?s=96&d=blank&r=g\",\"url\":\"https:\\\/\\\/secure.gravatar.com\\\/avatar\\\/05c9a17bc973052ee5d91549bd32fb4dd0dc85b7b85ae94b2e2b4943476bbea5?s=96&d=blank&r=g\",\"contentUrl\":\"https:\\\/\\\/secure.gravatar.com\\\/avatar\\\/05c9a17bc973052ee5d91549bd32fb4dd0dc85b7b85ae94b2e2b4943476bbea5?s=96&d=blank&r=g\",\"caption\":\"Leinewelle\"},\"sameAs\":[\"http:\\\/\\\/localhost\\\/radio%20leinewelle\\\/wordpress\",\"https:\\\/\\\/www.facebook.com\\\/radioleinewelle\",\"https:\\\/\\\/www.instagram.com\\\/radioleinewelle\",\"https:\\\/\\\/x.com\\\/https:\\\/\\\/twitter.com\\\/RLeinewelle?ref_src=twsrcgoogletwcampserptwgrauthor\",\"https:\\\/\\\/soundcloud.com\\\/foerderverein-lokalradio?utm_source=clipboard&utm_medium=text&utm_campaign=social_sharing\"],\"url\":\"https:\\\/\\\/radioleinewelle.de\\\/index.php\\\/author\\\/leinewelle\\\/\"}]}<\/script>\n<!-- \/ Yoast SEO plugin. -->","yoast_head_json":{"title":"Northeim: Verhinderte Sachbesch\u00e4digung endet in einer K\u00f6rperverletzung - Radio Leinewelle","robots":{"index":"index","follow":"follow","max-snippet":"max-snippet:-1","max-image-preview":"max-image-preview:large","max-video-preview":"max-video-preview:-1"},"canonical":"https:\/\/radioleinewelle.de\/index.php\/2021\/02\/22\/northeim-verhinderte-sachbeschaedigung-endet-in-einer-koerperverletzung\/","og_locale":"de_DE","og_type":"article","og_title":"Northeim: Verhinderte Sachbesch\u00e4digung endet in einer K\u00f6rperverletzung - Radio Leinewelle","og_description":"NORTHEIM (k\u00f6h) &#8211; Ein 55-j\u00e4hriger Northeimer war am Sonntagabend in Begriff, den Scheibenwischerarm des Pkw Opel zu verbiegen und wurde dabei von dem Fahrzeughalter erwischt.&nbsp; Der 54- j\u00e4hrige Fahrzeughalter aus Northeim konnte den Beschuldigten noch an seiner Handlung hindern. Jedoch bekam er bei einer anschlie\u00dfenden Rangelei einen Faustschlag des Beschuldigten in sein Gesicht. Durch die [&hellip;]","og_url":"https:\/\/radioleinewelle.de\/index.php\/2021\/02\/22\/northeim-verhinderte-sachbeschaedigung-endet-in-einer-koerperverletzung\/","og_site_name":"Radio Leinewelle","article_publisher":"https:\/\/www.facebook.com\/radioleinewelle","article_author":"https:\/\/www.facebook.com\/radioleinewelle","article_published_time":"2021-02-22T09:53:20+00:00","author":"Leinewelle","twitter_card":"summary_large_image","twitter_creator":"@https:\/\/twitter.com\/RLeinewelle?ref_src=twsrcgoogletwcampserptwgrauthor","twitter_site":"@RLeinewelle","twitter_misc":{"Verfasst von":"Leinewelle","Gesch\u00e4tzte Lesezeit":"1\u00a0Minute"},"schema":{"@context":"https:\/\/schema.org","@graph":[{"@type":"Article","@id":"https:\/\/radioleinewelle.de\/index.php\/2021\/02\/22\/northeim-verhinderte-sachbeschaedigung-endet-in-einer-koerperverletzung\/#article","isPartOf":{"@id":"https:\/\/radioleinewelle.de\/index.php\/2021\/02\/22\/northeim-verhinderte-sachbeschaedigung-endet-in-einer-koerperverletzung\/"},"author":{"name":"Leinewelle","@id":"https:\/\/radioleinewelle.de\/#\/schema\/person\/45606f348637df637192dc1b68399a63"},"headline":"Northeim: Verhinderte Sachbesch\u00e4digung endet in einer K\u00f6rperverletzung","datePublished":"2021-02-22T09:53:20+00:00","mainEntityOfPage":{"@id":"https:\/\/radioleinewelle.de\/index.php\/2021\/02\/22\/northeim-verhinderte-sachbeschaedigung-endet-in-einer-koerperverletzung\/"},"wordCount":126,"publisher":{"@id":"https:\/\/radioleinewelle.de\/#organization"},"articleSection":["Aktuelle Nachrichten"],"inLanguage":"de"},{"@type":"WebPage","@id":"https:\/\/radioleinewelle.de\/index.php\/2021\/02\/22\/northeim-verhinderte-sachbeschaedigung-endet-in-einer-koerperverletzung\/","url":"https:\/\/radioleinewelle.de\/index.php\/2021\/02\/22\/northeim-verhinderte-sachbeschaedigung-endet-in-einer-koerperverletzung\/","name":"Northeim: Verhinderte Sachbesch\u00e4digung endet in einer K\u00f6rperverletzung - Radio Leinewelle","isPartOf":{"@id":"https:\/\/radioleinewelle.de\/#website"},"datePublished":"2021-02-22T09:53:20+00:00","breadcrumb":{"@id":"https:\/\/radioleinewelle.de\/index.php\/2021\/02\/22\/northeim-verhinderte-sachbeschaedigung-endet-in-einer-koerperverletzung\/#breadcrumb"},"inLanguage":"de","potentialAction":[{"@type":"ReadAction","target":["https:\/\/radioleinewelle.de\/index.php\/2021\/02\/22\/northeim-verhinderte-sachbeschaedigung-endet-in-einer-koerperverletzung\/"]}]},{"@type":"BreadcrumbList","@id":"https:\/\/radioleinewelle.de\/index.php\/2021\/02\/22\/northeim-verhinderte-sachbeschaedigung-endet-in-einer-koerperverletzung\/#breadcrumb","itemListElement":[{"@type":"ListItem","position":1,"name":"Startseite","item":"https:\/\/radioleinewelle.de\/"},{"@type":"ListItem","position":2,"name":"Northeim: Verhinderte Sachbesch\u00e4digung endet in einer K\u00f6rperverletzung"}]},{"@type":"WebSite","@id":"https:\/\/radioleinewelle.de\/#website","url":"https:\/\/radioleinewelle.de\/","name":"Radio Leinewelle","description":"","publisher":{"@id":"https:\/\/radioleinewelle.de\/#organization"},"potentialAction":[{"@type":"SearchAction","target":{"@type":"EntryPoint","urlTemplate":"https:\/\/radioleinewelle.de\/?s={search_term_string}"},"query-input":{"@type":"PropertyValueSpecification","valueRequired":true,"valueName":"search_term_string"}}],"inLanguage":"de"},{"@type":"Organization","@id":"https:\/\/radioleinewelle.de\/#organization","name":"Radio Leinewelle","alternateName":"Mein Radio f\u00fcr S\u00fcdniedersachsen","url":"https:\/\/radioleinewelle.de\/","logo":{"@type":"ImageObject","inLanguage":"de","@id":"https:\/\/radioleinewelle.de\/#\/schema\/logo\/image\/","url":"https:\/\/radioleinewelle.de\/wp-content\/uploads\/2023\/11\/cropped-Leinewelle_Logo_weiss.png","contentUrl":"https:\/\/radioleinewelle.de\/wp-content\/uploads\/2023\/11\/cropped-Leinewelle_Logo_weiss.png","width":854,"height":260,"caption":"Radio Leinewelle"},"image":{"@id":"https:\/\/radioleinewelle.de\/#\/schema\/logo\/image\/"},"sameAs":["https:\/\/www.facebook.com\/radioleinewelle","https:\/\/x.com\/RLeinewelle","https:\/\/www.instagram.com\/radioleinewelle\/?hl=de"]},{"@type":"Person","@id":"https:\/\/radioleinewelle.de\/#\/schema\/person\/45606f348637df637192dc1b68399a63","name":"Leinewelle","image":{"@type":"ImageObject","inLanguage":"de","@id":"https:\/\/secure.gravatar.com\/avatar\/05c9a17bc973052ee5d91549bd32fb4dd0dc85b7b85ae94b2e2b4943476bbea5?s=96&d=blank&r=g","url":"https:\/\/secure.gravatar.com\/avatar\/05c9a17bc973052ee5d91549bd32fb4dd0dc85b7b85ae94b2e2b4943476bbea5?s=96&d=blank&r=g","contentUrl":"https:\/\/secure.gravatar.com\/avatar\/05c9a17bc973052ee5d91549bd32fb4dd0dc85b7b85ae94b2e2b4943476bbea5?s=96&d=blank&r=g","caption":"Leinewelle"},"sameAs":["http:\/\/localhost\/radio%20leinewelle\/wordpress","https:\/\/www.facebook.com\/radioleinewelle","https:\/\/www.instagram.com\/radioleinewelle","https:\/\/x.com\/https:\/\/twitter.com\/RLeinewelle?ref_src=twsrcgoogletwcampserptwgrauthor","https:\/\/soundcloud.com\/foerderverein-lokalradio?utm_source=clipboard&utm_medium=text&utm_campaign=social_sharing"],"url":"https:\/\/radioleinewelle.de\/index.php\/author\/leinewelle\/"}]}},"_links":{"self":[{"href":"https:\/\/radioleinewelle.de\/index.php\/wp-json\/wp\/v2\/posts\/5471","targetHints":{"allow":["GET"]}}],"collection":[{"href":"https:\/\/radioleinewelle.de\/index.php\/wp-json\/wp\/v2\/posts"}],"about":[{"href":"https:\/\/radioleinewelle.de\/index.php\/wp-json\/wp\/v2\/types\/post"}],"author":[{"embeddable":true,"href":"https:\/\/radioleinewelle.de\/index.php\/wp-json\/wp\/v2\/users\/1"}],"replies":[{"embeddable":true,"href":"https:\/\/radioleinewelle.de\/index.php\/wp-json\/wp\/v2\/comments?post=5471"}],"version-history":[{"count":0,"href":"https:\/\/radioleinewelle.de\/index.php\/wp-json\/wp\/v2\/posts\/5471\/revisions"}],"wp:attachment":[{"href":"https:\/\/radioleinewelle.de\/index.php\/wp-json\/wp\/v2\/media?parent=5471"}],"wp:term":[{"taxonomy":"category","embeddable":true,"href":"https:\/\/radioleinewelle.de\/index.php\/wp-json\/wp\/v2\/categories?post=5471"},{"taxonomy":"post_tag","embeddable":true,"href":"https:\/\/radioleinewelle.de\/index.php\/wp-json\/wp\/v2\/tags?post=5471"}],"curies":[{"name":"wp","href":"https:\/\/api.w.org\/{rel}","templated":true}]}}