{"id":5475,"date":"2021-02-22T13:05:47","date_gmt":"2021-02-22T12:05:47","guid":{"rendered":"https:\/\/radioleinewelle.de\/?p=5475"},"modified":"2021-02-22T13:05:47","modified_gmt":"2021-02-22T12:05:47","slug":"die-goettinger-spd-will-die-kandidatensuche-fuer-die-oberbuergermeisterwahl-beschleunigen","status":"publish","type":"post","link":"https:\/\/radioleinewelle.de\/index.php\/2021\/02\/22\/die-goettinger-spd-will-die-kandidatensuche-fuer-die-oberbuergermeisterwahl-beschleunigen\/","title":{"rendered":"Die G\u00f6ttinger SPD will die Kandidatensuche f\u00fcr die Oberb\u00fcrgermeisterwahl beschleunigen."},"content":{"rendered":"\n<p>Seit Herbst stehen Petra Broistedt und Tom Wedrins als Kandidatin bzw. Kandidat der G\u00f6ttinger SPD in den Startl\u00f6chern, um den Wahlkampf um das Amt des Oberb\u00fcrgermeisters zu beginnen. Inzwischen haben sie sich in allen zehn Ortsvereinen des Stadtverbandes vorgestellt. Wer von beiden tats\u00e4chlich f\u00fcr die SPD antreten wird, ist immer noch offen. Denn bisher lie\u00dfen die Regelungen des Nieders\u00e4chsischen Kommunalwahlrechts eine regul\u00e4re Wahl durch eine Mitgliederversammlung unter Lockdown-Bedingungen oder eine Briefwahl nicht zu. Das hat sich aber nun ge\u00e4ndert. Zwischen dem 22. Februar und 5. M\u00e4rz wird es eine Mitgliederbefragung geben, bei der alle SPD-Mitglieder die M\u00f6glichkeit haben per Briefwahl zu entscheiden, wen sie f\u00fcr ihre Partei ins Rennen um den Oberb\u00fcrgermeisterposten schicken wollen. Am Samstag hatten sich Broistedt, Dezernentin f\u00fcr Soziales und Kultur der Stadt, und Wedrins, Fraktionsvorsitzender im Rat der Stadt, noch einmal bei einer parteiinternen Videokonferenz zu den B\u00fcrgerbeteiligung, Wirtschafts- und Umweltpolitik sowie Soziales und Schule ge\u00e4u\u00dfert. Es bleibt also noch ein bisschen l\u00e4nger spannend, wer nun als Kandidatin bzw. Kandidat f\u00fcr die SPD antreten wird. Bei Gr\u00fcnen und CDU ging die Nominierung deutlich schneller, beide Parteien schlugen jeweils nur eine Person f\u00fcr den Wahlkampf um das Amt des Oberb\u00fcrgermeisters vor.<\/p>\n","protected":false},"excerpt":{"rendered":"<p>Seit Herbst stehen Petra Broistedt und Tom Wedrins als Kandidatin bzw. Kandidat der G\u00f6ttinger SPD in den Startl\u00f6chern, um den Wahlkampf um das Amt des Oberb\u00fcrgermeisters zu beginnen. Inzwischen haben sie sich in allen zehn Ortsvereinen des Stadtverbandes vorgestellt. Wer von beiden tats\u00e4chlich f\u00fcr die SPD antreten wird, ist immer noch offen. Denn bisher lie\u00dfen [&hellip;]<\/p>\n","protected":false},"author":1,"featured_media":1648,"comment_status":"closed","ping_status":"closed","sticky":false,"template":"","format":"standard","meta":{"saved_in_kubio":false,"footnotes":""},"categories":[39],"tags":[],"class_list":["post-5475","post","type-post","status-publish","format-standard","has-post-thumbnail","hentry","category-lokalpolitik"],"yoast_head":"<!-- This site is optimized with the Yoast SEO plugin v27.5 - https:\/\/yoast.com\/product\/yoast-seo-wordpress\/ -->\n<title>Die G\u00f6ttinger SPD will die Kandidatensuche f\u00fcr die Oberb\u00fcrgermeisterwahl beschleunigen. - Radio Leinewelle<\/title>\n<meta name=\"robots\" content=\"index, follow, max-snippet:-1, max-image-preview:large, max-video-preview:-1\" \/>\n<link rel=\"canonical\" href=\"https:\/\/radioleinewelle.de\/index.php\/2021\/02\/22\/die-goettinger-spd-will-die-kandidatensuche-fuer-die-oberbuergermeisterwahl-beschleunigen\/\" \/>\n<meta property=\"og:locale\" content=\"de_DE\" \/>\n<meta property=\"og:type\" content=\"article\" \/>\n<meta property=\"og:title\" content=\"Die G\u00f6ttinger SPD will die Kandidatensuche f\u00fcr die Oberb\u00fcrgermeisterwahl beschleunigen. - Radio Leinewelle\" \/>\n<meta property=\"og:description\" content=\"Seit Herbst stehen Petra Broistedt und Tom Wedrins als Kandidatin bzw. Kandidat der G\u00f6ttinger SPD in den Startl\u00f6chern, um den Wahlkampf um das Amt des Oberb\u00fcrgermeisters zu beginnen. Inzwischen haben sie sich in allen zehn Ortsvereinen des Stadtverbandes vorgestellt. Wer von beiden tats\u00e4chlich f\u00fcr die SPD antreten wird, ist immer noch offen. Denn bisher lie\u00dfen [&hellip;]\" \/>\n<meta property=\"og:url\" content=\"https:\/\/radioleinewelle.de\/index.php\/2021\/02\/22\/die-goettinger-spd-will-die-kandidatensuche-fuer-die-oberbuergermeisterwahl-beschleunigen\/\" \/>\n<meta property=\"og:site_name\" content=\"Radio Leinewelle\" \/>\n<meta property=\"article:publisher\" content=\"https:\/\/www.facebook.com\/radioleinewelle\" \/>\n<meta property=\"article:author\" content=\"https:\/\/www.facebook.com\/radioleinewelle\" \/>\n<meta property=\"article:published_time\" content=\"2021-02-22T12:05:47+00:00\" \/>\n<meta property=\"og:image\" content=\"https:\/\/radioleinewelle.de\/wp-content\/uploads\/2020\/09\/Rathaus-e1600119510700.jpg\" \/>\n\t<meta property=\"og:image:width\" content=\"300\" \/>\n\t<meta property=\"og:image:height\" content=\"269\" \/>\n\t<meta property=\"og:image:type\" content=\"image\/jpeg\" \/>\n<meta name=\"author\" content=\"Leinewelle\" \/>\n<meta name=\"twitter:card\" content=\"summary_large_image\" \/>\n<meta name=\"twitter:creator\" content=\"@https:\/\/twitter.com\/RLeinewelle?ref_src=twsrcgoogletwcampserptwgrauthor\" \/>\n<meta name=\"twitter:site\" content=\"@RLeinewelle\" \/>\n<meta name=\"twitter:label1\" content=\"Verfasst von\" \/>\n\t<meta name=\"twitter:data1\" content=\"Leinewelle\" \/>\n\t<meta name=\"twitter:label2\" content=\"Gesch\u00e4tzte Lesezeit\" \/>\n\t<meta name=\"twitter:data2\" content=\"1\u00a0Minute\" \/>\n<script type=\"application\/ld+json\" class=\"yoast-schema-graph\">{\"@context\":\"https:\\\/\\\/schema.org\",\"@graph\":[{\"@type\":\"Article\",\"@id\":\"https:\\\/\\\/radioleinewelle.de\\\/index.php\\\/2021\\\/02\\\/22\\\/die-goettinger-spd-will-die-kandidatensuche-fuer-die-oberbuergermeisterwahl-beschleunigen\\\/#article\",\"isPartOf\":{\"@id\":\"https:\\\/\\\/radioleinewelle.de\\\/index.php\\\/2021\\\/02\\\/22\\\/die-goettinger-spd-will-die-kandidatensuche-fuer-die-oberbuergermeisterwahl-beschleunigen\\\/\"},\"author\":{\"name\":\"Leinewelle\",\"@id\":\"https:\\\/\\\/radioleinewelle.de\\\/#\\\/schema\\\/person\\\/45606f348637df637192dc1b68399a63\"},\"headline\":\"Die G\u00f6ttinger SPD will die Kandidatensuche f\u00fcr die Oberb\u00fcrgermeisterwahl beschleunigen.\",\"datePublished\":\"2021-02-22T12:05:47+00:00\",\"mainEntityOfPage\":{\"@id\":\"https:\\\/\\\/radioleinewelle.de\\\/index.php\\\/2021\\\/02\\\/22\\\/die-goettinger-spd-will-die-kandidatensuche-fuer-die-oberbuergermeisterwahl-beschleunigen\\\/\"},\"wordCount\":227,\"publisher\":{\"@id\":\"https:\\\/\\\/radioleinewelle.de\\\/#organization\"},\"image\":{\"@id\":\"https:\\\/\\\/radioleinewelle.de\\\/index.php\\\/2021\\\/02\\\/22\\\/die-goettinger-spd-will-die-kandidatensuche-fuer-die-oberbuergermeisterwahl-beschleunigen\\\/#primaryimage\"},\"thumbnailUrl\":\"https:\\\/\\\/radioleinewelle.de\\\/wp-content\\\/uploads\\\/2020\\\/09\\\/Rathaus-e1600119510700.jpg\",\"articleSection\":[\"Lokalpolitik\"],\"inLanguage\":\"de\"},{\"@type\":\"WebPage\",\"@id\":\"https:\\\/\\\/radioleinewelle.de\\\/index.php\\\/2021\\\/02\\\/22\\\/die-goettinger-spd-will-die-kandidatensuche-fuer-die-oberbuergermeisterwahl-beschleunigen\\\/\",\"url\":\"https:\\\/\\\/radioleinewelle.de\\\/index.php\\\/2021\\\/02\\\/22\\\/die-goettinger-spd-will-die-kandidatensuche-fuer-die-oberbuergermeisterwahl-beschleunigen\\\/\",\"name\":\"Die G\u00f6ttinger SPD will die Kandidatensuche f\u00fcr die Oberb\u00fcrgermeisterwahl beschleunigen. - Radio Leinewelle\",\"isPartOf\":{\"@id\":\"https:\\\/\\\/radioleinewelle.de\\\/#website\"},\"primaryImageOfPage\":{\"@id\":\"https:\\\/\\\/radioleinewelle.de\\\/index.php\\\/2021\\\/02\\\/22\\\/die-goettinger-spd-will-die-kandidatensuche-fuer-die-oberbuergermeisterwahl-beschleunigen\\\/#primaryimage\"},\"image\":{\"@id\":\"https:\\\/\\\/radioleinewelle.de\\\/index.php\\\/2021\\\/02\\\/22\\\/die-goettinger-spd-will-die-kandidatensuche-fuer-die-oberbuergermeisterwahl-beschleunigen\\\/#primaryimage\"},\"thumbnailUrl\":\"https:\\\/\\\/radioleinewelle.de\\\/wp-content\\\/uploads\\\/2020\\\/09\\\/Rathaus-e1600119510700.jpg\",\"datePublished\":\"2021-02-22T12:05:47+00:00\",\"breadcrumb\":{\"@id\":\"https:\\\/\\\/radioleinewelle.de\\\/index.php\\\/2021\\\/02\\\/22\\\/die-goettinger-spd-will-die-kandidatensuche-fuer-die-oberbuergermeisterwahl-beschleunigen\\\/#breadcrumb\"},\"inLanguage\":\"de\",\"potentialAction\":[{\"@type\":\"ReadAction\",\"target\":[\"https:\\\/\\\/radioleinewelle.de\\\/index.php\\\/2021\\\/02\\\/22\\\/die-goettinger-spd-will-die-kandidatensuche-fuer-die-oberbuergermeisterwahl-beschleunigen\\\/\"]}]},{\"@type\":\"ImageObject\",\"inLanguage\":\"de\",\"@id\":\"https:\\\/\\\/radioleinewelle.de\\\/index.php\\\/2021\\\/02\\\/22\\\/die-goettinger-spd-will-die-kandidatensuche-fuer-die-oberbuergermeisterwahl-beschleunigen\\\/#primaryimage\",\"url\":\"https:\\\/\\\/radioleinewelle.de\\\/wp-content\\\/uploads\\\/2020\\\/09\\\/Rathaus-e1600119510700.jpg\",\"contentUrl\":\"https:\\\/\\\/radioleinewelle.de\\\/wp-content\\\/uploads\\\/2020\\\/09\\\/Rathaus-e1600119510700.jpg\",\"width\":300,\"height\":269},{\"@type\":\"BreadcrumbList\",\"@id\":\"https:\\\/\\\/radioleinewelle.de\\\/index.php\\\/2021\\\/02\\\/22\\\/die-goettinger-spd-will-die-kandidatensuche-fuer-die-oberbuergermeisterwahl-beschleunigen\\\/#breadcrumb\",\"itemListElement\":[{\"@type\":\"ListItem\",\"position\":1,\"name\":\"Startseite\",\"item\":\"https:\\\/\\\/radioleinewelle.de\\\/\"},{\"@type\":\"ListItem\",\"position\":2,\"name\":\"Die G\u00f6ttinger SPD will die Kandidatensuche f\u00fcr die Oberb\u00fcrgermeisterwahl beschleunigen.\"}]},{\"@type\":\"WebSite\",\"@id\":\"https:\\\/\\\/radioleinewelle.de\\\/#website\",\"url\":\"https:\\\/\\\/radioleinewelle.de\\\/\",\"name\":\"Radio Leinewelle\",\"description\":\"\",\"publisher\":{\"@id\":\"https:\\\/\\\/radioleinewelle.de\\\/#organization\"},\"potentialAction\":[{\"@type\":\"SearchAction\",\"target\":{\"@type\":\"EntryPoint\",\"urlTemplate\":\"https:\\\/\\\/radioleinewelle.de\\\/?s={search_term_string}\"},\"query-input\":{\"@type\":\"PropertyValueSpecification\",\"valueRequired\":true,\"valueName\":\"search_term_string\"}}],\"inLanguage\":\"de\"},{\"@type\":\"Organization\",\"@id\":\"https:\\\/\\\/radioleinewelle.de\\\/#organization\",\"name\":\"Radio Leinewelle\",\"alternateName\":\"Mein Radio f\u00fcr S\u00fcdniedersachsen\",\"url\":\"https:\\\/\\\/radioleinewelle.de\\\/\",\"logo\":{\"@type\":\"ImageObject\",\"inLanguage\":\"de\",\"@id\":\"https:\\\/\\\/radioleinewelle.de\\\/#\\\/schema\\\/logo\\\/image\\\/\",\"url\":\"https:\\\/\\\/radioleinewelle.de\\\/wp-content\\\/uploads\\\/2023\\\/11\\\/cropped-Leinewelle_Logo_weiss.png\",\"contentUrl\":\"https:\\\/\\\/radioleinewelle.de\\\/wp-content\\\/uploads\\\/2023\\\/11\\\/cropped-Leinewelle_Logo_weiss.png\",\"width\":854,\"height\":260,\"caption\":\"Radio Leinewelle\"},\"image\":{\"@id\":\"https:\\\/\\\/radioleinewelle.de\\\/#\\\/schema\\\/logo\\\/image\\\/\"},\"sameAs\":[\"https:\\\/\\\/www.facebook.com\\\/radioleinewelle\",\"https:\\\/\\\/x.com\\\/RLeinewelle\",\"https:\\\/\\\/www.instagram.com\\\/radioleinewelle\\\/?hl=de\"]},{\"@type\":\"Person\",\"@id\":\"https:\\\/\\\/radioleinewelle.de\\\/#\\\/schema\\\/person\\\/45606f348637df637192dc1b68399a63\",\"name\":\"Leinewelle\",\"image\":{\"@type\":\"ImageObject\",\"inLanguage\":\"de\",\"@id\":\"https:\\\/\\\/secure.gravatar.com\\\/avatar\\\/05c9a17bc973052ee5d91549bd32fb4dd0dc85b7b85ae94b2e2b4943476bbea5?s=96&d=blank&r=g\",\"url\":\"https:\\\/\\\/secure.gravatar.com\\\/avatar\\\/05c9a17bc973052ee5d91549bd32fb4dd0dc85b7b85ae94b2e2b4943476bbea5?s=96&d=blank&r=g\",\"contentUrl\":\"https:\\\/\\\/secure.gravatar.com\\\/avatar\\\/05c9a17bc973052ee5d91549bd32fb4dd0dc85b7b85ae94b2e2b4943476bbea5?s=96&d=blank&r=g\",\"caption\":\"Leinewelle\"},\"sameAs\":[\"http:\\\/\\\/localhost\\\/radio%20leinewelle\\\/wordpress\",\"https:\\\/\\\/www.facebook.com\\\/radioleinewelle\",\"https:\\\/\\\/www.instagram.com\\\/radioleinewelle\",\"https:\\\/\\\/x.com\\\/https:\\\/\\\/twitter.com\\\/RLeinewelle?ref_src=twsrcgoogletwcampserptwgrauthor\",\"https:\\\/\\\/soundcloud.com\\\/foerderverein-lokalradio?utm_source=clipboard&utm_medium=text&utm_campaign=social_sharing\"],\"url\":\"https:\\\/\\\/radioleinewelle.de\\\/index.php\\\/author\\\/leinewelle\\\/\"}]}<\/script>\n<!-- \/ Yoast SEO plugin. -->","yoast_head_json":{"title":"Die G\u00f6ttinger SPD will die Kandidatensuche f\u00fcr die Oberb\u00fcrgermeisterwahl beschleunigen. - Radio Leinewelle","robots":{"index":"index","follow":"follow","max-snippet":"max-snippet:-1","max-image-preview":"max-image-preview:large","max-video-preview":"max-video-preview:-1"},"canonical":"https:\/\/radioleinewelle.de\/index.php\/2021\/02\/22\/die-goettinger-spd-will-die-kandidatensuche-fuer-die-oberbuergermeisterwahl-beschleunigen\/","og_locale":"de_DE","og_type":"article","og_title":"Die G\u00f6ttinger SPD will die Kandidatensuche f\u00fcr die Oberb\u00fcrgermeisterwahl beschleunigen. - Radio Leinewelle","og_description":"Seit Herbst stehen Petra Broistedt und Tom Wedrins als Kandidatin bzw. Kandidat der G\u00f6ttinger SPD in den Startl\u00f6chern, um den Wahlkampf um das Amt des Oberb\u00fcrgermeisters zu beginnen. Inzwischen haben sie sich in allen zehn Ortsvereinen des Stadtverbandes vorgestellt. Wer von beiden tats\u00e4chlich f\u00fcr die SPD antreten wird, ist immer noch offen. Denn bisher lie\u00dfen [&hellip;]","og_url":"https:\/\/radioleinewelle.de\/index.php\/2021\/02\/22\/die-goettinger-spd-will-die-kandidatensuche-fuer-die-oberbuergermeisterwahl-beschleunigen\/","og_site_name":"Radio Leinewelle","article_publisher":"https:\/\/www.facebook.com\/radioleinewelle","article_author":"https:\/\/www.facebook.com\/radioleinewelle","article_published_time":"2021-02-22T12:05:47+00:00","og_image":[{"width":300,"height":269,"url":"https:\/\/radioleinewelle.de\/wp-content\/uploads\/2020\/09\/Rathaus-e1600119510700.jpg","type":"image\/jpeg"}],"author":"Leinewelle","twitter_card":"summary_large_image","twitter_creator":"@https:\/\/twitter.com\/RLeinewelle?ref_src=twsrcgoogletwcampserptwgrauthor","twitter_site":"@RLeinewelle","twitter_misc":{"Verfasst von":"Leinewelle","Gesch\u00e4tzte Lesezeit":"1\u00a0Minute"},"schema":{"@context":"https:\/\/schema.org","@graph":[{"@type":"Article","@id":"https:\/\/radioleinewelle.de\/index.php\/2021\/02\/22\/die-goettinger-spd-will-die-kandidatensuche-fuer-die-oberbuergermeisterwahl-beschleunigen\/#article","isPartOf":{"@id":"https:\/\/radioleinewelle.de\/index.php\/2021\/02\/22\/die-goettinger-spd-will-die-kandidatensuche-fuer-die-oberbuergermeisterwahl-beschleunigen\/"},"author":{"name":"Leinewelle","@id":"https:\/\/radioleinewelle.de\/#\/schema\/person\/45606f348637df637192dc1b68399a63"},"headline":"Die G\u00f6ttinger SPD will die Kandidatensuche f\u00fcr die Oberb\u00fcrgermeisterwahl beschleunigen.","datePublished":"2021-02-22T12:05:47+00:00","mainEntityOfPage":{"@id":"https:\/\/radioleinewelle.de\/index.php\/2021\/02\/22\/die-goettinger-spd-will-die-kandidatensuche-fuer-die-oberbuergermeisterwahl-beschleunigen\/"},"wordCount":227,"publisher":{"@id":"https:\/\/radioleinewelle.de\/#organization"},"image":{"@id":"https:\/\/radioleinewelle.de\/index.php\/2021\/02\/22\/die-goettinger-spd-will-die-kandidatensuche-fuer-die-oberbuergermeisterwahl-beschleunigen\/#primaryimage"},"thumbnailUrl":"https:\/\/radioleinewelle.de\/wp-content\/uploads\/2020\/09\/Rathaus-e1600119510700.jpg","articleSection":["Lokalpolitik"],"inLanguage":"de"},{"@type":"WebPage","@id":"https:\/\/radioleinewelle.de\/index.php\/2021\/02\/22\/die-goettinger-spd-will-die-kandidatensuche-fuer-die-oberbuergermeisterwahl-beschleunigen\/","url":"https:\/\/radioleinewelle.de\/index.php\/2021\/02\/22\/die-goettinger-spd-will-die-kandidatensuche-fuer-die-oberbuergermeisterwahl-beschleunigen\/","name":"Die G\u00f6ttinger SPD will die Kandidatensuche f\u00fcr die Oberb\u00fcrgermeisterwahl beschleunigen. - Radio Leinewelle","isPartOf":{"@id":"https:\/\/radioleinewelle.de\/#website"},"primaryImageOfPage":{"@id":"https:\/\/radioleinewelle.de\/index.php\/2021\/02\/22\/die-goettinger-spd-will-die-kandidatensuche-fuer-die-oberbuergermeisterwahl-beschleunigen\/#primaryimage"},"image":{"@id":"https:\/\/radioleinewelle.de\/index.php\/2021\/02\/22\/die-goettinger-spd-will-die-kandidatensuche-fuer-die-oberbuergermeisterwahl-beschleunigen\/#primaryimage"},"thumbnailUrl":"https:\/\/radioleinewelle.de\/wp-content\/uploads\/2020\/09\/Rathaus-e1600119510700.jpg","datePublished":"2021-02-22T12:05:47+00:00","breadcrumb":{"@id":"https:\/\/radioleinewelle.de\/index.php\/2021\/02\/22\/die-goettinger-spd-will-die-kandidatensuche-fuer-die-oberbuergermeisterwahl-beschleunigen\/#breadcrumb"},"inLanguage":"de","potentialAction":[{"@type":"ReadAction","target":["https:\/\/radioleinewelle.de\/index.php\/2021\/02\/22\/die-goettinger-spd-will-die-kandidatensuche-fuer-die-oberbuergermeisterwahl-beschleunigen\/"]}]},{"@type":"ImageObject","inLanguage":"de","@id":"https:\/\/radioleinewelle.de\/index.php\/2021\/02\/22\/die-goettinger-spd-will-die-kandidatensuche-fuer-die-oberbuergermeisterwahl-beschleunigen\/#primaryimage","url":"https:\/\/radioleinewelle.de\/wp-content\/uploads\/2020\/09\/Rathaus-e1600119510700.jpg","contentUrl":"https:\/\/radioleinewelle.de\/wp-content\/uploads\/2020\/09\/Rathaus-e1600119510700.jpg","width":300,"height":269},{"@type":"BreadcrumbList","@id":"https:\/\/radioleinewelle.de\/index.php\/2021\/02\/22\/die-goettinger-spd-will-die-kandidatensuche-fuer-die-oberbuergermeisterwahl-beschleunigen\/#breadcrumb","itemListElement":[{"@type":"ListItem","position":1,"name":"Startseite","item":"https:\/\/radioleinewelle.de\/"},{"@type":"ListItem","position":2,"name":"Die G\u00f6ttinger SPD will die Kandidatensuche f\u00fcr die Oberb\u00fcrgermeisterwahl beschleunigen."}]},{"@type":"WebSite","@id":"https:\/\/radioleinewelle.de\/#website","url":"https:\/\/radioleinewelle.de\/","name":"Radio Leinewelle","description":"","publisher":{"@id":"https:\/\/radioleinewelle.de\/#organization"},"potentialAction":[{"@type":"SearchAction","target":{"@type":"EntryPoint","urlTemplate":"https:\/\/radioleinewelle.de\/?s={search_term_string}"},"query-input":{"@type":"PropertyValueSpecification","valueRequired":true,"valueName":"search_term_string"}}],"inLanguage":"de"},{"@type":"Organization","@id":"https:\/\/radioleinewelle.de\/#organization","name":"Radio Leinewelle","alternateName":"Mein Radio f\u00fcr S\u00fcdniedersachsen","url":"https:\/\/radioleinewelle.de\/","logo":{"@type":"ImageObject","inLanguage":"de","@id":"https:\/\/radioleinewelle.de\/#\/schema\/logo\/image\/","url":"https:\/\/radioleinewelle.de\/wp-content\/uploads\/2023\/11\/cropped-Leinewelle_Logo_weiss.png","contentUrl":"https:\/\/radioleinewelle.de\/wp-content\/uploads\/2023\/11\/cropped-Leinewelle_Logo_weiss.png","width":854,"height":260,"caption":"Radio Leinewelle"},"image":{"@id":"https:\/\/radioleinewelle.de\/#\/schema\/logo\/image\/"},"sameAs":["https:\/\/www.facebook.com\/radioleinewelle","https:\/\/x.com\/RLeinewelle","https:\/\/www.instagram.com\/radioleinewelle\/?hl=de"]},{"@type":"Person","@id":"https:\/\/radioleinewelle.de\/#\/schema\/person\/45606f348637df637192dc1b68399a63","name":"Leinewelle","image":{"@type":"ImageObject","inLanguage":"de","@id":"https:\/\/secure.gravatar.com\/avatar\/05c9a17bc973052ee5d91549bd32fb4dd0dc85b7b85ae94b2e2b4943476bbea5?s=96&d=blank&r=g","url":"https:\/\/secure.gravatar.com\/avatar\/05c9a17bc973052ee5d91549bd32fb4dd0dc85b7b85ae94b2e2b4943476bbea5?s=96&d=blank&r=g","contentUrl":"https:\/\/secure.gravatar.com\/avatar\/05c9a17bc973052ee5d91549bd32fb4dd0dc85b7b85ae94b2e2b4943476bbea5?s=96&d=blank&r=g","caption":"Leinewelle"},"sameAs":["http:\/\/localhost\/radio%20leinewelle\/wordpress","https:\/\/www.facebook.com\/radioleinewelle","https:\/\/www.instagram.com\/radioleinewelle","https:\/\/x.com\/https:\/\/twitter.com\/RLeinewelle?ref_src=twsrcgoogletwcampserptwgrauthor","https:\/\/soundcloud.com\/foerderverein-lokalradio?utm_source=clipboard&utm_medium=text&utm_campaign=social_sharing"],"url":"https:\/\/radioleinewelle.de\/index.php\/author\/leinewelle\/"}]}},"_links":{"self":[{"href":"https:\/\/radioleinewelle.de\/index.php\/wp-json\/wp\/v2\/posts\/5475","targetHints":{"allow":["GET"]}}],"collection":[{"href":"https:\/\/radioleinewelle.de\/index.php\/wp-json\/wp\/v2\/posts"}],"about":[{"href":"https:\/\/radioleinewelle.de\/index.php\/wp-json\/wp\/v2\/types\/post"}],"author":[{"embeddable":true,"href":"https:\/\/radioleinewelle.de\/index.php\/wp-json\/wp\/v2\/users\/1"}],"replies":[{"embeddable":true,"href":"https:\/\/radioleinewelle.de\/index.php\/wp-json\/wp\/v2\/comments?post=5475"}],"version-history":[{"count":0,"href":"https:\/\/radioleinewelle.de\/index.php\/wp-json\/wp\/v2\/posts\/5475\/revisions"}],"wp:featuredmedia":[{"embeddable":true,"href":"https:\/\/radioleinewelle.de\/index.php\/wp-json\/wp\/v2\/media\/1648"}],"wp:attachment":[{"href":"https:\/\/radioleinewelle.de\/index.php\/wp-json\/wp\/v2\/media?parent=5475"}],"wp:term":[{"taxonomy":"category","embeddable":true,"href":"https:\/\/radioleinewelle.de\/index.php\/wp-json\/wp\/v2\/categories?post=5475"},{"taxonomy":"post_tag","embeddable":true,"href":"https:\/\/radioleinewelle.de\/index.php\/wp-json\/wp\/v2\/tags?post=5475"}],"curies":[{"name":"wp","href":"https:\/\/api.w.org\/{rel}","templated":true}]}}