{"id":5488,"date":"2021-02-23T05:06:00","date_gmt":"2021-02-23T04:06:00","guid":{"rendered":"https:\/\/radioleinewelle.de\/?p=5488"},"modified":"2021-02-23T05:06:00","modified_gmt":"2021-02-23T04:06:00","slug":"restmuell-wird-kuenftig-durch-trockenvergaerung-entsorgt","status":"publish","type":"post","link":"https:\/\/radioleinewelle.de\/index.php\/2021\/02\/23\/restmuell-wird-kuenftig-durch-trockenvergaerung-entsorgt\/","title":{"rendered":"Restm\u00fcll wird k\u00fcnftig durch Trockenverg\u00e4rung entsorgt"},"content":{"rendered":"\n<p>In S\u00fcdniedersachsen wird der Restabfall zuk\u00fcnftig durch das Verfahren der Trockenverg\u00e4rung entsorgt. Darauf haben sich die drei Mitglieder des Abfallzweckverbands S\u00fcdniedersachsen (AS), also die Stadt und der Landkreis G\u00f6ttingen sowie der Landkreis Northeim, in der Verbandsversammlung am 18. Februar 2021 geeinigt.&nbsp;<\/p>\n\n\n\n<p>Gutachterlich waren verschiedene Varianten der Restabfallentsorgung gepr\u00fcft worden. Mit Blick auf die Zielkriterien des AS hat die Trockenverg\u00e4rung die beste Bewertung erlangt. Zu den Kriterien z\u00e4hlen Aspekte wie Klimaschutzeffekte, Risiken, Kosten und die Wertsch\u00f6pfung in der Region.<\/p>\n\n\n\n<h3 class=\"wp-block-heading\">Die Trockenverg\u00e4rung<\/h3>\n\n\n\n<p>Die Trockenverg\u00e4rung ist gegen\u00fcber der Nassverg\u00e4rung, die heute noch betrieben wird, ein vergleichsweise einfaches Behandlungsverfahren zur Erzeugung von Biogas. Dieses diskontinuierliche Verfahren wird im Batchbetrieb, also mit regelm\u00e4\u00dfigem Bef\u00fcllen und Entleeren der Fermentertunnel, durchgef\u00fchrt. Bei der Nassverg\u00e4rung hingegen wird der Abfall f\u00fcr den Prozess mittels Wasser verfl\u00fcssigt. Nach dem Behandlungsprozess muss dieses Wasser wieder abgetrennt werden.<\/p>\n\n\n\n<p>Insgesamt gibt es also kontinuierliche und diskontinuierliche Behandlungsverfahren. Bei grober Einteilung l\u00e4sst sich sagen, dass es Trockenverg\u00e4rungs- und Nassverg\u00e4rungsverfahren gibt. Bei den Trockenverg\u00e4rungsverfahren gibt es noch die Pfropfenstromfermenter und die Garagenfermenter, wie der AS es beabsichtigt. Diese Verfahren werden \u00fcberwiegend bei den mechanisch-biologischen Anlagen (MBA) eingesetzt. Die Alternative dazu w\u00e4re wiederum die M\u00fcllverbrennung.<\/p>\n","protected":false},"excerpt":{"rendered":"<p>In S\u00fcdniedersachsen wird der Restabfall zuk\u00fcnftig durch das Verfahren der Trockenverg\u00e4rung entsorgt. Darauf haben sich die drei Mitglieder des Abfallzweckverbands S\u00fcdniedersachsen (AS), also die Stadt und der Landkreis G\u00f6ttingen sowie der Landkreis Northeim, in der Verbandsversammlung am 18. Februar 2021 geeinigt.&nbsp; Gutachterlich waren verschiedene Varianten der Restabfallentsorgung gepr\u00fcft worden. Mit Blick auf die Zielkriterien des [&hellip;]<\/p>\n","protected":false},"author":1,"featured_media":5491,"comment_status":"closed","ping_status":"closed","sticky":false,"template":"","format":"standard","meta":{"saved_in_kubio":false,"footnotes":""},"categories":[32],"tags":[],"class_list":["post-5488","post","type-post","status-publish","format-standard","has-post-thumbnail","hentry","category-natur-umwelt"],"yoast_head":"<!-- This site is optimized with the Yoast SEO plugin v27.5 - https:\/\/yoast.com\/product\/yoast-seo-wordpress\/ -->\n<title>Restm\u00fcll wird k\u00fcnftig durch Trockenverg\u00e4rung entsorgt - Radio Leinewelle<\/title>\n<meta name=\"robots\" content=\"index, follow, max-snippet:-1, max-image-preview:large, max-video-preview:-1\" \/>\n<link rel=\"canonical\" href=\"https:\/\/radioleinewelle.de\/index.php\/2021\/02\/23\/restmuell-wird-kuenftig-durch-trockenvergaerung-entsorgt\/\" \/>\n<meta property=\"og:locale\" content=\"de_DE\" \/>\n<meta property=\"og:type\" content=\"article\" \/>\n<meta property=\"og:title\" content=\"Restm\u00fcll wird k\u00fcnftig durch Trockenverg\u00e4rung entsorgt - Radio Leinewelle\" \/>\n<meta property=\"og:description\" content=\"In S\u00fcdniedersachsen wird der Restabfall zuk\u00fcnftig durch das Verfahren der Trockenverg\u00e4rung entsorgt. Darauf haben sich die drei Mitglieder des Abfallzweckverbands S\u00fcdniedersachsen (AS), also die Stadt und der Landkreis G\u00f6ttingen sowie der Landkreis Northeim, in der Verbandsversammlung am 18. Februar 2021 geeinigt.&nbsp; Gutachterlich waren verschiedene Varianten der Restabfallentsorgung gepr\u00fcft worden. Mit Blick auf die Zielkriterien des [&hellip;]\" \/>\n<meta property=\"og:url\" content=\"https:\/\/radioleinewelle.de\/index.php\/2021\/02\/23\/restmuell-wird-kuenftig-durch-trockenvergaerung-entsorgt\/\" \/>\n<meta property=\"og:site_name\" content=\"Radio Leinewelle\" \/>\n<meta property=\"article:publisher\" content=\"https:\/\/www.facebook.com\/radioleinewelle\" \/>\n<meta property=\"article:author\" content=\"https:\/\/www.facebook.com\/radioleinewelle\" \/>\n<meta property=\"article:published_time\" content=\"2021-02-23T04:06:00+00:00\" \/>\n<meta property=\"og:image\" content=\"https:\/\/radioleinewelle.de\/wp-content\/uploads\/2021\/02\/garbage-2736580_640.jpg\" \/>\n\t<meta property=\"og:image:width\" content=\"640\" \/>\n\t<meta property=\"og:image:height\" content=\"426\" \/>\n\t<meta property=\"og:image:type\" content=\"image\/jpeg\" \/>\n<meta name=\"author\" content=\"Leinewelle\" \/>\n<meta name=\"twitter:card\" content=\"summary_large_image\" \/>\n<meta name=\"twitter:creator\" content=\"@https:\/\/twitter.com\/RLeinewelle?ref_src=twsrcgoogletwcampserptwgrauthor\" \/>\n<meta name=\"twitter:site\" content=\"@RLeinewelle\" \/>\n<meta name=\"twitter:label1\" content=\"Verfasst von\" \/>\n\t<meta name=\"twitter:data1\" content=\"Leinewelle\" \/>\n\t<meta name=\"twitter:label2\" content=\"Gesch\u00e4tzte Lesezeit\" \/>\n\t<meta name=\"twitter:data2\" content=\"1\u00a0Minute\" \/>\n<script type=\"application\/ld+json\" class=\"yoast-schema-graph\">{\"@context\":\"https:\\\/\\\/schema.org\",\"@graph\":[{\"@type\":\"Article\",\"@id\":\"https:\\\/\\\/radioleinewelle.de\\\/index.php\\\/2021\\\/02\\\/23\\\/restmuell-wird-kuenftig-durch-trockenvergaerung-entsorgt\\\/#article\",\"isPartOf\":{\"@id\":\"https:\\\/\\\/radioleinewelle.de\\\/index.php\\\/2021\\\/02\\\/23\\\/restmuell-wird-kuenftig-durch-trockenvergaerung-entsorgt\\\/\"},\"author\":{\"name\":\"Leinewelle\",\"@id\":\"https:\\\/\\\/radioleinewelle.de\\\/#\\\/schema\\\/person\\\/45606f348637df637192dc1b68399a63\"},\"headline\":\"Restm\u00fcll wird k\u00fcnftig durch Trockenverg\u00e4rung entsorgt\",\"datePublished\":\"2021-02-23T04:06:00+00:00\",\"mainEntityOfPage\":{\"@id\":\"https:\\\/\\\/radioleinewelle.de\\\/index.php\\\/2021\\\/02\\\/23\\\/restmuell-wird-kuenftig-durch-trockenvergaerung-entsorgt\\\/\"},\"wordCount\":222,\"publisher\":{\"@id\":\"https:\\\/\\\/radioleinewelle.de\\\/#organization\"},\"image\":{\"@id\":\"https:\\\/\\\/radioleinewelle.de\\\/index.php\\\/2021\\\/02\\\/23\\\/restmuell-wird-kuenftig-durch-trockenvergaerung-entsorgt\\\/#primaryimage\"},\"thumbnailUrl\":\"https:\\\/\\\/radioleinewelle.de\\\/wp-content\\\/uploads\\\/2021\\\/02\\\/garbage-2736580_640.jpg\",\"articleSection\":[\"Natur &amp; Umwelt\"],\"inLanguage\":\"de\"},{\"@type\":\"WebPage\",\"@id\":\"https:\\\/\\\/radioleinewelle.de\\\/index.php\\\/2021\\\/02\\\/23\\\/restmuell-wird-kuenftig-durch-trockenvergaerung-entsorgt\\\/\",\"url\":\"https:\\\/\\\/radioleinewelle.de\\\/index.php\\\/2021\\\/02\\\/23\\\/restmuell-wird-kuenftig-durch-trockenvergaerung-entsorgt\\\/\",\"name\":\"Restm\u00fcll wird k\u00fcnftig durch Trockenverg\u00e4rung entsorgt - Radio Leinewelle\",\"isPartOf\":{\"@id\":\"https:\\\/\\\/radioleinewelle.de\\\/#website\"},\"primaryImageOfPage\":{\"@id\":\"https:\\\/\\\/radioleinewelle.de\\\/index.php\\\/2021\\\/02\\\/23\\\/restmuell-wird-kuenftig-durch-trockenvergaerung-entsorgt\\\/#primaryimage\"},\"image\":{\"@id\":\"https:\\\/\\\/radioleinewelle.de\\\/index.php\\\/2021\\\/02\\\/23\\\/restmuell-wird-kuenftig-durch-trockenvergaerung-entsorgt\\\/#primaryimage\"},\"thumbnailUrl\":\"https:\\\/\\\/radioleinewelle.de\\\/wp-content\\\/uploads\\\/2021\\\/02\\\/garbage-2736580_640.jpg\",\"datePublished\":\"2021-02-23T04:06:00+00:00\",\"breadcrumb\":{\"@id\":\"https:\\\/\\\/radioleinewelle.de\\\/index.php\\\/2021\\\/02\\\/23\\\/restmuell-wird-kuenftig-durch-trockenvergaerung-entsorgt\\\/#breadcrumb\"},\"inLanguage\":\"de\",\"potentialAction\":[{\"@type\":\"ReadAction\",\"target\":[\"https:\\\/\\\/radioleinewelle.de\\\/index.php\\\/2021\\\/02\\\/23\\\/restmuell-wird-kuenftig-durch-trockenvergaerung-entsorgt\\\/\"]}]},{\"@type\":\"ImageObject\",\"inLanguage\":\"de\",\"@id\":\"https:\\\/\\\/radioleinewelle.de\\\/index.php\\\/2021\\\/02\\\/23\\\/restmuell-wird-kuenftig-durch-trockenvergaerung-entsorgt\\\/#primaryimage\",\"url\":\"https:\\\/\\\/radioleinewelle.de\\\/wp-content\\\/uploads\\\/2021\\\/02\\\/garbage-2736580_640.jpg\",\"contentUrl\":\"https:\\\/\\\/radioleinewelle.de\\\/wp-content\\\/uploads\\\/2021\\\/02\\\/garbage-2736580_640.jpg\",\"width\":640,\"height\":426},{\"@type\":\"BreadcrumbList\",\"@id\":\"https:\\\/\\\/radioleinewelle.de\\\/index.php\\\/2021\\\/02\\\/23\\\/restmuell-wird-kuenftig-durch-trockenvergaerung-entsorgt\\\/#breadcrumb\",\"itemListElement\":[{\"@type\":\"ListItem\",\"position\":1,\"name\":\"Startseite\",\"item\":\"https:\\\/\\\/radioleinewelle.de\\\/\"},{\"@type\":\"ListItem\",\"position\":2,\"name\":\"Restm\u00fcll wird k\u00fcnftig durch Trockenverg\u00e4rung entsorgt\"}]},{\"@type\":\"WebSite\",\"@id\":\"https:\\\/\\\/radioleinewelle.de\\\/#website\",\"url\":\"https:\\\/\\\/radioleinewelle.de\\\/\",\"name\":\"Radio Leinewelle\",\"description\":\"\",\"publisher\":{\"@id\":\"https:\\\/\\\/radioleinewelle.de\\\/#organization\"},\"potentialAction\":[{\"@type\":\"SearchAction\",\"target\":{\"@type\":\"EntryPoint\",\"urlTemplate\":\"https:\\\/\\\/radioleinewelle.de\\\/?s={search_term_string}\"},\"query-input\":{\"@type\":\"PropertyValueSpecification\",\"valueRequired\":true,\"valueName\":\"search_term_string\"}}],\"inLanguage\":\"de\"},{\"@type\":\"Organization\",\"@id\":\"https:\\\/\\\/radioleinewelle.de\\\/#organization\",\"name\":\"Radio Leinewelle\",\"alternateName\":\"Mein Radio f\u00fcr S\u00fcdniedersachsen\",\"url\":\"https:\\\/\\\/radioleinewelle.de\\\/\",\"logo\":{\"@type\":\"ImageObject\",\"inLanguage\":\"de\",\"@id\":\"https:\\\/\\\/radioleinewelle.de\\\/#\\\/schema\\\/logo\\\/image\\\/\",\"url\":\"https:\\\/\\\/radioleinewelle.de\\\/wp-content\\\/uploads\\\/2023\\\/11\\\/cropped-Leinewelle_Logo_weiss.png\",\"contentUrl\":\"https:\\\/\\\/radioleinewelle.de\\\/wp-content\\\/uploads\\\/2023\\\/11\\\/cropped-Leinewelle_Logo_weiss.png\",\"width\":854,\"height\":260,\"caption\":\"Radio Leinewelle\"},\"image\":{\"@id\":\"https:\\\/\\\/radioleinewelle.de\\\/#\\\/schema\\\/logo\\\/image\\\/\"},\"sameAs\":[\"https:\\\/\\\/www.facebook.com\\\/radioleinewelle\",\"https:\\\/\\\/x.com\\\/RLeinewelle\",\"https:\\\/\\\/www.instagram.com\\\/radioleinewelle\\\/?hl=de\"]},{\"@type\":\"Person\",\"@id\":\"https:\\\/\\\/radioleinewelle.de\\\/#\\\/schema\\\/person\\\/45606f348637df637192dc1b68399a63\",\"name\":\"Leinewelle\",\"image\":{\"@type\":\"ImageObject\",\"inLanguage\":\"de\",\"@id\":\"https:\\\/\\\/secure.gravatar.com\\\/avatar\\\/05c9a17bc973052ee5d91549bd32fb4dd0dc85b7b85ae94b2e2b4943476bbea5?s=96&d=blank&r=g\",\"url\":\"https:\\\/\\\/secure.gravatar.com\\\/avatar\\\/05c9a17bc973052ee5d91549bd32fb4dd0dc85b7b85ae94b2e2b4943476bbea5?s=96&d=blank&r=g\",\"contentUrl\":\"https:\\\/\\\/secure.gravatar.com\\\/avatar\\\/05c9a17bc973052ee5d91549bd32fb4dd0dc85b7b85ae94b2e2b4943476bbea5?s=96&d=blank&r=g\",\"caption\":\"Leinewelle\"},\"sameAs\":[\"http:\\\/\\\/localhost\\\/radio%20leinewelle\\\/wordpress\",\"https:\\\/\\\/www.facebook.com\\\/radioleinewelle\",\"https:\\\/\\\/www.instagram.com\\\/radioleinewelle\",\"https:\\\/\\\/x.com\\\/https:\\\/\\\/twitter.com\\\/RLeinewelle?ref_src=twsrcgoogletwcampserptwgrauthor\",\"https:\\\/\\\/soundcloud.com\\\/foerderverein-lokalradio?utm_source=clipboard&utm_medium=text&utm_campaign=social_sharing\"],\"url\":\"https:\\\/\\\/radioleinewelle.de\\\/index.php\\\/author\\\/leinewelle\\\/\"}]}<\/script>\n<!-- \/ Yoast SEO plugin. -->","yoast_head_json":{"title":"Restm\u00fcll wird k\u00fcnftig durch Trockenverg\u00e4rung entsorgt - Radio Leinewelle","robots":{"index":"index","follow":"follow","max-snippet":"max-snippet:-1","max-image-preview":"max-image-preview:large","max-video-preview":"max-video-preview:-1"},"canonical":"https:\/\/radioleinewelle.de\/index.php\/2021\/02\/23\/restmuell-wird-kuenftig-durch-trockenvergaerung-entsorgt\/","og_locale":"de_DE","og_type":"article","og_title":"Restm\u00fcll wird k\u00fcnftig durch Trockenverg\u00e4rung entsorgt - Radio Leinewelle","og_description":"In S\u00fcdniedersachsen wird der Restabfall zuk\u00fcnftig durch das Verfahren der Trockenverg\u00e4rung entsorgt. Darauf haben sich die drei Mitglieder des Abfallzweckverbands S\u00fcdniedersachsen (AS), also die Stadt und der Landkreis G\u00f6ttingen sowie der Landkreis Northeim, in der Verbandsversammlung am 18. Februar 2021 geeinigt.&nbsp; Gutachterlich waren verschiedene Varianten der Restabfallentsorgung gepr\u00fcft worden. Mit Blick auf die Zielkriterien des [&hellip;]","og_url":"https:\/\/radioleinewelle.de\/index.php\/2021\/02\/23\/restmuell-wird-kuenftig-durch-trockenvergaerung-entsorgt\/","og_site_name":"Radio Leinewelle","article_publisher":"https:\/\/www.facebook.com\/radioleinewelle","article_author":"https:\/\/www.facebook.com\/radioleinewelle","article_published_time":"2021-02-23T04:06:00+00:00","og_image":[{"width":640,"height":426,"url":"https:\/\/radioleinewelle.de\/wp-content\/uploads\/2021\/02\/garbage-2736580_640.jpg","type":"image\/jpeg"}],"author":"Leinewelle","twitter_card":"summary_large_image","twitter_creator":"@https:\/\/twitter.com\/RLeinewelle?ref_src=twsrcgoogletwcampserptwgrauthor","twitter_site":"@RLeinewelle","twitter_misc":{"Verfasst von":"Leinewelle","Gesch\u00e4tzte Lesezeit":"1\u00a0Minute"},"schema":{"@context":"https:\/\/schema.org","@graph":[{"@type":"Article","@id":"https:\/\/radioleinewelle.de\/index.php\/2021\/02\/23\/restmuell-wird-kuenftig-durch-trockenvergaerung-entsorgt\/#article","isPartOf":{"@id":"https:\/\/radioleinewelle.de\/index.php\/2021\/02\/23\/restmuell-wird-kuenftig-durch-trockenvergaerung-entsorgt\/"},"author":{"name":"Leinewelle","@id":"https:\/\/radioleinewelle.de\/#\/schema\/person\/45606f348637df637192dc1b68399a63"},"headline":"Restm\u00fcll wird k\u00fcnftig durch Trockenverg\u00e4rung entsorgt","datePublished":"2021-02-23T04:06:00+00:00","mainEntityOfPage":{"@id":"https:\/\/radioleinewelle.de\/index.php\/2021\/02\/23\/restmuell-wird-kuenftig-durch-trockenvergaerung-entsorgt\/"},"wordCount":222,"publisher":{"@id":"https:\/\/radioleinewelle.de\/#organization"},"image":{"@id":"https:\/\/radioleinewelle.de\/index.php\/2021\/02\/23\/restmuell-wird-kuenftig-durch-trockenvergaerung-entsorgt\/#primaryimage"},"thumbnailUrl":"https:\/\/radioleinewelle.de\/wp-content\/uploads\/2021\/02\/garbage-2736580_640.jpg","articleSection":["Natur &amp; Umwelt"],"inLanguage":"de"},{"@type":"WebPage","@id":"https:\/\/radioleinewelle.de\/index.php\/2021\/02\/23\/restmuell-wird-kuenftig-durch-trockenvergaerung-entsorgt\/","url":"https:\/\/radioleinewelle.de\/index.php\/2021\/02\/23\/restmuell-wird-kuenftig-durch-trockenvergaerung-entsorgt\/","name":"Restm\u00fcll wird k\u00fcnftig durch Trockenverg\u00e4rung entsorgt - Radio Leinewelle","isPartOf":{"@id":"https:\/\/radioleinewelle.de\/#website"},"primaryImageOfPage":{"@id":"https:\/\/radioleinewelle.de\/index.php\/2021\/02\/23\/restmuell-wird-kuenftig-durch-trockenvergaerung-entsorgt\/#primaryimage"},"image":{"@id":"https:\/\/radioleinewelle.de\/index.php\/2021\/02\/23\/restmuell-wird-kuenftig-durch-trockenvergaerung-entsorgt\/#primaryimage"},"thumbnailUrl":"https:\/\/radioleinewelle.de\/wp-content\/uploads\/2021\/02\/garbage-2736580_640.jpg","datePublished":"2021-02-23T04:06:00+00:00","breadcrumb":{"@id":"https:\/\/radioleinewelle.de\/index.php\/2021\/02\/23\/restmuell-wird-kuenftig-durch-trockenvergaerung-entsorgt\/#breadcrumb"},"inLanguage":"de","potentialAction":[{"@type":"ReadAction","target":["https:\/\/radioleinewelle.de\/index.php\/2021\/02\/23\/restmuell-wird-kuenftig-durch-trockenvergaerung-entsorgt\/"]}]},{"@type":"ImageObject","inLanguage":"de","@id":"https:\/\/radioleinewelle.de\/index.php\/2021\/02\/23\/restmuell-wird-kuenftig-durch-trockenvergaerung-entsorgt\/#primaryimage","url":"https:\/\/radioleinewelle.de\/wp-content\/uploads\/2021\/02\/garbage-2736580_640.jpg","contentUrl":"https:\/\/radioleinewelle.de\/wp-content\/uploads\/2021\/02\/garbage-2736580_640.jpg","width":640,"height":426},{"@type":"BreadcrumbList","@id":"https:\/\/radioleinewelle.de\/index.php\/2021\/02\/23\/restmuell-wird-kuenftig-durch-trockenvergaerung-entsorgt\/#breadcrumb","itemListElement":[{"@type":"ListItem","position":1,"name":"Startseite","item":"https:\/\/radioleinewelle.de\/"},{"@type":"ListItem","position":2,"name":"Restm\u00fcll wird k\u00fcnftig durch Trockenverg\u00e4rung entsorgt"}]},{"@type":"WebSite","@id":"https:\/\/radioleinewelle.de\/#website","url":"https:\/\/radioleinewelle.de\/","name":"Radio Leinewelle","description":"","publisher":{"@id":"https:\/\/radioleinewelle.de\/#organization"},"potentialAction":[{"@type":"SearchAction","target":{"@type":"EntryPoint","urlTemplate":"https:\/\/radioleinewelle.de\/?s={search_term_string}"},"query-input":{"@type":"PropertyValueSpecification","valueRequired":true,"valueName":"search_term_string"}}],"inLanguage":"de"},{"@type":"Organization","@id":"https:\/\/radioleinewelle.de\/#organization","name":"Radio Leinewelle","alternateName":"Mein Radio f\u00fcr S\u00fcdniedersachsen","url":"https:\/\/radioleinewelle.de\/","logo":{"@type":"ImageObject","inLanguage":"de","@id":"https:\/\/radioleinewelle.de\/#\/schema\/logo\/image\/","url":"https:\/\/radioleinewelle.de\/wp-content\/uploads\/2023\/11\/cropped-Leinewelle_Logo_weiss.png","contentUrl":"https:\/\/radioleinewelle.de\/wp-content\/uploads\/2023\/11\/cropped-Leinewelle_Logo_weiss.png","width":854,"height":260,"caption":"Radio Leinewelle"},"image":{"@id":"https:\/\/radioleinewelle.de\/#\/schema\/logo\/image\/"},"sameAs":["https:\/\/www.facebook.com\/radioleinewelle","https:\/\/x.com\/RLeinewelle","https:\/\/www.instagram.com\/radioleinewelle\/?hl=de"]},{"@type":"Person","@id":"https:\/\/radioleinewelle.de\/#\/schema\/person\/45606f348637df637192dc1b68399a63","name":"Leinewelle","image":{"@type":"ImageObject","inLanguage":"de","@id":"https:\/\/secure.gravatar.com\/avatar\/05c9a17bc973052ee5d91549bd32fb4dd0dc85b7b85ae94b2e2b4943476bbea5?s=96&d=blank&r=g","url":"https:\/\/secure.gravatar.com\/avatar\/05c9a17bc973052ee5d91549bd32fb4dd0dc85b7b85ae94b2e2b4943476bbea5?s=96&d=blank&r=g","contentUrl":"https:\/\/secure.gravatar.com\/avatar\/05c9a17bc973052ee5d91549bd32fb4dd0dc85b7b85ae94b2e2b4943476bbea5?s=96&d=blank&r=g","caption":"Leinewelle"},"sameAs":["http:\/\/localhost\/radio%20leinewelle\/wordpress","https:\/\/www.facebook.com\/radioleinewelle","https:\/\/www.instagram.com\/radioleinewelle","https:\/\/x.com\/https:\/\/twitter.com\/RLeinewelle?ref_src=twsrcgoogletwcampserptwgrauthor","https:\/\/soundcloud.com\/foerderverein-lokalradio?utm_source=clipboard&utm_medium=text&utm_campaign=social_sharing"],"url":"https:\/\/radioleinewelle.de\/index.php\/author\/leinewelle\/"}]}},"_links":{"self":[{"href":"https:\/\/radioleinewelle.de\/index.php\/wp-json\/wp\/v2\/posts\/5488","targetHints":{"allow":["GET"]}}],"collection":[{"href":"https:\/\/radioleinewelle.de\/index.php\/wp-json\/wp\/v2\/posts"}],"about":[{"href":"https:\/\/radioleinewelle.de\/index.php\/wp-json\/wp\/v2\/types\/post"}],"author":[{"embeddable":true,"href":"https:\/\/radioleinewelle.de\/index.php\/wp-json\/wp\/v2\/users\/1"}],"replies":[{"embeddable":true,"href":"https:\/\/radioleinewelle.de\/index.php\/wp-json\/wp\/v2\/comments?post=5488"}],"version-history":[{"count":0,"href":"https:\/\/radioleinewelle.de\/index.php\/wp-json\/wp\/v2\/posts\/5488\/revisions"}],"wp:featuredmedia":[{"embeddable":true,"href":"https:\/\/radioleinewelle.de\/index.php\/wp-json\/wp\/v2\/media\/5491"}],"wp:attachment":[{"href":"https:\/\/radioleinewelle.de\/index.php\/wp-json\/wp\/v2\/media?parent=5488"}],"wp:term":[{"taxonomy":"category","embeddable":true,"href":"https:\/\/radioleinewelle.de\/index.php\/wp-json\/wp\/v2\/categories?post=5488"},{"taxonomy":"post_tag","embeddable":true,"href":"https:\/\/radioleinewelle.de\/index.php\/wp-json\/wp\/v2\/tags?post=5488"}],"curies":[{"name":"wp","href":"https:\/\/api.w.org\/{rel}","templated":true}]}}