{"id":5492,"date":"2021-02-23T05:09:00","date_gmt":"2021-02-23T04:09:00","guid":{"rendered":"https:\/\/radioleinewelle.de\/?p=5492"},"modified":"2021-02-23T05:09:00","modified_gmt":"2021-02-23T04:09:00","slug":"weserradweg-trotz-pandemie-gut-genutzt","status":"publish","type":"post","link":"https:\/\/radioleinewelle.de\/index.php\/2021\/02\/23\/weserradweg-trotz-pandemie-gut-genutzt\/","title":{"rendered":"Weserradweg trotz Pandemie gut genutzt"},"content":{"rendered":"\n<p>Deutschlands beliebtester Radfernweg (ADFC-Radreiseanalyse 2020), der Weser-Radweg, wurde trotz der Corona-Pandemie im vergangenen Jahr von vielen Radlern genutzt. Das zeigen die Ergebnisse der Radz\u00e4hlstellen im Landkreis Nienburg. So wurden im Bereich Ha\u00dfbergen 29.573 Radfahrer und im Bereich des Balger Schleusenkanals 31.085 Radfahrer gez\u00e4hlt.<\/p>\n\n\n\n<p>Auf der Haupt- und der Alternativroute des Weser-Radweges fuhren in 2020 somit 60.658 Radler. Das sind rund 10.000 Radler mehr als in 2019. \u201eIm vergangenen Jahr waren coronabedingt sehr viele Einheimische und Tagestouristen auf Teilstrecken des Weser-Radweges unterwegs. Im Lockdown konnte man nicht \u00fcbernachten und einkehren\u201c, sagt Martin Fahrland, Gesch\u00e4ftsf\u00fchrer der Mittelweser-Touristik GmbH, \u201edemnach war die Wertsch\u00f6pfung nicht so hoch, wie in den vergangenen Jahren.\u201c Allein im April 2020 waren laut Z\u00e4hlstelle auf der Hauptroute 6.226 Radfahrer unterwegs \u2013 und alles war geschlossen. Der h\u00f6chste Tageswert mit 601 Radfahrern wurde an Christi Himmelfahrt (21. Mai) auf der Alternativroute gez\u00e4hlt.<\/p>\n\n\n\n<p>Die touristische Infrastruktur, wie Rad- und Wanderwege ist nat\u00fcrlich auch f\u00fcr die Einheimischen da und macht eine Region attraktiver. Gerade im vergangenen Jahr haben viele davon Gebrauch gemacht. Seit dem Jahr 2012 stehen auf der ausgezeichneten ADFC-Vier-Sterne Qualit\u00e4tsradroute an verschiedenen Standorten im Weserbergland und in der Mittelweser-Region automatische Radz\u00e4hlger\u00e4te. Diese k\u00f6nnen zwischen PKW und Fahrrad unterscheiden, so dass nur die Radler erfasst werden. Sie sind fest installiert und liefern permanent Daten. Strom kommt von einem Solarpanel.<\/p>\n\n\n\n<p>Das Nienburger Radz\u00e4hlger\u00e4t stand in der Vergangenheit bereits s\u00fcdlich von Stolzenau, in der Stadt Nienburg und jetzt im Bereich Ha\u00dfbergen. Dort, wo es eine Hauptroute des Weser-Radweges und auf der gegen\u00fcberliegenden Seite eine Alternativroute gibt, wird entsprechend auf beiden Seiten gez\u00e4hlt. Auf der Alternativroute steht dann mehrmals im Jahr \u00fcber einen l\u00e4ngeren Zeitraum eine mobile Z\u00e4hlstelle. Aus den ermittelten Daten k\u00f6nnen Jahreswerte errechnet werden. Die Radz\u00e4hlung erfolgt mittels moderner Radartechnologie und wird online erfasst.<\/p>\n\n\n\n<p>In den vergangenen vier Jahren hat die Radz\u00e4hlstelle auf der Hauptroute (HR) des Weser-Radweges im Bereich der Fischteiche in Ha\u00dfbergen (rechte\/\u00f6stliche Weserseite) und die mobile Z\u00e4hlstelle auf der Alternativroute (AR) im Bereich des Schleusenkanals in Balge (linke\/westliche Weserseite) folgendes Radaufkommen ermittelt:<\/p>\n\n\n\n<ul class=\"wp-block-list\"><li><strong>2017:<\/strong>&nbsp;6.400 HR; 25.500 AR<\/li><li>Zusammen: 31.900<\/li><li><strong>2018:&nbsp;<\/strong>15.600 HR; 25.800 AR<\/li><li>Zusammen: 41.400<\/li><li><strong>2019:<\/strong>&nbsp;21.599 HR;&nbsp;&nbsp;29.055 AR<\/li><li>Zusammen: 50.654<\/li><li><strong>2020:<\/strong>&nbsp;29.573 HR; 31.085 AR<\/li><li>Zusammen: 60.658<\/li><\/ul>\n\n\n\n<p>\u201eDie Z\u00e4hlstellen sind Bestandteil der Qualit\u00e4tsoffensive f\u00fcr den Weser-Radweg. In den vergangenen Jahren ist die Zahl der Radler auf Haupt- und Alternativroute des Weser-Radweges deutlich gestiegen. Zum Vergleich: 2012 wurden s\u00fcdlich von Stolzenau &#8211; hier gibt es nur eine Routenf\u00fchrung &#8211; 28.500 Radfahrer gez\u00e4hlt\u201c, freut sich Fahrland abschlie\u00dfend. In diesem Jahr \u201ewandert\u201c die Z\u00e4hlstelle weiter nach Norden und z\u00e4hlt die Radler auf dem Weser-Radweg in der Grafschaft Hoya. Weitere Informationen zum Radfahren und zum Weser-Radweg unter&nbsp;<a href=\"https:\/\/www.weserradweg-info.de\/de\/\" target=\"_blank\" rel=\"noreferrer noopener\">www.weserradweg-info.de<\/a>&nbsp;und&nbsp;<a href=\"https:\/\/www.mittelweser-tourismus.de\/\" target=\"_blank\" rel=\"noreferrer noopener\">www.mittelweser-tourismus.de<\/a>.<\/p>\n","protected":false},"excerpt":{"rendered":"<p>Deutschlands beliebtester Radfernweg (ADFC-Radreiseanalyse 2020), der Weser-Radweg, wurde trotz der Corona-Pandemie im vergangenen Jahr von vielen Radlern genutzt. Das zeigen die Ergebnisse der Radz\u00e4hlstellen im Landkreis Nienburg. So wurden im Bereich Ha\u00dfbergen 29.573 Radfahrer und im Bereich des Balger Schleusenkanals 31.085 Radfahrer gez\u00e4hlt. Auf der Haupt- und der Alternativroute des Weser-Radweges fuhren in 2020 somit [&hellip;]<\/p>\n","protected":false},"author":1,"featured_media":0,"comment_status":"closed","ping_status":"closed","sticky":false,"template":"","format":"standard","meta":{"saved_in_kubio":false,"footnotes":""},"categories":[42],"tags":[],"class_list":["post-5492","post","type-post","status-publish","format-standard","hentry","category-regionaler-tourismus"],"yoast_head":"<!-- This site is optimized with the Yoast SEO plugin v27.5 - https:\/\/yoast.com\/product\/yoast-seo-wordpress\/ -->\n<title>Weserradweg trotz Pandemie gut genutzt - Radio Leinewelle<\/title>\n<meta name=\"robots\" content=\"index, follow, max-snippet:-1, max-image-preview:large, max-video-preview:-1\" \/>\n<link rel=\"canonical\" href=\"https:\/\/radioleinewelle.de\/index.php\/2021\/02\/23\/weserradweg-trotz-pandemie-gut-genutzt\/\" \/>\n<meta property=\"og:locale\" content=\"de_DE\" \/>\n<meta property=\"og:type\" content=\"article\" \/>\n<meta property=\"og:title\" content=\"Weserradweg trotz Pandemie gut genutzt - Radio Leinewelle\" \/>\n<meta property=\"og:description\" content=\"Deutschlands beliebtester Radfernweg (ADFC-Radreiseanalyse 2020), der Weser-Radweg, wurde trotz der Corona-Pandemie im vergangenen Jahr von vielen Radlern genutzt. Das zeigen die Ergebnisse der Radz\u00e4hlstellen im Landkreis Nienburg. So wurden im Bereich Ha\u00dfbergen 29.573 Radfahrer und im Bereich des Balger Schleusenkanals 31.085 Radfahrer gez\u00e4hlt. Auf der Haupt- und der Alternativroute des Weser-Radweges fuhren in 2020 somit [&hellip;]\" \/>\n<meta property=\"og:url\" content=\"https:\/\/radioleinewelle.de\/index.php\/2021\/02\/23\/weserradweg-trotz-pandemie-gut-genutzt\/\" \/>\n<meta property=\"og:site_name\" content=\"Radio Leinewelle\" \/>\n<meta property=\"article:publisher\" content=\"https:\/\/www.facebook.com\/radioleinewelle\" \/>\n<meta property=\"article:author\" content=\"https:\/\/www.facebook.com\/radioleinewelle\" \/>\n<meta property=\"article:published_time\" content=\"2021-02-23T04:09:00+00:00\" \/>\n<meta name=\"author\" content=\"Leinewelle\" \/>\n<meta name=\"twitter:card\" content=\"summary_large_image\" \/>\n<meta name=\"twitter:creator\" content=\"@https:\/\/twitter.com\/RLeinewelle?ref_src=twsrcgoogletwcampserptwgrauthor\" \/>\n<meta name=\"twitter:site\" content=\"@RLeinewelle\" \/>\n<meta name=\"twitter:label1\" content=\"Verfasst von\" \/>\n\t<meta name=\"twitter:data1\" content=\"Leinewelle\" \/>\n\t<meta name=\"twitter:label2\" content=\"Gesch\u00e4tzte Lesezeit\" \/>\n\t<meta name=\"twitter:data2\" content=\"2\u00a0Minuten\" \/>\n<script type=\"application\/ld+json\" class=\"yoast-schema-graph\">{\"@context\":\"https:\\\/\\\/schema.org\",\"@graph\":[{\"@type\":\"Article\",\"@id\":\"https:\\\/\\\/radioleinewelle.de\\\/index.php\\\/2021\\\/02\\\/23\\\/weserradweg-trotz-pandemie-gut-genutzt\\\/#article\",\"isPartOf\":{\"@id\":\"https:\\\/\\\/radioleinewelle.de\\\/index.php\\\/2021\\\/02\\\/23\\\/weserradweg-trotz-pandemie-gut-genutzt\\\/\"},\"author\":{\"name\":\"Leinewelle\",\"@id\":\"https:\\\/\\\/radioleinewelle.de\\\/#\\\/schema\\\/person\\\/45606f348637df637192dc1b68399a63\"},\"headline\":\"Weserradweg trotz Pandemie gut genutzt\",\"datePublished\":\"2021-02-23T04:09:00+00:00\",\"mainEntityOfPage\":{\"@id\":\"https:\\\/\\\/radioleinewelle.de\\\/index.php\\\/2021\\\/02\\\/23\\\/weserradweg-trotz-pandemie-gut-genutzt\\\/\"},\"wordCount\":466,\"publisher\":{\"@id\":\"https:\\\/\\\/radioleinewelle.de\\\/#organization\"},\"articleSection\":[\"Regionaler Tourismus\"],\"inLanguage\":\"de\"},{\"@type\":\"WebPage\",\"@id\":\"https:\\\/\\\/radioleinewelle.de\\\/index.php\\\/2021\\\/02\\\/23\\\/weserradweg-trotz-pandemie-gut-genutzt\\\/\",\"url\":\"https:\\\/\\\/radioleinewelle.de\\\/index.php\\\/2021\\\/02\\\/23\\\/weserradweg-trotz-pandemie-gut-genutzt\\\/\",\"name\":\"Weserradweg trotz Pandemie gut genutzt - Radio Leinewelle\",\"isPartOf\":{\"@id\":\"https:\\\/\\\/radioleinewelle.de\\\/#website\"},\"datePublished\":\"2021-02-23T04:09:00+00:00\",\"breadcrumb\":{\"@id\":\"https:\\\/\\\/radioleinewelle.de\\\/index.php\\\/2021\\\/02\\\/23\\\/weserradweg-trotz-pandemie-gut-genutzt\\\/#breadcrumb\"},\"inLanguage\":\"de\",\"potentialAction\":[{\"@type\":\"ReadAction\",\"target\":[\"https:\\\/\\\/radioleinewelle.de\\\/index.php\\\/2021\\\/02\\\/23\\\/weserradweg-trotz-pandemie-gut-genutzt\\\/\"]}]},{\"@type\":\"BreadcrumbList\",\"@id\":\"https:\\\/\\\/radioleinewelle.de\\\/index.php\\\/2021\\\/02\\\/23\\\/weserradweg-trotz-pandemie-gut-genutzt\\\/#breadcrumb\",\"itemListElement\":[{\"@type\":\"ListItem\",\"position\":1,\"name\":\"Startseite\",\"item\":\"https:\\\/\\\/radioleinewelle.de\\\/\"},{\"@type\":\"ListItem\",\"position\":2,\"name\":\"Weserradweg trotz Pandemie gut genutzt\"}]},{\"@type\":\"WebSite\",\"@id\":\"https:\\\/\\\/radioleinewelle.de\\\/#website\",\"url\":\"https:\\\/\\\/radioleinewelle.de\\\/\",\"name\":\"Radio Leinewelle\",\"description\":\"\",\"publisher\":{\"@id\":\"https:\\\/\\\/radioleinewelle.de\\\/#organization\"},\"potentialAction\":[{\"@type\":\"SearchAction\",\"target\":{\"@type\":\"EntryPoint\",\"urlTemplate\":\"https:\\\/\\\/radioleinewelle.de\\\/?s={search_term_string}\"},\"query-input\":{\"@type\":\"PropertyValueSpecification\",\"valueRequired\":true,\"valueName\":\"search_term_string\"}}],\"inLanguage\":\"de\"},{\"@type\":\"Organization\",\"@id\":\"https:\\\/\\\/radioleinewelle.de\\\/#organization\",\"name\":\"Radio Leinewelle\",\"alternateName\":\"Mein Radio f\u00fcr S\u00fcdniedersachsen\",\"url\":\"https:\\\/\\\/radioleinewelle.de\\\/\",\"logo\":{\"@type\":\"ImageObject\",\"inLanguage\":\"de\",\"@id\":\"https:\\\/\\\/radioleinewelle.de\\\/#\\\/schema\\\/logo\\\/image\\\/\",\"url\":\"https:\\\/\\\/radioleinewelle.de\\\/wp-content\\\/uploads\\\/2023\\\/11\\\/cropped-Leinewelle_Logo_weiss.png\",\"contentUrl\":\"https:\\\/\\\/radioleinewelle.de\\\/wp-content\\\/uploads\\\/2023\\\/11\\\/cropped-Leinewelle_Logo_weiss.png\",\"width\":854,\"height\":260,\"caption\":\"Radio Leinewelle\"},\"image\":{\"@id\":\"https:\\\/\\\/radioleinewelle.de\\\/#\\\/schema\\\/logo\\\/image\\\/\"},\"sameAs\":[\"https:\\\/\\\/www.facebook.com\\\/radioleinewelle\",\"https:\\\/\\\/x.com\\\/RLeinewelle\",\"https:\\\/\\\/www.instagram.com\\\/radioleinewelle\\\/?hl=de\"]},{\"@type\":\"Person\",\"@id\":\"https:\\\/\\\/radioleinewelle.de\\\/#\\\/schema\\\/person\\\/45606f348637df637192dc1b68399a63\",\"name\":\"Leinewelle\",\"image\":{\"@type\":\"ImageObject\",\"inLanguage\":\"de\",\"@id\":\"https:\\\/\\\/secure.gravatar.com\\\/avatar\\\/05c9a17bc973052ee5d91549bd32fb4dd0dc85b7b85ae94b2e2b4943476bbea5?s=96&d=blank&r=g\",\"url\":\"https:\\\/\\\/secure.gravatar.com\\\/avatar\\\/05c9a17bc973052ee5d91549bd32fb4dd0dc85b7b85ae94b2e2b4943476bbea5?s=96&d=blank&r=g\",\"contentUrl\":\"https:\\\/\\\/secure.gravatar.com\\\/avatar\\\/05c9a17bc973052ee5d91549bd32fb4dd0dc85b7b85ae94b2e2b4943476bbea5?s=96&d=blank&r=g\",\"caption\":\"Leinewelle\"},\"sameAs\":[\"http:\\\/\\\/localhost\\\/radio%20leinewelle\\\/wordpress\",\"https:\\\/\\\/www.facebook.com\\\/radioleinewelle\",\"https:\\\/\\\/www.instagram.com\\\/radioleinewelle\",\"https:\\\/\\\/x.com\\\/https:\\\/\\\/twitter.com\\\/RLeinewelle?ref_src=twsrcgoogletwcampserptwgrauthor\",\"https:\\\/\\\/soundcloud.com\\\/foerderverein-lokalradio?utm_source=clipboard&utm_medium=text&utm_campaign=social_sharing\"],\"url\":\"https:\\\/\\\/radioleinewelle.de\\\/index.php\\\/author\\\/leinewelle\\\/\"}]}<\/script>\n<!-- \/ Yoast SEO plugin. -->","yoast_head_json":{"title":"Weserradweg trotz Pandemie gut genutzt - Radio Leinewelle","robots":{"index":"index","follow":"follow","max-snippet":"max-snippet:-1","max-image-preview":"max-image-preview:large","max-video-preview":"max-video-preview:-1"},"canonical":"https:\/\/radioleinewelle.de\/index.php\/2021\/02\/23\/weserradweg-trotz-pandemie-gut-genutzt\/","og_locale":"de_DE","og_type":"article","og_title":"Weserradweg trotz Pandemie gut genutzt - Radio Leinewelle","og_description":"Deutschlands beliebtester Radfernweg (ADFC-Radreiseanalyse 2020), der Weser-Radweg, wurde trotz der Corona-Pandemie im vergangenen Jahr von vielen Radlern genutzt. Das zeigen die Ergebnisse der Radz\u00e4hlstellen im Landkreis Nienburg. So wurden im Bereich Ha\u00dfbergen 29.573 Radfahrer und im Bereich des Balger Schleusenkanals 31.085 Radfahrer gez\u00e4hlt. Auf der Haupt- und der Alternativroute des Weser-Radweges fuhren in 2020 somit [&hellip;]","og_url":"https:\/\/radioleinewelle.de\/index.php\/2021\/02\/23\/weserradweg-trotz-pandemie-gut-genutzt\/","og_site_name":"Radio Leinewelle","article_publisher":"https:\/\/www.facebook.com\/radioleinewelle","article_author":"https:\/\/www.facebook.com\/radioleinewelle","article_published_time":"2021-02-23T04:09:00+00:00","author":"Leinewelle","twitter_card":"summary_large_image","twitter_creator":"@https:\/\/twitter.com\/RLeinewelle?ref_src=twsrcgoogletwcampserptwgrauthor","twitter_site":"@RLeinewelle","twitter_misc":{"Verfasst von":"Leinewelle","Gesch\u00e4tzte Lesezeit":"2\u00a0Minuten"},"schema":{"@context":"https:\/\/schema.org","@graph":[{"@type":"Article","@id":"https:\/\/radioleinewelle.de\/index.php\/2021\/02\/23\/weserradweg-trotz-pandemie-gut-genutzt\/#article","isPartOf":{"@id":"https:\/\/radioleinewelle.de\/index.php\/2021\/02\/23\/weserradweg-trotz-pandemie-gut-genutzt\/"},"author":{"name":"Leinewelle","@id":"https:\/\/radioleinewelle.de\/#\/schema\/person\/45606f348637df637192dc1b68399a63"},"headline":"Weserradweg trotz Pandemie gut genutzt","datePublished":"2021-02-23T04:09:00+00:00","mainEntityOfPage":{"@id":"https:\/\/radioleinewelle.de\/index.php\/2021\/02\/23\/weserradweg-trotz-pandemie-gut-genutzt\/"},"wordCount":466,"publisher":{"@id":"https:\/\/radioleinewelle.de\/#organization"},"articleSection":["Regionaler Tourismus"],"inLanguage":"de"},{"@type":"WebPage","@id":"https:\/\/radioleinewelle.de\/index.php\/2021\/02\/23\/weserradweg-trotz-pandemie-gut-genutzt\/","url":"https:\/\/radioleinewelle.de\/index.php\/2021\/02\/23\/weserradweg-trotz-pandemie-gut-genutzt\/","name":"Weserradweg trotz Pandemie gut genutzt - Radio Leinewelle","isPartOf":{"@id":"https:\/\/radioleinewelle.de\/#website"},"datePublished":"2021-02-23T04:09:00+00:00","breadcrumb":{"@id":"https:\/\/radioleinewelle.de\/index.php\/2021\/02\/23\/weserradweg-trotz-pandemie-gut-genutzt\/#breadcrumb"},"inLanguage":"de","potentialAction":[{"@type":"ReadAction","target":["https:\/\/radioleinewelle.de\/index.php\/2021\/02\/23\/weserradweg-trotz-pandemie-gut-genutzt\/"]}]},{"@type":"BreadcrumbList","@id":"https:\/\/radioleinewelle.de\/index.php\/2021\/02\/23\/weserradweg-trotz-pandemie-gut-genutzt\/#breadcrumb","itemListElement":[{"@type":"ListItem","position":1,"name":"Startseite","item":"https:\/\/radioleinewelle.de\/"},{"@type":"ListItem","position":2,"name":"Weserradweg trotz Pandemie gut genutzt"}]},{"@type":"WebSite","@id":"https:\/\/radioleinewelle.de\/#website","url":"https:\/\/radioleinewelle.de\/","name":"Radio Leinewelle","description":"","publisher":{"@id":"https:\/\/radioleinewelle.de\/#organization"},"potentialAction":[{"@type":"SearchAction","target":{"@type":"EntryPoint","urlTemplate":"https:\/\/radioleinewelle.de\/?s={search_term_string}"},"query-input":{"@type":"PropertyValueSpecification","valueRequired":true,"valueName":"search_term_string"}}],"inLanguage":"de"},{"@type":"Organization","@id":"https:\/\/radioleinewelle.de\/#organization","name":"Radio Leinewelle","alternateName":"Mein Radio f\u00fcr S\u00fcdniedersachsen","url":"https:\/\/radioleinewelle.de\/","logo":{"@type":"ImageObject","inLanguage":"de","@id":"https:\/\/radioleinewelle.de\/#\/schema\/logo\/image\/","url":"https:\/\/radioleinewelle.de\/wp-content\/uploads\/2023\/11\/cropped-Leinewelle_Logo_weiss.png","contentUrl":"https:\/\/radioleinewelle.de\/wp-content\/uploads\/2023\/11\/cropped-Leinewelle_Logo_weiss.png","width":854,"height":260,"caption":"Radio Leinewelle"},"image":{"@id":"https:\/\/radioleinewelle.de\/#\/schema\/logo\/image\/"},"sameAs":["https:\/\/www.facebook.com\/radioleinewelle","https:\/\/x.com\/RLeinewelle","https:\/\/www.instagram.com\/radioleinewelle\/?hl=de"]},{"@type":"Person","@id":"https:\/\/radioleinewelle.de\/#\/schema\/person\/45606f348637df637192dc1b68399a63","name":"Leinewelle","image":{"@type":"ImageObject","inLanguage":"de","@id":"https:\/\/secure.gravatar.com\/avatar\/05c9a17bc973052ee5d91549bd32fb4dd0dc85b7b85ae94b2e2b4943476bbea5?s=96&d=blank&r=g","url":"https:\/\/secure.gravatar.com\/avatar\/05c9a17bc973052ee5d91549bd32fb4dd0dc85b7b85ae94b2e2b4943476bbea5?s=96&d=blank&r=g","contentUrl":"https:\/\/secure.gravatar.com\/avatar\/05c9a17bc973052ee5d91549bd32fb4dd0dc85b7b85ae94b2e2b4943476bbea5?s=96&d=blank&r=g","caption":"Leinewelle"},"sameAs":["http:\/\/localhost\/radio%20leinewelle\/wordpress","https:\/\/www.facebook.com\/radioleinewelle","https:\/\/www.instagram.com\/radioleinewelle","https:\/\/x.com\/https:\/\/twitter.com\/RLeinewelle?ref_src=twsrcgoogletwcampserptwgrauthor","https:\/\/soundcloud.com\/foerderverein-lokalradio?utm_source=clipboard&utm_medium=text&utm_campaign=social_sharing"],"url":"https:\/\/radioleinewelle.de\/index.php\/author\/leinewelle\/"}]}},"_links":{"self":[{"href":"https:\/\/radioleinewelle.de\/index.php\/wp-json\/wp\/v2\/posts\/5492","targetHints":{"allow":["GET"]}}],"collection":[{"href":"https:\/\/radioleinewelle.de\/index.php\/wp-json\/wp\/v2\/posts"}],"about":[{"href":"https:\/\/radioleinewelle.de\/index.php\/wp-json\/wp\/v2\/types\/post"}],"author":[{"embeddable":true,"href":"https:\/\/radioleinewelle.de\/index.php\/wp-json\/wp\/v2\/users\/1"}],"replies":[{"embeddable":true,"href":"https:\/\/radioleinewelle.de\/index.php\/wp-json\/wp\/v2\/comments?post=5492"}],"version-history":[{"count":0,"href":"https:\/\/radioleinewelle.de\/index.php\/wp-json\/wp\/v2\/posts\/5492\/revisions"}],"wp:attachment":[{"href":"https:\/\/radioleinewelle.de\/index.php\/wp-json\/wp\/v2\/media?parent=5492"}],"wp:term":[{"taxonomy":"category","embeddable":true,"href":"https:\/\/radioleinewelle.de\/index.php\/wp-json\/wp\/v2\/categories?post=5492"},{"taxonomy":"post_tag","embeddable":true,"href":"https:\/\/radioleinewelle.de\/index.php\/wp-json\/wp\/v2\/tags?post=5492"}],"curies":[{"name":"wp","href":"https:\/\/api.w.org\/{rel}","templated":true}]}}