{"id":5498,"date":"2021-02-23T05:21:00","date_gmt":"2021-02-23T04:21:00","guid":{"rendered":"https:\/\/radioleinewelle.de\/?p=5498"},"modified":"2021-02-23T05:21:00","modified_gmt":"2021-02-23T04:21:00","slug":"universitaet-goettingen-organisiert-dezentrale-und-digitale-landesrunde-der-mathematik-olympiade","status":"publish","type":"post","link":"https:\/\/radioleinewelle.de\/index.php\/2021\/02\/23\/universitaet-goettingen-organisiert-dezentrale-und-digitale-landesrunde-der-mathematik-olympiade\/","title":{"rendered":"Universit\u00e4t G\u00f6ttingen organisiert dezentrale und digitale Landesrunde der Mathematik-Olympiade"},"content":{"rendered":"\n<p>(pug) Rund 300 Sch\u00fclerinnen und Sch\u00fcler aus ganz Niedersachsen haben sich zur diesj\u00e4hrigen Landesrunde der Mathematik-Olympiade qualifiziert. Pandemiebedingt wurde der Knobelwettstreit in diesem Jahr von den Studierenden, Mitarbeiterinnen und Mitarbeitern der Fakult\u00e4t f\u00fcr Mathematik und Informatik der Universit\u00e4t G\u00f6ttingen im neuen Format organisiert. So schreiben die Teilnehmenden ihre Klausuren dezentral am Schreibtisch zu Hause oder in der Heimatschule. Die Preisverleihung wird digital \u00fcbertragen. Die Besten aus den Klassenstufen f\u00fcnf bis 13 erhalten Preise und Medaillen; 13 herausragende Jugendliche ab Klasse acht nehmen an der Bundesrunde teil. Die Veranstaltung findet vom 25. bis 28. Februar 2021 statt. Die Ergebnisse sind ab dem 1. M\u00e4rz im Internet unter&nbsp;<a href=\"https:\/\/www.mo-ni.de\/\" rel=\"noreferrer noopener\" target=\"_blank\">www.mo-ni.de<\/a>&nbsp;zu finden.<\/p>\n\n\n\n<p>Die Mathe-Olympionikinnen und -Olympioniken haben sich \u00fcber zwei Runden aus rund 5.000 Teilnehmenden qualifiziert. Nun m\u00fcssen sie in zwei jeweils vierst\u00fcndigen Klausuren knifflige Aufgaben mit logischem Denken, Kombinationsf\u00e4higkeit und Kreativit\u00e4t l\u00f6sen. Ihre Arbeiten werden von Studierenden und Mitarbeitenden der Fakult\u00e4t f\u00fcr Mathematik und Informatik zusammen mit 70 Lehrkr\u00e4ften korrigiert. Die traditionelle Vortrags-, Gespr\u00e4chs- und Spielrunde f\u00fcr alle Teilnehmenden am Sonnabend findet ebenso wie die Preisverleihung in diesem Jahr digital statt. Die Landesrunde der Mathematik-Olympiade wird ma\u00dfgeblich von der Stiftung NiedersachsenMetall gef\u00f6rdert.<\/p>\n","protected":false},"excerpt":{"rendered":"<p>(pug) Rund 300 Sch\u00fclerinnen und Sch\u00fcler aus ganz Niedersachsen haben sich zur diesj\u00e4hrigen Landesrunde der Mathematik-Olympiade qualifiziert. Pandemiebedingt wurde der Knobelwettstreit in diesem Jahr von den Studierenden, Mitarbeiterinnen und Mitarbeitern der Fakult\u00e4t f\u00fcr Mathematik und Informatik der Universit\u00e4t G\u00f6ttingen im neuen Format organisiert. So schreiben die Teilnehmenden ihre Klausuren dezentral am Schreibtisch zu Hause oder [&hellip;]<\/p>\n","protected":false},"author":1,"featured_media":5501,"comment_status":"closed","ping_status":"closed","sticky":false,"template":"","format":"standard","meta":{"saved_in_kubio":false,"footnotes":""},"categories":[35],"tags":[],"class_list":["post-5498","post","type-post","status-publish","format-standard","has-post-thumbnail","hentry","category-universitaet"],"yoast_head":"<!-- This site is optimized with the Yoast SEO plugin v27.5 - https:\/\/yoast.com\/product\/yoast-seo-wordpress\/ -->\n<title>Universit\u00e4t G\u00f6ttingen organisiert dezentrale und digitale Landesrunde der Mathematik-Olympiade - Radio Leinewelle<\/title>\n<meta name=\"robots\" content=\"index, follow, max-snippet:-1, max-image-preview:large, max-video-preview:-1\" \/>\n<link rel=\"canonical\" href=\"https:\/\/radioleinewelle.de\/index.php\/2021\/02\/23\/universitaet-goettingen-organisiert-dezentrale-und-digitale-landesrunde-der-mathematik-olympiade\/\" \/>\n<meta property=\"og:locale\" content=\"de_DE\" \/>\n<meta property=\"og:type\" content=\"article\" \/>\n<meta property=\"og:title\" content=\"Universit\u00e4t G\u00f6ttingen organisiert dezentrale und digitale Landesrunde der Mathematik-Olympiade - Radio Leinewelle\" \/>\n<meta property=\"og:description\" content=\"(pug) Rund 300 Sch\u00fclerinnen und Sch\u00fcler aus ganz Niedersachsen haben sich zur diesj\u00e4hrigen Landesrunde der Mathematik-Olympiade qualifiziert. Pandemiebedingt wurde der Knobelwettstreit in diesem Jahr von den Studierenden, Mitarbeiterinnen und Mitarbeitern der Fakult\u00e4t f\u00fcr Mathematik und Informatik der Universit\u00e4t G\u00f6ttingen im neuen Format organisiert. So schreiben die Teilnehmenden ihre Klausuren dezentral am Schreibtisch zu Hause oder [&hellip;]\" \/>\n<meta property=\"og:url\" content=\"https:\/\/radioleinewelle.de\/index.php\/2021\/02\/23\/universitaet-goettingen-organisiert-dezentrale-und-digitale-landesrunde-der-mathematik-olympiade\/\" \/>\n<meta property=\"og:site_name\" content=\"Radio Leinewelle\" \/>\n<meta property=\"article:publisher\" content=\"https:\/\/www.facebook.com\/radioleinewelle\" \/>\n<meta property=\"article:author\" content=\"https:\/\/www.facebook.com\/radioleinewelle\" \/>\n<meta property=\"article:published_time\" content=\"2021-02-23T04:21:00+00:00\" \/>\n<meta property=\"og:image\" content=\"https:\/\/radioleinewelle.de\/wp-content\/uploads\/2021\/02\/mathematics-1509559_640.jpg\" \/>\n\t<meta property=\"og:image:width\" content=\"640\" \/>\n\t<meta property=\"og:image:height\" content=\"426\" \/>\n\t<meta property=\"og:image:type\" content=\"image\/jpeg\" \/>\n<meta name=\"author\" content=\"Leinewelle\" \/>\n<meta name=\"twitter:card\" content=\"summary_large_image\" \/>\n<meta name=\"twitter:creator\" content=\"@https:\/\/twitter.com\/RLeinewelle?ref_src=twsrcgoogletwcampserptwgrauthor\" \/>\n<meta name=\"twitter:site\" content=\"@RLeinewelle\" \/>\n<meta name=\"twitter:label1\" content=\"Verfasst von\" \/>\n\t<meta name=\"twitter:data1\" content=\"Leinewelle\" \/>\n\t<meta name=\"twitter:label2\" content=\"Gesch\u00e4tzte Lesezeit\" \/>\n\t<meta name=\"twitter:data2\" content=\"1\u00a0Minute\" \/>\n<script type=\"application\/ld+json\" class=\"yoast-schema-graph\">{\"@context\":\"https:\\\/\\\/schema.org\",\"@graph\":[{\"@type\":\"Article\",\"@id\":\"https:\\\/\\\/radioleinewelle.de\\\/index.php\\\/2021\\\/02\\\/23\\\/universitaet-goettingen-organisiert-dezentrale-und-digitale-landesrunde-der-mathematik-olympiade\\\/#article\",\"isPartOf\":{\"@id\":\"https:\\\/\\\/radioleinewelle.de\\\/index.php\\\/2021\\\/02\\\/23\\\/universitaet-goettingen-organisiert-dezentrale-und-digitale-landesrunde-der-mathematik-olympiade\\\/\"},\"author\":{\"name\":\"Leinewelle\",\"@id\":\"https:\\\/\\\/radioleinewelle.de\\\/#\\\/schema\\\/person\\\/45606f348637df637192dc1b68399a63\"},\"headline\":\"Universit\u00e4t G\u00f6ttingen organisiert dezentrale und digitale Landesrunde der Mathematik-Olympiade\",\"datePublished\":\"2021-02-23T04:21:00+00:00\",\"mainEntityOfPage\":{\"@id\":\"https:\\\/\\\/radioleinewelle.de\\\/index.php\\\/2021\\\/02\\\/23\\\/universitaet-goettingen-organisiert-dezentrale-und-digitale-landesrunde-der-mathematik-olympiade\\\/\"},\"wordCount\":217,\"publisher\":{\"@id\":\"https:\\\/\\\/radioleinewelle.de\\\/#organization\"},\"image\":{\"@id\":\"https:\\\/\\\/radioleinewelle.de\\\/index.php\\\/2021\\\/02\\\/23\\\/universitaet-goettingen-organisiert-dezentrale-und-digitale-landesrunde-der-mathematik-olympiade\\\/#primaryimage\"},\"thumbnailUrl\":\"https:\\\/\\\/radioleinewelle.de\\\/wp-content\\\/uploads\\\/2021\\\/02\\\/mathematics-1509559_640.jpg\",\"articleSection\":[\"Universit\u00e4t\"],\"inLanguage\":\"de\"},{\"@type\":\"WebPage\",\"@id\":\"https:\\\/\\\/radioleinewelle.de\\\/index.php\\\/2021\\\/02\\\/23\\\/universitaet-goettingen-organisiert-dezentrale-und-digitale-landesrunde-der-mathematik-olympiade\\\/\",\"url\":\"https:\\\/\\\/radioleinewelle.de\\\/index.php\\\/2021\\\/02\\\/23\\\/universitaet-goettingen-organisiert-dezentrale-und-digitale-landesrunde-der-mathematik-olympiade\\\/\",\"name\":\"Universit\u00e4t G\u00f6ttingen organisiert dezentrale und digitale Landesrunde der Mathematik-Olympiade - Radio Leinewelle\",\"isPartOf\":{\"@id\":\"https:\\\/\\\/radioleinewelle.de\\\/#website\"},\"primaryImageOfPage\":{\"@id\":\"https:\\\/\\\/radioleinewelle.de\\\/index.php\\\/2021\\\/02\\\/23\\\/universitaet-goettingen-organisiert-dezentrale-und-digitale-landesrunde-der-mathematik-olympiade\\\/#primaryimage\"},\"image\":{\"@id\":\"https:\\\/\\\/radioleinewelle.de\\\/index.php\\\/2021\\\/02\\\/23\\\/universitaet-goettingen-organisiert-dezentrale-und-digitale-landesrunde-der-mathematik-olympiade\\\/#primaryimage\"},\"thumbnailUrl\":\"https:\\\/\\\/radioleinewelle.de\\\/wp-content\\\/uploads\\\/2021\\\/02\\\/mathematics-1509559_640.jpg\",\"datePublished\":\"2021-02-23T04:21:00+00:00\",\"breadcrumb\":{\"@id\":\"https:\\\/\\\/radioleinewelle.de\\\/index.php\\\/2021\\\/02\\\/23\\\/universitaet-goettingen-organisiert-dezentrale-und-digitale-landesrunde-der-mathematik-olympiade\\\/#breadcrumb\"},\"inLanguage\":\"de\",\"potentialAction\":[{\"@type\":\"ReadAction\",\"target\":[\"https:\\\/\\\/radioleinewelle.de\\\/index.php\\\/2021\\\/02\\\/23\\\/universitaet-goettingen-organisiert-dezentrale-und-digitale-landesrunde-der-mathematik-olympiade\\\/\"]}]},{\"@type\":\"ImageObject\",\"inLanguage\":\"de\",\"@id\":\"https:\\\/\\\/radioleinewelle.de\\\/index.php\\\/2021\\\/02\\\/23\\\/universitaet-goettingen-organisiert-dezentrale-und-digitale-landesrunde-der-mathematik-olympiade\\\/#primaryimage\",\"url\":\"https:\\\/\\\/radioleinewelle.de\\\/wp-content\\\/uploads\\\/2021\\\/02\\\/mathematics-1509559_640.jpg\",\"contentUrl\":\"https:\\\/\\\/radioleinewelle.de\\\/wp-content\\\/uploads\\\/2021\\\/02\\\/mathematics-1509559_640.jpg\",\"width\":640,\"height\":426},{\"@type\":\"BreadcrumbList\",\"@id\":\"https:\\\/\\\/radioleinewelle.de\\\/index.php\\\/2021\\\/02\\\/23\\\/universitaet-goettingen-organisiert-dezentrale-und-digitale-landesrunde-der-mathematik-olympiade\\\/#breadcrumb\",\"itemListElement\":[{\"@type\":\"ListItem\",\"position\":1,\"name\":\"Startseite\",\"item\":\"https:\\\/\\\/radioleinewelle.de\\\/\"},{\"@type\":\"ListItem\",\"position\":2,\"name\":\"Universit\u00e4t G\u00f6ttingen organisiert dezentrale und digitale Landesrunde der Mathematik-Olympiade\"}]},{\"@type\":\"WebSite\",\"@id\":\"https:\\\/\\\/radioleinewelle.de\\\/#website\",\"url\":\"https:\\\/\\\/radioleinewelle.de\\\/\",\"name\":\"Radio Leinewelle\",\"description\":\"\",\"publisher\":{\"@id\":\"https:\\\/\\\/radioleinewelle.de\\\/#organization\"},\"potentialAction\":[{\"@type\":\"SearchAction\",\"target\":{\"@type\":\"EntryPoint\",\"urlTemplate\":\"https:\\\/\\\/radioleinewelle.de\\\/?s={search_term_string}\"},\"query-input\":{\"@type\":\"PropertyValueSpecification\",\"valueRequired\":true,\"valueName\":\"search_term_string\"}}],\"inLanguage\":\"de\"},{\"@type\":\"Organization\",\"@id\":\"https:\\\/\\\/radioleinewelle.de\\\/#organization\",\"name\":\"Radio Leinewelle\",\"alternateName\":\"Mein Radio f\u00fcr S\u00fcdniedersachsen\",\"url\":\"https:\\\/\\\/radioleinewelle.de\\\/\",\"logo\":{\"@type\":\"ImageObject\",\"inLanguage\":\"de\",\"@id\":\"https:\\\/\\\/radioleinewelle.de\\\/#\\\/schema\\\/logo\\\/image\\\/\",\"url\":\"https:\\\/\\\/radioleinewelle.de\\\/wp-content\\\/uploads\\\/2023\\\/11\\\/cropped-Leinewelle_Logo_weiss.png\",\"contentUrl\":\"https:\\\/\\\/radioleinewelle.de\\\/wp-content\\\/uploads\\\/2023\\\/11\\\/cropped-Leinewelle_Logo_weiss.png\",\"width\":854,\"height\":260,\"caption\":\"Radio Leinewelle\"},\"image\":{\"@id\":\"https:\\\/\\\/radioleinewelle.de\\\/#\\\/schema\\\/logo\\\/image\\\/\"},\"sameAs\":[\"https:\\\/\\\/www.facebook.com\\\/radioleinewelle\",\"https:\\\/\\\/x.com\\\/RLeinewelle\",\"https:\\\/\\\/www.instagram.com\\\/radioleinewelle\\\/?hl=de\"]},{\"@type\":\"Person\",\"@id\":\"https:\\\/\\\/radioleinewelle.de\\\/#\\\/schema\\\/person\\\/45606f348637df637192dc1b68399a63\",\"name\":\"Leinewelle\",\"image\":{\"@type\":\"ImageObject\",\"inLanguage\":\"de\",\"@id\":\"https:\\\/\\\/secure.gravatar.com\\\/avatar\\\/05c9a17bc973052ee5d91549bd32fb4dd0dc85b7b85ae94b2e2b4943476bbea5?s=96&d=blank&r=g\",\"url\":\"https:\\\/\\\/secure.gravatar.com\\\/avatar\\\/05c9a17bc973052ee5d91549bd32fb4dd0dc85b7b85ae94b2e2b4943476bbea5?s=96&d=blank&r=g\",\"contentUrl\":\"https:\\\/\\\/secure.gravatar.com\\\/avatar\\\/05c9a17bc973052ee5d91549bd32fb4dd0dc85b7b85ae94b2e2b4943476bbea5?s=96&d=blank&r=g\",\"caption\":\"Leinewelle\"},\"sameAs\":[\"http:\\\/\\\/localhost\\\/radio%20leinewelle\\\/wordpress\",\"https:\\\/\\\/www.facebook.com\\\/radioleinewelle\",\"https:\\\/\\\/www.instagram.com\\\/radioleinewelle\",\"https:\\\/\\\/x.com\\\/https:\\\/\\\/twitter.com\\\/RLeinewelle?ref_src=twsrcgoogletwcampserptwgrauthor\",\"https:\\\/\\\/soundcloud.com\\\/foerderverein-lokalradio?utm_source=clipboard&utm_medium=text&utm_campaign=social_sharing\"],\"url\":\"https:\\\/\\\/radioleinewelle.de\\\/index.php\\\/author\\\/leinewelle\\\/\"}]}<\/script>\n<!-- \/ Yoast SEO plugin. -->","yoast_head_json":{"title":"Universit\u00e4t G\u00f6ttingen organisiert dezentrale und digitale Landesrunde der Mathematik-Olympiade - Radio Leinewelle","robots":{"index":"index","follow":"follow","max-snippet":"max-snippet:-1","max-image-preview":"max-image-preview:large","max-video-preview":"max-video-preview:-1"},"canonical":"https:\/\/radioleinewelle.de\/index.php\/2021\/02\/23\/universitaet-goettingen-organisiert-dezentrale-und-digitale-landesrunde-der-mathematik-olympiade\/","og_locale":"de_DE","og_type":"article","og_title":"Universit\u00e4t G\u00f6ttingen organisiert dezentrale und digitale Landesrunde der Mathematik-Olympiade - Radio Leinewelle","og_description":"(pug) Rund 300 Sch\u00fclerinnen und Sch\u00fcler aus ganz Niedersachsen haben sich zur diesj\u00e4hrigen Landesrunde der Mathematik-Olympiade qualifiziert. Pandemiebedingt wurde der Knobelwettstreit in diesem Jahr von den Studierenden, Mitarbeiterinnen und Mitarbeitern der Fakult\u00e4t f\u00fcr Mathematik und Informatik der Universit\u00e4t G\u00f6ttingen im neuen Format organisiert. So schreiben die Teilnehmenden ihre Klausuren dezentral am Schreibtisch zu Hause oder [&hellip;]","og_url":"https:\/\/radioleinewelle.de\/index.php\/2021\/02\/23\/universitaet-goettingen-organisiert-dezentrale-und-digitale-landesrunde-der-mathematik-olympiade\/","og_site_name":"Radio Leinewelle","article_publisher":"https:\/\/www.facebook.com\/radioleinewelle","article_author":"https:\/\/www.facebook.com\/radioleinewelle","article_published_time":"2021-02-23T04:21:00+00:00","og_image":[{"width":640,"height":426,"url":"https:\/\/radioleinewelle.de\/wp-content\/uploads\/2021\/02\/mathematics-1509559_640.jpg","type":"image\/jpeg"}],"author":"Leinewelle","twitter_card":"summary_large_image","twitter_creator":"@https:\/\/twitter.com\/RLeinewelle?ref_src=twsrcgoogletwcampserptwgrauthor","twitter_site":"@RLeinewelle","twitter_misc":{"Verfasst von":"Leinewelle","Gesch\u00e4tzte Lesezeit":"1\u00a0Minute"},"schema":{"@context":"https:\/\/schema.org","@graph":[{"@type":"Article","@id":"https:\/\/radioleinewelle.de\/index.php\/2021\/02\/23\/universitaet-goettingen-organisiert-dezentrale-und-digitale-landesrunde-der-mathematik-olympiade\/#article","isPartOf":{"@id":"https:\/\/radioleinewelle.de\/index.php\/2021\/02\/23\/universitaet-goettingen-organisiert-dezentrale-und-digitale-landesrunde-der-mathematik-olympiade\/"},"author":{"name":"Leinewelle","@id":"https:\/\/radioleinewelle.de\/#\/schema\/person\/45606f348637df637192dc1b68399a63"},"headline":"Universit\u00e4t G\u00f6ttingen organisiert dezentrale und digitale Landesrunde der Mathematik-Olympiade","datePublished":"2021-02-23T04:21:00+00:00","mainEntityOfPage":{"@id":"https:\/\/radioleinewelle.de\/index.php\/2021\/02\/23\/universitaet-goettingen-organisiert-dezentrale-und-digitale-landesrunde-der-mathematik-olympiade\/"},"wordCount":217,"publisher":{"@id":"https:\/\/radioleinewelle.de\/#organization"},"image":{"@id":"https:\/\/radioleinewelle.de\/index.php\/2021\/02\/23\/universitaet-goettingen-organisiert-dezentrale-und-digitale-landesrunde-der-mathematik-olympiade\/#primaryimage"},"thumbnailUrl":"https:\/\/radioleinewelle.de\/wp-content\/uploads\/2021\/02\/mathematics-1509559_640.jpg","articleSection":["Universit\u00e4t"],"inLanguage":"de"},{"@type":"WebPage","@id":"https:\/\/radioleinewelle.de\/index.php\/2021\/02\/23\/universitaet-goettingen-organisiert-dezentrale-und-digitale-landesrunde-der-mathematik-olympiade\/","url":"https:\/\/radioleinewelle.de\/index.php\/2021\/02\/23\/universitaet-goettingen-organisiert-dezentrale-und-digitale-landesrunde-der-mathematik-olympiade\/","name":"Universit\u00e4t G\u00f6ttingen organisiert dezentrale und digitale Landesrunde der Mathematik-Olympiade - Radio Leinewelle","isPartOf":{"@id":"https:\/\/radioleinewelle.de\/#website"},"primaryImageOfPage":{"@id":"https:\/\/radioleinewelle.de\/index.php\/2021\/02\/23\/universitaet-goettingen-organisiert-dezentrale-und-digitale-landesrunde-der-mathematik-olympiade\/#primaryimage"},"image":{"@id":"https:\/\/radioleinewelle.de\/index.php\/2021\/02\/23\/universitaet-goettingen-organisiert-dezentrale-und-digitale-landesrunde-der-mathematik-olympiade\/#primaryimage"},"thumbnailUrl":"https:\/\/radioleinewelle.de\/wp-content\/uploads\/2021\/02\/mathematics-1509559_640.jpg","datePublished":"2021-02-23T04:21:00+00:00","breadcrumb":{"@id":"https:\/\/radioleinewelle.de\/index.php\/2021\/02\/23\/universitaet-goettingen-organisiert-dezentrale-und-digitale-landesrunde-der-mathematik-olympiade\/#breadcrumb"},"inLanguage":"de","potentialAction":[{"@type":"ReadAction","target":["https:\/\/radioleinewelle.de\/index.php\/2021\/02\/23\/universitaet-goettingen-organisiert-dezentrale-und-digitale-landesrunde-der-mathematik-olympiade\/"]}]},{"@type":"ImageObject","inLanguage":"de","@id":"https:\/\/radioleinewelle.de\/index.php\/2021\/02\/23\/universitaet-goettingen-organisiert-dezentrale-und-digitale-landesrunde-der-mathematik-olympiade\/#primaryimage","url":"https:\/\/radioleinewelle.de\/wp-content\/uploads\/2021\/02\/mathematics-1509559_640.jpg","contentUrl":"https:\/\/radioleinewelle.de\/wp-content\/uploads\/2021\/02\/mathematics-1509559_640.jpg","width":640,"height":426},{"@type":"BreadcrumbList","@id":"https:\/\/radioleinewelle.de\/index.php\/2021\/02\/23\/universitaet-goettingen-organisiert-dezentrale-und-digitale-landesrunde-der-mathematik-olympiade\/#breadcrumb","itemListElement":[{"@type":"ListItem","position":1,"name":"Startseite","item":"https:\/\/radioleinewelle.de\/"},{"@type":"ListItem","position":2,"name":"Universit\u00e4t G\u00f6ttingen organisiert dezentrale und digitale Landesrunde der Mathematik-Olympiade"}]},{"@type":"WebSite","@id":"https:\/\/radioleinewelle.de\/#website","url":"https:\/\/radioleinewelle.de\/","name":"Radio Leinewelle","description":"","publisher":{"@id":"https:\/\/radioleinewelle.de\/#organization"},"potentialAction":[{"@type":"SearchAction","target":{"@type":"EntryPoint","urlTemplate":"https:\/\/radioleinewelle.de\/?s={search_term_string}"},"query-input":{"@type":"PropertyValueSpecification","valueRequired":true,"valueName":"search_term_string"}}],"inLanguage":"de"},{"@type":"Organization","@id":"https:\/\/radioleinewelle.de\/#organization","name":"Radio Leinewelle","alternateName":"Mein Radio f\u00fcr S\u00fcdniedersachsen","url":"https:\/\/radioleinewelle.de\/","logo":{"@type":"ImageObject","inLanguage":"de","@id":"https:\/\/radioleinewelle.de\/#\/schema\/logo\/image\/","url":"https:\/\/radioleinewelle.de\/wp-content\/uploads\/2023\/11\/cropped-Leinewelle_Logo_weiss.png","contentUrl":"https:\/\/radioleinewelle.de\/wp-content\/uploads\/2023\/11\/cropped-Leinewelle_Logo_weiss.png","width":854,"height":260,"caption":"Radio Leinewelle"},"image":{"@id":"https:\/\/radioleinewelle.de\/#\/schema\/logo\/image\/"},"sameAs":["https:\/\/www.facebook.com\/radioleinewelle","https:\/\/x.com\/RLeinewelle","https:\/\/www.instagram.com\/radioleinewelle\/?hl=de"]},{"@type":"Person","@id":"https:\/\/radioleinewelle.de\/#\/schema\/person\/45606f348637df637192dc1b68399a63","name":"Leinewelle","image":{"@type":"ImageObject","inLanguage":"de","@id":"https:\/\/secure.gravatar.com\/avatar\/05c9a17bc973052ee5d91549bd32fb4dd0dc85b7b85ae94b2e2b4943476bbea5?s=96&d=blank&r=g","url":"https:\/\/secure.gravatar.com\/avatar\/05c9a17bc973052ee5d91549bd32fb4dd0dc85b7b85ae94b2e2b4943476bbea5?s=96&d=blank&r=g","contentUrl":"https:\/\/secure.gravatar.com\/avatar\/05c9a17bc973052ee5d91549bd32fb4dd0dc85b7b85ae94b2e2b4943476bbea5?s=96&d=blank&r=g","caption":"Leinewelle"},"sameAs":["http:\/\/localhost\/radio%20leinewelle\/wordpress","https:\/\/www.facebook.com\/radioleinewelle","https:\/\/www.instagram.com\/radioleinewelle","https:\/\/x.com\/https:\/\/twitter.com\/RLeinewelle?ref_src=twsrcgoogletwcampserptwgrauthor","https:\/\/soundcloud.com\/foerderverein-lokalradio?utm_source=clipboard&utm_medium=text&utm_campaign=social_sharing"],"url":"https:\/\/radioleinewelle.de\/index.php\/author\/leinewelle\/"}]}},"_links":{"self":[{"href":"https:\/\/radioleinewelle.de\/index.php\/wp-json\/wp\/v2\/posts\/5498","targetHints":{"allow":["GET"]}}],"collection":[{"href":"https:\/\/radioleinewelle.de\/index.php\/wp-json\/wp\/v2\/posts"}],"about":[{"href":"https:\/\/radioleinewelle.de\/index.php\/wp-json\/wp\/v2\/types\/post"}],"author":[{"embeddable":true,"href":"https:\/\/radioleinewelle.de\/index.php\/wp-json\/wp\/v2\/users\/1"}],"replies":[{"embeddable":true,"href":"https:\/\/radioleinewelle.de\/index.php\/wp-json\/wp\/v2\/comments?post=5498"}],"version-history":[{"count":0,"href":"https:\/\/radioleinewelle.de\/index.php\/wp-json\/wp\/v2\/posts\/5498\/revisions"}],"wp:featuredmedia":[{"embeddable":true,"href":"https:\/\/radioleinewelle.de\/index.php\/wp-json\/wp\/v2\/media\/5501"}],"wp:attachment":[{"href":"https:\/\/radioleinewelle.de\/index.php\/wp-json\/wp\/v2\/media?parent=5498"}],"wp:term":[{"taxonomy":"category","embeddable":true,"href":"https:\/\/radioleinewelle.de\/index.php\/wp-json\/wp\/v2\/categories?post=5498"},{"taxonomy":"post_tag","embeddable":true,"href":"https:\/\/radioleinewelle.de\/index.php\/wp-json\/wp\/v2\/tags?post=5498"}],"curies":[{"name":"wp","href":"https:\/\/api.w.org\/{rel}","templated":true}]}}