{"id":5519,"date":"2021-02-23T13:15:00","date_gmt":"2021-02-23T12:15:00","guid":{"rendered":"https:\/\/radioleinewelle.de\/?p=5519"},"modified":"2021-02-23T13:15:00","modified_gmt":"2021-02-23T12:15:00","slug":"goettinger-integrationsrat-verurteilt-die-schaendung-der-gedenkstelle-am-goettinger-gaenseliesel","status":"publish","type":"post","link":"https:\/\/radioleinewelle.de\/index.php\/2021\/02\/23\/goettinger-integrationsrat-verurteilt-die-schaendung-der-gedenkstelle-am-goettinger-gaenseliesel\/","title":{"rendered":"G\u00f6ttinger Integrationsrat verurteilt die Sch\u00e4ndung der &#8222;Gedenkstelle&#8220; am G\u00f6ttinger G\u00e4nseliesel"},"content":{"rendered":"\n<p>Zum Gedenken an den rassistischen Anschlag in Hanau, der Ermordung von neun Menschen mit Migrationshintergrund hatte der Integrationsrat G\u00f6ttingen und viele anderen Initiativen aus G\u00f6ttingen zu einer Kundgebung am 19. Februar aufgerufen, der rund 1.000 Menschen gefolgt waren. Ihre menschenverachtende Gesinnung haben Unbekannte gezeigt, die in der Nacht von Freitag auf Sonnabend die \u201eGedenkst\u00e4tte\u201c am G\u00f6ttinger G\u00e4nseliesl zerst\u00f6rt haben. Sie zeigen: Hanau ist \u00fcberall!<\/p>\n\n\n\n<p>Der Integrationsrat ist emp\u00f6rt und geht davon aus, das das G\u00e4nselliesl als Wahrzeichen der Stadt\/der Marktplatz video\u00fcberwacht ist und die T\u00e4ter ermittelt und strafrechtlich belangt werden.<\/p>\n","protected":false},"excerpt":{"rendered":"<p>Zum Gedenken an den rassistischen Anschlag in Hanau, der Ermordung von neun Menschen mit Migrationshintergrund hatte der Integrationsrat G\u00f6ttingen und viele anderen Initiativen aus G\u00f6ttingen zu einer Kundgebung am 19. Februar aufgerufen, der rund 1.000 Menschen gefolgt waren. Ihre menschenverachtende Gesinnung haben Unbekannte gezeigt, die in der Nacht von Freitag auf Sonnabend die \u201eGedenkst\u00e4tte\u201c am [&hellip;]<\/p>\n","protected":false},"author":1,"featured_media":5445,"comment_status":"closed","ping_status":"closed","sticky":false,"template":"","format":"standard","meta":{"saved_in_kubio":false,"footnotes":""},"categories":[24],"tags":[],"class_list":["post-5519","post","type-post","status-publish","format-standard","has-post-thumbnail","hentry","category-news"],"yoast_head":"<!-- This site is optimized with the Yoast SEO plugin v27.5 - https:\/\/yoast.com\/product\/yoast-seo-wordpress\/ -->\n<title>G\u00f6ttinger Integrationsrat verurteilt die Sch\u00e4ndung der &quot;Gedenkstelle&quot; am G\u00f6ttinger G\u00e4nseliesel - Radio Leinewelle<\/title>\n<meta name=\"robots\" content=\"index, follow, max-snippet:-1, max-image-preview:large, max-video-preview:-1\" \/>\n<link rel=\"canonical\" href=\"https:\/\/radioleinewelle.de\/index.php\/2021\/02\/23\/goettinger-integrationsrat-verurteilt-die-schaendung-der-gedenkstelle-am-goettinger-gaenseliesel\/\" \/>\n<meta property=\"og:locale\" content=\"de_DE\" \/>\n<meta property=\"og:type\" content=\"article\" \/>\n<meta property=\"og:title\" content=\"G\u00f6ttinger Integrationsrat verurteilt die Sch\u00e4ndung der &quot;Gedenkstelle&quot; am G\u00f6ttinger G\u00e4nseliesel - Radio Leinewelle\" \/>\n<meta property=\"og:description\" content=\"Zum Gedenken an den rassistischen Anschlag in Hanau, der Ermordung von neun Menschen mit Migrationshintergrund hatte der Integrationsrat G\u00f6ttingen und viele anderen Initiativen aus G\u00f6ttingen zu einer Kundgebung am 19. Februar aufgerufen, der rund 1.000 Menschen gefolgt waren. Ihre menschenverachtende Gesinnung haben Unbekannte gezeigt, die in der Nacht von Freitag auf Sonnabend die \u201eGedenkst\u00e4tte\u201c am [&hellip;]\" \/>\n<meta property=\"og:url\" content=\"https:\/\/radioleinewelle.de\/index.php\/2021\/02\/23\/goettinger-integrationsrat-verurteilt-die-schaendung-der-gedenkstelle-am-goettinger-gaenseliesel\/\" \/>\n<meta property=\"og:site_name\" content=\"Radio Leinewelle\" \/>\n<meta property=\"article:publisher\" content=\"https:\/\/www.facebook.com\/radioleinewelle\" \/>\n<meta property=\"article:author\" content=\"https:\/\/www.facebook.com\/radioleinewelle\" \/>\n<meta property=\"article:published_time\" content=\"2021-02-23T12:15:00+00:00\" \/>\n<meta property=\"og:image\" content=\"https:\/\/radioleinewelle.de\/wp-content\/uploads\/2021\/02\/candle-2309133_640.jpg\" \/>\n\t<meta property=\"og:image:width\" content=\"640\" \/>\n\t<meta property=\"og:image:height\" content=\"426\" \/>\n\t<meta property=\"og:image:type\" content=\"image\/jpeg\" \/>\n<meta name=\"author\" content=\"Leinewelle\" \/>\n<meta name=\"twitter:card\" content=\"summary_large_image\" \/>\n<meta name=\"twitter:creator\" content=\"@https:\/\/twitter.com\/RLeinewelle?ref_src=twsrcgoogletwcampserptwgrauthor\" \/>\n<meta name=\"twitter:site\" content=\"@RLeinewelle\" \/>\n<meta name=\"twitter:label1\" content=\"Verfasst von\" \/>\n\t<meta name=\"twitter:data1\" content=\"Leinewelle\" \/>\n<script type=\"application\/ld+json\" class=\"yoast-schema-graph\">{\"@context\":\"https:\\\/\\\/schema.org\",\"@graph\":[{\"@type\":\"Article\",\"@id\":\"https:\\\/\\\/radioleinewelle.de\\\/index.php\\\/2021\\\/02\\\/23\\\/goettinger-integrationsrat-verurteilt-die-schaendung-der-gedenkstelle-am-goettinger-gaenseliesel\\\/#article\",\"isPartOf\":{\"@id\":\"https:\\\/\\\/radioleinewelle.de\\\/index.php\\\/2021\\\/02\\\/23\\\/goettinger-integrationsrat-verurteilt-die-schaendung-der-gedenkstelle-am-goettinger-gaenseliesel\\\/\"},\"author\":{\"name\":\"Leinewelle\",\"@id\":\"https:\\\/\\\/radioleinewelle.de\\\/#\\\/schema\\\/person\\\/45606f348637df637192dc1b68399a63\"},\"headline\":\"G\u00f6ttinger Integrationsrat verurteilt die Sch\u00e4ndung der &#8222;Gedenkstelle&#8220; am G\u00f6ttinger G\u00e4nseliesel\",\"datePublished\":\"2021-02-23T12:15:00+00:00\",\"mainEntityOfPage\":{\"@id\":\"https:\\\/\\\/radioleinewelle.de\\\/index.php\\\/2021\\\/02\\\/23\\\/goettinger-integrationsrat-verurteilt-die-schaendung-der-gedenkstelle-am-goettinger-gaenseliesel\\\/\"},\"wordCount\":113,\"publisher\":{\"@id\":\"https:\\\/\\\/radioleinewelle.de\\\/#organization\"},\"image\":{\"@id\":\"https:\\\/\\\/radioleinewelle.de\\\/index.php\\\/2021\\\/02\\\/23\\\/goettinger-integrationsrat-verurteilt-die-schaendung-der-gedenkstelle-am-goettinger-gaenseliesel\\\/#primaryimage\"},\"thumbnailUrl\":\"https:\\\/\\\/radioleinewelle.de\\\/wp-content\\\/uploads\\\/2021\\\/02\\\/candle-2309133_640.jpg\",\"articleSection\":[\"Aktuelle Nachrichten\"],\"inLanguage\":\"de\"},{\"@type\":\"WebPage\",\"@id\":\"https:\\\/\\\/radioleinewelle.de\\\/index.php\\\/2021\\\/02\\\/23\\\/goettinger-integrationsrat-verurteilt-die-schaendung-der-gedenkstelle-am-goettinger-gaenseliesel\\\/\",\"url\":\"https:\\\/\\\/radioleinewelle.de\\\/index.php\\\/2021\\\/02\\\/23\\\/goettinger-integrationsrat-verurteilt-die-schaendung-der-gedenkstelle-am-goettinger-gaenseliesel\\\/\",\"name\":\"G\u00f6ttinger Integrationsrat verurteilt die Sch\u00e4ndung der \\\"Gedenkstelle\\\" am G\u00f6ttinger G\u00e4nseliesel - Radio Leinewelle\",\"isPartOf\":{\"@id\":\"https:\\\/\\\/radioleinewelle.de\\\/#website\"},\"primaryImageOfPage\":{\"@id\":\"https:\\\/\\\/radioleinewelle.de\\\/index.php\\\/2021\\\/02\\\/23\\\/goettinger-integrationsrat-verurteilt-die-schaendung-der-gedenkstelle-am-goettinger-gaenseliesel\\\/#primaryimage\"},\"image\":{\"@id\":\"https:\\\/\\\/radioleinewelle.de\\\/index.php\\\/2021\\\/02\\\/23\\\/goettinger-integrationsrat-verurteilt-die-schaendung-der-gedenkstelle-am-goettinger-gaenseliesel\\\/#primaryimage\"},\"thumbnailUrl\":\"https:\\\/\\\/radioleinewelle.de\\\/wp-content\\\/uploads\\\/2021\\\/02\\\/candle-2309133_640.jpg\",\"datePublished\":\"2021-02-23T12:15:00+00:00\",\"breadcrumb\":{\"@id\":\"https:\\\/\\\/radioleinewelle.de\\\/index.php\\\/2021\\\/02\\\/23\\\/goettinger-integrationsrat-verurteilt-die-schaendung-der-gedenkstelle-am-goettinger-gaenseliesel\\\/#breadcrumb\"},\"inLanguage\":\"de\",\"potentialAction\":[{\"@type\":\"ReadAction\",\"target\":[\"https:\\\/\\\/radioleinewelle.de\\\/index.php\\\/2021\\\/02\\\/23\\\/goettinger-integrationsrat-verurteilt-die-schaendung-der-gedenkstelle-am-goettinger-gaenseliesel\\\/\"]}]},{\"@type\":\"ImageObject\",\"inLanguage\":\"de\",\"@id\":\"https:\\\/\\\/radioleinewelle.de\\\/index.php\\\/2021\\\/02\\\/23\\\/goettinger-integrationsrat-verurteilt-die-schaendung-der-gedenkstelle-am-goettinger-gaenseliesel\\\/#primaryimage\",\"url\":\"https:\\\/\\\/radioleinewelle.de\\\/wp-content\\\/uploads\\\/2021\\\/02\\\/candle-2309133_640.jpg\",\"contentUrl\":\"https:\\\/\\\/radioleinewelle.de\\\/wp-content\\\/uploads\\\/2021\\\/02\\\/candle-2309133_640.jpg\",\"width\":640,\"height\":426},{\"@type\":\"BreadcrumbList\",\"@id\":\"https:\\\/\\\/radioleinewelle.de\\\/index.php\\\/2021\\\/02\\\/23\\\/goettinger-integrationsrat-verurteilt-die-schaendung-der-gedenkstelle-am-goettinger-gaenseliesel\\\/#breadcrumb\",\"itemListElement\":[{\"@type\":\"ListItem\",\"position\":1,\"name\":\"Startseite\",\"item\":\"https:\\\/\\\/radioleinewelle.de\\\/\"},{\"@type\":\"ListItem\",\"position\":2,\"name\":\"G\u00f6ttinger Integrationsrat verurteilt die Sch\u00e4ndung der &#8222;Gedenkstelle&#8220; am G\u00f6ttinger G\u00e4nseliesel\"}]},{\"@type\":\"WebSite\",\"@id\":\"https:\\\/\\\/radioleinewelle.de\\\/#website\",\"url\":\"https:\\\/\\\/radioleinewelle.de\\\/\",\"name\":\"Radio Leinewelle\",\"description\":\"\",\"publisher\":{\"@id\":\"https:\\\/\\\/radioleinewelle.de\\\/#organization\"},\"potentialAction\":[{\"@type\":\"SearchAction\",\"target\":{\"@type\":\"EntryPoint\",\"urlTemplate\":\"https:\\\/\\\/radioleinewelle.de\\\/?s={search_term_string}\"},\"query-input\":{\"@type\":\"PropertyValueSpecification\",\"valueRequired\":true,\"valueName\":\"search_term_string\"}}],\"inLanguage\":\"de\"},{\"@type\":\"Organization\",\"@id\":\"https:\\\/\\\/radioleinewelle.de\\\/#organization\",\"name\":\"Radio Leinewelle\",\"alternateName\":\"Mein Radio f\u00fcr S\u00fcdniedersachsen\",\"url\":\"https:\\\/\\\/radioleinewelle.de\\\/\",\"logo\":{\"@type\":\"ImageObject\",\"inLanguage\":\"de\",\"@id\":\"https:\\\/\\\/radioleinewelle.de\\\/#\\\/schema\\\/logo\\\/image\\\/\",\"url\":\"https:\\\/\\\/radioleinewelle.de\\\/wp-content\\\/uploads\\\/2023\\\/11\\\/cropped-Leinewelle_Logo_weiss.png\",\"contentUrl\":\"https:\\\/\\\/radioleinewelle.de\\\/wp-content\\\/uploads\\\/2023\\\/11\\\/cropped-Leinewelle_Logo_weiss.png\",\"width\":854,\"height\":260,\"caption\":\"Radio Leinewelle\"},\"image\":{\"@id\":\"https:\\\/\\\/radioleinewelle.de\\\/#\\\/schema\\\/logo\\\/image\\\/\"},\"sameAs\":[\"https:\\\/\\\/www.facebook.com\\\/radioleinewelle\",\"https:\\\/\\\/x.com\\\/RLeinewelle\",\"https:\\\/\\\/www.instagram.com\\\/radioleinewelle\\\/?hl=de\"]},{\"@type\":\"Person\",\"@id\":\"https:\\\/\\\/radioleinewelle.de\\\/#\\\/schema\\\/person\\\/45606f348637df637192dc1b68399a63\",\"name\":\"Leinewelle\",\"image\":{\"@type\":\"ImageObject\",\"inLanguage\":\"de\",\"@id\":\"https:\\\/\\\/secure.gravatar.com\\\/avatar\\\/05c9a17bc973052ee5d91549bd32fb4dd0dc85b7b85ae94b2e2b4943476bbea5?s=96&d=blank&r=g\",\"url\":\"https:\\\/\\\/secure.gravatar.com\\\/avatar\\\/05c9a17bc973052ee5d91549bd32fb4dd0dc85b7b85ae94b2e2b4943476bbea5?s=96&d=blank&r=g\",\"contentUrl\":\"https:\\\/\\\/secure.gravatar.com\\\/avatar\\\/05c9a17bc973052ee5d91549bd32fb4dd0dc85b7b85ae94b2e2b4943476bbea5?s=96&d=blank&r=g\",\"caption\":\"Leinewelle\"},\"sameAs\":[\"http:\\\/\\\/localhost\\\/radio%20leinewelle\\\/wordpress\",\"https:\\\/\\\/www.facebook.com\\\/radioleinewelle\",\"https:\\\/\\\/www.instagram.com\\\/radioleinewelle\",\"https:\\\/\\\/x.com\\\/https:\\\/\\\/twitter.com\\\/RLeinewelle?ref_src=twsrcgoogletwcampserptwgrauthor\",\"https:\\\/\\\/soundcloud.com\\\/foerderverein-lokalradio?utm_source=clipboard&utm_medium=text&utm_campaign=social_sharing\"],\"url\":\"https:\\\/\\\/radioleinewelle.de\\\/index.php\\\/author\\\/leinewelle\\\/\"}]}<\/script>\n<!-- \/ Yoast SEO plugin. -->","yoast_head_json":{"title":"G\u00f6ttinger Integrationsrat verurteilt die Sch\u00e4ndung der \"Gedenkstelle\" am G\u00f6ttinger G\u00e4nseliesel - Radio Leinewelle","robots":{"index":"index","follow":"follow","max-snippet":"max-snippet:-1","max-image-preview":"max-image-preview:large","max-video-preview":"max-video-preview:-1"},"canonical":"https:\/\/radioleinewelle.de\/index.php\/2021\/02\/23\/goettinger-integrationsrat-verurteilt-die-schaendung-der-gedenkstelle-am-goettinger-gaenseliesel\/","og_locale":"de_DE","og_type":"article","og_title":"G\u00f6ttinger Integrationsrat verurteilt die Sch\u00e4ndung der \"Gedenkstelle\" am G\u00f6ttinger G\u00e4nseliesel - Radio Leinewelle","og_description":"Zum Gedenken an den rassistischen Anschlag in Hanau, der Ermordung von neun Menschen mit Migrationshintergrund hatte der Integrationsrat G\u00f6ttingen und viele anderen Initiativen aus G\u00f6ttingen zu einer Kundgebung am 19. Februar aufgerufen, der rund 1.000 Menschen gefolgt waren. Ihre menschenverachtende Gesinnung haben Unbekannte gezeigt, die in der Nacht von Freitag auf Sonnabend die \u201eGedenkst\u00e4tte\u201c am [&hellip;]","og_url":"https:\/\/radioleinewelle.de\/index.php\/2021\/02\/23\/goettinger-integrationsrat-verurteilt-die-schaendung-der-gedenkstelle-am-goettinger-gaenseliesel\/","og_site_name":"Radio Leinewelle","article_publisher":"https:\/\/www.facebook.com\/radioleinewelle","article_author":"https:\/\/www.facebook.com\/radioleinewelle","article_published_time":"2021-02-23T12:15:00+00:00","og_image":[{"width":640,"height":426,"url":"https:\/\/radioleinewelle.de\/wp-content\/uploads\/2021\/02\/candle-2309133_640.jpg","type":"image\/jpeg"}],"author":"Leinewelle","twitter_card":"summary_large_image","twitter_creator":"@https:\/\/twitter.com\/RLeinewelle?ref_src=twsrcgoogletwcampserptwgrauthor","twitter_site":"@RLeinewelle","twitter_misc":{"Verfasst von":"Leinewelle"},"schema":{"@context":"https:\/\/schema.org","@graph":[{"@type":"Article","@id":"https:\/\/radioleinewelle.de\/index.php\/2021\/02\/23\/goettinger-integrationsrat-verurteilt-die-schaendung-der-gedenkstelle-am-goettinger-gaenseliesel\/#article","isPartOf":{"@id":"https:\/\/radioleinewelle.de\/index.php\/2021\/02\/23\/goettinger-integrationsrat-verurteilt-die-schaendung-der-gedenkstelle-am-goettinger-gaenseliesel\/"},"author":{"name":"Leinewelle","@id":"https:\/\/radioleinewelle.de\/#\/schema\/person\/45606f348637df637192dc1b68399a63"},"headline":"G\u00f6ttinger Integrationsrat verurteilt die Sch\u00e4ndung der &#8222;Gedenkstelle&#8220; am G\u00f6ttinger G\u00e4nseliesel","datePublished":"2021-02-23T12:15:00+00:00","mainEntityOfPage":{"@id":"https:\/\/radioleinewelle.de\/index.php\/2021\/02\/23\/goettinger-integrationsrat-verurteilt-die-schaendung-der-gedenkstelle-am-goettinger-gaenseliesel\/"},"wordCount":113,"publisher":{"@id":"https:\/\/radioleinewelle.de\/#organization"},"image":{"@id":"https:\/\/radioleinewelle.de\/index.php\/2021\/02\/23\/goettinger-integrationsrat-verurteilt-die-schaendung-der-gedenkstelle-am-goettinger-gaenseliesel\/#primaryimage"},"thumbnailUrl":"https:\/\/radioleinewelle.de\/wp-content\/uploads\/2021\/02\/candle-2309133_640.jpg","articleSection":["Aktuelle Nachrichten"],"inLanguage":"de"},{"@type":"WebPage","@id":"https:\/\/radioleinewelle.de\/index.php\/2021\/02\/23\/goettinger-integrationsrat-verurteilt-die-schaendung-der-gedenkstelle-am-goettinger-gaenseliesel\/","url":"https:\/\/radioleinewelle.de\/index.php\/2021\/02\/23\/goettinger-integrationsrat-verurteilt-die-schaendung-der-gedenkstelle-am-goettinger-gaenseliesel\/","name":"G\u00f6ttinger Integrationsrat verurteilt die Sch\u00e4ndung der \"Gedenkstelle\" am G\u00f6ttinger G\u00e4nseliesel - Radio Leinewelle","isPartOf":{"@id":"https:\/\/radioleinewelle.de\/#website"},"primaryImageOfPage":{"@id":"https:\/\/radioleinewelle.de\/index.php\/2021\/02\/23\/goettinger-integrationsrat-verurteilt-die-schaendung-der-gedenkstelle-am-goettinger-gaenseliesel\/#primaryimage"},"image":{"@id":"https:\/\/radioleinewelle.de\/index.php\/2021\/02\/23\/goettinger-integrationsrat-verurteilt-die-schaendung-der-gedenkstelle-am-goettinger-gaenseliesel\/#primaryimage"},"thumbnailUrl":"https:\/\/radioleinewelle.de\/wp-content\/uploads\/2021\/02\/candle-2309133_640.jpg","datePublished":"2021-02-23T12:15:00+00:00","breadcrumb":{"@id":"https:\/\/radioleinewelle.de\/index.php\/2021\/02\/23\/goettinger-integrationsrat-verurteilt-die-schaendung-der-gedenkstelle-am-goettinger-gaenseliesel\/#breadcrumb"},"inLanguage":"de","potentialAction":[{"@type":"ReadAction","target":["https:\/\/radioleinewelle.de\/index.php\/2021\/02\/23\/goettinger-integrationsrat-verurteilt-die-schaendung-der-gedenkstelle-am-goettinger-gaenseliesel\/"]}]},{"@type":"ImageObject","inLanguage":"de","@id":"https:\/\/radioleinewelle.de\/index.php\/2021\/02\/23\/goettinger-integrationsrat-verurteilt-die-schaendung-der-gedenkstelle-am-goettinger-gaenseliesel\/#primaryimage","url":"https:\/\/radioleinewelle.de\/wp-content\/uploads\/2021\/02\/candle-2309133_640.jpg","contentUrl":"https:\/\/radioleinewelle.de\/wp-content\/uploads\/2021\/02\/candle-2309133_640.jpg","width":640,"height":426},{"@type":"BreadcrumbList","@id":"https:\/\/radioleinewelle.de\/index.php\/2021\/02\/23\/goettinger-integrationsrat-verurteilt-die-schaendung-der-gedenkstelle-am-goettinger-gaenseliesel\/#breadcrumb","itemListElement":[{"@type":"ListItem","position":1,"name":"Startseite","item":"https:\/\/radioleinewelle.de\/"},{"@type":"ListItem","position":2,"name":"G\u00f6ttinger Integrationsrat verurteilt die Sch\u00e4ndung der &#8222;Gedenkstelle&#8220; am G\u00f6ttinger G\u00e4nseliesel"}]},{"@type":"WebSite","@id":"https:\/\/radioleinewelle.de\/#website","url":"https:\/\/radioleinewelle.de\/","name":"Radio Leinewelle","description":"","publisher":{"@id":"https:\/\/radioleinewelle.de\/#organization"},"potentialAction":[{"@type":"SearchAction","target":{"@type":"EntryPoint","urlTemplate":"https:\/\/radioleinewelle.de\/?s={search_term_string}"},"query-input":{"@type":"PropertyValueSpecification","valueRequired":true,"valueName":"search_term_string"}}],"inLanguage":"de"},{"@type":"Organization","@id":"https:\/\/radioleinewelle.de\/#organization","name":"Radio Leinewelle","alternateName":"Mein Radio f\u00fcr S\u00fcdniedersachsen","url":"https:\/\/radioleinewelle.de\/","logo":{"@type":"ImageObject","inLanguage":"de","@id":"https:\/\/radioleinewelle.de\/#\/schema\/logo\/image\/","url":"https:\/\/radioleinewelle.de\/wp-content\/uploads\/2023\/11\/cropped-Leinewelle_Logo_weiss.png","contentUrl":"https:\/\/radioleinewelle.de\/wp-content\/uploads\/2023\/11\/cropped-Leinewelle_Logo_weiss.png","width":854,"height":260,"caption":"Radio Leinewelle"},"image":{"@id":"https:\/\/radioleinewelle.de\/#\/schema\/logo\/image\/"},"sameAs":["https:\/\/www.facebook.com\/radioleinewelle","https:\/\/x.com\/RLeinewelle","https:\/\/www.instagram.com\/radioleinewelle\/?hl=de"]},{"@type":"Person","@id":"https:\/\/radioleinewelle.de\/#\/schema\/person\/45606f348637df637192dc1b68399a63","name":"Leinewelle","image":{"@type":"ImageObject","inLanguage":"de","@id":"https:\/\/secure.gravatar.com\/avatar\/05c9a17bc973052ee5d91549bd32fb4dd0dc85b7b85ae94b2e2b4943476bbea5?s=96&d=blank&r=g","url":"https:\/\/secure.gravatar.com\/avatar\/05c9a17bc973052ee5d91549bd32fb4dd0dc85b7b85ae94b2e2b4943476bbea5?s=96&d=blank&r=g","contentUrl":"https:\/\/secure.gravatar.com\/avatar\/05c9a17bc973052ee5d91549bd32fb4dd0dc85b7b85ae94b2e2b4943476bbea5?s=96&d=blank&r=g","caption":"Leinewelle"},"sameAs":["http:\/\/localhost\/radio%20leinewelle\/wordpress","https:\/\/www.facebook.com\/radioleinewelle","https:\/\/www.instagram.com\/radioleinewelle","https:\/\/x.com\/https:\/\/twitter.com\/RLeinewelle?ref_src=twsrcgoogletwcampserptwgrauthor","https:\/\/soundcloud.com\/foerderverein-lokalradio?utm_source=clipboard&utm_medium=text&utm_campaign=social_sharing"],"url":"https:\/\/radioleinewelle.de\/index.php\/author\/leinewelle\/"}]}},"_links":{"self":[{"href":"https:\/\/radioleinewelle.de\/index.php\/wp-json\/wp\/v2\/posts\/5519","targetHints":{"allow":["GET"]}}],"collection":[{"href":"https:\/\/radioleinewelle.de\/index.php\/wp-json\/wp\/v2\/posts"}],"about":[{"href":"https:\/\/radioleinewelle.de\/index.php\/wp-json\/wp\/v2\/types\/post"}],"author":[{"embeddable":true,"href":"https:\/\/radioleinewelle.de\/index.php\/wp-json\/wp\/v2\/users\/1"}],"replies":[{"embeddable":true,"href":"https:\/\/radioleinewelle.de\/index.php\/wp-json\/wp\/v2\/comments?post=5519"}],"version-history":[{"count":0,"href":"https:\/\/radioleinewelle.de\/index.php\/wp-json\/wp\/v2\/posts\/5519\/revisions"}],"wp:featuredmedia":[{"embeddable":true,"href":"https:\/\/radioleinewelle.de\/index.php\/wp-json\/wp\/v2\/media\/5445"}],"wp:attachment":[{"href":"https:\/\/radioleinewelle.de\/index.php\/wp-json\/wp\/v2\/media?parent=5519"}],"wp:term":[{"taxonomy":"category","embeddable":true,"href":"https:\/\/radioleinewelle.de\/index.php\/wp-json\/wp\/v2\/categories?post=5519"},{"taxonomy":"post_tag","embeddable":true,"href":"https:\/\/radioleinewelle.de\/index.php\/wp-json\/wp\/v2\/tags?post=5519"}],"curies":[{"name":"wp","href":"https:\/\/api.w.org\/{rel}","templated":true}]}}