{"id":5788,"date":"2021-03-03T11:15:29","date_gmt":"2021-03-03T10:15:29","guid":{"rendered":"https:\/\/radioleinewelle.de\/?p=5788"},"modified":"2021-03-03T11:15:29","modified_gmt":"2021-03-03T10:15:29","slug":"3-tag-der-goebit-on-tour-die-region-praesentiert-breite-moeglichkeiten-der-berufsfindung","status":"publish","type":"post","link":"https:\/\/radioleinewelle.de\/index.php\/2021\/03\/03\/3-tag-der-goebit-on-tour-die-region-praesentiert-breite-moeglichkeiten-der-berufsfindung\/","title":{"rendered":"3. Tag der G\u00f6Bit On Tour: die Region pr\u00e4sentiert breite M\u00f6glichkeiten der Berufsfindung"},"content":{"rendered":"\n<p>Die digitale Berufsbildungsmesse G\u00f6Bit on Tour pr\u00e4sentiert auch am 3. Tag eine breite Palette von Ausbildungsm\u00f6glichkeiten und Berufsbildern in der s\u00fcdnieders\u00e4chsischen Region. Beeindruckend die Vielfalt: die UMG pr\u00e4sentiert reichhaltige M\u00f6glichkeiten eine Ausbildung in einer gro\u00dfen Universit\u00e4tsklinik zu beginnen. Weiter mit dabei sind heute Banken, Optikfirmen, virtuelle Praktika bei Firmen mit technischen Berufen. Die IT Branche ist vertreten, ebenso das Deutsche Zentrum f\u00fcr Luft- und Raumfahrt e.V. Die G\u00f6Bit pr\u00e4sentiert sich noch bis einschlie\u00dflich Freitag. Das komplette Programm ist unter <a href=\"https:\/\/www.measurement-valley.de\/karriere\/ausbildung\/goebit-on-tour-programm\">https:\/\/www.measurement-valley.de\/karriere\/ausbildung\/goebit-on-tour-programm<\/a> zu finden.<\/p>\n","protected":false},"excerpt":{"rendered":"<p>Die digitale Berufsbildungsmesse G\u00f6Bit on Tour pr\u00e4sentiert auch am 3. Tag eine breite Palette von Ausbildungsm\u00f6glichkeiten und Berufsbildern in der s\u00fcdnieders\u00e4chsischen Region. Beeindruckend die Vielfalt: die UMG pr\u00e4sentiert reichhaltige M\u00f6glichkeiten eine Ausbildung in einer gro\u00dfen Universit\u00e4tsklinik zu beginnen. Weiter mit dabei sind heute Banken, Optikfirmen, virtuelle Praktika bei Firmen mit technischen Berufen. Die IT Branche [&hellip;]<\/p>\n","protected":false},"author":1,"featured_media":5307,"comment_status":"closed","ping_status":"closed","sticky":false,"template":"","format":"standard","meta":{"saved_in_kubio":false,"footnotes":""},"categories":[46],"tags":[130,131,57,60,132,133],"class_list":["post-5788","post","type-post","status-publish","format-standard","has-post-thumbnail","hentry","category-beruf-karriere","tag-ausbildungsmesse","tag-berufsausbildung","tag-berufsorientierung","tag-goebit-on-tour","tag-goettinger-berufsinformationstag","tag-virtuelle-praktika"],"yoast_head":"<!-- This site is optimized with the Yoast SEO plugin v27.5 - https:\/\/yoast.com\/product\/yoast-seo-wordpress\/ -->\n<title>3. Tag der G\u00f6Bit On Tour: die Region pr\u00e4sentiert breite M\u00f6glichkeiten der Berufsfindung - Radio Leinewelle<\/title>\n<meta name=\"robots\" content=\"index, follow, max-snippet:-1, max-image-preview:large, max-video-preview:-1\" \/>\n<link rel=\"canonical\" href=\"https:\/\/radioleinewelle.de\/index.php\/2021\/03\/03\/3-tag-der-goebit-on-tour-die-region-praesentiert-breite-moeglichkeiten-der-berufsfindung\/\" \/>\n<meta property=\"og:locale\" content=\"de_DE\" \/>\n<meta property=\"og:type\" content=\"article\" \/>\n<meta property=\"og:title\" content=\"3. Tag der G\u00f6Bit On Tour: die Region pr\u00e4sentiert breite M\u00f6glichkeiten der Berufsfindung - Radio Leinewelle\" \/>\n<meta property=\"og:description\" content=\"Die digitale Berufsbildungsmesse G\u00f6Bit on Tour pr\u00e4sentiert auch am 3. Tag eine breite Palette von Ausbildungsm\u00f6glichkeiten und Berufsbildern in der s\u00fcdnieders\u00e4chsischen Region. Beeindruckend die Vielfalt: die UMG pr\u00e4sentiert reichhaltige M\u00f6glichkeiten eine Ausbildung in einer gro\u00dfen Universit\u00e4tsklinik zu beginnen. Weiter mit dabei sind heute Banken, Optikfirmen, virtuelle Praktika bei Firmen mit technischen Berufen. Die IT Branche [&hellip;]\" \/>\n<meta property=\"og:url\" content=\"https:\/\/radioleinewelle.de\/index.php\/2021\/03\/03\/3-tag-der-goebit-on-tour-die-region-praesentiert-breite-moeglichkeiten-der-berufsfindung\/\" \/>\n<meta property=\"og:site_name\" content=\"Radio Leinewelle\" \/>\n<meta property=\"article:publisher\" content=\"https:\/\/www.facebook.com\/radioleinewelle\" \/>\n<meta property=\"article:author\" content=\"https:\/\/www.facebook.com\/radioleinewelle\" \/>\n<meta property=\"article:published_time\" content=\"2021-03-03T10:15:29+00:00\" \/>\n<meta property=\"og:image\" content=\"https:\/\/radioleinewelle.de\/wp-content\/uploads\/2021\/02\/GOEBIT_2021_Website_Banner_MV_01-e1613508682665.png\" \/>\n\t<meta property=\"og:image:width\" content=\"602\" \/>\n\t<meta property=\"og:image:height\" content=\"263\" \/>\n\t<meta property=\"og:image:type\" content=\"image\/png\" \/>\n<meta name=\"author\" content=\"Leinewelle\" \/>\n<meta name=\"twitter:card\" content=\"summary_large_image\" \/>\n<meta name=\"twitter:creator\" content=\"@https:\/\/twitter.com\/RLeinewelle?ref_src=twsrcgoogletwcampserptwgrauthor\" \/>\n<meta name=\"twitter:site\" content=\"@RLeinewelle\" \/>\n<meta name=\"twitter:label1\" content=\"Verfasst von\" \/>\n\t<meta name=\"twitter:data1\" content=\"Leinewelle\" \/>\n\t<meta name=\"twitter:label2\" content=\"Gesch\u00e4tzte Lesezeit\" \/>\n\t<meta name=\"twitter:data2\" content=\"1\u00a0Minute\" \/>\n<script type=\"application\/ld+json\" class=\"yoast-schema-graph\">{\"@context\":\"https:\\\/\\\/schema.org\",\"@graph\":[{\"@type\":\"Article\",\"@id\":\"https:\\\/\\\/radioleinewelle.de\\\/index.php\\\/2021\\\/03\\\/03\\\/3-tag-der-goebit-on-tour-die-region-praesentiert-breite-moeglichkeiten-der-berufsfindung\\\/#article\",\"isPartOf\":{\"@id\":\"https:\\\/\\\/radioleinewelle.de\\\/index.php\\\/2021\\\/03\\\/03\\\/3-tag-der-goebit-on-tour-die-region-praesentiert-breite-moeglichkeiten-der-berufsfindung\\\/\"},\"author\":{\"name\":\"Leinewelle\",\"@id\":\"https:\\\/\\\/radioleinewelle.de\\\/#\\\/schema\\\/person\\\/45606f348637df637192dc1b68399a63\"},\"headline\":\"3. Tag der G\u00f6Bit On Tour: die Region pr\u00e4sentiert breite M\u00f6glichkeiten der Berufsfindung\",\"datePublished\":\"2021-03-03T10:15:29+00:00\",\"mainEntityOfPage\":{\"@id\":\"https:\\\/\\\/radioleinewelle.de\\\/index.php\\\/2021\\\/03\\\/03\\\/3-tag-der-goebit-on-tour-die-region-praesentiert-breite-moeglichkeiten-der-berufsfindung\\\/\"},\"wordCount\":116,\"publisher\":{\"@id\":\"https:\\\/\\\/radioleinewelle.de\\\/#organization\"},\"image\":{\"@id\":\"https:\\\/\\\/radioleinewelle.de\\\/index.php\\\/2021\\\/03\\\/03\\\/3-tag-der-goebit-on-tour-die-region-praesentiert-breite-moeglichkeiten-der-berufsfindung\\\/#primaryimage\"},\"thumbnailUrl\":\"https:\\\/\\\/radioleinewelle.de\\\/wp-content\\\/uploads\\\/2021\\\/02\\\/GOEBIT_2021_Website_Banner_MV_01-e1613508682665.png\",\"keywords\":[\"Ausbildungsmesse\",\"Berufsausbildung\",\"Berufsorientierung\",\"G\u00f6Bit On Tour\",\"G\u00f6ttinger Berufsinformationstag\",\"virtuelle Praktika\"],\"articleSection\":[\"Beruf &amp; Karriere\"],\"inLanguage\":\"de\"},{\"@type\":\"WebPage\",\"@id\":\"https:\\\/\\\/radioleinewelle.de\\\/index.php\\\/2021\\\/03\\\/03\\\/3-tag-der-goebit-on-tour-die-region-praesentiert-breite-moeglichkeiten-der-berufsfindung\\\/\",\"url\":\"https:\\\/\\\/radioleinewelle.de\\\/index.php\\\/2021\\\/03\\\/03\\\/3-tag-der-goebit-on-tour-die-region-praesentiert-breite-moeglichkeiten-der-berufsfindung\\\/\",\"name\":\"3. Tag der G\u00f6Bit On Tour: die Region pr\u00e4sentiert breite M\u00f6glichkeiten der Berufsfindung - Radio Leinewelle\",\"isPartOf\":{\"@id\":\"https:\\\/\\\/radioleinewelle.de\\\/#website\"},\"primaryImageOfPage\":{\"@id\":\"https:\\\/\\\/radioleinewelle.de\\\/index.php\\\/2021\\\/03\\\/03\\\/3-tag-der-goebit-on-tour-die-region-praesentiert-breite-moeglichkeiten-der-berufsfindung\\\/#primaryimage\"},\"image\":{\"@id\":\"https:\\\/\\\/radioleinewelle.de\\\/index.php\\\/2021\\\/03\\\/03\\\/3-tag-der-goebit-on-tour-die-region-praesentiert-breite-moeglichkeiten-der-berufsfindung\\\/#primaryimage\"},\"thumbnailUrl\":\"https:\\\/\\\/radioleinewelle.de\\\/wp-content\\\/uploads\\\/2021\\\/02\\\/GOEBIT_2021_Website_Banner_MV_01-e1613508682665.png\",\"datePublished\":\"2021-03-03T10:15:29+00:00\",\"breadcrumb\":{\"@id\":\"https:\\\/\\\/radioleinewelle.de\\\/index.php\\\/2021\\\/03\\\/03\\\/3-tag-der-goebit-on-tour-die-region-praesentiert-breite-moeglichkeiten-der-berufsfindung\\\/#breadcrumb\"},\"inLanguage\":\"de\",\"potentialAction\":[{\"@type\":\"ReadAction\",\"target\":[\"https:\\\/\\\/radioleinewelle.de\\\/index.php\\\/2021\\\/03\\\/03\\\/3-tag-der-goebit-on-tour-die-region-praesentiert-breite-moeglichkeiten-der-berufsfindung\\\/\"]}]},{\"@type\":\"ImageObject\",\"inLanguage\":\"de\",\"@id\":\"https:\\\/\\\/radioleinewelle.de\\\/index.php\\\/2021\\\/03\\\/03\\\/3-tag-der-goebit-on-tour-die-region-praesentiert-breite-moeglichkeiten-der-berufsfindung\\\/#primaryimage\",\"url\":\"https:\\\/\\\/radioleinewelle.de\\\/wp-content\\\/uploads\\\/2021\\\/02\\\/GOEBIT_2021_Website_Banner_MV_01-e1613508682665.png\",\"contentUrl\":\"https:\\\/\\\/radioleinewelle.de\\\/wp-content\\\/uploads\\\/2021\\\/02\\\/GOEBIT_2021_Website_Banner_MV_01-e1613508682665.png\",\"width\":602,\"height\":263},{\"@type\":\"BreadcrumbList\",\"@id\":\"https:\\\/\\\/radioleinewelle.de\\\/index.php\\\/2021\\\/03\\\/03\\\/3-tag-der-goebit-on-tour-die-region-praesentiert-breite-moeglichkeiten-der-berufsfindung\\\/#breadcrumb\",\"itemListElement\":[{\"@type\":\"ListItem\",\"position\":1,\"name\":\"Startseite\",\"item\":\"https:\\\/\\\/radioleinewelle.de\\\/\"},{\"@type\":\"ListItem\",\"position\":2,\"name\":\"3. Tag der G\u00f6Bit On Tour: die Region pr\u00e4sentiert breite M\u00f6glichkeiten der Berufsfindung\"}]},{\"@type\":\"WebSite\",\"@id\":\"https:\\\/\\\/radioleinewelle.de\\\/#website\",\"url\":\"https:\\\/\\\/radioleinewelle.de\\\/\",\"name\":\"Radio Leinewelle\",\"description\":\"\",\"publisher\":{\"@id\":\"https:\\\/\\\/radioleinewelle.de\\\/#organization\"},\"potentialAction\":[{\"@type\":\"SearchAction\",\"target\":{\"@type\":\"EntryPoint\",\"urlTemplate\":\"https:\\\/\\\/radioleinewelle.de\\\/?s={search_term_string}\"},\"query-input\":{\"@type\":\"PropertyValueSpecification\",\"valueRequired\":true,\"valueName\":\"search_term_string\"}}],\"inLanguage\":\"de\"},{\"@type\":\"Organization\",\"@id\":\"https:\\\/\\\/radioleinewelle.de\\\/#organization\",\"name\":\"Radio Leinewelle\",\"alternateName\":\"Mein Radio f\u00fcr S\u00fcdniedersachsen\",\"url\":\"https:\\\/\\\/radioleinewelle.de\\\/\",\"logo\":{\"@type\":\"ImageObject\",\"inLanguage\":\"de\",\"@id\":\"https:\\\/\\\/radioleinewelle.de\\\/#\\\/schema\\\/logo\\\/image\\\/\",\"url\":\"https:\\\/\\\/radioleinewelle.de\\\/wp-content\\\/uploads\\\/2023\\\/11\\\/cropped-Leinewelle_Logo_weiss.png\",\"contentUrl\":\"https:\\\/\\\/radioleinewelle.de\\\/wp-content\\\/uploads\\\/2023\\\/11\\\/cropped-Leinewelle_Logo_weiss.png\",\"width\":854,\"height\":260,\"caption\":\"Radio Leinewelle\"},\"image\":{\"@id\":\"https:\\\/\\\/radioleinewelle.de\\\/#\\\/schema\\\/logo\\\/image\\\/\"},\"sameAs\":[\"https:\\\/\\\/www.facebook.com\\\/radioleinewelle\",\"https:\\\/\\\/x.com\\\/RLeinewelle\",\"https:\\\/\\\/www.instagram.com\\\/radioleinewelle\\\/?hl=de\"]},{\"@type\":\"Person\",\"@id\":\"https:\\\/\\\/radioleinewelle.de\\\/#\\\/schema\\\/person\\\/45606f348637df637192dc1b68399a63\",\"name\":\"Leinewelle\",\"image\":{\"@type\":\"ImageObject\",\"inLanguage\":\"de\",\"@id\":\"https:\\\/\\\/secure.gravatar.com\\\/avatar\\\/05c9a17bc973052ee5d91549bd32fb4dd0dc85b7b85ae94b2e2b4943476bbea5?s=96&d=blank&r=g\",\"url\":\"https:\\\/\\\/secure.gravatar.com\\\/avatar\\\/05c9a17bc973052ee5d91549bd32fb4dd0dc85b7b85ae94b2e2b4943476bbea5?s=96&d=blank&r=g\",\"contentUrl\":\"https:\\\/\\\/secure.gravatar.com\\\/avatar\\\/05c9a17bc973052ee5d91549bd32fb4dd0dc85b7b85ae94b2e2b4943476bbea5?s=96&d=blank&r=g\",\"caption\":\"Leinewelle\"},\"sameAs\":[\"http:\\\/\\\/localhost\\\/radio%20leinewelle\\\/wordpress\",\"https:\\\/\\\/www.facebook.com\\\/radioleinewelle\",\"https:\\\/\\\/www.instagram.com\\\/radioleinewelle\",\"https:\\\/\\\/x.com\\\/https:\\\/\\\/twitter.com\\\/RLeinewelle?ref_src=twsrcgoogletwcampserptwgrauthor\",\"https:\\\/\\\/soundcloud.com\\\/foerderverein-lokalradio?utm_source=clipboard&utm_medium=text&utm_campaign=social_sharing\"],\"url\":\"https:\\\/\\\/radioleinewelle.de\\\/index.php\\\/author\\\/leinewelle\\\/\"}]}<\/script>\n<!-- \/ Yoast SEO plugin. -->","yoast_head_json":{"title":"3. Tag der G\u00f6Bit On Tour: die Region pr\u00e4sentiert breite M\u00f6glichkeiten der Berufsfindung - Radio Leinewelle","robots":{"index":"index","follow":"follow","max-snippet":"max-snippet:-1","max-image-preview":"max-image-preview:large","max-video-preview":"max-video-preview:-1"},"canonical":"https:\/\/radioleinewelle.de\/index.php\/2021\/03\/03\/3-tag-der-goebit-on-tour-die-region-praesentiert-breite-moeglichkeiten-der-berufsfindung\/","og_locale":"de_DE","og_type":"article","og_title":"3. Tag der G\u00f6Bit On Tour: die Region pr\u00e4sentiert breite M\u00f6glichkeiten der Berufsfindung - Radio Leinewelle","og_description":"Die digitale Berufsbildungsmesse G\u00f6Bit on Tour pr\u00e4sentiert auch am 3. Tag eine breite Palette von Ausbildungsm\u00f6glichkeiten und Berufsbildern in der s\u00fcdnieders\u00e4chsischen Region. Beeindruckend die Vielfalt: die UMG pr\u00e4sentiert reichhaltige M\u00f6glichkeiten eine Ausbildung in einer gro\u00dfen Universit\u00e4tsklinik zu beginnen. Weiter mit dabei sind heute Banken, Optikfirmen, virtuelle Praktika bei Firmen mit technischen Berufen. Die IT Branche [&hellip;]","og_url":"https:\/\/radioleinewelle.de\/index.php\/2021\/03\/03\/3-tag-der-goebit-on-tour-die-region-praesentiert-breite-moeglichkeiten-der-berufsfindung\/","og_site_name":"Radio Leinewelle","article_publisher":"https:\/\/www.facebook.com\/radioleinewelle","article_author":"https:\/\/www.facebook.com\/radioleinewelle","article_published_time":"2021-03-03T10:15:29+00:00","og_image":[{"width":602,"height":263,"url":"https:\/\/radioleinewelle.de\/wp-content\/uploads\/2021\/02\/GOEBIT_2021_Website_Banner_MV_01-e1613508682665.png","type":"image\/png"}],"author":"Leinewelle","twitter_card":"summary_large_image","twitter_creator":"@https:\/\/twitter.com\/RLeinewelle?ref_src=twsrcgoogletwcampserptwgrauthor","twitter_site":"@RLeinewelle","twitter_misc":{"Verfasst von":"Leinewelle","Gesch\u00e4tzte Lesezeit":"1\u00a0Minute"},"schema":{"@context":"https:\/\/schema.org","@graph":[{"@type":"Article","@id":"https:\/\/radioleinewelle.de\/index.php\/2021\/03\/03\/3-tag-der-goebit-on-tour-die-region-praesentiert-breite-moeglichkeiten-der-berufsfindung\/#article","isPartOf":{"@id":"https:\/\/radioleinewelle.de\/index.php\/2021\/03\/03\/3-tag-der-goebit-on-tour-die-region-praesentiert-breite-moeglichkeiten-der-berufsfindung\/"},"author":{"name":"Leinewelle","@id":"https:\/\/radioleinewelle.de\/#\/schema\/person\/45606f348637df637192dc1b68399a63"},"headline":"3. Tag der G\u00f6Bit On Tour: die Region pr\u00e4sentiert breite M\u00f6glichkeiten der Berufsfindung","datePublished":"2021-03-03T10:15:29+00:00","mainEntityOfPage":{"@id":"https:\/\/radioleinewelle.de\/index.php\/2021\/03\/03\/3-tag-der-goebit-on-tour-die-region-praesentiert-breite-moeglichkeiten-der-berufsfindung\/"},"wordCount":116,"publisher":{"@id":"https:\/\/radioleinewelle.de\/#organization"},"image":{"@id":"https:\/\/radioleinewelle.de\/index.php\/2021\/03\/03\/3-tag-der-goebit-on-tour-die-region-praesentiert-breite-moeglichkeiten-der-berufsfindung\/#primaryimage"},"thumbnailUrl":"https:\/\/radioleinewelle.de\/wp-content\/uploads\/2021\/02\/GOEBIT_2021_Website_Banner_MV_01-e1613508682665.png","keywords":["Ausbildungsmesse","Berufsausbildung","Berufsorientierung","G\u00f6Bit On Tour","G\u00f6ttinger Berufsinformationstag","virtuelle Praktika"],"articleSection":["Beruf &amp; Karriere"],"inLanguage":"de"},{"@type":"WebPage","@id":"https:\/\/radioleinewelle.de\/index.php\/2021\/03\/03\/3-tag-der-goebit-on-tour-die-region-praesentiert-breite-moeglichkeiten-der-berufsfindung\/","url":"https:\/\/radioleinewelle.de\/index.php\/2021\/03\/03\/3-tag-der-goebit-on-tour-die-region-praesentiert-breite-moeglichkeiten-der-berufsfindung\/","name":"3. Tag der G\u00f6Bit On Tour: die Region pr\u00e4sentiert breite M\u00f6glichkeiten der Berufsfindung - Radio Leinewelle","isPartOf":{"@id":"https:\/\/radioleinewelle.de\/#website"},"primaryImageOfPage":{"@id":"https:\/\/radioleinewelle.de\/index.php\/2021\/03\/03\/3-tag-der-goebit-on-tour-die-region-praesentiert-breite-moeglichkeiten-der-berufsfindung\/#primaryimage"},"image":{"@id":"https:\/\/radioleinewelle.de\/index.php\/2021\/03\/03\/3-tag-der-goebit-on-tour-die-region-praesentiert-breite-moeglichkeiten-der-berufsfindung\/#primaryimage"},"thumbnailUrl":"https:\/\/radioleinewelle.de\/wp-content\/uploads\/2021\/02\/GOEBIT_2021_Website_Banner_MV_01-e1613508682665.png","datePublished":"2021-03-03T10:15:29+00:00","breadcrumb":{"@id":"https:\/\/radioleinewelle.de\/index.php\/2021\/03\/03\/3-tag-der-goebit-on-tour-die-region-praesentiert-breite-moeglichkeiten-der-berufsfindung\/#breadcrumb"},"inLanguage":"de","potentialAction":[{"@type":"ReadAction","target":["https:\/\/radioleinewelle.de\/index.php\/2021\/03\/03\/3-tag-der-goebit-on-tour-die-region-praesentiert-breite-moeglichkeiten-der-berufsfindung\/"]}]},{"@type":"ImageObject","inLanguage":"de","@id":"https:\/\/radioleinewelle.de\/index.php\/2021\/03\/03\/3-tag-der-goebit-on-tour-die-region-praesentiert-breite-moeglichkeiten-der-berufsfindung\/#primaryimage","url":"https:\/\/radioleinewelle.de\/wp-content\/uploads\/2021\/02\/GOEBIT_2021_Website_Banner_MV_01-e1613508682665.png","contentUrl":"https:\/\/radioleinewelle.de\/wp-content\/uploads\/2021\/02\/GOEBIT_2021_Website_Banner_MV_01-e1613508682665.png","width":602,"height":263},{"@type":"BreadcrumbList","@id":"https:\/\/radioleinewelle.de\/index.php\/2021\/03\/03\/3-tag-der-goebit-on-tour-die-region-praesentiert-breite-moeglichkeiten-der-berufsfindung\/#breadcrumb","itemListElement":[{"@type":"ListItem","position":1,"name":"Startseite","item":"https:\/\/radioleinewelle.de\/"},{"@type":"ListItem","position":2,"name":"3. Tag der G\u00f6Bit On Tour: die Region pr\u00e4sentiert breite M\u00f6glichkeiten der Berufsfindung"}]},{"@type":"WebSite","@id":"https:\/\/radioleinewelle.de\/#website","url":"https:\/\/radioleinewelle.de\/","name":"Radio Leinewelle","description":"","publisher":{"@id":"https:\/\/radioleinewelle.de\/#organization"},"potentialAction":[{"@type":"SearchAction","target":{"@type":"EntryPoint","urlTemplate":"https:\/\/radioleinewelle.de\/?s={search_term_string}"},"query-input":{"@type":"PropertyValueSpecification","valueRequired":true,"valueName":"search_term_string"}}],"inLanguage":"de"},{"@type":"Organization","@id":"https:\/\/radioleinewelle.de\/#organization","name":"Radio Leinewelle","alternateName":"Mein Radio f\u00fcr S\u00fcdniedersachsen","url":"https:\/\/radioleinewelle.de\/","logo":{"@type":"ImageObject","inLanguage":"de","@id":"https:\/\/radioleinewelle.de\/#\/schema\/logo\/image\/","url":"https:\/\/radioleinewelle.de\/wp-content\/uploads\/2023\/11\/cropped-Leinewelle_Logo_weiss.png","contentUrl":"https:\/\/radioleinewelle.de\/wp-content\/uploads\/2023\/11\/cropped-Leinewelle_Logo_weiss.png","width":854,"height":260,"caption":"Radio Leinewelle"},"image":{"@id":"https:\/\/radioleinewelle.de\/#\/schema\/logo\/image\/"},"sameAs":["https:\/\/www.facebook.com\/radioleinewelle","https:\/\/x.com\/RLeinewelle","https:\/\/www.instagram.com\/radioleinewelle\/?hl=de"]},{"@type":"Person","@id":"https:\/\/radioleinewelle.de\/#\/schema\/person\/45606f348637df637192dc1b68399a63","name":"Leinewelle","image":{"@type":"ImageObject","inLanguage":"de","@id":"https:\/\/secure.gravatar.com\/avatar\/05c9a17bc973052ee5d91549bd32fb4dd0dc85b7b85ae94b2e2b4943476bbea5?s=96&d=blank&r=g","url":"https:\/\/secure.gravatar.com\/avatar\/05c9a17bc973052ee5d91549bd32fb4dd0dc85b7b85ae94b2e2b4943476bbea5?s=96&d=blank&r=g","contentUrl":"https:\/\/secure.gravatar.com\/avatar\/05c9a17bc973052ee5d91549bd32fb4dd0dc85b7b85ae94b2e2b4943476bbea5?s=96&d=blank&r=g","caption":"Leinewelle"},"sameAs":["http:\/\/localhost\/radio%20leinewelle\/wordpress","https:\/\/www.facebook.com\/radioleinewelle","https:\/\/www.instagram.com\/radioleinewelle","https:\/\/x.com\/https:\/\/twitter.com\/RLeinewelle?ref_src=twsrcgoogletwcampserptwgrauthor","https:\/\/soundcloud.com\/foerderverein-lokalradio?utm_source=clipboard&utm_medium=text&utm_campaign=social_sharing"],"url":"https:\/\/radioleinewelle.de\/index.php\/author\/leinewelle\/"}]}},"_links":{"self":[{"href":"https:\/\/radioleinewelle.de\/index.php\/wp-json\/wp\/v2\/posts\/5788","targetHints":{"allow":["GET"]}}],"collection":[{"href":"https:\/\/radioleinewelle.de\/index.php\/wp-json\/wp\/v2\/posts"}],"about":[{"href":"https:\/\/radioleinewelle.de\/index.php\/wp-json\/wp\/v2\/types\/post"}],"author":[{"embeddable":true,"href":"https:\/\/radioleinewelle.de\/index.php\/wp-json\/wp\/v2\/users\/1"}],"replies":[{"embeddable":true,"href":"https:\/\/radioleinewelle.de\/index.php\/wp-json\/wp\/v2\/comments?post=5788"}],"version-history":[{"count":0,"href":"https:\/\/radioleinewelle.de\/index.php\/wp-json\/wp\/v2\/posts\/5788\/revisions"}],"wp:featuredmedia":[{"embeddable":true,"href":"https:\/\/radioleinewelle.de\/index.php\/wp-json\/wp\/v2\/media\/5307"}],"wp:attachment":[{"href":"https:\/\/radioleinewelle.de\/index.php\/wp-json\/wp\/v2\/media?parent=5788"}],"wp:term":[{"taxonomy":"category","embeddable":true,"href":"https:\/\/radioleinewelle.de\/index.php\/wp-json\/wp\/v2\/categories?post=5788"},{"taxonomy":"post_tag","embeddable":true,"href":"https:\/\/radioleinewelle.de\/index.php\/wp-json\/wp\/v2\/tags?post=5788"}],"curies":[{"name":"wp","href":"https:\/\/api.w.org\/{rel}","templated":true}]}}