{"id":6183,"date":"2021-03-15T18:32:57","date_gmt":"2021-03-15T17:32:57","guid":{"rendered":"https:\/\/radioleinewelle.de\/?p=6183"},"modified":"2021-03-15T18:32:57","modified_gmt":"2021-03-15T17:32:57","slug":"bund-setzt-impfungen-mit-impfstoff-astrazeneca-aus-rund-3-000-termine-in-impfzentren-des-landkreises-werden-verschoben","status":"publish","type":"post","link":"https:\/\/radioleinewelle.de\/index.php\/2021\/03\/15\/bund-setzt-impfungen-mit-impfstoff-astrazeneca-aus-rund-3-000-termine-in-impfzentren-des-landkreises-werden-verschoben\/","title":{"rendered":"Bund setzt Impfungen mit Impfstoff AstraZeneca aus. Rund 3.000 Termine in Impfzentren des Landkreises werden verschoben"},"content":{"rendered":"\n<p>Das Bundesgesundheitsministerium setzt Impfungen mit dem Covid-19-Impfstoff des Herstellers AstraZeneca vorr\u00fcbergehend aus. Diese Entscheidung hat Auswirkungen auf dem Impfbetrieb im Landkreis G\u00f6ttingen. Die Mitteilung vom heutigen Nachmittag wird in den station\u00e4ren Impfzentren des Landkreises in den BBS II G\u00f6ttingen und an der OBS Herzberg umgehend umgesetzt. Geplante Impfungen, f\u00fcr die der Impfstoff AstraZeneca vorgesehen ist, entfallen. Sie werden zu einem sp\u00e4teren Zeitpunkt nachgeholt; Termine daf\u00fcr stehen noch nicht fest.<\/p>\n\n\n\n<p>Betroffen sind vorerst rund 3.000 Personen, f\u00fcr die bis einschlie\u00dflich kommenden Sonntag, 21.03.2021, eine Impfung mit AstraZeneca vorgesehen war. Neben Terminen in den beiden station\u00e4ren Impfzentren des Landkreises in G\u00f6ttingen und Herzberg k\u00f6nnen auch geplante Impfungen mit mobilen Teams nicht durchgef\u00fchrt werden. Der Landkreis G\u00f6ttingen versucht zur Stunde, alle betroffenen Personen zu benachrichtigen.<\/p>\n\n\n\n<p>Nicht betroffen sind Personen, die einen Termin \u00fcber die Terminvergabe des Landes \u2013 \u00fcber die Landes Hotline oder \u00fcber das Online-Impfportal Niedersachsen \u2013 vereinbart haben. Hier handelt es sich um Termine, die aufgrund von Impfstofflieferungen der Hersteller BioNTech und Moderna durch den Landkreis f\u00fcr seine Impfzentren in G\u00f6ttingen und Herzberg freigegeben wurden. Diese Termine finden wie geplant statt!<\/p>\n\n\n\n<p>Hinweis:<\/p>\n\n\n\n<p>Personen, die innerhalb der vergangenen vier Tage mit dem Impfstoff des Herstellers AstraZeneca geimpft wurden und sich unwohl f\u00fchlen, sollen sich bei ihrem Hausarzt melden. Diese Empfehlung spricht das Bundesgesundheitsministerium aus.<\/p>\n","protected":false},"excerpt":{"rendered":"<p>Das Bundesgesundheitsministerium setzt Impfungen mit dem Covid-19-Impfstoff des Herstellers AstraZeneca vorr\u00fcbergehend aus. Diese Entscheidung hat Auswirkungen auf dem Impfbetrieb im Landkreis G\u00f6ttingen. Die Mitteilung vom heutigen Nachmittag wird in den station\u00e4ren Impfzentren des Landkreises in den BBS II G\u00f6ttingen und an der OBS Herzberg umgehend umgesetzt. Geplante Impfungen, f\u00fcr die der Impfstoff AstraZeneca vorgesehen ist, [&hellip;]<\/p>\n","protected":false},"author":1,"featured_media":0,"comment_status":"closed","ping_status":"closed","sticky":false,"template":"","format":"standard","meta":{"saved_in_kubio":false,"footnotes":""},"categories":[23],"tags":[325,326,327,328],"class_list":["post-6183","post","type-post","status-publish","format-standard","hentry","category-corona","tag-astrazeneca","tag-corona-pandemie","tag-landkreis-goettingen","tag-mobile-impfung"],"yoast_head":"<!-- This site is optimized with the Yoast SEO plugin v27.5 - https:\/\/yoast.com\/product\/yoast-seo-wordpress\/ -->\n<title>Bund setzt Impfungen mit Impfstoff AstraZeneca aus. Rund 3.000 Termine in Impfzentren des Landkreises werden verschoben - Radio Leinewelle<\/title>\n<meta name=\"robots\" content=\"index, follow, max-snippet:-1, max-image-preview:large, max-video-preview:-1\" \/>\n<link rel=\"canonical\" href=\"https:\/\/radioleinewelle.de\/index.php\/2021\/03\/15\/bund-setzt-impfungen-mit-impfstoff-astrazeneca-aus-rund-3-000-termine-in-impfzentren-des-landkreises-werden-verschoben\/\" \/>\n<meta property=\"og:locale\" content=\"de_DE\" \/>\n<meta property=\"og:type\" content=\"article\" \/>\n<meta property=\"og:title\" content=\"Bund setzt Impfungen mit Impfstoff AstraZeneca aus. Rund 3.000 Termine in Impfzentren des Landkreises werden verschoben - Radio Leinewelle\" \/>\n<meta property=\"og:description\" content=\"Das Bundesgesundheitsministerium setzt Impfungen mit dem Covid-19-Impfstoff des Herstellers AstraZeneca vorr\u00fcbergehend aus. Diese Entscheidung hat Auswirkungen auf dem Impfbetrieb im Landkreis G\u00f6ttingen. Die Mitteilung vom heutigen Nachmittag wird in den station\u00e4ren Impfzentren des Landkreises in den BBS II G\u00f6ttingen und an der OBS Herzberg umgehend umgesetzt. Geplante Impfungen, f\u00fcr die der Impfstoff AstraZeneca vorgesehen ist, [&hellip;]\" \/>\n<meta property=\"og:url\" content=\"https:\/\/radioleinewelle.de\/index.php\/2021\/03\/15\/bund-setzt-impfungen-mit-impfstoff-astrazeneca-aus-rund-3-000-termine-in-impfzentren-des-landkreises-werden-verschoben\/\" \/>\n<meta property=\"og:site_name\" content=\"Radio Leinewelle\" \/>\n<meta property=\"article:publisher\" content=\"https:\/\/www.facebook.com\/radioleinewelle\" \/>\n<meta property=\"article:author\" content=\"https:\/\/www.facebook.com\/radioleinewelle\" \/>\n<meta property=\"article:published_time\" content=\"2021-03-15T17:32:57+00:00\" \/>\n<meta name=\"author\" content=\"Leinewelle\" \/>\n<meta name=\"twitter:card\" content=\"summary_large_image\" \/>\n<meta name=\"twitter:creator\" content=\"@https:\/\/twitter.com\/RLeinewelle?ref_src=twsrcgoogletwcampserptwgrauthor\" \/>\n<meta name=\"twitter:site\" content=\"@RLeinewelle\" \/>\n<meta name=\"twitter:label1\" content=\"Verfasst von\" \/>\n\t<meta name=\"twitter:data1\" content=\"Leinewelle\" \/>\n\t<meta name=\"twitter:label2\" content=\"Gesch\u00e4tzte Lesezeit\" \/>\n\t<meta name=\"twitter:data2\" content=\"1\u00a0Minute\" \/>\n<script type=\"application\/ld+json\" class=\"yoast-schema-graph\">{\"@context\":\"https:\\\/\\\/schema.org\",\"@graph\":[{\"@type\":\"Article\",\"@id\":\"https:\\\/\\\/radioleinewelle.de\\\/index.php\\\/2021\\\/03\\\/15\\\/bund-setzt-impfungen-mit-impfstoff-astrazeneca-aus-rund-3-000-termine-in-impfzentren-des-landkreises-werden-verschoben\\\/#article\",\"isPartOf\":{\"@id\":\"https:\\\/\\\/radioleinewelle.de\\\/index.php\\\/2021\\\/03\\\/15\\\/bund-setzt-impfungen-mit-impfstoff-astrazeneca-aus-rund-3-000-termine-in-impfzentren-des-landkreises-werden-verschoben\\\/\"},\"author\":{\"name\":\"Leinewelle\",\"@id\":\"https:\\\/\\\/radioleinewelle.de\\\/#\\\/schema\\\/person\\\/45606f348637df637192dc1b68399a63\"},\"headline\":\"Bund setzt Impfungen mit Impfstoff AstraZeneca aus. Rund 3.000 Termine in Impfzentren des Landkreises werden verschoben\",\"datePublished\":\"2021-03-15T17:32:57+00:00\",\"mainEntityOfPage\":{\"@id\":\"https:\\\/\\\/radioleinewelle.de\\\/index.php\\\/2021\\\/03\\\/15\\\/bund-setzt-impfungen-mit-impfstoff-astrazeneca-aus-rund-3-000-termine-in-impfzentren-des-landkreises-werden-verschoben\\\/\"},\"wordCount\":241,\"publisher\":{\"@id\":\"https:\\\/\\\/radioleinewelle.de\\\/#organization\"},\"keywords\":[\"AstraZeneca\",\"Corona Pandemie\",\"Landkreis G\u00f6ttingen\",\"Mobile Impfung\"],\"articleSection\":[\"Corona\"],\"inLanguage\":\"de\"},{\"@type\":\"WebPage\",\"@id\":\"https:\\\/\\\/radioleinewelle.de\\\/index.php\\\/2021\\\/03\\\/15\\\/bund-setzt-impfungen-mit-impfstoff-astrazeneca-aus-rund-3-000-termine-in-impfzentren-des-landkreises-werden-verschoben\\\/\",\"url\":\"https:\\\/\\\/radioleinewelle.de\\\/index.php\\\/2021\\\/03\\\/15\\\/bund-setzt-impfungen-mit-impfstoff-astrazeneca-aus-rund-3-000-termine-in-impfzentren-des-landkreises-werden-verschoben\\\/\",\"name\":\"Bund setzt Impfungen mit Impfstoff AstraZeneca aus. Rund 3.000 Termine in Impfzentren des Landkreises werden verschoben - Radio Leinewelle\",\"isPartOf\":{\"@id\":\"https:\\\/\\\/radioleinewelle.de\\\/#website\"},\"datePublished\":\"2021-03-15T17:32:57+00:00\",\"breadcrumb\":{\"@id\":\"https:\\\/\\\/radioleinewelle.de\\\/index.php\\\/2021\\\/03\\\/15\\\/bund-setzt-impfungen-mit-impfstoff-astrazeneca-aus-rund-3-000-termine-in-impfzentren-des-landkreises-werden-verschoben\\\/#breadcrumb\"},\"inLanguage\":\"de\",\"potentialAction\":[{\"@type\":\"ReadAction\",\"target\":[\"https:\\\/\\\/radioleinewelle.de\\\/index.php\\\/2021\\\/03\\\/15\\\/bund-setzt-impfungen-mit-impfstoff-astrazeneca-aus-rund-3-000-termine-in-impfzentren-des-landkreises-werden-verschoben\\\/\"]}]},{\"@type\":\"BreadcrumbList\",\"@id\":\"https:\\\/\\\/radioleinewelle.de\\\/index.php\\\/2021\\\/03\\\/15\\\/bund-setzt-impfungen-mit-impfstoff-astrazeneca-aus-rund-3-000-termine-in-impfzentren-des-landkreises-werden-verschoben\\\/#breadcrumb\",\"itemListElement\":[{\"@type\":\"ListItem\",\"position\":1,\"name\":\"Startseite\",\"item\":\"https:\\\/\\\/radioleinewelle.de\\\/\"},{\"@type\":\"ListItem\",\"position\":2,\"name\":\"Bund setzt Impfungen mit Impfstoff AstraZeneca aus. Rund 3.000 Termine in Impfzentren des Landkreises werden verschoben\"}]},{\"@type\":\"WebSite\",\"@id\":\"https:\\\/\\\/radioleinewelle.de\\\/#website\",\"url\":\"https:\\\/\\\/radioleinewelle.de\\\/\",\"name\":\"Radio Leinewelle\",\"description\":\"\",\"publisher\":{\"@id\":\"https:\\\/\\\/radioleinewelle.de\\\/#organization\"},\"potentialAction\":[{\"@type\":\"SearchAction\",\"target\":{\"@type\":\"EntryPoint\",\"urlTemplate\":\"https:\\\/\\\/radioleinewelle.de\\\/?s={search_term_string}\"},\"query-input\":{\"@type\":\"PropertyValueSpecification\",\"valueRequired\":true,\"valueName\":\"search_term_string\"}}],\"inLanguage\":\"de\"},{\"@type\":\"Organization\",\"@id\":\"https:\\\/\\\/radioleinewelle.de\\\/#organization\",\"name\":\"Radio Leinewelle\",\"alternateName\":\"Mein Radio f\u00fcr S\u00fcdniedersachsen\",\"url\":\"https:\\\/\\\/radioleinewelle.de\\\/\",\"logo\":{\"@type\":\"ImageObject\",\"inLanguage\":\"de\",\"@id\":\"https:\\\/\\\/radioleinewelle.de\\\/#\\\/schema\\\/logo\\\/image\\\/\",\"url\":\"https:\\\/\\\/radioleinewelle.de\\\/wp-content\\\/uploads\\\/2023\\\/11\\\/cropped-Leinewelle_Logo_weiss.png\",\"contentUrl\":\"https:\\\/\\\/radioleinewelle.de\\\/wp-content\\\/uploads\\\/2023\\\/11\\\/cropped-Leinewelle_Logo_weiss.png\",\"width\":854,\"height\":260,\"caption\":\"Radio Leinewelle\"},\"image\":{\"@id\":\"https:\\\/\\\/radioleinewelle.de\\\/#\\\/schema\\\/logo\\\/image\\\/\"},\"sameAs\":[\"https:\\\/\\\/www.facebook.com\\\/radioleinewelle\",\"https:\\\/\\\/x.com\\\/RLeinewelle\",\"https:\\\/\\\/www.instagram.com\\\/radioleinewelle\\\/?hl=de\"]},{\"@type\":\"Person\",\"@id\":\"https:\\\/\\\/radioleinewelle.de\\\/#\\\/schema\\\/person\\\/45606f348637df637192dc1b68399a63\",\"name\":\"Leinewelle\",\"image\":{\"@type\":\"ImageObject\",\"inLanguage\":\"de\",\"@id\":\"https:\\\/\\\/secure.gravatar.com\\\/avatar\\\/05c9a17bc973052ee5d91549bd32fb4dd0dc85b7b85ae94b2e2b4943476bbea5?s=96&d=blank&r=g\",\"url\":\"https:\\\/\\\/secure.gravatar.com\\\/avatar\\\/05c9a17bc973052ee5d91549bd32fb4dd0dc85b7b85ae94b2e2b4943476bbea5?s=96&d=blank&r=g\",\"contentUrl\":\"https:\\\/\\\/secure.gravatar.com\\\/avatar\\\/05c9a17bc973052ee5d91549bd32fb4dd0dc85b7b85ae94b2e2b4943476bbea5?s=96&d=blank&r=g\",\"caption\":\"Leinewelle\"},\"sameAs\":[\"http:\\\/\\\/localhost\\\/radio%20leinewelle\\\/wordpress\",\"https:\\\/\\\/www.facebook.com\\\/radioleinewelle\",\"https:\\\/\\\/www.instagram.com\\\/radioleinewelle\",\"https:\\\/\\\/x.com\\\/https:\\\/\\\/twitter.com\\\/RLeinewelle?ref_src=twsrcgoogletwcampserptwgrauthor\",\"https:\\\/\\\/soundcloud.com\\\/foerderverein-lokalradio?utm_source=clipboard&utm_medium=text&utm_campaign=social_sharing\"],\"url\":\"https:\\\/\\\/radioleinewelle.de\\\/index.php\\\/author\\\/leinewelle\\\/\"}]}<\/script>\n<!-- \/ Yoast SEO plugin. -->","yoast_head_json":{"title":"Bund setzt Impfungen mit Impfstoff AstraZeneca aus. Rund 3.000 Termine in Impfzentren des Landkreises werden verschoben - Radio Leinewelle","robots":{"index":"index","follow":"follow","max-snippet":"max-snippet:-1","max-image-preview":"max-image-preview:large","max-video-preview":"max-video-preview:-1"},"canonical":"https:\/\/radioleinewelle.de\/index.php\/2021\/03\/15\/bund-setzt-impfungen-mit-impfstoff-astrazeneca-aus-rund-3-000-termine-in-impfzentren-des-landkreises-werden-verschoben\/","og_locale":"de_DE","og_type":"article","og_title":"Bund setzt Impfungen mit Impfstoff AstraZeneca aus. Rund 3.000 Termine in Impfzentren des Landkreises werden verschoben - Radio Leinewelle","og_description":"Das Bundesgesundheitsministerium setzt Impfungen mit dem Covid-19-Impfstoff des Herstellers AstraZeneca vorr\u00fcbergehend aus. Diese Entscheidung hat Auswirkungen auf dem Impfbetrieb im Landkreis G\u00f6ttingen. Die Mitteilung vom heutigen Nachmittag wird in den station\u00e4ren Impfzentren des Landkreises in den BBS II G\u00f6ttingen und an der OBS Herzberg umgehend umgesetzt. Geplante Impfungen, f\u00fcr die der Impfstoff AstraZeneca vorgesehen ist, [&hellip;]","og_url":"https:\/\/radioleinewelle.de\/index.php\/2021\/03\/15\/bund-setzt-impfungen-mit-impfstoff-astrazeneca-aus-rund-3-000-termine-in-impfzentren-des-landkreises-werden-verschoben\/","og_site_name":"Radio Leinewelle","article_publisher":"https:\/\/www.facebook.com\/radioleinewelle","article_author":"https:\/\/www.facebook.com\/radioleinewelle","article_published_time":"2021-03-15T17:32:57+00:00","author":"Leinewelle","twitter_card":"summary_large_image","twitter_creator":"@https:\/\/twitter.com\/RLeinewelle?ref_src=twsrcgoogletwcampserptwgrauthor","twitter_site":"@RLeinewelle","twitter_misc":{"Verfasst von":"Leinewelle","Gesch\u00e4tzte Lesezeit":"1\u00a0Minute"},"schema":{"@context":"https:\/\/schema.org","@graph":[{"@type":"Article","@id":"https:\/\/radioleinewelle.de\/index.php\/2021\/03\/15\/bund-setzt-impfungen-mit-impfstoff-astrazeneca-aus-rund-3-000-termine-in-impfzentren-des-landkreises-werden-verschoben\/#article","isPartOf":{"@id":"https:\/\/radioleinewelle.de\/index.php\/2021\/03\/15\/bund-setzt-impfungen-mit-impfstoff-astrazeneca-aus-rund-3-000-termine-in-impfzentren-des-landkreises-werden-verschoben\/"},"author":{"name":"Leinewelle","@id":"https:\/\/radioleinewelle.de\/#\/schema\/person\/45606f348637df637192dc1b68399a63"},"headline":"Bund setzt Impfungen mit Impfstoff AstraZeneca aus. Rund 3.000 Termine in Impfzentren des Landkreises werden verschoben","datePublished":"2021-03-15T17:32:57+00:00","mainEntityOfPage":{"@id":"https:\/\/radioleinewelle.de\/index.php\/2021\/03\/15\/bund-setzt-impfungen-mit-impfstoff-astrazeneca-aus-rund-3-000-termine-in-impfzentren-des-landkreises-werden-verschoben\/"},"wordCount":241,"publisher":{"@id":"https:\/\/radioleinewelle.de\/#organization"},"keywords":["AstraZeneca","Corona Pandemie","Landkreis G\u00f6ttingen","Mobile Impfung"],"articleSection":["Corona"],"inLanguage":"de"},{"@type":"WebPage","@id":"https:\/\/radioleinewelle.de\/index.php\/2021\/03\/15\/bund-setzt-impfungen-mit-impfstoff-astrazeneca-aus-rund-3-000-termine-in-impfzentren-des-landkreises-werden-verschoben\/","url":"https:\/\/radioleinewelle.de\/index.php\/2021\/03\/15\/bund-setzt-impfungen-mit-impfstoff-astrazeneca-aus-rund-3-000-termine-in-impfzentren-des-landkreises-werden-verschoben\/","name":"Bund setzt Impfungen mit Impfstoff AstraZeneca aus. Rund 3.000 Termine in Impfzentren des Landkreises werden verschoben - Radio Leinewelle","isPartOf":{"@id":"https:\/\/radioleinewelle.de\/#website"},"datePublished":"2021-03-15T17:32:57+00:00","breadcrumb":{"@id":"https:\/\/radioleinewelle.de\/index.php\/2021\/03\/15\/bund-setzt-impfungen-mit-impfstoff-astrazeneca-aus-rund-3-000-termine-in-impfzentren-des-landkreises-werden-verschoben\/#breadcrumb"},"inLanguage":"de","potentialAction":[{"@type":"ReadAction","target":["https:\/\/radioleinewelle.de\/index.php\/2021\/03\/15\/bund-setzt-impfungen-mit-impfstoff-astrazeneca-aus-rund-3-000-termine-in-impfzentren-des-landkreises-werden-verschoben\/"]}]},{"@type":"BreadcrumbList","@id":"https:\/\/radioleinewelle.de\/index.php\/2021\/03\/15\/bund-setzt-impfungen-mit-impfstoff-astrazeneca-aus-rund-3-000-termine-in-impfzentren-des-landkreises-werden-verschoben\/#breadcrumb","itemListElement":[{"@type":"ListItem","position":1,"name":"Startseite","item":"https:\/\/radioleinewelle.de\/"},{"@type":"ListItem","position":2,"name":"Bund setzt Impfungen mit Impfstoff AstraZeneca aus. Rund 3.000 Termine in Impfzentren des Landkreises werden verschoben"}]},{"@type":"WebSite","@id":"https:\/\/radioleinewelle.de\/#website","url":"https:\/\/radioleinewelle.de\/","name":"Radio Leinewelle","description":"","publisher":{"@id":"https:\/\/radioleinewelle.de\/#organization"},"potentialAction":[{"@type":"SearchAction","target":{"@type":"EntryPoint","urlTemplate":"https:\/\/radioleinewelle.de\/?s={search_term_string}"},"query-input":{"@type":"PropertyValueSpecification","valueRequired":true,"valueName":"search_term_string"}}],"inLanguage":"de"},{"@type":"Organization","@id":"https:\/\/radioleinewelle.de\/#organization","name":"Radio Leinewelle","alternateName":"Mein Radio f\u00fcr S\u00fcdniedersachsen","url":"https:\/\/radioleinewelle.de\/","logo":{"@type":"ImageObject","inLanguage":"de","@id":"https:\/\/radioleinewelle.de\/#\/schema\/logo\/image\/","url":"https:\/\/radioleinewelle.de\/wp-content\/uploads\/2023\/11\/cropped-Leinewelle_Logo_weiss.png","contentUrl":"https:\/\/radioleinewelle.de\/wp-content\/uploads\/2023\/11\/cropped-Leinewelle_Logo_weiss.png","width":854,"height":260,"caption":"Radio Leinewelle"},"image":{"@id":"https:\/\/radioleinewelle.de\/#\/schema\/logo\/image\/"},"sameAs":["https:\/\/www.facebook.com\/radioleinewelle","https:\/\/x.com\/RLeinewelle","https:\/\/www.instagram.com\/radioleinewelle\/?hl=de"]},{"@type":"Person","@id":"https:\/\/radioleinewelle.de\/#\/schema\/person\/45606f348637df637192dc1b68399a63","name":"Leinewelle","image":{"@type":"ImageObject","inLanguage":"de","@id":"https:\/\/secure.gravatar.com\/avatar\/05c9a17bc973052ee5d91549bd32fb4dd0dc85b7b85ae94b2e2b4943476bbea5?s=96&d=blank&r=g","url":"https:\/\/secure.gravatar.com\/avatar\/05c9a17bc973052ee5d91549bd32fb4dd0dc85b7b85ae94b2e2b4943476bbea5?s=96&d=blank&r=g","contentUrl":"https:\/\/secure.gravatar.com\/avatar\/05c9a17bc973052ee5d91549bd32fb4dd0dc85b7b85ae94b2e2b4943476bbea5?s=96&d=blank&r=g","caption":"Leinewelle"},"sameAs":["http:\/\/localhost\/radio%20leinewelle\/wordpress","https:\/\/www.facebook.com\/radioleinewelle","https:\/\/www.instagram.com\/radioleinewelle","https:\/\/x.com\/https:\/\/twitter.com\/RLeinewelle?ref_src=twsrcgoogletwcampserptwgrauthor","https:\/\/soundcloud.com\/foerderverein-lokalradio?utm_source=clipboard&utm_medium=text&utm_campaign=social_sharing"],"url":"https:\/\/radioleinewelle.de\/index.php\/author\/leinewelle\/"}]}},"_links":{"self":[{"href":"https:\/\/radioleinewelle.de\/index.php\/wp-json\/wp\/v2\/posts\/6183","targetHints":{"allow":["GET"]}}],"collection":[{"href":"https:\/\/radioleinewelle.de\/index.php\/wp-json\/wp\/v2\/posts"}],"about":[{"href":"https:\/\/radioleinewelle.de\/index.php\/wp-json\/wp\/v2\/types\/post"}],"author":[{"embeddable":true,"href":"https:\/\/radioleinewelle.de\/index.php\/wp-json\/wp\/v2\/users\/1"}],"replies":[{"embeddable":true,"href":"https:\/\/radioleinewelle.de\/index.php\/wp-json\/wp\/v2\/comments?post=6183"}],"version-history":[{"count":0,"href":"https:\/\/radioleinewelle.de\/index.php\/wp-json\/wp\/v2\/posts\/6183\/revisions"}],"wp:attachment":[{"href":"https:\/\/radioleinewelle.de\/index.php\/wp-json\/wp\/v2\/media?parent=6183"}],"wp:term":[{"taxonomy":"category","embeddable":true,"href":"https:\/\/radioleinewelle.de\/index.php\/wp-json\/wp\/v2\/categories?post=6183"},{"taxonomy":"post_tag","embeddable":true,"href":"https:\/\/radioleinewelle.de\/index.php\/wp-json\/wp\/v2\/tags?post=6183"}],"curies":[{"name":"wp","href":"https:\/\/api.w.org\/{rel}","templated":true}]}}