{"id":6206,"date":"2021-03-16T16:32:44","date_gmt":"2021-03-16T15:32:44","guid":{"rendered":"https:\/\/radioleinewelle.de\/?p=6206"},"modified":"2021-03-16T16:32:44","modified_gmt":"2021-03-16T15:32:44","slug":"cdu-stadtverband-fordert-stimmiges-gesamtkonzept-bei-theatersanierung","status":"publish","type":"post","link":"https:\/\/radioleinewelle.de\/index.php\/2021\/03\/16\/cdu-stadtverband-fordert-stimmiges-gesamtkonzept-bei-theatersanierung\/","title":{"rendered":"CDU Stadtverband fordert stimmiges Gesamtkonzept bei Theatersanierung"},"content":{"rendered":"\n<p>Die Sanierung des Deutschen Theaters als gr\u00f6\u00dfte Kulturst\u00e4tte G\u00f6ttingens sei eine gro\u00dfe Herausforderung f\u00fcr die Stadt, die Politik und die Stadtgesellschaft, ist sich der CDU Stadtverband G\u00f6ttingen sicher. Mit Investitionen zwischen 55 Millionen bis zu 185 Millionen Euro sei gerade eines der gr\u00f6\u00dften st\u00e4dtischen Bauprojekte der Region in Planung.<\/p>\n\n\n\n<p>\u201eMan muss nun die bevorstehende Sanierung und die damit verbundenen Kosten als Weckruf f\u00fcr die Verwaltung sehen. Die Stadt darf Objekte in ihrem Eigentum nicht erneut jahrzehntelang vernachl\u00e4ssigen, schon gar nicht solche, die so eng mit unserer Geschichte der Stadt verkn\u00fcpft sind\u201c, fordert Carina Hermann, Vorsitzende des CDU Stadtverbandes G\u00f6ttingen. Gleichzeitig sei die umfassende Sanierung eine Chance f\u00fcr das Theater, die Stadt und die Region.<\/p>\n\n\n\n<p>\u201eWas wir nun brauchen, ist ein stimmiges Sanierungskonzept f\u00fcr das DT, welches von Fachleuten begleitet wird. Um Probleme, wie zum Beispiel bei der Sanierung des Opernhauses in K\u00f6ln zu vermeiden, ist die Einbindung von Architekturb\u00fcros in die weitere Planung alternativlos. Und, das DT muss bei den Planungen mit am Tisch sitzen!\u201c, stellt Johann-Sebastian Sommer, Sprecher der AG Kultur im CDU Stadtverband, fest. \u201eEine bedarfsgerechte Sanierung muss diese Punkte in sich vereinen!\u201c<\/p>\n\n\n\n<p>Das Deutsche Theater G\u00f6ttingen sei nicht nur als reine Kulturst\u00e4tte zu verstehen, so die \u00dcberzeugung der beiden Politiker, vielmehr sei es Ort der Bildung, der Begegnung und des Austauschs. \u201eBei einem Theaterbesuch geht es nicht nur um das Schauen eines Theaterst\u00fcckes, es geht immer auch um das Erleben mit anderen, die pers\u00f6nliche Begegnung und den anschlie\u00dfenden Diskurs.\u201c<\/p>\n","protected":false},"excerpt":{"rendered":"<p>Die Sanierung des Deutschen Theaters als gr\u00f6\u00dfte Kulturst\u00e4tte G\u00f6ttingens sei eine gro\u00dfe Herausforderung f\u00fcr die Stadt, die Politik und die Stadtgesellschaft, ist sich der CDU Stadtverband G\u00f6ttingen sicher. Mit Investitionen zwischen 55 Millionen bis zu 185 Millionen Euro sei gerade eines der gr\u00f6\u00dften st\u00e4dtischen Bauprojekte der Region in Planung. \u201eMan muss nun die bevorstehende Sanierung [&hellip;]<\/p>\n","protected":false},"author":1,"featured_media":2064,"comment_status":"closed","ping_status":"closed","sticky":false,"template":"","format":"standard","meta":{"saved_in_kubio":false,"footnotes":""},"categories":[45,39],"tags":[339,340,341,342],"class_list":["post-6206","post","type-post","status-publish","format-standard","has-post-thumbnail","hentry","category-kultur","category-lokalpolitik","tag-carina-hermann","tag-cdu-stadtverband-goettingen-deutsches-theater-goettingen","tag-deutsches-theater-goettingen","tag-sanierung"],"yoast_head":"<!-- This site is optimized with the Yoast SEO plugin v27.5 - https:\/\/yoast.com\/product\/yoast-seo-wordpress\/ -->\n<title>CDU Stadtverband fordert stimmiges Gesamtkonzept bei Theatersanierung - Radio Leinewelle<\/title>\n<meta name=\"robots\" content=\"index, follow, max-snippet:-1, max-image-preview:large, max-video-preview:-1\" \/>\n<link rel=\"canonical\" href=\"https:\/\/radioleinewelle.de\/index.php\/2021\/03\/16\/cdu-stadtverband-fordert-stimmiges-gesamtkonzept-bei-theatersanierung\/\" \/>\n<meta property=\"og:locale\" content=\"de_DE\" \/>\n<meta property=\"og:type\" content=\"article\" \/>\n<meta property=\"og:title\" content=\"CDU Stadtverband fordert stimmiges Gesamtkonzept bei Theatersanierung - Radio Leinewelle\" \/>\n<meta property=\"og:description\" content=\"Die Sanierung des Deutschen Theaters als gr\u00f6\u00dfte Kulturst\u00e4tte G\u00f6ttingens sei eine gro\u00dfe Herausforderung f\u00fcr die Stadt, die Politik und die Stadtgesellschaft, ist sich der CDU Stadtverband G\u00f6ttingen sicher. Mit Investitionen zwischen 55 Millionen bis zu 185 Millionen Euro sei gerade eines der gr\u00f6\u00dften st\u00e4dtischen Bauprojekte der Region in Planung. \u201eMan muss nun die bevorstehende Sanierung [&hellip;]\" \/>\n<meta property=\"og:url\" content=\"https:\/\/radioleinewelle.de\/index.php\/2021\/03\/16\/cdu-stadtverband-fordert-stimmiges-gesamtkonzept-bei-theatersanierung\/\" \/>\n<meta property=\"og:site_name\" content=\"Radio Leinewelle\" \/>\n<meta property=\"article:publisher\" content=\"https:\/\/www.facebook.com\/radioleinewelle\" \/>\n<meta property=\"article:author\" content=\"https:\/\/www.facebook.com\/radioleinewelle\" \/>\n<meta property=\"article:published_time\" content=\"2021-03-16T15:32:44+00:00\" \/>\n<meta property=\"og:image\" content=\"https:\/\/radioleinewelle.de\/wp-content\/uploads\/2020\/10\/Deutsches-Theater.jpg\" \/>\n\t<meta property=\"og:image:width\" content=\"780\" \/>\n\t<meta property=\"og:image:height\" content=\"353\" \/>\n\t<meta property=\"og:image:type\" content=\"image\/jpeg\" \/>\n<meta name=\"author\" content=\"Leinewelle\" \/>\n<meta name=\"twitter:card\" content=\"summary_large_image\" \/>\n<meta name=\"twitter:creator\" content=\"@https:\/\/twitter.com\/RLeinewelle?ref_src=twsrcgoogletwcampserptwgrauthor\" \/>\n<meta name=\"twitter:site\" content=\"@RLeinewelle\" \/>\n<meta name=\"twitter:label1\" content=\"Verfasst von\" \/>\n\t<meta name=\"twitter:data1\" content=\"Leinewelle\" \/>\n\t<meta name=\"twitter:label2\" content=\"Gesch\u00e4tzte Lesezeit\" \/>\n\t<meta name=\"twitter:data2\" content=\"2\u00a0Minuten\" \/>\n<script type=\"application\/ld+json\" class=\"yoast-schema-graph\">{\"@context\":\"https:\\\/\\\/schema.org\",\"@graph\":[{\"@type\":\"Article\",\"@id\":\"https:\\\/\\\/radioleinewelle.de\\\/index.php\\\/2021\\\/03\\\/16\\\/cdu-stadtverband-fordert-stimmiges-gesamtkonzept-bei-theatersanierung\\\/#article\",\"isPartOf\":{\"@id\":\"https:\\\/\\\/radioleinewelle.de\\\/index.php\\\/2021\\\/03\\\/16\\\/cdu-stadtverband-fordert-stimmiges-gesamtkonzept-bei-theatersanierung\\\/\"},\"author\":{\"name\":\"Leinewelle\",\"@id\":\"https:\\\/\\\/radioleinewelle.de\\\/#\\\/schema\\\/person\\\/45606f348637df637192dc1b68399a63\"},\"headline\":\"CDU Stadtverband fordert stimmiges Gesamtkonzept bei Theatersanierung\",\"datePublished\":\"2021-03-16T15:32:44+00:00\",\"mainEntityOfPage\":{\"@id\":\"https:\\\/\\\/radioleinewelle.de\\\/index.php\\\/2021\\\/03\\\/16\\\/cdu-stadtverband-fordert-stimmiges-gesamtkonzept-bei-theatersanierung\\\/\"},\"wordCount\":268,\"publisher\":{\"@id\":\"https:\\\/\\\/radioleinewelle.de\\\/#organization\"},\"image\":{\"@id\":\"https:\\\/\\\/radioleinewelle.de\\\/index.php\\\/2021\\\/03\\\/16\\\/cdu-stadtverband-fordert-stimmiges-gesamtkonzept-bei-theatersanierung\\\/#primaryimage\"},\"thumbnailUrl\":\"https:\\\/\\\/radioleinewelle.de\\\/wp-content\\\/uploads\\\/2020\\\/10\\\/Deutsches-Theater.jpg\",\"keywords\":[\"Carina Hermann\",\"CDU Stadtverband G\u00f6ttingen Deutsches Theater G\u00f6ttingen\",\"Deutsches Theater G\u00f6ttingen\",\"Sanierung\"],\"articleSection\":[\"Kultur\",\"Lokalpolitik\"],\"inLanguage\":\"de\"},{\"@type\":\"WebPage\",\"@id\":\"https:\\\/\\\/radioleinewelle.de\\\/index.php\\\/2021\\\/03\\\/16\\\/cdu-stadtverband-fordert-stimmiges-gesamtkonzept-bei-theatersanierung\\\/\",\"url\":\"https:\\\/\\\/radioleinewelle.de\\\/index.php\\\/2021\\\/03\\\/16\\\/cdu-stadtverband-fordert-stimmiges-gesamtkonzept-bei-theatersanierung\\\/\",\"name\":\"CDU Stadtverband fordert stimmiges Gesamtkonzept bei Theatersanierung - Radio Leinewelle\",\"isPartOf\":{\"@id\":\"https:\\\/\\\/radioleinewelle.de\\\/#website\"},\"primaryImageOfPage\":{\"@id\":\"https:\\\/\\\/radioleinewelle.de\\\/index.php\\\/2021\\\/03\\\/16\\\/cdu-stadtverband-fordert-stimmiges-gesamtkonzept-bei-theatersanierung\\\/#primaryimage\"},\"image\":{\"@id\":\"https:\\\/\\\/radioleinewelle.de\\\/index.php\\\/2021\\\/03\\\/16\\\/cdu-stadtverband-fordert-stimmiges-gesamtkonzept-bei-theatersanierung\\\/#primaryimage\"},\"thumbnailUrl\":\"https:\\\/\\\/radioleinewelle.de\\\/wp-content\\\/uploads\\\/2020\\\/10\\\/Deutsches-Theater.jpg\",\"datePublished\":\"2021-03-16T15:32:44+00:00\",\"breadcrumb\":{\"@id\":\"https:\\\/\\\/radioleinewelle.de\\\/index.php\\\/2021\\\/03\\\/16\\\/cdu-stadtverband-fordert-stimmiges-gesamtkonzept-bei-theatersanierung\\\/#breadcrumb\"},\"inLanguage\":\"de\",\"potentialAction\":[{\"@type\":\"ReadAction\",\"target\":[\"https:\\\/\\\/radioleinewelle.de\\\/index.php\\\/2021\\\/03\\\/16\\\/cdu-stadtverband-fordert-stimmiges-gesamtkonzept-bei-theatersanierung\\\/\"]}]},{\"@type\":\"ImageObject\",\"inLanguage\":\"de\",\"@id\":\"https:\\\/\\\/radioleinewelle.de\\\/index.php\\\/2021\\\/03\\\/16\\\/cdu-stadtverband-fordert-stimmiges-gesamtkonzept-bei-theatersanierung\\\/#primaryimage\",\"url\":\"https:\\\/\\\/radioleinewelle.de\\\/wp-content\\\/uploads\\\/2020\\\/10\\\/Deutsches-Theater.jpg\",\"contentUrl\":\"https:\\\/\\\/radioleinewelle.de\\\/wp-content\\\/uploads\\\/2020\\\/10\\\/Deutsches-Theater.jpg\",\"width\":780,\"height\":353},{\"@type\":\"BreadcrumbList\",\"@id\":\"https:\\\/\\\/radioleinewelle.de\\\/index.php\\\/2021\\\/03\\\/16\\\/cdu-stadtverband-fordert-stimmiges-gesamtkonzept-bei-theatersanierung\\\/#breadcrumb\",\"itemListElement\":[{\"@type\":\"ListItem\",\"position\":1,\"name\":\"Startseite\",\"item\":\"https:\\\/\\\/radioleinewelle.de\\\/\"},{\"@type\":\"ListItem\",\"position\":2,\"name\":\"CDU Stadtverband fordert stimmiges Gesamtkonzept bei Theatersanierung\"}]},{\"@type\":\"WebSite\",\"@id\":\"https:\\\/\\\/radioleinewelle.de\\\/#website\",\"url\":\"https:\\\/\\\/radioleinewelle.de\\\/\",\"name\":\"Radio Leinewelle\",\"description\":\"\",\"publisher\":{\"@id\":\"https:\\\/\\\/radioleinewelle.de\\\/#organization\"},\"potentialAction\":[{\"@type\":\"SearchAction\",\"target\":{\"@type\":\"EntryPoint\",\"urlTemplate\":\"https:\\\/\\\/radioleinewelle.de\\\/?s={search_term_string}\"},\"query-input\":{\"@type\":\"PropertyValueSpecification\",\"valueRequired\":true,\"valueName\":\"search_term_string\"}}],\"inLanguage\":\"de\"},{\"@type\":\"Organization\",\"@id\":\"https:\\\/\\\/radioleinewelle.de\\\/#organization\",\"name\":\"Radio Leinewelle\",\"alternateName\":\"Mein Radio f\u00fcr S\u00fcdniedersachsen\",\"url\":\"https:\\\/\\\/radioleinewelle.de\\\/\",\"logo\":{\"@type\":\"ImageObject\",\"inLanguage\":\"de\",\"@id\":\"https:\\\/\\\/radioleinewelle.de\\\/#\\\/schema\\\/logo\\\/image\\\/\",\"url\":\"https:\\\/\\\/radioleinewelle.de\\\/wp-content\\\/uploads\\\/2023\\\/11\\\/cropped-Leinewelle_Logo_weiss.png\",\"contentUrl\":\"https:\\\/\\\/radioleinewelle.de\\\/wp-content\\\/uploads\\\/2023\\\/11\\\/cropped-Leinewelle_Logo_weiss.png\",\"width\":854,\"height\":260,\"caption\":\"Radio Leinewelle\"},\"image\":{\"@id\":\"https:\\\/\\\/radioleinewelle.de\\\/#\\\/schema\\\/logo\\\/image\\\/\"},\"sameAs\":[\"https:\\\/\\\/www.facebook.com\\\/radioleinewelle\",\"https:\\\/\\\/x.com\\\/RLeinewelle\",\"https:\\\/\\\/www.instagram.com\\\/radioleinewelle\\\/?hl=de\"]},{\"@type\":\"Person\",\"@id\":\"https:\\\/\\\/radioleinewelle.de\\\/#\\\/schema\\\/person\\\/45606f348637df637192dc1b68399a63\",\"name\":\"Leinewelle\",\"image\":{\"@type\":\"ImageObject\",\"inLanguage\":\"de\",\"@id\":\"https:\\\/\\\/secure.gravatar.com\\\/avatar\\\/05c9a17bc973052ee5d91549bd32fb4dd0dc85b7b85ae94b2e2b4943476bbea5?s=96&d=blank&r=g\",\"url\":\"https:\\\/\\\/secure.gravatar.com\\\/avatar\\\/05c9a17bc973052ee5d91549bd32fb4dd0dc85b7b85ae94b2e2b4943476bbea5?s=96&d=blank&r=g\",\"contentUrl\":\"https:\\\/\\\/secure.gravatar.com\\\/avatar\\\/05c9a17bc973052ee5d91549bd32fb4dd0dc85b7b85ae94b2e2b4943476bbea5?s=96&d=blank&r=g\",\"caption\":\"Leinewelle\"},\"sameAs\":[\"http:\\\/\\\/localhost\\\/radio%20leinewelle\\\/wordpress\",\"https:\\\/\\\/www.facebook.com\\\/radioleinewelle\",\"https:\\\/\\\/www.instagram.com\\\/radioleinewelle\",\"https:\\\/\\\/x.com\\\/https:\\\/\\\/twitter.com\\\/RLeinewelle?ref_src=twsrcgoogletwcampserptwgrauthor\",\"https:\\\/\\\/soundcloud.com\\\/foerderverein-lokalradio?utm_source=clipboard&utm_medium=text&utm_campaign=social_sharing\"],\"url\":\"https:\\\/\\\/radioleinewelle.de\\\/index.php\\\/author\\\/leinewelle\\\/\"}]}<\/script>\n<!-- \/ Yoast SEO plugin. -->","yoast_head_json":{"title":"CDU Stadtverband fordert stimmiges Gesamtkonzept bei Theatersanierung - Radio Leinewelle","robots":{"index":"index","follow":"follow","max-snippet":"max-snippet:-1","max-image-preview":"max-image-preview:large","max-video-preview":"max-video-preview:-1"},"canonical":"https:\/\/radioleinewelle.de\/index.php\/2021\/03\/16\/cdu-stadtverband-fordert-stimmiges-gesamtkonzept-bei-theatersanierung\/","og_locale":"de_DE","og_type":"article","og_title":"CDU Stadtverband fordert stimmiges Gesamtkonzept bei Theatersanierung - Radio Leinewelle","og_description":"Die Sanierung des Deutschen Theaters als gr\u00f6\u00dfte Kulturst\u00e4tte G\u00f6ttingens sei eine gro\u00dfe Herausforderung f\u00fcr die Stadt, die Politik und die Stadtgesellschaft, ist sich der CDU Stadtverband G\u00f6ttingen sicher. Mit Investitionen zwischen 55 Millionen bis zu 185 Millionen Euro sei gerade eines der gr\u00f6\u00dften st\u00e4dtischen Bauprojekte der Region in Planung. \u201eMan muss nun die bevorstehende Sanierung [&hellip;]","og_url":"https:\/\/radioleinewelle.de\/index.php\/2021\/03\/16\/cdu-stadtverband-fordert-stimmiges-gesamtkonzept-bei-theatersanierung\/","og_site_name":"Radio Leinewelle","article_publisher":"https:\/\/www.facebook.com\/radioleinewelle","article_author":"https:\/\/www.facebook.com\/radioleinewelle","article_published_time":"2021-03-16T15:32:44+00:00","og_image":[{"width":780,"height":353,"url":"https:\/\/radioleinewelle.de\/wp-content\/uploads\/2020\/10\/Deutsches-Theater.jpg","type":"image\/jpeg"}],"author":"Leinewelle","twitter_card":"summary_large_image","twitter_creator":"@https:\/\/twitter.com\/RLeinewelle?ref_src=twsrcgoogletwcampserptwgrauthor","twitter_site":"@RLeinewelle","twitter_misc":{"Verfasst von":"Leinewelle","Gesch\u00e4tzte Lesezeit":"2\u00a0Minuten"},"schema":{"@context":"https:\/\/schema.org","@graph":[{"@type":"Article","@id":"https:\/\/radioleinewelle.de\/index.php\/2021\/03\/16\/cdu-stadtverband-fordert-stimmiges-gesamtkonzept-bei-theatersanierung\/#article","isPartOf":{"@id":"https:\/\/radioleinewelle.de\/index.php\/2021\/03\/16\/cdu-stadtverband-fordert-stimmiges-gesamtkonzept-bei-theatersanierung\/"},"author":{"name":"Leinewelle","@id":"https:\/\/radioleinewelle.de\/#\/schema\/person\/45606f348637df637192dc1b68399a63"},"headline":"CDU Stadtverband fordert stimmiges Gesamtkonzept bei Theatersanierung","datePublished":"2021-03-16T15:32:44+00:00","mainEntityOfPage":{"@id":"https:\/\/radioleinewelle.de\/index.php\/2021\/03\/16\/cdu-stadtverband-fordert-stimmiges-gesamtkonzept-bei-theatersanierung\/"},"wordCount":268,"publisher":{"@id":"https:\/\/radioleinewelle.de\/#organization"},"image":{"@id":"https:\/\/radioleinewelle.de\/index.php\/2021\/03\/16\/cdu-stadtverband-fordert-stimmiges-gesamtkonzept-bei-theatersanierung\/#primaryimage"},"thumbnailUrl":"https:\/\/radioleinewelle.de\/wp-content\/uploads\/2020\/10\/Deutsches-Theater.jpg","keywords":["Carina Hermann","CDU Stadtverband G\u00f6ttingen Deutsches Theater G\u00f6ttingen","Deutsches Theater G\u00f6ttingen","Sanierung"],"articleSection":["Kultur","Lokalpolitik"],"inLanguage":"de"},{"@type":"WebPage","@id":"https:\/\/radioleinewelle.de\/index.php\/2021\/03\/16\/cdu-stadtverband-fordert-stimmiges-gesamtkonzept-bei-theatersanierung\/","url":"https:\/\/radioleinewelle.de\/index.php\/2021\/03\/16\/cdu-stadtverband-fordert-stimmiges-gesamtkonzept-bei-theatersanierung\/","name":"CDU Stadtverband fordert stimmiges Gesamtkonzept bei Theatersanierung - Radio Leinewelle","isPartOf":{"@id":"https:\/\/radioleinewelle.de\/#website"},"primaryImageOfPage":{"@id":"https:\/\/radioleinewelle.de\/index.php\/2021\/03\/16\/cdu-stadtverband-fordert-stimmiges-gesamtkonzept-bei-theatersanierung\/#primaryimage"},"image":{"@id":"https:\/\/radioleinewelle.de\/index.php\/2021\/03\/16\/cdu-stadtverband-fordert-stimmiges-gesamtkonzept-bei-theatersanierung\/#primaryimage"},"thumbnailUrl":"https:\/\/radioleinewelle.de\/wp-content\/uploads\/2020\/10\/Deutsches-Theater.jpg","datePublished":"2021-03-16T15:32:44+00:00","breadcrumb":{"@id":"https:\/\/radioleinewelle.de\/index.php\/2021\/03\/16\/cdu-stadtverband-fordert-stimmiges-gesamtkonzept-bei-theatersanierung\/#breadcrumb"},"inLanguage":"de","potentialAction":[{"@type":"ReadAction","target":["https:\/\/radioleinewelle.de\/index.php\/2021\/03\/16\/cdu-stadtverband-fordert-stimmiges-gesamtkonzept-bei-theatersanierung\/"]}]},{"@type":"ImageObject","inLanguage":"de","@id":"https:\/\/radioleinewelle.de\/index.php\/2021\/03\/16\/cdu-stadtverband-fordert-stimmiges-gesamtkonzept-bei-theatersanierung\/#primaryimage","url":"https:\/\/radioleinewelle.de\/wp-content\/uploads\/2020\/10\/Deutsches-Theater.jpg","contentUrl":"https:\/\/radioleinewelle.de\/wp-content\/uploads\/2020\/10\/Deutsches-Theater.jpg","width":780,"height":353},{"@type":"BreadcrumbList","@id":"https:\/\/radioleinewelle.de\/index.php\/2021\/03\/16\/cdu-stadtverband-fordert-stimmiges-gesamtkonzept-bei-theatersanierung\/#breadcrumb","itemListElement":[{"@type":"ListItem","position":1,"name":"Startseite","item":"https:\/\/radioleinewelle.de\/"},{"@type":"ListItem","position":2,"name":"CDU Stadtverband fordert stimmiges Gesamtkonzept bei Theatersanierung"}]},{"@type":"WebSite","@id":"https:\/\/radioleinewelle.de\/#website","url":"https:\/\/radioleinewelle.de\/","name":"Radio Leinewelle","description":"","publisher":{"@id":"https:\/\/radioleinewelle.de\/#organization"},"potentialAction":[{"@type":"SearchAction","target":{"@type":"EntryPoint","urlTemplate":"https:\/\/radioleinewelle.de\/?s={search_term_string}"},"query-input":{"@type":"PropertyValueSpecification","valueRequired":true,"valueName":"search_term_string"}}],"inLanguage":"de"},{"@type":"Organization","@id":"https:\/\/radioleinewelle.de\/#organization","name":"Radio Leinewelle","alternateName":"Mein Radio f\u00fcr S\u00fcdniedersachsen","url":"https:\/\/radioleinewelle.de\/","logo":{"@type":"ImageObject","inLanguage":"de","@id":"https:\/\/radioleinewelle.de\/#\/schema\/logo\/image\/","url":"https:\/\/radioleinewelle.de\/wp-content\/uploads\/2023\/11\/cropped-Leinewelle_Logo_weiss.png","contentUrl":"https:\/\/radioleinewelle.de\/wp-content\/uploads\/2023\/11\/cropped-Leinewelle_Logo_weiss.png","width":854,"height":260,"caption":"Radio Leinewelle"},"image":{"@id":"https:\/\/radioleinewelle.de\/#\/schema\/logo\/image\/"},"sameAs":["https:\/\/www.facebook.com\/radioleinewelle","https:\/\/x.com\/RLeinewelle","https:\/\/www.instagram.com\/radioleinewelle\/?hl=de"]},{"@type":"Person","@id":"https:\/\/radioleinewelle.de\/#\/schema\/person\/45606f348637df637192dc1b68399a63","name":"Leinewelle","image":{"@type":"ImageObject","inLanguage":"de","@id":"https:\/\/secure.gravatar.com\/avatar\/05c9a17bc973052ee5d91549bd32fb4dd0dc85b7b85ae94b2e2b4943476bbea5?s=96&d=blank&r=g","url":"https:\/\/secure.gravatar.com\/avatar\/05c9a17bc973052ee5d91549bd32fb4dd0dc85b7b85ae94b2e2b4943476bbea5?s=96&d=blank&r=g","contentUrl":"https:\/\/secure.gravatar.com\/avatar\/05c9a17bc973052ee5d91549bd32fb4dd0dc85b7b85ae94b2e2b4943476bbea5?s=96&d=blank&r=g","caption":"Leinewelle"},"sameAs":["http:\/\/localhost\/radio%20leinewelle\/wordpress","https:\/\/www.facebook.com\/radioleinewelle","https:\/\/www.instagram.com\/radioleinewelle","https:\/\/x.com\/https:\/\/twitter.com\/RLeinewelle?ref_src=twsrcgoogletwcampserptwgrauthor","https:\/\/soundcloud.com\/foerderverein-lokalradio?utm_source=clipboard&utm_medium=text&utm_campaign=social_sharing"],"url":"https:\/\/radioleinewelle.de\/index.php\/author\/leinewelle\/"}]}},"_links":{"self":[{"href":"https:\/\/radioleinewelle.de\/index.php\/wp-json\/wp\/v2\/posts\/6206","targetHints":{"allow":["GET"]}}],"collection":[{"href":"https:\/\/radioleinewelle.de\/index.php\/wp-json\/wp\/v2\/posts"}],"about":[{"href":"https:\/\/radioleinewelle.de\/index.php\/wp-json\/wp\/v2\/types\/post"}],"author":[{"embeddable":true,"href":"https:\/\/radioleinewelle.de\/index.php\/wp-json\/wp\/v2\/users\/1"}],"replies":[{"embeddable":true,"href":"https:\/\/radioleinewelle.de\/index.php\/wp-json\/wp\/v2\/comments?post=6206"}],"version-history":[{"count":0,"href":"https:\/\/radioleinewelle.de\/index.php\/wp-json\/wp\/v2\/posts\/6206\/revisions"}],"wp:featuredmedia":[{"embeddable":true,"href":"https:\/\/radioleinewelle.de\/index.php\/wp-json\/wp\/v2\/media\/2064"}],"wp:attachment":[{"href":"https:\/\/radioleinewelle.de\/index.php\/wp-json\/wp\/v2\/media?parent=6206"}],"wp:term":[{"taxonomy":"category","embeddable":true,"href":"https:\/\/radioleinewelle.de\/index.php\/wp-json\/wp\/v2\/categories?post=6206"},{"taxonomy":"post_tag","embeddable":true,"href":"https:\/\/radioleinewelle.de\/index.php\/wp-json\/wp\/v2\/tags?post=6206"}],"curies":[{"name":"wp","href":"https:\/\/api.w.org\/{rel}","templated":true}]}}