{"id":6761,"date":"2021-04-02T07:55:00","date_gmt":"2021-04-02T05:55:00","guid":{"rendered":"https:\/\/radioleinewelle.de\/?p=6761"},"modified":"2021-04-02T07:55:00","modified_gmt":"2021-04-02T05:55:00","slug":"maskenpflicht-in-stadt-und-landkreis-goettingen-wird-angepasst","status":"publish","type":"post","link":"https:\/\/radioleinewelle.de\/index.php\/2021\/04\/02\/maskenpflicht-in-stadt-und-landkreis-goettingen-wird-angepasst\/","title":{"rendered":"Maskenpflicht in Stadt und Landkreis G\u00f6ttingen wird angepasst"},"content":{"rendered":"\n<p>Aufgrund er ansteigenden Inzidenzwerte wird die Maskenpflicht in der G\u00f6ttinger Region entsprechend angepasst.<\/p>\n\n\n\n<h4 class=\"wp-block-heading\">Ab dem heutigen Karfreitag, 2. April 2021, gelten folgende Regeln:<\/h4>\n\n\n\n<h4 class=\"wp-block-heading\">Stadt G\u00f6ttingen<\/h4>\n\n\n\n<p>montags bis sonnabends von 8.00 Uhr bis 21.00 Uhr<br \/>Betroffen ist der Bereich der Innenstadt innerhalb und auf der Wallanlage einschlie\u00dflich des Albani-Parkplatzes.<\/p>\n\n\n\n<h4 class=\"wp-block-heading\">Stadt Bad Lauterberg im Harz<\/h4>\n\n\n\n<p>t\u00e4glich von 8.00 Uhr bis 20.00 Uhr<br \/>Betroffen ist die Hauptstra\u00dfe aus Richtung Braunlage\/Postplatz kommend ab Haus-Nr. 166 und Haus-Nr. 139 &#8211; 141 bis einschl. Haus-Nr. 88 (Fa. Schwickert) und Haus-Nr. 71 (\u201eBoulevard\u201c) sowie der Spielplatz \u201eTraumspielplatz\u201c im Kurpark.<\/p>\n\n\n\n<h4 class=\"wp-block-heading\">Stadt Osterode am Harz<\/h4>\n\n\n\n<p>t\u00e4glich von 8.00 Uhr bis 20.00 Uhr<br \/>Betroffen sind die Bereiche innerhalb des sogenannten Innenstadtrings der Stadt Osterode am Harz (Altstadt zwischen D\u00f6rgestra\u00dfe, Kaiserplatz, Neust\u00e4dter Tor, Spritzenhausplatz, Obere Neustadt, Jacobitorstra\u00dfe, Im Badegarten, Hoelemannpromenade, Eisensteinstra\u00dfe und K\u00f6nigsplatz) sowie der Kurpark und die Parkpl\u00e4tze Kurpark und Bleichestelle.<\/p>\n\n\n\n<h4 class=\"wp-block-heading\">Stadt Hann. M\u00fcnden<\/h4>\n\n\n\n<p>t\u00e4glich von 8.00 Uhr bis 20.00 Uhr<br \/>Betroffen ist der Bereich der Innenstadt auf Stra\u00dfen, Wegen und Pl\u00e4tzen.<br \/>&nbsp;<\/p>\n\n\n\n<h4 class=\"wp-block-heading\">Stadt Duderstadt<\/h4>\n\n\n\n<p>t\u00e4glich von 8.00 bis 20.00 Uhr<br \/>Betroffen sind die Bereiche Auf der Marktstra\u00dfe, auf den Wallanlagen und das LNS-Gel\u00e4nde\/Tabaluga Spielplatz sowie alle \u00f6ffentliche Spielpl\u00e4tze in der Kernstadt und den Ortsteilen Breitenberg, Brochthausen, Desingerode, Esplingerode, Fuhrbach, Gerblingerode, Hilkerode, Immingerode, Langenhagen, Mingerode, Nesselr\u00f6den, Tiftlingerode, Werxhausen und Westerode.<\/p>\n\n\n\n<h4 class=\"wp-block-heading\">Stadt Herzberg am Harz<\/h4>\n\n\n\n<p>montags bis freitags von 8.00 Uhr bis 20.00 Uhr und sonnabends von 8.00 Uhr bis 17.00 Uhr<br \/>Betroffen ist der Bereich der Fu\u00dfg\u00e4ngerzone der Stadt Herzberg am Harz auf Stra\u00dfen, Wegen und Pl\u00e4tzen.<\/p>\n\n\n\n<h4 class=\"wp-block-heading\">Samtgemeinde Radolfshausen\/Gemeinde Seeburg<\/h4>\n\n\n\n<p>t\u00e4glich von 8.00 Uhr bis 20.00 Uhr<br \/>Betroffen ist der \u00f6ffentliche Spielplatz \u201eTraumspielplatz\u201c in Seeburg.<\/p>\n\n\n\n<p><strong>Generell gilt nach der&nbsp;<a href=\"https:\/\/www.niedersachsen.de\/Coronavirus\/vorschriften-der-landesregierung-185856.html\" target=\"_blank\" rel=\"noreferrer noopener\">Corona-Landesverordnung&nbsp;<\/a>&nbsp;die Pflicht, eine Mund-Nasen-Bedeckung \u00fcberall dort, wo sich viele Menschen unter freiem Himmel auf engem Raum aufhalten.<\/strong><\/p>\n\n\n\n<p>Details zur Maskenpflicht sind im&nbsp;<a href=\"https:\/\/www.goettingen.de\/rathaus\/bekanntmachungen\/amtsblatt\/amtsblatt-2021.html\">Amtsblatt Nr. 10<\/a><a href=\"https:\/\/www.goettingen.de\/rathaus\/bekanntmachungen\/amtsblatt\/amtsblatt-2021.html\"><\/a>&nbsp;der Stadt G\u00f6ttingen nachzulesen.<\/p>\n","protected":false},"excerpt":{"rendered":"<p>Aufgrund er ansteigenden Inzidenzwerte wird die Maskenpflicht in der G\u00f6ttinger Region entsprechend angepasst. Ab dem heutigen Karfreitag, 2. April 2021, gelten folgende Regeln: Stadt G\u00f6ttingen montags bis sonnabends von 8.00 Uhr bis 21.00 UhrBetroffen ist der Bereich der Innenstadt innerhalb und auf der Wallanlage einschlie\u00dflich des Albani-Parkplatzes. Stadt Bad Lauterberg im Harz t\u00e4glich von 8.00 [&hellip;]<\/p>\n","protected":false},"author":1,"featured_media":6764,"comment_status":"closed","ping_status":"closed","sticky":false,"template":"","format":"standard","meta":{"saved_in_kubio":false,"footnotes":""},"categories":[23],"tags":[159,597,327,598],"class_list":["post-6761","post","type-post","status-publish","format-standard","has-post-thumbnail","hentry","category-corona","tag-corona","tag-inzidenzwerte","tag-landkreis-goettingen","tag-maskenpflicht"],"yoast_head":"<!-- This site is optimized with the Yoast SEO plugin v27.5 - https:\/\/yoast.com\/product\/yoast-seo-wordpress\/ -->\n<title>Maskenpflicht in Stadt und Landkreis G\u00f6ttingen wird angepasst - Radio Leinewelle<\/title>\n<meta name=\"robots\" content=\"index, follow, max-snippet:-1, max-image-preview:large, max-video-preview:-1\" \/>\n<link rel=\"canonical\" href=\"https:\/\/radioleinewelle.de\/index.php\/2021\/04\/02\/maskenpflicht-in-stadt-und-landkreis-goettingen-wird-angepasst\/\" \/>\n<meta property=\"og:locale\" content=\"de_DE\" \/>\n<meta property=\"og:type\" content=\"article\" \/>\n<meta property=\"og:title\" content=\"Maskenpflicht in Stadt und Landkreis G\u00f6ttingen wird angepasst - Radio Leinewelle\" \/>\n<meta property=\"og:description\" content=\"Aufgrund er ansteigenden Inzidenzwerte wird die Maskenpflicht in der G\u00f6ttinger Region entsprechend angepasst. Ab dem heutigen Karfreitag, 2. April 2021, gelten folgende Regeln: Stadt G\u00f6ttingen montags bis sonnabends von 8.00 Uhr bis 21.00 UhrBetroffen ist der Bereich der Innenstadt innerhalb und auf der Wallanlage einschlie\u00dflich des Albani-Parkplatzes. Stadt Bad Lauterberg im Harz t\u00e4glich von 8.00 [&hellip;]\" \/>\n<meta property=\"og:url\" content=\"https:\/\/radioleinewelle.de\/index.php\/2021\/04\/02\/maskenpflicht-in-stadt-und-landkreis-goettingen-wird-angepasst\/\" \/>\n<meta property=\"og:site_name\" content=\"Radio Leinewelle\" \/>\n<meta property=\"article:publisher\" content=\"https:\/\/www.facebook.com\/radioleinewelle\" \/>\n<meta property=\"article:author\" content=\"https:\/\/www.facebook.com\/radioleinewelle\" \/>\n<meta property=\"article:published_time\" content=\"2021-04-02T05:55:00+00:00\" \/>\n<meta property=\"og:image\" content=\"https:\/\/radioleinewelle.de\/wp-content\/uploads\/2021\/04\/mouth-guard-5068146_640.jpg\" \/>\n\t<meta property=\"og:image:width\" content=\"640\" \/>\n\t<meta property=\"og:image:height\" content=\"426\" \/>\n\t<meta property=\"og:image:type\" content=\"image\/jpeg\" \/>\n<meta name=\"author\" content=\"Leinewelle\" \/>\n<meta name=\"twitter:card\" content=\"summary_large_image\" \/>\n<meta name=\"twitter:creator\" content=\"@https:\/\/twitter.com\/RLeinewelle?ref_src=twsrcgoogletwcampserptwgrauthor\" \/>\n<meta name=\"twitter:site\" content=\"@RLeinewelle\" \/>\n<meta name=\"twitter:label1\" content=\"Verfasst von\" \/>\n\t<meta name=\"twitter:data1\" content=\"Leinewelle\" \/>\n\t<meta name=\"twitter:label2\" content=\"Gesch\u00e4tzte Lesezeit\" \/>\n\t<meta name=\"twitter:data2\" content=\"2\u00a0Minuten\" \/>\n<script type=\"application\/ld+json\" class=\"yoast-schema-graph\">{\"@context\":\"https:\\\/\\\/schema.org\",\"@graph\":[{\"@type\":\"Article\",\"@id\":\"https:\\\/\\\/radioleinewelle.de\\\/index.php\\\/2021\\\/04\\\/02\\\/maskenpflicht-in-stadt-und-landkreis-goettingen-wird-angepasst\\\/#article\",\"isPartOf\":{\"@id\":\"https:\\\/\\\/radioleinewelle.de\\\/index.php\\\/2021\\\/04\\\/02\\\/maskenpflicht-in-stadt-und-landkreis-goettingen-wird-angepasst\\\/\"},\"author\":{\"name\":\"Leinewelle\",\"@id\":\"https:\\\/\\\/radioleinewelle.de\\\/#\\\/schema\\\/person\\\/45606f348637df637192dc1b68399a63\"},\"headline\":\"Maskenpflicht in Stadt und Landkreis G\u00f6ttingen wird angepasst\",\"datePublished\":\"2021-04-02T05:55:00+00:00\",\"mainEntityOfPage\":{\"@id\":\"https:\\\/\\\/radioleinewelle.de\\\/index.php\\\/2021\\\/04\\\/02\\\/maskenpflicht-in-stadt-und-landkreis-goettingen-wird-angepasst\\\/\"},\"wordCount\":313,\"publisher\":{\"@id\":\"https:\\\/\\\/radioleinewelle.de\\\/#organization\"},\"image\":{\"@id\":\"https:\\\/\\\/radioleinewelle.de\\\/index.php\\\/2021\\\/04\\\/02\\\/maskenpflicht-in-stadt-und-landkreis-goettingen-wird-angepasst\\\/#primaryimage\"},\"thumbnailUrl\":\"https:\\\/\\\/radioleinewelle.de\\\/wp-content\\\/uploads\\\/2021\\\/04\\\/mouth-guard-5068146_640.jpg\",\"keywords\":[\"Corona\",\"Inzidenzwerte\",\"Landkreis G\u00f6ttingen\",\"Maskenpflicht\"],\"articleSection\":[\"Corona\"],\"inLanguage\":\"de\"},{\"@type\":\"WebPage\",\"@id\":\"https:\\\/\\\/radioleinewelle.de\\\/index.php\\\/2021\\\/04\\\/02\\\/maskenpflicht-in-stadt-und-landkreis-goettingen-wird-angepasst\\\/\",\"url\":\"https:\\\/\\\/radioleinewelle.de\\\/index.php\\\/2021\\\/04\\\/02\\\/maskenpflicht-in-stadt-und-landkreis-goettingen-wird-angepasst\\\/\",\"name\":\"Maskenpflicht in Stadt und Landkreis G\u00f6ttingen wird angepasst - Radio Leinewelle\",\"isPartOf\":{\"@id\":\"https:\\\/\\\/radioleinewelle.de\\\/#website\"},\"primaryImageOfPage\":{\"@id\":\"https:\\\/\\\/radioleinewelle.de\\\/index.php\\\/2021\\\/04\\\/02\\\/maskenpflicht-in-stadt-und-landkreis-goettingen-wird-angepasst\\\/#primaryimage\"},\"image\":{\"@id\":\"https:\\\/\\\/radioleinewelle.de\\\/index.php\\\/2021\\\/04\\\/02\\\/maskenpflicht-in-stadt-und-landkreis-goettingen-wird-angepasst\\\/#primaryimage\"},\"thumbnailUrl\":\"https:\\\/\\\/radioleinewelle.de\\\/wp-content\\\/uploads\\\/2021\\\/04\\\/mouth-guard-5068146_640.jpg\",\"datePublished\":\"2021-04-02T05:55:00+00:00\",\"breadcrumb\":{\"@id\":\"https:\\\/\\\/radioleinewelle.de\\\/index.php\\\/2021\\\/04\\\/02\\\/maskenpflicht-in-stadt-und-landkreis-goettingen-wird-angepasst\\\/#breadcrumb\"},\"inLanguage\":\"de\",\"potentialAction\":[{\"@type\":\"ReadAction\",\"target\":[\"https:\\\/\\\/radioleinewelle.de\\\/index.php\\\/2021\\\/04\\\/02\\\/maskenpflicht-in-stadt-und-landkreis-goettingen-wird-angepasst\\\/\"]}]},{\"@type\":\"ImageObject\",\"inLanguage\":\"de\",\"@id\":\"https:\\\/\\\/radioleinewelle.de\\\/index.php\\\/2021\\\/04\\\/02\\\/maskenpflicht-in-stadt-und-landkreis-goettingen-wird-angepasst\\\/#primaryimage\",\"url\":\"https:\\\/\\\/radioleinewelle.de\\\/wp-content\\\/uploads\\\/2021\\\/04\\\/mouth-guard-5068146_640.jpg\",\"contentUrl\":\"https:\\\/\\\/radioleinewelle.de\\\/wp-content\\\/uploads\\\/2021\\\/04\\\/mouth-guard-5068146_640.jpg\",\"width\":640,\"height\":426},{\"@type\":\"BreadcrumbList\",\"@id\":\"https:\\\/\\\/radioleinewelle.de\\\/index.php\\\/2021\\\/04\\\/02\\\/maskenpflicht-in-stadt-und-landkreis-goettingen-wird-angepasst\\\/#breadcrumb\",\"itemListElement\":[{\"@type\":\"ListItem\",\"position\":1,\"name\":\"Startseite\",\"item\":\"https:\\\/\\\/radioleinewelle.de\\\/\"},{\"@type\":\"ListItem\",\"position\":2,\"name\":\"Maskenpflicht in Stadt und Landkreis G\u00f6ttingen wird angepasst\"}]},{\"@type\":\"WebSite\",\"@id\":\"https:\\\/\\\/radioleinewelle.de\\\/#website\",\"url\":\"https:\\\/\\\/radioleinewelle.de\\\/\",\"name\":\"Radio Leinewelle\",\"description\":\"\",\"publisher\":{\"@id\":\"https:\\\/\\\/radioleinewelle.de\\\/#organization\"},\"potentialAction\":[{\"@type\":\"SearchAction\",\"target\":{\"@type\":\"EntryPoint\",\"urlTemplate\":\"https:\\\/\\\/radioleinewelle.de\\\/?s={search_term_string}\"},\"query-input\":{\"@type\":\"PropertyValueSpecification\",\"valueRequired\":true,\"valueName\":\"search_term_string\"}}],\"inLanguage\":\"de\"},{\"@type\":\"Organization\",\"@id\":\"https:\\\/\\\/radioleinewelle.de\\\/#organization\",\"name\":\"Radio Leinewelle\",\"alternateName\":\"Mein Radio f\u00fcr S\u00fcdniedersachsen\",\"url\":\"https:\\\/\\\/radioleinewelle.de\\\/\",\"logo\":{\"@type\":\"ImageObject\",\"inLanguage\":\"de\",\"@id\":\"https:\\\/\\\/radioleinewelle.de\\\/#\\\/schema\\\/logo\\\/image\\\/\",\"url\":\"https:\\\/\\\/radioleinewelle.de\\\/wp-content\\\/uploads\\\/2023\\\/11\\\/cropped-Leinewelle_Logo_weiss.png\",\"contentUrl\":\"https:\\\/\\\/radioleinewelle.de\\\/wp-content\\\/uploads\\\/2023\\\/11\\\/cropped-Leinewelle_Logo_weiss.png\",\"width\":854,\"height\":260,\"caption\":\"Radio Leinewelle\"},\"image\":{\"@id\":\"https:\\\/\\\/radioleinewelle.de\\\/#\\\/schema\\\/logo\\\/image\\\/\"},\"sameAs\":[\"https:\\\/\\\/www.facebook.com\\\/radioleinewelle\",\"https:\\\/\\\/x.com\\\/RLeinewelle\",\"https:\\\/\\\/www.instagram.com\\\/radioleinewelle\\\/?hl=de\"]},{\"@type\":\"Person\",\"@id\":\"https:\\\/\\\/radioleinewelle.de\\\/#\\\/schema\\\/person\\\/45606f348637df637192dc1b68399a63\",\"name\":\"Leinewelle\",\"image\":{\"@type\":\"ImageObject\",\"inLanguage\":\"de\",\"@id\":\"https:\\\/\\\/secure.gravatar.com\\\/avatar\\\/05c9a17bc973052ee5d91549bd32fb4dd0dc85b7b85ae94b2e2b4943476bbea5?s=96&d=blank&r=g\",\"url\":\"https:\\\/\\\/secure.gravatar.com\\\/avatar\\\/05c9a17bc973052ee5d91549bd32fb4dd0dc85b7b85ae94b2e2b4943476bbea5?s=96&d=blank&r=g\",\"contentUrl\":\"https:\\\/\\\/secure.gravatar.com\\\/avatar\\\/05c9a17bc973052ee5d91549bd32fb4dd0dc85b7b85ae94b2e2b4943476bbea5?s=96&d=blank&r=g\",\"caption\":\"Leinewelle\"},\"sameAs\":[\"http:\\\/\\\/localhost\\\/radio%20leinewelle\\\/wordpress\",\"https:\\\/\\\/www.facebook.com\\\/radioleinewelle\",\"https:\\\/\\\/www.instagram.com\\\/radioleinewelle\",\"https:\\\/\\\/x.com\\\/https:\\\/\\\/twitter.com\\\/RLeinewelle?ref_src=twsrcgoogletwcampserptwgrauthor\",\"https:\\\/\\\/soundcloud.com\\\/foerderverein-lokalradio?utm_source=clipboard&utm_medium=text&utm_campaign=social_sharing\"],\"url\":\"https:\\\/\\\/radioleinewelle.de\\\/index.php\\\/author\\\/leinewelle\\\/\"}]}<\/script>\n<!-- \/ Yoast SEO plugin. -->","yoast_head_json":{"title":"Maskenpflicht in Stadt und Landkreis G\u00f6ttingen wird angepasst - Radio Leinewelle","robots":{"index":"index","follow":"follow","max-snippet":"max-snippet:-1","max-image-preview":"max-image-preview:large","max-video-preview":"max-video-preview:-1"},"canonical":"https:\/\/radioleinewelle.de\/index.php\/2021\/04\/02\/maskenpflicht-in-stadt-und-landkreis-goettingen-wird-angepasst\/","og_locale":"de_DE","og_type":"article","og_title":"Maskenpflicht in Stadt und Landkreis G\u00f6ttingen wird angepasst - Radio Leinewelle","og_description":"Aufgrund er ansteigenden Inzidenzwerte wird die Maskenpflicht in der G\u00f6ttinger Region entsprechend angepasst. Ab dem heutigen Karfreitag, 2. April 2021, gelten folgende Regeln: Stadt G\u00f6ttingen montags bis sonnabends von 8.00 Uhr bis 21.00 UhrBetroffen ist der Bereich der Innenstadt innerhalb und auf der Wallanlage einschlie\u00dflich des Albani-Parkplatzes. Stadt Bad Lauterberg im Harz t\u00e4glich von 8.00 [&hellip;]","og_url":"https:\/\/radioleinewelle.de\/index.php\/2021\/04\/02\/maskenpflicht-in-stadt-und-landkreis-goettingen-wird-angepasst\/","og_site_name":"Radio Leinewelle","article_publisher":"https:\/\/www.facebook.com\/radioleinewelle","article_author":"https:\/\/www.facebook.com\/radioleinewelle","article_published_time":"2021-04-02T05:55:00+00:00","og_image":[{"width":640,"height":426,"url":"https:\/\/radioleinewelle.de\/wp-content\/uploads\/2021\/04\/mouth-guard-5068146_640.jpg","type":"image\/jpeg"}],"author":"Leinewelle","twitter_card":"summary_large_image","twitter_creator":"@https:\/\/twitter.com\/RLeinewelle?ref_src=twsrcgoogletwcampserptwgrauthor","twitter_site":"@RLeinewelle","twitter_misc":{"Verfasst von":"Leinewelle","Gesch\u00e4tzte Lesezeit":"2\u00a0Minuten"},"schema":{"@context":"https:\/\/schema.org","@graph":[{"@type":"Article","@id":"https:\/\/radioleinewelle.de\/index.php\/2021\/04\/02\/maskenpflicht-in-stadt-und-landkreis-goettingen-wird-angepasst\/#article","isPartOf":{"@id":"https:\/\/radioleinewelle.de\/index.php\/2021\/04\/02\/maskenpflicht-in-stadt-und-landkreis-goettingen-wird-angepasst\/"},"author":{"name":"Leinewelle","@id":"https:\/\/radioleinewelle.de\/#\/schema\/person\/45606f348637df637192dc1b68399a63"},"headline":"Maskenpflicht in Stadt und Landkreis G\u00f6ttingen wird angepasst","datePublished":"2021-04-02T05:55:00+00:00","mainEntityOfPage":{"@id":"https:\/\/radioleinewelle.de\/index.php\/2021\/04\/02\/maskenpflicht-in-stadt-und-landkreis-goettingen-wird-angepasst\/"},"wordCount":313,"publisher":{"@id":"https:\/\/radioleinewelle.de\/#organization"},"image":{"@id":"https:\/\/radioleinewelle.de\/index.php\/2021\/04\/02\/maskenpflicht-in-stadt-und-landkreis-goettingen-wird-angepasst\/#primaryimage"},"thumbnailUrl":"https:\/\/radioleinewelle.de\/wp-content\/uploads\/2021\/04\/mouth-guard-5068146_640.jpg","keywords":["Corona","Inzidenzwerte","Landkreis G\u00f6ttingen","Maskenpflicht"],"articleSection":["Corona"],"inLanguage":"de"},{"@type":"WebPage","@id":"https:\/\/radioleinewelle.de\/index.php\/2021\/04\/02\/maskenpflicht-in-stadt-und-landkreis-goettingen-wird-angepasst\/","url":"https:\/\/radioleinewelle.de\/index.php\/2021\/04\/02\/maskenpflicht-in-stadt-und-landkreis-goettingen-wird-angepasst\/","name":"Maskenpflicht in Stadt und Landkreis G\u00f6ttingen wird angepasst - Radio Leinewelle","isPartOf":{"@id":"https:\/\/radioleinewelle.de\/#website"},"primaryImageOfPage":{"@id":"https:\/\/radioleinewelle.de\/index.php\/2021\/04\/02\/maskenpflicht-in-stadt-und-landkreis-goettingen-wird-angepasst\/#primaryimage"},"image":{"@id":"https:\/\/radioleinewelle.de\/index.php\/2021\/04\/02\/maskenpflicht-in-stadt-und-landkreis-goettingen-wird-angepasst\/#primaryimage"},"thumbnailUrl":"https:\/\/radioleinewelle.de\/wp-content\/uploads\/2021\/04\/mouth-guard-5068146_640.jpg","datePublished":"2021-04-02T05:55:00+00:00","breadcrumb":{"@id":"https:\/\/radioleinewelle.de\/index.php\/2021\/04\/02\/maskenpflicht-in-stadt-und-landkreis-goettingen-wird-angepasst\/#breadcrumb"},"inLanguage":"de","potentialAction":[{"@type":"ReadAction","target":["https:\/\/radioleinewelle.de\/index.php\/2021\/04\/02\/maskenpflicht-in-stadt-und-landkreis-goettingen-wird-angepasst\/"]}]},{"@type":"ImageObject","inLanguage":"de","@id":"https:\/\/radioleinewelle.de\/index.php\/2021\/04\/02\/maskenpflicht-in-stadt-und-landkreis-goettingen-wird-angepasst\/#primaryimage","url":"https:\/\/radioleinewelle.de\/wp-content\/uploads\/2021\/04\/mouth-guard-5068146_640.jpg","contentUrl":"https:\/\/radioleinewelle.de\/wp-content\/uploads\/2021\/04\/mouth-guard-5068146_640.jpg","width":640,"height":426},{"@type":"BreadcrumbList","@id":"https:\/\/radioleinewelle.de\/index.php\/2021\/04\/02\/maskenpflicht-in-stadt-und-landkreis-goettingen-wird-angepasst\/#breadcrumb","itemListElement":[{"@type":"ListItem","position":1,"name":"Startseite","item":"https:\/\/radioleinewelle.de\/"},{"@type":"ListItem","position":2,"name":"Maskenpflicht in Stadt und Landkreis G\u00f6ttingen wird angepasst"}]},{"@type":"WebSite","@id":"https:\/\/radioleinewelle.de\/#website","url":"https:\/\/radioleinewelle.de\/","name":"Radio Leinewelle","description":"","publisher":{"@id":"https:\/\/radioleinewelle.de\/#organization"},"potentialAction":[{"@type":"SearchAction","target":{"@type":"EntryPoint","urlTemplate":"https:\/\/radioleinewelle.de\/?s={search_term_string}"},"query-input":{"@type":"PropertyValueSpecification","valueRequired":true,"valueName":"search_term_string"}}],"inLanguage":"de"},{"@type":"Organization","@id":"https:\/\/radioleinewelle.de\/#organization","name":"Radio Leinewelle","alternateName":"Mein Radio f\u00fcr S\u00fcdniedersachsen","url":"https:\/\/radioleinewelle.de\/","logo":{"@type":"ImageObject","inLanguage":"de","@id":"https:\/\/radioleinewelle.de\/#\/schema\/logo\/image\/","url":"https:\/\/radioleinewelle.de\/wp-content\/uploads\/2023\/11\/cropped-Leinewelle_Logo_weiss.png","contentUrl":"https:\/\/radioleinewelle.de\/wp-content\/uploads\/2023\/11\/cropped-Leinewelle_Logo_weiss.png","width":854,"height":260,"caption":"Radio Leinewelle"},"image":{"@id":"https:\/\/radioleinewelle.de\/#\/schema\/logo\/image\/"},"sameAs":["https:\/\/www.facebook.com\/radioleinewelle","https:\/\/x.com\/RLeinewelle","https:\/\/www.instagram.com\/radioleinewelle\/?hl=de"]},{"@type":"Person","@id":"https:\/\/radioleinewelle.de\/#\/schema\/person\/45606f348637df637192dc1b68399a63","name":"Leinewelle","image":{"@type":"ImageObject","inLanguage":"de","@id":"https:\/\/secure.gravatar.com\/avatar\/05c9a17bc973052ee5d91549bd32fb4dd0dc85b7b85ae94b2e2b4943476bbea5?s=96&d=blank&r=g","url":"https:\/\/secure.gravatar.com\/avatar\/05c9a17bc973052ee5d91549bd32fb4dd0dc85b7b85ae94b2e2b4943476bbea5?s=96&d=blank&r=g","contentUrl":"https:\/\/secure.gravatar.com\/avatar\/05c9a17bc973052ee5d91549bd32fb4dd0dc85b7b85ae94b2e2b4943476bbea5?s=96&d=blank&r=g","caption":"Leinewelle"},"sameAs":["http:\/\/localhost\/radio%20leinewelle\/wordpress","https:\/\/www.facebook.com\/radioleinewelle","https:\/\/www.instagram.com\/radioleinewelle","https:\/\/x.com\/https:\/\/twitter.com\/RLeinewelle?ref_src=twsrcgoogletwcampserptwgrauthor","https:\/\/soundcloud.com\/foerderverein-lokalradio?utm_source=clipboard&utm_medium=text&utm_campaign=social_sharing"],"url":"https:\/\/radioleinewelle.de\/index.php\/author\/leinewelle\/"}]}},"_links":{"self":[{"href":"https:\/\/radioleinewelle.de\/index.php\/wp-json\/wp\/v2\/posts\/6761","targetHints":{"allow":["GET"]}}],"collection":[{"href":"https:\/\/radioleinewelle.de\/index.php\/wp-json\/wp\/v2\/posts"}],"about":[{"href":"https:\/\/radioleinewelle.de\/index.php\/wp-json\/wp\/v2\/types\/post"}],"author":[{"embeddable":true,"href":"https:\/\/radioleinewelle.de\/index.php\/wp-json\/wp\/v2\/users\/1"}],"replies":[{"embeddable":true,"href":"https:\/\/radioleinewelle.de\/index.php\/wp-json\/wp\/v2\/comments?post=6761"}],"version-history":[{"count":0,"href":"https:\/\/radioleinewelle.de\/index.php\/wp-json\/wp\/v2\/posts\/6761\/revisions"}],"wp:featuredmedia":[{"embeddable":true,"href":"https:\/\/radioleinewelle.de\/index.php\/wp-json\/wp\/v2\/media\/6764"}],"wp:attachment":[{"href":"https:\/\/radioleinewelle.de\/index.php\/wp-json\/wp\/v2\/media?parent=6761"}],"wp:term":[{"taxonomy":"category","embeddable":true,"href":"https:\/\/radioleinewelle.de\/index.php\/wp-json\/wp\/v2\/categories?post=6761"},{"taxonomy":"post_tag","embeddable":true,"href":"https:\/\/radioleinewelle.de\/index.php\/wp-json\/wp\/v2\/tags?post=6761"}],"curies":[{"name":"wp","href":"https:\/\/api.w.org\/{rel}","templated":true}]}}