{"id":6786,"date":"2021-04-03T08:17:08","date_gmt":"2021-04-03T06:17:08","guid":{"rendered":"https:\/\/radioleinewelle.de\/?p=6786"},"modified":"2021-04-03T08:17:08","modified_gmt":"2021-04-03T06:17:08","slug":"senat-der-universitaet-goettingen-waehlt-neue-vizepraesidentinnen","status":"publish","type":"post","link":"https:\/\/radioleinewelle.de\/index.php\/2021\/04\/03\/senat-der-universitaet-goettingen-waehlt-neue-vizepraesidentinnen\/","title":{"rendered":"Senat der Universit\u00e4t G\u00f6ttingen w\u00e4hlt neue Vizepr\u00e4sident*innen"},"content":{"rendered":"\n<p>(pug) Der Senat der Universit\u00e4t G\u00f6ttingen hat heute Prof. Dr. Anke Holler und Prof. Dr. Bernhard Br\u00fcmmer zu nebenberuflichen Vizepr\u00e4sident*innen der Hochschule gew\u00e4hlt. Der Stiftungsausschuss Universit\u00e4t hat die Entscheidungen des Senats bereits best\u00e4tigt, beide beginnen ihre zweij\u00e4hrige Amtszeit sofort. Die Germanistin Holler ist im Pr\u00e4sidium f\u00fcr den neu geschaffenen Gesch\u00e4ftsbereich \u201eBerufungen und Chancengleichheit\u201c verantwortlich. Der Agrarwissenschaftler Br\u00fcmmer \u00fcbernimmt den Gesch\u00e4ftsbereich \u201eForschung\u201c.<\/p>\n\n\n\n<p>\u201eIch freue mich, dass der Senat meinen Personalvorschl\u00e4gen gefolgt ist\u201c, sagte Universit\u00e4tspr\u00e4sident Prof. Dr. Metin Tolan, der ebenfalls heute sein Amt angetreten hat. \u201eUm die strategische Weiterentwicklung der Universit\u00e4t G\u00f6ttingen langfristig zu steuern, werden wir die Berufungen k\u00fcnftig in einem eigenen Gesch\u00e4ftsbereich betreuen. Mit den neu strukturierten Zust\u00e4ndigkeiten in der Hochschulleitung sind wir zukunftsorientiert aufgestellt.\u201c<\/p>\n\n\n\n<p><strong>Anke Holler<\/strong>, Jahrgang 1967, hat seit 2008 eine Professur f\u00fcr Germanistische Linguistik an der Universit\u00e4t G\u00f6ttingen inne. Vorher war sie Inhaberin einer Juniorprofessur mit Tenure Track an der Universit\u00e4t G\u00f6ttingen. Holler war seit 2015 bis zu ihrer Wahl zur Vizepr\u00e4sidentin Mitglied der Senatskommission f\u00fcr Entwicklung und Finanzen der Universit\u00e4t und in den vergangenen drei Jahren Vertreterin des Senats f\u00fcr die Geisteswissenschaften im G\u00f6ttingen Campus Council. Sie hat verschiedene interdisziplin\u00e4re Forschungsvorhaben initiiert und in koordinierten Programmen mitgewirkt. Aktuell ist sie stellvertretende Sprecherin des DFG-Graduiertenkollegs \u201eForm-meaning mismatches\u201c.<\/p>\n\n\n\n<p><strong>Bernhard Br\u00fcmmer<\/strong>, Jahrgang 1969, hat seit 2005 die Professur f\u00fcr Landwirtschaftliche Marktlehre an der Universit\u00e4t G\u00f6ttingen inne. In den vergangenen vier Jahren war er Finanzdekan der Fakult\u00e4t f\u00fcr Agrarwissenschaften. Seit 2012 ist er Mitglied im Vorstand des Zentrums f\u00fcr Biodiversit\u00e4t und nachhaltige Landnutzung der Universit\u00e4t G\u00f6ttingen, dessen gesch\u00e4ftsf\u00fchrender Direktor er von 2016 bis 2019 war. Seit 2016 ist Br\u00fcmmer Fachkollegiat im DFG-Fachkollegium Agrar-, Forstwissenschaften und Tiermedizin, dar\u00fcber hinaus war und ist er als&nbsp;<em>principal investigator<\/em>&nbsp;in zahlreichen koordinierten DFG-Programmen t\u00e4tig.<\/p>\n","protected":false},"excerpt":{"rendered":"<p>(pug) Der Senat der Universit\u00e4t G\u00f6ttingen hat heute Prof. Dr. Anke Holler und Prof. Dr. Bernhard Br\u00fcmmer zu nebenberuflichen Vizepr\u00e4sident*innen der Hochschule gew\u00e4hlt. Der Stiftungsausschuss Universit\u00e4t hat die Entscheidungen des Senats bereits best\u00e4tigt, beide beginnen ihre zweij\u00e4hrige Amtszeit sofort. Die Germanistin Holler ist im Pr\u00e4sidium f\u00fcr den neu geschaffenen Gesch\u00e4ftsbereich \u201eBerufungen und Chancengleichheit\u201c verantwortlich. Der [&hellip;]<\/p>\n","protected":false},"author":1,"featured_media":6789,"comment_status":"closed","ping_status":"closed","sticky":false,"template":"","format":"standard","meta":{"saved_in_kubio":false,"footnotes":""},"categories":[35],"tags":[599,600,601],"class_list":["post-6786","post","type-post","status-publish","format-standard","has-post-thumbnail","hentry","category-universitaet","tag-prof-dr-anke-holler","tag-prof-dr-bernhard-bruemmer","tag-stiftungsausschuss-universitaet"],"yoast_head":"<!-- This site is optimized with the Yoast SEO plugin v27.5 - https:\/\/yoast.com\/product\/yoast-seo-wordpress\/ -->\n<title>Senat der Universit\u00e4t G\u00f6ttingen w\u00e4hlt neue Vizepr\u00e4sident*innen - Radio Leinewelle<\/title>\n<meta name=\"robots\" content=\"index, follow, max-snippet:-1, max-image-preview:large, max-video-preview:-1\" \/>\n<link rel=\"canonical\" href=\"https:\/\/radioleinewelle.de\/index.php\/2021\/04\/03\/senat-der-universitaet-goettingen-waehlt-neue-vizepraesidentinnen\/\" \/>\n<meta property=\"og:locale\" content=\"de_DE\" \/>\n<meta property=\"og:type\" content=\"article\" \/>\n<meta property=\"og:title\" content=\"Senat der Universit\u00e4t G\u00f6ttingen w\u00e4hlt neue Vizepr\u00e4sident*innen - Radio Leinewelle\" \/>\n<meta property=\"og:description\" content=\"(pug) Der Senat der Universit\u00e4t G\u00f6ttingen hat heute Prof. Dr. Anke Holler und Prof. Dr. Bernhard Br\u00fcmmer zu nebenberuflichen Vizepr\u00e4sident*innen der Hochschule gew\u00e4hlt. Der Stiftungsausschuss Universit\u00e4t hat die Entscheidungen des Senats bereits best\u00e4tigt, beide beginnen ihre zweij\u00e4hrige Amtszeit sofort. Die Germanistin Holler ist im Pr\u00e4sidium f\u00fcr den neu geschaffenen Gesch\u00e4ftsbereich \u201eBerufungen und Chancengleichheit\u201c verantwortlich. Der [&hellip;]\" \/>\n<meta property=\"og:url\" content=\"https:\/\/radioleinewelle.de\/index.php\/2021\/04\/03\/senat-der-universitaet-goettingen-waehlt-neue-vizepraesidentinnen\/\" \/>\n<meta property=\"og:site_name\" content=\"Radio Leinewelle\" \/>\n<meta property=\"article:publisher\" content=\"https:\/\/www.facebook.com\/radioleinewelle\" \/>\n<meta property=\"article:author\" content=\"https:\/\/www.facebook.com\/radioleinewelle\" \/>\n<meta property=\"article:published_time\" content=\"2021-04-03T06:17:08+00:00\" \/>\n<meta property=\"og:image\" content=\"https:\/\/radioleinewelle.de\/wp-content\/uploads\/2021\/04\/pic_927f1646e820210401173818-e1617430591631.jpg\" \/>\n\t<meta property=\"og:image:width\" content=\"600\" \/>\n\t<meta property=\"og:image:height\" content=\"399\" \/>\n\t<meta property=\"og:image:type\" content=\"image\/jpeg\" \/>\n<meta name=\"author\" content=\"Leinewelle\" \/>\n<meta name=\"twitter:card\" content=\"summary_large_image\" \/>\n<meta name=\"twitter:creator\" content=\"@https:\/\/twitter.com\/RLeinewelle?ref_src=twsrcgoogletwcampserptwgrauthor\" \/>\n<meta name=\"twitter:site\" content=\"@RLeinewelle\" \/>\n<meta name=\"twitter:label1\" content=\"Verfasst von\" \/>\n\t<meta name=\"twitter:data1\" content=\"Leinewelle\" \/>\n\t<meta name=\"twitter:label2\" content=\"Gesch\u00e4tzte Lesezeit\" \/>\n\t<meta name=\"twitter:data2\" content=\"2\u00a0Minuten\" \/>\n<script type=\"application\/ld+json\" class=\"yoast-schema-graph\">{\"@context\":\"https:\\\/\\\/schema.org\",\"@graph\":[{\"@type\":\"Article\",\"@id\":\"https:\\\/\\\/radioleinewelle.de\\\/index.php\\\/2021\\\/04\\\/03\\\/senat-der-universitaet-goettingen-waehlt-neue-vizepraesidentinnen\\\/#article\",\"isPartOf\":{\"@id\":\"https:\\\/\\\/radioleinewelle.de\\\/index.php\\\/2021\\\/04\\\/03\\\/senat-der-universitaet-goettingen-waehlt-neue-vizepraesidentinnen\\\/\"},\"author\":{\"name\":\"Leinewelle\",\"@id\":\"https:\\\/\\\/radioleinewelle.de\\\/#\\\/schema\\\/person\\\/45606f348637df637192dc1b68399a63\"},\"headline\":\"Senat der Universit\u00e4t G\u00f6ttingen w\u00e4hlt neue Vizepr\u00e4sident*innen\",\"datePublished\":\"2021-04-03T06:17:08+00:00\",\"mainEntityOfPage\":{\"@id\":\"https:\\\/\\\/radioleinewelle.de\\\/index.php\\\/2021\\\/04\\\/03\\\/senat-der-universitaet-goettingen-waehlt-neue-vizepraesidentinnen\\\/\"},\"wordCount\":334,\"publisher\":{\"@id\":\"https:\\\/\\\/radioleinewelle.de\\\/#organization\"},\"image\":{\"@id\":\"https:\\\/\\\/radioleinewelle.de\\\/index.php\\\/2021\\\/04\\\/03\\\/senat-der-universitaet-goettingen-waehlt-neue-vizepraesidentinnen\\\/#primaryimage\"},\"thumbnailUrl\":\"https:\\\/\\\/radioleinewelle.de\\\/wp-content\\\/uploads\\\/2021\\\/04\\\/pic_927f1646e820210401173818-e1617430591631.jpg\",\"keywords\":[\"Prof. Dr. Anke Holler\",\"Prof. Dr. Bernhard Br\u00fcmmer\",\"Stiftungsausschuss Universit\u00e4t\"],\"articleSection\":[\"Universit\u00e4t\"],\"inLanguage\":\"de\"},{\"@type\":\"WebPage\",\"@id\":\"https:\\\/\\\/radioleinewelle.de\\\/index.php\\\/2021\\\/04\\\/03\\\/senat-der-universitaet-goettingen-waehlt-neue-vizepraesidentinnen\\\/\",\"url\":\"https:\\\/\\\/radioleinewelle.de\\\/index.php\\\/2021\\\/04\\\/03\\\/senat-der-universitaet-goettingen-waehlt-neue-vizepraesidentinnen\\\/\",\"name\":\"Senat der Universit\u00e4t G\u00f6ttingen w\u00e4hlt neue Vizepr\u00e4sident*innen - Radio Leinewelle\",\"isPartOf\":{\"@id\":\"https:\\\/\\\/radioleinewelle.de\\\/#website\"},\"primaryImageOfPage\":{\"@id\":\"https:\\\/\\\/radioleinewelle.de\\\/index.php\\\/2021\\\/04\\\/03\\\/senat-der-universitaet-goettingen-waehlt-neue-vizepraesidentinnen\\\/#primaryimage\"},\"image\":{\"@id\":\"https:\\\/\\\/radioleinewelle.de\\\/index.php\\\/2021\\\/04\\\/03\\\/senat-der-universitaet-goettingen-waehlt-neue-vizepraesidentinnen\\\/#primaryimage\"},\"thumbnailUrl\":\"https:\\\/\\\/radioleinewelle.de\\\/wp-content\\\/uploads\\\/2021\\\/04\\\/pic_927f1646e820210401173818-e1617430591631.jpg\",\"datePublished\":\"2021-04-03T06:17:08+00:00\",\"breadcrumb\":{\"@id\":\"https:\\\/\\\/radioleinewelle.de\\\/index.php\\\/2021\\\/04\\\/03\\\/senat-der-universitaet-goettingen-waehlt-neue-vizepraesidentinnen\\\/#breadcrumb\"},\"inLanguage\":\"de\",\"potentialAction\":[{\"@type\":\"ReadAction\",\"target\":[\"https:\\\/\\\/radioleinewelle.de\\\/index.php\\\/2021\\\/04\\\/03\\\/senat-der-universitaet-goettingen-waehlt-neue-vizepraesidentinnen\\\/\"]}]},{\"@type\":\"ImageObject\",\"inLanguage\":\"de\",\"@id\":\"https:\\\/\\\/radioleinewelle.de\\\/index.php\\\/2021\\\/04\\\/03\\\/senat-der-universitaet-goettingen-waehlt-neue-vizepraesidentinnen\\\/#primaryimage\",\"url\":\"https:\\\/\\\/radioleinewelle.de\\\/wp-content\\\/uploads\\\/2021\\\/04\\\/pic_927f1646e820210401173818-e1617430591631.jpg\",\"contentUrl\":\"https:\\\/\\\/radioleinewelle.de\\\/wp-content\\\/uploads\\\/2021\\\/04\\\/pic_927f1646e820210401173818-e1617430591631.jpg\",\"width\":600,\"height\":399},{\"@type\":\"BreadcrumbList\",\"@id\":\"https:\\\/\\\/radioleinewelle.de\\\/index.php\\\/2021\\\/04\\\/03\\\/senat-der-universitaet-goettingen-waehlt-neue-vizepraesidentinnen\\\/#breadcrumb\",\"itemListElement\":[{\"@type\":\"ListItem\",\"position\":1,\"name\":\"Startseite\",\"item\":\"https:\\\/\\\/radioleinewelle.de\\\/\"},{\"@type\":\"ListItem\",\"position\":2,\"name\":\"Senat der Universit\u00e4t G\u00f6ttingen w\u00e4hlt neue Vizepr\u00e4sident*innen\"}]},{\"@type\":\"WebSite\",\"@id\":\"https:\\\/\\\/radioleinewelle.de\\\/#website\",\"url\":\"https:\\\/\\\/radioleinewelle.de\\\/\",\"name\":\"Radio Leinewelle\",\"description\":\"\",\"publisher\":{\"@id\":\"https:\\\/\\\/radioleinewelle.de\\\/#organization\"},\"potentialAction\":[{\"@type\":\"SearchAction\",\"target\":{\"@type\":\"EntryPoint\",\"urlTemplate\":\"https:\\\/\\\/radioleinewelle.de\\\/?s={search_term_string}\"},\"query-input\":{\"@type\":\"PropertyValueSpecification\",\"valueRequired\":true,\"valueName\":\"search_term_string\"}}],\"inLanguage\":\"de\"},{\"@type\":\"Organization\",\"@id\":\"https:\\\/\\\/radioleinewelle.de\\\/#organization\",\"name\":\"Radio Leinewelle\",\"alternateName\":\"Mein Radio f\u00fcr S\u00fcdniedersachsen\",\"url\":\"https:\\\/\\\/radioleinewelle.de\\\/\",\"logo\":{\"@type\":\"ImageObject\",\"inLanguage\":\"de\",\"@id\":\"https:\\\/\\\/radioleinewelle.de\\\/#\\\/schema\\\/logo\\\/image\\\/\",\"url\":\"https:\\\/\\\/radioleinewelle.de\\\/wp-content\\\/uploads\\\/2023\\\/11\\\/cropped-Leinewelle_Logo_weiss.png\",\"contentUrl\":\"https:\\\/\\\/radioleinewelle.de\\\/wp-content\\\/uploads\\\/2023\\\/11\\\/cropped-Leinewelle_Logo_weiss.png\",\"width\":854,\"height\":260,\"caption\":\"Radio Leinewelle\"},\"image\":{\"@id\":\"https:\\\/\\\/radioleinewelle.de\\\/#\\\/schema\\\/logo\\\/image\\\/\"},\"sameAs\":[\"https:\\\/\\\/www.facebook.com\\\/radioleinewelle\",\"https:\\\/\\\/x.com\\\/RLeinewelle\",\"https:\\\/\\\/www.instagram.com\\\/radioleinewelle\\\/?hl=de\"]},{\"@type\":\"Person\",\"@id\":\"https:\\\/\\\/radioleinewelle.de\\\/#\\\/schema\\\/person\\\/45606f348637df637192dc1b68399a63\",\"name\":\"Leinewelle\",\"image\":{\"@type\":\"ImageObject\",\"inLanguage\":\"de\",\"@id\":\"https:\\\/\\\/secure.gravatar.com\\\/avatar\\\/05c9a17bc973052ee5d91549bd32fb4dd0dc85b7b85ae94b2e2b4943476bbea5?s=96&d=blank&r=g\",\"url\":\"https:\\\/\\\/secure.gravatar.com\\\/avatar\\\/05c9a17bc973052ee5d91549bd32fb4dd0dc85b7b85ae94b2e2b4943476bbea5?s=96&d=blank&r=g\",\"contentUrl\":\"https:\\\/\\\/secure.gravatar.com\\\/avatar\\\/05c9a17bc973052ee5d91549bd32fb4dd0dc85b7b85ae94b2e2b4943476bbea5?s=96&d=blank&r=g\",\"caption\":\"Leinewelle\"},\"sameAs\":[\"http:\\\/\\\/localhost\\\/radio%20leinewelle\\\/wordpress\",\"https:\\\/\\\/www.facebook.com\\\/radioleinewelle\",\"https:\\\/\\\/www.instagram.com\\\/radioleinewelle\",\"https:\\\/\\\/x.com\\\/https:\\\/\\\/twitter.com\\\/RLeinewelle?ref_src=twsrcgoogletwcampserptwgrauthor\",\"https:\\\/\\\/soundcloud.com\\\/foerderverein-lokalradio?utm_source=clipboard&utm_medium=text&utm_campaign=social_sharing\"],\"url\":\"https:\\\/\\\/radioleinewelle.de\\\/index.php\\\/author\\\/leinewelle\\\/\"}]}<\/script>\n<!-- \/ Yoast SEO plugin. -->","yoast_head_json":{"title":"Senat der Universit\u00e4t G\u00f6ttingen w\u00e4hlt neue Vizepr\u00e4sident*innen - Radio Leinewelle","robots":{"index":"index","follow":"follow","max-snippet":"max-snippet:-1","max-image-preview":"max-image-preview:large","max-video-preview":"max-video-preview:-1"},"canonical":"https:\/\/radioleinewelle.de\/index.php\/2021\/04\/03\/senat-der-universitaet-goettingen-waehlt-neue-vizepraesidentinnen\/","og_locale":"de_DE","og_type":"article","og_title":"Senat der Universit\u00e4t G\u00f6ttingen w\u00e4hlt neue Vizepr\u00e4sident*innen - Radio Leinewelle","og_description":"(pug) Der Senat der Universit\u00e4t G\u00f6ttingen hat heute Prof. Dr. Anke Holler und Prof. Dr. Bernhard Br\u00fcmmer zu nebenberuflichen Vizepr\u00e4sident*innen der Hochschule gew\u00e4hlt. Der Stiftungsausschuss Universit\u00e4t hat die Entscheidungen des Senats bereits best\u00e4tigt, beide beginnen ihre zweij\u00e4hrige Amtszeit sofort. Die Germanistin Holler ist im Pr\u00e4sidium f\u00fcr den neu geschaffenen Gesch\u00e4ftsbereich \u201eBerufungen und Chancengleichheit\u201c verantwortlich. Der [&hellip;]","og_url":"https:\/\/radioleinewelle.de\/index.php\/2021\/04\/03\/senat-der-universitaet-goettingen-waehlt-neue-vizepraesidentinnen\/","og_site_name":"Radio Leinewelle","article_publisher":"https:\/\/www.facebook.com\/radioleinewelle","article_author":"https:\/\/www.facebook.com\/radioleinewelle","article_published_time":"2021-04-03T06:17:08+00:00","og_image":[{"width":600,"height":399,"url":"https:\/\/radioleinewelle.de\/wp-content\/uploads\/2021\/04\/pic_927f1646e820210401173818-e1617430591631.jpg","type":"image\/jpeg"}],"author":"Leinewelle","twitter_card":"summary_large_image","twitter_creator":"@https:\/\/twitter.com\/RLeinewelle?ref_src=twsrcgoogletwcampserptwgrauthor","twitter_site":"@RLeinewelle","twitter_misc":{"Verfasst von":"Leinewelle","Gesch\u00e4tzte Lesezeit":"2\u00a0Minuten"},"schema":{"@context":"https:\/\/schema.org","@graph":[{"@type":"Article","@id":"https:\/\/radioleinewelle.de\/index.php\/2021\/04\/03\/senat-der-universitaet-goettingen-waehlt-neue-vizepraesidentinnen\/#article","isPartOf":{"@id":"https:\/\/radioleinewelle.de\/index.php\/2021\/04\/03\/senat-der-universitaet-goettingen-waehlt-neue-vizepraesidentinnen\/"},"author":{"name":"Leinewelle","@id":"https:\/\/radioleinewelle.de\/#\/schema\/person\/45606f348637df637192dc1b68399a63"},"headline":"Senat der Universit\u00e4t G\u00f6ttingen w\u00e4hlt neue Vizepr\u00e4sident*innen","datePublished":"2021-04-03T06:17:08+00:00","mainEntityOfPage":{"@id":"https:\/\/radioleinewelle.de\/index.php\/2021\/04\/03\/senat-der-universitaet-goettingen-waehlt-neue-vizepraesidentinnen\/"},"wordCount":334,"publisher":{"@id":"https:\/\/radioleinewelle.de\/#organization"},"image":{"@id":"https:\/\/radioleinewelle.de\/index.php\/2021\/04\/03\/senat-der-universitaet-goettingen-waehlt-neue-vizepraesidentinnen\/#primaryimage"},"thumbnailUrl":"https:\/\/radioleinewelle.de\/wp-content\/uploads\/2021\/04\/pic_927f1646e820210401173818-e1617430591631.jpg","keywords":["Prof. Dr. Anke Holler","Prof. Dr. Bernhard Br\u00fcmmer","Stiftungsausschuss Universit\u00e4t"],"articleSection":["Universit\u00e4t"],"inLanguage":"de"},{"@type":"WebPage","@id":"https:\/\/radioleinewelle.de\/index.php\/2021\/04\/03\/senat-der-universitaet-goettingen-waehlt-neue-vizepraesidentinnen\/","url":"https:\/\/radioleinewelle.de\/index.php\/2021\/04\/03\/senat-der-universitaet-goettingen-waehlt-neue-vizepraesidentinnen\/","name":"Senat der Universit\u00e4t G\u00f6ttingen w\u00e4hlt neue Vizepr\u00e4sident*innen - Radio Leinewelle","isPartOf":{"@id":"https:\/\/radioleinewelle.de\/#website"},"primaryImageOfPage":{"@id":"https:\/\/radioleinewelle.de\/index.php\/2021\/04\/03\/senat-der-universitaet-goettingen-waehlt-neue-vizepraesidentinnen\/#primaryimage"},"image":{"@id":"https:\/\/radioleinewelle.de\/index.php\/2021\/04\/03\/senat-der-universitaet-goettingen-waehlt-neue-vizepraesidentinnen\/#primaryimage"},"thumbnailUrl":"https:\/\/radioleinewelle.de\/wp-content\/uploads\/2021\/04\/pic_927f1646e820210401173818-e1617430591631.jpg","datePublished":"2021-04-03T06:17:08+00:00","breadcrumb":{"@id":"https:\/\/radioleinewelle.de\/index.php\/2021\/04\/03\/senat-der-universitaet-goettingen-waehlt-neue-vizepraesidentinnen\/#breadcrumb"},"inLanguage":"de","potentialAction":[{"@type":"ReadAction","target":["https:\/\/radioleinewelle.de\/index.php\/2021\/04\/03\/senat-der-universitaet-goettingen-waehlt-neue-vizepraesidentinnen\/"]}]},{"@type":"ImageObject","inLanguage":"de","@id":"https:\/\/radioleinewelle.de\/index.php\/2021\/04\/03\/senat-der-universitaet-goettingen-waehlt-neue-vizepraesidentinnen\/#primaryimage","url":"https:\/\/radioleinewelle.de\/wp-content\/uploads\/2021\/04\/pic_927f1646e820210401173818-e1617430591631.jpg","contentUrl":"https:\/\/radioleinewelle.de\/wp-content\/uploads\/2021\/04\/pic_927f1646e820210401173818-e1617430591631.jpg","width":600,"height":399},{"@type":"BreadcrumbList","@id":"https:\/\/radioleinewelle.de\/index.php\/2021\/04\/03\/senat-der-universitaet-goettingen-waehlt-neue-vizepraesidentinnen\/#breadcrumb","itemListElement":[{"@type":"ListItem","position":1,"name":"Startseite","item":"https:\/\/radioleinewelle.de\/"},{"@type":"ListItem","position":2,"name":"Senat der Universit\u00e4t G\u00f6ttingen w\u00e4hlt neue Vizepr\u00e4sident*innen"}]},{"@type":"WebSite","@id":"https:\/\/radioleinewelle.de\/#website","url":"https:\/\/radioleinewelle.de\/","name":"Radio Leinewelle","description":"","publisher":{"@id":"https:\/\/radioleinewelle.de\/#organization"},"potentialAction":[{"@type":"SearchAction","target":{"@type":"EntryPoint","urlTemplate":"https:\/\/radioleinewelle.de\/?s={search_term_string}"},"query-input":{"@type":"PropertyValueSpecification","valueRequired":true,"valueName":"search_term_string"}}],"inLanguage":"de"},{"@type":"Organization","@id":"https:\/\/radioleinewelle.de\/#organization","name":"Radio Leinewelle","alternateName":"Mein Radio f\u00fcr S\u00fcdniedersachsen","url":"https:\/\/radioleinewelle.de\/","logo":{"@type":"ImageObject","inLanguage":"de","@id":"https:\/\/radioleinewelle.de\/#\/schema\/logo\/image\/","url":"https:\/\/radioleinewelle.de\/wp-content\/uploads\/2023\/11\/cropped-Leinewelle_Logo_weiss.png","contentUrl":"https:\/\/radioleinewelle.de\/wp-content\/uploads\/2023\/11\/cropped-Leinewelle_Logo_weiss.png","width":854,"height":260,"caption":"Radio Leinewelle"},"image":{"@id":"https:\/\/radioleinewelle.de\/#\/schema\/logo\/image\/"},"sameAs":["https:\/\/www.facebook.com\/radioleinewelle","https:\/\/x.com\/RLeinewelle","https:\/\/www.instagram.com\/radioleinewelle\/?hl=de"]},{"@type":"Person","@id":"https:\/\/radioleinewelle.de\/#\/schema\/person\/45606f348637df637192dc1b68399a63","name":"Leinewelle","image":{"@type":"ImageObject","inLanguage":"de","@id":"https:\/\/secure.gravatar.com\/avatar\/05c9a17bc973052ee5d91549bd32fb4dd0dc85b7b85ae94b2e2b4943476bbea5?s=96&d=blank&r=g","url":"https:\/\/secure.gravatar.com\/avatar\/05c9a17bc973052ee5d91549bd32fb4dd0dc85b7b85ae94b2e2b4943476bbea5?s=96&d=blank&r=g","contentUrl":"https:\/\/secure.gravatar.com\/avatar\/05c9a17bc973052ee5d91549bd32fb4dd0dc85b7b85ae94b2e2b4943476bbea5?s=96&d=blank&r=g","caption":"Leinewelle"},"sameAs":["http:\/\/localhost\/radio%20leinewelle\/wordpress","https:\/\/www.facebook.com\/radioleinewelle","https:\/\/www.instagram.com\/radioleinewelle","https:\/\/x.com\/https:\/\/twitter.com\/RLeinewelle?ref_src=twsrcgoogletwcampserptwgrauthor","https:\/\/soundcloud.com\/foerderverein-lokalradio?utm_source=clipboard&utm_medium=text&utm_campaign=social_sharing"],"url":"https:\/\/radioleinewelle.de\/index.php\/author\/leinewelle\/"}]}},"_links":{"self":[{"href":"https:\/\/radioleinewelle.de\/index.php\/wp-json\/wp\/v2\/posts\/6786","targetHints":{"allow":["GET"]}}],"collection":[{"href":"https:\/\/radioleinewelle.de\/index.php\/wp-json\/wp\/v2\/posts"}],"about":[{"href":"https:\/\/radioleinewelle.de\/index.php\/wp-json\/wp\/v2\/types\/post"}],"author":[{"embeddable":true,"href":"https:\/\/radioleinewelle.de\/index.php\/wp-json\/wp\/v2\/users\/1"}],"replies":[{"embeddable":true,"href":"https:\/\/radioleinewelle.de\/index.php\/wp-json\/wp\/v2\/comments?post=6786"}],"version-history":[{"count":0,"href":"https:\/\/radioleinewelle.de\/index.php\/wp-json\/wp\/v2\/posts\/6786\/revisions"}],"wp:featuredmedia":[{"embeddable":true,"href":"https:\/\/radioleinewelle.de\/index.php\/wp-json\/wp\/v2\/media\/6789"}],"wp:attachment":[{"href":"https:\/\/radioleinewelle.de\/index.php\/wp-json\/wp\/v2\/media?parent=6786"}],"wp:term":[{"taxonomy":"category","embeddable":true,"href":"https:\/\/radioleinewelle.de\/index.php\/wp-json\/wp\/v2\/categories?post=6786"},{"taxonomy":"post_tag","embeddable":true,"href":"https:\/\/radioleinewelle.de\/index.php\/wp-json\/wp\/v2\/tags?post=6786"}],"curies":[{"name":"wp","href":"https:\/\/api.w.org\/{rel}","templated":true}]}}