{"id":6792,"date":"2021-04-03T14:57:03","date_gmt":"2021-04-03T12:57:03","guid":{"rendered":"https:\/\/radioleinewelle.de\/?p=6792"},"modified":"2021-04-03T14:57:03","modified_gmt":"2021-04-03T12:57:03","slug":"hann-muenden-und-einbeck-unter-den-ersten-14-modellkommunen-in-niedersachsen","status":"publish","type":"post","link":"https:\/\/radioleinewelle.de\/index.php\/2021\/04\/03\/hann-muenden-und-einbeck-unter-den-ersten-14-modellkommunen-in-niedersachsen\/","title":{"rendered":"Hann. M\u00fcnden und Einbeck unter den ersten 14 Modellkommunen in Niedersachsen"},"content":{"rendered":"\n<p>14 Kommunen in Niedersachsen k\u00f6nnen ab kommende Woche Modellprojekte zur \u00d6ffnung von L\u00e4den, Kultur und Au\u00dfengastronomie starten. Die Anforderungen an solche Projekte sind hoch. Ein \u00fcberzeugendes Testregime, eine einsatzf\u00e4hige digitale Kontaktnachverfolgung und die Untersuchung der Infektionsentwicklung vor Ort sind die entscheidenden Kriterien. Angesichts der Pandemielage und den Risiken einer dritten Infektionswelle in Niedersachsen wurden zun\u00e4chst nur Kommunen zugelassen, die im Wesentlichen eine Inzidenz von 100 nicht \u00fcberschreiten. Die Auswahl hat heute das nieders\u00e4chsische Sozial- und Gesundheitsministerium im Benehmen mit den kommunalen Spitzenverb\u00e4nden getroffen. Die St\u00e4dte&nbsp;<strong>Aurich, Achim, Braunschweig, Hansestadt Buxtehude, Cuxhaven, Einbeck, Emden, Hann. M\u00fcnden, Hildesheim, Hansestadt L\u00fcneburg, Nienburg\/Weser, Norden und Oldenburg sowie die Samtgemeinde Elbtalaue<\/strong>&nbsp;k\u00f6nnen nun sichere Zone einrichten, um f\u00fcr B\u00fcrgerinnen und B\u00fcrger z.B. Einzelhandelsgesch\u00e4fte, die Au\u00dfenbereiche von Restaurants und Caf\u00e9s, Fitnessstudios, Kinos, Theater oder Galerien \u00f6ffnen zu lassen. Der Zutritt zu einer sicheren Zone ist m\u00f6glich, wenn ein negativer Corona-Test vorliegt und die von der Kommune vorgegebene App zur Kontaktnachverfolgung genutzt wird. <strong>Eine Entscheidung f\u00fcr G\u00f6ttingen steht noch aus<\/strong>, elf Modellprojekte sollen in einer zweiten Runde zugelassen werden. \u00dcber die Aufnahme in die zweite Runde wird bis 17. April entschieden.<\/p>\n\n\n\n<p>Folgende Voraussetzungen waren durch die Kommunen f\u00fcr die Bewerbung zu erf\u00fcllen: Vorlage eines Testkonzepts f\u00fcr ein abzugrenzendes Projektgebiet, Teilnahme an einem app-basierten System der digitalen Kontaktnachverfolgung (z.B. Luca-App), Konzept f\u00fcr einen Ordnungs- und Sicherheitsdienst u.a. zur Einhaltung der AHA- und Hygieneregeln sowie Einbindung des zust\u00e4ndigen Gesundheitsamtes. Das nieders\u00e4chsische Modellprojekt war in der aktuellen Corona-Verordnung des Landes geregelt worden. Die Auswahl wurde unter Beachtung aller Vorgaben getroffen, wobei eine landesweit gleichm\u00e4\u00dfige Verteilung der Modellkommunen angestrebt wurde. Wenn mehrere Kommunen \u00e4hnlicher Gr\u00f6\u00dfe alle Anforderungen erf\u00fcllt haben, war der niedrigste Wert bei der Sieben-Tages-Inzidenz ausschlaggebend.<\/p>\n\n\n\n<p>Wer in den Projektgebieten der Modellkommunen Gesch\u00e4fte oder sonstige Einrichtungen betreten m\u00f6chte, muss \u2013 ebenso wie Mitarbeitende \u2013 einen aktuellen negativen Antigen-Schnelltest nachweisen. Selbsttests werden nicht akzeptiert. Zudem muss bei Zutritt die App f\u00fcr die Kontaktnachverfolgung aktiviert sein. Die Modellkommunen m\u00fcssen sicherstellen, dass gen\u00fcgend Testkapazit\u00e4ten da sind und die Auflagen befolgt werden. F\u00fcr die bisher schon ge\u00f6ffneten Gesch\u00e4fte gilt die Testpflicht nicht. Im Anschluss an die Modellprojekte werden die Kommunen einen ausf\u00fchrlichen Erfahrungsbericht vorlegen. Auch wissenschaftliche Begleituntersuchungen werden erstellt.<\/p>\n\n\n\n<p>Bild von&nbsp;<a href=\"https:\/\/pixabay.com\/de\/users\/hermann-130146\/?utm_source=link-attribution&amp;utm_medium=referral&amp;utm_campaign=image&amp;utm_content=5944463\">Hermann Traub<\/a>&nbsp;auf&nbsp;<a href=\"https:\/\/pixabay.com\/de\/?utm_source=link-attribution&amp;utm_medium=referral&amp;utm_campaign=image&amp;utm_content=5944463\">Pixabay<\/a><\/p>\n","protected":false},"excerpt":{"rendered":"<p>14 Kommunen in Niedersachsen k\u00f6nnen ab kommende Woche Modellprojekte zur \u00d6ffnung von L\u00e4den, Kultur und Au\u00dfengastronomie starten. Die Anforderungen an solche Projekte sind hoch. Ein \u00fcberzeugendes Testregime, eine einsatzf\u00e4hige digitale Kontaktnachverfolgung und die Untersuchung der Infektionsentwicklung vor Ort sind die entscheidenden Kriterien. Angesichts der Pandemielage und den Risiken einer dritten Infektionswelle in Niedersachsen wurden zun\u00e4chst [&hellip;]<\/p>\n","protected":false},"author":1,"featured_media":6796,"comment_status":"closed","ping_status":"closed","sticky":false,"template":"","format":"standard","meta":{"saved_in_kubio":false,"footnotes":""},"categories":[23],"tags":[602,603],"class_list":["post-6792","post","type-post","status-publish","format-standard","has-post-thumbnail","hentry","category-corona","tag-einbeck-hann-muenden","tag-sozial-und-gesundheitsministerium-niedersachsen"],"yoast_head":"<!-- This site is optimized with the Yoast SEO plugin v27.5 - https:\/\/yoast.com\/product\/yoast-seo-wordpress\/ -->\n<title>Hann. M\u00fcnden und Einbeck unter den ersten 14 Modellkommunen in Niedersachsen - Radio Leinewelle<\/title>\n<meta name=\"robots\" content=\"index, follow, max-snippet:-1, max-image-preview:large, max-video-preview:-1\" \/>\n<link rel=\"canonical\" href=\"https:\/\/radioleinewelle.de\/index.php\/2021\/04\/03\/hann-muenden-und-einbeck-unter-den-ersten-14-modellkommunen-in-niedersachsen\/\" \/>\n<meta property=\"og:locale\" content=\"de_DE\" \/>\n<meta property=\"og:type\" content=\"article\" \/>\n<meta property=\"og:title\" content=\"Hann. M\u00fcnden und Einbeck unter den ersten 14 Modellkommunen in Niedersachsen - Radio Leinewelle\" \/>\n<meta property=\"og:description\" content=\"14 Kommunen in Niedersachsen k\u00f6nnen ab kommende Woche Modellprojekte zur \u00d6ffnung von L\u00e4den, Kultur und Au\u00dfengastronomie starten. Die Anforderungen an solche Projekte sind hoch. Ein \u00fcberzeugendes Testregime, eine einsatzf\u00e4hige digitale Kontaktnachverfolgung und die Untersuchung der Infektionsentwicklung vor Ort sind die entscheidenden Kriterien. Angesichts der Pandemielage und den Risiken einer dritten Infektionswelle in Niedersachsen wurden zun\u00e4chst [&hellip;]\" \/>\n<meta property=\"og:url\" content=\"https:\/\/radioleinewelle.de\/index.php\/2021\/04\/03\/hann-muenden-und-einbeck-unter-den-ersten-14-modellkommunen-in-niedersachsen\/\" \/>\n<meta property=\"og:site_name\" content=\"Radio Leinewelle\" \/>\n<meta property=\"article:publisher\" content=\"https:\/\/www.facebook.com\/radioleinewelle\" \/>\n<meta property=\"article:author\" content=\"https:\/\/www.facebook.com\/radioleinewelle\" \/>\n<meta property=\"article:published_time\" content=\"2021-04-03T12:57:03+00:00\" \/>\n<meta property=\"og:image\" content=\"https:\/\/radioleinewelle.de\/wp-content\/uploads\/2021\/04\/ffp2-5944463_640-2.jpg\" \/>\n\t<meta property=\"og:image:width\" content=\"640\" \/>\n\t<meta property=\"og:image:height\" content=\"427\" \/>\n\t<meta property=\"og:image:type\" content=\"image\/jpeg\" \/>\n<meta name=\"author\" content=\"Leinewelle\" \/>\n<meta name=\"twitter:card\" content=\"summary_large_image\" \/>\n<meta name=\"twitter:creator\" content=\"@https:\/\/twitter.com\/RLeinewelle?ref_src=twsrcgoogletwcampserptwgrauthor\" \/>\n<meta name=\"twitter:site\" content=\"@RLeinewelle\" \/>\n<meta name=\"twitter:label1\" content=\"Verfasst von\" \/>\n\t<meta name=\"twitter:data1\" content=\"Leinewelle\" \/>\n\t<meta name=\"twitter:label2\" content=\"Gesch\u00e4tzte Lesezeit\" \/>\n\t<meta name=\"twitter:data2\" content=\"2\u00a0Minuten\" \/>\n<script type=\"application\/ld+json\" class=\"yoast-schema-graph\">{\"@context\":\"https:\\\/\\\/schema.org\",\"@graph\":[{\"@type\":\"Article\",\"@id\":\"https:\\\/\\\/radioleinewelle.de\\\/index.php\\\/2021\\\/04\\\/03\\\/hann-muenden-und-einbeck-unter-den-ersten-14-modellkommunen-in-niedersachsen\\\/#article\",\"isPartOf\":{\"@id\":\"https:\\\/\\\/radioleinewelle.de\\\/index.php\\\/2021\\\/04\\\/03\\\/hann-muenden-und-einbeck-unter-den-ersten-14-modellkommunen-in-niedersachsen\\\/\"},\"author\":{\"name\":\"Leinewelle\",\"@id\":\"https:\\\/\\\/radioleinewelle.de\\\/#\\\/schema\\\/person\\\/45606f348637df637192dc1b68399a63\"},\"headline\":\"Hann. M\u00fcnden und Einbeck unter den ersten 14 Modellkommunen in Niedersachsen\",\"datePublished\":\"2021-04-03T12:57:03+00:00\",\"mainEntityOfPage\":{\"@id\":\"https:\\\/\\\/radioleinewelle.de\\\/index.php\\\/2021\\\/04\\\/03\\\/hann-muenden-und-einbeck-unter-den-ersten-14-modellkommunen-in-niedersachsen\\\/\"},\"wordCount\":415,\"publisher\":{\"@id\":\"https:\\\/\\\/radioleinewelle.de\\\/#organization\"},\"image\":{\"@id\":\"https:\\\/\\\/radioleinewelle.de\\\/index.php\\\/2021\\\/04\\\/03\\\/hann-muenden-und-einbeck-unter-den-ersten-14-modellkommunen-in-niedersachsen\\\/#primaryimage\"},\"thumbnailUrl\":\"https:\\\/\\\/radioleinewelle.de\\\/wp-content\\\/uploads\\\/2021\\\/04\\\/ffp2-5944463_640-2.jpg\",\"keywords\":[\"Einbeck Hann. M\u00fcnden\",\"Sozial- und Gesundheitsministerium Niedersachsen\"],\"articleSection\":[\"Corona\"],\"inLanguage\":\"de\"},{\"@type\":\"WebPage\",\"@id\":\"https:\\\/\\\/radioleinewelle.de\\\/index.php\\\/2021\\\/04\\\/03\\\/hann-muenden-und-einbeck-unter-den-ersten-14-modellkommunen-in-niedersachsen\\\/\",\"url\":\"https:\\\/\\\/radioleinewelle.de\\\/index.php\\\/2021\\\/04\\\/03\\\/hann-muenden-und-einbeck-unter-den-ersten-14-modellkommunen-in-niedersachsen\\\/\",\"name\":\"Hann. M\u00fcnden und Einbeck unter den ersten 14 Modellkommunen in Niedersachsen - Radio Leinewelle\",\"isPartOf\":{\"@id\":\"https:\\\/\\\/radioleinewelle.de\\\/#website\"},\"primaryImageOfPage\":{\"@id\":\"https:\\\/\\\/radioleinewelle.de\\\/index.php\\\/2021\\\/04\\\/03\\\/hann-muenden-und-einbeck-unter-den-ersten-14-modellkommunen-in-niedersachsen\\\/#primaryimage\"},\"image\":{\"@id\":\"https:\\\/\\\/radioleinewelle.de\\\/index.php\\\/2021\\\/04\\\/03\\\/hann-muenden-und-einbeck-unter-den-ersten-14-modellkommunen-in-niedersachsen\\\/#primaryimage\"},\"thumbnailUrl\":\"https:\\\/\\\/radioleinewelle.de\\\/wp-content\\\/uploads\\\/2021\\\/04\\\/ffp2-5944463_640-2.jpg\",\"datePublished\":\"2021-04-03T12:57:03+00:00\",\"breadcrumb\":{\"@id\":\"https:\\\/\\\/radioleinewelle.de\\\/index.php\\\/2021\\\/04\\\/03\\\/hann-muenden-und-einbeck-unter-den-ersten-14-modellkommunen-in-niedersachsen\\\/#breadcrumb\"},\"inLanguage\":\"de\",\"potentialAction\":[{\"@type\":\"ReadAction\",\"target\":[\"https:\\\/\\\/radioleinewelle.de\\\/index.php\\\/2021\\\/04\\\/03\\\/hann-muenden-und-einbeck-unter-den-ersten-14-modellkommunen-in-niedersachsen\\\/\"]}]},{\"@type\":\"ImageObject\",\"inLanguage\":\"de\",\"@id\":\"https:\\\/\\\/radioleinewelle.de\\\/index.php\\\/2021\\\/04\\\/03\\\/hann-muenden-und-einbeck-unter-den-ersten-14-modellkommunen-in-niedersachsen\\\/#primaryimage\",\"url\":\"https:\\\/\\\/radioleinewelle.de\\\/wp-content\\\/uploads\\\/2021\\\/04\\\/ffp2-5944463_640-2.jpg\",\"contentUrl\":\"https:\\\/\\\/radioleinewelle.de\\\/wp-content\\\/uploads\\\/2021\\\/04\\\/ffp2-5944463_640-2.jpg\",\"width\":640,\"height\":427},{\"@type\":\"BreadcrumbList\",\"@id\":\"https:\\\/\\\/radioleinewelle.de\\\/index.php\\\/2021\\\/04\\\/03\\\/hann-muenden-und-einbeck-unter-den-ersten-14-modellkommunen-in-niedersachsen\\\/#breadcrumb\",\"itemListElement\":[{\"@type\":\"ListItem\",\"position\":1,\"name\":\"Startseite\",\"item\":\"https:\\\/\\\/radioleinewelle.de\\\/\"},{\"@type\":\"ListItem\",\"position\":2,\"name\":\"Hann. M\u00fcnden und Einbeck unter den ersten 14 Modellkommunen in Niedersachsen\"}]},{\"@type\":\"WebSite\",\"@id\":\"https:\\\/\\\/radioleinewelle.de\\\/#website\",\"url\":\"https:\\\/\\\/radioleinewelle.de\\\/\",\"name\":\"Radio Leinewelle\",\"description\":\"\",\"publisher\":{\"@id\":\"https:\\\/\\\/radioleinewelle.de\\\/#organization\"},\"potentialAction\":[{\"@type\":\"SearchAction\",\"target\":{\"@type\":\"EntryPoint\",\"urlTemplate\":\"https:\\\/\\\/radioleinewelle.de\\\/?s={search_term_string}\"},\"query-input\":{\"@type\":\"PropertyValueSpecification\",\"valueRequired\":true,\"valueName\":\"search_term_string\"}}],\"inLanguage\":\"de\"},{\"@type\":\"Organization\",\"@id\":\"https:\\\/\\\/radioleinewelle.de\\\/#organization\",\"name\":\"Radio Leinewelle\",\"alternateName\":\"Mein Radio f\u00fcr S\u00fcdniedersachsen\",\"url\":\"https:\\\/\\\/radioleinewelle.de\\\/\",\"logo\":{\"@type\":\"ImageObject\",\"inLanguage\":\"de\",\"@id\":\"https:\\\/\\\/radioleinewelle.de\\\/#\\\/schema\\\/logo\\\/image\\\/\",\"url\":\"https:\\\/\\\/radioleinewelle.de\\\/wp-content\\\/uploads\\\/2023\\\/11\\\/cropped-Leinewelle_Logo_weiss.png\",\"contentUrl\":\"https:\\\/\\\/radioleinewelle.de\\\/wp-content\\\/uploads\\\/2023\\\/11\\\/cropped-Leinewelle_Logo_weiss.png\",\"width\":854,\"height\":260,\"caption\":\"Radio Leinewelle\"},\"image\":{\"@id\":\"https:\\\/\\\/radioleinewelle.de\\\/#\\\/schema\\\/logo\\\/image\\\/\"},\"sameAs\":[\"https:\\\/\\\/www.facebook.com\\\/radioleinewelle\",\"https:\\\/\\\/x.com\\\/RLeinewelle\",\"https:\\\/\\\/www.instagram.com\\\/radioleinewelle\\\/?hl=de\"]},{\"@type\":\"Person\",\"@id\":\"https:\\\/\\\/radioleinewelle.de\\\/#\\\/schema\\\/person\\\/45606f348637df637192dc1b68399a63\",\"name\":\"Leinewelle\",\"image\":{\"@type\":\"ImageObject\",\"inLanguage\":\"de\",\"@id\":\"https:\\\/\\\/secure.gravatar.com\\\/avatar\\\/05c9a17bc973052ee5d91549bd32fb4dd0dc85b7b85ae94b2e2b4943476bbea5?s=96&d=blank&r=g\",\"url\":\"https:\\\/\\\/secure.gravatar.com\\\/avatar\\\/05c9a17bc973052ee5d91549bd32fb4dd0dc85b7b85ae94b2e2b4943476bbea5?s=96&d=blank&r=g\",\"contentUrl\":\"https:\\\/\\\/secure.gravatar.com\\\/avatar\\\/05c9a17bc973052ee5d91549bd32fb4dd0dc85b7b85ae94b2e2b4943476bbea5?s=96&d=blank&r=g\",\"caption\":\"Leinewelle\"},\"sameAs\":[\"http:\\\/\\\/localhost\\\/radio%20leinewelle\\\/wordpress\",\"https:\\\/\\\/www.facebook.com\\\/radioleinewelle\",\"https:\\\/\\\/www.instagram.com\\\/radioleinewelle\",\"https:\\\/\\\/x.com\\\/https:\\\/\\\/twitter.com\\\/RLeinewelle?ref_src=twsrcgoogletwcampserptwgrauthor\",\"https:\\\/\\\/soundcloud.com\\\/foerderverein-lokalradio?utm_source=clipboard&utm_medium=text&utm_campaign=social_sharing\"],\"url\":\"https:\\\/\\\/radioleinewelle.de\\\/index.php\\\/author\\\/leinewelle\\\/\"}]}<\/script>\n<!-- \/ Yoast SEO plugin. -->","yoast_head_json":{"title":"Hann. M\u00fcnden und Einbeck unter den ersten 14 Modellkommunen in Niedersachsen - Radio Leinewelle","robots":{"index":"index","follow":"follow","max-snippet":"max-snippet:-1","max-image-preview":"max-image-preview:large","max-video-preview":"max-video-preview:-1"},"canonical":"https:\/\/radioleinewelle.de\/index.php\/2021\/04\/03\/hann-muenden-und-einbeck-unter-den-ersten-14-modellkommunen-in-niedersachsen\/","og_locale":"de_DE","og_type":"article","og_title":"Hann. M\u00fcnden und Einbeck unter den ersten 14 Modellkommunen in Niedersachsen - Radio Leinewelle","og_description":"14 Kommunen in Niedersachsen k\u00f6nnen ab kommende Woche Modellprojekte zur \u00d6ffnung von L\u00e4den, Kultur und Au\u00dfengastronomie starten. Die Anforderungen an solche Projekte sind hoch. Ein \u00fcberzeugendes Testregime, eine einsatzf\u00e4hige digitale Kontaktnachverfolgung und die Untersuchung der Infektionsentwicklung vor Ort sind die entscheidenden Kriterien. Angesichts der Pandemielage und den Risiken einer dritten Infektionswelle in Niedersachsen wurden zun\u00e4chst [&hellip;]","og_url":"https:\/\/radioleinewelle.de\/index.php\/2021\/04\/03\/hann-muenden-und-einbeck-unter-den-ersten-14-modellkommunen-in-niedersachsen\/","og_site_name":"Radio Leinewelle","article_publisher":"https:\/\/www.facebook.com\/radioleinewelle","article_author":"https:\/\/www.facebook.com\/radioleinewelle","article_published_time":"2021-04-03T12:57:03+00:00","og_image":[{"width":640,"height":427,"url":"https:\/\/radioleinewelle.de\/wp-content\/uploads\/2021\/04\/ffp2-5944463_640-2.jpg","type":"image\/jpeg"}],"author":"Leinewelle","twitter_card":"summary_large_image","twitter_creator":"@https:\/\/twitter.com\/RLeinewelle?ref_src=twsrcgoogletwcampserptwgrauthor","twitter_site":"@RLeinewelle","twitter_misc":{"Verfasst von":"Leinewelle","Gesch\u00e4tzte Lesezeit":"2\u00a0Minuten"},"schema":{"@context":"https:\/\/schema.org","@graph":[{"@type":"Article","@id":"https:\/\/radioleinewelle.de\/index.php\/2021\/04\/03\/hann-muenden-und-einbeck-unter-den-ersten-14-modellkommunen-in-niedersachsen\/#article","isPartOf":{"@id":"https:\/\/radioleinewelle.de\/index.php\/2021\/04\/03\/hann-muenden-und-einbeck-unter-den-ersten-14-modellkommunen-in-niedersachsen\/"},"author":{"name":"Leinewelle","@id":"https:\/\/radioleinewelle.de\/#\/schema\/person\/45606f348637df637192dc1b68399a63"},"headline":"Hann. M\u00fcnden und Einbeck unter den ersten 14 Modellkommunen in Niedersachsen","datePublished":"2021-04-03T12:57:03+00:00","mainEntityOfPage":{"@id":"https:\/\/radioleinewelle.de\/index.php\/2021\/04\/03\/hann-muenden-und-einbeck-unter-den-ersten-14-modellkommunen-in-niedersachsen\/"},"wordCount":415,"publisher":{"@id":"https:\/\/radioleinewelle.de\/#organization"},"image":{"@id":"https:\/\/radioleinewelle.de\/index.php\/2021\/04\/03\/hann-muenden-und-einbeck-unter-den-ersten-14-modellkommunen-in-niedersachsen\/#primaryimage"},"thumbnailUrl":"https:\/\/radioleinewelle.de\/wp-content\/uploads\/2021\/04\/ffp2-5944463_640-2.jpg","keywords":["Einbeck Hann. M\u00fcnden","Sozial- und Gesundheitsministerium Niedersachsen"],"articleSection":["Corona"],"inLanguage":"de"},{"@type":"WebPage","@id":"https:\/\/radioleinewelle.de\/index.php\/2021\/04\/03\/hann-muenden-und-einbeck-unter-den-ersten-14-modellkommunen-in-niedersachsen\/","url":"https:\/\/radioleinewelle.de\/index.php\/2021\/04\/03\/hann-muenden-und-einbeck-unter-den-ersten-14-modellkommunen-in-niedersachsen\/","name":"Hann. M\u00fcnden und Einbeck unter den ersten 14 Modellkommunen in Niedersachsen - Radio Leinewelle","isPartOf":{"@id":"https:\/\/radioleinewelle.de\/#website"},"primaryImageOfPage":{"@id":"https:\/\/radioleinewelle.de\/index.php\/2021\/04\/03\/hann-muenden-und-einbeck-unter-den-ersten-14-modellkommunen-in-niedersachsen\/#primaryimage"},"image":{"@id":"https:\/\/radioleinewelle.de\/index.php\/2021\/04\/03\/hann-muenden-und-einbeck-unter-den-ersten-14-modellkommunen-in-niedersachsen\/#primaryimage"},"thumbnailUrl":"https:\/\/radioleinewelle.de\/wp-content\/uploads\/2021\/04\/ffp2-5944463_640-2.jpg","datePublished":"2021-04-03T12:57:03+00:00","breadcrumb":{"@id":"https:\/\/radioleinewelle.de\/index.php\/2021\/04\/03\/hann-muenden-und-einbeck-unter-den-ersten-14-modellkommunen-in-niedersachsen\/#breadcrumb"},"inLanguage":"de","potentialAction":[{"@type":"ReadAction","target":["https:\/\/radioleinewelle.de\/index.php\/2021\/04\/03\/hann-muenden-und-einbeck-unter-den-ersten-14-modellkommunen-in-niedersachsen\/"]}]},{"@type":"ImageObject","inLanguage":"de","@id":"https:\/\/radioleinewelle.de\/index.php\/2021\/04\/03\/hann-muenden-und-einbeck-unter-den-ersten-14-modellkommunen-in-niedersachsen\/#primaryimage","url":"https:\/\/radioleinewelle.de\/wp-content\/uploads\/2021\/04\/ffp2-5944463_640-2.jpg","contentUrl":"https:\/\/radioleinewelle.de\/wp-content\/uploads\/2021\/04\/ffp2-5944463_640-2.jpg","width":640,"height":427},{"@type":"BreadcrumbList","@id":"https:\/\/radioleinewelle.de\/index.php\/2021\/04\/03\/hann-muenden-und-einbeck-unter-den-ersten-14-modellkommunen-in-niedersachsen\/#breadcrumb","itemListElement":[{"@type":"ListItem","position":1,"name":"Startseite","item":"https:\/\/radioleinewelle.de\/"},{"@type":"ListItem","position":2,"name":"Hann. M\u00fcnden und Einbeck unter den ersten 14 Modellkommunen in Niedersachsen"}]},{"@type":"WebSite","@id":"https:\/\/radioleinewelle.de\/#website","url":"https:\/\/radioleinewelle.de\/","name":"Radio Leinewelle","description":"","publisher":{"@id":"https:\/\/radioleinewelle.de\/#organization"},"potentialAction":[{"@type":"SearchAction","target":{"@type":"EntryPoint","urlTemplate":"https:\/\/radioleinewelle.de\/?s={search_term_string}"},"query-input":{"@type":"PropertyValueSpecification","valueRequired":true,"valueName":"search_term_string"}}],"inLanguage":"de"},{"@type":"Organization","@id":"https:\/\/radioleinewelle.de\/#organization","name":"Radio Leinewelle","alternateName":"Mein Radio f\u00fcr S\u00fcdniedersachsen","url":"https:\/\/radioleinewelle.de\/","logo":{"@type":"ImageObject","inLanguage":"de","@id":"https:\/\/radioleinewelle.de\/#\/schema\/logo\/image\/","url":"https:\/\/radioleinewelle.de\/wp-content\/uploads\/2023\/11\/cropped-Leinewelle_Logo_weiss.png","contentUrl":"https:\/\/radioleinewelle.de\/wp-content\/uploads\/2023\/11\/cropped-Leinewelle_Logo_weiss.png","width":854,"height":260,"caption":"Radio Leinewelle"},"image":{"@id":"https:\/\/radioleinewelle.de\/#\/schema\/logo\/image\/"},"sameAs":["https:\/\/www.facebook.com\/radioleinewelle","https:\/\/x.com\/RLeinewelle","https:\/\/www.instagram.com\/radioleinewelle\/?hl=de"]},{"@type":"Person","@id":"https:\/\/radioleinewelle.de\/#\/schema\/person\/45606f348637df637192dc1b68399a63","name":"Leinewelle","image":{"@type":"ImageObject","inLanguage":"de","@id":"https:\/\/secure.gravatar.com\/avatar\/05c9a17bc973052ee5d91549bd32fb4dd0dc85b7b85ae94b2e2b4943476bbea5?s=96&d=blank&r=g","url":"https:\/\/secure.gravatar.com\/avatar\/05c9a17bc973052ee5d91549bd32fb4dd0dc85b7b85ae94b2e2b4943476bbea5?s=96&d=blank&r=g","contentUrl":"https:\/\/secure.gravatar.com\/avatar\/05c9a17bc973052ee5d91549bd32fb4dd0dc85b7b85ae94b2e2b4943476bbea5?s=96&d=blank&r=g","caption":"Leinewelle"},"sameAs":["http:\/\/localhost\/radio%20leinewelle\/wordpress","https:\/\/www.facebook.com\/radioleinewelle","https:\/\/www.instagram.com\/radioleinewelle","https:\/\/x.com\/https:\/\/twitter.com\/RLeinewelle?ref_src=twsrcgoogletwcampserptwgrauthor","https:\/\/soundcloud.com\/foerderverein-lokalradio?utm_source=clipboard&utm_medium=text&utm_campaign=social_sharing"],"url":"https:\/\/radioleinewelle.de\/index.php\/author\/leinewelle\/"}]}},"_links":{"self":[{"href":"https:\/\/radioleinewelle.de\/index.php\/wp-json\/wp\/v2\/posts\/6792","targetHints":{"allow":["GET"]}}],"collection":[{"href":"https:\/\/radioleinewelle.de\/index.php\/wp-json\/wp\/v2\/posts"}],"about":[{"href":"https:\/\/radioleinewelle.de\/index.php\/wp-json\/wp\/v2\/types\/post"}],"author":[{"embeddable":true,"href":"https:\/\/radioleinewelle.de\/index.php\/wp-json\/wp\/v2\/users\/1"}],"replies":[{"embeddable":true,"href":"https:\/\/radioleinewelle.de\/index.php\/wp-json\/wp\/v2\/comments?post=6792"}],"version-history":[{"count":0,"href":"https:\/\/radioleinewelle.de\/index.php\/wp-json\/wp\/v2\/posts\/6792\/revisions"}],"wp:featuredmedia":[{"embeddable":true,"href":"https:\/\/radioleinewelle.de\/index.php\/wp-json\/wp\/v2\/media\/6796"}],"wp:attachment":[{"href":"https:\/\/radioleinewelle.de\/index.php\/wp-json\/wp\/v2\/media?parent=6792"}],"wp:term":[{"taxonomy":"category","embeddable":true,"href":"https:\/\/radioleinewelle.de\/index.php\/wp-json\/wp\/v2\/categories?post=6792"},{"taxonomy":"post_tag","embeddable":true,"href":"https:\/\/radioleinewelle.de\/index.php\/wp-json\/wp\/v2\/tags?post=6792"}],"curies":[{"name":"wp","href":"https:\/\/api.w.org\/{rel}","templated":true}]}}