{"id":6811,"date":"2021-04-07T06:10:00","date_gmt":"2021-04-07T04:10:00","guid":{"rendered":"https:\/\/radioleinewelle.de\/?p=6811"},"modified":"2021-04-07T06:10:00","modified_gmt":"2021-04-07T04:10:00","slug":"die-coronalage-im-landkreis-goettingen-am-06-04","status":"publish","type":"post","link":"https:\/\/radioleinewelle.de\/index.php\/2021\/04\/07\/die-coronalage-im-landkreis-goettingen-am-06-04\/","title":{"rendered":"Die Coronalage im Landkreis G\u00f6ttingen am 07.04."},"content":{"rendered":"\n<p>Bei einem m\u00f6glichen <a href=\"https:\/\/radioleinewelle.de\/wp-admin\/post.php?post=6803&amp;action=edit\"><strong>Start als Modellkommune<\/strong><\/a> muss die Stadt G\u00f6ttingen die Gesamtsituation im Landkreis G\u00f6ttingen ber\u00fccksichtigen. &#8222;Aktuell ist die Pandemie-Lage in Stadt und Landkreis diffus. \u201eIn kurzer Zeit haben wir eine Verdoppelung der Inzidenzen zu verzeichnen. Das Risiko f\u00fcr einen fr\u00fchen Start w\u00e4re deshalb zu hoch. F\u00fcr uns hei\u00dft das: Wir starten nur bei einer verantwortbaren Inzidenz in G\u00f6ttingen und wenn die Infektionslage mindestens \u00fcber eine Woche stabil ist&#8220;, so die Sozialdezernentin der Stadt G\u00f6ttingen, Petra Broistedt. In einer ersten Phase wird das Projekt auf G\u00f6ttinger*innen begrenzt. Schlie\u00dflich muss die Luca-Lizenz vorliegen und von unserem Gesundheitsamt erprobt sein.\u201c Die Dezernentin rechnet damit, dass ein Modellprojekt fr\u00fchestens Ende April\/Anfang Mai laufen kann.<\/p>\n\n\n\n<h3 class=\"wp-block-heading\">Lage in den Gemeinden (Gesamtzahl F\u00e4lle \/ aktuell Infizierte \/ Inzidenz)<\/h3>\n\n\n\n<ul class=\"wp-block-list\"><li>Flecken Adelebsen (83 \/ 1 \/ 31,8)<\/li><li>Gemeinde Bad Grund (Harz) (110 \/ 12 \/ 85,1)<\/li><li><strong>Stadt Bad Lauterberg im Harz (237 \/ 29 \/ 126,5)<\/strong><\/li><li><strong>Stadt Bad Sachsa (178 \/ 27 \/ 162,9)<\/strong><\/li><li>Flecken Bovenden (148 \/ 14 \/ 29,4)<\/li><li>Samtgemeinde Dransfeld (110 \/ 17 \/ 96,2)<\/li><li><strong>Stadt Duderstadt (928 \/ 38 \/ 137,5)<\/strong><\/li><li>Gemeinde Friedland (122 \/ 10 \/ 13,8)<\/li><li>Samtgemeinde Gieboldehausen (363 \/ 11 \/ 14,8)<\/li><li>Gemeinde Gleichen (122 \/ 3 \/ 22,6)<\/li><li>Stadt G\u00f6ttingen (1.953 \/ 106 \/ 58)<\/li><li><strong>Stadt Hann. M\u00fcnden (644 \/ 64 \/ 152,3)<\/strong><\/li><li>Samtgemeinde Hattorf am Harz (159 \/ 7 \/ 55,5)<\/li><li>Stadt Herzberg am Harz (372 \/ 20 \/ 93,2)<\/li><li><strong>Stadt Osterode am Harz (334 \/ 63 \/ 175,9)<\/strong><\/li><li>Samtgemeinde Radolfshausen (123 \/ 2 \/ 0)<\/li><li>Gemeinde Rosdorf (162 \/ 13 \/ 59)<\/li><li><strong>Gemeinde Staufenberg (126 \/ 20 \/ 167,2)<\/strong><\/li><li><strong>Gemeinde Walkenried (94 \/ 11 \/ 115,2)<\/strong><\/li><\/ul>\n\n\n\n<p>Quelle: Stadt G\u00f6ttingen<\/p>\n","protected":false},"excerpt":{"rendered":"<p>Bei einem m\u00f6glichen Start als Modellkommune muss die Stadt G\u00f6ttingen die Gesamtsituation im Landkreis G\u00f6ttingen ber\u00fccksichtigen. &#8222;Aktuell ist die Pandemie-Lage in Stadt und Landkreis diffus. \u201eIn kurzer Zeit haben wir eine Verdoppelung der Inzidenzen zu verzeichnen. Das Risiko f\u00fcr einen fr\u00fchen Start w\u00e4re deshalb zu hoch. F\u00fcr uns hei\u00dft das: Wir starten nur bei einer [&hellip;]<\/p>\n","protected":false},"author":1,"featured_media":3778,"comment_status":"closed","ping_status":"closed","sticky":false,"template":"","format":"standard","meta":{"saved_in_kubio":false,"footnotes":""},"categories":[23],"tags":[608,327,609,176],"class_list":["post-6811","post","type-post","status-publish","format-standard","has-post-thumbnail","hentry","category-corona","tag-coronalage","tag-landkreis-goettingen","tag-luca-lizenz","tag-petra-broistedt"],"yoast_head":"<!-- This site is optimized with the Yoast SEO plugin v27.5 - https:\/\/yoast.com\/product\/yoast-seo-wordpress\/ -->\n<title>Die Coronalage im Landkreis G\u00f6ttingen am 07.04. - Radio Leinewelle<\/title>\n<meta name=\"robots\" content=\"index, follow, max-snippet:-1, max-image-preview:large, max-video-preview:-1\" \/>\n<link rel=\"canonical\" href=\"https:\/\/radioleinewelle.de\/index.php\/2021\/04\/07\/die-coronalage-im-landkreis-goettingen-am-06-04\/\" \/>\n<meta property=\"og:locale\" content=\"de_DE\" \/>\n<meta property=\"og:type\" content=\"article\" \/>\n<meta property=\"og:title\" content=\"Die Coronalage im Landkreis G\u00f6ttingen am 07.04. - Radio Leinewelle\" \/>\n<meta property=\"og:description\" content=\"Bei einem m\u00f6glichen Start als Modellkommune muss die Stadt G\u00f6ttingen die Gesamtsituation im Landkreis G\u00f6ttingen ber\u00fccksichtigen. &#8222;Aktuell ist die Pandemie-Lage in Stadt und Landkreis diffus. \u201eIn kurzer Zeit haben wir eine Verdoppelung der Inzidenzen zu verzeichnen. Das Risiko f\u00fcr einen fr\u00fchen Start w\u00e4re deshalb zu hoch. F\u00fcr uns hei\u00dft das: Wir starten nur bei einer [&hellip;]\" \/>\n<meta property=\"og:url\" content=\"https:\/\/radioleinewelle.de\/index.php\/2021\/04\/07\/die-coronalage-im-landkreis-goettingen-am-06-04\/\" \/>\n<meta property=\"og:site_name\" content=\"Radio Leinewelle\" \/>\n<meta property=\"article:publisher\" content=\"https:\/\/www.facebook.com\/radioleinewelle\" \/>\n<meta property=\"article:author\" content=\"https:\/\/www.facebook.com\/radioleinewelle\" \/>\n<meta property=\"article:published_time\" content=\"2021-04-07T04:10:00+00:00\" \/>\n<meta property=\"og:image\" content=\"https:\/\/radioleinewelle.de\/wp-content\/uploads\/2020\/12\/coronavirus-4833754_640.jpg\" \/>\n\t<meta property=\"og:image:width\" content=\"640\" \/>\n\t<meta property=\"og:image:height\" content=\"320\" \/>\n\t<meta property=\"og:image:type\" content=\"image\/jpeg\" \/>\n<meta name=\"author\" content=\"Leinewelle\" \/>\n<meta name=\"twitter:card\" content=\"summary_large_image\" \/>\n<meta name=\"twitter:creator\" content=\"@https:\/\/twitter.com\/RLeinewelle?ref_src=twsrcgoogletwcampserptwgrauthor\" \/>\n<meta name=\"twitter:site\" content=\"@RLeinewelle\" \/>\n<meta name=\"twitter:label1\" content=\"Verfasst von\" \/>\n\t<meta name=\"twitter:data1\" content=\"Leinewelle\" \/>\n\t<meta name=\"twitter:label2\" content=\"Gesch\u00e4tzte Lesezeit\" \/>\n\t<meta name=\"twitter:data2\" content=\"2\u00a0Minuten\" \/>\n<script type=\"application\/ld+json\" class=\"yoast-schema-graph\">{\"@context\":\"https:\\\/\\\/schema.org\",\"@graph\":[{\"@type\":\"Article\",\"@id\":\"https:\\\/\\\/radioleinewelle.de\\\/index.php\\\/2021\\\/04\\\/07\\\/die-coronalage-im-landkreis-goettingen-am-06-04\\\/#article\",\"isPartOf\":{\"@id\":\"https:\\\/\\\/radioleinewelle.de\\\/index.php\\\/2021\\\/04\\\/07\\\/die-coronalage-im-landkreis-goettingen-am-06-04\\\/\"},\"author\":{\"name\":\"Leinewelle\",\"@id\":\"https:\\\/\\\/radioleinewelle.de\\\/#\\\/schema\\\/person\\\/45606f348637df637192dc1b68399a63\"},\"headline\":\"Die Coronalage im Landkreis G\u00f6ttingen am 07.04.\",\"datePublished\":\"2021-04-07T04:10:00+00:00\",\"mainEntityOfPage\":{\"@id\":\"https:\\\/\\\/radioleinewelle.de\\\/index.php\\\/2021\\\/04\\\/07\\\/die-coronalage-im-landkreis-goettingen-am-06-04\\\/\"},\"wordCount\":201,\"publisher\":{\"@id\":\"https:\\\/\\\/radioleinewelle.de\\\/#organization\"},\"image\":{\"@id\":\"https:\\\/\\\/radioleinewelle.de\\\/index.php\\\/2021\\\/04\\\/07\\\/die-coronalage-im-landkreis-goettingen-am-06-04\\\/#primaryimage\"},\"thumbnailUrl\":\"https:\\\/\\\/radioleinewelle.de\\\/wp-content\\\/uploads\\\/2020\\\/12\\\/coronavirus-4833754_640.jpg\",\"keywords\":[\"Coronalage\",\"Landkreis G\u00f6ttingen\",\"Luca Lizenz\",\"Petra Broistedt\"],\"articleSection\":[\"Corona\"],\"inLanguage\":\"de\"},{\"@type\":\"WebPage\",\"@id\":\"https:\\\/\\\/radioleinewelle.de\\\/index.php\\\/2021\\\/04\\\/07\\\/die-coronalage-im-landkreis-goettingen-am-06-04\\\/\",\"url\":\"https:\\\/\\\/radioleinewelle.de\\\/index.php\\\/2021\\\/04\\\/07\\\/die-coronalage-im-landkreis-goettingen-am-06-04\\\/\",\"name\":\"Die Coronalage im Landkreis G\u00f6ttingen am 07.04. - Radio Leinewelle\",\"isPartOf\":{\"@id\":\"https:\\\/\\\/radioleinewelle.de\\\/#website\"},\"primaryImageOfPage\":{\"@id\":\"https:\\\/\\\/radioleinewelle.de\\\/index.php\\\/2021\\\/04\\\/07\\\/die-coronalage-im-landkreis-goettingen-am-06-04\\\/#primaryimage\"},\"image\":{\"@id\":\"https:\\\/\\\/radioleinewelle.de\\\/index.php\\\/2021\\\/04\\\/07\\\/die-coronalage-im-landkreis-goettingen-am-06-04\\\/#primaryimage\"},\"thumbnailUrl\":\"https:\\\/\\\/radioleinewelle.de\\\/wp-content\\\/uploads\\\/2020\\\/12\\\/coronavirus-4833754_640.jpg\",\"datePublished\":\"2021-04-07T04:10:00+00:00\",\"breadcrumb\":{\"@id\":\"https:\\\/\\\/radioleinewelle.de\\\/index.php\\\/2021\\\/04\\\/07\\\/die-coronalage-im-landkreis-goettingen-am-06-04\\\/#breadcrumb\"},\"inLanguage\":\"de\",\"potentialAction\":[{\"@type\":\"ReadAction\",\"target\":[\"https:\\\/\\\/radioleinewelle.de\\\/index.php\\\/2021\\\/04\\\/07\\\/die-coronalage-im-landkreis-goettingen-am-06-04\\\/\"]}]},{\"@type\":\"ImageObject\",\"inLanguage\":\"de\",\"@id\":\"https:\\\/\\\/radioleinewelle.de\\\/index.php\\\/2021\\\/04\\\/07\\\/die-coronalage-im-landkreis-goettingen-am-06-04\\\/#primaryimage\",\"url\":\"https:\\\/\\\/radioleinewelle.de\\\/wp-content\\\/uploads\\\/2020\\\/12\\\/coronavirus-4833754_640.jpg\",\"contentUrl\":\"https:\\\/\\\/radioleinewelle.de\\\/wp-content\\\/uploads\\\/2020\\\/12\\\/coronavirus-4833754_640.jpg\",\"width\":640,\"height\":320},{\"@type\":\"BreadcrumbList\",\"@id\":\"https:\\\/\\\/radioleinewelle.de\\\/index.php\\\/2021\\\/04\\\/07\\\/die-coronalage-im-landkreis-goettingen-am-06-04\\\/#breadcrumb\",\"itemListElement\":[{\"@type\":\"ListItem\",\"position\":1,\"name\":\"Startseite\",\"item\":\"https:\\\/\\\/radioleinewelle.de\\\/\"},{\"@type\":\"ListItem\",\"position\":2,\"name\":\"Die Coronalage im Landkreis G\u00f6ttingen am 07.04.\"}]},{\"@type\":\"WebSite\",\"@id\":\"https:\\\/\\\/radioleinewelle.de\\\/#website\",\"url\":\"https:\\\/\\\/radioleinewelle.de\\\/\",\"name\":\"Radio Leinewelle\",\"description\":\"\",\"publisher\":{\"@id\":\"https:\\\/\\\/radioleinewelle.de\\\/#organization\"},\"potentialAction\":[{\"@type\":\"SearchAction\",\"target\":{\"@type\":\"EntryPoint\",\"urlTemplate\":\"https:\\\/\\\/radioleinewelle.de\\\/?s={search_term_string}\"},\"query-input\":{\"@type\":\"PropertyValueSpecification\",\"valueRequired\":true,\"valueName\":\"search_term_string\"}}],\"inLanguage\":\"de\"},{\"@type\":\"Organization\",\"@id\":\"https:\\\/\\\/radioleinewelle.de\\\/#organization\",\"name\":\"Radio Leinewelle\",\"alternateName\":\"Mein Radio f\u00fcr S\u00fcdniedersachsen\",\"url\":\"https:\\\/\\\/radioleinewelle.de\\\/\",\"logo\":{\"@type\":\"ImageObject\",\"inLanguage\":\"de\",\"@id\":\"https:\\\/\\\/radioleinewelle.de\\\/#\\\/schema\\\/logo\\\/image\\\/\",\"url\":\"https:\\\/\\\/radioleinewelle.de\\\/wp-content\\\/uploads\\\/2023\\\/11\\\/cropped-Leinewelle_Logo_weiss.png\",\"contentUrl\":\"https:\\\/\\\/radioleinewelle.de\\\/wp-content\\\/uploads\\\/2023\\\/11\\\/cropped-Leinewelle_Logo_weiss.png\",\"width\":854,\"height\":260,\"caption\":\"Radio Leinewelle\"},\"image\":{\"@id\":\"https:\\\/\\\/radioleinewelle.de\\\/#\\\/schema\\\/logo\\\/image\\\/\"},\"sameAs\":[\"https:\\\/\\\/www.facebook.com\\\/radioleinewelle\",\"https:\\\/\\\/x.com\\\/RLeinewelle\",\"https:\\\/\\\/www.instagram.com\\\/radioleinewelle\\\/?hl=de\"]},{\"@type\":\"Person\",\"@id\":\"https:\\\/\\\/radioleinewelle.de\\\/#\\\/schema\\\/person\\\/45606f348637df637192dc1b68399a63\",\"name\":\"Leinewelle\",\"image\":{\"@type\":\"ImageObject\",\"inLanguage\":\"de\",\"@id\":\"https:\\\/\\\/secure.gravatar.com\\\/avatar\\\/05c9a17bc973052ee5d91549bd32fb4dd0dc85b7b85ae94b2e2b4943476bbea5?s=96&d=blank&r=g\",\"url\":\"https:\\\/\\\/secure.gravatar.com\\\/avatar\\\/05c9a17bc973052ee5d91549bd32fb4dd0dc85b7b85ae94b2e2b4943476bbea5?s=96&d=blank&r=g\",\"contentUrl\":\"https:\\\/\\\/secure.gravatar.com\\\/avatar\\\/05c9a17bc973052ee5d91549bd32fb4dd0dc85b7b85ae94b2e2b4943476bbea5?s=96&d=blank&r=g\",\"caption\":\"Leinewelle\"},\"sameAs\":[\"http:\\\/\\\/localhost\\\/radio%20leinewelle\\\/wordpress\",\"https:\\\/\\\/www.facebook.com\\\/radioleinewelle\",\"https:\\\/\\\/www.instagram.com\\\/radioleinewelle\",\"https:\\\/\\\/x.com\\\/https:\\\/\\\/twitter.com\\\/RLeinewelle?ref_src=twsrcgoogletwcampserptwgrauthor\",\"https:\\\/\\\/soundcloud.com\\\/foerderverein-lokalradio?utm_source=clipboard&utm_medium=text&utm_campaign=social_sharing\"],\"url\":\"https:\\\/\\\/radioleinewelle.de\\\/index.php\\\/author\\\/leinewelle\\\/\"}]}<\/script>\n<!-- \/ Yoast SEO plugin. -->","yoast_head_json":{"title":"Die Coronalage im Landkreis G\u00f6ttingen am 07.04. - Radio Leinewelle","robots":{"index":"index","follow":"follow","max-snippet":"max-snippet:-1","max-image-preview":"max-image-preview:large","max-video-preview":"max-video-preview:-1"},"canonical":"https:\/\/radioleinewelle.de\/index.php\/2021\/04\/07\/die-coronalage-im-landkreis-goettingen-am-06-04\/","og_locale":"de_DE","og_type":"article","og_title":"Die Coronalage im Landkreis G\u00f6ttingen am 07.04. - Radio Leinewelle","og_description":"Bei einem m\u00f6glichen Start als Modellkommune muss die Stadt G\u00f6ttingen die Gesamtsituation im Landkreis G\u00f6ttingen ber\u00fccksichtigen. &#8222;Aktuell ist die Pandemie-Lage in Stadt und Landkreis diffus. \u201eIn kurzer Zeit haben wir eine Verdoppelung der Inzidenzen zu verzeichnen. Das Risiko f\u00fcr einen fr\u00fchen Start w\u00e4re deshalb zu hoch. F\u00fcr uns hei\u00dft das: Wir starten nur bei einer [&hellip;]","og_url":"https:\/\/radioleinewelle.de\/index.php\/2021\/04\/07\/die-coronalage-im-landkreis-goettingen-am-06-04\/","og_site_name":"Radio Leinewelle","article_publisher":"https:\/\/www.facebook.com\/radioleinewelle","article_author":"https:\/\/www.facebook.com\/radioleinewelle","article_published_time":"2021-04-07T04:10:00+00:00","og_image":[{"width":640,"height":320,"url":"https:\/\/radioleinewelle.de\/wp-content\/uploads\/2020\/12\/coronavirus-4833754_640.jpg","type":"image\/jpeg"}],"author":"Leinewelle","twitter_card":"summary_large_image","twitter_creator":"@https:\/\/twitter.com\/RLeinewelle?ref_src=twsrcgoogletwcampserptwgrauthor","twitter_site":"@RLeinewelle","twitter_misc":{"Verfasst von":"Leinewelle","Gesch\u00e4tzte Lesezeit":"2\u00a0Minuten"},"schema":{"@context":"https:\/\/schema.org","@graph":[{"@type":"Article","@id":"https:\/\/radioleinewelle.de\/index.php\/2021\/04\/07\/die-coronalage-im-landkreis-goettingen-am-06-04\/#article","isPartOf":{"@id":"https:\/\/radioleinewelle.de\/index.php\/2021\/04\/07\/die-coronalage-im-landkreis-goettingen-am-06-04\/"},"author":{"name":"Leinewelle","@id":"https:\/\/radioleinewelle.de\/#\/schema\/person\/45606f348637df637192dc1b68399a63"},"headline":"Die Coronalage im Landkreis G\u00f6ttingen am 07.04.","datePublished":"2021-04-07T04:10:00+00:00","mainEntityOfPage":{"@id":"https:\/\/radioleinewelle.de\/index.php\/2021\/04\/07\/die-coronalage-im-landkreis-goettingen-am-06-04\/"},"wordCount":201,"publisher":{"@id":"https:\/\/radioleinewelle.de\/#organization"},"image":{"@id":"https:\/\/radioleinewelle.de\/index.php\/2021\/04\/07\/die-coronalage-im-landkreis-goettingen-am-06-04\/#primaryimage"},"thumbnailUrl":"https:\/\/radioleinewelle.de\/wp-content\/uploads\/2020\/12\/coronavirus-4833754_640.jpg","keywords":["Coronalage","Landkreis G\u00f6ttingen","Luca Lizenz","Petra Broistedt"],"articleSection":["Corona"],"inLanguage":"de"},{"@type":"WebPage","@id":"https:\/\/radioleinewelle.de\/index.php\/2021\/04\/07\/die-coronalage-im-landkreis-goettingen-am-06-04\/","url":"https:\/\/radioleinewelle.de\/index.php\/2021\/04\/07\/die-coronalage-im-landkreis-goettingen-am-06-04\/","name":"Die Coronalage im Landkreis G\u00f6ttingen am 07.04. - Radio Leinewelle","isPartOf":{"@id":"https:\/\/radioleinewelle.de\/#website"},"primaryImageOfPage":{"@id":"https:\/\/radioleinewelle.de\/index.php\/2021\/04\/07\/die-coronalage-im-landkreis-goettingen-am-06-04\/#primaryimage"},"image":{"@id":"https:\/\/radioleinewelle.de\/index.php\/2021\/04\/07\/die-coronalage-im-landkreis-goettingen-am-06-04\/#primaryimage"},"thumbnailUrl":"https:\/\/radioleinewelle.de\/wp-content\/uploads\/2020\/12\/coronavirus-4833754_640.jpg","datePublished":"2021-04-07T04:10:00+00:00","breadcrumb":{"@id":"https:\/\/radioleinewelle.de\/index.php\/2021\/04\/07\/die-coronalage-im-landkreis-goettingen-am-06-04\/#breadcrumb"},"inLanguage":"de","potentialAction":[{"@type":"ReadAction","target":["https:\/\/radioleinewelle.de\/index.php\/2021\/04\/07\/die-coronalage-im-landkreis-goettingen-am-06-04\/"]}]},{"@type":"ImageObject","inLanguage":"de","@id":"https:\/\/radioleinewelle.de\/index.php\/2021\/04\/07\/die-coronalage-im-landkreis-goettingen-am-06-04\/#primaryimage","url":"https:\/\/radioleinewelle.de\/wp-content\/uploads\/2020\/12\/coronavirus-4833754_640.jpg","contentUrl":"https:\/\/radioleinewelle.de\/wp-content\/uploads\/2020\/12\/coronavirus-4833754_640.jpg","width":640,"height":320},{"@type":"BreadcrumbList","@id":"https:\/\/radioleinewelle.de\/index.php\/2021\/04\/07\/die-coronalage-im-landkreis-goettingen-am-06-04\/#breadcrumb","itemListElement":[{"@type":"ListItem","position":1,"name":"Startseite","item":"https:\/\/radioleinewelle.de\/"},{"@type":"ListItem","position":2,"name":"Die Coronalage im Landkreis G\u00f6ttingen am 07.04."}]},{"@type":"WebSite","@id":"https:\/\/radioleinewelle.de\/#website","url":"https:\/\/radioleinewelle.de\/","name":"Radio Leinewelle","description":"","publisher":{"@id":"https:\/\/radioleinewelle.de\/#organization"},"potentialAction":[{"@type":"SearchAction","target":{"@type":"EntryPoint","urlTemplate":"https:\/\/radioleinewelle.de\/?s={search_term_string}"},"query-input":{"@type":"PropertyValueSpecification","valueRequired":true,"valueName":"search_term_string"}}],"inLanguage":"de"},{"@type":"Organization","@id":"https:\/\/radioleinewelle.de\/#organization","name":"Radio Leinewelle","alternateName":"Mein Radio f\u00fcr S\u00fcdniedersachsen","url":"https:\/\/radioleinewelle.de\/","logo":{"@type":"ImageObject","inLanguage":"de","@id":"https:\/\/radioleinewelle.de\/#\/schema\/logo\/image\/","url":"https:\/\/radioleinewelle.de\/wp-content\/uploads\/2023\/11\/cropped-Leinewelle_Logo_weiss.png","contentUrl":"https:\/\/radioleinewelle.de\/wp-content\/uploads\/2023\/11\/cropped-Leinewelle_Logo_weiss.png","width":854,"height":260,"caption":"Radio Leinewelle"},"image":{"@id":"https:\/\/radioleinewelle.de\/#\/schema\/logo\/image\/"},"sameAs":["https:\/\/www.facebook.com\/radioleinewelle","https:\/\/x.com\/RLeinewelle","https:\/\/www.instagram.com\/radioleinewelle\/?hl=de"]},{"@type":"Person","@id":"https:\/\/radioleinewelle.de\/#\/schema\/person\/45606f348637df637192dc1b68399a63","name":"Leinewelle","image":{"@type":"ImageObject","inLanguage":"de","@id":"https:\/\/secure.gravatar.com\/avatar\/05c9a17bc973052ee5d91549bd32fb4dd0dc85b7b85ae94b2e2b4943476bbea5?s=96&d=blank&r=g","url":"https:\/\/secure.gravatar.com\/avatar\/05c9a17bc973052ee5d91549bd32fb4dd0dc85b7b85ae94b2e2b4943476bbea5?s=96&d=blank&r=g","contentUrl":"https:\/\/secure.gravatar.com\/avatar\/05c9a17bc973052ee5d91549bd32fb4dd0dc85b7b85ae94b2e2b4943476bbea5?s=96&d=blank&r=g","caption":"Leinewelle"},"sameAs":["http:\/\/localhost\/radio%20leinewelle\/wordpress","https:\/\/www.facebook.com\/radioleinewelle","https:\/\/www.instagram.com\/radioleinewelle","https:\/\/x.com\/https:\/\/twitter.com\/RLeinewelle?ref_src=twsrcgoogletwcampserptwgrauthor","https:\/\/soundcloud.com\/foerderverein-lokalradio?utm_source=clipboard&utm_medium=text&utm_campaign=social_sharing"],"url":"https:\/\/radioleinewelle.de\/index.php\/author\/leinewelle\/"}]}},"_links":{"self":[{"href":"https:\/\/radioleinewelle.de\/index.php\/wp-json\/wp\/v2\/posts\/6811","targetHints":{"allow":["GET"]}}],"collection":[{"href":"https:\/\/radioleinewelle.de\/index.php\/wp-json\/wp\/v2\/posts"}],"about":[{"href":"https:\/\/radioleinewelle.de\/index.php\/wp-json\/wp\/v2\/types\/post"}],"author":[{"embeddable":true,"href":"https:\/\/radioleinewelle.de\/index.php\/wp-json\/wp\/v2\/users\/1"}],"replies":[{"embeddable":true,"href":"https:\/\/radioleinewelle.de\/index.php\/wp-json\/wp\/v2\/comments?post=6811"}],"version-history":[{"count":0,"href":"https:\/\/radioleinewelle.de\/index.php\/wp-json\/wp\/v2\/posts\/6811\/revisions"}],"wp:featuredmedia":[{"embeddable":true,"href":"https:\/\/radioleinewelle.de\/index.php\/wp-json\/wp\/v2\/media\/3778"}],"wp:attachment":[{"href":"https:\/\/radioleinewelle.de\/index.php\/wp-json\/wp\/v2\/media?parent=6811"}],"wp:term":[{"taxonomy":"category","embeddable":true,"href":"https:\/\/radioleinewelle.de\/index.php\/wp-json\/wp\/v2\/categories?post=6811"},{"taxonomy":"post_tag","embeddable":true,"href":"https:\/\/radioleinewelle.de\/index.php\/wp-json\/wp\/v2\/tags?post=6811"}],"curies":[{"name":"wp","href":"https:\/\/api.w.org\/{rel}","templated":true}]}}