{"id":6963,"date":"2021-04-11T05:54:18","date_gmt":"2021-04-11T03:54:18","guid":{"rendered":"https:\/\/radioleinewelle.de\/?p=6963"},"modified":"2021-04-11T05:54:18","modified_gmt":"2021-04-11T03:54:18","slug":"cdu-goettingen-nominiert-39-jaehrigen-juristen-ehsan-kangarani-zum-oberbuer-germeisterkandidaten","status":"publish","type":"post","link":"https:\/\/radioleinewelle.de\/index.php\/2021\/04\/11\/cdu-goettingen-nominiert-39-jaehrigen-juristen-ehsan-kangarani-zum-oberbuer-germeisterkandidaten\/","title":{"rendered":"CDU G\u00f6ttingen nominiert 39-j\u00e4hrigen Juristen Ehsan Kangarani  zum Oberb\u00fcrgermeisterkandidaten"},"content":{"rendered":"\n<p>Die Kandidatenliste f\u00fcr die Oberb\u00fcrgermeisterwahl am 12. September steht. Nach Petra Broistedt (SPD) und Doreen Fragel (Gr\u00fcne) nominierte gestern Abend die CDU erwartungsgem\u00e4\u00df den Hetjersh\u00e4user Dr. Ehsan Kangarani zum OB-Kandidaten. Die Entscheidung fiel einstimmig und ist damit ein Zeichen f\u00fcr die breite Unterst\u00fctzung des Kandidaten innerhalb der CDU.<\/p>\n\n\n\n<p>In seiner Vorstellungsrede, welche unter dem Slogan \u201eNeustart mit neuer Energie\u201c verdeutlichte Dr. Kangarani, warum es den Wechsel im G\u00f6ttinger Rathaus dringend brauche, und verweist auf die rot- gr\u00fcne Fehlerbilanz: Die Dickk\u00f6pfigkeit bei der Neukonzipierung der Stadthalle, das Verschleppen des Sanierungsstaus beim Deutschen Theater, ideologische und b\u00fcrgerferne Verkehrsplanungen, wie beispielsweise bei der Umgestaltung des Albaniplatzes. Auch spricht Dr. Kangarani die soziale Schere in dieser Stadt an, welche weiter auseinanderklaffe und prek\u00e4re Wohnverh\u00e4ltnisse die \u00fcberregionale Berichterstattung \u00fcber G\u00f6ttingen pr\u00e4gten. \u201eDas Image unserer Stadt leidet und ist gerade in j\u00fcngster Vergangenheit stark in Verruf geraten\u201c, hob OB-Kandidat Dr. Kangarani hervor.&nbsp;<\/p>\n\n\n\n<p><em>Zur Person:<br \/>Kangarani wurde 1981 in Teheran geboren und wuchs in G\u00f6ttingen auf, wo er seit 1985 mit seiner Familie lebt. 2001 absolvierte er am Theodor-Heuss-Gymnasium das Abitur und hat nach seinem Jura-Studium an der Georg-Augustus-Universit\u00e4t 2010 zum Dr. jur. promoviert. 2015 wurde er Richter am Amtsgericht G\u00f6ttingen und hat unter anderem auch als stellvertretender Pressesprecher im Nieders\u00e4chsischen Justizministerium gearbeitet. 2019 wurde er zum Ersten Staatsanwalt bei der Staatsanwaltschaft G\u00f6ttingen ernannt und war im Steuer,- Wirtschafts-, IT- und Umweltstrafrecht besch\u00e4ftigt. Aktuell ist er Referatsteilleiter f\u00fcr elektronischen Rechtsverkehr und Digitalisierung im Nieders\u00e4chsischen Justizministerium. Kangarani ist verheiratet, hat zwei Kinder und ist u.a. im Diakonischen Werk Christophorus als Aufsichtsratsvorsitzender ehrenamtlich engagiert.<\/em><\/p>\n","protected":false},"excerpt":{"rendered":"<p>Die Kandidatenliste f\u00fcr die Oberb\u00fcrgermeisterwahl am 12. September steht. Nach Petra Broistedt (SPD) und Doreen Fragel (Gr\u00fcne) nominierte gestern Abend die CDU erwartungsgem\u00e4\u00df den Hetjersh\u00e4user Dr. Ehsan Kangarani zum OB-Kandidaten. Die Entscheidung fiel einstimmig und ist damit ein Zeichen f\u00fcr die breite Unterst\u00fctzung des Kandidaten innerhalb der CDU. In seiner Vorstellungsrede, welche unter dem Slogan [&hellip;]<\/p>\n","protected":false},"author":1,"featured_media":6967,"comment_status":"closed","ping_status":"closed","sticky":false,"template":"","format":"standard","meta":{"saved_in_kubio":false,"footnotes":""},"categories":[39],"tags":[479,284,661],"class_list":["post-6963","post","type-post","status-publish","format-standard","has-post-thumbnail","hentry","category-lokalpolitik","tag-cdu-goettingen","tag-dr-ehsan-kangarani","tag-ob-kandidat"],"yoast_head":"<!-- This site is optimized with the Yoast SEO plugin v27.5 - https:\/\/yoast.com\/product\/yoast-seo-wordpress\/ -->\n<title>CDU G\u00f6ttingen nominiert 39-j\u00e4hrigen Juristen Ehsan Kangarani zum Oberb\u00fcrgermeisterkandidaten - Radio Leinewelle<\/title>\n<meta name=\"robots\" content=\"index, follow, max-snippet:-1, max-image-preview:large, max-video-preview:-1\" \/>\n<link rel=\"canonical\" href=\"https:\/\/radioleinewelle.de\/index.php\/2021\/04\/11\/cdu-goettingen-nominiert-39-jaehrigen-juristen-ehsan-kangarani-zum-oberbuer-germeisterkandidaten\/\" \/>\n<meta property=\"og:locale\" content=\"de_DE\" \/>\n<meta property=\"og:type\" content=\"article\" \/>\n<meta property=\"og:title\" content=\"CDU G\u00f6ttingen nominiert 39-j\u00e4hrigen Juristen Ehsan Kangarani zum Oberb\u00fcrgermeisterkandidaten - Radio Leinewelle\" \/>\n<meta property=\"og:description\" content=\"Die Kandidatenliste f\u00fcr die Oberb\u00fcrgermeisterwahl am 12. September steht. Nach Petra Broistedt (SPD) und Doreen Fragel (Gr\u00fcne) nominierte gestern Abend die CDU erwartungsgem\u00e4\u00df den Hetjersh\u00e4user Dr. Ehsan Kangarani zum OB-Kandidaten. Die Entscheidung fiel einstimmig und ist damit ein Zeichen f\u00fcr die breite Unterst\u00fctzung des Kandidaten innerhalb der CDU. In seiner Vorstellungsrede, welche unter dem Slogan [&hellip;]\" \/>\n<meta property=\"og:url\" content=\"https:\/\/radioleinewelle.de\/index.php\/2021\/04\/11\/cdu-goettingen-nominiert-39-jaehrigen-juristen-ehsan-kangarani-zum-oberbuer-germeisterkandidaten\/\" \/>\n<meta property=\"og:site_name\" content=\"Radio Leinewelle\" \/>\n<meta property=\"article:publisher\" content=\"https:\/\/www.facebook.com\/radioleinewelle\" \/>\n<meta property=\"article:author\" content=\"https:\/\/www.facebook.com\/radioleinewelle\" \/>\n<meta property=\"article:published_time\" content=\"2021-04-11T03:54:18+00:00\" \/>\n<meta property=\"og:image\" content=\"https:\/\/radioleinewelle.de\/wp-content\/uploads\/2021\/04\/Dr.-Ehsan-Kangarani-Bild-1-scaled-e1618113240741.jpg\" \/>\n\t<meta property=\"og:image:width\" content=\"600\" \/>\n\t<meta property=\"og:image:height\" content=\"450\" \/>\n\t<meta property=\"og:image:type\" content=\"image\/jpeg\" \/>\n<meta name=\"author\" content=\"Leinewelle\" \/>\n<meta name=\"twitter:card\" content=\"summary_large_image\" \/>\n<meta name=\"twitter:creator\" content=\"@https:\/\/twitter.com\/RLeinewelle?ref_src=twsrcgoogletwcampserptwgrauthor\" \/>\n<meta name=\"twitter:site\" content=\"@RLeinewelle\" \/>\n<meta name=\"twitter:label1\" content=\"Verfasst von\" \/>\n\t<meta name=\"twitter:data1\" content=\"Leinewelle\" \/>\n\t<meta name=\"twitter:label2\" content=\"Gesch\u00e4tzte Lesezeit\" \/>\n\t<meta name=\"twitter:data2\" content=\"2\u00a0Minuten\" \/>\n<script type=\"application\/ld+json\" class=\"yoast-schema-graph\">{\"@context\":\"https:\\\/\\\/schema.org\",\"@graph\":[{\"@type\":\"Article\",\"@id\":\"https:\\\/\\\/radioleinewelle.de\\\/index.php\\\/2021\\\/04\\\/11\\\/cdu-goettingen-nominiert-39-jaehrigen-juristen-ehsan-kangarani-zum-oberbuer-germeisterkandidaten\\\/#article\",\"isPartOf\":{\"@id\":\"https:\\\/\\\/radioleinewelle.de\\\/index.php\\\/2021\\\/04\\\/11\\\/cdu-goettingen-nominiert-39-jaehrigen-juristen-ehsan-kangarani-zum-oberbuer-germeisterkandidaten\\\/\"},\"author\":{\"name\":\"Leinewelle\",\"@id\":\"https:\\\/\\\/radioleinewelle.de\\\/#\\\/schema\\\/person\\\/45606f348637df637192dc1b68399a63\"},\"headline\":\"CDU G\u00f6ttingen nominiert 39-j\u00e4hrigen Juristen Ehsan Kangarani zum Oberb\u00fcrgermeisterkandidaten\",\"datePublished\":\"2021-04-11T03:54:18+00:00\",\"mainEntityOfPage\":{\"@id\":\"https:\\\/\\\/radioleinewelle.de\\\/index.php\\\/2021\\\/04\\\/11\\\/cdu-goettingen-nominiert-39-jaehrigen-juristen-ehsan-kangarani-zum-oberbuer-germeisterkandidaten\\\/\"},\"wordCount\":286,\"publisher\":{\"@id\":\"https:\\\/\\\/radioleinewelle.de\\\/#organization\"},\"image\":{\"@id\":\"https:\\\/\\\/radioleinewelle.de\\\/index.php\\\/2021\\\/04\\\/11\\\/cdu-goettingen-nominiert-39-jaehrigen-juristen-ehsan-kangarani-zum-oberbuer-germeisterkandidaten\\\/#primaryimage\"},\"thumbnailUrl\":\"https:\\\/\\\/radioleinewelle.de\\\/wp-content\\\/uploads\\\/2021\\\/04\\\/Dr.-Ehsan-Kangarani-Bild-1-scaled-e1618113240741.jpg\",\"keywords\":[\"CDU G\u00f6ttingen\",\"Dr. Ehsan Kangarani\",\"OB-Kandidat\"],\"articleSection\":[\"Lokalpolitik\"],\"inLanguage\":\"de\"},{\"@type\":\"WebPage\",\"@id\":\"https:\\\/\\\/radioleinewelle.de\\\/index.php\\\/2021\\\/04\\\/11\\\/cdu-goettingen-nominiert-39-jaehrigen-juristen-ehsan-kangarani-zum-oberbuer-germeisterkandidaten\\\/\",\"url\":\"https:\\\/\\\/radioleinewelle.de\\\/index.php\\\/2021\\\/04\\\/11\\\/cdu-goettingen-nominiert-39-jaehrigen-juristen-ehsan-kangarani-zum-oberbuer-germeisterkandidaten\\\/\",\"name\":\"CDU G\u00f6ttingen nominiert 39-j\u00e4hrigen Juristen Ehsan Kangarani zum Oberb\u00fcrgermeisterkandidaten - Radio Leinewelle\",\"isPartOf\":{\"@id\":\"https:\\\/\\\/radioleinewelle.de\\\/#website\"},\"primaryImageOfPage\":{\"@id\":\"https:\\\/\\\/radioleinewelle.de\\\/index.php\\\/2021\\\/04\\\/11\\\/cdu-goettingen-nominiert-39-jaehrigen-juristen-ehsan-kangarani-zum-oberbuer-germeisterkandidaten\\\/#primaryimage\"},\"image\":{\"@id\":\"https:\\\/\\\/radioleinewelle.de\\\/index.php\\\/2021\\\/04\\\/11\\\/cdu-goettingen-nominiert-39-jaehrigen-juristen-ehsan-kangarani-zum-oberbuer-germeisterkandidaten\\\/#primaryimage\"},\"thumbnailUrl\":\"https:\\\/\\\/radioleinewelle.de\\\/wp-content\\\/uploads\\\/2021\\\/04\\\/Dr.-Ehsan-Kangarani-Bild-1-scaled-e1618113240741.jpg\",\"datePublished\":\"2021-04-11T03:54:18+00:00\",\"breadcrumb\":{\"@id\":\"https:\\\/\\\/radioleinewelle.de\\\/index.php\\\/2021\\\/04\\\/11\\\/cdu-goettingen-nominiert-39-jaehrigen-juristen-ehsan-kangarani-zum-oberbuer-germeisterkandidaten\\\/#breadcrumb\"},\"inLanguage\":\"de\",\"potentialAction\":[{\"@type\":\"ReadAction\",\"target\":[\"https:\\\/\\\/radioleinewelle.de\\\/index.php\\\/2021\\\/04\\\/11\\\/cdu-goettingen-nominiert-39-jaehrigen-juristen-ehsan-kangarani-zum-oberbuer-germeisterkandidaten\\\/\"]}]},{\"@type\":\"ImageObject\",\"inLanguage\":\"de\",\"@id\":\"https:\\\/\\\/radioleinewelle.de\\\/index.php\\\/2021\\\/04\\\/11\\\/cdu-goettingen-nominiert-39-jaehrigen-juristen-ehsan-kangarani-zum-oberbuer-germeisterkandidaten\\\/#primaryimage\",\"url\":\"https:\\\/\\\/radioleinewelle.de\\\/wp-content\\\/uploads\\\/2021\\\/04\\\/Dr.-Ehsan-Kangarani-Bild-1-scaled-e1618113240741.jpg\",\"contentUrl\":\"https:\\\/\\\/radioleinewelle.de\\\/wp-content\\\/uploads\\\/2021\\\/04\\\/Dr.-Ehsan-Kangarani-Bild-1-scaled-e1618113240741.jpg\",\"width\":600,\"height\":450},{\"@type\":\"BreadcrumbList\",\"@id\":\"https:\\\/\\\/radioleinewelle.de\\\/index.php\\\/2021\\\/04\\\/11\\\/cdu-goettingen-nominiert-39-jaehrigen-juristen-ehsan-kangarani-zum-oberbuer-germeisterkandidaten\\\/#breadcrumb\",\"itemListElement\":[{\"@type\":\"ListItem\",\"position\":1,\"name\":\"Startseite\",\"item\":\"https:\\\/\\\/radioleinewelle.de\\\/\"},{\"@type\":\"ListItem\",\"position\":2,\"name\":\"CDU G\u00f6ttingen nominiert 39-j\u00e4hrigen Juristen Ehsan Kangarani zum Oberb\u00fcrgermeisterkandidaten\"}]},{\"@type\":\"WebSite\",\"@id\":\"https:\\\/\\\/radioleinewelle.de\\\/#website\",\"url\":\"https:\\\/\\\/radioleinewelle.de\\\/\",\"name\":\"Radio Leinewelle\",\"description\":\"\",\"publisher\":{\"@id\":\"https:\\\/\\\/radioleinewelle.de\\\/#organization\"},\"potentialAction\":[{\"@type\":\"SearchAction\",\"target\":{\"@type\":\"EntryPoint\",\"urlTemplate\":\"https:\\\/\\\/radioleinewelle.de\\\/?s={search_term_string}\"},\"query-input\":{\"@type\":\"PropertyValueSpecification\",\"valueRequired\":true,\"valueName\":\"search_term_string\"}}],\"inLanguage\":\"de\"},{\"@type\":\"Organization\",\"@id\":\"https:\\\/\\\/radioleinewelle.de\\\/#organization\",\"name\":\"Radio Leinewelle\",\"alternateName\":\"Mein Radio f\u00fcr S\u00fcdniedersachsen\",\"url\":\"https:\\\/\\\/radioleinewelle.de\\\/\",\"logo\":{\"@type\":\"ImageObject\",\"inLanguage\":\"de\",\"@id\":\"https:\\\/\\\/radioleinewelle.de\\\/#\\\/schema\\\/logo\\\/image\\\/\",\"url\":\"https:\\\/\\\/radioleinewelle.de\\\/wp-content\\\/uploads\\\/2023\\\/11\\\/cropped-Leinewelle_Logo_weiss.png\",\"contentUrl\":\"https:\\\/\\\/radioleinewelle.de\\\/wp-content\\\/uploads\\\/2023\\\/11\\\/cropped-Leinewelle_Logo_weiss.png\",\"width\":854,\"height\":260,\"caption\":\"Radio Leinewelle\"},\"image\":{\"@id\":\"https:\\\/\\\/radioleinewelle.de\\\/#\\\/schema\\\/logo\\\/image\\\/\"},\"sameAs\":[\"https:\\\/\\\/www.facebook.com\\\/radioleinewelle\",\"https:\\\/\\\/x.com\\\/RLeinewelle\",\"https:\\\/\\\/www.instagram.com\\\/radioleinewelle\\\/?hl=de\"]},{\"@type\":\"Person\",\"@id\":\"https:\\\/\\\/radioleinewelle.de\\\/#\\\/schema\\\/person\\\/45606f348637df637192dc1b68399a63\",\"name\":\"Leinewelle\",\"image\":{\"@type\":\"ImageObject\",\"inLanguage\":\"de\",\"@id\":\"https:\\\/\\\/secure.gravatar.com\\\/avatar\\\/05c9a17bc973052ee5d91549bd32fb4dd0dc85b7b85ae94b2e2b4943476bbea5?s=96&d=blank&r=g\",\"url\":\"https:\\\/\\\/secure.gravatar.com\\\/avatar\\\/05c9a17bc973052ee5d91549bd32fb4dd0dc85b7b85ae94b2e2b4943476bbea5?s=96&d=blank&r=g\",\"contentUrl\":\"https:\\\/\\\/secure.gravatar.com\\\/avatar\\\/05c9a17bc973052ee5d91549bd32fb4dd0dc85b7b85ae94b2e2b4943476bbea5?s=96&d=blank&r=g\",\"caption\":\"Leinewelle\"},\"sameAs\":[\"http:\\\/\\\/localhost\\\/radio%20leinewelle\\\/wordpress\",\"https:\\\/\\\/www.facebook.com\\\/radioleinewelle\",\"https:\\\/\\\/www.instagram.com\\\/radioleinewelle\",\"https:\\\/\\\/x.com\\\/https:\\\/\\\/twitter.com\\\/RLeinewelle?ref_src=twsrcgoogletwcampserptwgrauthor\",\"https:\\\/\\\/soundcloud.com\\\/foerderverein-lokalradio?utm_source=clipboard&utm_medium=text&utm_campaign=social_sharing\"],\"url\":\"https:\\\/\\\/radioleinewelle.de\\\/index.php\\\/author\\\/leinewelle\\\/\"}]}<\/script>\n<!-- \/ Yoast SEO plugin. -->","yoast_head_json":{"title":"CDU G\u00f6ttingen nominiert 39-j\u00e4hrigen Juristen Ehsan Kangarani zum Oberb\u00fcrgermeisterkandidaten - Radio Leinewelle","robots":{"index":"index","follow":"follow","max-snippet":"max-snippet:-1","max-image-preview":"max-image-preview:large","max-video-preview":"max-video-preview:-1"},"canonical":"https:\/\/radioleinewelle.de\/index.php\/2021\/04\/11\/cdu-goettingen-nominiert-39-jaehrigen-juristen-ehsan-kangarani-zum-oberbuer-germeisterkandidaten\/","og_locale":"de_DE","og_type":"article","og_title":"CDU G\u00f6ttingen nominiert 39-j\u00e4hrigen Juristen Ehsan Kangarani zum Oberb\u00fcrgermeisterkandidaten - Radio Leinewelle","og_description":"Die Kandidatenliste f\u00fcr die Oberb\u00fcrgermeisterwahl am 12. September steht. Nach Petra Broistedt (SPD) und Doreen Fragel (Gr\u00fcne) nominierte gestern Abend die CDU erwartungsgem\u00e4\u00df den Hetjersh\u00e4user Dr. Ehsan Kangarani zum OB-Kandidaten. Die Entscheidung fiel einstimmig und ist damit ein Zeichen f\u00fcr die breite Unterst\u00fctzung des Kandidaten innerhalb der CDU. In seiner Vorstellungsrede, welche unter dem Slogan [&hellip;]","og_url":"https:\/\/radioleinewelle.de\/index.php\/2021\/04\/11\/cdu-goettingen-nominiert-39-jaehrigen-juristen-ehsan-kangarani-zum-oberbuer-germeisterkandidaten\/","og_site_name":"Radio Leinewelle","article_publisher":"https:\/\/www.facebook.com\/radioleinewelle","article_author":"https:\/\/www.facebook.com\/radioleinewelle","article_published_time":"2021-04-11T03:54:18+00:00","og_image":[{"width":600,"height":450,"url":"https:\/\/radioleinewelle.de\/wp-content\/uploads\/2021\/04\/Dr.-Ehsan-Kangarani-Bild-1-scaled-e1618113240741.jpg","type":"image\/jpeg"}],"author":"Leinewelle","twitter_card":"summary_large_image","twitter_creator":"@https:\/\/twitter.com\/RLeinewelle?ref_src=twsrcgoogletwcampserptwgrauthor","twitter_site":"@RLeinewelle","twitter_misc":{"Verfasst von":"Leinewelle","Gesch\u00e4tzte Lesezeit":"2\u00a0Minuten"},"schema":{"@context":"https:\/\/schema.org","@graph":[{"@type":"Article","@id":"https:\/\/radioleinewelle.de\/index.php\/2021\/04\/11\/cdu-goettingen-nominiert-39-jaehrigen-juristen-ehsan-kangarani-zum-oberbuer-germeisterkandidaten\/#article","isPartOf":{"@id":"https:\/\/radioleinewelle.de\/index.php\/2021\/04\/11\/cdu-goettingen-nominiert-39-jaehrigen-juristen-ehsan-kangarani-zum-oberbuer-germeisterkandidaten\/"},"author":{"name":"Leinewelle","@id":"https:\/\/radioleinewelle.de\/#\/schema\/person\/45606f348637df637192dc1b68399a63"},"headline":"CDU G\u00f6ttingen nominiert 39-j\u00e4hrigen Juristen Ehsan Kangarani zum Oberb\u00fcrgermeisterkandidaten","datePublished":"2021-04-11T03:54:18+00:00","mainEntityOfPage":{"@id":"https:\/\/radioleinewelle.de\/index.php\/2021\/04\/11\/cdu-goettingen-nominiert-39-jaehrigen-juristen-ehsan-kangarani-zum-oberbuer-germeisterkandidaten\/"},"wordCount":286,"publisher":{"@id":"https:\/\/radioleinewelle.de\/#organization"},"image":{"@id":"https:\/\/radioleinewelle.de\/index.php\/2021\/04\/11\/cdu-goettingen-nominiert-39-jaehrigen-juristen-ehsan-kangarani-zum-oberbuer-germeisterkandidaten\/#primaryimage"},"thumbnailUrl":"https:\/\/radioleinewelle.de\/wp-content\/uploads\/2021\/04\/Dr.-Ehsan-Kangarani-Bild-1-scaled-e1618113240741.jpg","keywords":["CDU G\u00f6ttingen","Dr. Ehsan Kangarani","OB-Kandidat"],"articleSection":["Lokalpolitik"],"inLanguage":"de"},{"@type":"WebPage","@id":"https:\/\/radioleinewelle.de\/index.php\/2021\/04\/11\/cdu-goettingen-nominiert-39-jaehrigen-juristen-ehsan-kangarani-zum-oberbuer-germeisterkandidaten\/","url":"https:\/\/radioleinewelle.de\/index.php\/2021\/04\/11\/cdu-goettingen-nominiert-39-jaehrigen-juristen-ehsan-kangarani-zum-oberbuer-germeisterkandidaten\/","name":"CDU G\u00f6ttingen nominiert 39-j\u00e4hrigen Juristen Ehsan Kangarani zum Oberb\u00fcrgermeisterkandidaten - Radio Leinewelle","isPartOf":{"@id":"https:\/\/radioleinewelle.de\/#website"},"primaryImageOfPage":{"@id":"https:\/\/radioleinewelle.de\/index.php\/2021\/04\/11\/cdu-goettingen-nominiert-39-jaehrigen-juristen-ehsan-kangarani-zum-oberbuer-germeisterkandidaten\/#primaryimage"},"image":{"@id":"https:\/\/radioleinewelle.de\/index.php\/2021\/04\/11\/cdu-goettingen-nominiert-39-jaehrigen-juristen-ehsan-kangarani-zum-oberbuer-germeisterkandidaten\/#primaryimage"},"thumbnailUrl":"https:\/\/radioleinewelle.de\/wp-content\/uploads\/2021\/04\/Dr.-Ehsan-Kangarani-Bild-1-scaled-e1618113240741.jpg","datePublished":"2021-04-11T03:54:18+00:00","breadcrumb":{"@id":"https:\/\/radioleinewelle.de\/index.php\/2021\/04\/11\/cdu-goettingen-nominiert-39-jaehrigen-juristen-ehsan-kangarani-zum-oberbuer-germeisterkandidaten\/#breadcrumb"},"inLanguage":"de","potentialAction":[{"@type":"ReadAction","target":["https:\/\/radioleinewelle.de\/index.php\/2021\/04\/11\/cdu-goettingen-nominiert-39-jaehrigen-juristen-ehsan-kangarani-zum-oberbuer-germeisterkandidaten\/"]}]},{"@type":"ImageObject","inLanguage":"de","@id":"https:\/\/radioleinewelle.de\/index.php\/2021\/04\/11\/cdu-goettingen-nominiert-39-jaehrigen-juristen-ehsan-kangarani-zum-oberbuer-germeisterkandidaten\/#primaryimage","url":"https:\/\/radioleinewelle.de\/wp-content\/uploads\/2021\/04\/Dr.-Ehsan-Kangarani-Bild-1-scaled-e1618113240741.jpg","contentUrl":"https:\/\/radioleinewelle.de\/wp-content\/uploads\/2021\/04\/Dr.-Ehsan-Kangarani-Bild-1-scaled-e1618113240741.jpg","width":600,"height":450},{"@type":"BreadcrumbList","@id":"https:\/\/radioleinewelle.de\/index.php\/2021\/04\/11\/cdu-goettingen-nominiert-39-jaehrigen-juristen-ehsan-kangarani-zum-oberbuer-germeisterkandidaten\/#breadcrumb","itemListElement":[{"@type":"ListItem","position":1,"name":"Startseite","item":"https:\/\/radioleinewelle.de\/"},{"@type":"ListItem","position":2,"name":"CDU G\u00f6ttingen nominiert 39-j\u00e4hrigen Juristen Ehsan Kangarani zum Oberb\u00fcrgermeisterkandidaten"}]},{"@type":"WebSite","@id":"https:\/\/radioleinewelle.de\/#website","url":"https:\/\/radioleinewelle.de\/","name":"Radio Leinewelle","description":"","publisher":{"@id":"https:\/\/radioleinewelle.de\/#organization"},"potentialAction":[{"@type":"SearchAction","target":{"@type":"EntryPoint","urlTemplate":"https:\/\/radioleinewelle.de\/?s={search_term_string}"},"query-input":{"@type":"PropertyValueSpecification","valueRequired":true,"valueName":"search_term_string"}}],"inLanguage":"de"},{"@type":"Organization","@id":"https:\/\/radioleinewelle.de\/#organization","name":"Radio Leinewelle","alternateName":"Mein Radio f\u00fcr S\u00fcdniedersachsen","url":"https:\/\/radioleinewelle.de\/","logo":{"@type":"ImageObject","inLanguage":"de","@id":"https:\/\/radioleinewelle.de\/#\/schema\/logo\/image\/","url":"https:\/\/radioleinewelle.de\/wp-content\/uploads\/2023\/11\/cropped-Leinewelle_Logo_weiss.png","contentUrl":"https:\/\/radioleinewelle.de\/wp-content\/uploads\/2023\/11\/cropped-Leinewelle_Logo_weiss.png","width":854,"height":260,"caption":"Radio Leinewelle"},"image":{"@id":"https:\/\/radioleinewelle.de\/#\/schema\/logo\/image\/"},"sameAs":["https:\/\/www.facebook.com\/radioleinewelle","https:\/\/x.com\/RLeinewelle","https:\/\/www.instagram.com\/radioleinewelle\/?hl=de"]},{"@type":"Person","@id":"https:\/\/radioleinewelle.de\/#\/schema\/person\/45606f348637df637192dc1b68399a63","name":"Leinewelle","image":{"@type":"ImageObject","inLanguage":"de","@id":"https:\/\/secure.gravatar.com\/avatar\/05c9a17bc973052ee5d91549bd32fb4dd0dc85b7b85ae94b2e2b4943476bbea5?s=96&d=blank&r=g","url":"https:\/\/secure.gravatar.com\/avatar\/05c9a17bc973052ee5d91549bd32fb4dd0dc85b7b85ae94b2e2b4943476bbea5?s=96&d=blank&r=g","contentUrl":"https:\/\/secure.gravatar.com\/avatar\/05c9a17bc973052ee5d91549bd32fb4dd0dc85b7b85ae94b2e2b4943476bbea5?s=96&d=blank&r=g","caption":"Leinewelle"},"sameAs":["http:\/\/localhost\/radio%20leinewelle\/wordpress","https:\/\/www.facebook.com\/radioleinewelle","https:\/\/www.instagram.com\/radioleinewelle","https:\/\/x.com\/https:\/\/twitter.com\/RLeinewelle?ref_src=twsrcgoogletwcampserptwgrauthor","https:\/\/soundcloud.com\/foerderverein-lokalradio?utm_source=clipboard&utm_medium=text&utm_campaign=social_sharing"],"url":"https:\/\/radioleinewelle.de\/index.php\/author\/leinewelle\/"}]}},"_links":{"self":[{"href":"https:\/\/radioleinewelle.de\/index.php\/wp-json\/wp\/v2\/posts\/6963","targetHints":{"allow":["GET"]}}],"collection":[{"href":"https:\/\/radioleinewelle.de\/index.php\/wp-json\/wp\/v2\/posts"}],"about":[{"href":"https:\/\/radioleinewelle.de\/index.php\/wp-json\/wp\/v2\/types\/post"}],"author":[{"embeddable":true,"href":"https:\/\/radioleinewelle.de\/index.php\/wp-json\/wp\/v2\/users\/1"}],"replies":[{"embeddable":true,"href":"https:\/\/radioleinewelle.de\/index.php\/wp-json\/wp\/v2\/comments?post=6963"}],"version-history":[{"count":0,"href":"https:\/\/radioleinewelle.de\/index.php\/wp-json\/wp\/v2\/posts\/6963\/revisions"}],"wp:featuredmedia":[{"embeddable":true,"href":"https:\/\/radioleinewelle.de\/index.php\/wp-json\/wp\/v2\/media\/6967"}],"wp:attachment":[{"href":"https:\/\/radioleinewelle.de\/index.php\/wp-json\/wp\/v2\/media?parent=6963"}],"wp:term":[{"taxonomy":"category","embeddable":true,"href":"https:\/\/radioleinewelle.de\/index.php\/wp-json\/wp\/v2\/categories?post=6963"},{"taxonomy":"post_tag","embeddable":true,"href":"https:\/\/radioleinewelle.de\/index.php\/wp-json\/wp\/v2\/tags?post=6963"}],"curies":[{"name":"wp","href":"https:\/\/api.w.org\/{rel}","templated":true}]}}