{"id":7075,"date":"2021-04-15T05:28:00","date_gmt":"2021-04-15T03:28:00","guid":{"rendered":"https:\/\/radioleinewelle.de\/?p=7075"},"modified":"2021-04-15T05:28:00","modified_gmt":"2021-04-15T03:28:00","slug":"online-fortbildung-jugendpartizipation-wie-funktioniert-eigentlich-kommunalpolitik","status":"publish","type":"post","link":"https:\/\/radioleinewelle.de\/index.php\/2021\/04\/15\/online-fortbildung-jugendpartizipation-wie-funktioniert-eigentlich-kommunalpolitik\/","title":{"rendered":"Online-Fortbildung Jugendpartizipation \u201eWie funktioniert eigentlich Kommunalpolitik?\u201c"},"content":{"rendered":"\n<p>Der Landkreis G\u00f6ttingen bietet eine Online-Fortbildung f\u00fcr Jugendliche zum Thema \u201eWie funktioniert eigentlich Kommunalpolitik\u201c an. Die Veranstaltung ist Mittwoch, 21.04.2021, 17:45 bis 21:15 Uhr auf der Plattform Zoom.&nbsp;<\/p>\n\n\n\n<p>Im Grundgesetz steht im Artikel 28 Abs. 2, \u201eDen Gemeinden muss das Recht gew\u00e4hrleistet sein, alle Angelegenheiten der \u00f6rtlichen Gemeinschaft im Rahmen der Gesetze in eigener Verantwortung zu regeln\u201c. Doch was bedeutet das \u00fcberhaupt und wie k\u00f6nnen B\u00fcrgerinnen und B\u00fcrger einen Teil dieser Verantwortung \u00fcbernehmen? Robert Hein, Politikberater und Kommunikationstrainer, geht in diesem mehrst\u00fcndigen Seminar auf die Fragen ein und erkl\u00e4rt den Teilnehmenden, in welcher Weise sie ihre politische Meinung ausdr\u00fccken und die Gesellschaft aktiv mitgestalten k\u00f6nnen.<\/p>\n\n\n\n<p>Das Seminar soll insbesondere Jugendlichen und jungen Erwachsenen kommunalpolitisches Grundlagenwissen vermitteln und sie zu mehr Partizipation motivieren. Die Veranstaltung wird gemeinsam mit dem Jugendforum der \u201ePartnerschaft f\u00fcr Demokratie am Harz\u201c durchgef\u00fchrt und durch das Bundesprogramm \u201eDemokratie leben! Aktiv gegen Extremismus, Gewalt und Menschenfeindlichkeit\u201c gef\u00f6rdert.<\/p>\n\n\n\n<p>Die Teilnahme ist kostenlos. Anmeldungen sind bis zum 19.04.2021 unter der Mailadresse<a href=\"mailto:guerocak@vielfalt-osterode.de\">guerocak@vielfalt-osterode.de<\/a>&nbsp;m\u00f6glich. Nach Eingang der Anmeldungen werden die Informationen und Zugangsdaten zugeschickt. F\u00fcr weitere Fragen steht die Koordinatorin der \u201ePartnerschaft f\u00fcr Demokratie am Harz\u201c unter Telefon 0151 14795187 zur Verf\u00fcgung.&nbsp;<\/p>\n\n\n\n<p>Informationen zur \u201ePartnerschaft f\u00fcr Demokratie am Harz\u201c oder zum \u201eBunten Laden\u201c k\u00f6nnen unter&nbsp;<a href=\"http:\/\/www.vielfalt-osterode.de\/\">www.vielfalt-osterode.de<\/a>&nbsp;eingesehen werden.<\/p>\n\n\n\n<p>Bild von&nbsp;<a href=\"https:\/\/pixabay.com\/de\/users\/photosforyou-124319\/?utm_source=link-attribution&amp;utm_medium=referral&amp;utm_campaign=image&amp;utm_content=4489399\">photosforyou<\/a>&nbsp;auf&nbsp;<a href=\"https:\/\/pixabay.com\/de\/?utm_source=link-attribution&amp;utm_medium=referral&amp;utm_campaign=image&amp;utm_content=4489399\">Pixabay<\/a><\/p>\n","protected":false},"excerpt":{"rendered":"<p>Der Landkreis G\u00f6ttingen bietet eine Online-Fortbildung f\u00fcr Jugendliche zum Thema \u201eWie funktioniert eigentlich Kommunalpolitik\u201c an. Die Veranstaltung ist Mittwoch, 21.04.2021, 17:45 bis 21:15 Uhr auf der Plattform Zoom.&nbsp; Im Grundgesetz steht im Artikel 28 Abs. 2, \u201eDen Gemeinden muss das Recht gew\u00e4hrleistet sein, alle Angelegenheiten der \u00f6rtlichen Gemeinschaft im Rahmen der Gesetze in eigener Verantwortung [&hellip;]<\/p>\n","protected":false},"author":1,"featured_media":0,"comment_status":"closed","ping_status":"closed","sticky":false,"template":"","format":"standard","meta":{"saved_in_kubio":false,"footnotes":""},"categories":[39,41],"tags":[719,327,720,721],"class_list":["post-7075","post","type-post","status-publish","format-standard","hentry","category-lokalpolitik","category-veranstaltungen","tag-jugendpartizipation","tag-landkreis-goettingen","tag-online-fortbildung","tag-partnerschaft-fuer-demokratie-am-harz"],"yoast_head":"<!-- This site is optimized with the Yoast SEO plugin v27.5 - https:\/\/yoast.com\/product\/yoast-seo-wordpress\/ -->\n<title>Online-Fortbildung Jugendpartizipation \u201eWie funktioniert eigentlich Kommunalpolitik?\u201c - Radio Leinewelle<\/title>\n<meta name=\"robots\" content=\"index, follow, max-snippet:-1, max-image-preview:large, max-video-preview:-1\" \/>\n<link rel=\"canonical\" href=\"https:\/\/radioleinewelle.de\/index.php\/2021\/04\/15\/online-fortbildung-jugendpartizipation-wie-funktioniert-eigentlich-kommunalpolitik\/\" \/>\n<meta property=\"og:locale\" content=\"de_DE\" \/>\n<meta property=\"og:type\" content=\"article\" \/>\n<meta property=\"og:title\" content=\"Online-Fortbildung Jugendpartizipation \u201eWie funktioniert eigentlich Kommunalpolitik?\u201c - Radio Leinewelle\" \/>\n<meta property=\"og:description\" content=\"Der Landkreis G\u00f6ttingen bietet eine Online-Fortbildung f\u00fcr Jugendliche zum Thema \u201eWie funktioniert eigentlich Kommunalpolitik\u201c an. Die Veranstaltung ist Mittwoch, 21.04.2021, 17:45 bis 21:15 Uhr auf der Plattform Zoom.&nbsp; Im Grundgesetz steht im Artikel 28 Abs. 2, \u201eDen Gemeinden muss das Recht gew\u00e4hrleistet sein, alle Angelegenheiten der \u00f6rtlichen Gemeinschaft im Rahmen der Gesetze in eigener Verantwortung [&hellip;]\" \/>\n<meta property=\"og:url\" content=\"https:\/\/radioleinewelle.de\/index.php\/2021\/04\/15\/online-fortbildung-jugendpartizipation-wie-funktioniert-eigentlich-kommunalpolitik\/\" \/>\n<meta property=\"og:site_name\" content=\"Radio Leinewelle\" \/>\n<meta property=\"article:publisher\" content=\"https:\/\/www.facebook.com\/radioleinewelle\" \/>\n<meta property=\"article:author\" content=\"https:\/\/www.facebook.com\/radioleinewelle\" \/>\n<meta property=\"article:published_time\" content=\"2021-04-15T03:28:00+00:00\" \/>\n<meta name=\"author\" content=\"Leinewelle\" \/>\n<meta name=\"twitter:card\" content=\"summary_large_image\" \/>\n<meta name=\"twitter:creator\" content=\"@https:\/\/twitter.com\/RLeinewelle?ref_src=twsrcgoogletwcampserptwgrauthor\" \/>\n<meta name=\"twitter:site\" content=\"@RLeinewelle\" \/>\n<meta name=\"twitter:label1\" content=\"Verfasst von\" \/>\n\t<meta name=\"twitter:data1\" content=\"Leinewelle\" \/>\n\t<meta name=\"twitter:label2\" content=\"Gesch\u00e4tzte Lesezeit\" \/>\n\t<meta name=\"twitter:data2\" content=\"1\u00a0Minute\" \/>\n<script type=\"application\/ld+json\" class=\"yoast-schema-graph\">{\"@context\":\"https:\\\/\\\/schema.org\",\"@graph\":[{\"@type\":\"Article\",\"@id\":\"https:\\\/\\\/radioleinewelle.de\\\/index.php\\\/2021\\\/04\\\/15\\\/online-fortbildung-jugendpartizipation-wie-funktioniert-eigentlich-kommunalpolitik\\\/#article\",\"isPartOf\":{\"@id\":\"https:\\\/\\\/radioleinewelle.de\\\/index.php\\\/2021\\\/04\\\/15\\\/online-fortbildung-jugendpartizipation-wie-funktioniert-eigentlich-kommunalpolitik\\\/\"},\"author\":{\"name\":\"Leinewelle\",\"@id\":\"https:\\\/\\\/radioleinewelle.de\\\/#\\\/schema\\\/person\\\/45606f348637df637192dc1b68399a63\"},\"headline\":\"Online-Fortbildung Jugendpartizipation \u201eWie funktioniert eigentlich Kommunalpolitik?\u201c\",\"datePublished\":\"2021-04-15T03:28:00+00:00\",\"mainEntityOfPage\":{\"@id\":\"https:\\\/\\\/radioleinewelle.de\\\/index.php\\\/2021\\\/04\\\/15\\\/online-fortbildung-jugendpartizipation-wie-funktioniert-eigentlich-kommunalpolitik\\\/\"},\"wordCount\":240,\"publisher\":{\"@id\":\"https:\\\/\\\/radioleinewelle.de\\\/#organization\"},\"keywords\":[\"Jugendpartizipation\",\"Landkreis G\u00f6ttingen\",\"Online-Fortbildung\",\"Partnerschaft f\u00fcr Demokratie am Harz\"],\"articleSection\":[\"Lokalpolitik\",\"Veranstaltungen\"],\"inLanguage\":\"de\"},{\"@type\":\"WebPage\",\"@id\":\"https:\\\/\\\/radioleinewelle.de\\\/index.php\\\/2021\\\/04\\\/15\\\/online-fortbildung-jugendpartizipation-wie-funktioniert-eigentlich-kommunalpolitik\\\/\",\"url\":\"https:\\\/\\\/radioleinewelle.de\\\/index.php\\\/2021\\\/04\\\/15\\\/online-fortbildung-jugendpartizipation-wie-funktioniert-eigentlich-kommunalpolitik\\\/\",\"name\":\"Online-Fortbildung Jugendpartizipation \u201eWie funktioniert eigentlich Kommunalpolitik?\u201c - Radio Leinewelle\",\"isPartOf\":{\"@id\":\"https:\\\/\\\/radioleinewelle.de\\\/#website\"},\"datePublished\":\"2021-04-15T03:28:00+00:00\",\"breadcrumb\":{\"@id\":\"https:\\\/\\\/radioleinewelle.de\\\/index.php\\\/2021\\\/04\\\/15\\\/online-fortbildung-jugendpartizipation-wie-funktioniert-eigentlich-kommunalpolitik\\\/#breadcrumb\"},\"inLanguage\":\"de\",\"potentialAction\":[{\"@type\":\"ReadAction\",\"target\":[\"https:\\\/\\\/radioleinewelle.de\\\/index.php\\\/2021\\\/04\\\/15\\\/online-fortbildung-jugendpartizipation-wie-funktioniert-eigentlich-kommunalpolitik\\\/\"]}]},{\"@type\":\"BreadcrumbList\",\"@id\":\"https:\\\/\\\/radioleinewelle.de\\\/index.php\\\/2021\\\/04\\\/15\\\/online-fortbildung-jugendpartizipation-wie-funktioniert-eigentlich-kommunalpolitik\\\/#breadcrumb\",\"itemListElement\":[{\"@type\":\"ListItem\",\"position\":1,\"name\":\"Startseite\",\"item\":\"https:\\\/\\\/radioleinewelle.de\\\/\"},{\"@type\":\"ListItem\",\"position\":2,\"name\":\"Online-Fortbildung Jugendpartizipation \u201eWie funktioniert eigentlich Kommunalpolitik?\u201c\"}]},{\"@type\":\"WebSite\",\"@id\":\"https:\\\/\\\/radioleinewelle.de\\\/#website\",\"url\":\"https:\\\/\\\/radioleinewelle.de\\\/\",\"name\":\"Radio Leinewelle\",\"description\":\"\",\"publisher\":{\"@id\":\"https:\\\/\\\/radioleinewelle.de\\\/#organization\"},\"potentialAction\":[{\"@type\":\"SearchAction\",\"target\":{\"@type\":\"EntryPoint\",\"urlTemplate\":\"https:\\\/\\\/radioleinewelle.de\\\/?s={search_term_string}\"},\"query-input\":{\"@type\":\"PropertyValueSpecification\",\"valueRequired\":true,\"valueName\":\"search_term_string\"}}],\"inLanguage\":\"de\"},{\"@type\":\"Organization\",\"@id\":\"https:\\\/\\\/radioleinewelle.de\\\/#organization\",\"name\":\"Radio Leinewelle\",\"alternateName\":\"Mein Radio f\u00fcr S\u00fcdniedersachsen\",\"url\":\"https:\\\/\\\/radioleinewelle.de\\\/\",\"logo\":{\"@type\":\"ImageObject\",\"inLanguage\":\"de\",\"@id\":\"https:\\\/\\\/radioleinewelle.de\\\/#\\\/schema\\\/logo\\\/image\\\/\",\"url\":\"https:\\\/\\\/radioleinewelle.de\\\/wp-content\\\/uploads\\\/2023\\\/11\\\/cropped-Leinewelle_Logo_weiss.png\",\"contentUrl\":\"https:\\\/\\\/radioleinewelle.de\\\/wp-content\\\/uploads\\\/2023\\\/11\\\/cropped-Leinewelle_Logo_weiss.png\",\"width\":854,\"height\":260,\"caption\":\"Radio Leinewelle\"},\"image\":{\"@id\":\"https:\\\/\\\/radioleinewelle.de\\\/#\\\/schema\\\/logo\\\/image\\\/\"},\"sameAs\":[\"https:\\\/\\\/www.facebook.com\\\/radioleinewelle\",\"https:\\\/\\\/x.com\\\/RLeinewelle\",\"https:\\\/\\\/www.instagram.com\\\/radioleinewelle\\\/?hl=de\"]},{\"@type\":\"Person\",\"@id\":\"https:\\\/\\\/radioleinewelle.de\\\/#\\\/schema\\\/person\\\/45606f348637df637192dc1b68399a63\",\"name\":\"Leinewelle\",\"image\":{\"@type\":\"ImageObject\",\"inLanguage\":\"de\",\"@id\":\"https:\\\/\\\/secure.gravatar.com\\\/avatar\\\/05c9a17bc973052ee5d91549bd32fb4dd0dc85b7b85ae94b2e2b4943476bbea5?s=96&d=blank&r=g\",\"url\":\"https:\\\/\\\/secure.gravatar.com\\\/avatar\\\/05c9a17bc973052ee5d91549bd32fb4dd0dc85b7b85ae94b2e2b4943476bbea5?s=96&d=blank&r=g\",\"contentUrl\":\"https:\\\/\\\/secure.gravatar.com\\\/avatar\\\/05c9a17bc973052ee5d91549bd32fb4dd0dc85b7b85ae94b2e2b4943476bbea5?s=96&d=blank&r=g\",\"caption\":\"Leinewelle\"},\"sameAs\":[\"http:\\\/\\\/localhost\\\/radio%20leinewelle\\\/wordpress\",\"https:\\\/\\\/www.facebook.com\\\/radioleinewelle\",\"https:\\\/\\\/www.instagram.com\\\/radioleinewelle\",\"https:\\\/\\\/x.com\\\/https:\\\/\\\/twitter.com\\\/RLeinewelle?ref_src=twsrcgoogletwcampserptwgrauthor\",\"https:\\\/\\\/soundcloud.com\\\/foerderverein-lokalradio?utm_source=clipboard&utm_medium=text&utm_campaign=social_sharing\"],\"url\":\"https:\\\/\\\/radioleinewelle.de\\\/index.php\\\/author\\\/leinewelle\\\/\"}]}<\/script>\n<!-- \/ Yoast SEO plugin. -->","yoast_head_json":{"title":"Online-Fortbildung Jugendpartizipation \u201eWie funktioniert eigentlich Kommunalpolitik?\u201c - Radio Leinewelle","robots":{"index":"index","follow":"follow","max-snippet":"max-snippet:-1","max-image-preview":"max-image-preview:large","max-video-preview":"max-video-preview:-1"},"canonical":"https:\/\/radioleinewelle.de\/index.php\/2021\/04\/15\/online-fortbildung-jugendpartizipation-wie-funktioniert-eigentlich-kommunalpolitik\/","og_locale":"de_DE","og_type":"article","og_title":"Online-Fortbildung Jugendpartizipation \u201eWie funktioniert eigentlich Kommunalpolitik?\u201c - Radio Leinewelle","og_description":"Der Landkreis G\u00f6ttingen bietet eine Online-Fortbildung f\u00fcr Jugendliche zum Thema \u201eWie funktioniert eigentlich Kommunalpolitik\u201c an. Die Veranstaltung ist Mittwoch, 21.04.2021, 17:45 bis 21:15 Uhr auf der Plattform Zoom.&nbsp; Im Grundgesetz steht im Artikel 28 Abs. 2, \u201eDen Gemeinden muss das Recht gew\u00e4hrleistet sein, alle Angelegenheiten der \u00f6rtlichen Gemeinschaft im Rahmen der Gesetze in eigener Verantwortung [&hellip;]","og_url":"https:\/\/radioleinewelle.de\/index.php\/2021\/04\/15\/online-fortbildung-jugendpartizipation-wie-funktioniert-eigentlich-kommunalpolitik\/","og_site_name":"Radio Leinewelle","article_publisher":"https:\/\/www.facebook.com\/radioleinewelle","article_author":"https:\/\/www.facebook.com\/radioleinewelle","article_published_time":"2021-04-15T03:28:00+00:00","author":"Leinewelle","twitter_card":"summary_large_image","twitter_creator":"@https:\/\/twitter.com\/RLeinewelle?ref_src=twsrcgoogletwcampserptwgrauthor","twitter_site":"@RLeinewelle","twitter_misc":{"Verfasst von":"Leinewelle","Gesch\u00e4tzte Lesezeit":"1\u00a0Minute"},"schema":{"@context":"https:\/\/schema.org","@graph":[{"@type":"Article","@id":"https:\/\/radioleinewelle.de\/index.php\/2021\/04\/15\/online-fortbildung-jugendpartizipation-wie-funktioniert-eigentlich-kommunalpolitik\/#article","isPartOf":{"@id":"https:\/\/radioleinewelle.de\/index.php\/2021\/04\/15\/online-fortbildung-jugendpartizipation-wie-funktioniert-eigentlich-kommunalpolitik\/"},"author":{"name":"Leinewelle","@id":"https:\/\/radioleinewelle.de\/#\/schema\/person\/45606f348637df637192dc1b68399a63"},"headline":"Online-Fortbildung Jugendpartizipation \u201eWie funktioniert eigentlich Kommunalpolitik?\u201c","datePublished":"2021-04-15T03:28:00+00:00","mainEntityOfPage":{"@id":"https:\/\/radioleinewelle.de\/index.php\/2021\/04\/15\/online-fortbildung-jugendpartizipation-wie-funktioniert-eigentlich-kommunalpolitik\/"},"wordCount":240,"publisher":{"@id":"https:\/\/radioleinewelle.de\/#organization"},"keywords":["Jugendpartizipation","Landkreis G\u00f6ttingen","Online-Fortbildung","Partnerschaft f\u00fcr Demokratie am Harz"],"articleSection":["Lokalpolitik","Veranstaltungen"],"inLanguage":"de"},{"@type":"WebPage","@id":"https:\/\/radioleinewelle.de\/index.php\/2021\/04\/15\/online-fortbildung-jugendpartizipation-wie-funktioniert-eigentlich-kommunalpolitik\/","url":"https:\/\/radioleinewelle.de\/index.php\/2021\/04\/15\/online-fortbildung-jugendpartizipation-wie-funktioniert-eigentlich-kommunalpolitik\/","name":"Online-Fortbildung Jugendpartizipation \u201eWie funktioniert eigentlich Kommunalpolitik?\u201c - Radio Leinewelle","isPartOf":{"@id":"https:\/\/radioleinewelle.de\/#website"},"datePublished":"2021-04-15T03:28:00+00:00","breadcrumb":{"@id":"https:\/\/radioleinewelle.de\/index.php\/2021\/04\/15\/online-fortbildung-jugendpartizipation-wie-funktioniert-eigentlich-kommunalpolitik\/#breadcrumb"},"inLanguage":"de","potentialAction":[{"@type":"ReadAction","target":["https:\/\/radioleinewelle.de\/index.php\/2021\/04\/15\/online-fortbildung-jugendpartizipation-wie-funktioniert-eigentlich-kommunalpolitik\/"]}]},{"@type":"BreadcrumbList","@id":"https:\/\/radioleinewelle.de\/index.php\/2021\/04\/15\/online-fortbildung-jugendpartizipation-wie-funktioniert-eigentlich-kommunalpolitik\/#breadcrumb","itemListElement":[{"@type":"ListItem","position":1,"name":"Startseite","item":"https:\/\/radioleinewelle.de\/"},{"@type":"ListItem","position":2,"name":"Online-Fortbildung Jugendpartizipation \u201eWie funktioniert eigentlich Kommunalpolitik?\u201c"}]},{"@type":"WebSite","@id":"https:\/\/radioleinewelle.de\/#website","url":"https:\/\/radioleinewelle.de\/","name":"Radio Leinewelle","description":"","publisher":{"@id":"https:\/\/radioleinewelle.de\/#organization"},"potentialAction":[{"@type":"SearchAction","target":{"@type":"EntryPoint","urlTemplate":"https:\/\/radioleinewelle.de\/?s={search_term_string}"},"query-input":{"@type":"PropertyValueSpecification","valueRequired":true,"valueName":"search_term_string"}}],"inLanguage":"de"},{"@type":"Organization","@id":"https:\/\/radioleinewelle.de\/#organization","name":"Radio Leinewelle","alternateName":"Mein Radio f\u00fcr S\u00fcdniedersachsen","url":"https:\/\/radioleinewelle.de\/","logo":{"@type":"ImageObject","inLanguage":"de","@id":"https:\/\/radioleinewelle.de\/#\/schema\/logo\/image\/","url":"https:\/\/radioleinewelle.de\/wp-content\/uploads\/2023\/11\/cropped-Leinewelle_Logo_weiss.png","contentUrl":"https:\/\/radioleinewelle.de\/wp-content\/uploads\/2023\/11\/cropped-Leinewelle_Logo_weiss.png","width":854,"height":260,"caption":"Radio Leinewelle"},"image":{"@id":"https:\/\/radioleinewelle.de\/#\/schema\/logo\/image\/"},"sameAs":["https:\/\/www.facebook.com\/radioleinewelle","https:\/\/x.com\/RLeinewelle","https:\/\/www.instagram.com\/radioleinewelle\/?hl=de"]},{"@type":"Person","@id":"https:\/\/radioleinewelle.de\/#\/schema\/person\/45606f348637df637192dc1b68399a63","name":"Leinewelle","image":{"@type":"ImageObject","inLanguage":"de","@id":"https:\/\/secure.gravatar.com\/avatar\/05c9a17bc973052ee5d91549bd32fb4dd0dc85b7b85ae94b2e2b4943476bbea5?s=96&d=blank&r=g","url":"https:\/\/secure.gravatar.com\/avatar\/05c9a17bc973052ee5d91549bd32fb4dd0dc85b7b85ae94b2e2b4943476bbea5?s=96&d=blank&r=g","contentUrl":"https:\/\/secure.gravatar.com\/avatar\/05c9a17bc973052ee5d91549bd32fb4dd0dc85b7b85ae94b2e2b4943476bbea5?s=96&d=blank&r=g","caption":"Leinewelle"},"sameAs":["http:\/\/localhost\/radio%20leinewelle\/wordpress","https:\/\/www.facebook.com\/radioleinewelle","https:\/\/www.instagram.com\/radioleinewelle","https:\/\/x.com\/https:\/\/twitter.com\/RLeinewelle?ref_src=twsrcgoogletwcampserptwgrauthor","https:\/\/soundcloud.com\/foerderverein-lokalradio?utm_source=clipboard&utm_medium=text&utm_campaign=social_sharing"],"url":"https:\/\/radioleinewelle.de\/index.php\/author\/leinewelle\/"}]}},"_links":{"self":[{"href":"https:\/\/radioleinewelle.de\/index.php\/wp-json\/wp\/v2\/posts\/7075","targetHints":{"allow":["GET"]}}],"collection":[{"href":"https:\/\/radioleinewelle.de\/index.php\/wp-json\/wp\/v2\/posts"}],"about":[{"href":"https:\/\/radioleinewelle.de\/index.php\/wp-json\/wp\/v2\/types\/post"}],"author":[{"embeddable":true,"href":"https:\/\/radioleinewelle.de\/index.php\/wp-json\/wp\/v2\/users\/1"}],"replies":[{"embeddable":true,"href":"https:\/\/radioleinewelle.de\/index.php\/wp-json\/wp\/v2\/comments?post=7075"}],"version-history":[{"count":0,"href":"https:\/\/radioleinewelle.de\/index.php\/wp-json\/wp\/v2\/posts\/7075\/revisions"}],"wp:attachment":[{"href":"https:\/\/radioleinewelle.de\/index.php\/wp-json\/wp\/v2\/media?parent=7075"}],"wp:term":[{"taxonomy":"category","embeddable":true,"href":"https:\/\/radioleinewelle.de\/index.php\/wp-json\/wp\/v2\/categories?post=7075"},{"taxonomy":"post_tag","embeddable":true,"href":"https:\/\/radioleinewelle.de\/index.php\/wp-json\/wp\/v2\/tags?post=7075"}],"curies":[{"name":"wp","href":"https:\/\/api.w.org\/{rel}","templated":true}]}}