{"id":7257,"date":"2021-04-22T05:05:00","date_gmt":"2021-04-22T03:05:00","guid":{"rendered":"https:\/\/radioleinewelle.de\/?p=7257"},"modified":"2021-04-22T05:05:00","modified_gmt":"2021-04-22T03:05:00","slug":"stadtradeln-2021-anmeldung-ab-sofort-moeglich-klimaschutzaktion-in-stadt-goettingen-und-landkreis","status":"publish","type":"post","link":"https:\/\/radioleinewelle.de\/index.php\/2021\/04\/22\/stadtradeln-2021-anmeldung-ab-sofort-moeglich-klimaschutzaktion-in-stadt-goettingen-und-landkreis\/","title":{"rendered":"STADTRADELN 2021: Anmeldung ab sofort m\u00f6glich Klimaschutzaktion in Stadt G\u00f6ttingen und Landkreis"},"content":{"rendered":"\n<p>Der Landkreis und die Stadt G\u00f6ttingen beteiligen sich zum 6. Mal gemeinsam vom&nbsp;13.06 &#8211; 03.07.2021&nbsp;an der Kampagne STADTRADELN des Klima-B\u00fcndnis e.V. Teilnehmen kann jede Person, die zusammen mit Freund*innen, Familie oder Arbeitskolleg*innen ein Team bildet und so ein Zeichen f\u00fcr den Klimaschutz und mehr Radverkehr setzt.&nbsp;<\/p>\n\n\n\n<p>Anmeldungen zur Kampagne sind ab sofort m\u00f6glich unter&nbsp;<a href=\"http:\/\/www.stadtradeln.de\/landkreis-goettingen\">www.stadtradeln.de\/landkreis-goettingen<\/a>&nbsp; oder&nbsp;<a href=\"http:\/\/www.stadtradeln.de\/goettingen\">www.stadtradeln.de\/goettingen<\/a>.<\/p>\n\n\n\n<p>Auch in diesem Jahr steht die Kampagne im Zeichen der Corona-Pandemie. Einen Grund, das STADTRADELN abzusagen, sehen die Organisatoren nicht. \u201eDie Alltagswege der Menschen k\u00f6nnen per Fahrrad mit einem relativ niedrigen Infektionsrisiko absolviert werden. Radfahren bedeutet auch, dass Strecken ohne engen zwischenmenschlichen Kontakt zur\u00fcckgelegt werden k\u00f6nnen. Zudem kann das Radfahren dem Alltag auch eine andere Perspektive bieten\u201c, sagt Landrat Bernhard Reuter.<\/p>\n\n\n\n<p>STADTRADELN im Jahr 2021 \u2013 diesmal stehen gemeinsame Aktivit\u00e4ten st\u00e4rker im Vordergrund. \u201eRadfahren mit Abstand zueinander \u2013 das ist in der aktuellen Zeit ein kreativer Weg, die geltenden Bestimmungen einzuhalten und dennoch Gemeinschaft zu erleben\u201c, so Oberb\u00fcrgermeister <strong>Rolf-Georg K\u00f6hler<\/strong>. Er sei gespannt, ob die Ergebnisse in diesem Jahr abermals die vorangegangenen Jahre \u00fcbersteigen. In 2020 hatten 863 Radlerinnen und Radler an der Kampagne teilgenommen und mit 70.000 km die fast 6-fache L\u00e4nge des \u00c4quators zur\u00fcckgelegt.<\/p>\n\n\n\n<p>Bild von&nbsp;<a href=\"https:\/\/pixabay.com\/de\/users\/rollstein-13853955\/?utm_source=link-attribution&amp;utm_medium=referral&amp;utm_campaign=image&amp;utm_content=4710352\">Roland Steinmann<\/a>&nbsp;auf&nbsp;<a href=\"https:\/\/pixabay.com\/de\/?utm_source=link-attribution&amp;utm_medium=referral&amp;utm_campaign=image&amp;utm_content=4710352\">Pixabay<\/a><\/p>\n","protected":false},"excerpt":{"rendered":"<p>Der Landkreis und die Stadt G\u00f6ttingen beteiligen sich zum 6. Mal gemeinsam vom&nbsp;13.06 &#8211; 03.07.2021&nbsp;an der Kampagne STADTRADELN des Klima-B\u00fcndnis e.V. Teilnehmen kann jede Person, die zusammen mit Freund*innen, Familie oder Arbeitskolleg*innen ein Team bildet und so ein Zeichen f\u00fcr den Klimaschutz und mehr Radverkehr setzt.&nbsp; Anmeldungen zur Kampagne sind ab sofort m\u00f6glich unter&nbsp;www.stadtradeln.de\/landkreis-goettingen&nbsp; oder&nbsp;www.stadtradeln.de\/goettingen. [&hellip;]<\/p>\n","protected":false},"author":1,"featured_media":0,"comment_status":"closed","ping_status":"closed","sticky":false,"template":"","format":"standard","meta":{"saved_in_kubio":false,"footnotes":""},"categories":[32,41],"tags":[800,288,607,801],"class_list":["post-7257","post","type-post","status-publish","format-standard","hentry","category-natur-umwelt","category-veranstaltungen","tag-klimabuendnis","tag-klimaschutz","tag-rolf-georg-koehler","tag-stadtradeln"],"yoast_head":"<!-- This site is optimized with the Yoast SEO plugin v27.5 - https:\/\/yoast.com\/product\/yoast-seo-wordpress\/ -->\n<title>STADTRADELN 2021: Anmeldung ab sofort m\u00f6glich Klimaschutzaktion in Stadt G\u00f6ttingen und Landkreis - Radio Leinewelle<\/title>\n<meta name=\"robots\" content=\"index, follow, max-snippet:-1, max-image-preview:large, max-video-preview:-1\" \/>\n<link rel=\"canonical\" href=\"https:\/\/radioleinewelle.de\/index.php\/2021\/04\/22\/stadtradeln-2021-anmeldung-ab-sofort-moeglich-klimaschutzaktion-in-stadt-goettingen-und-landkreis\/\" \/>\n<meta property=\"og:locale\" content=\"de_DE\" \/>\n<meta property=\"og:type\" content=\"article\" \/>\n<meta property=\"og:title\" content=\"STADTRADELN 2021: Anmeldung ab sofort m\u00f6glich Klimaschutzaktion in Stadt G\u00f6ttingen und Landkreis - Radio Leinewelle\" \/>\n<meta property=\"og:description\" content=\"Der Landkreis und die Stadt G\u00f6ttingen beteiligen sich zum 6. Mal gemeinsam vom&nbsp;13.06 &#8211; 03.07.2021&nbsp;an der Kampagne STADTRADELN des Klima-B\u00fcndnis e.V. Teilnehmen kann jede Person, die zusammen mit Freund*innen, Familie oder Arbeitskolleg*innen ein Team bildet und so ein Zeichen f\u00fcr den Klimaschutz und mehr Radverkehr setzt.&nbsp; Anmeldungen zur Kampagne sind ab sofort m\u00f6glich unter&nbsp;www.stadtradeln.de\/landkreis-goettingen&nbsp; oder&nbsp;www.stadtradeln.de\/goettingen. [&hellip;]\" \/>\n<meta property=\"og:url\" content=\"https:\/\/radioleinewelle.de\/index.php\/2021\/04\/22\/stadtradeln-2021-anmeldung-ab-sofort-moeglich-klimaschutzaktion-in-stadt-goettingen-und-landkreis\/\" \/>\n<meta property=\"og:site_name\" content=\"Radio Leinewelle\" \/>\n<meta property=\"article:publisher\" content=\"https:\/\/www.facebook.com\/radioleinewelle\" \/>\n<meta property=\"article:author\" content=\"https:\/\/www.facebook.com\/radioleinewelle\" \/>\n<meta property=\"article:published_time\" content=\"2021-04-22T03:05:00+00:00\" \/>\n<meta name=\"author\" content=\"Leinewelle\" \/>\n<meta name=\"twitter:card\" content=\"summary_large_image\" \/>\n<meta name=\"twitter:creator\" content=\"@https:\/\/twitter.com\/RLeinewelle?ref_src=twsrcgoogletwcampserptwgrauthor\" \/>\n<meta name=\"twitter:site\" content=\"@RLeinewelle\" \/>\n<meta name=\"twitter:label1\" content=\"Verfasst von\" \/>\n\t<meta name=\"twitter:data1\" content=\"Leinewelle\" \/>\n\t<meta name=\"twitter:label2\" content=\"Gesch\u00e4tzte Lesezeit\" \/>\n\t<meta name=\"twitter:data2\" content=\"1\u00a0Minute\" \/>\n<script type=\"application\/ld+json\" class=\"yoast-schema-graph\">{\"@context\":\"https:\\\/\\\/schema.org\",\"@graph\":[{\"@type\":\"Article\",\"@id\":\"https:\\\/\\\/radioleinewelle.de\\\/index.php\\\/2021\\\/04\\\/22\\\/stadtradeln-2021-anmeldung-ab-sofort-moeglich-klimaschutzaktion-in-stadt-goettingen-und-landkreis\\\/#article\",\"isPartOf\":{\"@id\":\"https:\\\/\\\/radioleinewelle.de\\\/index.php\\\/2021\\\/04\\\/22\\\/stadtradeln-2021-anmeldung-ab-sofort-moeglich-klimaschutzaktion-in-stadt-goettingen-und-landkreis\\\/\"},\"author\":{\"name\":\"Leinewelle\",\"@id\":\"https:\\\/\\\/radioleinewelle.de\\\/#\\\/schema\\\/person\\\/45606f348637df637192dc1b68399a63\"},\"headline\":\"STADTRADELN 2021: Anmeldung ab sofort m\u00f6glich Klimaschutzaktion in Stadt G\u00f6ttingen und Landkreis\",\"datePublished\":\"2021-04-22T03:05:00+00:00\",\"mainEntityOfPage\":{\"@id\":\"https:\\\/\\\/radioleinewelle.de\\\/index.php\\\/2021\\\/04\\\/22\\\/stadtradeln-2021-anmeldung-ab-sofort-moeglich-klimaschutzaktion-in-stadt-goettingen-und-landkreis\\\/\"},\"wordCount\":236,\"publisher\":{\"@id\":\"https:\\\/\\\/radioleinewelle.de\\\/#organization\"},\"keywords\":[\"Klimab\u00fcndnis\",\"Klimaschutz\",\"Rolf-Georg K\u00f6hler\",\"Stadtradeln\"],\"articleSection\":[\"Natur &amp; Umwelt\",\"Veranstaltungen\"],\"inLanguage\":\"de\"},{\"@type\":\"WebPage\",\"@id\":\"https:\\\/\\\/radioleinewelle.de\\\/index.php\\\/2021\\\/04\\\/22\\\/stadtradeln-2021-anmeldung-ab-sofort-moeglich-klimaschutzaktion-in-stadt-goettingen-und-landkreis\\\/\",\"url\":\"https:\\\/\\\/radioleinewelle.de\\\/index.php\\\/2021\\\/04\\\/22\\\/stadtradeln-2021-anmeldung-ab-sofort-moeglich-klimaschutzaktion-in-stadt-goettingen-und-landkreis\\\/\",\"name\":\"STADTRADELN 2021: Anmeldung ab sofort m\u00f6glich Klimaschutzaktion in Stadt G\u00f6ttingen und Landkreis - Radio Leinewelle\",\"isPartOf\":{\"@id\":\"https:\\\/\\\/radioleinewelle.de\\\/#website\"},\"datePublished\":\"2021-04-22T03:05:00+00:00\",\"breadcrumb\":{\"@id\":\"https:\\\/\\\/radioleinewelle.de\\\/index.php\\\/2021\\\/04\\\/22\\\/stadtradeln-2021-anmeldung-ab-sofort-moeglich-klimaschutzaktion-in-stadt-goettingen-und-landkreis\\\/#breadcrumb\"},\"inLanguage\":\"de\",\"potentialAction\":[{\"@type\":\"ReadAction\",\"target\":[\"https:\\\/\\\/radioleinewelle.de\\\/index.php\\\/2021\\\/04\\\/22\\\/stadtradeln-2021-anmeldung-ab-sofort-moeglich-klimaschutzaktion-in-stadt-goettingen-und-landkreis\\\/\"]}]},{\"@type\":\"BreadcrumbList\",\"@id\":\"https:\\\/\\\/radioleinewelle.de\\\/index.php\\\/2021\\\/04\\\/22\\\/stadtradeln-2021-anmeldung-ab-sofort-moeglich-klimaschutzaktion-in-stadt-goettingen-und-landkreis\\\/#breadcrumb\",\"itemListElement\":[{\"@type\":\"ListItem\",\"position\":1,\"name\":\"Startseite\",\"item\":\"https:\\\/\\\/radioleinewelle.de\\\/\"},{\"@type\":\"ListItem\",\"position\":2,\"name\":\"STADTRADELN 2021: Anmeldung ab sofort m\u00f6glich Klimaschutzaktion in Stadt G\u00f6ttingen und Landkreis\"}]},{\"@type\":\"WebSite\",\"@id\":\"https:\\\/\\\/radioleinewelle.de\\\/#website\",\"url\":\"https:\\\/\\\/radioleinewelle.de\\\/\",\"name\":\"Radio Leinewelle\",\"description\":\"\",\"publisher\":{\"@id\":\"https:\\\/\\\/radioleinewelle.de\\\/#organization\"},\"potentialAction\":[{\"@type\":\"SearchAction\",\"target\":{\"@type\":\"EntryPoint\",\"urlTemplate\":\"https:\\\/\\\/radioleinewelle.de\\\/?s={search_term_string}\"},\"query-input\":{\"@type\":\"PropertyValueSpecification\",\"valueRequired\":true,\"valueName\":\"search_term_string\"}}],\"inLanguage\":\"de\"},{\"@type\":\"Organization\",\"@id\":\"https:\\\/\\\/radioleinewelle.de\\\/#organization\",\"name\":\"Radio Leinewelle\",\"alternateName\":\"Mein Radio f\u00fcr S\u00fcdniedersachsen\",\"url\":\"https:\\\/\\\/radioleinewelle.de\\\/\",\"logo\":{\"@type\":\"ImageObject\",\"inLanguage\":\"de\",\"@id\":\"https:\\\/\\\/radioleinewelle.de\\\/#\\\/schema\\\/logo\\\/image\\\/\",\"url\":\"https:\\\/\\\/radioleinewelle.de\\\/wp-content\\\/uploads\\\/2023\\\/11\\\/cropped-Leinewelle_Logo_weiss.png\",\"contentUrl\":\"https:\\\/\\\/radioleinewelle.de\\\/wp-content\\\/uploads\\\/2023\\\/11\\\/cropped-Leinewelle_Logo_weiss.png\",\"width\":854,\"height\":260,\"caption\":\"Radio Leinewelle\"},\"image\":{\"@id\":\"https:\\\/\\\/radioleinewelle.de\\\/#\\\/schema\\\/logo\\\/image\\\/\"},\"sameAs\":[\"https:\\\/\\\/www.facebook.com\\\/radioleinewelle\",\"https:\\\/\\\/x.com\\\/RLeinewelle\",\"https:\\\/\\\/www.instagram.com\\\/radioleinewelle\\\/?hl=de\"]},{\"@type\":\"Person\",\"@id\":\"https:\\\/\\\/radioleinewelle.de\\\/#\\\/schema\\\/person\\\/45606f348637df637192dc1b68399a63\",\"name\":\"Leinewelle\",\"image\":{\"@type\":\"ImageObject\",\"inLanguage\":\"de\",\"@id\":\"https:\\\/\\\/secure.gravatar.com\\\/avatar\\\/05c9a17bc973052ee5d91549bd32fb4dd0dc85b7b85ae94b2e2b4943476bbea5?s=96&d=blank&r=g\",\"url\":\"https:\\\/\\\/secure.gravatar.com\\\/avatar\\\/05c9a17bc973052ee5d91549bd32fb4dd0dc85b7b85ae94b2e2b4943476bbea5?s=96&d=blank&r=g\",\"contentUrl\":\"https:\\\/\\\/secure.gravatar.com\\\/avatar\\\/05c9a17bc973052ee5d91549bd32fb4dd0dc85b7b85ae94b2e2b4943476bbea5?s=96&d=blank&r=g\",\"caption\":\"Leinewelle\"},\"sameAs\":[\"http:\\\/\\\/localhost\\\/radio%20leinewelle\\\/wordpress\",\"https:\\\/\\\/www.facebook.com\\\/radioleinewelle\",\"https:\\\/\\\/www.instagram.com\\\/radioleinewelle\",\"https:\\\/\\\/x.com\\\/https:\\\/\\\/twitter.com\\\/RLeinewelle?ref_src=twsrcgoogletwcampserptwgrauthor\",\"https:\\\/\\\/soundcloud.com\\\/foerderverein-lokalradio?utm_source=clipboard&utm_medium=text&utm_campaign=social_sharing\"],\"url\":\"https:\\\/\\\/radioleinewelle.de\\\/index.php\\\/author\\\/leinewelle\\\/\"}]}<\/script>\n<!-- \/ Yoast SEO plugin. -->","yoast_head_json":{"title":"STADTRADELN 2021: Anmeldung ab sofort m\u00f6glich Klimaschutzaktion in Stadt G\u00f6ttingen und Landkreis - Radio Leinewelle","robots":{"index":"index","follow":"follow","max-snippet":"max-snippet:-1","max-image-preview":"max-image-preview:large","max-video-preview":"max-video-preview:-1"},"canonical":"https:\/\/radioleinewelle.de\/index.php\/2021\/04\/22\/stadtradeln-2021-anmeldung-ab-sofort-moeglich-klimaschutzaktion-in-stadt-goettingen-und-landkreis\/","og_locale":"de_DE","og_type":"article","og_title":"STADTRADELN 2021: Anmeldung ab sofort m\u00f6glich Klimaschutzaktion in Stadt G\u00f6ttingen und Landkreis - Radio Leinewelle","og_description":"Der Landkreis und die Stadt G\u00f6ttingen beteiligen sich zum 6. Mal gemeinsam vom&nbsp;13.06 &#8211; 03.07.2021&nbsp;an der Kampagne STADTRADELN des Klima-B\u00fcndnis e.V. Teilnehmen kann jede Person, die zusammen mit Freund*innen, Familie oder Arbeitskolleg*innen ein Team bildet und so ein Zeichen f\u00fcr den Klimaschutz und mehr Radverkehr setzt.&nbsp; Anmeldungen zur Kampagne sind ab sofort m\u00f6glich unter&nbsp;www.stadtradeln.de\/landkreis-goettingen&nbsp; oder&nbsp;www.stadtradeln.de\/goettingen. [&hellip;]","og_url":"https:\/\/radioleinewelle.de\/index.php\/2021\/04\/22\/stadtradeln-2021-anmeldung-ab-sofort-moeglich-klimaschutzaktion-in-stadt-goettingen-und-landkreis\/","og_site_name":"Radio Leinewelle","article_publisher":"https:\/\/www.facebook.com\/radioleinewelle","article_author":"https:\/\/www.facebook.com\/radioleinewelle","article_published_time":"2021-04-22T03:05:00+00:00","author":"Leinewelle","twitter_card":"summary_large_image","twitter_creator":"@https:\/\/twitter.com\/RLeinewelle?ref_src=twsrcgoogletwcampserptwgrauthor","twitter_site":"@RLeinewelle","twitter_misc":{"Verfasst von":"Leinewelle","Gesch\u00e4tzte Lesezeit":"1\u00a0Minute"},"schema":{"@context":"https:\/\/schema.org","@graph":[{"@type":"Article","@id":"https:\/\/radioleinewelle.de\/index.php\/2021\/04\/22\/stadtradeln-2021-anmeldung-ab-sofort-moeglich-klimaschutzaktion-in-stadt-goettingen-und-landkreis\/#article","isPartOf":{"@id":"https:\/\/radioleinewelle.de\/index.php\/2021\/04\/22\/stadtradeln-2021-anmeldung-ab-sofort-moeglich-klimaschutzaktion-in-stadt-goettingen-und-landkreis\/"},"author":{"name":"Leinewelle","@id":"https:\/\/radioleinewelle.de\/#\/schema\/person\/45606f348637df637192dc1b68399a63"},"headline":"STADTRADELN 2021: Anmeldung ab sofort m\u00f6glich Klimaschutzaktion in Stadt G\u00f6ttingen und Landkreis","datePublished":"2021-04-22T03:05:00+00:00","mainEntityOfPage":{"@id":"https:\/\/radioleinewelle.de\/index.php\/2021\/04\/22\/stadtradeln-2021-anmeldung-ab-sofort-moeglich-klimaschutzaktion-in-stadt-goettingen-und-landkreis\/"},"wordCount":236,"publisher":{"@id":"https:\/\/radioleinewelle.de\/#organization"},"keywords":["Klimab\u00fcndnis","Klimaschutz","Rolf-Georg K\u00f6hler","Stadtradeln"],"articleSection":["Natur &amp; Umwelt","Veranstaltungen"],"inLanguage":"de"},{"@type":"WebPage","@id":"https:\/\/radioleinewelle.de\/index.php\/2021\/04\/22\/stadtradeln-2021-anmeldung-ab-sofort-moeglich-klimaschutzaktion-in-stadt-goettingen-und-landkreis\/","url":"https:\/\/radioleinewelle.de\/index.php\/2021\/04\/22\/stadtradeln-2021-anmeldung-ab-sofort-moeglich-klimaschutzaktion-in-stadt-goettingen-und-landkreis\/","name":"STADTRADELN 2021: Anmeldung ab sofort m\u00f6glich Klimaschutzaktion in Stadt G\u00f6ttingen und Landkreis - Radio Leinewelle","isPartOf":{"@id":"https:\/\/radioleinewelle.de\/#website"},"datePublished":"2021-04-22T03:05:00+00:00","breadcrumb":{"@id":"https:\/\/radioleinewelle.de\/index.php\/2021\/04\/22\/stadtradeln-2021-anmeldung-ab-sofort-moeglich-klimaschutzaktion-in-stadt-goettingen-und-landkreis\/#breadcrumb"},"inLanguage":"de","potentialAction":[{"@type":"ReadAction","target":["https:\/\/radioleinewelle.de\/index.php\/2021\/04\/22\/stadtradeln-2021-anmeldung-ab-sofort-moeglich-klimaschutzaktion-in-stadt-goettingen-und-landkreis\/"]}]},{"@type":"BreadcrumbList","@id":"https:\/\/radioleinewelle.de\/index.php\/2021\/04\/22\/stadtradeln-2021-anmeldung-ab-sofort-moeglich-klimaschutzaktion-in-stadt-goettingen-und-landkreis\/#breadcrumb","itemListElement":[{"@type":"ListItem","position":1,"name":"Startseite","item":"https:\/\/radioleinewelle.de\/"},{"@type":"ListItem","position":2,"name":"STADTRADELN 2021: Anmeldung ab sofort m\u00f6glich Klimaschutzaktion in Stadt G\u00f6ttingen und Landkreis"}]},{"@type":"WebSite","@id":"https:\/\/radioleinewelle.de\/#website","url":"https:\/\/radioleinewelle.de\/","name":"Radio Leinewelle","description":"","publisher":{"@id":"https:\/\/radioleinewelle.de\/#organization"},"potentialAction":[{"@type":"SearchAction","target":{"@type":"EntryPoint","urlTemplate":"https:\/\/radioleinewelle.de\/?s={search_term_string}"},"query-input":{"@type":"PropertyValueSpecification","valueRequired":true,"valueName":"search_term_string"}}],"inLanguage":"de"},{"@type":"Organization","@id":"https:\/\/radioleinewelle.de\/#organization","name":"Radio Leinewelle","alternateName":"Mein Radio f\u00fcr S\u00fcdniedersachsen","url":"https:\/\/radioleinewelle.de\/","logo":{"@type":"ImageObject","inLanguage":"de","@id":"https:\/\/radioleinewelle.de\/#\/schema\/logo\/image\/","url":"https:\/\/radioleinewelle.de\/wp-content\/uploads\/2023\/11\/cropped-Leinewelle_Logo_weiss.png","contentUrl":"https:\/\/radioleinewelle.de\/wp-content\/uploads\/2023\/11\/cropped-Leinewelle_Logo_weiss.png","width":854,"height":260,"caption":"Radio Leinewelle"},"image":{"@id":"https:\/\/radioleinewelle.de\/#\/schema\/logo\/image\/"},"sameAs":["https:\/\/www.facebook.com\/radioleinewelle","https:\/\/x.com\/RLeinewelle","https:\/\/www.instagram.com\/radioleinewelle\/?hl=de"]},{"@type":"Person","@id":"https:\/\/radioleinewelle.de\/#\/schema\/person\/45606f348637df637192dc1b68399a63","name":"Leinewelle","image":{"@type":"ImageObject","inLanguage":"de","@id":"https:\/\/secure.gravatar.com\/avatar\/05c9a17bc973052ee5d91549bd32fb4dd0dc85b7b85ae94b2e2b4943476bbea5?s=96&d=blank&r=g","url":"https:\/\/secure.gravatar.com\/avatar\/05c9a17bc973052ee5d91549bd32fb4dd0dc85b7b85ae94b2e2b4943476bbea5?s=96&d=blank&r=g","contentUrl":"https:\/\/secure.gravatar.com\/avatar\/05c9a17bc973052ee5d91549bd32fb4dd0dc85b7b85ae94b2e2b4943476bbea5?s=96&d=blank&r=g","caption":"Leinewelle"},"sameAs":["http:\/\/localhost\/radio%20leinewelle\/wordpress","https:\/\/www.facebook.com\/radioleinewelle","https:\/\/www.instagram.com\/radioleinewelle","https:\/\/x.com\/https:\/\/twitter.com\/RLeinewelle?ref_src=twsrcgoogletwcampserptwgrauthor","https:\/\/soundcloud.com\/foerderverein-lokalradio?utm_source=clipboard&utm_medium=text&utm_campaign=social_sharing"],"url":"https:\/\/radioleinewelle.de\/index.php\/author\/leinewelle\/"}]}},"_links":{"self":[{"href":"https:\/\/radioleinewelle.de\/index.php\/wp-json\/wp\/v2\/posts\/7257","targetHints":{"allow":["GET"]}}],"collection":[{"href":"https:\/\/radioleinewelle.de\/index.php\/wp-json\/wp\/v2\/posts"}],"about":[{"href":"https:\/\/radioleinewelle.de\/index.php\/wp-json\/wp\/v2\/types\/post"}],"author":[{"embeddable":true,"href":"https:\/\/radioleinewelle.de\/index.php\/wp-json\/wp\/v2\/users\/1"}],"replies":[{"embeddable":true,"href":"https:\/\/radioleinewelle.de\/index.php\/wp-json\/wp\/v2\/comments?post=7257"}],"version-history":[{"count":0,"href":"https:\/\/radioleinewelle.de\/index.php\/wp-json\/wp\/v2\/posts\/7257\/revisions"}],"wp:attachment":[{"href":"https:\/\/radioleinewelle.de\/index.php\/wp-json\/wp\/v2\/media?parent=7257"}],"wp:term":[{"taxonomy":"category","embeddable":true,"href":"https:\/\/radioleinewelle.de\/index.php\/wp-json\/wp\/v2\/categories?post=7257"},{"taxonomy":"post_tag","embeddable":true,"href":"https:\/\/radioleinewelle.de\/index.php\/wp-json\/wp\/v2\/tags?post=7257"}],"curies":[{"name":"wp","href":"https:\/\/api.w.org\/{rel}","templated":true}]}}