{"id":7600,"date":"2021-05-05T05:10:00","date_gmt":"2021-05-05T03:10:00","guid":{"rendered":"https:\/\/radioleinewelle.de\/?p=7600"},"modified":"2021-05-05T05:10:00","modified_gmt":"2021-05-05T03:10:00","slug":"projektbeirat-begleitet-ausbau-der-digitalen-doerfer-in-suedniedersachsen","status":"publish","type":"post","link":"https:\/\/radioleinewelle.de\/index.php\/2021\/05\/05\/projektbeirat-begleitet-ausbau-der-digitalen-doerfer-in-suedniedersachsen\/","title":{"rendered":"Projektbeirat begleitet Ausbau der \u201eDigitalen D\u00f6rfer\u201c in S\u00fcdniedersachsen"},"content":{"rendered":"\n<p>Ein Beirat aus regionalen Akteuren begleitet ab sofort den Ausbau des Projekts \u201eDigitale D\u00f6rfer\u201c in S\u00fcdniedersachsen. Niedersachsens Regionalministerin Birgit Hon\u00e9 hat 14 Mitglieder berufen, die das Projekt in den kommenden 18 Monaten begleiten werden. Am Dienstag, 4. Mai, er\u00f6ffnete Hon\u00e9 die virtuelle konstituierende Sitzung. \u201eIch freue mich sehr, dass wir wichtige regionale Akteurinnen und Akteure f\u00fcr den Beirat gewinnen konnten. Sie sind die T\u00fcr\u00f6ffner in die Dorfgemeinschaften\u201c, sagte die Ministerin. Die konstruktive Begleitung durch den Beirat sei ein wichtiger Beitrag zum Erfolg des Projekts, erg\u00e4nzte sie. \u201eInitiativen wie die Digitalen D\u00f6rfer leben nicht nur vom Einsatz und der Expertise der Menschen vor Ort. Um die Chancen f\u00fcr ganz Niedersachsen ausloten zu k\u00f6nnen, brauchen wir auch den Dialog \u00fcber das Dorf hinaus\u201c, sagte Hon\u00e9. Der Beirat soll das Projekt vernetzen, Inhalte und Ergebnisse in Institutionen und Einrichtungen tragen sowie Empfehlungen f\u00fcr das weitere Vorgehen aussprechen.<\/p>\n\n\n\n<p>Das Land Niedersachsen f\u00f6rdert das Projekt \u201eDigitale D\u00f6rfer Niedersachsen &#8211; Digitale Infrastruktur f\u00fcr l\u00e4ndliche R\u00e4ume in (S\u00fcd-)Niedersachsen\u201c. Zusammen mit den Menschen vor Ort werden mit dem Projekt Kommunikationsplattformen f\u00fcr Dorfgemeinschaften aufgesetzt. B\u00fcrger*innen, Unternehmen, Kommunen und Initiativen werden so miteinander vernetzt. Ein Pilotprojekt in der Einheitsgemeinde Gleichen (Gleichen.digital) soll mit dem Projekt auf weitere Orte S\u00fcdniedersachsens ausgeweitet werden.<\/p>\n\n\n\n<p>Das Gremium setzt sich zusammen aus Mitarbeiter*innen der s\u00fcdnieders\u00e4chsischen Landkreise und der Stadt G\u00f6ttingen, des Projektb\u00fcros S\u00fcdniedersachsen, der \u00c4mter f\u00fcr regionale Landesentwicklung Braunschweig und Leine-Weser, der Stiftung Digitale Chancen, des Fraunhofer IESE, der kommunalen Spitzenverb\u00e4nde sowie des Nieders\u00e4chsischen LandFrauenverbands.<\/p>\n\n\n\n<p>Nach Projektabschluss wird der Beirat den Nutzen der digitalen Anwendungen bewerten und eine Empfehlung zum geplanten Rollout auf ganz Niedersachsen geben.<\/p>\n\n\n\n<p><strong>Hintergrund:<\/strong> In Niedersachsen startete im Oktober 2018 ein erstes <a href=\"https:\/\/radioleinewelle.de\/2021\/04\/22\/digitalprojekt-soll-dorfleben-in-suedniedersachsen-staerken\/\"><strong>Modellprojekt \u201eDigitale D\u00f6rfer\u201c im Ortsteil Bremke der Gemeinde Gleichen<\/strong><\/a>. Das Projekt der Stiftung Digitale Chancen und des Fraunhofer Instituts f\u00fcr Experimentelles Software Engineering (IESE) wurde im Juni 2020 auf alle 16 D\u00f6rfer Gleichens ausgeweitet. Durch die neue Landesf\u00f6rderung sollen die digitalen L\u00f6sungen nun in einer Reallaborsituation in S\u00fcdniedersachsen ausgeweitet und f\u00fcr neue Nutzergruppen erschlossen werden.<\/p>\n\n\n\n<p>Gemeinsam mit den Menschen vor Ort soll eine Internetplattform aufgesetzt werden, die unter anderem die Module Dorffunk, Vereinsseiten, kommunale Angebote und einen digitalen Schaukasten umfassen kann. Dorfbewohner*innen k\u00f6nnen sich so \u00fcber Angebote und Veranstaltungen in ihrer Umgebung informieren, Neuigkeiten austauschen und Hilfe anbieten. Ab Mitte 2022 soll die Entwicklung in S\u00fcdniedersachsen auf ganz Niedersachsen ausgerollt werden.<\/p>\n","protected":false},"excerpt":{"rendered":"<p>Ein Beirat aus regionalen Akteuren begleitet ab sofort den Ausbau des Projekts \u201eDigitale D\u00f6rfer\u201c in S\u00fcdniedersachsen. Niedersachsens Regionalministerin Birgit Hon\u00e9 hat 14 Mitglieder berufen, die das Projekt in den kommenden 18 Monaten begleiten werden. Am Dienstag, 4. Mai, er\u00f6ffnete Hon\u00e9 die virtuelle konstituierende Sitzung. \u201eIch freue mich sehr, dass wir wichtige regionale Akteurinnen und Akteure [&hellip;]<\/p>\n","protected":false},"author":1,"featured_media":0,"comment_status":"closed","ping_status":"closed","sticky":false,"template":"","format":"standard","meta":{"saved_in_kubio":false,"footnotes":""},"categories":[712],"tags":[790,954,792,632],"class_list":["post-7600","post","type-post","status-publish","format-standard","hentry","category-digitalisierung","tag-digitale-doerfer","tag-dr-ulrike-witt","tag-regionalministerin-birgit-hone","tag-suedniedersachsen"],"yoast_head":"<!-- This site is optimized with the Yoast SEO plugin v27.5 - https:\/\/yoast.com\/product\/yoast-seo-wordpress\/ -->\n<title>Projektbeirat begleitet Ausbau der \u201eDigitalen D\u00f6rfer\u201c in S\u00fcdniedersachsen - Radio Leinewelle<\/title>\n<meta name=\"robots\" content=\"index, follow, max-snippet:-1, max-image-preview:large, max-video-preview:-1\" \/>\n<link rel=\"canonical\" href=\"https:\/\/radioleinewelle.de\/index.php\/2021\/05\/05\/projektbeirat-begleitet-ausbau-der-digitalen-doerfer-in-suedniedersachsen\/\" \/>\n<meta property=\"og:locale\" content=\"de_DE\" \/>\n<meta property=\"og:type\" content=\"article\" \/>\n<meta property=\"og:title\" content=\"Projektbeirat begleitet Ausbau der \u201eDigitalen D\u00f6rfer\u201c in S\u00fcdniedersachsen - Radio Leinewelle\" \/>\n<meta property=\"og:description\" content=\"Ein Beirat aus regionalen Akteuren begleitet ab sofort den Ausbau des Projekts \u201eDigitale D\u00f6rfer\u201c in S\u00fcdniedersachsen. Niedersachsens Regionalministerin Birgit Hon\u00e9 hat 14 Mitglieder berufen, die das Projekt in den kommenden 18 Monaten begleiten werden. Am Dienstag, 4. Mai, er\u00f6ffnete Hon\u00e9 die virtuelle konstituierende Sitzung. \u201eIch freue mich sehr, dass wir wichtige regionale Akteurinnen und Akteure [&hellip;]\" \/>\n<meta property=\"og:url\" content=\"https:\/\/radioleinewelle.de\/index.php\/2021\/05\/05\/projektbeirat-begleitet-ausbau-der-digitalen-doerfer-in-suedniedersachsen\/\" \/>\n<meta property=\"og:site_name\" content=\"Radio Leinewelle\" \/>\n<meta property=\"article:publisher\" content=\"https:\/\/www.facebook.com\/radioleinewelle\" \/>\n<meta property=\"article:author\" content=\"https:\/\/www.facebook.com\/radioleinewelle\" \/>\n<meta property=\"article:published_time\" content=\"2021-05-05T03:10:00+00:00\" \/>\n<meta name=\"author\" content=\"Leinewelle\" \/>\n<meta name=\"twitter:card\" content=\"summary_large_image\" \/>\n<meta name=\"twitter:creator\" content=\"@https:\/\/twitter.com\/RLeinewelle?ref_src=twsrcgoogletwcampserptwgrauthor\" \/>\n<meta name=\"twitter:site\" content=\"@RLeinewelle\" \/>\n<meta name=\"twitter:label1\" content=\"Verfasst von\" \/>\n\t<meta name=\"twitter:data1\" content=\"Leinewelle\" \/>\n\t<meta name=\"twitter:label2\" content=\"Gesch\u00e4tzte Lesezeit\" \/>\n\t<meta name=\"twitter:data2\" content=\"2\u00a0Minuten\" \/>\n<script type=\"application\/ld+json\" class=\"yoast-schema-graph\">{\"@context\":\"https:\\\/\\\/schema.org\",\"@graph\":[{\"@type\":\"Article\",\"@id\":\"https:\\\/\\\/radioleinewelle.de\\\/index.php\\\/2021\\\/05\\\/05\\\/projektbeirat-begleitet-ausbau-der-digitalen-doerfer-in-suedniedersachsen\\\/#article\",\"isPartOf\":{\"@id\":\"https:\\\/\\\/radioleinewelle.de\\\/index.php\\\/2021\\\/05\\\/05\\\/projektbeirat-begleitet-ausbau-der-digitalen-doerfer-in-suedniedersachsen\\\/\"},\"author\":{\"name\":\"Leinewelle\",\"@id\":\"https:\\\/\\\/radioleinewelle.de\\\/#\\\/schema\\\/person\\\/45606f348637df637192dc1b68399a63\"},\"headline\":\"Projektbeirat begleitet Ausbau der \u201eDigitalen D\u00f6rfer\u201c in S\u00fcdniedersachsen\",\"datePublished\":\"2021-05-05T03:10:00+00:00\",\"mainEntityOfPage\":{\"@id\":\"https:\\\/\\\/radioleinewelle.de\\\/index.php\\\/2021\\\/05\\\/05\\\/projektbeirat-begleitet-ausbau-der-digitalen-doerfer-in-suedniedersachsen\\\/\"},\"wordCount\":426,\"publisher\":{\"@id\":\"https:\\\/\\\/radioleinewelle.de\\\/#organization\"},\"keywords\":[\"Digitale D\u00f6rfer\",\"Dr. Ulrike Witt\",\"Regionalministerin Birgit Hon\u00e9\",\"S\u00fcdniedersachsen\"],\"articleSection\":[\"Digitalisierung\"],\"inLanguage\":\"de\"},{\"@type\":\"WebPage\",\"@id\":\"https:\\\/\\\/radioleinewelle.de\\\/index.php\\\/2021\\\/05\\\/05\\\/projektbeirat-begleitet-ausbau-der-digitalen-doerfer-in-suedniedersachsen\\\/\",\"url\":\"https:\\\/\\\/radioleinewelle.de\\\/index.php\\\/2021\\\/05\\\/05\\\/projektbeirat-begleitet-ausbau-der-digitalen-doerfer-in-suedniedersachsen\\\/\",\"name\":\"Projektbeirat begleitet Ausbau der \u201eDigitalen D\u00f6rfer\u201c in S\u00fcdniedersachsen - Radio Leinewelle\",\"isPartOf\":{\"@id\":\"https:\\\/\\\/radioleinewelle.de\\\/#website\"},\"datePublished\":\"2021-05-05T03:10:00+00:00\",\"breadcrumb\":{\"@id\":\"https:\\\/\\\/radioleinewelle.de\\\/index.php\\\/2021\\\/05\\\/05\\\/projektbeirat-begleitet-ausbau-der-digitalen-doerfer-in-suedniedersachsen\\\/#breadcrumb\"},\"inLanguage\":\"de\",\"potentialAction\":[{\"@type\":\"ReadAction\",\"target\":[\"https:\\\/\\\/radioleinewelle.de\\\/index.php\\\/2021\\\/05\\\/05\\\/projektbeirat-begleitet-ausbau-der-digitalen-doerfer-in-suedniedersachsen\\\/\"]}]},{\"@type\":\"BreadcrumbList\",\"@id\":\"https:\\\/\\\/radioleinewelle.de\\\/index.php\\\/2021\\\/05\\\/05\\\/projektbeirat-begleitet-ausbau-der-digitalen-doerfer-in-suedniedersachsen\\\/#breadcrumb\",\"itemListElement\":[{\"@type\":\"ListItem\",\"position\":1,\"name\":\"Startseite\",\"item\":\"https:\\\/\\\/radioleinewelle.de\\\/\"},{\"@type\":\"ListItem\",\"position\":2,\"name\":\"Projektbeirat begleitet Ausbau der \u201eDigitalen D\u00f6rfer\u201c in S\u00fcdniedersachsen\"}]},{\"@type\":\"WebSite\",\"@id\":\"https:\\\/\\\/radioleinewelle.de\\\/#website\",\"url\":\"https:\\\/\\\/radioleinewelle.de\\\/\",\"name\":\"Radio Leinewelle\",\"description\":\"\",\"publisher\":{\"@id\":\"https:\\\/\\\/radioleinewelle.de\\\/#organization\"},\"potentialAction\":[{\"@type\":\"SearchAction\",\"target\":{\"@type\":\"EntryPoint\",\"urlTemplate\":\"https:\\\/\\\/radioleinewelle.de\\\/?s={search_term_string}\"},\"query-input\":{\"@type\":\"PropertyValueSpecification\",\"valueRequired\":true,\"valueName\":\"search_term_string\"}}],\"inLanguage\":\"de\"},{\"@type\":\"Organization\",\"@id\":\"https:\\\/\\\/radioleinewelle.de\\\/#organization\",\"name\":\"Radio Leinewelle\",\"alternateName\":\"Mein Radio f\u00fcr S\u00fcdniedersachsen\",\"url\":\"https:\\\/\\\/radioleinewelle.de\\\/\",\"logo\":{\"@type\":\"ImageObject\",\"inLanguage\":\"de\",\"@id\":\"https:\\\/\\\/radioleinewelle.de\\\/#\\\/schema\\\/logo\\\/image\\\/\",\"url\":\"https:\\\/\\\/radioleinewelle.de\\\/wp-content\\\/uploads\\\/2023\\\/11\\\/cropped-Leinewelle_Logo_weiss.png\",\"contentUrl\":\"https:\\\/\\\/radioleinewelle.de\\\/wp-content\\\/uploads\\\/2023\\\/11\\\/cropped-Leinewelle_Logo_weiss.png\",\"width\":854,\"height\":260,\"caption\":\"Radio Leinewelle\"},\"image\":{\"@id\":\"https:\\\/\\\/radioleinewelle.de\\\/#\\\/schema\\\/logo\\\/image\\\/\"},\"sameAs\":[\"https:\\\/\\\/www.facebook.com\\\/radioleinewelle\",\"https:\\\/\\\/x.com\\\/RLeinewelle\",\"https:\\\/\\\/www.instagram.com\\\/radioleinewelle\\\/?hl=de\"]},{\"@type\":\"Person\",\"@id\":\"https:\\\/\\\/radioleinewelle.de\\\/#\\\/schema\\\/person\\\/45606f348637df637192dc1b68399a63\",\"name\":\"Leinewelle\",\"image\":{\"@type\":\"ImageObject\",\"inLanguage\":\"de\",\"@id\":\"https:\\\/\\\/secure.gravatar.com\\\/avatar\\\/05c9a17bc973052ee5d91549bd32fb4dd0dc85b7b85ae94b2e2b4943476bbea5?s=96&d=blank&r=g\",\"url\":\"https:\\\/\\\/secure.gravatar.com\\\/avatar\\\/05c9a17bc973052ee5d91549bd32fb4dd0dc85b7b85ae94b2e2b4943476bbea5?s=96&d=blank&r=g\",\"contentUrl\":\"https:\\\/\\\/secure.gravatar.com\\\/avatar\\\/05c9a17bc973052ee5d91549bd32fb4dd0dc85b7b85ae94b2e2b4943476bbea5?s=96&d=blank&r=g\",\"caption\":\"Leinewelle\"},\"sameAs\":[\"http:\\\/\\\/localhost\\\/radio%20leinewelle\\\/wordpress\",\"https:\\\/\\\/www.facebook.com\\\/radioleinewelle\",\"https:\\\/\\\/www.instagram.com\\\/radioleinewelle\",\"https:\\\/\\\/x.com\\\/https:\\\/\\\/twitter.com\\\/RLeinewelle?ref_src=twsrcgoogletwcampserptwgrauthor\",\"https:\\\/\\\/soundcloud.com\\\/foerderverein-lokalradio?utm_source=clipboard&utm_medium=text&utm_campaign=social_sharing\"],\"url\":\"https:\\\/\\\/radioleinewelle.de\\\/index.php\\\/author\\\/leinewelle\\\/\"}]}<\/script>\n<!-- \/ Yoast SEO plugin. -->","yoast_head_json":{"title":"Projektbeirat begleitet Ausbau der \u201eDigitalen D\u00f6rfer\u201c in S\u00fcdniedersachsen - Radio Leinewelle","robots":{"index":"index","follow":"follow","max-snippet":"max-snippet:-1","max-image-preview":"max-image-preview:large","max-video-preview":"max-video-preview:-1"},"canonical":"https:\/\/radioleinewelle.de\/index.php\/2021\/05\/05\/projektbeirat-begleitet-ausbau-der-digitalen-doerfer-in-suedniedersachsen\/","og_locale":"de_DE","og_type":"article","og_title":"Projektbeirat begleitet Ausbau der \u201eDigitalen D\u00f6rfer\u201c in S\u00fcdniedersachsen - Radio Leinewelle","og_description":"Ein Beirat aus regionalen Akteuren begleitet ab sofort den Ausbau des Projekts \u201eDigitale D\u00f6rfer\u201c in S\u00fcdniedersachsen. Niedersachsens Regionalministerin Birgit Hon\u00e9 hat 14 Mitglieder berufen, die das Projekt in den kommenden 18 Monaten begleiten werden. Am Dienstag, 4. Mai, er\u00f6ffnete Hon\u00e9 die virtuelle konstituierende Sitzung. \u201eIch freue mich sehr, dass wir wichtige regionale Akteurinnen und Akteure [&hellip;]","og_url":"https:\/\/radioleinewelle.de\/index.php\/2021\/05\/05\/projektbeirat-begleitet-ausbau-der-digitalen-doerfer-in-suedniedersachsen\/","og_site_name":"Radio Leinewelle","article_publisher":"https:\/\/www.facebook.com\/radioleinewelle","article_author":"https:\/\/www.facebook.com\/radioleinewelle","article_published_time":"2021-05-05T03:10:00+00:00","author":"Leinewelle","twitter_card":"summary_large_image","twitter_creator":"@https:\/\/twitter.com\/RLeinewelle?ref_src=twsrcgoogletwcampserptwgrauthor","twitter_site":"@RLeinewelle","twitter_misc":{"Verfasst von":"Leinewelle","Gesch\u00e4tzte Lesezeit":"2\u00a0Minuten"},"schema":{"@context":"https:\/\/schema.org","@graph":[{"@type":"Article","@id":"https:\/\/radioleinewelle.de\/index.php\/2021\/05\/05\/projektbeirat-begleitet-ausbau-der-digitalen-doerfer-in-suedniedersachsen\/#article","isPartOf":{"@id":"https:\/\/radioleinewelle.de\/index.php\/2021\/05\/05\/projektbeirat-begleitet-ausbau-der-digitalen-doerfer-in-suedniedersachsen\/"},"author":{"name":"Leinewelle","@id":"https:\/\/radioleinewelle.de\/#\/schema\/person\/45606f348637df637192dc1b68399a63"},"headline":"Projektbeirat begleitet Ausbau der \u201eDigitalen D\u00f6rfer\u201c in S\u00fcdniedersachsen","datePublished":"2021-05-05T03:10:00+00:00","mainEntityOfPage":{"@id":"https:\/\/radioleinewelle.de\/index.php\/2021\/05\/05\/projektbeirat-begleitet-ausbau-der-digitalen-doerfer-in-suedniedersachsen\/"},"wordCount":426,"publisher":{"@id":"https:\/\/radioleinewelle.de\/#organization"},"keywords":["Digitale D\u00f6rfer","Dr. Ulrike Witt","Regionalministerin Birgit Hon\u00e9","S\u00fcdniedersachsen"],"articleSection":["Digitalisierung"],"inLanguage":"de"},{"@type":"WebPage","@id":"https:\/\/radioleinewelle.de\/index.php\/2021\/05\/05\/projektbeirat-begleitet-ausbau-der-digitalen-doerfer-in-suedniedersachsen\/","url":"https:\/\/radioleinewelle.de\/index.php\/2021\/05\/05\/projektbeirat-begleitet-ausbau-der-digitalen-doerfer-in-suedniedersachsen\/","name":"Projektbeirat begleitet Ausbau der \u201eDigitalen D\u00f6rfer\u201c in S\u00fcdniedersachsen - Radio Leinewelle","isPartOf":{"@id":"https:\/\/radioleinewelle.de\/#website"},"datePublished":"2021-05-05T03:10:00+00:00","breadcrumb":{"@id":"https:\/\/radioleinewelle.de\/index.php\/2021\/05\/05\/projektbeirat-begleitet-ausbau-der-digitalen-doerfer-in-suedniedersachsen\/#breadcrumb"},"inLanguage":"de","potentialAction":[{"@type":"ReadAction","target":["https:\/\/radioleinewelle.de\/index.php\/2021\/05\/05\/projektbeirat-begleitet-ausbau-der-digitalen-doerfer-in-suedniedersachsen\/"]}]},{"@type":"BreadcrumbList","@id":"https:\/\/radioleinewelle.de\/index.php\/2021\/05\/05\/projektbeirat-begleitet-ausbau-der-digitalen-doerfer-in-suedniedersachsen\/#breadcrumb","itemListElement":[{"@type":"ListItem","position":1,"name":"Startseite","item":"https:\/\/radioleinewelle.de\/"},{"@type":"ListItem","position":2,"name":"Projektbeirat begleitet Ausbau der \u201eDigitalen D\u00f6rfer\u201c in S\u00fcdniedersachsen"}]},{"@type":"WebSite","@id":"https:\/\/radioleinewelle.de\/#website","url":"https:\/\/radioleinewelle.de\/","name":"Radio Leinewelle","description":"","publisher":{"@id":"https:\/\/radioleinewelle.de\/#organization"},"potentialAction":[{"@type":"SearchAction","target":{"@type":"EntryPoint","urlTemplate":"https:\/\/radioleinewelle.de\/?s={search_term_string}"},"query-input":{"@type":"PropertyValueSpecification","valueRequired":true,"valueName":"search_term_string"}}],"inLanguage":"de"},{"@type":"Organization","@id":"https:\/\/radioleinewelle.de\/#organization","name":"Radio Leinewelle","alternateName":"Mein Radio f\u00fcr S\u00fcdniedersachsen","url":"https:\/\/radioleinewelle.de\/","logo":{"@type":"ImageObject","inLanguage":"de","@id":"https:\/\/radioleinewelle.de\/#\/schema\/logo\/image\/","url":"https:\/\/radioleinewelle.de\/wp-content\/uploads\/2023\/11\/cropped-Leinewelle_Logo_weiss.png","contentUrl":"https:\/\/radioleinewelle.de\/wp-content\/uploads\/2023\/11\/cropped-Leinewelle_Logo_weiss.png","width":854,"height":260,"caption":"Radio Leinewelle"},"image":{"@id":"https:\/\/radioleinewelle.de\/#\/schema\/logo\/image\/"},"sameAs":["https:\/\/www.facebook.com\/radioleinewelle","https:\/\/x.com\/RLeinewelle","https:\/\/www.instagram.com\/radioleinewelle\/?hl=de"]},{"@type":"Person","@id":"https:\/\/radioleinewelle.de\/#\/schema\/person\/45606f348637df637192dc1b68399a63","name":"Leinewelle","image":{"@type":"ImageObject","inLanguage":"de","@id":"https:\/\/secure.gravatar.com\/avatar\/05c9a17bc973052ee5d91549bd32fb4dd0dc85b7b85ae94b2e2b4943476bbea5?s=96&d=blank&r=g","url":"https:\/\/secure.gravatar.com\/avatar\/05c9a17bc973052ee5d91549bd32fb4dd0dc85b7b85ae94b2e2b4943476bbea5?s=96&d=blank&r=g","contentUrl":"https:\/\/secure.gravatar.com\/avatar\/05c9a17bc973052ee5d91549bd32fb4dd0dc85b7b85ae94b2e2b4943476bbea5?s=96&d=blank&r=g","caption":"Leinewelle"},"sameAs":["http:\/\/localhost\/radio%20leinewelle\/wordpress","https:\/\/www.facebook.com\/radioleinewelle","https:\/\/www.instagram.com\/radioleinewelle","https:\/\/x.com\/https:\/\/twitter.com\/RLeinewelle?ref_src=twsrcgoogletwcampserptwgrauthor","https:\/\/soundcloud.com\/foerderverein-lokalradio?utm_source=clipboard&utm_medium=text&utm_campaign=social_sharing"],"url":"https:\/\/radioleinewelle.de\/index.php\/author\/leinewelle\/"}]}},"_links":{"self":[{"href":"https:\/\/radioleinewelle.de\/index.php\/wp-json\/wp\/v2\/posts\/7600","targetHints":{"allow":["GET"]}}],"collection":[{"href":"https:\/\/radioleinewelle.de\/index.php\/wp-json\/wp\/v2\/posts"}],"about":[{"href":"https:\/\/radioleinewelle.de\/index.php\/wp-json\/wp\/v2\/types\/post"}],"author":[{"embeddable":true,"href":"https:\/\/radioleinewelle.de\/index.php\/wp-json\/wp\/v2\/users\/1"}],"replies":[{"embeddable":true,"href":"https:\/\/radioleinewelle.de\/index.php\/wp-json\/wp\/v2\/comments?post=7600"}],"version-history":[{"count":0,"href":"https:\/\/radioleinewelle.de\/index.php\/wp-json\/wp\/v2\/posts\/7600\/revisions"}],"wp:attachment":[{"href":"https:\/\/radioleinewelle.de\/index.php\/wp-json\/wp\/v2\/media?parent=7600"}],"wp:term":[{"taxonomy":"category","embeddable":true,"href":"https:\/\/radioleinewelle.de\/index.php\/wp-json\/wp\/v2\/categories?post=7600"},{"taxonomy":"post_tag","embeddable":true,"href":"https:\/\/radioleinewelle.de\/index.php\/wp-json\/wp\/v2\/tags?post=7600"}],"curies":[{"name":"wp","href":"https:\/\/api.w.org\/{rel}","templated":true}]}}