{"id":8033,"date":"2021-05-22T08:40:25","date_gmt":"2021-05-22T06:40:25","guid":{"rendered":"https:\/\/radioleinewelle.de\/?p=8033"},"modified":"2021-05-22T08:40:25","modified_gmt":"2021-05-22T06:40:25","slug":"goettinger-gruene-zum-internationaler-tag-der-biologischen-vielfalt","status":"publish","type":"post","link":"https:\/\/radioleinewelle.de\/index.php\/2021\/05\/22\/goettinger-gruene-zum-internationaler-tag-der-biologischen-vielfalt\/","title":{"rendered":"G\u00f6ttinger Gr\u00fcne zum  Internationaler Tag der biologischen Vielfalt"},"content":{"rendered":"\n<p>Vor fast 30 Jahren unterzeichnete Deutschland das mittlerweile von \u00fcber 190 Vertragspartner*innen getragene &#8222;Internationale \u00dcbereinkommen \u00fcber die biologische Vielfalt&#8220;.&nbsp; Auch wenn in den Jahren deutlich mehr h\u00e4tte passieren m\u00fcssen, erkennen die GR\u00dcNEN G\u00f6ttingen einen postiven Trend beim Thema Artenschutz, der sich fortsetzen und beschleunigen muss. Der im vergangenen Jahr beschlossene &#8222;Nieders\u00e4chsische Weg&#8220; ist dabei ein guter erster Schritt, auf den weitere folgen m\u00fcssen.<\/p>\n\n\n\n<p>Dazu Joscha Franke vom Kreisvorstand: &#8222;Schon in der Pr\u00e4ambel der 1992 international unterzeichneten &#8222;Convention on Biological Diversity&#8220; wird das Bewahren der biologischen Vielfalt als gemeinsame Aufgabe der Menschheit anerkannt. Zu lange wurde bei dem Thema in die Ferne auf Korallenriffe und den Regenwald verwiesen. Dabei beginnt das Bewahren der Artenvielfalt bei uns vor Ort. Es gilt schnelle und wirksame Ma\u00dfnahmen gemeinsam im Dialog mit Landwirt*innen und Natursch\u00fctzer*innen umzusetzen. Die Bereitschaft auf allen Seiten w\u00e4chst, doch ein genauer und fachlicher Blick auf Ma\u00dfnahmen und eine extensive Fl\u00e4chennutzung sind n\u00f6tig. Denn nicht alles, was bunt bl\u00fcht, ist auch ein guter Lebensraum f\u00fcr viele verschiedene Arten.&#8220;<\/p>\n\n\n\n<p>Marie Kollenrott, Landratskandidatin der GR\u00dcNEN G\u00f6ttingen dazu: \u201eBiodiversit\u00e4t ist f\u00fcr unser komplexes \u00d6kosystem enorm wichtig, denn es besteht eine Wechselwirkung zwischen Klimawandel und Artenvielfalt. Es ist unsere Aufgabe die biologische Vielfalt zu sch\u00fctzen und Ma\u00dfnahmen, wie die Schaffung weiterer Schutzgebiete, zu ergreifen. Landschaftsstrukturen m\u00fcssen in Hinblick auf Biodiversit\u00e4t \u00fcberdacht werden.&nbsp; Deshalb setzen wir uns im S\u00fcdharz entschieden f\u00fcr den Erhalt der einzigartigen Naturlandschaft des Gipskarst ein. Aufgrund der biologischen Vielfalt z\u00e4hlt der &#8222;Gr\u00fcne Karst&#8220; zu einem von 30 deutschlandweit ausgewiesenen Hotspots der Biodiversit\u00e4t.&nbsp;<br \/>Wir begr\u00fc\u00dfen zudem besonders das geplante Biodiversit\u00e4tsmuseum in G\u00f6ttingen als einen Ort, der Menschen biologische Vielfalt zug\u00e4nglich und Engagement konkret macht. Und wir treiben die Energiewende als wichtigen Beitrag des Klimaschutzes durch den Zubau weiterer Erneuerbarer Energie Anlagen in Stadt und Landkreis aktiv voran.&nbsp;<br \/>Denn: Klimaschutz ist aktiver Artenschutz und beginnt in unserer Region. \u201c<\/p>\n\n\n\n<p>Bild von&nbsp;<a href=\"https:\/\/pixabay.com\/de\/users\/tanuj_handa-5848532\/?utm_source=link-attribution&amp;utm_medium=referral&amp;utm_campaign=image&amp;utm_content=2794551\">Tanuj Handa<\/a>&nbsp;auf&nbsp;<a href=\"https:\/\/pixabay.com\/de\/?utm_source=link-attribution&amp;utm_medium=referral&amp;utm_campaign=image&amp;utm_content=2794551\">Pixabay<\/a><\/p>\n","protected":false},"excerpt":{"rendered":"<p>Vor fast 30 Jahren unterzeichnete Deutschland das mittlerweile von \u00fcber 190 Vertragspartner*innen getragene &#8222;Internationale \u00dcbereinkommen \u00fcber die biologische Vielfalt&#8220;.&nbsp; Auch wenn in den Jahren deutlich mehr h\u00e4tte passieren m\u00fcssen, erkennen die GR\u00dcNEN G\u00f6ttingen einen postiven Trend beim Thema Artenschutz, der sich fortsetzen und beschleunigen muss. Der im vergangenen Jahr beschlossene &#8222;Nieders\u00e4chsische Weg&#8220; ist dabei ein [&hellip;]<\/p>\n","protected":false},"author":1,"featured_media":8035,"comment_status":"closed","ping_status":"closed","sticky":false,"template":"","format":"standard","meta":{"saved_in_kubio":false,"footnotes":""},"categories":[32],"tags":[1135,1136,1137,428],"class_list":["post-8033","post","type-post","status-publish","format-standard","has-post-thumbnail","hentry","category-natur-umwelt","tag-goettinger-gruene","tag-internationaler-tag-der-biologischen-vielfalt","tag-joscha-franke","tag-marie-kollenrott"],"yoast_head":"<!-- This site is optimized with the Yoast SEO plugin v27.5 - https:\/\/yoast.com\/product\/yoast-seo-wordpress\/ -->\n<title>G\u00f6ttinger Gr\u00fcne zum Internationaler Tag der biologischen Vielfalt - Radio Leinewelle<\/title>\n<meta name=\"robots\" content=\"index, follow, max-snippet:-1, max-image-preview:large, max-video-preview:-1\" \/>\n<link rel=\"canonical\" href=\"https:\/\/radioleinewelle.de\/index.php\/2021\/05\/22\/goettinger-gruene-zum-internationaler-tag-der-biologischen-vielfalt\/\" \/>\n<meta property=\"og:locale\" content=\"de_DE\" \/>\n<meta property=\"og:type\" content=\"article\" \/>\n<meta property=\"og:title\" content=\"G\u00f6ttinger Gr\u00fcne zum Internationaler Tag der biologischen Vielfalt - Radio Leinewelle\" \/>\n<meta property=\"og:description\" content=\"Vor fast 30 Jahren unterzeichnete Deutschland das mittlerweile von \u00fcber 190 Vertragspartner*innen getragene &#8222;Internationale \u00dcbereinkommen \u00fcber die biologische Vielfalt&#8220;.&nbsp; Auch wenn in den Jahren deutlich mehr h\u00e4tte passieren m\u00fcssen, erkennen die GR\u00dcNEN G\u00f6ttingen einen postiven Trend beim Thema Artenschutz, der sich fortsetzen und beschleunigen muss. Der im vergangenen Jahr beschlossene &#8222;Nieders\u00e4chsische Weg&#8220; ist dabei ein [&hellip;]\" \/>\n<meta property=\"og:url\" content=\"https:\/\/radioleinewelle.de\/index.php\/2021\/05\/22\/goettinger-gruene-zum-internationaler-tag-der-biologischen-vielfalt\/\" \/>\n<meta property=\"og:site_name\" content=\"Radio Leinewelle\" \/>\n<meta property=\"article:publisher\" content=\"https:\/\/www.facebook.com\/radioleinewelle\" \/>\n<meta property=\"article:author\" content=\"https:\/\/www.facebook.com\/radioleinewelle\" \/>\n<meta property=\"article:published_time\" content=\"2021-05-22T06:40:25+00:00\" \/>\n<meta property=\"og:image\" content=\"https:\/\/radioleinewelle.de\/wp-content\/uploads\/2021\/05\/dragonfly-2794551_640.jpg\" \/>\n\t<meta property=\"og:image:width\" content=\"640\" \/>\n\t<meta property=\"og:image:height\" content=\"426\" \/>\n\t<meta property=\"og:image:type\" content=\"image\/jpeg\" \/>\n<meta name=\"author\" content=\"Leinewelle\" \/>\n<meta name=\"twitter:card\" content=\"summary_large_image\" \/>\n<meta name=\"twitter:creator\" content=\"@https:\/\/twitter.com\/RLeinewelle?ref_src=twsrcgoogletwcampserptwgrauthor\" \/>\n<meta name=\"twitter:site\" content=\"@RLeinewelle\" \/>\n<meta name=\"twitter:label1\" content=\"Verfasst von\" \/>\n\t<meta name=\"twitter:data1\" content=\"Leinewelle\" \/>\n\t<meta name=\"twitter:label2\" content=\"Gesch\u00e4tzte Lesezeit\" \/>\n\t<meta name=\"twitter:data2\" content=\"2\u00a0Minuten\" \/>\n<script type=\"application\/ld+json\" class=\"yoast-schema-graph\">{\"@context\":\"https:\\\/\\\/schema.org\",\"@graph\":[{\"@type\":\"Article\",\"@id\":\"https:\\\/\\\/radioleinewelle.de\\\/index.php\\\/2021\\\/05\\\/22\\\/goettinger-gruene-zum-internationaler-tag-der-biologischen-vielfalt\\\/#article\",\"isPartOf\":{\"@id\":\"https:\\\/\\\/radioleinewelle.de\\\/index.php\\\/2021\\\/05\\\/22\\\/goettinger-gruene-zum-internationaler-tag-der-biologischen-vielfalt\\\/\"},\"author\":{\"name\":\"Leinewelle\",\"@id\":\"https:\\\/\\\/radioleinewelle.de\\\/#\\\/schema\\\/person\\\/45606f348637df637192dc1b68399a63\"},\"headline\":\"G\u00f6ttinger Gr\u00fcne zum Internationaler Tag der biologischen Vielfalt\",\"datePublished\":\"2021-05-22T06:40:25+00:00\",\"mainEntityOfPage\":{\"@id\":\"https:\\\/\\\/radioleinewelle.de\\\/index.php\\\/2021\\\/05\\\/22\\\/goettinger-gruene-zum-internationaler-tag-der-biologischen-vielfalt\\\/\"},\"wordCount\":357,\"publisher\":{\"@id\":\"https:\\\/\\\/radioleinewelle.de\\\/#organization\"},\"image\":{\"@id\":\"https:\\\/\\\/radioleinewelle.de\\\/index.php\\\/2021\\\/05\\\/22\\\/goettinger-gruene-zum-internationaler-tag-der-biologischen-vielfalt\\\/#primaryimage\"},\"thumbnailUrl\":\"https:\\\/\\\/radioleinewelle.de\\\/wp-content\\\/uploads\\\/2021\\\/05\\\/dragonfly-2794551_640.jpg\",\"keywords\":[\"G\u00f6ttinger Gr\u00fcne\",\"Internationaler Tag der biologischen Vielfalt\",\"Joscha Franke\",\"Marie Kollenrott\"],\"articleSection\":[\"Natur &amp; Umwelt\"],\"inLanguage\":\"de\"},{\"@type\":\"WebPage\",\"@id\":\"https:\\\/\\\/radioleinewelle.de\\\/index.php\\\/2021\\\/05\\\/22\\\/goettinger-gruene-zum-internationaler-tag-der-biologischen-vielfalt\\\/\",\"url\":\"https:\\\/\\\/radioleinewelle.de\\\/index.php\\\/2021\\\/05\\\/22\\\/goettinger-gruene-zum-internationaler-tag-der-biologischen-vielfalt\\\/\",\"name\":\"G\u00f6ttinger Gr\u00fcne zum Internationaler Tag der biologischen Vielfalt - Radio Leinewelle\",\"isPartOf\":{\"@id\":\"https:\\\/\\\/radioleinewelle.de\\\/#website\"},\"primaryImageOfPage\":{\"@id\":\"https:\\\/\\\/radioleinewelle.de\\\/index.php\\\/2021\\\/05\\\/22\\\/goettinger-gruene-zum-internationaler-tag-der-biologischen-vielfalt\\\/#primaryimage\"},\"image\":{\"@id\":\"https:\\\/\\\/radioleinewelle.de\\\/index.php\\\/2021\\\/05\\\/22\\\/goettinger-gruene-zum-internationaler-tag-der-biologischen-vielfalt\\\/#primaryimage\"},\"thumbnailUrl\":\"https:\\\/\\\/radioleinewelle.de\\\/wp-content\\\/uploads\\\/2021\\\/05\\\/dragonfly-2794551_640.jpg\",\"datePublished\":\"2021-05-22T06:40:25+00:00\",\"breadcrumb\":{\"@id\":\"https:\\\/\\\/radioleinewelle.de\\\/index.php\\\/2021\\\/05\\\/22\\\/goettinger-gruene-zum-internationaler-tag-der-biologischen-vielfalt\\\/#breadcrumb\"},\"inLanguage\":\"de\",\"potentialAction\":[{\"@type\":\"ReadAction\",\"target\":[\"https:\\\/\\\/radioleinewelle.de\\\/index.php\\\/2021\\\/05\\\/22\\\/goettinger-gruene-zum-internationaler-tag-der-biologischen-vielfalt\\\/\"]}]},{\"@type\":\"ImageObject\",\"inLanguage\":\"de\",\"@id\":\"https:\\\/\\\/radioleinewelle.de\\\/index.php\\\/2021\\\/05\\\/22\\\/goettinger-gruene-zum-internationaler-tag-der-biologischen-vielfalt\\\/#primaryimage\",\"url\":\"https:\\\/\\\/radioleinewelle.de\\\/wp-content\\\/uploads\\\/2021\\\/05\\\/dragonfly-2794551_640.jpg\",\"contentUrl\":\"https:\\\/\\\/radioleinewelle.de\\\/wp-content\\\/uploads\\\/2021\\\/05\\\/dragonfly-2794551_640.jpg\",\"width\":640,\"height\":426},{\"@type\":\"BreadcrumbList\",\"@id\":\"https:\\\/\\\/radioleinewelle.de\\\/index.php\\\/2021\\\/05\\\/22\\\/goettinger-gruene-zum-internationaler-tag-der-biologischen-vielfalt\\\/#breadcrumb\",\"itemListElement\":[{\"@type\":\"ListItem\",\"position\":1,\"name\":\"Startseite\",\"item\":\"https:\\\/\\\/radioleinewelle.de\\\/\"},{\"@type\":\"ListItem\",\"position\":2,\"name\":\"G\u00f6ttinger Gr\u00fcne zum Internationaler Tag der biologischen Vielfalt\"}]},{\"@type\":\"WebSite\",\"@id\":\"https:\\\/\\\/radioleinewelle.de\\\/#website\",\"url\":\"https:\\\/\\\/radioleinewelle.de\\\/\",\"name\":\"Radio Leinewelle\",\"description\":\"\",\"publisher\":{\"@id\":\"https:\\\/\\\/radioleinewelle.de\\\/#organization\"},\"potentialAction\":[{\"@type\":\"SearchAction\",\"target\":{\"@type\":\"EntryPoint\",\"urlTemplate\":\"https:\\\/\\\/radioleinewelle.de\\\/?s={search_term_string}\"},\"query-input\":{\"@type\":\"PropertyValueSpecification\",\"valueRequired\":true,\"valueName\":\"search_term_string\"}}],\"inLanguage\":\"de\"},{\"@type\":\"Organization\",\"@id\":\"https:\\\/\\\/radioleinewelle.de\\\/#organization\",\"name\":\"Radio Leinewelle\",\"alternateName\":\"Mein Radio f\u00fcr S\u00fcdniedersachsen\",\"url\":\"https:\\\/\\\/radioleinewelle.de\\\/\",\"logo\":{\"@type\":\"ImageObject\",\"inLanguage\":\"de\",\"@id\":\"https:\\\/\\\/radioleinewelle.de\\\/#\\\/schema\\\/logo\\\/image\\\/\",\"url\":\"https:\\\/\\\/radioleinewelle.de\\\/wp-content\\\/uploads\\\/2023\\\/11\\\/cropped-Leinewelle_Logo_weiss.png\",\"contentUrl\":\"https:\\\/\\\/radioleinewelle.de\\\/wp-content\\\/uploads\\\/2023\\\/11\\\/cropped-Leinewelle_Logo_weiss.png\",\"width\":854,\"height\":260,\"caption\":\"Radio Leinewelle\"},\"image\":{\"@id\":\"https:\\\/\\\/radioleinewelle.de\\\/#\\\/schema\\\/logo\\\/image\\\/\"},\"sameAs\":[\"https:\\\/\\\/www.facebook.com\\\/radioleinewelle\",\"https:\\\/\\\/x.com\\\/RLeinewelle\",\"https:\\\/\\\/www.instagram.com\\\/radioleinewelle\\\/?hl=de\"]},{\"@type\":\"Person\",\"@id\":\"https:\\\/\\\/radioleinewelle.de\\\/#\\\/schema\\\/person\\\/45606f348637df637192dc1b68399a63\",\"name\":\"Leinewelle\",\"image\":{\"@type\":\"ImageObject\",\"inLanguage\":\"de\",\"@id\":\"https:\\\/\\\/secure.gravatar.com\\\/avatar\\\/05c9a17bc973052ee5d91549bd32fb4dd0dc85b7b85ae94b2e2b4943476bbea5?s=96&d=blank&r=g\",\"url\":\"https:\\\/\\\/secure.gravatar.com\\\/avatar\\\/05c9a17bc973052ee5d91549bd32fb4dd0dc85b7b85ae94b2e2b4943476bbea5?s=96&d=blank&r=g\",\"contentUrl\":\"https:\\\/\\\/secure.gravatar.com\\\/avatar\\\/05c9a17bc973052ee5d91549bd32fb4dd0dc85b7b85ae94b2e2b4943476bbea5?s=96&d=blank&r=g\",\"caption\":\"Leinewelle\"},\"sameAs\":[\"http:\\\/\\\/localhost\\\/radio%20leinewelle\\\/wordpress\",\"https:\\\/\\\/www.facebook.com\\\/radioleinewelle\",\"https:\\\/\\\/www.instagram.com\\\/radioleinewelle\",\"https:\\\/\\\/x.com\\\/https:\\\/\\\/twitter.com\\\/RLeinewelle?ref_src=twsrcgoogletwcampserptwgrauthor\",\"https:\\\/\\\/soundcloud.com\\\/foerderverein-lokalradio?utm_source=clipboard&utm_medium=text&utm_campaign=social_sharing\"],\"url\":\"https:\\\/\\\/radioleinewelle.de\\\/index.php\\\/author\\\/leinewelle\\\/\"}]}<\/script>\n<!-- \/ Yoast SEO plugin. -->","yoast_head_json":{"title":"G\u00f6ttinger Gr\u00fcne zum Internationaler Tag der biologischen Vielfalt - Radio Leinewelle","robots":{"index":"index","follow":"follow","max-snippet":"max-snippet:-1","max-image-preview":"max-image-preview:large","max-video-preview":"max-video-preview:-1"},"canonical":"https:\/\/radioleinewelle.de\/index.php\/2021\/05\/22\/goettinger-gruene-zum-internationaler-tag-der-biologischen-vielfalt\/","og_locale":"de_DE","og_type":"article","og_title":"G\u00f6ttinger Gr\u00fcne zum Internationaler Tag der biologischen Vielfalt - Radio Leinewelle","og_description":"Vor fast 30 Jahren unterzeichnete Deutschland das mittlerweile von \u00fcber 190 Vertragspartner*innen getragene &#8222;Internationale \u00dcbereinkommen \u00fcber die biologische Vielfalt&#8220;.&nbsp; Auch wenn in den Jahren deutlich mehr h\u00e4tte passieren m\u00fcssen, erkennen die GR\u00dcNEN G\u00f6ttingen einen postiven Trend beim Thema Artenschutz, der sich fortsetzen und beschleunigen muss. Der im vergangenen Jahr beschlossene &#8222;Nieders\u00e4chsische Weg&#8220; ist dabei ein [&hellip;]","og_url":"https:\/\/radioleinewelle.de\/index.php\/2021\/05\/22\/goettinger-gruene-zum-internationaler-tag-der-biologischen-vielfalt\/","og_site_name":"Radio Leinewelle","article_publisher":"https:\/\/www.facebook.com\/radioleinewelle","article_author":"https:\/\/www.facebook.com\/radioleinewelle","article_published_time":"2021-05-22T06:40:25+00:00","og_image":[{"width":640,"height":426,"url":"https:\/\/radioleinewelle.de\/wp-content\/uploads\/2021\/05\/dragonfly-2794551_640.jpg","type":"image\/jpeg"}],"author":"Leinewelle","twitter_card":"summary_large_image","twitter_creator":"@https:\/\/twitter.com\/RLeinewelle?ref_src=twsrcgoogletwcampserptwgrauthor","twitter_site":"@RLeinewelle","twitter_misc":{"Verfasst von":"Leinewelle","Gesch\u00e4tzte Lesezeit":"2\u00a0Minuten"},"schema":{"@context":"https:\/\/schema.org","@graph":[{"@type":"Article","@id":"https:\/\/radioleinewelle.de\/index.php\/2021\/05\/22\/goettinger-gruene-zum-internationaler-tag-der-biologischen-vielfalt\/#article","isPartOf":{"@id":"https:\/\/radioleinewelle.de\/index.php\/2021\/05\/22\/goettinger-gruene-zum-internationaler-tag-der-biologischen-vielfalt\/"},"author":{"name":"Leinewelle","@id":"https:\/\/radioleinewelle.de\/#\/schema\/person\/45606f348637df637192dc1b68399a63"},"headline":"G\u00f6ttinger Gr\u00fcne zum Internationaler Tag der biologischen Vielfalt","datePublished":"2021-05-22T06:40:25+00:00","mainEntityOfPage":{"@id":"https:\/\/radioleinewelle.de\/index.php\/2021\/05\/22\/goettinger-gruene-zum-internationaler-tag-der-biologischen-vielfalt\/"},"wordCount":357,"publisher":{"@id":"https:\/\/radioleinewelle.de\/#organization"},"image":{"@id":"https:\/\/radioleinewelle.de\/index.php\/2021\/05\/22\/goettinger-gruene-zum-internationaler-tag-der-biologischen-vielfalt\/#primaryimage"},"thumbnailUrl":"https:\/\/radioleinewelle.de\/wp-content\/uploads\/2021\/05\/dragonfly-2794551_640.jpg","keywords":["G\u00f6ttinger Gr\u00fcne","Internationaler Tag der biologischen Vielfalt","Joscha Franke","Marie Kollenrott"],"articleSection":["Natur &amp; Umwelt"],"inLanguage":"de"},{"@type":"WebPage","@id":"https:\/\/radioleinewelle.de\/index.php\/2021\/05\/22\/goettinger-gruene-zum-internationaler-tag-der-biologischen-vielfalt\/","url":"https:\/\/radioleinewelle.de\/index.php\/2021\/05\/22\/goettinger-gruene-zum-internationaler-tag-der-biologischen-vielfalt\/","name":"G\u00f6ttinger Gr\u00fcne zum Internationaler Tag der biologischen Vielfalt - Radio Leinewelle","isPartOf":{"@id":"https:\/\/radioleinewelle.de\/#website"},"primaryImageOfPage":{"@id":"https:\/\/radioleinewelle.de\/index.php\/2021\/05\/22\/goettinger-gruene-zum-internationaler-tag-der-biologischen-vielfalt\/#primaryimage"},"image":{"@id":"https:\/\/radioleinewelle.de\/index.php\/2021\/05\/22\/goettinger-gruene-zum-internationaler-tag-der-biologischen-vielfalt\/#primaryimage"},"thumbnailUrl":"https:\/\/radioleinewelle.de\/wp-content\/uploads\/2021\/05\/dragonfly-2794551_640.jpg","datePublished":"2021-05-22T06:40:25+00:00","breadcrumb":{"@id":"https:\/\/radioleinewelle.de\/index.php\/2021\/05\/22\/goettinger-gruene-zum-internationaler-tag-der-biologischen-vielfalt\/#breadcrumb"},"inLanguage":"de","potentialAction":[{"@type":"ReadAction","target":["https:\/\/radioleinewelle.de\/index.php\/2021\/05\/22\/goettinger-gruene-zum-internationaler-tag-der-biologischen-vielfalt\/"]}]},{"@type":"ImageObject","inLanguage":"de","@id":"https:\/\/radioleinewelle.de\/index.php\/2021\/05\/22\/goettinger-gruene-zum-internationaler-tag-der-biologischen-vielfalt\/#primaryimage","url":"https:\/\/radioleinewelle.de\/wp-content\/uploads\/2021\/05\/dragonfly-2794551_640.jpg","contentUrl":"https:\/\/radioleinewelle.de\/wp-content\/uploads\/2021\/05\/dragonfly-2794551_640.jpg","width":640,"height":426},{"@type":"BreadcrumbList","@id":"https:\/\/radioleinewelle.de\/index.php\/2021\/05\/22\/goettinger-gruene-zum-internationaler-tag-der-biologischen-vielfalt\/#breadcrumb","itemListElement":[{"@type":"ListItem","position":1,"name":"Startseite","item":"https:\/\/radioleinewelle.de\/"},{"@type":"ListItem","position":2,"name":"G\u00f6ttinger Gr\u00fcne zum Internationaler Tag der biologischen Vielfalt"}]},{"@type":"WebSite","@id":"https:\/\/radioleinewelle.de\/#website","url":"https:\/\/radioleinewelle.de\/","name":"Radio Leinewelle","description":"","publisher":{"@id":"https:\/\/radioleinewelle.de\/#organization"},"potentialAction":[{"@type":"SearchAction","target":{"@type":"EntryPoint","urlTemplate":"https:\/\/radioleinewelle.de\/?s={search_term_string}"},"query-input":{"@type":"PropertyValueSpecification","valueRequired":true,"valueName":"search_term_string"}}],"inLanguage":"de"},{"@type":"Organization","@id":"https:\/\/radioleinewelle.de\/#organization","name":"Radio Leinewelle","alternateName":"Mein Radio f\u00fcr S\u00fcdniedersachsen","url":"https:\/\/radioleinewelle.de\/","logo":{"@type":"ImageObject","inLanguage":"de","@id":"https:\/\/radioleinewelle.de\/#\/schema\/logo\/image\/","url":"https:\/\/radioleinewelle.de\/wp-content\/uploads\/2023\/11\/cropped-Leinewelle_Logo_weiss.png","contentUrl":"https:\/\/radioleinewelle.de\/wp-content\/uploads\/2023\/11\/cropped-Leinewelle_Logo_weiss.png","width":854,"height":260,"caption":"Radio Leinewelle"},"image":{"@id":"https:\/\/radioleinewelle.de\/#\/schema\/logo\/image\/"},"sameAs":["https:\/\/www.facebook.com\/radioleinewelle","https:\/\/x.com\/RLeinewelle","https:\/\/www.instagram.com\/radioleinewelle\/?hl=de"]},{"@type":"Person","@id":"https:\/\/radioleinewelle.de\/#\/schema\/person\/45606f348637df637192dc1b68399a63","name":"Leinewelle","image":{"@type":"ImageObject","inLanguage":"de","@id":"https:\/\/secure.gravatar.com\/avatar\/05c9a17bc973052ee5d91549bd32fb4dd0dc85b7b85ae94b2e2b4943476bbea5?s=96&d=blank&r=g","url":"https:\/\/secure.gravatar.com\/avatar\/05c9a17bc973052ee5d91549bd32fb4dd0dc85b7b85ae94b2e2b4943476bbea5?s=96&d=blank&r=g","contentUrl":"https:\/\/secure.gravatar.com\/avatar\/05c9a17bc973052ee5d91549bd32fb4dd0dc85b7b85ae94b2e2b4943476bbea5?s=96&d=blank&r=g","caption":"Leinewelle"},"sameAs":["http:\/\/localhost\/radio%20leinewelle\/wordpress","https:\/\/www.facebook.com\/radioleinewelle","https:\/\/www.instagram.com\/radioleinewelle","https:\/\/x.com\/https:\/\/twitter.com\/RLeinewelle?ref_src=twsrcgoogletwcampserptwgrauthor","https:\/\/soundcloud.com\/foerderverein-lokalradio?utm_source=clipboard&utm_medium=text&utm_campaign=social_sharing"],"url":"https:\/\/radioleinewelle.de\/index.php\/author\/leinewelle\/"}]}},"_links":{"self":[{"href":"https:\/\/radioleinewelle.de\/index.php\/wp-json\/wp\/v2\/posts\/8033","targetHints":{"allow":["GET"]}}],"collection":[{"href":"https:\/\/radioleinewelle.de\/index.php\/wp-json\/wp\/v2\/posts"}],"about":[{"href":"https:\/\/radioleinewelle.de\/index.php\/wp-json\/wp\/v2\/types\/post"}],"author":[{"embeddable":true,"href":"https:\/\/radioleinewelle.de\/index.php\/wp-json\/wp\/v2\/users\/1"}],"replies":[{"embeddable":true,"href":"https:\/\/radioleinewelle.de\/index.php\/wp-json\/wp\/v2\/comments?post=8033"}],"version-history":[{"count":0,"href":"https:\/\/radioleinewelle.de\/index.php\/wp-json\/wp\/v2\/posts\/8033\/revisions"}],"wp:featuredmedia":[{"embeddable":true,"href":"https:\/\/radioleinewelle.de\/index.php\/wp-json\/wp\/v2\/media\/8035"}],"wp:attachment":[{"href":"https:\/\/radioleinewelle.de\/index.php\/wp-json\/wp\/v2\/media?parent=8033"}],"wp:term":[{"taxonomy":"category","embeddable":true,"href":"https:\/\/radioleinewelle.de\/index.php\/wp-json\/wp\/v2\/categories?post=8033"},{"taxonomy":"post_tag","embeddable":true,"href":"https:\/\/radioleinewelle.de\/index.php\/wp-json\/wp\/v2\/tags?post=8033"}],"curies":[{"name":"wp","href":"https:\/\/api.w.org\/{rel}","templated":true}]}}