{"id":8129,"date":"2021-05-27T05:15:00","date_gmt":"2021-05-27T03:15:00","guid":{"rendered":"https:\/\/radioleinewelle.de\/?p=8129"},"modified":"2021-05-27T05:15:00","modified_gmt":"2021-05-27T03:15:00","slug":"corona-pandemie-testpflicht-im-einzelhandel-entfaellt-bei-stabiler-inzidenzlage-von-unter-50","status":"publish","type":"post","link":"https:\/\/radioleinewelle.de\/index.php\/2021\/05\/27\/corona-pandemie-testpflicht-im-einzelhandel-entfaellt-bei-stabiler-inzidenzlage-von-unter-50\/","title":{"rendered":"Corona-Pandemie: Testpflicht im Einzelhandel entf\u00e4llt bei stabiler Inzidenzlage von unter 50"},"content":{"rendered":"\n<p>Die neuen Regelungen zur teilweisen Lockerung der Coronaverordnungen haben in den letzten Tagen zur Verunsicherung in der Bev\u00f6lkerung gef\u00fchrt. Stadt und Landkreis G\u00f6ttingen haben sich nach Abstimmung mit der nieders\u00e4chsischen Coronaverordnung auf folgendes Vorgehen geeinigt:<\/p>\n\n\n\n<p>Der Inzidenzwert im Landkreis G\u00f6ttingen liegt seit f\u00fcnf aufeinander folgenden Werktagen stabil unter 50. Ab Freitag, 28. Mai, entf\u00e4llt daher die Pflicht, beim Einkaufen im Einzelhandel bzw. in Einkaufscentern einen negativen Corona-Test vorlegen zu m\u00fcssen. Das hat das Gesundheitsamt von Stadt und Landkreis G\u00f6ttingen beschlossen und&nbsp;<a href=\"http:\/\/mailings.goettingen.de\/c\/59128825\/900435857-qtpx28\">in einer Allgemeinverf\u00fcgung ver\u00f6ffentlicht<\/a>. Schutz- und Hygienema\u00dfnahmen wie das Tragen einer OP- oder FFP2-Maske und Abstand halten sind dennoch einzuhalten.<\/p>\n\n\n\n<p>Sollte der Inzidenzwert von 50 an drei aufeinanderfolgenden Tagen wieder \u00fcberschritten werden, wird dies erneut durch eine Allgemeinverf\u00fcgung ver\u00f6ffentlicht. In diesem Falle gelten wieder die vorherigen Ma\u00dfgaben: Der Einkauf im Einzelhandel bzw. in Einkaufscentern in Stadt und Landkreis G\u00f6ttingen w\u00e4re wieder nur nach Vorlage eines negativen Corona-Tests bzw. bei nachgewiesener Vollimpfung oder Genesung m\u00f6glich.<\/p>\n","protected":false},"excerpt":{"rendered":"<p>Die neuen Regelungen zur teilweisen Lockerung der Coronaverordnungen haben in den letzten Tagen zur Verunsicherung in der Bev\u00f6lkerung gef\u00fchrt. Stadt und Landkreis G\u00f6ttingen haben sich nach Abstimmung mit der nieders\u00e4chsischen Coronaverordnung auf folgendes Vorgehen geeinigt: Der Inzidenzwert im Landkreis G\u00f6ttingen liegt seit f\u00fcnf aufeinander folgenden Werktagen stabil unter 50. Ab Freitag, 28. Mai, entf\u00e4llt daher [&hellip;]<\/p>\n","protected":false},"author":1,"featured_media":3778,"comment_status":"closed","ping_status":"closed","sticky":false,"template":"","format":"standard","meta":{"saved_in_kubio":false,"footnotes":""},"categories":[23],"tags":[1180,327,757],"class_list":["post-8129","post","type-post","status-publish","format-standard","has-post-thumbnail","hentry","category-corona","tag-inzidenz-unter-50","tag-landkreis-goettingen","tag-testpflicht"],"yoast_head":"<!-- This site is optimized with the Yoast SEO plugin v27.5 - https:\/\/yoast.com\/product\/yoast-seo-wordpress\/ -->\n<title>Corona-Pandemie: Testpflicht im Einzelhandel entf\u00e4llt bei stabiler Inzidenzlage von unter 50 - Radio Leinewelle<\/title>\n<meta name=\"robots\" content=\"index, follow, max-snippet:-1, max-image-preview:large, max-video-preview:-1\" \/>\n<link rel=\"canonical\" href=\"https:\/\/radioleinewelle.de\/index.php\/2021\/05\/27\/corona-pandemie-testpflicht-im-einzelhandel-entfaellt-bei-stabiler-inzidenzlage-von-unter-50\/\" \/>\n<meta property=\"og:locale\" content=\"de_DE\" \/>\n<meta property=\"og:type\" content=\"article\" \/>\n<meta property=\"og:title\" content=\"Corona-Pandemie: Testpflicht im Einzelhandel entf\u00e4llt bei stabiler Inzidenzlage von unter 50 - Radio Leinewelle\" \/>\n<meta property=\"og:description\" content=\"Die neuen Regelungen zur teilweisen Lockerung der Coronaverordnungen haben in den letzten Tagen zur Verunsicherung in der Bev\u00f6lkerung gef\u00fchrt. Stadt und Landkreis G\u00f6ttingen haben sich nach Abstimmung mit der nieders\u00e4chsischen Coronaverordnung auf folgendes Vorgehen geeinigt: Der Inzidenzwert im Landkreis G\u00f6ttingen liegt seit f\u00fcnf aufeinander folgenden Werktagen stabil unter 50. Ab Freitag, 28. Mai, entf\u00e4llt daher [&hellip;]\" \/>\n<meta property=\"og:url\" content=\"https:\/\/radioleinewelle.de\/index.php\/2021\/05\/27\/corona-pandemie-testpflicht-im-einzelhandel-entfaellt-bei-stabiler-inzidenzlage-von-unter-50\/\" \/>\n<meta property=\"og:site_name\" content=\"Radio Leinewelle\" \/>\n<meta property=\"article:publisher\" content=\"https:\/\/www.facebook.com\/radioleinewelle\" \/>\n<meta property=\"article:author\" content=\"https:\/\/www.facebook.com\/radioleinewelle\" \/>\n<meta property=\"article:published_time\" content=\"2021-05-27T03:15:00+00:00\" \/>\n<meta property=\"og:image\" content=\"https:\/\/radioleinewelle.de\/wp-content\/uploads\/2020\/12\/coronavirus-4833754_640.jpg\" \/>\n\t<meta property=\"og:image:width\" content=\"640\" \/>\n\t<meta property=\"og:image:height\" content=\"320\" \/>\n\t<meta property=\"og:image:type\" content=\"image\/jpeg\" \/>\n<meta name=\"author\" content=\"Leinewelle\" \/>\n<meta name=\"twitter:card\" content=\"summary_large_image\" \/>\n<meta name=\"twitter:creator\" content=\"@https:\/\/twitter.com\/RLeinewelle?ref_src=twsrcgoogletwcampserptwgrauthor\" \/>\n<meta name=\"twitter:site\" content=\"@RLeinewelle\" \/>\n<meta name=\"twitter:label1\" content=\"Verfasst von\" \/>\n\t<meta name=\"twitter:data1\" content=\"Leinewelle\" \/>\n\t<meta name=\"twitter:label2\" content=\"Gesch\u00e4tzte Lesezeit\" \/>\n\t<meta name=\"twitter:data2\" content=\"1\u00a0Minute\" \/>\n<script type=\"application\/ld+json\" class=\"yoast-schema-graph\">{\"@context\":\"https:\\\/\\\/schema.org\",\"@graph\":[{\"@type\":\"Article\",\"@id\":\"https:\\\/\\\/radioleinewelle.de\\\/index.php\\\/2021\\\/05\\\/27\\\/corona-pandemie-testpflicht-im-einzelhandel-entfaellt-bei-stabiler-inzidenzlage-von-unter-50\\\/#article\",\"isPartOf\":{\"@id\":\"https:\\\/\\\/radioleinewelle.de\\\/index.php\\\/2021\\\/05\\\/27\\\/corona-pandemie-testpflicht-im-einzelhandel-entfaellt-bei-stabiler-inzidenzlage-von-unter-50\\\/\"},\"author\":{\"name\":\"Leinewelle\",\"@id\":\"https:\\\/\\\/radioleinewelle.de\\\/#\\\/schema\\\/person\\\/45606f348637df637192dc1b68399a63\"},\"headline\":\"Corona-Pandemie: Testpflicht im Einzelhandel entf\u00e4llt bei stabiler Inzidenzlage von unter 50\",\"datePublished\":\"2021-05-27T03:15:00+00:00\",\"mainEntityOfPage\":{\"@id\":\"https:\\\/\\\/radioleinewelle.de\\\/index.php\\\/2021\\\/05\\\/27\\\/corona-pandemie-testpflicht-im-einzelhandel-entfaellt-bei-stabiler-inzidenzlage-von-unter-50\\\/\"},\"wordCount\":183,\"publisher\":{\"@id\":\"https:\\\/\\\/radioleinewelle.de\\\/#organization\"},\"image\":{\"@id\":\"https:\\\/\\\/radioleinewelle.de\\\/index.php\\\/2021\\\/05\\\/27\\\/corona-pandemie-testpflicht-im-einzelhandel-entfaellt-bei-stabiler-inzidenzlage-von-unter-50\\\/#primaryimage\"},\"thumbnailUrl\":\"https:\\\/\\\/radioleinewelle.de\\\/wp-content\\\/uploads\\\/2020\\\/12\\\/coronavirus-4833754_640.jpg\",\"keywords\":[\"Inzidenz unter 50\",\"Landkreis G\u00f6ttingen\",\"Testpflicht\"],\"articleSection\":[\"Corona\"],\"inLanguage\":\"de\"},{\"@type\":\"WebPage\",\"@id\":\"https:\\\/\\\/radioleinewelle.de\\\/index.php\\\/2021\\\/05\\\/27\\\/corona-pandemie-testpflicht-im-einzelhandel-entfaellt-bei-stabiler-inzidenzlage-von-unter-50\\\/\",\"url\":\"https:\\\/\\\/radioleinewelle.de\\\/index.php\\\/2021\\\/05\\\/27\\\/corona-pandemie-testpflicht-im-einzelhandel-entfaellt-bei-stabiler-inzidenzlage-von-unter-50\\\/\",\"name\":\"Corona-Pandemie: Testpflicht im Einzelhandel entf\u00e4llt bei stabiler Inzidenzlage von unter 50 - Radio Leinewelle\",\"isPartOf\":{\"@id\":\"https:\\\/\\\/radioleinewelle.de\\\/#website\"},\"primaryImageOfPage\":{\"@id\":\"https:\\\/\\\/radioleinewelle.de\\\/index.php\\\/2021\\\/05\\\/27\\\/corona-pandemie-testpflicht-im-einzelhandel-entfaellt-bei-stabiler-inzidenzlage-von-unter-50\\\/#primaryimage\"},\"image\":{\"@id\":\"https:\\\/\\\/radioleinewelle.de\\\/index.php\\\/2021\\\/05\\\/27\\\/corona-pandemie-testpflicht-im-einzelhandel-entfaellt-bei-stabiler-inzidenzlage-von-unter-50\\\/#primaryimage\"},\"thumbnailUrl\":\"https:\\\/\\\/radioleinewelle.de\\\/wp-content\\\/uploads\\\/2020\\\/12\\\/coronavirus-4833754_640.jpg\",\"datePublished\":\"2021-05-27T03:15:00+00:00\",\"breadcrumb\":{\"@id\":\"https:\\\/\\\/radioleinewelle.de\\\/index.php\\\/2021\\\/05\\\/27\\\/corona-pandemie-testpflicht-im-einzelhandel-entfaellt-bei-stabiler-inzidenzlage-von-unter-50\\\/#breadcrumb\"},\"inLanguage\":\"de\",\"potentialAction\":[{\"@type\":\"ReadAction\",\"target\":[\"https:\\\/\\\/radioleinewelle.de\\\/index.php\\\/2021\\\/05\\\/27\\\/corona-pandemie-testpflicht-im-einzelhandel-entfaellt-bei-stabiler-inzidenzlage-von-unter-50\\\/\"]}]},{\"@type\":\"ImageObject\",\"inLanguage\":\"de\",\"@id\":\"https:\\\/\\\/radioleinewelle.de\\\/index.php\\\/2021\\\/05\\\/27\\\/corona-pandemie-testpflicht-im-einzelhandel-entfaellt-bei-stabiler-inzidenzlage-von-unter-50\\\/#primaryimage\",\"url\":\"https:\\\/\\\/radioleinewelle.de\\\/wp-content\\\/uploads\\\/2020\\\/12\\\/coronavirus-4833754_640.jpg\",\"contentUrl\":\"https:\\\/\\\/radioleinewelle.de\\\/wp-content\\\/uploads\\\/2020\\\/12\\\/coronavirus-4833754_640.jpg\",\"width\":640,\"height\":320},{\"@type\":\"BreadcrumbList\",\"@id\":\"https:\\\/\\\/radioleinewelle.de\\\/index.php\\\/2021\\\/05\\\/27\\\/corona-pandemie-testpflicht-im-einzelhandel-entfaellt-bei-stabiler-inzidenzlage-von-unter-50\\\/#breadcrumb\",\"itemListElement\":[{\"@type\":\"ListItem\",\"position\":1,\"name\":\"Startseite\",\"item\":\"https:\\\/\\\/radioleinewelle.de\\\/\"},{\"@type\":\"ListItem\",\"position\":2,\"name\":\"Corona-Pandemie: Testpflicht im Einzelhandel entf\u00e4llt bei stabiler Inzidenzlage von unter 50\"}]},{\"@type\":\"WebSite\",\"@id\":\"https:\\\/\\\/radioleinewelle.de\\\/#website\",\"url\":\"https:\\\/\\\/radioleinewelle.de\\\/\",\"name\":\"Radio Leinewelle\",\"description\":\"\",\"publisher\":{\"@id\":\"https:\\\/\\\/radioleinewelle.de\\\/#organization\"},\"potentialAction\":[{\"@type\":\"SearchAction\",\"target\":{\"@type\":\"EntryPoint\",\"urlTemplate\":\"https:\\\/\\\/radioleinewelle.de\\\/?s={search_term_string}\"},\"query-input\":{\"@type\":\"PropertyValueSpecification\",\"valueRequired\":true,\"valueName\":\"search_term_string\"}}],\"inLanguage\":\"de\"},{\"@type\":\"Organization\",\"@id\":\"https:\\\/\\\/radioleinewelle.de\\\/#organization\",\"name\":\"Radio Leinewelle\",\"alternateName\":\"Mein Radio f\u00fcr S\u00fcdniedersachsen\",\"url\":\"https:\\\/\\\/radioleinewelle.de\\\/\",\"logo\":{\"@type\":\"ImageObject\",\"inLanguage\":\"de\",\"@id\":\"https:\\\/\\\/radioleinewelle.de\\\/#\\\/schema\\\/logo\\\/image\\\/\",\"url\":\"https:\\\/\\\/radioleinewelle.de\\\/wp-content\\\/uploads\\\/2023\\\/11\\\/cropped-Leinewelle_Logo_weiss.png\",\"contentUrl\":\"https:\\\/\\\/radioleinewelle.de\\\/wp-content\\\/uploads\\\/2023\\\/11\\\/cropped-Leinewelle_Logo_weiss.png\",\"width\":854,\"height\":260,\"caption\":\"Radio Leinewelle\"},\"image\":{\"@id\":\"https:\\\/\\\/radioleinewelle.de\\\/#\\\/schema\\\/logo\\\/image\\\/\"},\"sameAs\":[\"https:\\\/\\\/www.facebook.com\\\/radioleinewelle\",\"https:\\\/\\\/x.com\\\/RLeinewelle\",\"https:\\\/\\\/www.instagram.com\\\/radioleinewelle\\\/?hl=de\"]},{\"@type\":\"Person\",\"@id\":\"https:\\\/\\\/radioleinewelle.de\\\/#\\\/schema\\\/person\\\/45606f348637df637192dc1b68399a63\",\"name\":\"Leinewelle\",\"image\":{\"@type\":\"ImageObject\",\"inLanguage\":\"de\",\"@id\":\"https:\\\/\\\/secure.gravatar.com\\\/avatar\\\/05c9a17bc973052ee5d91549bd32fb4dd0dc85b7b85ae94b2e2b4943476bbea5?s=96&d=blank&r=g\",\"url\":\"https:\\\/\\\/secure.gravatar.com\\\/avatar\\\/05c9a17bc973052ee5d91549bd32fb4dd0dc85b7b85ae94b2e2b4943476bbea5?s=96&d=blank&r=g\",\"contentUrl\":\"https:\\\/\\\/secure.gravatar.com\\\/avatar\\\/05c9a17bc973052ee5d91549bd32fb4dd0dc85b7b85ae94b2e2b4943476bbea5?s=96&d=blank&r=g\",\"caption\":\"Leinewelle\"},\"sameAs\":[\"http:\\\/\\\/localhost\\\/radio%20leinewelle\\\/wordpress\",\"https:\\\/\\\/www.facebook.com\\\/radioleinewelle\",\"https:\\\/\\\/www.instagram.com\\\/radioleinewelle\",\"https:\\\/\\\/x.com\\\/https:\\\/\\\/twitter.com\\\/RLeinewelle?ref_src=twsrcgoogletwcampserptwgrauthor\",\"https:\\\/\\\/soundcloud.com\\\/foerderverein-lokalradio?utm_source=clipboard&utm_medium=text&utm_campaign=social_sharing\"],\"url\":\"https:\\\/\\\/radioleinewelle.de\\\/index.php\\\/author\\\/leinewelle\\\/\"}]}<\/script>\n<!-- \/ Yoast SEO plugin. -->","yoast_head_json":{"title":"Corona-Pandemie: Testpflicht im Einzelhandel entf\u00e4llt bei stabiler Inzidenzlage von unter 50 - Radio Leinewelle","robots":{"index":"index","follow":"follow","max-snippet":"max-snippet:-1","max-image-preview":"max-image-preview:large","max-video-preview":"max-video-preview:-1"},"canonical":"https:\/\/radioleinewelle.de\/index.php\/2021\/05\/27\/corona-pandemie-testpflicht-im-einzelhandel-entfaellt-bei-stabiler-inzidenzlage-von-unter-50\/","og_locale":"de_DE","og_type":"article","og_title":"Corona-Pandemie: Testpflicht im Einzelhandel entf\u00e4llt bei stabiler Inzidenzlage von unter 50 - Radio Leinewelle","og_description":"Die neuen Regelungen zur teilweisen Lockerung der Coronaverordnungen haben in den letzten Tagen zur Verunsicherung in der Bev\u00f6lkerung gef\u00fchrt. Stadt und Landkreis G\u00f6ttingen haben sich nach Abstimmung mit der nieders\u00e4chsischen Coronaverordnung auf folgendes Vorgehen geeinigt: Der Inzidenzwert im Landkreis G\u00f6ttingen liegt seit f\u00fcnf aufeinander folgenden Werktagen stabil unter 50. Ab Freitag, 28. Mai, entf\u00e4llt daher [&hellip;]","og_url":"https:\/\/radioleinewelle.de\/index.php\/2021\/05\/27\/corona-pandemie-testpflicht-im-einzelhandel-entfaellt-bei-stabiler-inzidenzlage-von-unter-50\/","og_site_name":"Radio Leinewelle","article_publisher":"https:\/\/www.facebook.com\/radioleinewelle","article_author":"https:\/\/www.facebook.com\/radioleinewelle","article_published_time":"2021-05-27T03:15:00+00:00","og_image":[{"width":640,"height":320,"url":"https:\/\/radioleinewelle.de\/wp-content\/uploads\/2020\/12\/coronavirus-4833754_640.jpg","type":"image\/jpeg"}],"author":"Leinewelle","twitter_card":"summary_large_image","twitter_creator":"@https:\/\/twitter.com\/RLeinewelle?ref_src=twsrcgoogletwcampserptwgrauthor","twitter_site":"@RLeinewelle","twitter_misc":{"Verfasst von":"Leinewelle","Gesch\u00e4tzte Lesezeit":"1\u00a0Minute"},"schema":{"@context":"https:\/\/schema.org","@graph":[{"@type":"Article","@id":"https:\/\/radioleinewelle.de\/index.php\/2021\/05\/27\/corona-pandemie-testpflicht-im-einzelhandel-entfaellt-bei-stabiler-inzidenzlage-von-unter-50\/#article","isPartOf":{"@id":"https:\/\/radioleinewelle.de\/index.php\/2021\/05\/27\/corona-pandemie-testpflicht-im-einzelhandel-entfaellt-bei-stabiler-inzidenzlage-von-unter-50\/"},"author":{"name":"Leinewelle","@id":"https:\/\/radioleinewelle.de\/#\/schema\/person\/45606f348637df637192dc1b68399a63"},"headline":"Corona-Pandemie: Testpflicht im Einzelhandel entf\u00e4llt bei stabiler Inzidenzlage von unter 50","datePublished":"2021-05-27T03:15:00+00:00","mainEntityOfPage":{"@id":"https:\/\/radioleinewelle.de\/index.php\/2021\/05\/27\/corona-pandemie-testpflicht-im-einzelhandel-entfaellt-bei-stabiler-inzidenzlage-von-unter-50\/"},"wordCount":183,"publisher":{"@id":"https:\/\/radioleinewelle.de\/#organization"},"image":{"@id":"https:\/\/radioleinewelle.de\/index.php\/2021\/05\/27\/corona-pandemie-testpflicht-im-einzelhandel-entfaellt-bei-stabiler-inzidenzlage-von-unter-50\/#primaryimage"},"thumbnailUrl":"https:\/\/radioleinewelle.de\/wp-content\/uploads\/2020\/12\/coronavirus-4833754_640.jpg","keywords":["Inzidenz unter 50","Landkreis G\u00f6ttingen","Testpflicht"],"articleSection":["Corona"],"inLanguage":"de"},{"@type":"WebPage","@id":"https:\/\/radioleinewelle.de\/index.php\/2021\/05\/27\/corona-pandemie-testpflicht-im-einzelhandel-entfaellt-bei-stabiler-inzidenzlage-von-unter-50\/","url":"https:\/\/radioleinewelle.de\/index.php\/2021\/05\/27\/corona-pandemie-testpflicht-im-einzelhandel-entfaellt-bei-stabiler-inzidenzlage-von-unter-50\/","name":"Corona-Pandemie: Testpflicht im Einzelhandel entf\u00e4llt bei stabiler Inzidenzlage von unter 50 - Radio Leinewelle","isPartOf":{"@id":"https:\/\/radioleinewelle.de\/#website"},"primaryImageOfPage":{"@id":"https:\/\/radioleinewelle.de\/index.php\/2021\/05\/27\/corona-pandemie-testpflicht-im-einzelhandel-entfaellt-bei-stabiler-inzidenzlage-von-unter-50\/#primaryimage"},"image":{"@id":"https:\/\/radioleinewelle.de\/index.php\/2021\/05\/27\/corona-pandemie-testpflicht-im-einzelhandel-entfaellt-bei-stabiler-inzidenzlage-von-unter-50\/#primaryimage"},"thumbnailUrl":"https:\/\/radioleinewelle.de\/wp-content\/uploads\/2020\/12\/coronavirus-4833754_640.jpg","datePublished":"2021-05-27T03:15:00+00:00","breadcrumb":{"@id":"https:\/\/radioleinewelle.de\/index.php\/2021\/05\/27\/corona-pandemie-testpflicht-im-einzelhandel-entfaellt-bei-stabiler-inzidenzlage-von-unter-50\/#breadcrumb"},"inLanguage":"de","potentialAction":[{"@type":"ReadAction","target":["https:\/\/radioleinewelle.de\/index.php\/2021\/05\/27\/corona-pandemie-testpflicht-im-einzelhandel-entfaellt-bei-stabiler-inzidenzlage-von-unter-50\/"]}]},{"@type":"ImageObject","inLanguage":"de","@id":"https:\/\/radioleinewelle.de\/index.php\/2021\/05\/27\/corona-pandemie-testpflicht-im-einzelhandel-entfaellt-bei-stabiler-inzidenzlage-von-unter-50\/#primaryimage","url":"https:\/\/radioleinewelle.de\/wp-content\/uploads\/2020\/12\/coronavirus-4833754_640.jpg","contentUrl":"https:\/\/radioleinewelle.de\/wp-content\/uploads\/2020\/12\/coronavirus-4833754_640.jpg","width":640,"height":320},{"@type":"BreadcrumbList","@id":"https:\/\/radioleinewelle.de\/index.php\/2021\/05\/27\/corona-pandemie-testpflicht-im-einzelhandel-entfaellt-bei-stabiler-inzidenzlage-von-unter-50\/#breadcrumb","itemListElement":[{"@type":"ListItem","position":1,"name":"Startseite","item":"https:\/\/radioleinewelle.de\/"},{"@type":"ListItem","position":2,"name":"Corona-Pandemie: Testpflicht im Einzelhandel entf\u00e4llt bei stabiler Inzidenzlage von unter 50"}]},{"@type":"WebSite","@id":"https:\/\/radioleinewelle.de\/#website","url":"https:\/\/radioleinewelle.de\/","name":"Radio Leinewelle","description":"","publisher":{"@id":"https:\/\/radioleinewelle.de\/#organization"},"potentialAction":[{"@type":"SearchAction","target":{"@type":"EntryPoint","urlTemplate":"https:\/\/radioleinewelle.de\/?s={search_term_string}"},"query-input":{"@type":"PropertyValueSpecification","valueRequired":true,"valueName":"search_term_string"}}],"inLanguage":"de"},{"@type":"Organization","@id":"https:\/\/radioleinewelle.de\/#organization","name":"Radio Leinewelle","alternateName":"Mein Radio f\u00fcr S\u00fcdniedersachsen","url":"https:\/\/radioleinewelle.de\/","logo":{"@type":"ImageObject","inLanguage":"de","@id":"https:\/\/radioleinewelle.de\/#\/schema\/logo\/image\/","url":"https:\/\/radioleinewelle.de\/wp-content\/uploads\/2023\/11\/cropped-Leinewelle_Logo_weiss.png","contentUrl":"https:\/\/radioleinewelle.de\/wp-content\/uploads\/2023\/11\/cropped-Leinewelle_Logo_weiss.png","width":854,"height":260,"caption":"Radio Leinewelle"},"image":{"@id":"https:\/\/radioleinewelle.de\/#\/schema\/logo\/image\/"},"sameAs":["https:\/\/www.facebook.com\/radioleinewelle","https:\/\/x.com\/RLeinewelle","https:\/\/www.instagram.com\/radioleinewelle\/?hl=de"]},{"@type":"Person","@id":"https:\/\/radioleinewelle.de\/#\/schema\/person\/45606f348637df637192dc1b68399a63","name":"Leinewelle","image":{"@type":"ImageObject","inLanguage":"de","@id":"https:\/\/secure.gravatar.com\/avatar\/05c9a17bc973052ee5d91549bd32fb4dd0dc85b7b85ae94b2e2b4943476bbea5?s=96&d=blank&r=g","url":"https:\/\/secure.gravatar.com\/avatar\/05c9a17bc973052ee5d91549bd32fb4dd0dc85b7b85ae94b2e2b4943476bbea5?s=96&d=blank&r=g","contentUrl":"https:\/\/secure.gravatar.com\/avatar\/05c9a17bc973052ee5d91549bd32fb4dd0dc85b7b85ae94b2e2b4943476bbea5?s=96&d=blank&r=g","caption":"Leinewelle"},"sameAs":["http:\/\/localhost\/radio%20leinewelle\/wordpress","https:\/\/www.facebook.com\/radioleinewelle","https:\/\/www.instagram.com\/radioleinewelle","https:\/\/x.com\/https:\/\/twitter.com\/RLeinewelle?ref_src=twsrcgoogletwcampserptwgrauthor","https:\/\/soundcloud.com\/foerderverein-lokalradio?utm_source=clipboard&utm_medium=text&utm_campaign=social_sharing"],"url":"https:\/\/radioleinewelle.de\/index.php\/author\/leinewelle\/"}]}},"_links":{"self":[{"href":"https:\/\/radioleinewelle.de\/index.php\/wp-json\/wp\/v2\/posts\/8129","targetHints":{"allow":["GET"]}}],"collection":[{"href":"https:\/\/radioleinewelle.de\/index.php\/wp-json\/wp\/v2\/posts"}],"about":[{"href":"https:\/\/radioleinewelle.de\/index.php\/wp-json\/wp\/v2\/types\/post"}],"author":[{"embeddable":true,"href":"https:\/\/radioleinewelle.de\/index.php\/wp-json\/wp\/v2\/users\/1"}],"replies":[{"embeddable":true,"href":"https:\/\/radioleinewelle.de\/index.php\/wp-json\/wp\/v2\/comments?post=8129"}],"version-history":[{"count":0,"href":"https:\/\/radioleinewelle.de\/index.php\/wp-json\/wp\/v2\/posts\/8129\/revisions"}],"wp:featuredmedia":[{"embeddable":true,"href":"https:\/\/radioleinewelle.de\/index.php\/wp-json\/wp\/v2\/media\/3778"}],"wp:attachment":[{"href":"https:\/\/radioleinewelle.de\/index.php\/wp-json\/wp\/v2\/media?parent=8129"}],"wp:term":[{"taxonomy":"category","embeddable":true,"href":"https:\/\/radioleinewelle.de\/index.php\/wp-json\/wp\/v2\/categories?post=8129"},{"taxonomy":"post_tag","embeddable":true,"href":"https:\/\/radioleinewelle.de\/index.php\/wp-json\/wp\/v2\/tags?post=8129"}],"curies":[{"name":"wp","href":"https:\/\/api.w.org\/{rel}","templated":true}]}}