{"id":8371,"date":"2021-06-04T05:14:00","date_gmt":"2021-06-04T03:14:00","guid":{"rendered":"https:\/\/radioleinewelle.de\/?p=8371"},"modified":"2021-06-04T05:14:00","modified_gmt":"2021-06-04T03:14:00","slug":"landkreis-goettingen-nur-noch-maskenpflicht-in-goettingen-und-hann-muenden-landkreis-goettingen","status":"publish","type":"post","link":"https:\/\/radioleinewelle.de\/index.php\/2021\/06\/04\/landkreis-goettingen-nur-noch-maskenpflicht-in-goettingen-und-hann-muenden-landkreis-goettingen\/","title":{"rendered":"Landkreis G\u00f6ttingen: Nur noch Maskenpflicht in G\u00f6ttingen und Hann. M\u00fcnden"},"content":{"rendered":"\n<p>Vorsicht ist weiterhin geboten, aber es gibt deutliche Lockerungen bei der Maskenpflicht. In der Stadt und im Landkreis G\u00f6ttingen werden die geltenden Regeln zum Tragen eines Mund-Nasen-Schutzes (MNS) ge\u00e4ndert. Die derzeit gute Entwicklung des Inzidenzwertes im gesamten Landkreis erlaubt es, MNS -Pflichtab heute nur noch dort anzuordnen, wo erwartungsgem\u00e4\u00df viele Menschen auf engem Raum zusammenkommen. Das betrifft Innenstadtbereiche in der Stadt G\u00f6ttingen und in der Stadt Hann. M\u00fcnden. In weiteren St\u00e4dten und Gemeinden des Landkreises gilt die MNS -Pflicht ab morgen nicht mehr.<\/p>\n\n\n\n<p>Unabh\u00e4ngig von diesen Regeln m\u00fcssen nach der nieders\u00e4chsischen Corona-Verordnung Menschen in der \u00d6ffentlichkeit unter freiem Himmel eine Mund-Nasen-Bedeckung tragen, wenn das Abstandsgebot zu anderen Menschen nicht eingehalten werden kann.<\/p>\n\n\n\n<h2 class=\"wp-block-heading\">Maskenpflicht in G\u00f6ttingen<\/h2>\n\n\n\n<p>In der Stadt G\u00f6ttingen gilt die Pflicht zum Tragen eines MNS montags bis sonnabends von 8.00 Uhr bis 21.00 Uhr im Bereich der Fu\u00dfg\u00e4ngerzone I. Betroffen sind diese Stra\u00dfen(abschnitte):<\/p>\n\n\n\n<p>Stumpfebiel, Gotmarstra\u00dfe, Zindelstra\u00dfe, Weender Stra\u00dfe von der Ecke J\u00fcdenstra\u00dfe (Hausnummer 78) bis zum Markt, Jacobi-Kirchhof, Markt, Kornmarkt, M\u00fchlenstra\u00dfe zwischen Ecke Stumpfebiel und Ecke Weender Stra\u00dfe, Prinzenstra\u00dfe zwischen Ecke Gotmarstra\u00dfe und Ecke Weender Stra\u00dfe, Theaterstra\u00dfe zwischen Ecke Weender Stra\u00dfe und Ecke J\u00fcdenstra\u00dfe, Barf\u00fc\u00dferstra\u00dfe zwischen Weender Stra\u00dfe und Ecke J\u00fcdenstra\u00dfe, Rote Stra\u00dfe zwischen Markt und Ecke J\u00fcdenstra\u00dfe, Mauerstra\u00dfe zwischen Lange-Geismar-Stra\u00dfe und Ecke Kurze-Geismar-Stra\u00dfe, Lange Geismar-Stra\u00dfe zwischen Ecke Zindelstra\u00dfe und Ecke Kurze-Geismar-Stra\u00dfe, Groner Stra\u00dfe zwischen Ecke Zindelstra\u00dfe und Ecke Kornmarkt.&nbsp;<a href=\"http:\/\/mailings.goettingen.de\/c\/59424064\/900435857-qu4sh5\">Ein Plan ist hier abzurufen<\/a><strong>.<\/strong><\/p>\n\n\n\n<p>Zus\u00e4tzlich gilt freitags und sonnabends jeweils von 21.00 Uhr bis 4.00 Uhr des Folgetages, dass auf dem Wilhelmsplatz und den angrenzenden Stra\u00dfenabschnitten sowie auf dem Albaniplatz inklusive Albanikirchof ein MNS zu tragen ist.&nbsp;<a href=\"http:\/\/mailings.goettingen.de\/c\/59424064\/900435857-qu4sh5\">Die Pl\u00e4ne sind hier abzurufen<\/a><strong>.<\/strong>&nbsp;Diese Regel wurde aufgrund der Menschenansammlungen am Wilhelmsplatz und am Albaniplatz in den letzten Wochen getroffen. Dabei wurden durch polizeiliche Kontrollen insbesondere Verst\u00f6\u00dfe gegen die nieders\u00e4chsische Corona-Verordnung festgestellt, die allgemeinen Kontaktbeschr\u00e4nkungen sowie das Abstandsgebot wurden dabei nicht eingehalten.<\/p>\n\n\n\n<h2 class=\"wp-block-heading\">Maskenpflicht in Hann. M\u00fcnden<\/h2>\n\n\n\n<p>In der Stadt Hann. M\u00fcnden gilt die Pflicht zum Tragen eines MNS t\u00e4glich von 9.00 Uhr bis 19.00 Uhr in diesen Bereichen: Lange Stra\u00dfe, Marktstra\u00dfe, Am Markt, M\u00fchlenstra\u00dfe und M\u00fchlenbr\u00fccke. Als staatlich anerkannter Erholungsort d\u00fcrfen in Hann. M\u00fcnden an Sonn- und Feiertagen neben der stark ausgepr\u00e4gten Gastronomie zus\u00e4tzlich eine Vielzahl von Gesch\u00e4ften \u00f6ffnen. Gastronomie und Einzelhandel nutzen zudem Fl\u00e4chen vor den jeweiligen Ladengesch\u00e4ften f\u00fcr die Warenauslage bzw. f\u00fcr die Au\u00dfengastronomie, was die Durchgangsbreiten in der Langen Stra\u00dfe erheblich einschr\u00e4nkt. Die Stra\u00dfen Marktstra\u00dfe, Am Markt, M\u00fchlenstra\u00dfe und die M\u00fchlenbr\u00fccke (Fu\u00dfg\u00e4ngerbr\u00fccke) f\u00fchren die Besucher von den Parkpl\u00e4tzen fu\u00dfl\u00e4ufig in die Stadt.&nbsp;<a href=\"http:\/\/mailings.goettingen.de\/c\/59424064\/900435857-qu4sh5\">Ein Plan ist hier abzurufen<\/a><strong>.<\/strong><\/p>\n\n\n\n<p>Symbolbild von&nbsp;<a href=\"https:\/\/pixabay.com\/de\/users\/anrita1705-11109462\/?utm_source=link-attribution&amp;utm_medium=referral&amp;utm_campaign=image&amp;utm_content=5060809\">Anrita1705<\/a>&nbsp;auf&nbsp;<a href=\"https:\/\/pixabay.com\/de\/?utm_source=link-attribution&amp;utm_medium=referral&amp;utm_campaign=image&amp;utm_content=5060809\">Pixabay<\/a><\/p>\n","protected":false},"excerpt":{"rendered":"<p>Vorsicht ist weiterhin geboten, aber es gibt deutliche Lockerungen bei der Maskenpflicht. In der Stadt und im Landkreis G\u00f6ttingen werden die geltenden Regeln zum Tragen eines Mund-Nasen-Schutzes (MNS) ge\u00e4ndert. Die derzeit gute Entwicklung des Inzidenzwertes im gesamten Landkreis erlaubt es, MNS -Pflichtab heute nur noch dort anzuordnen, wo erwartungsgem\u00e4\u00df viele Menschen auf engem Raum zusammenkommen. [&hellip;]<\/p>\n","protected":false},"author":1,"featured_media":0,"comment_status":"closed","ping_status":"closed","sticky":false,"template":"","format":"standard","meta":{"saved_in_kubio":false,"footnotes":""},"categories":[23],"tags":[1274,159,327,598,1275],"class_list":["post-8371","post","type-post","status-publish","format-standard","hentry","category-corona","tag-abstandsgebot","tag-corona","tag-landkreis-goettingen","tag-maskenpflicht","tag-mns"],"yoast_head":"<!-- This site is optimized with the Yoast SEO plugin v27.5 - https:\/\/yoast.com\/product\/yoast-seo-wordpress\/ -->\n<title>Landkreis G\u00f6ttingen: Nur noch Maskenpflicht in G\u00f6ttingen und Hann. M\u00fcnden - Radio Leinewelle<\/title>\n<meta name=\"robots\" content=\"index, follow, max-snippet:-1, max-image-preview:large, max-video-preview:-1\" \/>\n<link rel=\"canonical\" href=\"https:\/\/radioleinewelle.de\/index.php\/2021\/06\/04\/landkreis-goettingen-nur-noch-maskenpflicht-in-goettingen-und-hann-muenden-landkreis-goettingen\/\" \/>\n<meta property=\"og:locale\" content=\"de_DE\" \/>\n<meta property=\"og:type\" content=\"article\" \/>\n<meta property=\"og:title\" content=\"Landkreis G\u00f6ttingen: Nur noch Maskenpflicht in G\u00f6ttingen und Hann. M\u00fcnden - Radio Leinewelle\" \/>\n<meta property=\"og:description\" content=\"Vorsicht ist weiterhin geboten, aber es gibt deutliche Lockerungen bei der Maskenpflicht. In der Stadt und im Landkreis G\u00f6ttingen werden die geltenden Regeln zum Tragen eines Mund-Nasen-Schutzes (MNS) ge\u00e4ndert. Die derzeit gute Entwicklung des Inzidenzwertes im gesamten Landkreis erlaubt es, MNS -Pflichtab heute nur noch dort anzuordnen, wo erwartungsgem\u00e4\u00df viele Menschen auf engem Raum zusammenkommen. [&hellip;]\" \/>\n<meta property=\"og:url\" content=\"https:\/\/radioleinewelle.de\/index.php\/2021\/06\/04\/landkreis-goettingen-nur-noch-maskenpflicht-in-goettingen-und-hann-muenden-landkreis-goettingen\/\" \/>\n<meta property=\"og:site_name\" content=\"Radio Leinewelle\" \/>\n<meta property=\"article:publisher\" content=\"https:\/\/www.facebook.com\/radioleinewelle\" \/>\n<meta property=\"article:author\" content=\"https:\/\/www.facebook.com\/radioleinewelle\" \/>\n<meta property=\"article:published_time\" content=\"2021-06-04T03:14:00+00:00\" \/>\n<meta name=\"author\" content=\"Leinewelle\" \/>\n<meta name=\"twitter:card\" content=\"summary_large_image\" \/>\n<meta name=\"twitter:creator\" content=\"@https:\/\/twitter.com\/RLeinewelle?ref_src=twsrcgoogletwcampserptwgrauthor\" \/>\n<meta name=\"twitter:site\" content=\"@RLeinewelle\" \/>\n<meta name=\"twitter:label1\" content=\"Verfasst von\" \/>\n\t<meta name=\"twitter:data1\" content=\"Leinewelle\" \/>\n\t<meta name=\"twitter:label2\" content=\"Gesch\u00e4tzte Lesezeit\" \/>\n\t<meta name=\"twitter:data2\" content=\"2\u00a0Minuten\" \/>\n<script type=\"application\/ld+json\" class=\"yoast-schema-graph\">{\"@context\":\"https:\\\/\\\/schema.org\",\"@graph\":[{\"@type\":\"Article\",\"@id\":\"https:\\\/\\\/radioleinewelle.de\\\/index.php\\\/2021\\\/06\\\/04\\\/landkreis-goettingen-nur-noch-maskenpflicht-in-goettingen-und-hann-muenden-landkreis-goettingen\\\/#article\",\"isPartOf\":{\"@id\":\"https:\\\/\\\/radioleinewelle.de\\\/index.php\\\/2021\\\/06\\\/04\\\/landkreis-goettingen-nur-noch-maskenpflicht-in-goettingen-und-hann-muenden-landkreis-goettingen\\\/\"},\"author\":{\"name\":\"Leinewelle\",\"@id\":\"https:\\\/\\\/radioleinewelle.de\\\/#\\\/schema\\\/person\\\/45606f348637df637192dc1b68399a63\"},\"headline\":\"Landkreis G\u00f6ttingen: Nur noch Maskenpflicht in G\u00f6ttingen und Hann. M\u00fcnden\",\"datePublished\":\"2021-06-04T03:14:00+00:00\",\"mainEntityOfPage\":{\"@id\":\"https:\\\/\\\/radioleinewelle.de\\\/index.php\\\/2021\\\/06\\\/04\\\/landkreis-goettingen-nur-noch-maskenpflicht-in-goettingen-und-hann-muenden-landkreis-goettingen\\\/\"},\"wordCount\":513,\"publisher\":{\"@id\":\"https:\\\/\\\/radioleinewelle.de\\\/#organization\"},\"keywords\":[\"Abstandsgebot\",\"Corona\",\"Landkreis G\u00f6ttingen\",\"Maskenpflicht\",\"MNS\"],\"articleSection\":[\"Corona\"],\"inLanguage\":\"de\"},{\"@type\":\"WebPage\",\"@id\":\"https:\\\/\\\/radioleinewelle.de\\\/index.php\\\/2021\\\/06\\\/04\\\/landkreis-goettingen-nur-noch-maskenpflicht-in-goettingen-und-hann-muenden-landkreis-goettingen\\\/\",\"url\":\"https:\\\/\\\/radioleinewelle.de\\\/index.php\\\/2021\\\/06\\\/04\\\/landkreis-goettingen-nur-noch-maskenpflicht-in-goettingen-und-hann-muenden-landkreis-goettingen\\\/\",\"name\":\"Landkreis G\u00f6ttingen: Nur noch Maskenpflicht in G\u00f6ttingen und Hann. M\u00fcnden - Radio Leinewelle\",\"isPartOf\":{\"@id\":\"https:\\\/\\\/radioleinewelle.de\\\/#website\"},\"datePublished\":\"2021-06-04T03:14:00+00:00\",\"breadcrumb\":{\"@id\":\"https:\\\/\\\/radioleinewelle.de\\\/index.php\\\/2021\\\/06\\\/04\\\/landkreis-goettingen-nur-noch-maskenpflicht-in-goettingen-und-hann-muenden-landkreis-goettingen\\\/#breadcrumb\"},\"inLanguage\":\"de\",\"potentialAction\":[{\"@type\":\"ReadAction\",\"target\":[\"https:\\\/\\\/radioleinewelle.de\\\/index.php\\\/2021\\\/06\\\/04\\\/landkreis-goettingen-nur-noch-maskenpflicht-in-goettingen-und-hann-muenden-landkreis-goettingen\\\/\"]}]},{\"@type\":\"BreadcrumbList\",\"@id\":\"https:\\\/\\\/radioleinewelle.de\\\/index.php\\\/2021\\\/06\\\/04\\\/landkreis-goettingen-nur-noch-maskenpflicht-in-goettingen-und-hann-muenden-landkreis-goettingen\\\/#breadcrumb\",\"itemListElement\":[{\"@type\":\"ListItem\",\"position\":1,\"name\":\"Startseite\",\"item\":\"https:\\\/\\\/radioleinewelle.de\\\/\"},{\"@type\":\"ListItem\",\"position\":2,\"name\":\"Landkreis G\u00f6ttingen: Nur noch Maskenpflicht in G\u00f6ttingen und Hann. M\u00fcnden\"}]},{\"@type\":\"WebSite\",\"@id\":\"https:\\\/\\\/radioleinewelle.de\\\/#website\",\"url\":\"https:\\\/\\\/radioleinewelle.de\\\/\",\"name\":\"Radio Leinewelle\",\"description\":\"\",\"publisher\":{\"@id\":\"https:\\\/\\\/radioleinewelle.de\\\/#organization\"},\"potentialAction\":[{\"@type\":\"SearchAction\",\"target\":{\"@type\":\"EntryPoint\",\"urlTemplate\":\"https:\\\/\\\/radioleinewelle.de\\\/?s={search_term_string}\"},\"query-input\":{\"@type\":\"PropertyValueSpecification\",\"valueRequired\":true,\"valueName\":\"search_term_string\"}}],\"inLanguage\":\"de\"},{\"@type\":\"Organization\",\"@id\":\"https:\\\/\\\/radioleinewelle.de\\\/#organization\",\"name\":\"Radio Leinewelle\",\"alternateName\":\"Mein Radio f\u00fcr S\u00fcdniedersachsen\",\"url\":\"https:\\\/\\\/radioleinewelle.de\\\/\",\"logo\":{\"@type\":\"ImageObject\",\"inLanguage\":\"de\",\"@id\":\"https:\\\/\\\/radioleinewelle.de\\\/#\\\/schema\\\/logo\\\/image\\\/\",\"url\":\"https:\\\/\\\/radioleinewelle.de\\\/wp-content\\\/uploads\\\/2023\\\/11\\\/cropped-Leinewelle_Logo_weiss.png\",\"contentUrl\":\"https:\\\/\\\/radioleinewelle.de\\\/wp-content\\\/uploads\\\/2023\\\/11\\\/cropped-Leinewelle_Logo_weiss.png\",\"width\":854,\"height\":260,\"caption\":\"Radio Leinewelle\"},\"image\":{\"@id\":\"https:\\\/\\\/radioleinewelle.de\\\/#\\\/schema\\\/logo\\\/image\\\/\"},\"sameAs\":[\"https:\\\/\\\/www.facebook.com\\\/radioleinewelle\",\"https:\\\/\\\/x.com\\\/RLeinewelle\",\"https:\\\/\\\/www.instagram.com\\\/radioleinewelle\\\/?hl=de\"]},{\"@type\":\"Person\",\"@id\":\"https:\\\/\\\/radioleinewelle.de\\\/#\\\/schema\\\/person\\\/45606f348637df637192dc1b68399a63\",\"name\":\"Leinewelle\",\"image\":{\"@type\":\"ImageObject\",\"inLanguage\":\"de\",\"@id\":\"https:\\\/\\\/secure.gravatar.com\\\/avatar\\\/05c9a17bc973052ee5d91549bd32fb4dd0dc85b7b85ae94b2e2b4943476bbea5?s=96&d=blank&r=g\",\"url\":\"https:\\\/\\\/secure.gravatar.com\\\/avatar\\\/05c9a17bc973052ee5d91549bd32fb4dd0dc85b7b85ae94b2e2b4943476bbea5?s=96&d=blank&r=g\",\"contentUrl\":\"https:\\\/\\\/secure.gravatar.com\\\/avatar\\\/05c9a17bc973052ee5d91549bd32fb4dd0dc85b7b85ae94b2e2b4943476bbea5?s=96&d=blank&r=g\",\"caption\":\"Leinewelle\"},\"sameAs\":[\"http:\\\/\\\/localhost\\\/radio%20leinewelle\\\/wordpress\",\"https:\\\/\\\/www.facebook.com\\\/radioleinewelle\",\"https:\\\/\\\/www.instagram.com\\\/radioleinewelle\",\"https:\\\/\\\/x.com\\\/https:\\\/\\\/twitter.com\\\/RLeinewelle?ref_src=twsrcgoogletwcampserptwgrauthor\",\"https:\\\/\\\/soundcloud.com\\\/foerderverein-lokalradio?utm_source=clipboard&utm_medium=text&utm_campaign=social_sharing\"],\"url\":\"https:\\\/\\\/radioleinewelle.de\\\/index.php\\\/author\\\/leinewelle\\\/\"}]}<\/script>\n<!-- \/ Yoast SEO plugin. -->","yoast_head_json":{"title":"Landkreis G\u00f6ttingen: Nur noch Maskenpflicht in G\u00f6ttingen und Hann. M\u00fcnden - Radio Leinewelle","robots":{"index":"index","follow":"follow","max-snippet":"max-snippet:-1","max-image-preview":"max-image-preview:large","max-video-preview":"max-video-preview:-1"},"canonical":"https:\/\/radioleinewelle.de\/index.php\/2021\/06\/04\/landkreis-goettingen-nur-noch-maskenpflicht-in-goettingen-und-hann-muenden-landkreis-goettingen\/","og_locale":"de_DE","og_type":"article","og_title":"Landkreis G\u00f6ttingen: Nur noch Maskenpflicht in G\u00f6ttingen und Hann. M\u00fcnden - Radio Leinewelle","og_description":"Vorsicht ist weiterhin geboten, aber es gibt deutliche Lockerungen bei der Maskenpflicht. In der Stadt und im Landkreis G\u00f6ttingen werden die geltenden Regeln zum Tragen eines Mund-Nasen-Schutzes (MNS) ge\u00e4ndert. Die derzeit gute Entwicklung des Inzidenzwertes im gesamten Landkreis erlaubt es, MNS -Pflichtab heute nur noch dort anzuordnen, wo erwartungsgem\u00e4\u00df viele Menschen auf engem Raum zusammenkommen. [&hellip;]","og_url":"https:\/\/radioleinewelle.de\/index.php\/2021\/06\/04\/landkreis-goettingen-nur-noch-maskenpflicht-in-goettingen-und-hann-muenden-landkreis-goettingen\/","og_site_name":"Radio Leinewelle","article_publisher":"https:\/\/www.facebook.com\/radioleinewelle","article_author":"https:\/\/www.facebook.com\/radioleinewelle","article_published_time":"2021-06-04T03:14:00+00:00","author":"Leinewelle","twitter_card":"summary_large_image","twitter_creator":"@https:\/\/twitter.com\/RLeinewelle?ref_src=twsrcgoogletwcampserptwgrauthor","twitter_site":"@RLeinewelle","twitter_misc":{"Verfasst von":"Leinewelle","Gesch\u00e4tzte Lesezeit":"2\u00a0Minuten"},"schema":{"@context":"https:\/\/schema.org","@graph":[{"@type":"Article","@id":"https:\/\/radioleinewelle.de\/index.php\/2021\/06\/04\/landkreis-goettingen-nur-noch-maskenpflicht-in-goettingen-und-hann-muenden-landkreis-goettingen\/#article","isPartOf":{"@id":"https:\/\/radioleinewelle.de\/index.php\/2021\/06\/04\/landkreis-goettingen-nur-noch-maskenpflicht-in-goettingen-und-hann-muenden-landkreis-goettingen\/"},"author":{"name":"Leinewelle","@id":"https:\/\/radioleinewelle.de\/#\/schema\/person\/45606f348637df637192dc1b68399a63"},"headline":"Landkreis G\u00f6ttingen: Nur noch Maskenpflicht in G\u00f6ttingen und Hann. M\u00fcnden","datePublished":"2021-06-04T03:14:00+00:00","mainEntityOfPage":{"@id":"https:\/\/radioleinewelle.de\/index.php\/2021\/06\/04\/landkreis-goettingen-nur-noch-maskenpflicht-in-goettingen-und-hann-muenden-landkreis-goettingen\/"},"wordCount":513,"publisher":{"@id":"https:\/\/radioleinewelle.de\/#organization"},"keywords":["Abstandsgebot","Corona","Landkreis G\u00f6ttingen","Maskenpflicht","MNS"],"articleSection":["Corona"],"inLanguage":"de"},{"@type":"WebPage","@id":"https:\/\/radioleinewelle.de\/index.php\/2021\/06\/04\/landkreis-goettingen-nur-noch-maskenpflicht-in-goettingen-und-hann-muenden-landkreis-goettingen\/","url":"https:\/\/radioleinewelle.de\/index.php\/2021\/06\/04\/landkreis-goettingen-nur-noch-maskenpflicht-in-goettingen-und-hann-muenden-landkreis-goettingen\/","name":"Landkreis G\u00f6ttingen: Nur noch Maskenpflicht in G\u00f6ttingen und Hann. M\u00fcnden - Radio Leinewelle","isPartOf":{"@id":"https:\/\/radioleinewelle.de\/#website"},"datePublished":"2021-06-04T03:14:00+00:00","breadcrumb":{"@id":"https:\/\/radioleinewelle.de\/index.php\/2021\/06\/04\/landkreis-goettingen-nur-noch-maskenpflicht-in-goettingen-und-hann-muenden-landkreis-goettingen\/#breadcrumb"},"inLanguage":"de","potentialAction":[{"@type":"ReadAction","target":["https:\/\/radioleinewelle.de\/index.php\/2021\/06\/04\/landkreis-goettingen-nur-noch-maskenpflicht-in-goettingen-und-hann-muenden-landkreis-goettingen\/"]}]},{"@type":"BreadcrumbList","@id":"https:\/\/radioleinewelle.de\/index.php\/2021\/06\/04\/landkreis-goettingen-nur-noch-maskenpflicht-in-goettingen-und-hann-muenden-landkreis-goettingen\/#breadcrumb","itemListElement":[{"@type":"ListItem","position":1,"name":"Startseite","item":"https:\/\/radioleinewelle.de\/"},{"@type":"ListItem","position":2,"name":"Landkreis G\u00f6ttingen: Nur noch Maskenpflicht in G\u00f6ttingen und Hann. M\u00fcnden"}]},{"@type":"WebSite","@id":"https:\/\/radioleinewelle.de\/#website","url":"https:\/\/radioleinewelle.de\/","name":"Radio Leinewelle","description":"","publisher":{"@id":"https:\/\/radioleinewelle.de\/#organization"},"potentialAction":[{"@type":"SearchAction","target":{"@type":"EntryPoint","urlTemplate":"https:\/\/radioleinewelle.de\/?s={search_term_string}"},"query-input":{"@type":"PropertyValueSpecification","valueRequired":true,"valueName":"search_term_string"}}],"inLanguage":"de"},{"@type":"Organization","@id":"https:\/\/radioleinewelle.de\/#organization","name":"Radio Leinewelle","alternateName":"Mein Radio f\u00fcr S\u00fcdniedersachsen","url":"https:\/\/radioleinewelle.de\/","logo":{"@type":"ImageObject","inLanguage":"de","@id":"https:\/\/radioleinewelle.de\/#\/schema\/logo\/image\/","url":"https:\/\/radioleinewelle.de\/wp-content\/uploads\/2023\/11\/cropped-Leinewelle_Logo_weiss.png","contentUrl":"https:\/\/radioleinewelle.de\/wp-content\/uploads\/2023\/11\/cropped-Leinewelle_Logo_weiss.png","width":854,"height":260,"caption":"Radio Leinewelle"},"image":{"@id":"https:\/\/radioleinewelle.de\/#\/schema\/logo\/image\/"},"sameAs":["https:\/\/www.facebook.com\/radioleinewelle","https:\/\/x.com\/RLeinewelle","https:\/\/www.instagram.com\/radioleinewelle\/?hl=de"]},{"@type":"Person","@id":"https:\/\/radioleinewelle.de\/#\/schema\/person\/45606f348637df637192dc1b68399a63","name":"Leinewelle","image":{"@type":"ImageObject","inLanguage":"de","@id":"https:\/\/secure.gravatar.com\/avatar\/05c9a17bc973052ee5d91549bd32fb4dd0dc85b7b85ae94b2e2b4943476bbea5?s=96&d=blank&r=g","url":"https:\/\/secure.gravatar.com\/avatar\/05c9a17bc973052ee5d91549bd32fb4dd0dc85b7b85ae94b2e2b4943476bbea5?s=96&d=blank&r=g","contentUrl":"https:\/\/secure.gravatar.com\/avatar\/05c9a17bc973052ee5d91549bd32fb4dd0dc85b7b85ae94b2e2b4943476bbea5?s=96&d=blank&r=g","caption":"Leinewelle"},"sameAs":["http:\/\/localhost\/radio%20leinewelle\/wordpress","https:\/\/www.facebook.com\/radioleinewelle","https:\/\/www.instagram.com\/radioleinewelle","https:\/\/x.com\/https:\/\/twitter.com\/RLeinewelle?ref_src=twsrcgoogletwcampserptwgrauthor","https:\/\/soundcloud.com\/foerderverein-lokalradio?utm_source=clipboard&utm_medium=text&utm_campaign=social_sharing"],"url":"https:\/\/radioleinewelle.de\/index.php\/author\/leinewelle\/"}]}},"_links":{"self":[{"href":"https:\/\/radioleinewelle.de\/index.php\/wp-json\/wp\/v2\/posts\/8371","targetHints":{"allow":["GET"]}}],"collection":[{"href":"https:\/\/radioleinewelle.de\/index.php\/wp-json\/wp\/v2\/posts"}],"about":[{"href":"https:\/\/radioleinewelle.de\/index.php\/wp-json\/wp\/v2\/types\/post"}],"author":[{"embeddable":true,"href":"https:\/\/radioleinewelle.de\/index.php\/wp-json\/wp\/v2\/users\/1"}],"replies":[{"embeddable":true,"href":"https:\/\/radioleinewelle.de\/index.php\/wp-json\/wp\/v2\/comments?post=8371"}],"version-history":[{"count":0,"href":"https:\/\/radioleinewelle.de\/index.php\/wp-json\/wp\/v2\/posts\/8371\/revisions"}],"wp:attachment":[{"href":"https:\/\/radioleinewelle.de\/index.php\/wp-json\/wp\/v2\/media?parent=8371"}],"wp:term":[{"taxonomy":"category","embeddable":true,"href":"https:\/\/radioleinewelle.de\/index.php\/wp-json\/wp\/v2\/categories?post=8371"},{"taxonomy":"post_tag","embeddable":true,"href":"https:\/\/radioleinewelle.de\/index.php\/wp-json\/wp\/v2\/tags?post=8371"}],"curies":[{"name":"wp","href":"https:\/\/api.w.org\/{rel}","templated":true}]}}