{"id":8423,"date":"2021-06-05T18:12:49","date_gmt":"2021-06-05T16:12:49","guid":{"rendered":"https:\/\/radioleinewelle.de\/?p=8423"},"modified":"2021-06-05T18:12:49","modified_gmt":"2021-06-05T16:12:49","slug":"goettingen-brand-in-einem-entsorgungsbetrieb-loeste-groesseren-feuerwehreinsatz-aus","status":"publish","type":"post","link":"https:\/\/radioleinewelle.de\/index.php\/2021\/06\/05\/goettingen-brand-in-einem-entsorgungsbetrieb-loeste-groesseren-feuerwehreinsatz-aus\/","title":{"rendered":"G\u00f6ttingen: Brand in einem Entsorgungsbetrieb l\u00f6ste gr\u00f6\u00dferen Feuerwehreinsatz aus"},"content":{"rendered":"\n<p>G\u00f6ttingen (mw), OT Weende, Bau- und Bodenschuttdeponie K\u00f6nigsb\u00fchl, Freitag, 04.05.2021 gg. 18.31 Uhr: Aus ungekl\u00e4rter Ursache geriet ein gro\u00dfer Sperrm\u00fcllhaufen (div. Holz, Matratzen usw.) auf dem Entsorgungsbetrieb in Brand. Dadurch hingen schwarze Rauchwolken \u00fcber G\u00f6ttingen. Die Berufsfeuerwehr G\u00f6ttingen und die Freiwilligen Feuerwehren der Ortsteile Geismar und Weende waren mit einem Gro\u00dfaufgebot im Einsatz. Weiterhin war ein Notarztfahrzeug und ein Rettungswagen im Einsatzraum. Die Schadensh\u00f6he ist zurzeit unbekannt, zu Personensch\u00e4den kam es nicht.&nbsp;<br \/>Der Brandort wurde beschlagnahmt und die weiteren Ermittlungen werden durch das 1. Fachkommissariat durchgef\u00fchrt.<\/p>\n","protected":false},"excerpt":{"rendered":"<p>G\u00f6ttingen (mw), OT Weende, Bau- und Bodenschuttdeponie K\u00f6nigsb\u00fchl, Freitag, 04.05.2021 gg. 18.31 Uhr: Aus ungekl\u00e4rter Ursache geriet ein gro\u00dfer Sperrm\u00fcllhaufen (div. Holz, Matratzen usw.) auf dem Entsorgungsbetrieb in Brand. Dadurch hingen schwarze Rauchwolken \u00fcber G\u00f6ttingen. Die Berufsfeuerwehr G\u00f6ttingen und die Freiwilligen Feuerwehren der Ortsteile Geismar und Weende waren mit einem Gro\u00dfaufgebot im Einsatz. Weiterhin war [&hellip;]<\/p>\n","protected":false},"author":1,"featured_media":5111,"comment_status":"closed","ping_status":"closed","sticky":false,"template":"","format":"standard","meta":{"saved_in_kubio":false,"footnotes":""},"categories":[24],"tags":[1297,1298,1299,63,1300],"class_list":["post-8423","post","type-post","status-publish","format-standard","has-post-thumbnail","hentry","category-news","tag-bau-und-bodenschuttdeponie","tag-berufsfeuerwehr-goettingen","tag-brand","tag-goettingen","tag-weende"],"yoast_head":"<!-- This site is optimized with the Yoast SEO plugin v27.5 - https:\/\/yoast.com\/product\/yoast-seo-wordpress\/ -->\n<title>G\u00f6ttingen: Brand in einem Entsorgungsbetrieb l\u00f6ste gr\u00f6\u00dferen Feuerwehreinsatz aus - Radio Leinewelle<\/title>\n<meta name=\"robots\" content=\"index, follow, max-snippet:-1, max-image-preview:large, max-video-preview:-1\" \/>\n<link rel=\"canonical\" href=\"https:\/\/radioleinewelle.de\/index.php\/2021\/06\/05\/goettingen-brand-in-einem-entsorgungsbetrieb-loeste-groesseren-feuerwehreinsatz-aus\/\" \/>\n<meta property=\"og:locale\" content=\"de_DE\" \/>\n<meta property=\"og:type\" content=\"article\" \/>\n<meta property=\"og:title\" content=\"G\u00f6ttingen: Brand in einem Entsorgungsbetrieb l\u00f6ste gr\u00f6\u00dferen Feuerwehreinsatz aus - Radio Leinewelle\" \/>\n<meta property=\"og:description\" content=\"G\u00f6ttingen (mw), OT Weende, Bau- und Bodenschuttdeponie K\u00f6nigsb\u00fchl, Freitag, 04.05.2021 gg. 18.31 Uhr: Aus ungekl\u00e4rter Ursache geriet ein gro\u00dfer Sperrm\u00fcllhaufen (div. Holz, Matratzen usw.) auf dem Entsorgungsbetrieb in Brand. Dadurch hingen schwarze Rauchwolken \u00fcber G\u00f6ttingen. Die Berufsfeuerwehr G\u00f6ttingen und die Freiwilligen Feuerwehren der Ortsteile Geismar und Weende waren mit einem Gro\u00dfaufgebot im Einsatz. Weiterhin war [&hellip;]\" \/>\n<meta property=\"og:url\" content=\"https:\/\/radioleinewelle.de\/index.php\/2021\/06\/05\/goettingen-brand-in-einem-entsorgungsbetrieb-loeste-groesseren-feuerwehreinsatz-aus\/\" \/>\n<meta property=\"og:site_name\" content=\"Radio Leinewelle\" \/>\n<meta property=\"article:publisher\" content=\"https:\/\/www.facebook.com\/radioleinewelle\" \/>\n<meta property=\"article:author\" content=\"https:\/\/www.facebook.com\/radioleinewelle\" \/>\n<meta property=\"article:published_time\" content=\"2021-06-05T16:12:49+00:00\" \/>\n<meta property=\"og:image\" content=\"https:\/\/radioleinewelle.de\/wp-content\/uploads\/2021\/02\/first-aid-1212411_640.jpg\" \/>\n\t<meta property=\"og:image:width\" content=\"640\" \/>\n\t<meta property=\"og:image:height\" content=\"480\" \/>\n\t<meta property=\"og:image:type\" content=\"image\/jpeg\" \/>\n<meta name=\"author\" content=\"Leinewelle\" \/>\n<meta name=\"twitter:card\" content=\"summary_large_image\" \/>\n<meta name=\"twitter:creator\" content=\"@https:\/\/twitter.com\/RLeinewelle?ref_src=twsrcgoogletwcampserptwgrauthor\" \/>\n<meta name=\"twitter:site\" content=\"@RLeinewelle\" \/>\n<meta name=\"twitter:label1\" content=\"Verfasst von\" \/>\n\t<meta name=\"twitter:data1\" content=\"Leinewelle\" \/>\n\t<meta name=\"twitter:label2\" content=\"Gesch\u00e4tzte Lesezeit\" \/>\n\t<meta name=\"twitter:data2\" content=\"1\u00a0Minute\" \/>\n<script type=\"application\/ld+json\" class=\"yoast-schema-graph\">{\"@context\":\"https:\\\/\\\/schema.org\",\"@graph\":[{\"@type\":\"Article\",\"@id\":\"https:\\\/\\\/radioleinewelle.de\\\/index.php\\\/2021\\\/06\\\/05\\\/goettingen-brand-in-einem-entsorgungsbetrieb-loeste-groesseren-feuerwehreinsatz-aus\\\/#article\",\"isPartOf\":{\"@id\":\"https:\\\/\\\/radioleinewelle.de\\\/index.php\\\/2021\\\/06\\\/05\\\/goettingen-brand-in-einem-entsorgungsbetrieb-loeste-groesseren-feuerwehreinsatz-aus\\\/\"},\"author\":{\"name\":\"Leinewelle\",\"@id\":\"https:\\\/\\\/radioleinewelle.de\\\/#\\\/schema\\\/person\\\/45606f348637df637192dc1b68399a63\"},\"headline\":\"G\u00f6ttingen: Brand in einem Entsorgungsbetrieb l\u00f6ste gr\u00f6\u00dferen Feuerwehreinsatz aus\",\"datePublished\":\"2021-06-05T16:12:49+00:00\",\"mainEntityOfPage\":{\"@id\":\"https:\\\/\\\/radioleinewelle.de\\\/index.php\\\/2021\\\/06\\\/05\\\/goettingen-brand-in-einem-entsorgungsbetrieb-loeste-groesseren-feuerwehreinsatz-aus\\\/\"},\"wordCount\":108,\"publisher\":{\"@id\":\"https:\\\/\\\/radioleinewelle.de\\\/#organization\"},\"image\":{\"@id\":\"https:\\\/\\\/radioleinewelle.de\\\/index.php\\\/2021\\\/06\\\/05\\\/goettingen-brand-in-einem-entsorgungsbetrieb-loeste-groesseren-feuerwehreinsatz-aus\\\/#primaryimage\"},\"thumbnailUrl\":\"https:\\\/\\\/radioleinewelle.de\\\/wp-content\\\/uploads\\\/2021\\\/02\\\/first-aid-1212411_640.jpg\",\"keywords\":[\"Bau- und Bodenschuttdeponie\",\"Berufsfeuerwehr G\u00f6ttingen\",\"Brand\",\"G\u00f6ttingen\",\"Weende\"],\"articleSection\":[\"Aktuelle Nachrichten\"],\"inLanguage\":\"de\"},{\"@type\":\"WebPage\",\"@id\":\"https:\\\/\\\/radioleinewelle.de\\\/index.php\\\/2021\\\/06\\\/05\\\/goettingen-brand-in-einem-entsorgungsbetrieb-loeste-groesseren-feuerwehreinsatz-aus\\\/\",\"url\":\"https:\\\/\\\/radioleinewelle.de\\\/index.php\\\/2021\\\/06\\\/05\\\/goettingen-brand-in-einem-entsorgungsbetrieb-loeste-groesseren-feuerwehreinsatz-aus\\\/\",\"name\":\"G\u00f6ttingen: Brand in einem Entsorgungsbetrieb l\u00f6ste gr\u00f6\u00dferen Feuerwehreinsatz aus - Radio Leinewelle\",\"isPartOf\":{\"@id\":\"https:\\\/\\\/radioleinewelle.de\\\/#website\"},\"primaryImageOfPage\":{\"@id\":\"https:\\\/\\\/radioleinewelle.de\\\/index.php\\\/2021\\\/06\\\/05\\\/goettingen-brand-in-einem-entsorgungsbetrieb-loeste-groesseren-feuerwehreinsatz-aus\\\/#primaryimage\"},\"image\":{\"@id\":\"https:\\\/\\\/radioleinewelle.de\\\/index.php\\\/2021\\\/06\\\/05\\\/goettingen-brand-in-einem-entsorgungsbetrieb-loeste-groesseren-feuerwehreinsatz-aus\\\/#primaryimage\"},\"thumbnailUrl\":\"https:\\\/\\\/radioleinewelle.de\\\/wp-content\\\/uploads\\\/2021\\\/02\\\/first-aid-1212411_640.jpg\",\"datePublished\":\"2021-06-05T16:12:49+00:00\",\"breadcrumb\":{\"@id\":\"https:\\\/\\\/radioleinewelle.de\\\/index.php\\\/2021\\\/06\\\/05\\\/goettingen-brand-in-einem-entsorgungsbetrieb-loeste-groesseren-feuerwehreinsatz-aus\\\/#breadcrumb\"},\"inLanguage\":\"de\",\"potentialAction\":[{\"@type\":\"ReadAction\",\"target\":[\"https:\\\/\\\/radioleinewelle.de\\\/index.php\\\/2021\\\/06\\\/05\\\/goettingen-brand-in-einem-entsorgungsbetrieb-loeste-groesseren-feuerwehreinsatz-aus\\\/\"]}]},{\"@type\":\"ImageObject\",\"inLanguage\":\"de\",\"@id\":\"https:\\\/\\\/radioleinewelle.de\\\/index.php\\\/2021\\\/06\\\/05\\\/goettingen-brand-in-einem-entsorgungsbetrieb-loeste-groesseren-feuerwehreinsatz-aus\\\/#primaryimage\",\"url\":\"https:\\\/\\\/radioleinewelle.de\\\/wp-content\\\/uploads\\\/2021\\\/02\\\/first-aid-1212411_640.jpg\",\"contentUrl\":\"https:\\\/\\\/radioleinewelle.de\\\/wp-content\\\/uploads\\\/2021\\\/02\\\/first-aid-1212411_640.jpg\",\"width\":640,\"height\":480},{\"@type\":\"BreadcrumbList\",\"@id\":\"https:\\\/\\\/radioleinewelle.de\\\/index.php\\\/2021\\\/06\\\/05\\\/goettingen-brand-in-einem-entsorgungsbetrieb-loeste-groesseren-feuerwehreinsatz-aus\\\/#breadcrumb\",\"itemListElement\":[{\"@type\":\"ListItem\",\"position\":1,\"name\":\"Startseite\",\"item\":\"https:\\\/\\\/radioleinewelle.de\\\/\"},{\"@type\":\"ListItem\",\"position\":2,\"name\":\"G\u00f6ttingen: Brand in einem Entsorgungsbetrieb l\u00f6ste gr\u00f6\u00dferen Feuerwehreinsatz aus\"}]},{\"@type\":\"WebSite\",\"@id\":\"https:\\\/\\\/radioleinewelle.de\\\/#website\",\"url\":\"https:\\\/\\\/radioleinewelle.de\\\/\",\"name\":\"Radio Leinewelle\",\"description\":\"\",\"publisher\":{\"@id\":\"https:\\\/\\\/radioleinewelle.de\\\/#organization\"},\"potentialAction\":[{\"@type\":\"SearchAction\",\"target\":{\"@type\":\"EntryPoint\",\"urlTemplate\":\"https:\\\/\\\/radioleinewelle.de\\\/?s={search_term_string}\"},\"query-input\":{\"@type\":\"PropertyValueSpecification\",\"valueRequired\":true,\"valueName\":\"search_term_string\"}}],\"inLanguage\":\"de\"},{\"@type\":\"Organization\",\"@id\":\"https:\\\/\\\/radioleinewelle.de\\\/#organization\",\"name\":\"Radio Leinewelle\",\"alternateName\":\"Mein Radio f\u00fcr S\u00fcdniedersachsen\",\"url\":\"https:\\\/\\\/radioleinewelle.de\\\/\",\"logo\":{\"@type\":\"ImageObject\",\"inLanguage\":\"de\",\"@id\":\"https:\\\/\\\/radioleinewelle.de\\\/#\\\/schema\\\/logo\\\/image\\\/\",\"url\":\"https:\\\/\\\/radioleinewelle.de\\\/wp-content\\\/uploads\\\/2023\\\/11\\\/cropped-Leinewelle_Logo_weiss.png\",\"contentUrl\":\"https:\\\/\\\/radioleinewelle.de\\\/wp-content\\\/uploads\\\/2023\\\/11\\\/cropped-Leinewelle_Logo_weiss.png\",\"width\":854,\"height\":260,\"caption\":\"Radio Leinewelle\"},\"image\":{\"@id\":\"https:\\\/\\\/radioleinewelle.de\\\/#\\\/schema\\\/logo\\\/image\\\/\"},\"sameAs\":[\"https:\\\/\\\/www.facebook.com\\\/radioleinewelle\",\"https:\\\/\\\/x.com\\\/RLeinewelle\",\"https:\\\/\\\/www.instagram.com\\\/radioleinewelle\\\/?hl=de\"]},{\"@type\":\"Person\",\"@id\":\"https:\\\/\\\/radioleinewelle.de\\\/#\\\/schema\\\/person\\\/45606f348637df637192dc1b68399a63\",\"name\":\"Leinewelle\",\"image\":{\"@type\":\"ImageObject\",\"inLanguage\":\"de\",\"@id\":\"https:\\\/\\\/secure.gravatar.com\\\/avatar\\\/05c9a17bc973052ee5d91549bd32fb4dd0dc85b7b85ae94b2e2b4943476bbea5?s=96&d=blank&r=g\",\"url\":\"https:\\\/\\\/secure.gravatar.com\\\/avatar\\\/05c9a17bc973052ee5d91549bd32fb4dd0dc85b7b85ae94b2e2b4943476bbea5?s=96&d=blank&r=g\",\"contentUrl\":\"https:\\\/\\\/secure.gravatar.com\\\/avatar\\\/05c9a17bc973052ee5d91549bd32fb4dd0dc85b7b85ae94b2e2b4943476bbea5?s=96&d=blank&r=g\",\"caption\":\"Leinewelle\"},\"sameAs\":[\"http:\\\/\\\/localhost\\\/radio%20leinewelle\\\/wordpress\",\"https:\\\/\\\/www.facebook.com\\\/radioleinewelle\",\"https:\\\/\\\/www.instagram.com\\\/radioleinewelle\",\"https:\\\/\\\/x.com\\\/https:\\\/\\\/twitter.com\\\/RLeinewelle?ref_src=twsrcgoogletwcampserptwgrauthor\",\"https:\\\/\\\/soundcloud.com\\\/foerderverein-lokalradio?utm_source=clipboard&utm_medium=text&utm_campaign=social_sharing\"],\"url\":\"https:\\\/\\\/radioleinewelle.de\\\/index.php\\\/author\\\/leinewelle\\\/\"}]}<\/script>\n<!-- \/ Yoast SEO plugin. -->","yoast_head_json":{"title":"G\u00f6ttingen: Brand in einem Entsorgungsbetrieb l\u00f6ste gr\u00f6\u00dferen Feuerwehreinsatz aus - Radio Leinewelle","robots":{"index":"index","follow":"follow","max-snippet":"max-snippet:-1","max-image-preview":"max-image-preview:large","max-video-preview":"max-video-preview:-1"},"canonical":"https:\/\/radioleinewelle.de\/index.php\/2021\/06\/05\/goettingen-brand-in-einem-entsorgungsbetrieb-loeste-groesseren-feuerwehreinsatz-aus\/","og_locale":"de_DE","og_type":"article","og_title":"G\u00f6ttingen: Brand in einem Entsorgungsbetrieb l\u00f6ste gr\u00f6\u00dferen Feuerwehreinsatz aus - Radio Leinewelle","og_description":"G\u00f6ttingen (mw), OT Weende, Bau- und Bodenschuttdeponie K\u00f6nigsb\u00fchl, Freitag, 04.05.2021 gg. 18.31 Uhr: Aus ungekl\u00e4rter Ursache geriet ein gro\u00dfer Sperrm\u00fcllhaufen (div. Holz, Matratzen usw.) auf dem Entsorgungsbetrieb in Brand. Dadurch hingen schwarze Rauchwolken \u00fcber G\u00f6ttingen. Die Berufsfeuerwehr G\u00f6ttingen und die Freiwilligen Feuerwehren der Ortsteile Geismar und Weende waren mit einem Gro\u00dfaufgebot im Einsatz. Weiterhin war [&hellip;]","og_url":"https:\/\/radioleinewelle.de\/index.php\/2021\/06\/05\/goettingen-brand-in-einem-entsorgungsbetrieb-loeste-groesseren-feuerwehreinsatz-aus\/","og_site_name":"Radio Leinewelle","article_publisher":"https:\/\/www.facebook.com\/radioleinewelle","article_author":"https:\/\/www.facebook.com\/radioleinewelle","article_published_time":"2021-06-05T16:12:49+00:00","og_image":[{"width":640,"height":480,"url":"https:\/\/radioleinewelle.de\/wp-content\/uploads\/2021\/02\/first-aid-1212411_640.jpg","type":"image\/jpeg"}],"author":"Leinewelle","twitter_card":"summary_large_image","twitter_creator":"@https:\/\/twitter.com\/RLeinewelle?ref_src=twsrcgoogletwcampserptwgrauthor","twitter_site":"@RLeinewelle","twitter_misc":{"Verfasst von":"Leinewelle","Gesch\u00e4tzte Lesezeit":"1\u00a0Minute"},"schema":{"@context":"https:\/\/schema.org","@graph":[{"@type":"Article","@id":"https:\/\/radioleinewelle.de\/index.php\/2021\/06\/05\/goettingen-brand-in-einem-entsorgungsbetrieb-loeste-groesseren-feuerwehreinsatz-aus\/#article","isPartOf":{"@id":"https:\/\/radioleinewelle.de\/index.php\/2021\/06\/05\/goettingen-brand-in-einem-entsorgungsbetrieb-loeste-groesseren-feuerwehreinsatz-aus\/"},"author":{"name":"Leinewelle","@id":"https:\/\/radioleinewelle.de\/#\/schema\/person\/45606f348637df637192dc1b68399a63"},"headline":"G\u00f6ttingen: Brand in einem Entsorgungsbetrieb l\u00f6ste gr\u00f6\u00dferen Feuerwehreinsatz aus","datePublished":"2021-06-05T16:12:49+00:00","mainEntityOfPage":{"@id":"https:\/\/radioleinewelle.de\/index.php\/2021\/06\/05\/goettingen-brand-in-einem-entsorgungsbetrieb-loeste-groesseren-feuerwehreinsatz-aus\/"},"wordCount":108,"publisher":{"@id":"https:\/\/radioleinewelle.de\/#organization"},"image":{"@id":"https:\/\/radioleinewelle.de\/index.php\/2021\/06\/05\/goettingen-brand-in-einem-entsorgungsbetrieb-loeste-groesseren-feuerwehreinsatz-aus\/#primaryimage"},"thumbnailUrl":"https:\/\/radioleinewelle.de\/wp-content\/uploads\/2021\/02\/first-aid-1212411_640.jpg","keywords":["Bau- und Bodenschuttdeponie","Berufsfeuerwehr G\u00f6ttingen","Brand","G\u00f6ttingen","Weende"],"articleSection":["Aktuelle Nachrichten"],"inLanguage":"de"},{"@type":"WebPage","@id":"https:\/\/radioleinewelle.de\/index.php\/2021\/06\/05\/goettingen-brand-in-einem-entsorgungsbetrieb-loeste-groesseren-feuerwehreinsatz-aus\/","url":"https:\/\/radioleinewelle.de\/index.php\/2021\/06\/05\/goettingen-brand-in-einem-entsorgungsbetrieb-loeste-groesseren-feuerwehreinsatz-aus\/","name":"G\u00f6ttingen: Brand in einem Entsorgungsbetrieb l\u00f6ste gr\u00f6\u00dferen Feuerwehreinsatz aus - Radio Leinewelle","isPartOf":{"@id":"https:\/\/radioleinewelle.de\/#website"},"primaryImageOfPage":{"@id":"https:\/\/radioleinewelle.de\/index.php\/2021\/06\/05\/goettingen-brand-in-einem-entsorgungsbetrieb-loeste-groesseren-feuerwehreinsatz-aus\/#primaryimage"},"image":{"@id":"https:\/\/radioleinewelle.de\/index.php\/2021\/06\/05\/goettingen-brand-in-einem-entsorgungsbetrieb-loeste-groesseren-feuerwehreinsatz-aus\/#primaryimage"},"thumbnailUrl":"https:\/\/radioleinewelle.de\/wp-content\/uploads\/2021\/02\/first-aid-1212411_640.jpg","datePublished":"2021-06-05T16:12:49+00:00","breadcrumb":{"@id":"https:\/\/radioleinewelle.de\/index.php\/2021\/06\/05\/goettingen-brand-in-einem-entsorgungsbetrieb-loeste-groesseren-feuerwehreinsatz-aus\/#breadcrumb"},"inLanguage":"de","potentialAction":[{"@type":"ReadAction","target":["https:\/\/radioleinewelle.de\/index.php\/2021\/06\/05\/goettingen-brand-in-einem-entsorgungsbetrieb-loeste-groesseren-feuerwehreinsatz-aus\/"]}]},{"@type":"ImageObject","inLanguage":"de","@id":"https:\/\/radioleinewelle.de\/index.php\/2021\/06\/05\/goettingen-brand-in-einem-entsorgungsbetrieb-loeste-groesseren-feuerwehreinsatz-aus\/#primaryimage","url":"https:\/\/radioleinewelle.de\/wp-content\/uploads\/2021\/02\/first-aid-1212411_640.jpg","contentUrl":"https:\/\/radioleinewelle.de\/wp-content\/uploads\/2021\/02\/first-aid-1212411_640.jpg","width":640,"height":480},{"@type":"BreadcrumbList","@id":"https:\/\/radioleinewelle.de\/index.php\/2021\/06\/05\/goettingen-brand-in-einem-entsorgungsbetrieb-loeste-groesseren-feuerwehreinsatz-aus\/#breadcrumb","itemListElement":[{"@type":"ListItem","position":1,"name":"Startseite","item":"https:\/\/radioleinewelle.de\/"},{"@type":"ListItem","position":2,"name":"G\u00f6ttingen: Brand in einem Entsorgungsbetrieb l\u00f6ste gr\u00f6\u00dferen Feuerwehreinsatz aus"}]},{"@type":"WebSite","@id":"https:\/\/radioleinewelle.de\/#website","url":"https:\/\/radioleinewelle.de\/","name":"Radio Leinewelle","description":"","publisher":{"@id":"https:\/\/radioleinewelle.de\/#organization"},"potentialAction":[{"@type":"SearchAction","target":{"@type":"EntryPoint","urlTemplate":"https:\/\/radioleinewelle.de\/?s={search_term_string}"},"query-input":{"@type":"PropertyValueSpecification","valueRequired":true,"valueName":"search_term_string"}}],"inLanguage":"de"},{"@type":"Organization","@id":"https:\/\/radioleinewelle.de\/#organization","name":"Radio Leinewelle","alternateName":"Mein Radio f\u00fcr S\u00fcdniedersachsen","url":"https:\/\/radioleinewelle.de\/","logo":{"@type":"ImageObject","inLanguage":"de","@id":"https:\/\/radioleinewelle.de\/#\/schema\/logo\/image\/","url":"https:\/\/radioleinewelle.de\/wp-content\/uploads\/2023\/11\/cropped-Leinewelle_Logo_weiss.png","contentUrl":"https:\/\/radioleinewelle.de\/wp-content\/uploads\/2023\/11\/cropped-Leinewelle_Logo_weiss.png","width":854,"height":260,"caption":"Radio Leinewelle"},"image":{"@id":"https:\/\/radioleinewelle.de\/#\/schema\/logo\/image\/"},"sameAs":["https:\/\/www.facebook.com\/radioleinewelle","https:\/\/x.com\/RLeinewelle","https:\/\/www.instagram.com\/radioleinewelle\/?hl=de"]},{"@type":"Person","@id":"https:\/\/radioleinewelle.de\/#\/schema\/person\/45606f348637df637192dc1b68399a63","name":"Leinewelle","image":{"@type":"ImageObject","inLanguage":"de","@id":"https:\/\/secure.gravatar.com\/avatar\/05c9a17bc973052ee5d91549bd32fb4dd0dc85b7b85ae94b2e2b4943476bbea5?s=96&d=blank&r=g","url":"https:\/\/secure.gravatar.com\/avatar\/05c9a17bc973052ee5d91549bd32fb4dd0dc85b7b85ae94b2e2b4943476bbea5?s=96&d=blank&r=g","contentUrl":"https:\/\/secure.gravatar.com\/avatar\/05c9a17bc973052ee5d91549bd32fb4dd0dc85b7b85ae94b2e2b4943476bbea5?s=96&d=blank&r=g","caption":"Leinewelle"},"sameAs":["http:\/\/localhost\/radio%20leinewelle\/wordpress","https:\/\/www.facebook.com\/radioleinewelle","https:\/\/www.instagram.com\/radioleinewelle","https:\/\/x.com\/https:\/\/twitter.com\/RLeinewelle?ref_src=twsrcgoogletwcampserptwgrauthor","https:\/\/soundcloud.com\/foerderverein-lokalradio?utm_source=clipboard&utm_medium=text&utm_campaign=social_sharing"],"url":"https:\/\/radioleinewelle.de\/index.php\/author\/leinewelle\/"}]}},"_links":{"self":[{"href":"https:\/\/radioleinewelle.de\/index.php\/wp-json\/wp\/v2\/posts\/8423","targetHints":{"allow":["GET"]}}],"collection":[{"href":"https:\/\/radioleinewelle.de\/index.php\/wp-json\/wp\/v2\/posts"}],"about":[{"href":"https:\/\/radioleinewelle.de\/index.php\/wp-json\/wp\/v2\/types\/post"}],"author":[{"embeddable":true,"href":"https:\/\/radioleinewelle.de\/index.php\/wp-json\/wp\/v2\/users\/1"}],"replies":[{"embeddable":true,"href":"https:\/\/radioleinewelle.de\/index.php\/wp-json\/wp\/v2\/comments?post=8423"}],"version-history":[{"count":0,"href":"https:\/\/radioleinewelle.de\/index.php\/wp-json\/wp\/v2\/posts\/8423\/revisions"}],"wp:featuredmedia":[{"embeddable":true,"href":"https:\/\/radioleinewelle.de\/index.php\/wp-json\/wp\/v2\/media\/5111"}],"wp:attachment":[{"href":"https:\/\/radioleinewelle.de\/index.php\/wp-json\/wp\/v2\/media?parent=8423"}],"wp:term":[{"taxonomy":"category","embeddable":true,"href":"https:\/\/radioleinewelle.de\/index.php\/wp-json\/wp\/v2\/categories?post=8423"},{"taxonomy":"post_tag","embeddable":true,"href":"https:\/\/radioleinewelle.de\/index.php\/wp-json\/wp\/v2\/tags?post=8423"}],"curies":[{"name":"wp","href":"https:\/\/api.w.org\/{rel}","templated":true}]}}