{"id":8477,"date":"2021-06-08T05:06:00","date_gmt":"2021-06-08T03:06:00","guid":{"rendered":"https:\/\/radioleinewelle.de\/?p=8477"},"modified":"2021-06-08T05:06:00","modified_gmt":"2021-06-08T03:06:00","slug":"der-raeuber-hotzenplotz-und-die-mondrakete-zum-ersten-mal-auf-der-hofbuehne-des-jungen-theaters","status":"publish","type":"post","link":"https:\/\/radioleinewelle.de\/index.php\/2021\/06\/08\/der-raeuber-hotzenplotz-und-die-mondrakete-zum-ersten-mal-auf-der-hofbuehne-des-jungen-theaters\/","title":{"rendered":"Der R\u00e4uber Hotzenplotz und die Mondrakete \u2013 Zum ersten Mal auf der Hofb\u00fchne des Jungen Theaters"},"content":{"rendered":"\n<p>Zum ersten Mal unter freien Himmel! Das Familienst\u00fcck&nbsp;<strong>Der R\u00e4uber Hotzenplotz und die Mondrakete&nbsp;<\/strong>nach Otfried Preu\u00dfler wird erstmals auf der Hofb\u00fchne des Jungen Theaters aufgef\u00fchrt. Auch ein neues Gesicht wird zum ersten Mal in der Inszenierung von Nico Dietrich und Christian Vilmar zu sehen sein: Der in G\u00f6ttingen ans\u00e4ssige Schauspieler Florian Donath \u00fcbernimmt die Rolle des Kasperls.<\/p>\n\n\n\n<p>\u201eWir freuen uns total, dass das St\u00fcck endlich wieder aufgef\u00fchrt werden kann. Wir wollten schon lange ein St\u00fcck f\u00fcr Familien auf dem Hof anbieten. Nach dem harten letzten Jahr und den schweren Start in das neue Jahr ist es etwas besonders, endlich was f\u00fcr Kinder wieder anzubieten zu k\u00f6nnen\u201c so Intendant Nico Dietrich.<\/p>\n\n\n\n<p><strong>Familienst\u00fcck ab 4 Jahren frei nach Otfried Preu\u00dfler<\/strong><\/p>\n\n\n\n<p>Hotzenplotz, der gef\u00e4hrlichste R\u00e4uber des ganzen Landes, ist erneut aus dem Gef\u00e4ngnis ausgebrochen. Kasperl und Seppel sind fest entschlossen, ihn wieder einzufangen. Am liebsten w\u00fcrden Sie ihn ein f\u00fcr alle Mal auf den Mond schie\u00dfen. Kasperl und Seppel haben einen geheimen Plan und sie fangen an eine Rakete zu basteln. Eine aus Pappe, Kleister und jeder Menge Klebeband. Eine Mondrakete! Jetzt muss R\u00e4uber Hotzenplotz nur noch einsteigen, losfliegen und in die Falle tappen. Ein Kinderspiel, oder nicht? Ein Abenteuer f\u00fcr Kinder und Erwachsene.<\/p>\n\n\n\n<p><strong>Inszenierung&nbsp;<\/strong>Nico Dietrich\/Christian Vilmar&nbsp;<strong>Musik und Komposition&nbsp;<\/strong>Fred Kerkmann&nbsp;<strong>Ausstattung&nbsp;<\/strong>Hannah Landes&nbsp;<strong>Mit&nbsp;<\/strong>Florian Donath, Norman Gr\u00fc\u00df, G\u00f6tz Lautenbach<\/p>\n\n\n\n<p><strong>Vorstellungen&nbsp;<\/strong>Samstag, 19. Juni und Sonntag, 18. Juli (jeweils um 15 Uhr)<\/p>\n","protected":false},"excerpt":{"rendered":"<p>Zum ersten Mal unter freien Himmel! Das Familienst\u00fcck&nbsp;Der R\u00e4uber Hotzenplotz und die Mondrakete&nbsp;nach Otfried Preu\u00dfler wird erstmals auf der Hofb\u00fchne des Jungen Theaters aufgef\u00fchrt. Auch ein neues Gesicht wird zum ersten Mal in der Inszenierung von Nico Dietrich und Christian Vilmar zu sehen sein: Der in G\u00f6ttingen ans\u00e4ssige Schauspieler Florian Donath \u00fcbernimmt die Rolle des [&hellip;]<\/p>\n","protected":false},"author":1,"featured_media":0,"comment_status":"closed","ping_status":"closed","sticky":false,"template":"","format":"standard","meta":{"saved_in_kubio":false,"footnotes":""},"categories":[45],"tags":[1333,653,1334,1335],"class_list":["post-8477","post","type-post","status-publish","format-standard","hentry","category-kultur","tag-christian-vilmar","tag-junges-theater","tag-nico-dietrich","tag-raeuber-hotzenplotz"],"yoast_head":"<!-- This site is optimized with the Yoast SEO plugin v27.5 - https:\/\/yoast.com\/product\/yoast-seo-wordpress\/ -->\n<title>Der R\u00e4uber Hotzenplotz und die Mondrakete \u2013 Zum ersten Mal auf der Hofb\u00fchne des Jungen Theaters - Radio Leinewelle<\/title>\n<meta name=\"robots\" content=\"index, follow, max-snippet:-1, max-image-preview:large, max-video-preview:-1\" \/>\n<link rel=\"canonical\" href=\"https:\/\/radioleinewelle.de\/index.php\/2021\/06\/08\/der-raeuber-hotzenplotz-und-die-mondrakete-zum-ersten-mal-auf-der-hofbuehne-des-jungen-theaters\/\" \/>\n<meta property=\"og:locale\" content=\"de_DE\" \/>\n<meta property=\"og:type\" content=\"article\" \/>\n<meta property=\"og:title\" content=\"Der R\u00e4uber Hotzenplotz und die Mondrakete \u2013 Zum ersten Mal auf der Hofb\u00fchne des Jungen Theaters - Radio Leinewelle\" \/>\n<meta property=\"og:description\" content=\"Zum ersten Mal unter freien Himmel! Das Familienst\u00fcck&nbsp;Der R\u00e4uber Hotzenplotz und die Mondrakete&nbsp;nach Otfried Preu\u00dfler wird erstmals auf der Hofb\u00fchne des Jungen Theaters aufgef\u00fchrt. Auch ein neues Gesicht wird zum ersten Mal in der Inszenierung von Nico Dietrich und Christian Vilmar zu sehen sein: Der in G\u00f6ttingen ans\u00e4ssige Schauspieler Florian Donath \u00fcbernimmt die Rolle des [&hellip;]\" \/>\n<meta property=\"og:url\" content=\"https:\/\/radioleinewelle.de\/index.php\/2021\/06\/08\/der-raeuber-hotzenplotz-und-die-mondrakete-zum-ersten-mal-auf-der-hofbuehne-des-jungen-theaters\/\" \/>\n<meta property=\"og:site_name\" content=\"Radio Leinewelle\" \/>\n<meta property=\"article:publisher\" content=\"https:\/\/www.facebook.com\/radioleinewelle\" \/>\n<meta property=\"article:author\" content=\"https:\/\/www.facebook.com\/radioleinewelle\" \/>\n<meta property=\"article:published_time\" content=\"2021-06-08T03:06:00+00:00\" \/>\n<meta name=\"author\" content=\"Leinewelle\" \/>\n<meta name=\"twitter:card\" content=\"summary_large_image\" \/>\n<meta name=\"twitter:creator\" content=\"@https:\/\/twitter.com\/RLeinewelle?ref_src=twsrcgoogletwcampserptwgrauthor\" \/>\n<meta name=\"twitter:site\" content=\"@RLeinewelle\" \/>\n<meta name=\"twitter:label1\" content=\"Verfasst von\" \/>\n\t<meta name=\"twitter:data1\" content=\"Leinewelle\" \/>\n\t<meta name=\"twitter:label2\" content=\"Gesch\u00e4tzte Lesezeit\" \/>\n\t<meta name=\"twitter:data2\" content=\"2\u00a0Minuten\" \/>\n<script type=\"application\/ld+json\" class=\"yoast-schema-graph\">{\"@context\":\"https:\\\/\\\/schema.org\",\"@graph\":[{\"@type\":\"Article\",\"@id\":\"https:\\\/\\\/radioleinewelle.de\\\/index.php\\\/2021\\\/06\\\/08\\\/der-raeuber-hotzenplotz-und-die-mondrakete-zum-ersten-mal-auf-der-hofbuehne-des-jungen-theaters\\\/#article\",\"isPartOf\":{\"@id\":\"https:\\\/\\\/radioleinewelle.de\\\/index.php\\\/2021\\\/06\\\/08\\\/der-raeuber-hotzenplotz-und-die-mondrakete-zum-ersten-mal-auf-der-hofbuehne-des-jungen-theaters\\\/\"},\"author\":{\"name\":\"Leinewelle\",\"@id\":\"https:\\\/\\\/radioleinewelle.de\\\/#\\\/schema\\\/person\\\/45606f348637df637192dc1b68399a63\"},\"headline\":\"Der R\u00e4uber Hotzenplotz und die Mondrakete \u2013 Zum ersten Mal auf der Hofb\u00fchne des Jungen Theaters\",\"datePublished\":\"2021-06-08T03:06:00+00:00\",\"mainEntityOfPage\":{\"@id\":\"https:\\\/\\\/radioleinewelle.de\\\/index.php\\\/2021\\\/06\\\/08\\\/der-raeuber-hotzenplotz-und-die-mondrakete-zum-ersten-mal-auf-der-hofbuehne-des-jungen-theaters\\\/\"},\"wordCount\":281,\"publisher\":{\"@id\":\"https:\\\/\\\/radioleinewelle.de\\\/#organization\"},\"keywords\":[\"Christian Vilmar\",\"Junges theater\",\"Nico Dietrich\",\"R\u00e4uber Hotzenplotz\"],\"articleSection\":[\"Kultur\"],\"inLanguage\":\"de\"},{\"@type\":\"WebPage\",\"@id\":\"https:\\\/\\\/radioleinewelle.de\\\/index.php\\\/2021\\\/06\\\/08\\\/der-raeuber-hotzenplotz-und-die-mondrakete-zum-ersten-mal-auf-der-hofbuehne-des-jungen-theaters\\\/\",\"url\":\"https:\\\/\\\/radioleinewelle.de\\\/index.php\\\/2021\\\/06\\\/08\\\/der-raeuber-hotzenplotz-und-die-mondrakete-zum-ersten-mal-auf-der-hofbuehne-des-jungen-theaters\\\/\",\"name\":\"Der R\u00e4uber Hotzenplotz und die Mondrakete \u2013 Zum ersten Mal auf der Hofb\u00fchne des Jungen Theaters - Radio Leinewelle\",\"isPartOf\":{\"@id\":\"https:\\\/\\\/radioleinewelle.de\\\/#website\"},\"datePublished\":\"2021-06-08T03:06:00+00:00\",\"breadcrumb\":{\"@id\":\"https:\\\/\\\/radioleinewelle.de\\\/index.php\\\/2021\\\/06\\\/08\\\/der-raeuber-hotzenplotz-und-die-mondrakete-zum-ersten-mal-auf-der-hofbuehne-des-jungen-theaters\\\/#breadcrumb\"},\"inLanguage\":\"de\",\"potentialAction\":[{\"@type\":\"ReadAction\",\"target\":[\"https:\\\/\\\/radioleinewelle.de\\\/index.php\\\/2021\\\/06\\\/08\\\/der-raeuber-hotzenplotz-und-die-mondrakete-zum-ersten-mal-auf-der-hofbuehne-des-jungen-theaters\\\/\"]}]},{\"@type\":\"BreadcrumbList\",\"@id\":\"https:\\\/\\\/radioleinewelle.de\\\/index.php\\\/2021\\\/06\\\/08\\\/der-raeuber-hotzenplotz-und-die-mondrakete-zum-ersten-mal-auf-der-hofbuehne-des-jungen-theaters\\\/#breadcrumb\",\"itemListElement\":[{\"@type\":\"ListItem\",\"position\":1,\"name\":\"Startseite\",\"item\":\"https:\\\/\\\/radioleinewelle.de\\\/\"},{\"@type\":\"ListItem\",\"position\":2,\"name\":\"Der R\u00e4uber Hotzenplotz und die Mondrakete \u2013 Zum ersten Mal auf der Hofb\u00fchne des Jungen Theaters\"}]},{\"@type\":\"WebSite\",\"@id\":\"https:\\\/\\\/radioleinewelle.de\\\/#website\",\"url\":\"https:\\\/\\\/radioleinewelle.de\\\/\",\"name\":\"Radio Leinewelle\",\"description\":\"\",\"publisher\":{\"@id\":\"https:\\\/\\\/radioleinewelle.de\\\/#organization\"},\"potentialAction\":[{\"@type\":\"SearchAction\",\"target\":{\"@type\":\"EntryPoint\",\"urlTemplate\":\"https:\\\/\\\/radioleinewelle.de\\\/?s={search_term_string}\"},\"query-input\":{\"@type\":\"PropertyValueSpecification\",\"valueRequired\":true,\"valueName\":\"search_term_string\"}}],\"inLanguage\":\"de\"},{\"@type\":\"Organization\",\"@id\":\"https:\\\/\\\/radioleinewelle.de\\\/#organization\",\"name\":\"Radio Leinewelle\",\"alternateName\":\"Mein Radio f\u00fcr S\u00fcdniedersachsen\",\"url\":\"https:\\\/\\\/radioleinewelle.de\\\/\",\"logo\":{\"@type\":\"ImageObject\",\"inLanguage\":\"de\",\"@id\":\"https:\\\/\\\/radioleinewelle.de\\\/#\\\/schema\\\/logo\\\/image\\\/\",\"url\":\"https:\\\/\\\/radioleinewelle.de\\\/wp-content\\\/uploads\\\/2023\\\/11\\\/cropped-Leinewelle_Logo_weiss.png\",\"contentUrl\":\"https:\\\/\\\/radioleinewelle.de\\\/wp-content\\\/uploads\\\/2023\\\/11\\\/cropped-Leinewelle_Logo_weiss.png\",\"width\":854,\"height\":260,\"caption\":\"Radio Leinewelle\"},\"image\":{\"@id\":\"https:\\\/\\\/radioleinewelle.de\\\/#\\\/schema\\\/logo\\\/image\\\/\"},\"sameAs\":[\"https:\\\/\\\/www.facebook.com\\\/radioleinewelle\",\"https:\\\/\\\/x.com\\\/RLeinewelle\",\"https:\\\/\\\/www.instagram.com\\\/radioleinewelle\\\/?hl=de\"]},{\"@type\":\"Person\",\"@id\":\"https:\\\/\\\/radioleinewelle.de\\\/#\\\/schema\\\/person\\\/45606f348637df637192dc1b68399a63\",\"name\":\"Leinewelle\",\"image\":{\"@type\":\"ImageObject\",\"inLanguage\":\"de\",\"@id\":\"https:\\\/\\\/secure.gravatar.com\\\/avatar\\\/05c9a17bc973052ee5d91549bd32fb4dd0dc85b7b85ae94b2e2b4943476bbea5?s=96&d=blank&r=g\",\"url\":\"https:\\\/\\\/secure.gravatar.com\\\/avatar\\\/05c9a17bc973052ee5d91549bd32fb4dd0dc85b7b85ae94b2e2b4943476bbea5?s=96&d=blank&r=g\",\"contentUrl\":\"https:\\\/\\\/secure.gravatar.com\\\/avatar\\\/05c9a17bc973052ee5d91549bd32fb4dd0dc85b7b85ae94b2e2b4943476bbea5?s=96&d=blank&r=g\",\"caption\":\"Leinewelle\"},\"sameAs\":[\"http:\\\/\\\/localhost\\\/radio%20leinewelle\\\/wordpress\",\"https:\\\/\\\/www.facebook.com\\\/radioleinewelle\",\"https:\\\/\\\/www.instagram.com\\\/radioleinewelle\",\"https:\\\/\\\/x.com\\\/https:\\\/\\\/twitter.com\\\/RLeinewelle?ref_src=twsrcgoogletwcampserptwgrauthor\",\"https:\\\/\\\/soundcloud.com\\\/foerderverein-lokalradio?utm_source=clipboard&utm_medium=text&utm_campaign=social_sharing\"],\"url\":\"https:\\\/\\\/radioleinewelle.de\\\/index.php\\\/author\\\/leinewelle\\\/\"}]}<\/script>\n<!-- \/ Yoast SEO plugin. -->","yoast_head_json":{"title":"Der R\u00e4uber Hotzenplotz und die Mondrakete \u2013 Zum ersten Mal auf der Hofb\u00fchne des Jungen Theaters - Radio Leinewelle","robots":{"index":"index","follow":"follow","max-snippet":"max-snippet:-1","max-image-preview":"max-image-preview:large","max-video-preview":"max-video-preview:-1"},"canonical":"https:\/\/radioleinewelle.de\/index.php\/2021\/06\/08\/der-raeuber-hotzenplotz-und-die-mondrakete-zum-ersten-mal-auf-der-hofbuehne-des-jungen-theaters\/","og_locale":"de_DE","og_type":"article","og_title":"Der R\u00e4uber Hotzenplotz und die Mondrakete \u2013 Zum ersten Mal auf der Hofb\u00fchne des Jungen Theaters - Radio Leinewelle","og_description":"Zum ersten Mal unter freien Himmel! Das Familienst\u00fcck&nbsp;Der R\u00e4uber Hotzenplotz und die Mondrakete&nbsp;nach Otfried Preu\u00dfler wird erstmals auf der Hofb\u00fchne des Jungen Theaters aufgef\u00fchrt. Auch ein neues Gesicht wird zum ersten Mal in der Inszenierung von Nico Dietrich und Christian Vilmar zu sehen sein: Der in G\u00f6ttingen ans\u00e4ssige Schauspieler Florian Donath \u00fcbernimmt die Rolle des [&hellip;]","og_url":"https:\/\/radioleinewelle.de\/index.php\/2021\/06\/08\/der-raeuber-hotzenplotz-und-die-mondrakete-zum-ersten-mal-auf-der-hofbuehne-des-jungen-theaters\/","og_site_name":"Radio Leinewelle","article_publisher":"https:\/\/www.facebook.com\/radioleinewelle","article_author":"https:\/\/www.facebook.com\/radioleinewelle","article_published_time":"2021-06-08T03:06:00+00:00","author":"Leinewelle","twitter_card":"summary_large_image","twitter_creator":"@https:\/\/twitter.com\/RLeinewelle?ref_src=twsrcgoogletwcampserptwgrauthor","twitter_site":"@RLeinewelle","twitter_misc":{"Verfasst von":"Leinewelle","Gesch\u00e4tzte Lesezeit":"2\u00a0Minuten"},"schema":{"@context":"https:\/\/schema.org","@graph":[{"@type":"Article","@id":"https:\/\/radioleinewelle.de\/index.php\/2021\/06\/08\/der-raeuber-hotzenplotz-und-die-mondrakete-zum-ersten-mal-auf-der-hofbuehne-des-jungen-theaters\/#article","isPartOf":{"@id":"https:\/\/radioleinewelle.de\/index.php\/2021\/06\/08\/der-raeuber-hotzenplotz-und-die-mondrakete-zum-ersten-mal-auf-der-hofbuehne-des-jungen-theaters\/"},"author":{"name":"Leinewelle","@id":"https:\/\/radioleinewelle.de\/#\/schema\/person\/45606f348637df637192dc1b68399a63"},"headline":"Der R\u00e4uber Hotzenplotz und die Mondrakete \u2013 Zum ersten Mal auf der Hofb\u00fchne des Jungen Theaters","datePublished":"2021-06-08T03:06:00+00:00","mainEntityOfPage":{"@id":"https:\/\/radioleinewelle.de\/index.php\/2021\/06\/08\/der-raeuber-hotzenplotz-und-die-mondrakete-zum-ersten-mal-auf-der-hofbuehne-des-jungen-theaters\/"},"wordCount":281,"publisher":{"@id":"https:\/\/radioleinewelle.de\/#organization"},"keywords":["Christian Vilmar","Junges theater","Nico Dietrich","R\u00e4uber Hotzenplotz"],"articleSection":["Kultur"],"inLanguage":"de"},{"@type":"WebPage","@id":"https:\/\/radioleinewelle.de\/index.php\/2021\/06\/08\/der-raeuber-hotzenplotz-und-die-mondrakete-zum-ersten-mal-auf-der-hofbuehne-des-jungen-theaters\/","url":"https:\/\/radioleinewelle.de\/index.php\/2021\/06\/08\/der-raeuber-hotzenplotz-und-die-mondrakete-zum-ersten-mal-auf-der-hofbuehne-des-jungen-theaters\/","name":"Der R\u00e4uber Hotzenplotz und die Mondrakete \u2013 Zum ersten Mal auf der Hofb\u00fchne des Jungen Theaters - Radio Leinewelle","isPartOf":{"@id":"https:\/\/radioleinewelle.de\/#website"},"datePublished":"2021-06-08T03:06:00+00:00","breadcrumb":{"@id":"https:\/\/radioleinewelle.de\/index.php\/2021\/06\/08\/der-raeuber-hotzenplotz-und-die-mondrakete-zum-ersten-mal-auf-der-hofbuehne-des-jungen-theaters\/#breadcrumb"},"inLanguage":"de","potentialAction":[{"@type":"ReadAction","target":["https:\/\/radioleinewelle.de\/index.php\/2021\/06\/08\/der-raeuber-hotzenplotz-und-die-mondrakete-zum-ersten-mal-auf-der-hofbuehne-des-jungen-theaters\/"]}]},{"@type":"BreadcrumbList","@id":"https:\/\/radioleinewelle.de\/index.php\/2021\/06\/08\/der-raeuber-hotzenplotz-und-die-mondrakete-zum-ersten-mal-auf-der-hofbuehne-des-jungen-theaters\/#breadcrumb","itemListElement":[{"@type":"ListItem","position":1,"name":"Startseite","item":"https:\/\/radioleinewelle.de\/"},{"@type":"ListItem","position":2,"name":"Der R\u00e4uber Hotzenplotz und die Mondrakete \u2013 Zum ersten Mal auf der Hofb\u00fchne des Jungen Theaters"}]},{"@type":"WebSite","@id":"https:\/\/radioleinewelle.de\/#website","url":"https:\/\/radioleinewelle.de\/","name":"Radio Leinewelle","description":"","publisher":{"@id":"https:\/\/radioleinewelle.de\/#organization"},"potentialAction":[{"@type":"SearchAction","target":{"@type":"EntryPoint","urlTemplate":"https:\/\/radioleinewelle.de\/?s={search_term_string}"},"query-input":{"@type":"PropertyValueSpecification","valueRequired":true,"valueName":"search_term_string"}}],"inLanguage":"de"},{"@type":"Organization","@id":"https:\/\/radioleinewelle.de\/#organization","name":"Radio Leinewelle","alternateName":"Mein Radio f\u00fcr S\u00fcdniedersachsen","url":"https:\/\/radioleinewelle.de\/","logo":{"@type":"ImageObject","inLanguage":"de","@id":"https:\/\/radioleinewelle.de\/#\/schema\/logo\/image\/","url":"https:\/\/radioleinewelle.de\/wp-content\/uploads\/2023\/11\/cropped-Leinewelle_Logo_weiss.png","contentUrl":"https:\/\/radioleinewelle.de\/wp-content\/uploads\/2023\/11\/cropped-Leinewelle_Logo_weiss.png","width":854,"height":260,"caption":"Radio Leinewelle"},"image":{"@id":"https:\/\/radioleinewelle.de\/#\/schema\/logo\/image\/"},"sameAs":["https:\/\/www.facebook.com\/radioleinewelle","https:\/\/x.com\/RLeinewelle","https:\/\/www.instagram.com\/radioleinewelle\/?hl=de"]},{"@type":"Person","@id":"https:\/\/radioleinewelle.de\/#\/schema\/person\/45606f348637df637192dc1b68399a63","name":"Leinewelle","image":{"@type":"ImageObject","inLanguage":"de","@id":"https:\/\/secure.gravatar.com\/avatar\/05c9a17bc973052ee5d91549bd32fb4dd0dc85b7b85ae94b2e2b4943476bbea5?s=96&d=blank&r=g","url":"https:\/\/secure.gravatar.com\/avatar\/05c9a17bc973052ee5d91549bd32fb4dd0dc85b7b85ae94b2e2b4943476bbea5?s=96&d=blank&r=g","contentUrl":"https:\/\/secure.gravatar.com\/avatar\/05c9a17bc973052ee5d91549bd32fb4dd0dc85b7b85ae94b2e2b4943476bbea5?s=96&d=blank&r=g","caption":"Leinewelle"},"sameAs":["http:\/\/localhost\/radio%20leinewelle\/wordpress","https:\/\/www.facebook.com\/radioleinewelle","https:\/\/www.instagram.com\/radioleinewelle","https:\/\/x.com\/https:\/\/twitter.com\/RLeinewelle?ref_src=twsrcgoogletwcampserptwgrauthor","https:\/\/soundcloud.com\/foerderverein-lokalradio?utm_source=clipboard&utm_medium=text&utm_campaign=social_sharing"],"url":"https:\/\/radioleinewelle.de\/index.php\/author\/leinewelle\/"}]}},"_links":{"self":[{"href":"https:\/\/radioleinewelle.de\/index.php\/wp-json\/wp\/v2\/posts\/8477","targetHints":{"allow":["GET"]}}],"collection":[{"href":"https:\/\/radioleinewelle.de\/index.php\/wp-json\/wp\/v2\/posts"}],"about":[{"href":"https:\/\/radioleinewelle.de\/index.php\/wp-json\/wp\/v2\/types\/post"}],"author":[{"embeddable":true,"href":"https:\/\/radioleinewelle.de\/index.php\/wp-json\/wp\/v2\/users\/1"}],"replies":[{"embeddable":true,"href":"https:\/\/radioleinewelle.de\/index.php\/wp-json\/wp\/v2\/comments?post=8477"}],"version-history":[{"count":0,"href":"https:\/\/radioleinewelle.de\/index.php\/wp-json\/wp\/v2\/posts\/8477\/revisions"}],"wp:attachment":[{"href":"https:\/\/radioleinewelle.de\/index.php\/wp-json\/wp\/v2\/media?parent=8477"}],"wp:term":[{"taxonomy":"category","embeddable":true,"href":"https:\/\/radioleinewelle.de\/index.php\/wp-json\/wp\/v2\/categories?post=8477"},{"taxonomy":"post_tag","embeddable":true,"href":"https:\/\/radioleinewelle.de\/index.php\/wp-json\/wp\/v2\/tags?post=8477"}],"curies":[{"name":"wp","href":"https:\/\/api.w.org\/{rel}","templated":true}]}}