{"id":8499,"date":"2021-06-09T05:17:00","date_gmt":"2021-06-09T03:17:00","guid":{"rendered":"https:\/\/radioleinewelle.de\/?p=8499"},"modified":"2021-06-09T05:17:00","modified_gmt":"2021-06-09T03:17:00","slug":"waehrend-einsatz-in-krebeck-reifen-von-funkstreifenwagen-beschaedigt","status":"publish","type":"post","link":"https:\/\/radioleinewelle.de\/index.php\/2021\/06\/09\/waehrend-einsatz-in-krebeck-reifen-von-funkstreifenwagen-beschaedigt\/","title":{"rendered":"W\u00e4hrend Einsatz in Krebeck: Reifen von Funkstreifenwagen besch\u00e4digt"},"content":{"rendered":"\n<p>KREBECK (jk) &#8211; In Krebeck (Landkreis G\u00f6ttingen) haben Unbekannte Dienstagnacht (08.06.21) einen Funkstreifenwagen der Polizei Duderstadt besch\u00e4digt. Der Vorfall ereignete sich gegen 02.30 Uhr in der Osteroder Stra\u00dfe, w\u00e4hrend die dazugeh\u00f6rigen Beamten einer gemeldeten Ruhest\u00f6rung nachgingen.&nbsp;<\/p>\n\n\n\n<p>Auf einem Grundst\u00fcck trafen die Polizisten mehrere Heranwachsende bzw. Jugendliche an, die laute Musik h\u00f6rten und Alkohol konsumierten. Die Gruppe wurde zur Einhaltung der Nachtruhe ermahnt. Als die Beamten zu ihrem Fahrzeug zur\u00fcckkehrten, stellten sie einen Riss an einem der Hinterreifen fest. Die Besch\u00e4digung wurde vermutlich mit einem spitzen Gegenstand verursacht. Der Streifenwagen musste von einem Abschleppunternehmen zur Dienststelle transportiert werden. Ob es einen Zusammenhang mit dem vorherigen Einsatz gibt, ist noch unklar.&nbsp;<\/p>\n\n\n\n<p>Die Polizei Duderstadt hat ein Ermittlungsverfahren wegen Zerst\u00f6rung wichtiger Arbeitsmittel eingeleitet. Zeugen werden gebeten, sich unter Telefon 05527\/98010 zu melden.<\/p>\n","protected":false},"excerpt":{"rendered":"<p>KREBECK (jk) &#8211; In Krebeck (Landkreis G\u00f6ttingen) haben Unbekannte Dienstagnacht (08.06.21) einen Funkstreifenwagen der Polizei Duderstadt besch\u00e4digt. Der Vorfall ereignete sich gegen 02.30 Uhr in der Osteroder Stra\u00dfe, w\u00e4hrend die dazugeh\u00f6rigen Beamten einer gemeldeten Ruhest\u00f6rung nachgingen.&nbsp; Auf einem Grundst\u00fcck trafen die Polizisten mehrere Heranwachsende bzw. Jugendliche an, die laute Musik h\u00f6rten und Alkohol konsumierten. Die [&hellip;]<\/p>\n","protected":false},"author":1,"featured_media":0,"comment_status":"closed","ping_status":"closed","sticky":false,"template":"","format":"standard","meta":{"saved_in_kubio":false,"footnotes":""},"categories":[24],"tags":[1343,1312,349],"class_list":["post-8499","post","type-post","status-publish","format-standard","hentry","category-news","tag-funkstreifenwagen","tag-polizei-duderstadt","tag-polizeiinspektion-goettingen"],"yoast_head":"<!-- This site is optimized with the Yoast SEO plugin v27.5 - https:\/\/yoast.com\/product\/yoast-seo-wordpress\/ -->\n<title>W\u00e4hrend Einsatz in Krebeck: Reifen von Funkstreifenwagen besch\u00e4digt - Radio Leinewelle<\/title>\n<meta name=\"robots\" content=\"index, follow, max-snippet:-1, max-image-preview:large, max-video-preview:-1\" \/>\n<link rel=\"canonical\" href=\"https:\/\/radioleinewelle.de\/index.php\/2021\/06\/09\/waehrend-einsatz-in-krebeck-reifen-von-funkstreifenwagen-beschaedigt\/\" \/>\n<meta property=\"og:locale\" content=\"de_DE\" \/>\n<meta property=\"og:type\" content=\"article\" \/>\n<meta property=\"og:title\" content=\"W\u00e4hrend Einsatz in Krebeck: Reifen von Funkstreifenwagen besch\u00e4digt - Radio Leinewelle\" \/>\n<meta property=\"og:description\" content=\"KREBECK (jk) &#8211; In Krebeck (Landkreis G\u00f6ttingen) haben Unbekannte Dienstagnacht (08.06.21) einen Funkstreifenwagen der Polizei Duderstadt besch\u00e4digt. Der Vorfall ereignete sich gegen 02.30 Uhr in der Osteroder Stra\u00dfe, w\u00e4hrend die dazugeh\u00f6rigen Beamten einer gemeldeten Ruhest\u00f6rung nachgingen.&nbsp; Auf einem Grundst\u00fcck trafen die Polizisten mehrere Heranwachsende bzw. Jugendliche an, die laute Musik h\u00f6rten und Alkohol konsumierten. Die [&hellip;]\" \/>\n<meta property=\"og:url\" content=\"https:\/\/radioleinewelle.de\/index.php\/2021\/06\/09\/waehrend-einsatz-in-krebeck-reifen-von-funkstreifenwagen-beschaedigt\/\" \/>\n<meta property=\"og:site_name\" content=\"Radio Leinewelle\" \/>\n<meta property=\"article:publisher\" content=\"https:\/\/www.facebook.com\/radioleinewelle\" \/>\n<meta property=\"article:author\" content=\"https:\/\/www.facebook.com\/radioleinewelle\" \/>\n<meta property=\"article:published_time\" content=\"2021-06-09T03:17:00+00:00\" \/>\n<meta name=\"author\" content=\"Leinewelle\" \/>\n<meta name=\"twitter:card\" content=\"summary_large_image\" \/>\n<meta name=\"twitter:creator\" content=\"@https:\/\/twitter.com\/RLeinewelle?ref_src=twsrcgoogletwcampserptwgrauthor\" \/>\n<meta name=\"twitter:site\" content=\"@RLeinewelle\" \/>\n<meta name=\"twitter:label1\" content=\"Verfasst von\" \/>\n\t<meta name=\"twitter:data1\" content=\"Leinewelle\" \/>\n\t<meta name=\"twitter:label2\" content=\"Gesch\u00e4tzte Lesezeit\" \/>\n\t<meta name=\"twitter:data2\" content=\"1\u00a0Minute\" \/>\n<script type=\"application\/ld+json\" class=\"yoast-schema-graph\">{\"@context\":\"https:\\\/\\\/schema.org\",\"@graph\":[{\"@type\":\"Article\",\"@id\":\"https:\\\/\\\/radioleinewelle.de\\\/index.php\\\/2021\\\/06\\\/09\\\/waehrend-einsatz-in-krebeck-reifen-von-funkstreifenwagen-beschaedigt\\\/#article\",\"isPartOf\":{\"@id\":\"https:\\\/\\\/radioleinewelle.de\\\/index.php\\\/2021\\\/06\\\/09\\\/waehrend-einsatz-in-krebeck-reifen-von-funkstreifenwagen-beschaedigt\\\/\"},\"author\":{\"name\":\"Leinewelle\",\"@id\":\"https:\\\/\\\/radioleinewelle.de\\\/#\\\/schema\\\/person\\\/45606f348637df637192dc1b68399a63\"},\"headline\":\"W\u00e4hrend Einsatz in Krebeck: Reifen von Funkstreifenwagen besch\u00e4digt\",\"datePublished\":\"2021-06-09T03:17:00+00:00\",\"mainEntityOfPage\":{\"@id\":\"https:\\\/\\\/radioleinewelle.de\\\/index.php\\\/2021\\\/06\\\/09\\\/waehrend-einsatz-in-krebeck-reifen-von-funkstreifenwagen-beschaedigt\\\/\"},\"wordCount\":149,\"publisher\":{\"@id\":\"https:\\\/\\\/radioleinewelle.de\\\/#organization\"},\"keywords\":[\"Funkstreifenwagen\",\"Polizei Duderstadt\",\"Polizeiinspektion G\u00f6ttingen\"],\"articleSection\":[\"Aktuelle Nachrichten\"],\"inLanguage\":\"de\"},{\"@type\":\"WebPage\",\"@id\":\"https:\\\/\\\/radioleinewelle.de\\\/index.php\\\/2021\\\/06\\\/09\\\/waehrend-einsatz-in-krebeck-reifen-von-funkstreifenwagen-beschaedigt\\\/\",\"url\":\"https:\\\/\\\/radioleinewelle.de\\\/index.php\\\/2021\\\/06\\\/09\\\/waehrend-einsatz-in-krebeck-reifen-von-funkstreifenwagen-beschaedigt\\\/\",\"name\":\"W\u00e4hrend Einsatz in Krebeck: Reifen von Funkstreifenwagen besch\u00e4digt - Radio Leinewelle\",\"isPartOf\":{\"@id\":\"https:\\\/\\\/radioleinewelle.de\\\/#website\"},\"datePublished\":\"2021-06-09T03:17:00+00:00\",\"breadcrumb\":{\"@id\":\"https:\\\/\\\/radioleinewelle.de\\\/index.php\\\/2021\\\/06\\\/09\\\/waehrend-einsatz-in-krebeck-reifen-von-funkstreifenwagen-beschaedigt\\\/#breadcrumb\"},\"inLanguage\":\"de\",\"potentialAction\":[{\"@type\":\"ReadAction\",\"target\":[\"https:\\\/\\\/radioleinewelle.de\\\/index.php\\\/2021\\\/06\\\/09\\\/waehrend-einsatz-in-krebeck-reifen-von-funkstreifenwagen-beschaedigt\\\/\"]}]},{\"@type\":\"BreadcrumbList\",\"@id\":\"https:\\\/\\\/radioleinewelle.de\\\/index.php\\\/2021\\\/06\\\/09\\\/waehrend-einsatz-in-krebeck-reifen-von-funkstreifenwagen-beschaedigt\\\/#breadcrumb\",\"itemListElement\":[{\"@type\":\"ListItem\",\"position\":1,\"name\":\"Startseite\",\"item\":\"https:\\\/\\\/radioleinewelle.de\\\/\"},{\"@type\":\"ListItem\",\"position\":2,\"name\":\"W\u00e4hrend Einsatz in Krebeck: Reifen von Funkstreifenwagen besch\u00e4digt\"}]},{\"@type\":\"WebSite\",\"@id\":\"https:\\\/\\\/radioleinewelle.de\\\/#website\",\"url\":\"https:\\\/\\\/radioleinewelle.de\\\/\",\"name\":\"Radio Leinewelle\",\"description\":\"\",\"publisher\":{\"@id\":\"https:\\\/\\\/radioleinewelle.de\\\/#organization\"},\"potentialAction\":[{\"@type\":\"SearchAction\",\"target\":{\"@type\":\"EntryPoint\",\"urlTemplate\":\"https:\\\/\\\/radioleinewelle.de\\\/?s={search_term_string}\"},\"query-input\":{\"@type\":\"PropertyValueSpecification\",\"valueRequired\":true,\"valueName\":\"search_term_string\"}}],\"inLanguage\":\"de\"},{\"@type\":\"Organization\",\"@id\":\"https:\\\/\\\/radioleinewelle.de\\\/#organization\",\"name\":\"Radio Leinewelle\",\"alternateName\":\"Mein Radio f\u00fcr S\u00fcdniedersachsen\",\"url\":\"https:\\\/\\\/radioleinewelle.de\\\/\",\"logo\":{\"@type\":\"ImageObject\",\"inLanguage\":\"de\",\"@id\":\"https:\\\/\\\/radioleinewelle.de\\\/#\\\/schema\\\/logo\\\/image\\\/\",\"url\":\"https:\\\/\\\/radioleinewelle.de\\\/wp-content\\\/uploads\\\/2023\\\/11\\\/cropped-Leinewelle_Logo_weiss.png\",\"contentUrl\":\"https:\\\/\\\/radioleinewelle.de\\\/wp-content\\\/uploads\\\/2023\\\/11\\\/cropped-Leinewelle_Logo_weiss.png\",\"width\":854,\"height\":260,\"caption\":\"Radio Leinewelle\"},\"image\":{\"@id\":\"https:\\\/\\\/radioleinewelle.de\\\/#\\\/schema\\\/logo\\\/image\\\/\"},\"sameAs\":[\"https:\\\/\\\/www.facebook.com\\\/radioleinewelle\",\"https:\\\/\\\/x.com\\\/RLeinewelle\",\"https:\\\/\\\/www.instagram.com\\\/radioleinewelle\\\/?hl=de\"]},{\"@type\":\"Person\",\"@id\":\"https:\\\/\\\/radioleinewelle.de\\\/#\\\/schema\\\/person\\\/45606f348637df637192dc1b68399a63\",\"name\":\"Leinewelle\",\"image\":{\"@type\":\"ImageObject\",\"inLanguage\":\"de\",\"@id\":\"https:\\\/\\\/secure.gravatar.com\\\/avatar\\\/05c9a17bc973052ee5d91549bd32fb4dd0dc85b7b85ae94b2e2b4943476bbea5?s=96&d=blank&r=g\",\"url\":\"https:\\\/\\\/secure.gravatar.com\\\/avatar\\\/05c9a17bc973052ee5d91549bd32fb4dd0dc85b7b85ae94b2e2b4943476bbea5?s=96&d=blank&r=g\",\"contentUrl\":\"https:\\\/\\\/secure.gravatar.com\\\/avatar\\\/05c9a17bc973052ee5d91549bd32fb4dd0dc85b7b85ae94b2e2b4943476bbea5?s=96&d=blank&r=g\",\"caption\":\"Leinewelle\"},\"sameAs\":[\"http:\\\/\\\/localhost\\\/radio%20leinewelle\\\/wordpress\",\"https:\\\/\\\/www.facebook.com\\\/radioleinewelle\",\"https:\\\/\\\/www.instagram.com\\\/radioleinewelle\",\"https:\\\/\\\/x.com\\\/https:\\\/\\\/twitter.com\\\/RLeinewelle?ref_src=twsrcgoogletwcampserptwgrauthor\",\"https:\\\/\\\/soundcloud.com\\\/foerderverein-lokalradio?utm_source=clipboard&utm_medium=text&utm_campaign=social_sharing\"],\"url\":\"https:\\\/\\\/radioleinewelle.de\\\/index.php\\\/author\\\/leinewelle\\\/\"}]}<\/script>\n<!-- \/ Yoast SEO plugin. -->","yoast_head_json":{"title":"W\u00e4hrend Einsatz in Krebeck: Reifen von Funkstreifenwagen besch\u00e4digt - Radio Leinewelle","robots":{"index":"index","follow":"follow","max-snippet":"max-snippet:-1","max-image-preview":"max-image-preview:large","max-video-preview":"max-video-preview:-1"},"canonical":"https:\/\/radioleinewelle.de\/index.php\/2021\/06\/09\/waehrend-einsatz-in-krebeck-reifen-von-funkstreifenwagen-beschaedigt\/","og_locale":"de_DE","og_type":"article","og_title":"W\u00e4hrend Einsatz in Krebeck: Reifen von Funkstreifenwagen besch\u00e4digt - Radio Leinewelle","og_description":"KREBECK (jk) &#8211; In Krebeck (Landkreis G\u00f6ttingen) haben Unbekannte Dienstagnacht (08.06.21) einen Funkstreifenwagen der Polizei Duderstadt besch\u00e4digt. Der Vorfall ereignete sich gegen 02.30 Uhr in der Osteroder Stra\u00dfe, w\u00e4hrend die dazugeh\u00f6rigen Beamten einer gemeldeten Ruhest\u00f6rung nachgingen.&nbsp; Auf einem Grundst\u00fcck trafen die Polizisten mehrere Heranwachsende bzw. Jugendliche an, die laute Musik h\u00f6rten und Alkohol konsumierten. Die [&hellip;]","og_url":"https:\/\/radioleinewelle.de\/index.php\/2021\/06\/09\/waehrend-einsatz-in-krebeck-reifen-von-funkstreifenwagen-beschaedigt\/","og_site_name":"Radio Leinewelle","article_publisher":"https:\/\/www.facebook.com\/radioleinewelle","article_author":"https:\/\/www.facebook.com\/radioleinewelle","article_published_time":"2021-06-09T03:17:00+00:00","author":"Leinewelle","twitter_card":"summary_large_image","twitter_creator":"@https:\/\/twitter.com\/RLeinewelle?ref_src=twsrcgoogletwcampserptwgrauthor","twitter_site":"@RLeinewelle","twitter_misc":{"Verfasst von":"Leinewelle","Gesch\u00e4tzte Lesezeit":"1\u00a0Minute"},"schema":{"@context":"https:\/\/schema.org","@graph":[{"@type":"Article","@id":"https:\/\/radioleinewelle.de\/index.php\/2021\/06\/09\/waehrend-einsatz-in-krebeck-reifen-von-funkstreifenwagen-beschaedigt\/#article","isPartOf":{"@id":"https:\/\/radioleinewelle.de\/index.php\/2021\/06\/09\/waehrend-einsatz-in-krebeck-reifen-von-funkstreifenwagen-beschaedigt\/"},"author":{"name":"Leinewelle","@id":"https:\/\/radioleinewelle.de\/#\/schema\/person\/45606f348637df637192dc1b68399a63"},"headline":"W\u00e4hrend Einsatz in Krebeck: Reifen von Funkstreifenwagen besch\u00e4digt","datePublished":"2021-06-09T03:17:00+00:00","mainEntityOfPage":{"@id":"https:\/\/radioleinewelle.de\/index.php\/2021\/06\/09\/waehrend-einsatz-in-krebeck-reifen-von-funkstreifenwagen-beschaedigt\/"},"wordCount":149,"publisher":{"@id":"https:\/\/radioleinewelle.de\/#organization"},"keywords":["Funkstreifenwagen","Polizei Duderstadt","Polizeiinspektion G\u00f6ttingen"],"articleSection":["Aktuelle Nachrichten"],"inLanguage":"de"},{"@type":"WebPage","@id":"https:\/\/radioleinewelle.de\/index.php\/2021\/06\/09\/waehrend-einsatz-in-krebeck-reifen-von-funkstreifenwagen-beschaedigt\/","url":"https:\/\/radioleinewelle.de\/index.php\/2021\/06\/09\/waehrend-einsatz-in-krebeck-reifen-von-funkstreifenwagen-beschaedigt\/","name":"W\u00e4hrend Einsatz in Krebeck: Reifen von Funkstreifenwagen besch\u00e4digt - Radio Leinewelle","isPartOf":{"@id":"https:\/\/radioleinewelle.de\/#website"},"datePublished":"2021-06-09T03:17:00+00:00","breadcrumb":{"@id":"https:\/\/radioleinewelle.de\/index.php\/2021\/06\/09\/waehrend-einsatz-in-krebeck-reifen-von-funkstreifenwagen-beschaedigt\/#breadcrumb"},"inLanguage":"de","potentialAction":[{"@type":"ReadAction","target":["https:\/\/radioleinewelle.de\/index.php\/2021\/06\/09\/waehrend-einsatz-in-krebeck-reifen-von-funkstreifenwagen-beschaedigt\/"]}]},{"@type":"BreadcrumbList","@id":"https:\/\/radioleinewelle.de\/index.php\/2021\/06\/09\/waehrend-einsatz-in-krebeck-reifen-von-funkstreifenwagen-beschaedigt\/#breadcrumb","itemListElement":[{"@type":"ListItem","position":1,"name":"Startseite","item":"https:\/\/radioleinewelle.de\/"},{"@type":"ListItem","position":2,"name":"W\u00e4hrend Einsatz in Krebeck: Reifen von Funkstreifenwagen besch\u00e4digt"}]},{"@type":"WebSite","@id":"https:\/\/radioleinewelle.de\/#website","url":"https:\/\/radioleinewelle.de\/","name":"Radio Leinewelle","description":"","publisher":{"@id":"https:\/\/radioleinewelle.de\/#organization"},"potentialAction":[{"@type":"SearchAction","target":{"@type":"EntryPoint","urlTemplate":"https:\/\/radioleinewelle.de\/?s={search_term_string}"},"query-input":{"@type":"PropertyValueSpecification","valueRequired":true,"valueName":"search_term_string"}}],"inLanguage":"de"},{"@type":"Organization","@id":"https:\/\/radioleinewelle.de\/#organization","name":"Radio Leinewelle","alternateName":"Mein Radio f\u00fcr S\u00fcdniedersachsen","url":"https:\/\/radioleinewelle.de\/","logo":{"@type":"ImageObject","inLanguage":"de","@id":"https:\/\/radioleinewelle.de\/#\/schema\/logo\/image\/","url":"https:\/\/radioleinewelle.de\/wp-content\/uploads\/2023\/11\/cropped-Leinewelle_Logo_weiss.png","contentUrl":"https:\/\/radioleinewelle.de\/wp-content\/uploads\/2023\/11\/cropped-Leinewelle_Logo_weiss.png","width":854,"height":260,"caption":"Radio Leinewelle"},"image":{"@id":"https:\/\/radioleinewelle.de\/#\/schema\/logo\/image\/"},"sameAs":["https:\/\/www.facebook.com\/radioleinewelle","https:\/\/x.com\/RLeinewelle","https:\/\/www.instagram.com\/radioleinewelle\/?hl=de"]},{"@type":"Person","@id":"https:\/\/radioleinewelle.de\/#\/schema\/person\/45606f348637df637192dc1b68399a63","name":"Leinewelle","image":{"@type":"ImageObject","inLanguage":"de","@id":"https:\/\/secure.gravatar.com\/avatar\/05c9a17bc973052ee5d91549bd32fb4dd0dc85b7b85ae94b2e2b4943476bbea5?s=96&d=blank&r=g","url":"https:\/\/secure.gravatar.com\/avatar\/05c9a17bc973052ee5d91549bd32fb4dd0dc85b7b85ae94b2e2b4943476bbea5?s=96&d=blank&r=g","contentUrl":"https:\/\/secure.gravatar.com\/avatar\/05c9a17bc973052ee5d91549bd32fb4dd0dc85b7b85ae94b2e2b4943476bbea5?s=96&d=blank&r=g","caption":"Leinewelle"},"sameAs":["http:\/\/localhost\/radio%20leinewelle\/wordpress","https:\/\/www.facebook.com\/radioleinewelle","https:\/\/www.instagram.com\/radioleinewelle","https:\/\/x.com\/https:\/\/twitter.com\/RLeinewelle?ref_src=twsrcgoogletwcampserptwgrauthor","https:\/\/soundcloud.com\/foerderverein-lokalradio?utm_source=clipboard&utm_medium=text&utm_campaign=social_sharing"],"url":"https:\/\/radioleinewelle.de\/index.php\/author\/leinewelle\/"}]}},"_links":{"self":[{"href":"https:\/\/radioleinewelle.de\/index.php\/wp-json\/wp\/v2\/posts\/8499","targetHints":{"allow":["GET"]}}],"collection":[{"href":"https:\/\/radioleinewelle.de\/index.php\/wp-json\/wp\/v2\/posts"}],"about":[{"href":"https:\/\/radioleinewelle.de\/index.php\/wp-json\/wp\/v2\/types\/post"}],"author":[{"embeddable":true,"href":"https:\/\/radioleinewelle.de\/index.php\/wp-json\/wp\/v2\/users\/1"}],"replies":[{"embeddable":true,"href":"https:\/\/radioleinewelle.de\/index.php\/wp-json\/wp\/v2\/comments?post=8499"}],"version-history":[{"count":0,"href":"https:\/\/radioleinewelle.de\/index.php\/wp-json\/wp\/v2\/posts\/8499\/revisions"}],"wp:attachment":[{"href":"https:\/\/radioleinewelle.de\/index.php\/wp-json\/wp\/v2\/media?parent=8499"}],"wp:term":[{"taxonomy":"category","embeddable":true,"href":"https:\/\/radioleinewelle.de\/index.php\/wp-json\/wp\/v2\/categories?post=8499"},{"taxonomy":"post_tag","embeddable":true,"href":"https:\/\/radioleinewelle.de\/index.php\/wp-json\/wp\/v2\/tags?post=8499"}],"curies":[{"name":"wp","href":"https:\/\/api.w.org\/{rel}","templated":true}]}}