{"id":8517,"date":"2021-06-10T04:16:00","date_gmt":"2021-06-10T02:16:00","guid":{"rendered":"https:\/\/radioleinewelle.de\/?p=8517"},"modified":"2021-06-10T04:16:00","modified_gmt":"2021-06-10T02:16:00","slug":"ursache-geklaert-technischer-defekt-loeste-brand-im-hagenweg-aus","status":"publish","type":"post","link":"https:\/\/radioleinewelle.de\/index.php\/2021\/06\/10\/ursache-geklaert-technischer-defekt-loeste-brand-im-hagenweg-aus\/","title":{"rendered":"Ursache gekl\u00e4rt: Technischer Defekt l\u00f6ste Brand im Hagenweg aus"},"content":{"rendered":"\n<p>Im Erdgeschoss eines Wohnkomplexes im G\u00f6ttinger Hagenweg ist am Dienstagvormittag (08.06.21)  ein Apartment komplett ausgebrannt. Menschen wurden nicht verletzt. Der Mieter war zum Zeitpunkt des Brandausbruches nicht zuhause. Die zerst\u00f6rte Wohnung wurde beschlagnahmt.&nbsp;Ein technischer Defekt hat den Brand im Apartment  ausgel\u00f6st. Das haben die Untersuchungen an der Brandstelle am Mittwoch (09.06.21) ergeben. Die Beschlagnahme der Wohnung wurde aufgehoben. Angaben zur genauen Schadensh\u00f6he liegen weiterhin nicht vor.<\/p>\n","protected":false},"excerpt":{"rendered":"<p>Im Erdgeschoss eines Wohnkomplexes im G\u00f6ttinger Hagenweg ist am Dienstagvormittag (08.06.21) ein Apartment komplett ausgebrannt. Menschen wurden nicht verletzt. Der Mieter war zum Zeitpunkt des Brandausbruches nicht zuhause. Die zerst\u00f6rte Wohnung wurde beschlagnahmt.&nbsp;Ein technischer Defekt hat den Brand im Apartment ausgel\u00f6st. Das haben die Untersuchungen an der Brandstelle am Mittwoch (09.06.21) ergeben. Die Beschlagnahme der [&hellip;]<\/p>\n","protected":false},"author":1,"featured_media":0,"comment_status":"closed","ping_status":"closed","sticky":false,"template":"","format":"standard","meta":{"saved_in_kubio":false,"footnotes":""},"categories":[24],"tags":[383,349,1351,1352],"class_list":["post-8517","post","type-post","status-publish","format-standard","hentry","category-news","tag-hagenweg-20","tag-polizeiinspektion-goettingen","tag-technischer-defekt","tag-wohnungsbrand"],"yoast_head":"<!-- This site is optimized with the Yoast SEO plugin v27.5 - https:\/\/yoast.com\/product\/yoast-seo-wordpress\/ -->\n<title>Ursache gekl\u00e4rt: Technischer Defekt l\u00f6ste Brand im Hagenweg aus - Radio Leinewelle<\/title>\n<meta name=\"robots\" content=\"index, follow, max-snippet:-1, max-image-preview:large, max-video-preview:-1\" \/>\n<link rel=\"canonical\" href=\"https:\/\/radioleinewelle.de\/index.php\/2021\/06\/10\/ursache-geklaert-technischer-defekt-loeste-brand-im-hagenweg-aus\/\" \/>\n<meta property=\"og:locale\" content=\"de_DE\" \/>\n<meta property=\"og:type\" content=\"article\" \/>\n<meta property=\"og:title\" content=\"Ursache gekl\u00e4rt: Technischer Defekt l\u00f6ste Brand im Hagenweg aus - Radio Leinewelle\" \/>\n<meta property=\"og:description\" content=\"Im Erdgeschoss eines Wohnkomplexes im G\u00f6ttinger Hagenweg ist am Dienstagvormittag (08.06.21) ein Apartment komplett ausgebrannt. Menschen wurden nicht verletzt. Der Mieter war zum Zeitpunkt des Brandausbruches nicht zuhause. Die zerst\u00f6rte Wohnung wurde beschlagnahmt.&nbsp;Ein technischer Defekt hat den Brand im Apartment ausgel\u00f6st. Das haben die Untersuchungen an der Brandstelle am Mittwoch (09.06.21) ergeben. Die Beschlagnahme der [&hellip;]\" \/>\n<meta property=\"og:url\" content=\"https:\/\/radioleinewelle.de\/index.php\/2021\/06\/10\/ursache-geklaert-technischer-defekt-loeste-brand-im-hagenweg-aus\/\" \/>\n<meta property=\"og:site_name\" content=\"Radio Leinewelle\" \/>\n<meta property=\"article:publisher\" content=\"https:\/\/www.facebook.com\/radioleinewelle\" \/>\n<meta property=\"article:author\" content=\"https:\/\/www.facebook.com\/radioleinewelle\" \/>\n<meta property=\"article:published_time\" content=\"2021-06-10T02:16:00+00:00\" \/>\n<meta name=\"author\" content=\"Leinewelle\" \/>\n<meta name=\"twitter:card\" content=\"summary_large_image\" \/>\n<meta name=\"twitter:creator\" content=\"@https:\/\/twitter.com\/RLeinewelle?ref_src=twsrcgoogletwcampserptwgrauthor\" \/>\n<meta name=\"twitter:site\" content=\"@RLeinewelle\" \/>\n<meta name=\"twitter:label1\" content=\"Verfasst von\" \/>\n\t<meta name=\"twitter:data1\" content=\"Leinewelle\" \/>\n\t<meta name=\"twitter:label2\" content=\"Gesch\u00e4tzte Lesezeit\" \/>\n\t<meta name=\"twitter:data2\" content=\"1\u00a0Minute\" \/>\n<script type=\"application\/ld+json\" class=\"yoast-schema-graph\">{\"@context\":\"https:\\\/\\\/schema.org\",\"@graph\":[{\"@type\":\"Article\",\"@id\":\"https:\\\/\\\/radioleinewelle.de\\\/index.php\\\/2021\\\/06\\\/10\\\/ursache-geklaert-technischer-defekt-loeste-brand-im-hagenweg-aus\\\/#article\",\"isPartOf\":{\"@id\":\"https:\\\/\\\/radioleinewelle.de\\\/index.php\\\/2021\\\/06\\\/10\\\/ursache-geklaert-technischer-defekt-loeste-brand-im-hagenweg-aus\\\/\"},\"author\":{\"name\":\"Leinewelle\",\"@id\":\"https:\\\/\\\/radioleinewelle.de\\\/#\\\/schema\\\/person\\\/45606f348637df637192dc1b68399a63\"},\"headline\":\"Ursache gekl\u00e4rt: Technischer Defekt l\u00f6ste Brand im Hagenweg aus\",\"datePublished\":\"2021-06-10T02:16:00+00:00\",\"mainEntityOfPage\":{\"@id\":\"https:\\\/\\\/radioleinewelle.de\\\/index.php\\\/2021\\\/06\\\/10\\\/ursache-geklaert-technischer-defekt-loeste-brand-im-hagenweg-aus\\\/\"},\"wordCount\":81,\"publisher\":{\"@id\":\"https:\\\/\\\/radioleinewelle.de\\\/#organization\"},\"keywords\":[\"Hagenweg 20\",\"Polizeiinspektion G\u00f6ttingen\",\"technischer defekt\",\"Wohnungsbrand\"],\"articleSection\":[\"Aktuelle Nachrichten\"],\"inLanguage\":\"de\"},{\"@type\":\"WebPage\",\"@id\":\"https:\\\/\\\/radioleinewelle.de\\\/index.php\\\/2021\\\/06\\\/10\\\/ursache-geklaert-technischer-defekt-loeste-brand-im-hagenweg-aus\\\/\",\"url\":\"https:\\\/\\\/radioleinewelle.de\\\/index.php\\\/2021\\\/06\\\/10\\\/ursache-geklaert-technischer-defekt-loeste-brand-im-hagenweg-aus\\\/\",\"name\":\"Ursache gekl\u00e4rt: Technischer Defekt l\u00f6ste Brand im Hagenweg aus - Radio Leinewelle\",\"isPartOf\":{\"@id\":\"https:\\\/\\\/radioleinewelle.de\\\/#website\"},\"datePublished\":\"2021-06-10T02:16:00+00:00\",\"breadcrumb\":{\"@id\":\"https:\\\/\\\/radioleinewelle.de\\\/index.php\\\/2021\\\/06\\\/10\\\/ursache-geklaert-technischer-defekt-loeste-brand-im-hagenweg-aus\\\/#breadcrumb\"},\"inLanguage\":\"de\",\"potentialAction\":[{\"@type\":\"ReadAction\",\"target\":[\"https:\\\/\\\/radioleinewelle.de\\\/index.php\\\/2021\\\/06\\\/10\\\/ursache-geklaert-technischer-defekt-loeste-brand-im-hagenweg-aus\\\/\"]}]},{\"@type\":\"BreadcrumbList\",\"@id\":\"https:\\\/\\\/radioleinewelle.de\\\/index.php\\\/2021\\\/06\\\/10\\\/ursache-geklaert-technischer-defekt-loeste-brand-im-hagenweg-aus\\\/#breadcrumb\",\"itemListElement\":[{\"@type\":\"ListItem\",\"position\":1,\"name\":\"Startseite\",\"item\":\"https:\\\/\\\/radioleinewelle.de\\\/\"},{\"@type\":\"ListItem\",\"position\":2,\"name\":\"Ursache gekl\u00e4rt: Technischer Defekt l\u00f6ste Brand im Hagenweg aus\"}]},{\"@type\":\"WebSite\",\"@id\":\"https:\\\/\\\/radioleinewelle.de\\\/#website\",\"url\":\"https:\\\/\\\/radioleinewelle.de\\\/\",\"name\":\"Radio Leinewelle\",\"description\":\"\",\"publisher\":{\"@id\":\"https:\\\/\\\/radioleinewelle.de\\\/#organization\"},\"potentialAction\":[{\"@type\":\"SearchAction\",\"target\":{\"@type\":\"EntryPoint\",\"urlTemplate\":\"https:\\\/\\\/radioleinewelle.de\\\/?s={search_term_string}\"},\"query-input\":{\"@type\":\"PropertyValueSpecification\",\"valueRequired\":true,\"valueName\":\"search_term_string\"}}],\"inLanguage\":\"de\"},{\"@type\":\"Organization\",\"@id\":\"https:\\\/\\\/radioleinewelle.de\\\/#organization\",\"name\":\"Radio Leinewelle\",\"alternateName\":\"Mein Radio f\u00fcr S\u00fcdniedersachsen\",\"url\":\"https:\\\/\\\/radioleinewelle.de\\\/\",\"logo\":{\"@type\":\"ImageObject\",\"inLanguage\":\"de\",\"@id\":\"https:\\\/\\\/radioleinewelle.de\\\/#\\\/schema\\\/logo\\\/image\\\/\",\"url\":\"https:\\\/\\\/radioleinewelle.de\\\/wp-content\\\/uploads\\\/2023\\\/11\\\/cropped-Leinewelle_Logo_weiss.png\",\"contentUrl\":\"https:\\\/\\\/radioleinewelle.de\\\/wp-content\\\/uploads\\\/2023\\\/11\\\/cropped-Leinewelle_Logo_weiss.png\",\"width\":854,\"height\":260,\"caption\":\"Radio Leinewelle\"},\"image\":{\"@id\":\"https:\\\/\\\/radioleinewelle.de\\\/#\\\/schema\\\/logo\\\/image\\\/\"},\"sameAs\":[\"https:\\\/\\\/www.facebook.com\\\/radioleinewelle\",\"https:\\\/\\\/x.com\\\/RLeinewelle\",\"https:\\\/\\\/www.instagram.com\\\/radioleinewelle\\\/?hl=de\"]},{\"@type\":\"Person\",\"@id\":\"https:\\\/\\\/radioleinewelle.de\\\/#\\\/schema\\\/person\\\/45606f348637df637192dc1b68399a63\",\"name\":\"Leinewelle\",\"image\":{\"@type\":\"ImageObject\",\"inLanguage\":\"de\",\"@id\":\"https:\\\/\\\/secure.gravatar.com\\\/avatar\\\/05c9a17bc973052ee5d91549bd32fb4dd0dc85b7b85ae94b2e2b4943476bbea5?s=96&d=blank&r=g\",\"url\":\"https:\\\/\\\/secure.gravatar.com\\\/avatar\\\/05c9a17bc973052ee5d91549bd32fb4dd0dc85b7b85ae94b2e2b4943476bbea5?s=96&d=blank&r=g\",\"contentUrl\":\"https:\\\/\\\/secure.gravatar.com\\\/avatar\\\/05c9a17bc973052ee5d91549bd32fb4dd0dc85b7b85ae94b2e2b4943476bbea5?s=96&d=blank&r=g\",\"caption\":\"Leinewelle\"},\"sameAs\":[\"http:\\\/\\\/localhost\\\/radio%20leinewelle\\\/wordpress\",\"https:\\\/\\\/www.facebook.com\\\/radioleinewelle\",\"https:\\\/\\\/www.instagram.com\\\/radioleinewelle\",\"https:\\\/\\\/x.com\\\/https:\\\/\\\/twitter.com\\\/RLeinewelle?ref_src=twsrcgoogletwcampserptwgrauthor\",\"https:\\\/\\\/soundcloud.com\\\/foerderverein-lokalradio?utm_source=clipboard&utm_medium=text&utm_campaign=social_sharing\"],\"url\":\"https:\\\/\\\/radioleinewelle.de\\\/index.php\\\/author\\\/leinewelle\\\/\"}]}<\/script>\n<!-- \/ Yoast SEO plugin. -->","yoast_head_json":{"title":"Ursache gekl\u00e4rt: Technischer Defekt l\u00f6ste Brand im Hagenweg aus - Radio Leinewelle","robots":{"index":"index","follow":"follow","max-snippet":"max-snippet:-1","max-image-preview":"max-image-preview:large","max-video-preview":"max-video-preview:-1"},"canonical":"https:\/\/radioleinewelle.de\/index.php\/2021\/06\/10\/ursache-geklaert-technischer-defekt-loeste-brand-im-hagenweg-aus\/","og_locale":"de_DE","og_type":"article","og_title":"Ursache gekl\u00e4rt: Technischer Defekt l\u00f6ste Brand im Hagenweg aus - Radio Leinewelle","og_description":"Im Erdgeschoss eines Wohnkomplexes im G\u00f6ttinger Hagenweg ist am Dienstagvormittag (08.06.21) ein Apartment komplett ausgebrannt. Menschen wurden nicht verletzt. Der Mieter war zum Zeitpunkt des Brandausbruches nicht zuhause. Die zerst\u00f6rte Wohnung wurde beschlagnahmt.&nbsp;Ein technischer Defekt hat den Brand im Apartment ausgel\u00f6st. Das haben die Untersuchungen an der Brandstelle am Mittwoch (09.06.21) ergeben. Die Beschlagnahme der [&hellip;]","og_url":"https:\/\/radioleinewelle.de\/index.php\/2021\/06\/10\/ursache-geklaert-technischer-defekt-loeste-brand-im-hagenweg-aus\/","og_site_name":"Radio Leinewelle","article_publisher":"https:\/\/www.facebook.com\/radioleinewelle","article_author":"https:\/\/www.facebook.com\/radioleinewelle","article_published_time":"2021-06-10T02:16:00+00:00","author":"Leinewelle","twitter_card":"summary_large_image","twitter_creator":"@https:\/\/twitter.com\/RLeinewelle?ref_src=twsrcgoogletwcampserptwgrauthor","twitter_site":"@RLeinewelle","twitter_misc":{"Verfasst von":"Leinewelle","Gesch\u00e4tzte Lesezeit":"1\u00a0Minute"},"schema":{"@context":"https:\/\/schema.org","@graph":[{"@type":"Article","@id":"https:\/\/radioleinewelle.de\/index.php\/2021\/06\/10\/ursache-geklaert-technischer-defekt-loeste-brand-im-hagenweg-aus\/#article","isPartOf":{"@id":"https:\/\/radioleinewelle.de\/index.php\/2021\/06\/10\/ursache-geklaert-technischer-defekt-loeste-brand-im-hagenweg-aus\/"},"author":{"name":"Leinewelle","@id":"https:\/\/radioleinewelle.de\/#\/schema\/person\/45606f348637df637192dc1b68399a63"},"headline":"Ursache gekl\u00e4rt: Technischer Defekt l\u00f6ste Brand im Hagenweg aus","datePublished":"2021-06-10T02:16:00+00:00","mainEntityOfPage":{"@id":"https:\/\/radioleinewelle.de\/index.php\/2021\/06\/10\/ursache-geklaert-technischer-defekt-loeste-brand-im-hagenweg-aus\/"},"wordCount":81,"publisher":{"@id":"https:\/\/radioleinewelle.de\/#organization"},"keywords":["Hagenweg 20","Polizeiinspektion G\u00f6ttingen","technischer defekt","Wohnungsbrand"],"articleSection":["Aktuelle Nachrichten"],"inLanguage":"de"},{"@type":"WebPage","@id":"https:\/\/radioleinewelle.de\/index.php\/2021\/06\/10\/ursache-geklaert-technischer-defekt-loeste-brand-im-hagenweg-aus\/","url":"https:\/\/radioleinewelle.de\/index.php\/2021\/06\/10\/ursache-geklaert-technischer-defekt-loeste-brand-im-hagenweg-aus\/","name":"Ursache gekl\u00e4rt: Technischer Defekt l\u00f6ste Brand im Hagenweg aus - Radio Leinewelle","isPartOf":{"@id":"https:\/\/radioleinewelle.de\/#website"},"datePublished":"2021-06-10T02:16:00+00:00","breadcrumb":{"@id":"https:\/\/radioleinewelle.de\/index.php\/2021\/06\/10\/ursache-geklaert-technischer-defekt-loeste-brand-im-hagenweg-aus\/#breadcrumb"},"inLanguage":"de","potentialAction":[{"@type":"ReadAction","target":["https:\/\/radioleinewelle.de\/index.php\/2021\/06\/10\/ursache-geklaert-technischer-defekt-loeste-brand-im-hagenweg-aus\/"]}]},{"@type":"BreadcrumbList","@id":"https:\/\/radioleinewelle.de\/index.php\/2021\/06\/10\/ursache-geklaert-technischer-defekt-loeste-brand-im-hagenweg-aus\/#breadcrumb","itemListElement":[{"@type":"ListItem","position":1,"name":"Startseite","item":"https:\/\/radioleinewelle.de\/"},{"@type":"ListItem","position":2,"name":"Ursache gekl\u00e4rt: Technischer Defekt l\u00f6ste Brand im Hagenweg aus"}]},{"@type":"WebSite","@id":"https:\/\/radioleinewelle.de\/#website","url":"https:\/\/radioleinewelle.de\/","name":"Radio Leinewelle","description":"","publisher":{"@id":"https:\/\/radioleinewelle.de\/#organization"},"potentialAction":[{"@type":"SearchAction","target":{"@type":"EntryPoint","urlTemplate":"https:\/\/radioleinewelle.de\/?s={search_term_string}"},"query-input":{"@type":"PropertyValueSpecification","valueRequired":true,"valueName":"search_term_string"}}],"inLanguage":"de"},{"@type":"Organization","@id":"https:\/\/radioleinewelle.de\/#organization","name":"Radio Leinewelle","alternateName":"Mein Radio f\u00fcr S\u00fcdniedersachsen","url":"https:\/\/radioleinewelle.de\/","logo":{"@type":"ImageObject","inLanguage":"de","@id":"https:\/\/radioleinewelle.de\/#\/schema\/logo\/image\/","url":"https:\/\/radioleinewelle.de\/wp-content\/uploads\/2023\/11\/cropped-Leinewelle_Logo_weiss.png","contentUrl":"https:\/\/radioleinewelle.de\/wp-content\/uploads\/2023\/11\/cropped-Leinewelle_Logo_weiss.png","width":854,"height":260,"caption":"Radio Leinewelle"},"image":{"@id":"https:\/\/radioleinewelle.de\/#\/schema\/logo\/image\/"},"sameAs":["https:\/\/www.facebook.com\/radioleinewelle","https:\/\/x.com\/RLeinewelle","https:\/\/www.instagram.com\/radioleinewelle\/?hl=de"]},{"@type":"Person","@id":"https:\/\/radioleinewelle.de\/#\/schema\/person\/45606f348637df637192dc1b68399a63","name":"Leinewelle","image":{"@type":"ImageObject","inLanguage":"de","@id":"https:\/\/secure.gravatar.com\/avatar\/05c9a17bc973052ee5d91549bd32fb4dd0dc85b7b85ae94b2e2b4943476bbea5?s=96&d=blank&r=g","url":"https:\/\/secure.gravatar.com\/avatar\/05c9a17bc973052ee5d91549bd32fb4dd0dc85b7b85ae94b2e2b4943476bbea5?s=96&d=blank&r=g","contentUrl":"https:\/\/secure.gravatar.com\/avatar\/05c9a17bc973052ee5d91549bd32fb4dd0dc85b7b85ae94b2e2b4943476bbea5?s=96&d=blank&r=g","caption":"Leinewelle"},"sameAs":["http:\/\/localhost\/radio%20leinewelle\/wordpress","https:\/\/www.facebook.com\/radioleinewelle","https:\/\/www.instagram.com\/radioleinewelle","https:\/\/x.com\/https:\/\/twitter.com\/RLeinewelle?ref_src=twsrcgoogletwcampserptwgrauthor","https:\/\/soundcloud.com\/foerderverein-lokalradio?utm_source=clipboard&utm_medium=text&utm_campaign=social_sharing"],"url":"https:\/\/radioleinewelle.de\/index.php\/author\/leinewelle\/"}]}},"_links":{"self":[{"href":"https:\/\/radioleinewelle.de\/index.php\/wp-json\/wp\/v2\/posts\/8517","targetHints":{"allow":["GET"]}}],"collection":[{"href":"https:\/\/radioleinewelle.de\/index.php\/wp-json\/wp\/v2\/posts"}],"about":[{"href":"https:\/\/radioleinewelle.de\/index.php\/wp-json\/wp\/v2\/types\/post"}],"author":[{"embeddable":true,"href":"https:\/\/radioleinewelle.de\/index.php\/wp-json\/wp\/v2\/users\/1"}],"replies":[{"embeddable":true,"href":"https:\/\/radioleinewelle.de\/index.php\/wp-json\/wp\/v2\/comments?post=8517"}],"version-history":[{"count":0,"href":"https:\/\/radioleinewelle.de\/index.php\/wp-json\/wp\/v2\/posts\/8517\/revisions"}],"wp:attachment":[{"href":"https:\/\/radioleinewelle.de\/index.php\/wp-json\/wp\/v2\/media?parent=8517"}],"wp:term":[{"taxonomy":"category","embeddable":true,"href":"https:\/\/radioleinewelle.de\/index.php\/wp-json\/wp\/v2\/categories?post=8517"},{"taxonomy":"post_tag","embeddable":true,"href":"https:\/\/radioleinewelle.de\/index.php\/wp-json\/wp\/v2\/tags?post=8517"}],"curies":[{"name":"wp","href":"https:\/\/api.w.org\/{rel}","templated":true}]}}