{"id":8545,"date":"2021-06-11T05:40:00","date_gmt":"2021-06-11T03:40:00","guid":{"rendered":"https:\/\/radioleinewelle.de\/?p=8545"},"modified":"2021-06-11T05:40:00","modified_gmt":"2021-06-11T03:40:00","slug":"maskenpflicht-wird-ab-montag-in-goettingen-und-hann-muenden-weitestgehend-aufgehoben","status":"publish","type":"post","link":"https:\/\/radioleinewelle.de\/index.php\/2021\/06\/11\/maskenpflicht-wird-ab-montag-in-goettingen-und-hann-muenden-weitestgehend-aufgehoben\/","title":{"rendered":"Maskenpflicht wird ab Montag in G\u00f6ttingen und Hann. M\u00fcnden weitestgehend aufgehoben"},"content":{"rendered":"\n<p>Es geht voran: ab Montag, 14. Juni 2021, muss unter freiem Himmel in der \u00d6ffentlichkeit in G\u00f6ttingen und in Hann. M\u00fcnden kein Mund-Nasen-Schutz (MNS) mehr getragen werden. Das Gesundheitsamt f\u00fcr die Stadt und den Landkreis empfiehlt unabh\u00e4ngig davon, auch weiterhin an Orten, an denen Menschen auf engem Raum zusammenkommen, zum eigenen Schutz und zum Schutz anderer freiwillig einen MNS zu tragen.<\/p>\n\n\n\n<p>Das Gesundheitsamt hat dazu eine&nbsp;<a href=\"https:\/\/www.goettingen.de\/pics\/download\/1_1623333686\/AB_25_10.06.2021.pdf\" target=\"_blank\" rel=\"noreferrer noopener\">Allgemeinverf\u00fcgung<\/a><a href=\"https:\/\/www.goettingen.de\/pics\/download\/1_1623333686\/AB_25_10.06.2021.pdf\" target=\"_blank\" rel=\"noreferrer noopener\">&nbsp;erlassen, die am Montag, 14. Juni 2021, in Kraft tritt und bis zum 24. Juni 2021 befristet ist.&nbsp;<\/a><\/p>\n\n\n\n<p><a href=\"https:\/\/www.goettingen.de\/pics\/download\/1_1623333686\/AB_25_10.06.2021.pdf\" target=\"_blank\" rel=\"noreferrer noopener\">Bestehen bleibt die sogenannte&nbsp;<\/a><a href=\"https:\/\/www.goettingen.de\/aktuelles\/neue-regeln-zur-maskenpflicht-2021-06-03.html\" target=\"_blank\" rel=\"noreferrer noopener\">Maskenpflicht lediglich in den Bereichen Wilhelmsplatz und Albaniplatz in G\u00f6ttingen<\/a><a href=\"https:\/\/www.goettingen.de\/aktuelles\/neue-regeln-zur-maskenpflicht-2021-06-03.html\" target=\"_blank\" rel=\"noreferrer noopener\"><\/a>. Dort gilt sie weiterhin freitags und sonnabends von jeweils 21.00 Uhr bis 4.00 Uhr.<\/p>\n","protected":false},"excerpt":{"rendered":"<p>Es geht voran: ab Montag, 14. Juni 2021, muss unter freiem Himmel in der \u00d6ffentlichkeit in G\u00f6ttingen und in Hann. M\u00fcnden kein Mund-Nasen-Schutz (MNS) mehr getragen werden. Das Gesundheitsamt f\u00fcr die Stadt und den Landkreis empfiehlt unabh\u00e4ngig davon, auch weiterhin an Orten, an denen Menschen auf engem Raum zusammenkommen, zum eigenen Schutz und zum Schutz [&hellip;]<\/p>\n","protected":false},"author":1,"featured_media":6764,"comment_status":"closed","ping_status":"closed","sticky":false,"template":"","format":"standard","meta":{"saved_in_kubio":false,"footnotes":""},"categories":[23],"tags":[545,63,445,598,1275],"class_list":["post-8545","post","type-post","status-publish","format-standard","has-post-thumbnail","hentry","category-corona","tag-gesundheitsamt","tag-goettingen","tag-hann-muenden","tag-maskenpflicht","tag-mns"],"yoast_head":"<!-- This site is optimized with the Yoast SEO plugin v27.5 - https:\/\/yoast.com\/product\/yoast-seo-wordpress\/ -->\n<title>Maskenpflicht wird ab Montag in G\u00f6ttingen und Hann. M\u00fcnden weitestgehend aufgehoben - Radio Leinewelle<\/title>\n<meta name=\"robots\" content=\"index, follow, max-snippet:-1, max-image-preview:large, max-video-preview:-1\" \/>\n<link rel=\"canonical\" href=\"https:\/\/radioleinewelle.de\/index.php\/2021\/06\/11\/maskenpflicht-wird-ab-montag-in-goettingen-und-hann-muenden-weitestgehend-aufgehoben\/\" \/>\n<meta property=\"og:locale\" content=\"de_DE\" \/>\n<meta property=\"og:type\" content=\"article\" \/>\n<meta property=\"og:title\" content=\"Maskenpflicht wird ab Montag in G\u00f6ttingen und Hann. M\u00fcnden weitestgehend aufgehoben - Radio Leinewelle\" \/>\n<meta property=\"og:description\" content=\"Es geht voran: ab Montag, 14. Juni 2021, muss unter freiem Himmel in der \u00d6ffentlichkeit in G\u00f6ttingen und in Hann. M\u00fcnden kein Mund-Nasen-Schutz (MNS) mehr getragen werden. Das Gesundheitsamt f\u00fcr die Stadt und den Landkreis empfiehlt unabh\u00e4ngig davon, auch weiterhin an Orten, an denen Menschen auf engem Raum zusammenkommen, zum eigenen Schutz und zum Schutz [&hellip;]\" \/>\n<meta property=\"og:url\" content=\"https:\/\/radioleinewelle.de\/index.php\/2021\/06\/11\/maskenpflicht-wird-ab-montag-in-goettingen-und-hann-muenden-weitestgehend-aufgehoben\/\" \/>\n<meta property=\"og:site_name\" content=\"Radio Leinewelle\" \/>\n<meta property=\"article:publisher\" content=\"https:\/\/www.facebook.com\/radioleinewelle\" \/>\n<meta property=\"article:author\" content=\"https:\/\/www.facebook.com\/radioleinewelle\" \/>\n<meta property=\"article:published_time\" content=\"2021-06-11T03:40:00+00:00\" \/>\n<meta property=\"og:image\" content=\"https:\/\/radioleinewelle.de\/wp-content\/uploads\/2021\/04\/mouth-guard-5068146_640.jpg\" \/>\n\t<meta property=\"og:image:width\" content=\"640\" \/>\n\t<meta property=\"og:image:height\" content=\"426\" \/>\n\t<meta property=\"og:image:type\" content=\"image\/jpeg\" \/>\n<meta name=\"author\" content=\"Leinewelle\" \/>\n<meta name=\"twitter:card\" content=\"summary_large_image\" \/>\n<meta name=\"twitter:creator\" content=\"@https:\/\/twitter.com\/RLeinewelle?ref_src=twsrcgoogletwcampserptwgrauthor\" \/>\n<meta name=\"twitter:site\" content=\"@RLeinewelle\" \/>\n<meta name=\"twitter:label1\" content=\"Verfasst von\" \/>\n\t<meta name=\"twitter:data1\" content=\"Leinewelle\" \/>\n\t<meta name=\"twitter:label2\" content=\"Gesch\u00e4tzte Lesezeit\" \/>\n\t<meta name=\"twitter:data2\" content=\"1\u00a0Minute\" \/>\n<script type=\"application\/ld+json\" class=\"yoast-schema-graph\">{\"@context\":\"https:\\\/\\\/schema.org\",\"@graph\":[{\"@type\":\"Article\",\"@id\":\"https:\\\/\\\/radioleinewelle.de\\\/index.php\\\/2021\\\/06\\\/11\\\/maskenpflicht-wird-ab-montag-in-goettingen-und-hann-muenden-weitestgehend-aufgehoben\\\/#article\",\"isPartOf\":{\"@id\":\"https:\\\/\\\/radioleinewelle.de\\\/index.php\\\/2021\\\/06\\\/11\\\/maskenpflicht-wird-ab-montag-in-goettingen-und-hann-muenden-weitestgehend-aufgehoben\\\/\"},\"author\":{\"name\":\"Leinewelle\",\"@id\":\"https:\\\/\\\/radioleinewelle.de\\\/#\\\/schema\\\/person\\\/45606f348637df637192dc1b68399a63\"},\"headline\":\"Maskenpflicht wird ab Montag in G\u00f6ttingen und Hann. M\u00fcnden weitestgehend aufgehoben\",\"datePublished\":\"2021-06-11T03:40:00+00:00\",\"mainEntityOfPage\":{\"@id\":\"https:\\\/\\\/radioleinewelle.de\\\/index.php\\\/2021\\\/06\\\/11\\\/maskenpflicht-wird-ab-montag-in-goettingen-und-hann-muenden-weitestgehend-aufgehoben\\\/\"},\"wordCount\":128,\"publisher\":{\"@id\":\"https:\\\/\\\/radioleinewelle.de\\\/#organization\"},\"image\":{\"@id\":\"https:\\\/\\\/radioleinewelle.de\\\/index.php\\\/2021\\\/06\\\/11\\\/maskenpflicht-wird-ab-montag-in-goettingen-und-hann-muenden-weitestgehend-aufgehoben\\\/#primaryimage\"},\"thumbnailUrl\":\"https:\\\/\\\/radioleinewelle.de\\\/wp-content\\\/uploads\\\/2021\\\/04\\\/mouth-guard-5068146_640.jpg\",\"keywords\":[\"Gesundheitsamt\",\"G\u00f6ttingen\",\"hann. m\u00fcnden\",\"Maskenpflicht\",\"MNS\"],\"articleSection\":[\"Corona\"],\"inLanguage\":\"de\"},{\"@type\":\"WebPage\",\"@id\":\"https:\\\/\\\/radioleinewelle.de\\\/index.php\\\/2021\\\/06\\\/11\\\/maskenpflicht-wird-ab-montag-in-goettingen-und-hann-muenden-weitestgehend-aufgehoben\\\/\",\"url\":\"https:\\\/\\\/radioleinewelle.de\\\/index.php\\\/2021\\\/06\\\/11\\\/maskenpflicht-wird-ab-montag-in-goettingen-und-hann-muenden-weitestgehend-aufgehoben\\\/\",\"name\":\"Maskenpflicht wird ab Montag in G\u00f6ttingen und Hann. M\u00fcnden weitestgehend aufgehoben - Radio Leinewelle\",\"isPartOf\":{\"@id\":\"https:\\\/\\\/radioleinewelle.de\\\/#website\"},\"primaryImageOfPage\":{\"@id\":\"https:\\\/\\\/radioleinewelle.de\\\/index.php\\\/2021\\\/06\\\/11\\\/maskenpflicht-wird-ab-montag-in-goettingen-und-hann-muenden-weitestgehend-aufgehoben\\\/#primaryimage\"},\"image\":{\"@id\":\"https:\\\/\\\/radioleinewelle.de\\\/index.php\\\/2021\\\/06\\\/11\\\/maskenpflicht-wird-ab-montag-in-goettingen-und-hann-muenden-weitestgehend-aufgehoben\\\/#primaryimage\"},\"thumbnailUrl\":\"https:\\\/\\\/radioleinewelle.de\\\/wp-content\\\/uploads\\\/2021\\\/04\\\/mouth-guard-5068146_640.jpg\",\"datePublished\":\"2021-06-11T03:40:00+00:00\",\"breadcrumb\":{\"@id\":\"https:\\\/\\\/radioleinewelle.de\\\/index.php\\\/2021\\\/06\\\/11\\\/maskenpflicht-wird-ab-montag-in-goettingen-und-hann-muenden-weitestgehend-aufgehoben\\\/#breadcrumb\"},\"inLanguage\":\"de\",\"potentialAction\":[{\"@type\":\"ReadAction\",\"target\":[\"https:\\\/\\\/radioleinewelle.de\\\/index.php\\\/2021\\\/06\\\/11\\\/maskenpflicht-wird-ab-montag-in-goettingen-und-hann-muenden-weitestgehend-aufgehoben\\\/\"]}]},{\"@type\":\"ImageObject\",\"inLanguage\":\"de\",\"@id\":\"https:\\\/\\\/radioleinewelle.de\\\/index.php\\\/2021\\\/06\\\/11\\\/maskenpflicht-wird-ab-montag-in-goettingen-und-hann-muenden-weitestgehend-aufgehoben\\\/#primaryimage\",\"url\":\"https:\\\/\\\/radioleinewelle.de\\\/wp-content\\\/uploads\\\/2021\\\/04\\\/mouth-guard-5068146_640.jpg\",\"contentUrl\":\"https:\\\/\\\/radioleinewelle.de\\\/wp-content\\\/uploads\\\/2021\\\/04\\\/mouth-guard-5068146_640.jpg\",\"width\":640,\"height\":426},{\"@type\":\"BreadcrumbList\",\"@id\":\"https:\\\/\\\/radioleinewelle.de\\\/index.php\\\/2021\\\/06\\\/11\\\/maskenpflicht-wird-ab-montag-in-goettingen-und-hann-muenden-weitestgehend-aufgehoben\\\/#breadcrumb\",\"itemListElement\":[{\"@type\":\"ListItem\",\"position\":1,\"name\":\"Startseite\",\"item\":\"https:\\\/\\\/radioleinewelle.de\\\/\"},{\"@type\":\"ListItem\",\"position\":2,\"name\":\"Maskenpflicht wird ab Montag in G\u00f6ttingen und Hann. M\u00fcnden weitestgehend aufgehoben\"}]},{\"@type\":\"WebSite\",\"@id\":\"https:\\\/\\\/radioleinewelle.de\\\/#website\",\"url\":\"https:\\\/\\\/radioleinewelle.de\\\/\",\"name\":\"Radio Leinewelle\",\"description\":\"\",\"publisher\":{\"@id\":\"https:\\\/\\\/radioleinewelle.de\\\/#organization\"},\"potentialAction\":[{\"@type\":\"SearchAction\",\"target\":{\"@type\":\"EntryPoint\",\"urlTemplate\":\"https:\\\/\\\/radioleinewelle.de\\\/?s={search_term_string}\"},\"query-input\":{\"@type\":\"PropertyValueSpecification\",\"valueRequired\":true,\"valueName\":\"search_term_string\"}}],\"inLanguage\":\"de\"},{\"@type\":\"Organization\",\"@id\":\"https:\\\/\\\/radioleinewelle.de\\\/#organization\",\"name\":\"Radio Leinewelle\",\"alternateName\":\"Mein Radio f\u00fcr S\u00fcdniedersachsen\",\"url\":\"https:\\\/\\\/radioleinewelle.de\\\/\",\"logo\":{\"@type\":\"ImageObject\",\"inLanguage\":\"de\",\"@id\":\"https:\\\/\\\/radioleinewelle.de\\\/#\\\/schema\\\/logo\\\/image\\\/\",\"url\":\"https:\\\/\\\/radioleinewelle.de\\\/wp-content\\\/uploads\\\/2023\\\/11\\\/cropped-Leinewelle_Logo_weiss.png\",\"contentUrl\":\"https:\\\/\\\/radioleinewelle.de\\\/wp-content\\\/uploads\\\/2023\\\/11\\\/cropped-Leinewelle_Logo_weiss.png\",\"width\":854,\"height\":260,\"caption\":\"Radio Leinewelle\"},\"image\":{\"@id\":\"https:\\\/\\\/radioleinewelle.de\\\/#\\\/schema\\\/logo\\\/image\\\/\"},\"sameAs\":[\"https:\\\/\\\/www.facebook.com\\\/radioleinewelle\",\"https:\\\/\\\/x.com\\\/RLeinewelle\",\"https:\\\/\\\/www.instagram.com\\\/radioleinewelle\\\/?hl=de\"]},{\"@type\":\"Person\",\"@id\":\"https:\\\/\\\/radioleinewelle.de\\\/#\\\/schema\\\/person\\\/45606f348637df637192dc1b68399a63\",\"name\":\"Leinewelle\",\"image\":{\"@type\":\"ImageObject\",\"inLanguage\":\"de\",\"@id\":\"https:\\\/\\\/secure.gravatar.com\\\/avatar\\\/05c9a17bc973052ee5d91549bd32fb4dd0dc85b7b85ae94b2e2b4943476bbea5?s=96&d=blank&r=g\",\"url\":\"https:\\\/\\\/secure.gravatar.com\\\/avatar\\\/05c9a17bc973052ee5d91549bd32fb4dd0dc85b7b85ae94b2e2b4943476bbea5?s=96&d=blank&r=g\",\"contentUrl\":\"https:\\\/\\\/secure.gravatar.com\\\/avatar\\\/05c9a17bc973052ee5d91549bd32fb4dd0dc85b7b85ae94b2e2b4943476bbea5?s=96&d=blank&r=g\",\"caption\":\"Leinewelle\"},\"sameAs\":[\"http:\\\/\\\/localhost\\\/radio%20leinewelle\\\/wordpress\",\"https:\\\/\\\/www.facebook.com\\\/radioleinewelle\",\"https:\\\/\\\/www.instagram.com\\\/radioleinewelle\",\"https:\\\/\\\/x.com\\\/https:\\\/\\\/twitter.com\\\/RLeinewelle?ref_src=twsrcgoogletwcampserptwgrauthor\",\"https:\\\/\\\/soundcloud.com\\\/foerderverein-lokalradio?utm_source=clipboard&utm_medium=text&utm_campaign=social_sharing\"],\"url\":\"https:\\\/\\\/radioleinewelle.de\\\/index.php\\\/author\\\/leinewelle\\\/\"}]}<\/script>\n<!-- \/ Yoast SEO plugin. -->","yoast_head_json":{"title":"Maskenpflicht wird ab Montag in G\u00f6ttingen und Hann. M\u00fcnden weitestgehend aufgehoben - Radio Leinewelle","robots":{"index":"index","follow":"follow","max-snippet":"max-snippet:-1","max-image-preview":"max-image-preview:large","max-video-preview":"max-video-preview:-1"},"canonical":"https:\/\/radioleinewelle.de\/index.php\/2021\/06\/11\/maskenpflicht-wird-ab-montag-in-goettingen-und-hann-muenden-weitestgehend-aufgehoben\/","og_locale":"de_DE","og_type":"article","og_title":"Maskenpflicht wird ab Montag in G\u00f6ttingen und Hann. M\u00fcnden weitestgehend aufgehoben - Radio Leinewelle","og_description":"Es geht voran: ab Montag, 14. Juni 2021, muss unter freiem Himmel in der \u00d6ffentlichkeit in G\u00f6ttingen und in Hann. M\u00fcnden kein Mund-Nasen-Schutz (MNS) mehr getragen werden. Das Gesundheitsamt f\u00fcr die Stadt und den Landkreis empfiehlt unabh\u00e4ngig davon, auch weiterhin an Orten, an denen Menschen auf engem Raum zusammenkommen, zum eigenen Schutz und zum Schutz [&hellip;]","og_url":"https:\/\/radioleinewelle.de\/index.php\/2021\/06\/11\/maskenpflicht-wird-ab-montag-in-goettingen-und-hann-muenden-weitestgehend-aufgehoben\/","og_site_name":"Radio Leinewelle","article_publisher":"https:\/\/www.facebook.com\/radioleinewelle","article_author":"https:\/\/www.facebook.com\/radioleinewelle","article_published_time":"2021-06-11T03:40:00+00:00","og_image":[{"width":640,"height":426,"url":"https:\/\/radioleinewelle.de\/wp-content\/uploads\/2021\/04\/mouth-guard-5068146_640.jpg","type":"image\/jpeg"}],"author":"Leinewelle","twitter_card":"summary_large_image","twitter_creator":"@https:\/\/twitter.com\/RLeinewelle?ref_src=twsrcgoogletwcampserptwgrauthor","twitter_site":"@RLeinewelle","twitter_misc":{"Verfasst von":"Leinewelle","Gesch\u00e4tzte Lesezeit":"1\u00a0Minute"},"schema":{"@context":"https:\/\/schema.org","@graph":[{"@type":"Article","@id":"https:\/\/radioleinewelle.de\/index.php\/2021\/06\/11\/maskenpflicht-wird-ab-montag-in-goettingen-und-hann-muenden-weitestgehend-aufgehoben\/#article","isPartOf":{"@id":"https:\/\/radioleinewelle.de\/index.php\/2021\/06\/11\/maskenpflicht-wird-ab-montag-in-goettingen-und-hann-muenden-weitestgehend-aufgehoben\/"},"author":{"name":"Leinewelle","@id":"https:\/\/radioleinewelle.de\/#\/schema\/person\/45606f348637df637192dc1b68399a63"},"headline":"Maskenpflicht wird ab Montag in G\u00f6ttingen und Hann. M\u00fcnden weitestgehend aufgehoben","datePublished":"2021-06-11T03:40:00+00:00","mainEntityOfPage":{"@id":"https:\/\/radioleinewelle.de\/index.php\/2021\/06\/11\/maskenpflicht-wird-ab-montag-in-goettingen-und-hann-muenden-weitestgehend-aufgehoben\/"},"wordCount":128,"publisher":{"@id":"https:\/\/radioleinewelle.de\/#organization"},"image":{"@id":"https:\/\/radioleinewelle.de\/index.php\/2021\/06\/11\/maskenpflicht-wird-ab-montag-in-goettingen-und-hann-muenden-weitestgehend-aufgehoben\/#primaryimage"},"thumbnailUrl":"https:\/\/radioleinewelle.de\/wp-content\/uploads\/2021\/04\/mouth-guard-5068146_640.jpg","keywords":["Gesundheitsamt","G\u00f6ttingen","hann. m\u00fcnden","Maskenpflicht","MNS"],"articleSection":["Corona"],"inLanguage":"de"},{"@type":"WebPage","@id":"https:\/\/radioleinewelle.de\/index.php\/2021\/06\/11\/maskenpflicht-wird-ab-montag-in-goettingen-und-hann-muenden-weitestgehend-aufgehoben\/","url":"https:\/\/radioleinewelle.de\/index.php\/2021\/06\/11\/maskenpflicht-wird-ab-montag-in-goettingen-und-hann-muenden-weitestgehend-aufgehoben\/","name":"Maskenpflicht wird ab Montag in G\u00f6ttingen und Hann. M\u00fcnden weitestgehend aufgehoben - Radio Leinewelle","isPartOf":{"@id":"https:\/\/radioleinewelle.de\/#website"},"primaryImageOfPage":{"@id":"https:\/\/radioleinewelle.de\/index.php\/2021\/06\/11\/maskenpflicht-wird-ab-montag-in-goettingen-und-hann-muenden-weitestgehend-aufgehoben\/#primaryimage"},"image":{"@id":"https:\/\/radioleinewelle.de\/index.php\/2021\/06\/11\/maskenpflicht-wird-ab-montag-in-goettingen-und-hann-muenden-weitestgehend-aufgehoben\/#primaryimage"},"thumbnailUrl":"https:\/\/radioleinewelle.de\/wp-content\/uploads\/2021\/04\/mouth-guard-5068146_640.jpg","datePublished":"2021-06-11T03:40:00+00:00","breadcrumb":{"@id":"https:\/\/radioleinewelle.de\/index.php\/2021\/06\/11\/maskenpflicht-wird-ab-montag-in-goettingen-und-hann-muenden-weitestgehend-aufgehoben\/#breadcrumb"},"inLanguage":"de","potentialAction":[{"@type":"ReadAction","target":["https:\/\/radioleinewelle.de\/index.php\/2021\/06\/11\/maskenpflicht-wird-ab-montag-in-goettingen-und-hann-muenden-weitestgehend-aufgehoben\/"]}]},{"@type":"ImageObject","inLanguage":"de","@id":"https:\/\/radioleinewelle.de\/index.php\/2021\/06\/11\/maskenpflicht-wird-ab-montag-in-goettingen-und-hann-muenden-weitestgehend-aufgehoben\/#primaryimage","url":"https:\/\/radioleinewelle.de\/wp-content\/uploads\/2021\/04\/mouth-guard-5068146_640.jpg","contentUrl":"https:\/\/radioleinewelle.de\/wp-content\/uploads\/2021\/04\/mouth-guard-5068146_640.jpg","width":640,"height":426},{"@type":"BreadcrumbList","@id":"https:\/\/radioleinewelle.de\/index.php\/2021\/06\/11\/maskenpflicht-wird-ab-montag-in-goettingen-und-hann-muenden-weitestgehend-aufgehoben\/#breadcrumb","itemListElement":[{"@type":"ListItem","position":1,"name":"Startseite","item":"https:\/\/radioleinewelle.de\/"},{"@type":"ListItem","position":2,"name":"Maskenpflicht wird ab Montag in G\u00f6ttingen und Hann. M\u00fcnden weitestgehend aufgehoben"}]},{"@type":"WebSite","@id":"https:\/\/radioleinewelle.de\/#website","url":"https:\/\/radioleinewelle.de\/","name":"Radio Leinewelle","description":"","publisher":{"@id":"https:\/\/radioleinewelle.de\/#organization"},"potentialAction":[{"@type":"SearchAction","target":{"@type":"EntryPoint","urlTemplate":"https:\/\/radioleinewelle.de\/?s={search_term_string}"},"query-input":{"@type":"PropertyValueSpecification","valueRequired":true,"valueName":"search_term_string"}}],"inLanguage":"de"},{"@type":"Organization","@id":"https:\/\/radioleinewelle.de\/#organization","name":"Radio Leinewelle","alternateName":"Mein Radio f\u00fcr S\u00fcdniedersachsen","url":"https:\/\/radioleinewelle.de\/","logo":{"@type":"ImageObject","inLanguage":"de","@id":"https:\/\/radioleinewelle.de\/#\/schema\/logo\/image\/","url":"https:\/\/radioleinewelle.de\/wp-content\/uploads\/2023\/11\/cropped-Leinewelle_Logo_weiss.png","contentUrl":"https:\/\/radioleinewelle.de\/wp-content\/uploads\/2023\/11\/cropped-Leinewelle_Logo_weiss.png","width":854,"height":260,"caption":"Radio Leinewelle"},"image":{"@id":"https:\/\/radioleinewelle.de\/#\/schema\/logo\/image\/"},"sameAs":["https:\/\/www.facebook.com\/radioleinewelle","https:\/\/x.com\/RLeinewelle","https:\/\/www.instagram.com\/radioleinewelle\/?hl=de"]},{"@type":"Person","@id":"https:\/\/radioleinewelle.de\/#\/schema\/person\/45606f348637df637192dc1b68399a63","name":"Leinewelle","image":{"@type":"ImageObject","inLanguage":"de","@id":"https:\/\/secure.gravatar.com\/avatar\/05c9a17bc973052ee5d91549bd32fb4dd0dc85b7b85ae94b2e2b4943476bbea5?s=96&d=blank&r=g","url":"https:\/\/secure.gravatar.com\/avatar\/05c9a17bc973052ee5d91549bd32fb4dd0dc85b7b85ae94b2e2b4943476bbea5?s=96&d=blank&r=g","contentUrl":"https:\/\/secure.gravatar.com\/avatar\/05c9a17bc973052ee5d91549bd32fb4dd0dc85b7b85ae94b2e2b4943476bbea5?s=96&d=blank&r=g","caption":"Leinewelle"},"sameAs":["http:\/\/localhost\/radio%20leinewelle\/wordpress","https:\/\/www.facebook.com\/radioleinewelle","https:\/\/www.instagram.com\/radioleinewelle","https:\/\/x.com\/https:\/\/twitter.com\/RLeinewelle?ref_src=twsrcgoogletwcampserptwgrauthor","https:\/\/soundcloud.com\/foerderverein-lokalradio?utm_source=clipboard&utm_medium=text&utm_campaign=social_sharing"],"url":"https:\/\/radioleinewelle.de\/index.php\/author\/leinewelle\/"}]}},"_links":{"self":[{"href":"https:\/\/radioleinewelle.de\/index.php\/wp-json\/wp\/v2\/posts\/8545","targetHints":{"allow":["GET"]}}],"collection":[{"href":"https:\/\/radioleinewelle.de\/index.php\/wp-json\/wp\/v2\/posts"}],"about":[{"href":"https:\/\/radioleinewelle.de\/index.php\/wp-json\/wp\/v2\/types\/post"}],"author":[{"embeddable":true,"href":"https:\/\/radioleinewelle.de\/index.php\/wp-json\/wp\/v2\/users\/1"}],"replies":[{"embeddable":true,"href":"https:\/\/radioleinewelle.de\/index.php\/wp-json\/wp\/v2\/comments?post=8545"}],"version-history":[{"count":0,"href":"https:\/\/radioleinewelle.de\/index.php\/wp-json\/wp\/v2\/posts\/8545\/revisions"}],"wp:featuredmedia":[{"embeddable":true,"href":"https:\/\/radioleinewelle.de\/index.php\/wp-json\/wp\/v2\/media\/6764"}],"wp:attachment":[{"href":"https:\/\/radioleinewelle.de\/index.php\/wp-json\/wp\/v2\/media?parent=8545"}],"wp:term":[{"taxonomy":"category","embeddable":true,"href":"https:\/\/radioleinewelle.de\/index.php\/wp-json\/wp\/v2\/categories?post=8545"},{"taxonomy":"post_tag","embeddable":true,"href":"https:\/\/radioleinewelle.de\/index.php\/wp-json\/wp\/v2\/tags?post=8545"}],"curies":[{"name":"wp","href":"https:\/\/api.w.org\/{rel}","templated":true}]}}